{"id":1347,"date":"2015-09-14T12:29:31","date_gmt":"2015-09-14T10:29:31","guid":{"rendered":"http:\/\/tts-freunde.de\/blog\/?p=1347"},"modified":"2015-09-14T12:29:31","modified_gmt":"2015-09-14T10:29:31","slug":"hart-erkaempfte-punkte-fuer-audi-in-der-dtm","status":"publish","type":"post","link":"https:\/\/www.tts-freunde.de\/blog\/2015\/09\/14\/hart-erkaempfte-punkte-fuer-audi-in-der-dtm\/","title":{"rendered":"Hart erk\u00e4mpfte Punkte f\u00fcr Audi in der DTM"},"content":{"rendered":"<div id=\"item-fe7798df-99a8-4867-ab5d-4990871b1565\" class=\"page-item--column col-sm-4\">\n<div class=\"page-row has-no-item-box\">\n<div id=\"item-9cdcf314-1758-4bfb-972c-f5148d935101\" class=\"page-item--topic-list\">\n<ul class=\"topic-list\">\n<li>Platz acht f\u00fcr Jamie Green im Sonntagsrennen in Oschersleben<\/li>\n<li>Magere Punkteausbeute in beiden Rennen<\/li>\n<li>Audi-Piloten d\u00fcrfen Gewicht ausladen<\/li>\n<\/ul>\n<p><a href=\"http:\/\/tts-freunde.de\/blog\/wp-content\/uploads\/2015\/08\/DTM-Moskau-2015.jpg\"><img loading=\"lazy\" decoding=\"async\" data-attachment-id=\"1204\" data-permalink=\"https:\/\/www.tts-freunde.de\/blog\/2015\/08\/30\/wenig-lohn-fuer-schnelle-audi-rs-5-dtm\/dtm-moskau-2015\/\" data-orig-file=\"https:\/\/www.tts-freunde.de\/blog\/wp-content\/uploads\/2015\/08\/DTM-Moskau-2015.jpg\" data-orig-size=\"1160,820\" data-comments-opened=\"0\" data-image-meta=\"{&quot;aperture&quot;:&quot;0&quot;,&quot;credit&quot;:&quot;&quot;,&quot;camera&quot;:&quot;&quot;,&quot;caption&quot;:&quot;&quot;,&quot;created_timestamp&quot;:&quot;0&quot;,&quot;copyright&quot;:&quot;&quot;,&quot;focal_length&quot;:&quot;0&quot;,&quot;iso&quot;:&quot;0&quot;,&quot;shutter_speed&quot;:&quot;0&quot;,&quot;title&quot;:&quot;&quot;,&quot;orientation&quot;:&quot;0&quot;}\" data-image-title=\"DTM Moskau 2015\" data-image-description=\"\" data-image-caption=\"\" data-medium-file=\"https:\/\/www.tts-freunde.de\/blog\/wp-content\/uploads\/2015\/08\/DTM-Moskau-2015-300x212.jpg\" data-large-file=\"https:\/\/www.tts-freunde.de\/blog\/wp-content\/uploads\/2015\/08\/DTM-Moskau-2015-1024x724.jpg\" tabindex=\"0\" role=\"button\" class=\"alignleft size-full wp-image-1204\" src=\"http:\/\/tts-freunde.de\/blog\/wp-content\/uploads\/2015\/08\/DTM-Moskau-2015.jpg\" alt=\"DTM Moskau 2015\" width=\"1160\" height=\"820\" srcset=\"https:\/\/www.tts-freunde.de\/blog\/wp-content\/uploads\/2015\/08\/DTM-Moskau-2015.jpg 1160w, https:\/\/www.tts-freunde.de\/blog\/wp-content\/uploads\/2015\/08\/DTM-Moskau-2015-300x212.jpg 300w, https:\/\/www.tts-freunde.de\/blog\/wp-content\/uploads\/2015\/08\/DTM-Moskau-2015-1024x724.jpg 1024w, https:\/\/www.tts-freunde.de\/blog\/wp-content\/uploads\/2015\/08\/DTM-Moskau-2015-140x100.jpg 140w\" sizes=\"(max-width: 1160px) 100vw, 1160px\" \/><\/a><\/p>\n<div class=\"page-row has-no-item-box\">\n<div id=\"item-0363232c-f124-4d48-9451-98f0babd136d\" class=\"page-item--intro\">\n<div class=\"intro-text\">\n<p style=\"text-align: justify;\">Magere Punkteausbeute, daf\u00fcr effektive Gewichtsdi\u00e4t f\u00fcr Audi in der DTM: Nach den beiden Rennen in der Motorsport Arena Oschersleben d\u00fcrfen die Audi RS 5 DTM f\u00fcr den Endspurt im spannenden Titelkampf Gewicht ausladen.<\/p>\n<\/div>\n<\/div>\n<\/div>\n<div class=\"page-row has-no-item-box\">\n<div id=\"item-785a6206-ae08-4362-8467-71b2ed2fd8c9\" class=\"page-item--text\">\n<div class=\"style-links-for-body-text\">\n<p style=\"text-align: justify;\">Die Audi-Piloten mussten in Oschersleben nach sieben Siegen in den ersten zw\u00f6lf Rennen mit hohen Zusatzgewichten an den Start gehen. Nach Platz neun von Miguel Molina am Samstag war am Sonntag Jamie Green im Hoffmann Group Audi RS 5 DTM des Audi Sport Team Rosberg auf Position acht der beste Audi-Pilot.<\/p>\n<p style=\"text-align: justify;\">\u201eDas war eines der besten Rennen meiner Karriere\u201c, sagte der Brite, der sich von Startplatz 14 mit sehenswerten \u00dcberholman\u00f6vern in die Punkter\u00e4nge nach vorn k\u00e4mpfte. \u201eAuch der schnelle Boxenstopp war ein Schl\u00fcssel f\u00fcr die Punkte. Danke an mein Team!\u201c<\/p>\n<p style=\"text-align: justify;\">Im Schlepptau hatte Green bei seinen \u00dcberholman\u00f6vern in der Anfangsphase den Red Bull Audi RS 5 DTM von Mattias Ekstr\u00f6m, der von Startplatz 18 kommend Elfter wurde. Der Schwede blieb in Oschersleben zweimal ohne Punkte und liegt nun 14 Z\u00e4hler hinter Pascal Wehrlein auf dem zweiten Platz der Fahrerwertung. Daf\u00fcr hat er in zwei Wochen am N\u00fcrburgring erstmals in diesem Jahr ein leichteres Auto als sein sch\u00e4rfster Konkurrent im Kampf um den DTM-Titel.<\/p>\n<p style=\"text-align: justify;\">\u201eAlle unsere Fahrer d\u00fcrfen nun zwischen 7,5 und zehn Kilogramm ausladen\u201c, so Dieter Gass, Leiter DTM bei Audi Sport. \u201eDas gilt es, am N\u00fcrburgring optimal zu nutzen. Hier in Oschersleben standen wir aufgrund der Performance-Gewichte mit dem R\u00fccken zur Wand. Das ist schwer zu verdauen, aber so sind die Regeln in der DTM in diesem Jahr. Wir sind sehr froh, dass dieses Wochenende hinter uns liegt, und blicken nach vorn.\u201c<\/p>\n<\/div>\n<\/div>\n<\/div>\n<\/div>\n<\/div>\n<\/div>\n","protected":false},"excerpt":{"rendered":"<p>Platz acht f\u00fcr Jamie Green im Sonntagsrennen in Oschersleben Magere Punkteausbeute in beiden Rennen Audi-Piloten d\u00fcrfen Gewicht ausladen Magere Punkteausbeute, daf\u00fcr effektive Gewichtsdi\u00e4t f\u00fcr Audi in der DTM: Nach den beiden Rennen in der Motorsport Arena Oschersleben d\u00fcrfen die Audi RS 5 DTM f\u00fcr den Endspurt im spannenden Titelkampf Gewicht [&hellip;]<\/p>\n","protected":false},"author":1,"featured_media":1268,"comment_status":"closed","ping_status":"open","sticky":false,"template":"","format":"standard","meta":{"jetpack_post_was_ever_published":false,"_jetpack_newsletter_access":"","_jetpack_dont_email_post_to_subs":false,"_jetpack_newsletter_tier_id":0,"_jetpack_memberships_contains_paywalled_content":false,"_jetpack_memberships_contains_paid_content":false,"footnotes":"","jetpack_publicize_message":"Hart erk\u00e4mpfte Punkte f\u00fcr #Audi in der #DTM","jetpack_publicize_feature_enabled":true,"jetpack_social_post_already_shared":true,"jetpack_social_options":{"image_generator_settings":{"template":"highway","enabled":false},"version":2}},"categories":[17],"tags":[25],"class_list":["post-1347","post","type-post","status-publish","format-standard","has-post-thumbnail","hentry","category-audi-motorsport","tag-dtm"],"wppr_data":{"cwp_meta_box_check":"No","cwp_rev_product_name":"","cwp_rev_product_image":"","cwp_image_link":"image","cwp_rev_price":""},"jetpack_publicize_connections":[],"yoast_head":"<!-- This site is optimized with the Yoast SEO plugin v23.3 - https:\/\/yoast.com\/wordpress\/plugins\/seo\/ -->\n<title>Hart erk\u00e4mpfte Punkte f\u00fcr Audi in der DTM - Audi Blog<\/title>\n<meta name=\"description\" content=\"Magere Punkteausbeute, daf\u00fcr effektive Gewichtsdi\u00e4t f\u00fcr Audi in der DTM.\" \/>\n<meta name=\"robots\" content=\"index, follow, max-snippet:-1, max-image-preview:large, max-video-preview:-1\" \/>\n<link rel=\"canonical\" href=\"https:\/\/www.tts-freunde.de\/blog\/2015\/09\/14\/hart-erkaempfte-punkte-fuer-audi-in-der-dtm\/\" \/>\n<meta property=\"og:locale\" content=\"de_DE\" \/>\n<meta property=\"og:type\" content=\"article\" \/>\n<meta property=\"og:title\" content=\"Hart erk\u00e4mpfte Punkte f\u00fcr Audi in der DTM - Audi Blog\" \/>\n<meta property=\"og:description\" content=\"Magere Punkteausbeute, daf\u00fcr effektive Gewichtsdi\u00e4t f\u00fcr Audi in der DTM.\" \/>\n<meta property=\"og:url\" content=\"https:\/\/www.tts-freunde.de\/blog\/2015\/09\/14\/hart-erkaempfte-punkte-fuer-audi-in-der-dtm\/\" \/>\n<meta property=\"og:site_name\" content=\"Audi Blog\" \/>\n<meta property=\"article:published_time\" content=\"2015-09-14T10:29:31+00:00\" \/>\n<meta property=\"og:image\" content=\"https:\/\/www.tts-freunde.de\/blog\/wp-content\/uploads\/2015\/09\/Audi-DTM-1.jpg\" \/>\n\t<meta property=\"og:image:width\" content=\"1160\" \/>\n\t<meta property=\"og:image:height\" content=\"773\" \/>\n\t<meta property=\"og:image:type\" content=\"image\/jpeg\" \/>\n<meta name=\"author\" content=\"admin\" \/>\n<meta name=\"twitter:card\" content=\"summary_large_image\" \/>\n<meta name=\"twitter:label1\" content=\"Verfasst von\" \/>\n\t<meta name=\"twitter:data1\" content=\"admin\" \/>\n\t<meta name=\"twitter:label2\" content=\"Gesch\u00e4tzte Lesezeit\" \/>\n\t<meta name=\"twitter:data2\" content=\"1\u00a0Minute\" \/>\n<script type=\"application\/ld+json\" class=\"yoast-schema-graph\">{\"@context\":\"https:\/\/schema.org\",\"@graph\":[{\"@type\":\"Article\",\"@id\":\"https:\/\/www.tts-freunde.de\/blog\/2015\/09\/14\/hart-erkaempfte-punkte-fuer-audi-in-der-dtm\/#article\",\"isPartOf\":{\"@id\":\"https:\/\/www.tts-freunde.de\/blog\/2015\/09\/14\/hart-erkaempfte-punkte-fuer-audi-in-der-dtm\/\"},\"author\":{\"name\":\"admin\",\"@id\":\"https:\/\/www.tts-freunde.de\/blog\/#\/schema\/person\/b67f6a54e98f013bd281dbe05514b701\"},\"headline\":\"Hart erk\u00e4mpfte Punkte f\u00fcr Audi in der DTM\",\"datePublished\":\"2015-09-14T10:29:31+00:00\",\"dateModified\":\"2015-09-14T10:29:31+00:00\",\"mainEntityOfPage\":{\"@id\":\"https:\/\/www.tts-freunde.de\/blog\/2015\/09\/14\/hart-erkaempfte-punkte-fuer-audi-in-der-dtm\/\"},\"wordCount\":309,\"publisher\":{\"@id\":\"https:\/\/www.tts-freunde.de\/blog\/#organization\"},\"image\":{\"@id\":\"https:\/\/www.tts-freunde.de\/blog\/2015\/09\/14\/hart-erkaempfte-punkte-fuer-audi-in-der-dtm\/#primaryimage\"},\"thumbnailUrl\":\"https:\/\/www.tts-freunde.de\/blog\/wp-content\/uploads\/2015\/09\/Audi-DTM-1.jpg\",\"keywords\":[\"dtm\"],\"articleSection\":[\"Audi Motorsport\"],\"inLanguage\":\"de\"},{\"@type\":\"WebPage\",\"@id\":\"https:\/\/www.tts-freunde.de\/blog\/2015\/09\/14\/hart-erkaempfte-punkte-fuer-audi-in-der-dtm\/\",\"url\":\"https:\/\/www.tts-freunde.de\/blog\/2015\/09\/14\/hart-erkaempfte-punkte-fuer-audi-in-der-dtm\/\",\"name\":\"Hart erk\u00e4mpfte Punkte f\u00fcr Audi in der DTM - Audi Blog\",\"isPartOf\":{\"@id\":\"https:\/\/www.tts-freunde.de\/blog\/#website\"},\"primaryImageOfPage\":{\"@id\":\"https:\/\/www.tts-freunde.de\/blog\/2015\/09\/14\/hart-erkaempfte-punkte-fuer-audi-in-der-dtm\/#primaryimage\"},\"image\":{\"@id\":\"https:\/\/www.tts-freunde.de\/blog\/2015\/09\/14\/hart-erkaempfte-punkte-fuer-audi-in-der-dtm\/#primaryimage\"},\"thumbnailUrl\":\"https:\/\/www.tts-freunde.de\/blog\/wp-content\/uploads\/2015\/09\/Audi-DTM-1.jpg\",\"datePublished\":\"2015-09-14T10:29:31+00:00\",\"dateModified\":\"2015-09-14T10:29:31+00:00\",\"description\":\"Magere Punkteausbeute, daf\u00fcr effektive Gewichtsdi\u00e4t f\u00fcr Audi in der DTM.\",\"breadcrumb\":{\"@id\":\"https:\/\/www.tts-freunde.de\/blog\/2015\/09\/14\/hart-erkaempfte-punkte-fuer-audi-in-der-dtm\/#breadcrumb\"},\"inLanguage\":\"de\",\"potentialAction\":[{\"@type\":\"ReadAction\",\"target\":[\"https:\/\/www.tts-freunde.de\/blog\/2015\/09\/14\/hart-erkaempfte-punkte-fuer-audi-in-der-dtm\/\"]}]},{\"@type\":\"ImageObject\",\"inLanguage\":\"de\",\"@id\":\"https:\/\/www.tts-freunde.de\/blog\/2015\/09\/14\/hart-erkaempfte-punkte-fuer-audi-in-der-dtm\/#primaryimage\",\"url\":\"https:\/\/www.tts-freunde.de\/blog\/wp-content\/uploads\/2015\/09\/Audi-DTM-1.jpg\",\"contentUrl\":\"https:\/\/www.tts-freunde.de\/blog\/wp-content\/uploads\/2015\/09\/Audi-DTM-1.jpg\",\"width\":1160,\"height\":773},{\"@type\":\"BreadcrumbList\",\"@id\":\"https:\/\/www.tts-freunde.de\/blog\/2015\/09\/14\/hart-erkaempfte-punkte-fuer-audi-in-der-dtm\/#breadcrumb\",\"itemListElement\":[{\"@type\":\"ListItem\",\"position\":1,\"name\":\"Home\",\"item\":\"https:\/\/www.tts-freunde.de\/blog\/\"},{\"@type\":\"ListItem\",\"position\":2,\"name\":\"Hart erk\u00e4mpfte Punkte f\u00fcr Audi in der DTM\"}]},{\"@type\":\"WebSite\",\"@id\":\"https:\/\/www.tts-freunde.de\/blog\/#website\",\"url\":\"https:\/\/www.tts-freunde.de\/blog\/\",\"name\":\"Audi Blog\",\"description\":\"Deutscher Audi Blog - TTS-Freunde\",\"publisher\":{\"@id\":\"https:\/\/www.tts-freunde.de\/blog\/#organization\"},\"potentialAction\":[{\"@type\":\"SearchAction\",\"target\":{\"@type\":\"EntryPoint\",\"urlTemplate\":\"https:\/\/www.tts-freunde.de\/blog\/?s={search_term_string}\"},\"query-input\":\"required name=search_term_string\"}],\"inLanguage\":\"de\"},{\"@type\":\"Organization\",\"@id\":\"https:\/\/www.tts-freunde.de\/blog\/#organization\",\"name\":\"Audi Blog\",\"url\":\"https:\/\/www.tts-freunde.de\/blog\/\",\"logo\":{\"@type\":\"ImageObject\",\"inLanguage\":\"de\",\"@id\":\"https:\/\/www.tts-freunde.de\/blog\/#\/schema\/logo\/image\/\",\"url\":\"https:\/\/www.tts-freunde.de\/blog\/wp-content\/uploads\/2022\/12\/logo_2022.jpg\",\"contentUrl\":\"https:\/\/www.tts-freunde.de\/blog\/wp-content\/uploads\/2022\/12\/logo_2022.jpg\",\"width\":240,\"height\":41,\"caption\":\"Audi Blog\"},\"image\":{\"@id\":\"https:\/\/www.tts-freunde.de\/blog\/#\/schema\/logo\/image\/\"}},{\"@type\":\"Person\",\"@id\":\"https:\/\/www.tts-freunde.de\/blog\/#\/schema\/person\/b67f6a54e98f013bd281dbe05514b701\",\"name\":\"admin\",\"image\":{\"@type\":\"ImageObject\",\"inLanguage\":\"de\",\"@id\":\"https:\/\/www.tts-freunde.de\/blog\/#\/schema\/person\/image\/\",\"url\":\"https:\/\/secure.gravatar.com\/avatar\/08a4bd330e25056ddb430c28136b38a6?s=96&d=mm&r=g\",\"contentUrl\":\"https:\/\/secure.gravatar.com\/avatar\/08a4bd330e25056ddb430c28136b38a6?s=96&d=mm&r=g\",\"caption\":\"admin\"},\"sameAs\":[\"http:\/\/www.tts-freunde.de\"],\"url\":\"https:\/\/www.tts-freunde.de\/blog\/author\/admin\/\"}]}<\/script>\n<!-- \/ Yoast SEO plugin. -->","yoast_head_json":{"title":"Hart erk\u00e4mpfte Punkte f\u00fcr Audi in der DTM - Audi Blog","description":"Magere Punkteausbeute, daf\u00fcr effektive Gewichtsdi\u00e4t f\u00fcr Audi in der DTM.","robots":{"index":"index","follow":"follow","max-snippet":"max-snippet:-1","max-image-preview":"max-image-preview:large","max-video-preview":"max-video-preview:-1"},"canonical":"https:\/\/www.tts-freunde.de\/blog\/2015\/09\/14\/hart-erkaempfte-punkte-fuer-audi-in-der-dtm\/","og_locale":"de_DE","og_type":"article","og_title":"Hart erk\u00e4mpfte Punkte f\u00fcr Audi in der DTM - Audi Blog","og_description":"Magere Punkteausbeute, daf\u00fcr effektive Gewichtsdi\u00e4t f\u00fcr Audi in der DTM.","og_url":"https:\/\/www.tts-freunde.de\/blog\/2015\/09\/14\/hart-erkaempfte-punkte-fuer-audi-in-der-dtm\/","og_site_name":"Audi Blog","article_published_time":"2015-09-14T10:29:31+00:00","og_image":[{"width":1160,"height":773,"url":"https:\/\/www.tts-freunde.de\/blog\/wp-content\/uploads\/2015\/09\/Audi-DTM-1.jpg","type":"image\/jpeg"}],"author":"admin","twitter_card":"summary_large_image","twitter_misc":{"Verfasst von":"admin","Gesch\u00e4tzte Lesezeit":"1\u00a0Minute"},"schema":{"@context":"https:\/\/schema.org","@graph":[{"@type":"Article","@id":"https:\/\/www.tts-freunde.de\/blog\/2015\/09\/14\/hart-erkaempfte-punkte-fuer-audi-in-der-dtm\/#article","isPartOf":{"@id":"https:\/\/www.tts-freunde.de\/blog\/2015\/09\/14\/hart-erkaempfte-punkte-fuer-audi-in-der-dtm\/"},"author":{"name":"admin","@id":"https:\/\/www.tts-freunde.de\/blog\/#\/schema\/person\/b67f6a54e98f013bd281dbe05514b701"},"headline":"Hart erk\u00e4mpfte Punkte f\u00fcr Audi in der DTM","datePublished":"2015-09-14T10:29:31+00:00","dateModified":"2015-09-14T10:29:31+00:00","mainEntityOfPage":{"@id":"https:\/\/www.tts-freunde.de\/blog\/2015\/09\/14\/hart-erkaempfte-punkte-fuer-audi-in-der-dtm\/"},"wordCount":309,"publisher":{"@id":"https:\/\/www.tts-freunde.de\/blog\/#organization"},"image":{"@id":"https:\/\/www.tts-freunde.de\/blog\/2015\/09\/14\/hart-erkaempfte-punkte-fuer-audi-in-der-dtm\/#primaryimage"},"thumbnailUrl":"https:\/\/www.tts-freunde.de\/blog\/wp-content\/uploads\/2015\/09\/Audi-DTM-1.jpg","keywords":["dtm"],"articleSection":["Audi Motorsport"],"inLanguage":"de"},{"@type":"WebPage","@id":"https:\/\/www.tts-freunde.de\/blog\/2015\/09\/14\/hart-erkaempfte-punkte-fuer-audi-in-der-dtm\/","url":"https:\/\/www.tts-freunde.de\/blog\/2015\/09\/14\/hart-erkaempfte-punkte-fuer-audi-in-der-dtm\/","name":"Hart erk\u00e4mpfte Punkte f\u00fcr Audi in der DTM - Audi Blog","isPartOf":{"@id":"https:\/\/www.tts-freunde.de\/blog\/#website"},"primaryImageOfPage":{"@id":"https:\/\/www.tts-freunde.de\/blog\/2015\/09\/14\/hart-erkaempfte-punkte-fuer-audi-in-der-dtm\/#primaryimage"},"image":{"@id":"https:\/\/www.tts-freunde.de\/blog\/2015\/09\/14\/hart-erkaempfte-punkte-fuer-audi-in-der-dtm\/#primaryimage"},"thumbnailUrl":"https:\/\/www.tts-freunde.de\/blog\/wp-content\/uploads\/2015\/09\/Audi-DTM-1.jpg","datePublished":"2015-09-14T10:29:31+00:00","dateModified":"2015-09-14T10:29:31+00:00","description":"Magere Punkteausbeute, daf\u00fcr effektive Gewichtsdi\u00e4t f\u00fcr Audi in der DTM.","breadcrumb":{"@id":"https:\/\/www.tts-freunde.de\/blog\/2015\/09\/14\/hart-erkaempfte-punkte-fuer-audi-in-der-dtm\/#breadcrumb"},"inLanguage":"de","potentialAction":[{"@type":"ReadAction","target":["https:\/\/www.tts-freunde.de\/blog\/2015\/09\/14\/hart-erkaempfte-punkte-fuer-audi-in-der-dtm\/"]}]},{"@type":"ImageObject","inLanguage":"de","@id":"https:\/\/www.tts-freunde.de\/blog\/2015\/09\/14\/hart-erkaempfte-punkte-fuer-audi-in-der-dtm\/#primaryimage","url":"https:\/\/www.tts-freunde.de\/blog\/wp-content\/uploads\/2015\/09\/Audi-DTM-1.jpg","contentUrl":"https:\/\/www.tts-freunde.de\/blog\/wp-content\/uploads\/2015\/09\/Audi-DTM-1.jpg","width":1160,"height":773},{"@type":"BreadcrumbList","@id":"https:\/\/www.tts-freunde.de\/blog\/2015\/09\/14\/hart-erkaempfte-punkte-fuer-audi-in-der-dtm\/#breadcrumb","itemListElement":[{"@type":"ListItem","position":1,"name":"Home","item":"https:\/\/www.tts-freunde.de\/blog\/"},{"@type":"ListItem","position":2,"name":"Hart erk\u00e4mpfte Punkte f\u00fcr Audi in der DTM"}]},{"@type":"WebSite","@id":"https:\/\/www.tts-freunde.de\/blog\/#website","url":"https:\/\/www.tts-freunde.de\/blog\/","name":"Audi Blog","description":"Deutscher Audi Blog - TTS-Freunde","publisher":{"@id":"https:\/\/www.tts-freunde.de\/blog\/#organization"},"potentialAction":[{"@type":"SearchAction","target":{"@type":"EntryPoint","urlTemplate":"https:\/\/www.tts-freunde.de\/blog\/?s={search_term_string}"},"query-input":"required name=search_term_string"}],"inLanguage":"de"},{"@type":"Organization","@id":"https:\/\/www.tts-freunde.de\/blog\/#organization","name":"Audi Blog","url":"https:\/\/www.tts-freunde.de\/blog\/","logo":{"@type":"ImageObject","inLanguage":"de","@id":"https:\/\/www.tts-freunde.de\/blog\/#\/schema\/logo\/image\/","url":"https:\/\/www.tts-freunde.de\/blog\/wp-content\/uploads\/2022\/12\/logo_2022.jpg","contentUrl":"https:\/\/www.tts-freunde.de\/blog\/wp-content\/uploads\/2022\/12\/logo_2022.jpg","width":240,"height":41,"caption":"Audi Blog"},"image":{"@id":"https:\/\/www.tts-freunde.de\/blog\/#\/schema\/logo\/image\/"}},{"@type":"Person","@id":"https:\/\/www.tts-freunde.de\/blog\/#\/schema\/person\/b67f6a54e98f013bd281dbe05514b701","name":"admin","image":{"@type":"ImageObject","inLanguage":"de","@id":"https:\/\/www.tts-freunde.de\/blog\/#\/schema\/person\/image\/","url":"https:\/\/secure.gravatar.com\/avatar\/08a4bd330e25056ddb430c28136b38a6?s=96&d=mm&r=g","contentUrl":"https:\/\/secure.gravatar.com\/avatar\/08a4bd330e25056ddb430c28136b38a6?s=96&d=mm&r=g","caption":"admin"},"sameAs":["http:\/\/www.tts-freunde.de"],"url":"https:\/\/www.tts-freunde.de\/blog\/author\/admin\/"}]}},"jetpack_sharing_enabled":true,"jetpack_featured_media_url":"https:\/\/www.tts-freunde.de\/blog\/wp-content\/uploads\/2015\/09\/Audi-DTM-1.jpg","jetpack_shortlink":"https:\/\/wp.me\/p67hWW-lJ","jetpack_likes_enabled":false,"jetpack-related-posts":[],"_links":{"self":[{"href":"https:\/\/www.tts-freunde.de\/blog\/wp-json\/wp\/v2\/posts\/1347"}],"collection":[{"href":"https:\/\/www.tts-freunde.de\/blog\/wp-json\/wp\/v2\/posts"}],"about":[{"href":"https:\/\/www.tts-freunde.de\/blog\/wp-json\/wp\/v2\/types\/post"}],"author":[{"embeddable":true,"href":"https:\/\/www.tts-freunde.de\/blog\/wp-json\/wp\/v2\/users\/1"}],"replies":[{"embeddable":true,"href":"https:\/\/www.tts-freunde.de\/blog\/wp-json\/wp\/v2\/comments?post=1347"}],"version-history":[{"count":1,"href":"https:\/\/www.tts-freunde.de\/blog\/wp-json\/wp\/v2\/posts\/1347\/revisions"}],"predecessor-version":[{"id":1348,"href":"https:\/\/www.tts-freunde.de\/blog\/wp-json\/wp\/v2\/posts\/1347\/revisions\/1348"}],"wp:featuredmedia":[{"embeddable":true,"href":"https:\/\/www.tts-freunde.de\/blog\/wp-json\/wp\/v2\/media\/1268"}],"wp:attachment":[{"href":"https:\/\/www.tts-freunde.de\/blog\/wp-json\/wp\/v2\/media?parent=1347"}],"wp:term":[{"taxonomy":"category","embeddable":true,"href":"https:\/\/www.tts-freunde.de\/blog\/wp-json\/wp\/v2\/categories?post=1347"},{"taxonomy":"post_tag","embeddable":true,"href":"https:\/\/www.tts-freunde.de\/blog\/wp-json\/wp\/v2\/tags?post=1347"}],"curies":[{"name":"wp","href":"https:\/\/api.w.org\/{rel}","templated":true}]}}