{"id":1402,"date":"2015-09-17T09:04:04","date_gmt":"2015-09-17T07:04:04","guid":{"rendered":"http:\/\/tts-freunde.de\/blog\/?p=1402"},"modified":"2015-09-17T09:04:04","modified_gmt":"2015-09-17T07:04:04","slug":"boxenstopp-im-audi-museum-mobile","status":"publish","type":"post","link":"https:\/\/www.tts-freunde.de\/blog\/2015\/09\/17\/boxenstopp-im-audi-museum-mobile\/","title":{"rendered":"\u201eBoxenstopp\u201c im Audi museum mobile"},"content":{"rendered":"<div id=\"item-ffed9f53-14f4-47f5-a6c0-0b1a8edb0d6b\" class=\"page-item--column col-sm-4\">\n<div class=\"page-row has-no-item-box\">\n<div id=\"item-11572919-c747-4e99-9eb3-0d5f18abd814\" class=\"page-item--topic-list\">\n<ul class=\"topic-list\">\n<li>Sonderausstellung \u201eBoxenstopp \u2013 Die Kunst des Motorsports\u201c vom 23. September 2015 bis 28. Februar 2016<\/li>\n<li>Bilder und Objekte Konkreter Kunst von Stephan Quenkert<\/li>\n<\/ul>\n<p><a href=\"http:\/\/tts-freunde.de\/blog\/wp-content\/uploads\/2015\/09\/Boxenstopp.jpg\"><img loading=\"lazy\" decoding=\"async\" data-attachment-id=\"1403\" data-permalink=\"https:\/\/www.tts-freunde.de\/blog\/2015\/09\/17\/boxenstopp-im-audi-museum-mobile\/boxenstopp\/\" data-orig-file=\"https:\/\/www.tts-freunde.de\/blog\/wp-content\/uploads\/2015\/09\/Boxenstopp.jpg\" data-orig-size=\"1160,773\" data-comments-opened=\"0\" data-image-meta=\"{&quot;aperture&quot;:&quot;0&quot;,&quot;credit&quot;:&quot;&quot;,&quot;camera&quot;:&quot;&quot;,&quot;caption&quot;:&quot;&quot;,&quot;created_timestamp&quot;:&quot;0&quot;,&quot;copyright&quot;:&quot;&quot;,&quot;focal_length&quot;:&quot;0&quot;,&quot;iso&quot;:&quot;0&quot;,&quot;shutter_speed&quot;:&quot;0&quot;,&quot;title&quot;:&quot;&quot;,&quot;orientation&quot;:&quot;0&quot;}\" data-image-title=\"Boxenstopp\" data-image-description=\"\" data-image-caption=\"\" data-medium-file=\"https:\/\/www.tts-freunde.de\/blog\/wp-content\/uploads\/2015\/09\/Boxenstopp-300x200.jpg\" data-large-file=\"https:\/\/www.tts-freunde.de\/blog\/wp-content\/uploads\/2015\/09\/Boxenstopp-1024x682.jpg\" tabindex=\"0\" role=\"button\" class=\"alignleft size-full wp-image-1403\" src=\"http:\/\/tts-freunde.de\/blog\/wp-content\/uploads\/2015\/09\/Boxenstopp.jpg\" alt=\"Boxenstopp\" width=\"1160\" height=\"773\" srcset=\"https:\/\/www.tts-freunde.de\/blog\/wp-content\/uploads\/2015\/09\/Boxenstopp.jpg 1160w, https:\/\/www.tts-freunde.de\/blog\/wp-content\/uploads\/2015\/09\/Boxenstopp-300x200.jpg 300w, https:\/\/www.tts-freunde.de\/blog\/wp-content\/uploads\/2015\/09\/Boxenstopp-1024x682.jpg 1024w, https:\/\/www.tts-freunde.de\/blog\/wp-content\/uploads\/2015\/09\/Boxenstopp-50x33.jpg 50w\" sizes=\"(max-width: 1160px) 100vw, 1160px\" \/><\/a><\/p>\n<div class=\"page-row has-no-item-box\">\n<div id=\"item-a5decb56-0ba9-450a-9195-2f0f3417e483\" class=\"page-item--intro\">\n<div class=\"intro-text\">\n<p style=\"text-align: justify;\">Das Audi museum mobile l\u00e4dt vom 23. September 2015 bis zum 28. Februar 2016 zum Boxenstopp \u2013 in der neuen Sonderausstellung darf dieser auch etwas l\u00e4nger dauern als im Motorsport \u00fcblich. In \u201eBoxenstopp \u2013 Die Kunst des Motorsports\u201c stellt der Landshuter K\u00fcnstler Stephan Quenkert seinen Blick auf den Automobil-Rennsport vor. 22 Objekte Konkreter Kunst und f\u00fcnf Automobile aus dem Audi-Motorsport erwarten die Besucher.<\/p>\n<\/div>\n<\/div>\n<\/div>\n<div class=\"page-row has-no-item-box\">\n<div id=\"item-e76a6f66-b59a-4aaf-949e-c6abbc36f3b8\" class=\"page-item--text\">\n<div class=\"style-links-for-body-text\">\n<p style=\"text-align: justify;\">Dynamik, Teamwork, Pr\u00e4zision und neueste Technik: All diese f\u00fcr den Motorsport typischen Werte \u00fcbertr\u00e4gt Stephan Quenkert in seine Arbeiten. Der Landshuter schafft Objekte, die sich auf existierende Bilder beziehen. Er reduziert dabei Formen und Inhalte, konzentriert Farben. Bei Quenkert ist ein Auto kein Auto. H\u00f6chstens eine Fl\u00e4che, manchmal auch nur ein Strich oder es verschwindet ganz. Durch diese Abstraktionen erm\u00f6glicht er dem Betrachter gro\u00dfen Interpretationsspielraum. Auf Basis von Audi-Rennsportfotografien ist so eine Reihe dreidimensionaler Wandskulpturen entstanden. Quenkert \u00fcber seine Arbeiten: \u201eDer Entzug von Funktion und Inhalt ist Programm. Es entstehen so \u201aSpiegelbilder\u2018, die sich an die nebenstehenden Fotos erinnern, jedoch durch Entfernen des Ursprungsfotos keinerlei Bez\u00fcge mehr zulassen und sich scheinbar der \u201aKonkreten Kunst\u2018 oder auch einer \u201aKonkreten Kunst\u2018 in der Zukunft zuwenden.\u201c<\/p>\n<p style=\"text-align: justify;\">Neben den Werken von Stephan Quenkert sind auch Original-Rennwagen Teil der Ausstellung. Sie inspirierten den K\u00fcnstler und finden sich in seinen Bildern wieder: So k\u00f6nnen sich Motorsportfans auf einen Auto Union Typ D Rennwagen (1939), die Le Mans-Boliden Audi R8 (2001) und Audi R18 e-tron quattro (2012) sowie einen Audi A4 DTM (2011) und einen Audi R8 LMS (2009) freuen.<\/p>\n<\/div>\n<\/div>\n<\/div>\n<\/div>\n<\/div>\n<\/div>\n","protected":false},"excerpt":{"rendered":"<p>Sonderausstellung \u201eBoxenstopp \u2013 Die Kunst des Motorsports\u201c vom 23. September 2015 bis 28. Februar 2016 Bilder und Objekte Konkreter Kunst von Stephan Quenkert Das Audi museum mobile l\u00e4dt vom 23. September 2015 bis zum 28. Februar 2016 zum Boxenstopp \u2013 in der neuen Sonderausstellung darf dieser auch etwas l\u00e4nger dauern [&hellip;]<\/p>\n","protected":false},"author":1,"featured_media":1403,"comment_status":"closed","ping_status":"open","sticky":false,"template":"","format":"standard","meta":{"jetpack_post_was_ever_published":false,"_jetpack_newsletter_access":"","_jetpack_dont_email_post_to_subs":false,"_jetpack_newsletter_tier_id":0,"_jetpack_memberships_contains_paywalled_content":false,"_jetpack_memberships_contains_paid_content":false,"footnotes":"","jetpack_publicize_message":"#Boxenstopp im #Audi #museum #mobile #iaa","jetpack_publicize_feature_enabled":true,"jetpack_social_post_already_shared":true,"jetpack_social_options":{"image_generator_settings":{"template":"highway","enabled":false},"version":2}},"categories":[16],"tags":[],"class_list":["post-1402","post","type-post","status-publish","format-standard","has-post-thumbnail","hentry","category-audi-ag"],"wppr_data":{"cwp_meta_box_check":"No","cwp_rev_product_name":"","cwp_rev_product_image":"","cwp_image_link":"image","cwp_rev_price":""},"jetpack_publicize_connections":[],"yoast_head":"<!-- This site is optimized with the Yoast SEO plugin v23.3 - https:\/\/yoast.com\/wordpress\/plugins\/seo\/ -->\n<title>\u201eBoxenstopp\u201c im Audi museum mobile - Audi Blog<\/title>\n<meta name=\"description\" content=\"\u201eBoxenstopp\u201c im Audi museum mobile\" \/>\n<meta name=\"robots\" content=\"index, follow, max-snippet:-1, max-image-preview:large, max-video-preview:-1\" \/>\n<link rel=\"canonical\" href=\"https:\/\/www.tts-freunde.de\/blog\/2015\/09\/17\/boxenstopp-im-audi-museum-mobile\/\" \/>\n<meta property=\"og:locale\" content=\"de_DE\" \/>\n<meta property=\"og:type\" content=\"article\" \/>\n<meta property=\"og:title\" content=\"\u201eBoxenstopp\u201c im Audi museum mobile - Audi Blog\" \/>\n<meta property=\"og:description\" content=\"\u201eBoxenstopp\u201c im Audi museum mobile\" \/>\n<meta property=\"og:url\" content=\"https:\/\/www.tts-freunde.de\/blog\/2015\/09\/17\/boxenstopp-im-audi-museum-mobile\/\" \/>\n<meta property=\"og:site_name\" content=\"Audi Blog\" \/>\n<meta property=\"article:published_time\" content=\"2015-09-17T07:04:04+00:00\" \/>\n<meta property=\"og:image\" content=\"https:\/\/www.tts-freunde.de\/blog\/wp-content\/uploads\/2015\/09\/Boxenstopp.jpg\" \/>\n\t<meta property=\"og:image:width\" content=\"1160\" \/>\n\t<meta property=\"og:image:height\" content=\"773\" \/>\n\t<meta property=\"og:image:type\" content=\"image\/jpeg\" \/>\n<meta name=\"author\" content=\"admin\" \/>\n<meta name=\"twitter:card\" content=\"summary_large_image\" \/>\n<meta name=\"twitter:label1\" content=\"Verfasst von\" \/>\n\t<meta name=\"twitter:data1\" content=\"admin\" \/>\n\t<meta name=\"twitter:label2\" content=\"Gesch\u00e4tzte Lesezeit\" \/>\n\t<meta name=\"twitter:data2\" content=\"1\u00a0Minute\" \/>\n<script type=\"application\/ld+json\" class=\"yoast-schema-graph\">{\"@context\":\"https:\/\/schema.org\",\"@graph\":[{\"@type\":\"Article\",\"@id\":\"https:\/\/www.tts-freunde.de\/blog\/2015\/09\/17\/boxenstopp-im-audi-museum-mobile\/#article\",\"isPartOf\":{\"@id\":\"https:\/\/www.tts-freunde.de\/blog\/2015\/09\/17\/boxenstopp-im-audi-museum-mobile\/\"},\"author\":{\"name\":\"admin\",\"@id\":\"https:\/\/www.tts-freunde.de\/blog\/#\/schema\/person\/b67f6a54e98f013bd281dbe05514b701\"},\"headline\":\"\u201eBoxenstopp\u201c im Audi museum mobile\",\"datePublished\":\"2015-09-17T07:04:04+00:00\",\"dateModified\":\"2015-09-17T07:04:04+00:00\",\"mainEntityOfPage\":{\"@id\":\"https:\/\/www.tts-freunde.de\/blog\/2015\/09\/17\/boxenstopp-im-audi-museum-mobile\/\"},\"wordCount\":271,\"publisher\":{\"@id\":\"https:\/\/www.tts-freunde.de\/blog\/#organization\"},\"image\":{\"@id\":\"https:\/\/www.tts-freunde.de\/blog\/2015\/09\/17\/boxenstopp-im-audi-museum-mobile\/#primaryimage\"},\"thumbnailUrl\":\"https:\/\/www.tts-freunde.de\/blog\/wp-content\/uploads\/2015\/09\/Boxenstopp.jpg\",\"articleSection\":[\"Audi AG\"],\"inLanguage\":\"de\"},{\"@type\":\"WebPage\",\"@id\":\"https:\/\/www.tts-freunde.de\/blog\/2015\/09\/17\/boxenstopp-im-audi-museum-mobile\/\",\"url\":\"https:\/\/www.tts-freunde.de\/blog\/2015\/09\/17\/boxenstopp-im-audi-museum-mobile\/\",\"name\":\"\u201eBoxenstopp\u201c im Audi museum mobile - Audi Blog\",\"isPartOf\":{\"@id\":\"https:\/\/www.tts-freunde.de\/blog\/#website\"},\"primaryImageOfPage\":{\"@id\":\"https:\/\/www.tts-freunde.de\/blog\/2015\/09\/17\/boxenstopp-im-audi-museum-mobile\/#primaryimage\"},\"image\":{\"@id\":\"https:\/\/www.tts-freunde.de\/blog\/2015\/09\/17\/boxenstopp-im-audi-museum-mobile\/#primaryimage\"},\"thumbnailUrl\":\"https:\/\/www.tts-freunde.de\/blog\/wp-content\/uploads\/2015\/09\/Boxenstopp.jpg\",\"datePublished\":\"2015-09-17T07:04:04+00:00\",\"dateModified\":\"2015-09-17T07:04:04+00:00\",\"description\":\"\u201eBoxenstopp\u201c im Audi museum mobile\",\"breadcrumb\":{\"@id\":\"https:\/\/www.tts-freunde.de\/blog\/2015\/09\/17\/boxenstopp-im-audi-museum-mobile\/#breadcrumb\"},\"inLanguage\":\"de\",\"potentialAction\":[{\"@type\":\"ReadAction\",\"target\":[\"https:\/\/www.tts-freunde.de\/blog\/2015\/09\/17\/boxenstopp-im-audi-museum-mobile\/\"]}]},{\"@type\":\"ImageObject\",\"inLanguage\":\"de\",\"@id\":\"https:\/\/www.tts-freunde.de\/blog\/2015\/09\/17\/boxenstopp-im-audi-museum-mobile\/#primaryimage\",\"url\":\"https:\/\/www.tts-freunde.de\/blog\/wp-content\/uploads\/2015\/09\/Boxenstopp.jpg\",\"contentUrl\":\"https:\/\/www.tts-freunde.de\/blog\/wp-content\/uploads\/2015\/09\/Boxenstopp.jpg\",\"width\":1160,\"height\":773},{\"@type\":\"BreadcrumbList\",\"@id\":\"https:\/\/www.tts-freunde.de\/blog\/2015\/09\/17\/boxenstopp-im-audi-museum-mobile\/#breadcrumb\",\"itemListElement\":[{\"@type\":\"ListItem\",\"position\":1,\"name\":\"Home\",\"item\":\"https:\/\/www.tts-freunde.de\/blog\/\"},{\"@type\":\"ListItem\",\"position\":2,\"name\":\"\u201eBoxenstopp\u201c im Audi museum mobile\"}]},{\"@type\":\"WebSite\",\"@id\":\"https:\/\/www.tts-freunde.de\/blog\/#website\",\"url\":\"https:\/\/www.tts-freunde.de\/blog\/\",\"name\":\"Audi Blog\",\"description\":\"Deutscher Audi Blog - TTS-Freunde\",\"publisher\":{\"@id\":\"https:\/\/www.tts-freunde.de\/blog\/#organization\"},\"potentialAction\":[{\"@type\":\"SearchAction\",\"target\":{\"@type\":\"EntryPoint\",\"urlTemplate\":\"https:\/\/www.tts-freunde.de\/blog\/?s={search_term_string}\"},\"query-input\":\"required name=search_term_string\"}],\"inLanguage\":\"de\"},{\"@type\":\"Organization\",\"@id\":\"https:\/\/www.tts-freunde.de\/blog\/#organization\",\"name\":\"Audi Blog\",\"url\":\"https:\/\/www.tts-freunde.de\/blog\/\",\"logo\":{\"@type\":\"ImageObject\",\"inLanguage\":\"de\",\"@id\":\"https:\/\/www.tts-freunde.de\/blog\/#\/schema\/logo\/image\/\",\"url\":\"https:\/\/www.tts-freunde.de\/blog\/wp-content\/uploads\/2022\/12\/logo_2022.jpg\",\"contentUrl\":\"https:\/\/www.tts-freunde.de\/blog\/wp-content\/uploads\/2022\/12\/logo_2022.jpg\",\"width\":240,\"height\":41,\"caption\":\"Audi Blog\"},\"image\":{\"@id\":\"https:\/\/www.tts-freunde.de\/blog\/#\/schema\/logo\/image\/\"}},{\"@type\":\"Person\",\"@id\":\"https:\/\/www.tts-freunde.de\/blog\/#\/schema\/person\/b67f6a54e98f013bd281dbe05514b701\",\"name\":\"admin\",\"image\":{\"@type\":\"ImageObject\",\"inLanguage\":\"de\",\"@id\":\"https:\/\/www.tts-freunde.de\/blog\/#\/schema\/person\/image\/\",\"url\":\"https:\/\/secure.gravatar.com\/avatar\/08a4bd330e25056ddb430c28136b38a6?s=96&d=mm&r=g\",\"contentUrl\":\"https:\/\/secure.gravatar.com\/avatar\/08a4bd330e25056ddb430c28136b38a6?s=96&d=mm&r=g\",\"caption\":\"admin\"},\"sameAs\":[\"http:\/\/www.tts-freunde.de\"],\"url\":\"https:\/\/www.tts-freunde.de\/blog\/author\/admin\/\"}]}<\/script>\n<!-- \/ Yoast SEO plugin. -->","yoast_head_json":{"title":"\u201eBoxenstopp\u201c im Audi museum mobile - Audi Blog","description":"\u201eBoxenstopp\u201c im Audi museum mobile","robots":{"index":"index","follow":"follow","max-snippet":"max-snippet:-1","max-image-preview":"max-image-preview:large","max-video-preview":"max-video-preview:-1"},"canonical":"https:\/\/www.tts-freunde.de\/blog\/2015\/09\/17\/boxenstopp-im-audi-museum-mobile\/","og_locale":"de_DE","og_type":"article","og_title":"\u201eBoxenstopp\u201c im Audi museum mobile - Audi Blog","og_description":"\u201eBoxenstopp\u201c im Audi museum mobile","og_url":"https:\/\/www.tts-freunde.de\/blog\/2015\/09\/17\/boxenstopp-im-audi-museum-mobile\/","og_site_name":"Audi Blog","article_published_time":"2015-09-17T07:04:04+00:00","og_image":[{"width":1160,"height":773,"url":"https:\/\/www.tts-freunde.de\/blog\/wp-content\/uploads\/2015\/09\/Boxenstopp.jpg","type":"image\/jpeg"}],"author":"admin","twitter_card":"summary_large_image","twitter_misc":{"Verfasst von":"admin","Gesch\u00e4tzte Lesezeit":"1\u00a0Minute"},"schema":{"@context":"https:\/\/schema.org","@graph":[{"@type":"Article","@id":"https:\/\/www.tts-freunde.de\/blog\/2015\/09\/17\/boxenstopp-im-audi-museum-mobile\/#article","isPartOf":{"@id":"https:\/\/www.tts-freunde.de\/blog\/2015\/09\/17\/boxenstopp-im-audi-museum-mobile\/"},"author":{"name":"admin","@id":"https:\/\/www.tts-freunde.de\/blog\/#\/schema\/person\/b67f6a54e98f013bd281dbe05514b701"},"headline":"\u201eBoxenstopp\u201c im Audi museum mobile","datePublished":"2015-09-17T07:04:04+00:00","dateModified":"2015-09-17T07:04:04+00:00","mainEntityOfPage":{"@id":"https:\/\/www.tts-freunde.de\/blog\/2015\/09\/17\/boxenstopp-im-audi-museum-mobile\/"},"wordCount":271,"publisher":{"@id":"https:\/\/www.tts-freunde.de\/blog\/#organization"},"image":{"@id":"https:\/\/www.tts-freunde.de\/blog\/2015\/09\/17\/boxenstopp-im-audi-museum-mobile\/#primaryimage"},"thumbnailUrl":"https:\/\/www.tts-freunde.de\/blog\/wp-content\/uploads\/2015\/09\/Boxenstopp.jpg","articleSection":["Audi AG"],"inLanguage":"de"},{"@type":"WebPage","@id":"https:\/\/www.tts-freunde.de\/blog\/2015\/09\/17\/boxenstopp-im-audi-museum-mobile\/","url":"https:\/\/www.tts-freunde.de\/blog\/2015\/09\/17\/boxenstopp-im-audi-museum-mobile\/","name":"\u201eBoxenstopp\u201c im Audi museum mobile - Audi Blog","isPartOf":{"@id":"https:\/\/www.tts-freunde.de\/blog\/#website"},"primaryImageOfPage":{"@id":"https:\/\/www.tts-freunde.de\/blog\/2015\/09\/17\/boxenstopp-im-audi-museum-mobile\/#primaryimage"},"image":{"@id":"https:\/\/www.tts-freunde.de\/blog\/2015\/09\/17\/boxenstopp-im-audi-museum-mobile\/#primaryimage"},"thumbnailUrl":"https:\/\/www.tts-freunde.de\/blog\/wp-content\/uploads\/2015\/09\/Boxenstopp.jpg","datePublished":"2015-09-17T07:04:04+00:00","dateModified":"2015-09-17T07:04:04+00:00","description":"\u201eBoxenstopp\u201c im Audi museum mobile","breadcrumb":{"@id":"https:\/\/www.tts-freunde.de\/blog\/2015\/09\/17\/boxenstopp-im-audi-museum-mobile\/#breadcrumb"},"inLanguage":"de","potentialAction":[{"@type":"ReadAction","target":["https:\/\/www.tts-freunde.de\/blog\/2015\/09\/17\/boxenstopp-im-audi-museum-mobile\/"]}]},{"@type":"ImageObject","inLanguage":"de","@id":"https:\/\/www.tts-freunde.de\/blog\/2015\/09\/17\/boxenstopp-im-audi-museum-mobile\/#primaryimage","url":"https:\/\/www.tts-freunde.de\/blog\/wp-content\/uploads\/2015\/09\/Boxenstopp.jpg","contentUrl":"https:\/\/www.tts-freunde.de\/blog\/wp-content\/uploads\/2015\/09\/Boxenstopp.jpg","width":1160,"height":773},{"@type":"BreadcrumbList","@id":"https:\/\/www.tts-freunde.de\/blog\/2015\/09\/17\/boxenstopp-im-audi-museum-mobile\/#breadcrumb","itemListElement":[{"@type":"ListItem","position":1,"name":"Home","item":"https:\/\/www.tts-freunde.de\/blog\/"},{"@type":"ListItem","position":2,"name":"\u201eBoxenstopp\u201c im Audi museum mobile"}]},{"@type":"WebSite","@id":"https:\/\/www.tts-freunde.de\/blog\/#website","url":"https:\/\/www.tts-freunde.de\/blog\/","name":"Audi Blog","description":"Deutscher Audi Blog - TTS-Freunde","publisher":{"@id":"https:\/\/www.tts-freunde.de\/blog\/#organization"},"potentialAction":[{"@type":"SearchAction","target":{"@type":"EntryPoint","urlTemplate":"https:\/\/www.tts-freunde.de\/blog\/?s={search_term_string}"},"query-input":"required name=search_term_string"}],"inLanguage":"de"},{"@type":"Organization","@id":"https:\/\/www.tts-freunde.de\/blog\/#organization","name":"Audi Blog","url":"https:\/\/www.tts-freunde.de\/blog\/","logo":{"@type":"ImageObject","inLanguage":"de","@id":"https:\/\/www.tts-freunde.de\/blog\/#\/schema\/logo\/image\/","url":"https:\/\/www.tts-freunde.de\/blog\/wp-content\/uploads\/2022\/12\/logo_2022.jpg","contentUrl":"https:\/\/www.tts-freunde.de\/blog\/wp-content\/uploads\/2022\/12\/logo_2022.jpg","width":240,"height":41,"caption":"Audi Blog"},"image":{"@id":"https:\/\/www.tts-freunde.de\/blog\/#\/schema\/logo\/image\/"}},{"@type":"Person","@id":"https:\/\/www.tts-freunde.de\/blog\/#\/schema\/person\/b67f6a54e98f013bd281dbe05514b701","name":"admin","image":{"@type":"ImageObject","inLanguage":"de","@id":"https:\/\/www.tts-freunde.de\/blog\/#\/schema\/person\/image\/","url":"https:\/\/secure.gravatar.com\/avatar\/08a4bd330e25056ddb430c28136b38a6?s=96&d=mm&r=g","contentUrl":"https:\/\/secure.gravatar.com\/avatar\/08a4bd330e25056ddb430c28136b38a6?s=96&d=mm&r=g","caption":"admin"},"sameAs":["http:\/\/www.tts-freunde.de"],"url":"https:\/\/www.tts-freunde.de\/blog\/author\/admin\/"}]}},"jetpack_sharing_enabled":true,"jetpack_featured_media_url":"https:\/\/www.tts-freunde.de\/blog\/wp-content\/uploads\/2015\/09\/Boxenstopp.jpg","jetpack_shortlink":"https:\/\/wp.me\/p67hWW-mC","jetpack_likes_enabled":false,"jetpack-related-posts":[],"_links":{"self":[{"href":"https:\/\/www.tts-freunde.de\/blog\/wp-json\/wp\/v2\/posts\/1402"}],"collection":[{"href":"https:\/\/www.tts-freunde.de\/blog\/wp-json\/wp\/v2\/posts"}],"about":[{"href":"https:\/\/www.tts-freunde.de\/blog\/wp-json\/wp\/v2\/types\/post"}],"author":[{"embeddable":true,"href":"https:\/\/www.tts-freunde.de\/blog\/wp-json\/wp\/v2\/users\/1"}],"replies":[{"embeddable":true,"href":"https:\/\/www.tts-freunde.de\/blog\/wp-json\/wp\/v2\/comments?post=1402"}],"version-history":[{"count":1,"href":"https:\/\/www.tts-freunde.de\/blog\/wp-json\/wp\/v2\/posts\/1402\/revisions"}],"predecessor-version":[{"id":1404,"href":"https:\/\/www.tts-freunde.de\/blog\/wp-json\/wp\/v2\/posts\/1402\/revisions\/1404"}],"wp:featuredmedia":[{"embeddable":true,"href":"https:\/\/www.tts-freunde.de\/blog\/wp-json\/wp\/v2\/media\/1403"}],"wp:attachment":[{"href":"https:\/\/www.tts-freunde.de\/blog\/wp-json\/wp\/v2\/media?parent=1402"}],"wp:term":[{"taxonomy":"category","embeddable":true,"href":"https:\/\/www.tts-freunde.de\/blog\/wp-json\/wp\/v2\/categories?post=1402"},{"taxonomy":"post_tag","embeddable":true,"href":"https:\/\/www.tts-freunde.de\/blog\/wp-json\/wp\/v2\/tags?post=1402"}],"curies":[{"name":"wp","href":"https:\/\/api.w.org\/{rel}","templated":true}]}}