{"id":1458,"date":"2015-10-08T18:11:22","date_gmt":"2015-10-08T16:11:22","guid":{"rendered":"http:\/\/tts-freunde.de\/blog\/?p=1458"},"modified":"2015-10-08T18:11:22","modified_gmt":"2015-10-08T16:11:22","slug":"audi-steigert-absatz-im-september","status":"publish","type":"post","link":"https:\/\/www.tts-freunde.de\/blog\/2015\/10\/08\/audi-steigert-absatz-im-september\/","title":{"rendered":"Audi steigert Absatz im September"},"content":{"rendered":"<div id=\"item-281b08b8-5fbf-4b82-8300-fa3b42aad80d\" class=\"page-item--column col-sm-4\">\n<div class=\"page-row has-no-item-box\">\n<div id=\"item-61d4aa88-3757-4328-a074-d1a432c04af3\" class=\"page-item--topic-list\">\n<ul class=\"topic-list\">\n<li>Weltweit rund 170.900 Auslieferungen im Monat, plus 6,8 Prozent<\/li>\n<li>Vertriebschef Luca de Meo: \u201ePositive Absatzentwicklung im dritten Quartal trotz schwieriger M\u00e4rkte\u201c<\/li>\n<li>Starker Anlauf des neuen Audi Q7 in Europa<\/li>\n<\/ul>\n<p><a href=\"http:\/\/tts-freunde.de\/blog\/wp-content\/uploads\/2015\/09\/Audi-S4-11.jpg\"><img loading=\"lazy\" decoding=\"async\" data-attachment-id=\"1364\" data-permalink=\"https:\/\/www.tts-freunde.de\/blog\/2015\/10\/08\/audi-steigert-absatz-im-september\/audi-s4-1-2\/\" data-orig-file=\"https:\/\/www.tts-freunde.de\/blog\/wp-content\/uploads\/2015\/09\/Audi-S4-11.jpg\" data-orig-size=\"1160,773\" data-comments-opened=\"0\" data-image-meta=\"{&quot;aperture&quot;:&quot;0&quot;,&quot;credit&quot;:&quot;&quot;,&quot;camera&quot;:&quot;&quot;,&quot;caption&quot;:&quot;&quot;,&quot;created_timestamp&quot;:&quot;0&quot;,&quot;copyright&quot;:&quot;&quot;,&quot;focal_length&quot;:&quot;0&quot;,&quot;iso&quot;:&quot;0&quot;,&quot;shutter_speed&quot;:&quot;0&quot;,&quot;title&quot;:&quot;&quot;,&quot;orientation&quot;:&quot;0&quot;}\" data-image-title=\"Audi-S4 (1)\" data-image-description=\"\" data-image-caption=\"\" data-medium-file=\"https:\/\/www.tts-freunde.de\/blog\/wp-content\/uploads\/2015\/09\/Audi-S4-11-300x200.jpg\" data-large-file=\"https:\/\/www.tts-freunde.de\/blog\/wp-content\/uploads\/2015\/09\/Audi-S4-11-1024x682.jpg\" tabindex=\"0\" role=\"button\" class=\"alignleft size-full wp-image-1364\" src=\"http:\/\/tts-freunde.de\/blog\/wp-content\/uploads\/2015\/09\/Audi-S4-11.jpg\" alt=\"Audi-S4 (1)\" width=\"1160\" height=\"773\" srcset=\"https:\/\/www.tts-freunde.de\/blog\/wp-content\/uploads\/2015\/09\/Audi-S4-11.jpg 1160w, https:\/\/www.tts-freunde.de\/blog\/wp-content\/uploads\/2015\/09\/Audi-S4-11-300x200.jpg 300w, https:\/\/www.tts-freunde.de\/blog\/wp-content\/uploads\/2015\/09\/Audi-S4-11-1024x682.jpg 1024w, https:\/\/www.tts-freunde.de\/blog\/wp-content\/uploads\/2015\/09\/Audi-S4-11-50x33.jpg 50w\" sizes=\"(max-width: 1160px) 100vw, 1160px\" \/><\/a><\/p>\n<div class=\"page-row has-no-item-box\">\n<div id=\"item-9a37c958-bf88-47e0-a1f1-c8fee0f5421a\" class=\"page-item--intro\">\n<div class=\"intro-text\">\n<p style=\"text-align: justify;\">Die AUDI AG hat im September ihren Wachstumskurs fortgesetzt: Mit rund 170.900 Automobilen steigerte das Unternehmen seine Auslieferungen weltweit um 6,8 Prozent. In Amerika legten die Verk\u00e4ufe um 11,9 Prozent zu, das Europa Gesch\u00e4ft der Marke stieg um 8,8 Prozent. Auch dank des starken Anlaufs des neuen Audi Q7 verzeichneten die Vier Ringe in Europa mit fast 80.000 Einheiten den st\u00e4rksten September Absatz der Unternehmensgeschichte. Seit Jahresbeginn erh\u00f6hten sich die weltweiten Verk\u00e4ufe der Ingolst\u00e4dter \u00fcber alle Modelle um 3,8 Prozent auf rund 1.347.950 Einheiten.<\/p>\n<\/div>\n<\/div>\n<\/div>\n<div class=\"page-row has-no-item-box\">\n<div id=\"item-980d7d5f-c5bf-4daa-a5e7-8cea1b3c9d6a\" class=\"page-item--text\">\n<div class=\"style-links-for-body-text\">\n<p style=\"text-align: justify;\">\u201eAngesichts der schwierigen Marktlage in wichtigen Regionen bewerten wir unsere Absatzentwicklung im dritten Quartal positiv. Unser Wachstum in Europa zeigt, dass neue Modelle zus\u00e4tzliches Volumen generieren\u201c, sagt Luca\u00a0de\u00a0Meo, Vorstand f\u00fcr Vertrieb und Marketing der AUDI\u00a0AG. Allein im September konnte Audi die Auslieferungen f\u00fcr den neuen Audi\u00a0Q7 und den neuen Audi\u00a0TT gegen\u00fcber dem Vorjahresmonat zusammen um rund\u00a04.900\u00a0Einheiten steigern. Bis Mitte des kommenden Jahres wird das Unternehmen 15 weitere neue oder \u00fcberarbeitete Modelle in die weltweiten M\u00e4rkte bringen. \u201eDas wird weiteren Schub f\u00fcr unseren Absatz bringen.\u201c<\/p>\n<p style=\"text-align: justify;\">Neben dem Audi\u00a0Q7, dessen Verk\u00e4ufe sich in\u00a0Europa im September mehr als verdoppelten (+171,0%),\u00a0schnitten auch die Oberklasse\u00a0Modelle A7 und A8 positiv ab. \u00dcber alle europ\u00e4ischen M\u00e4rkte zusammen erreichten sie ein Plus von 14,1\u00a0Prozent. Das h\u00f6chste absolute Markt\u2011Wachstum in der Region fuhr Audi in <strong>Gro\u00dfbritannien<\/strong> ein: Im traditionell starken Verkaufsmonat September stiegen die Auslieferungen um 9,7\u00a0Prozent auf 28.778\u00a0Einheiten. Damit konnte Audi in UK den 33.\u00a0Rekordmonat in Folge einfahren und sogar mehr Autos verkaufen als auf dem deutschen Markt (+0% auf\u00a021.710\u00a0Einheiten). Seit Jahresbeginn kletterte die Nachfrage nach Modellen der Ingolst\u00e4dter im Vereinigten\u00a0K\u00f6nigreich um 5,3\u00a0Prozent auf 133.570\u00a0Einheiten.<\/p>\n<p style=\"text-align: justify;\">In <strong>Italien<\/strong> (+37%\u00a0auf\u00a05.018\u00a0Einheiten), <strong>Frankreich<\/strong> (+13,1%\u00a0auf\u00a04.871\u00a0Einheiten) und <strong>Spanien<\/strong> (+30,2%\u00a0auf\u00a03.224\u00a0Einheiten) legte das Unternehmen im vergangenen Monat deutlich zweistellig zu. W\u00e4hrend der ersten neun Monate \u00fcbergab Audi in Europa damit rund\u00a0612.650\u00a0Autos in Kundenhand, ein Plus von 3,8\u00a0Prozent. Die hohe Nachfrage nach dem Q7 wirkte sich auch auf den Audi\u2011Absatz in <strong>Russland<\/strong> aus. Hier konnte der Hersteller seine Auslieferungen erstmalig in diesem Jahr wieder steigern, plus\u00a02\u00a0Prozent auf 2.607\u00a0Einheiten.<\/p>\n<p style=\"text-align: justify;\">Auch in der Region <strong>Asien\u2011Pazifik<\/strong> entwickelten sich die M\u00e4rkte im September positiv: In <strong>Australien <\/strong>(+25,6%\u00a0auf\u00a02.048\u00a0Einheiten) und<strong> S\u00fcdkorea<\/strong> (+27,3%\u00a0auf 2.993\u00a0Autos) konnte Audi deutlich zweistellige\u00a0Zuw\u00e4chse registrieren. In <strong>China<\/strong> stiegen die Verkaufszahlen der Vier\u00a0Ringe um 2,9\u00a0Prozent auf 53.095 \u00fcbergebene Automobile. In den ersten neun\u00a0Monaten des Jahres lagen die Auslieferungen mit 414.411\u00a0Einheiten leicht unter dem Ergebnis des Vorjahreszeitraums (-0,3%).<\/p>\n<p style=\"text-align: justify;\">Auf dem amerikanischen Kontinent konnte das Unternehmen an die erfolgreichen Vormonate ankn\u00fcpfen und mit rund\u00a023.200 \u00a0Verk\u00e4ufen ein Plus von 11,9\u00a0Prozent einfahren. Dabei entwickelte sich vor allem das Gesch\u00e4ft in <strong>Brasilien<\/strong> (+23,4% auf 1.501\u00a0Einheiten) und <strong>USA<\/strong> (+16,2%\u00a0auf\u00a017.340\u00a0Autos) sehr erfreulich. Der Bestseller von Audi\u00a0of\u00a0America, der Audi\u00a0Q5, konnte seine Auslieferungen aus dem Vorjahresmonat um mehr als 58,9\u00a0Prozent (auf\u00a05.149\u00a0Einheiten) \u00fcbertreffen. Im bisherigen Jahresverlauf setzte Audi in den USA mit 147.403\u00a0Einheiten 12,5\u00a0Prozent mehr Automobile ab als im Vergleichszeitraum\u00a02014.<\/p>\n<\/div>\n<\/div>\n<\/div>\n<\/div>\n<\/div>\n<\/div>\n","protected":false},"excerpt":{"rendered":"<p>Weltweit rund 170.900 Auslieferungen im Monat, plus 6,8 Prozent Vertriebschef Luca de Meo: \u201ePositive Absatzentwicklung im dritten Quartal trotz schwieriger M\u00e4rkte\u201c Starker Anlauf des neuen Audi Q7 in Europa Die AUDI AG hat im September ihren Wachstumskurs fortgesetzt: Mit rund 170.900 Automobilen steigerte das Unternehmen seine Auslieferungen weltweit um 6,8 [&hellip;]<\/p>\n","protected":false},"author":1,"featured_media":1365,"comment_status":"closed","ping_status":"open","sticky":false,"template":"","format":"standard","meta":{"jetpack_post_was_ever_published":false,"_jetpack_newsletter_access":"","_jetpack_dont_email_post_to_subs":false,"_jetpack_newsletter_tier_id":0,"_jetpack_memberships_contains_paywalled_content":false,"_jetpack_memberships_contains_paid_content":false,"footnotes":"","jetpack_publicize_message":"#Audi steigert Absatz im #September #quatto #ingolstadt #bank #money #audiag","jetpack_publicize_feature_enabled":true,"jetpack_social_post_already_shared":true,"jetpack_social_options":{"image_generator_settings":{"template":"highway","enabled":false},"version":2}},"categories":[16],"tags":[],"class_list":["post-1458","post","type-post","status-publish","format-standard","has-post-thumbnail","hentry","category-audi-ag"],"wppr_data":{"cwp_meta_box_check":"No","cwp_rev_product_name":"","cwp_rev_product_image":"","cwp_image_link":"image","cwp_rev_price":""},"jetpack_publicize_connections":[],"yoast_head":"<!-- This site is optimized with the Yoast SEO plugin v23.3 - https:\/\/yoast.com\/wordpress\/plugins\/seo\/ -->\n<title>Audi steigert Absatz im September - Audi Blog<\/title>\n<meta name=\"description\" content=\"Audi steigert Absatz im September\" \/>\n<meta name=\"robots\" content=\"index, follow, max-snippet:-1, max-image-preview:large, max-video-preview:-1\" \/>\n<link rel=\"canonical\" href=\"https:\/\/www.tts-freunde.de\/blog\/2015\/10\/08\/audi-steigert-absatz-im-september\/\" \/>\n<meta property=\"og:locale\" content=\"de_DE\" \/>\n<meta property=\"og:type\" content=\"article\" \/>\n<meta property=\"og:title\" content=\"Audi steigert Absatz im September - Audi Blog\" \/>\n<meta property=\"og:description\" content=\"Audi steigert Absatz im September\" \/>\n<meta property=\"og:url\" content=\"https:\/\/www.tts-freunde.de\/blog\/2015\/10\/08\/audi-steigert-absatz-im-september\/\" \/>\n<meta property=\"og:site_name\" content=\"Audi Blog\" \/>\n<meta property=\"article:published_time\" content=\"2015-10-08T16:11:22+00:00\" \/>\n<meta property=\"og:image\" content=\"https:\/\/www.tts-freunde.de\/blog\/wp-content\/uploads\/2015\/09\/Audi-S4-21.jpg\" \/>\n\t<meta property=\"og:image:width\" content=\"1160\" \/>\n\t<meta property=\"og:image:height\" content=\"773\" \/>\n\t<meta property=\"og:image:type\" content=\"image\/jpeg\" \/>\n<meta name=\"author\" content=\"admin\" \/>\n<meta name=\"twitter:card\" content=\"summary_large_image\" \/>\n<meta name=\"twitter:label1\" content=\"Verfasst von\" \/>\n\t<meta name=\"twitter:data1\" content=\"admin\" \/>\n\t<meta name=\"twitter:label2\" content=\"Gesch\u00e4tzte Lesezeit\" \/>\n\t<meta name=\"twitter:data2\" content=\"3\u00a0Minuten\" \/>\n<script type=\"application\/ld+json\" class=\"yoast-schema-graph\">{\"@context\":\"https:\/\/schema.org\",\"@graph\":[{\"@type\":\"Article\",\"@id\":\"https:\/\/www.tts-freunde.de\/blog\/2015\/10\/08\/audi-steigert-absatz-im-september\/#article\",\"isPartOf\":{\"@id\":\"https:\/\/www.tts-freunde.de\/blog\/2015\/10\/08\/audi-steigert-absatz-im-september\/\"},\"author\":{\"name\":\"admin\",\"@id\":\"https:\/\/www.tts-freunde.de\/blog\/#\/schema\/person\/b67f6a54e98f013bd281dbe05514b701\"},\"headline\":\"Audi steigert Absatz im September\",\"datePublished\":\"2015-10-08T16:11:22+00:00\",\"dateModified\":\"2015-10-08T16:11:22+00:00\",\"mainEntityOfPage\":{\"@id\":\"https:\/\/www.tts-freunde.de\/blog\/2015\/10\/08\/audi-steigert-absatz-im-september\/\"},\"wordCount\":529,\"publisher\":{\"@id\":\"https:\/\/www.tts-freunde.de\/blog\/#organization\"},\"image\":{\"@id\":\"https:\/\/www.tts-freunde.de\/blog\/2015\/10\/08\/audi-steigert-absatz-im-september\/#primaryimage\"},\"thumbnailUrl\":\"https:\/\/www.tts-freunde.de\/blog\/wp-content\/uploads\/2015\/09\/Audi-S4-21.jpg\",\"articleSection\":[\"Audi AG\"],\"inLanguage\":\"de\"},{\"@type\":\"WebPage\",\"@id\":\"https:\/\/www.tts-freunde.de\/blog\/2015\/10\/08\/audi-steigert-absatz-im-september\/\",\"url\":\"https:\/\/www.tts-freunde.de\/blog\/2015\/10\/08\/audi-steigert-absatz-im-september\/\",\"name\":\"Audi steigert Absatz im September - Audi Blog\",\"isPartOf\":{\"@id\":\"https:\/\/www.tts-freunde.de\/blog\/#website\"},\"primaryImageOfPage\":{\"@id\":\"https:\/\/www.tts-freunde.de\/blog\/2015\/10\/08\/audi-steigert-absatz-im-september\/#primaryimage\"},\"image\":{\"@id\":\"https:\/\/www.tts-freunde.de\/blog\/2015\/10\/08\/audi-steigert-absatz-im-september\/#primaryimage\"},\"thumbnailUrl\":\"https:\/\/www.tts-freunde.de\/blog\/wp-content\/uploads\/2015\/09\/Audi-S4-21.jpg\",\"datePublished\":\"2015-10-08T16:11:22+00:00\",\"dateModified\":\"2015-10-08T16:11:22+00:00\",\"description\":\"Audi steigert Absatz im September\",\"breadcrumb\":{\"@id\":\"https:\/\/www.tts-freunde.de\/blog\/2015\/10\/08\/audi-steigert-absatz-im-september\/#breadcrumb\"},\"inLanguage\":\"de\",\"potentialAction\":[{\"@type\":\"ReadAction\",\"target\":[\"https:\/\/www.tts-freunde.de\/blog\/2015\/10\/08\/audi-steigert-absatz-im-september\/\"]}]},{\"@type\":\"ImageObject\",\"inLanguage\":\"de\",\"@id\":\"https:\/\/www.tts-freunde.de\/blog\/2015\/10\/08\/audi-steigert-absatz-im-september\/#primaryimage\",\"url\":\"https:\/\/www.tts-freunde.de\/blog\/wp-content\/uploads\/2015\/09\/Audi-S4-21.jpg\",\"contentUrl\":\"https:\/\/www.tts-freunde.de\/blog\/wp-content\/uploads\/2015\/09\/Audi-S4-21.jpg\",\"width\":1160,\"height\":773},{\"@type\":\"BreadcrumbList\",\"@id\":\"https:\/\/www.tts-freunde.de\/blog\/2015\/10\/08\/audi-steigert-absatz-im-september\/#breadcrumb\",\"itemListElement\":[{\"@type\":\"ListItem\",\"position\":1,\"name\":\"Home\",\"item\":\"https:\/\/www.tts-freunde.de\/blog\/\"},{\"@type\":\"ListItem\",\"position\":2,\"name\":\"Audi steigert Absatz im September\"}]},{\"@type\":\"WebSite\",\"@id\":\"https:\/\/www.tts-freunde.de\/blog\/#website\",\"url\":\"https:\/\/www.tts-freunde.de\/blog\/\",\"name\":\"Audi Blog\",\"description\":\"Deutscher Audi Blog - TTS-Freunde\",\"publisher\":{\"@id\":\"https:\/\/www.tts-freunde.de\/blog\/#organization\"},\"potentialAction\":[{\"@type\":\"SearchAction\",\"target\":{\"@type\":\"EntryPoint\",\"urlTemplate\":\"https:\/\/www.tts-freunde.de\/blog\/?s={search_term_string}\"},\"query-input\":\"required name=search_term_string\"}],\"inLanguage\":\"de\"},{\"@type\":\"Organization\",\"@id\":\"https:\/\/www.tts-freunde.de\/blog\/#organization\",\"name\":\"Audi Blog\",\"url\":\"https:\/\/www.tts-freunde.de\/blog\/\",\"logo\":{\"@type\":\"ImageObject\",\"inLanguage\":\"de\",\"@id\":\"https:\/\/www.tts-freunde.de\/blog\/#\/schema\/logo\/image\/\",\"url\":\"https:\/\/www.tts-freunde.de\/blog\/wp-content\/uploads\/2022\/12\/logo_2022.jpg\",\"contentUrl\":\"https:\/\/www.tts-freunde.de\/blog\/wp-content\/uploads\/2022\/12\/logo_2022.jpg\",\"width\":240,\"height\":41,\"caption\":\"Audi Blog\"},\"image\":{\"@id\":\"https:\/\/www.tts-freunde.de\/blog\/#\/schema\/logo\/image\/\"}},{\"@type\":\"Person\",\"@id\":\"https:\/\/www.tts-freunde.de\/blog\/#\/schema\/person\/b67f6a54e98f013bd281dbe05514b701\",\"name\":\"admin\",\"image\":{\"@type\":\"ImageObject\",\"inLanguage\":\"de\",\"@id\":\"https:\/\/www.tts-freunde.de\/blog\/#\/schema\/person\/image\/\",\"url\":\"https:\/\/secure.gravatar.com\/avatar\/08a4bd330e25056ddb430c28136b38a6?s=96&d=mm&r=g\",\"contentUrl\":\"https:\/\/secure.gravatar.com\/avatar\/08a4bd330e25056ddb430c28136b38a6?s=96&d=mm&r=g\",\"caption\":\"admin\"},\"sameAs\":[\"http:\/\/www.tts-freunde.de\"],\"url\":\"https:\/\/www.tts-freunde.de\/blog\/author\/admin\/\"}]}<\/script>\n<!-- \/ Yoast SEO plugin. -->","yoast_head_json":{"title":"Audi steigert Absatz im September - Audi Blog","description":"Audi steigert Absatz im September","robots":{"index":"index","follow":"follow","max-snippet":"max-snippet:-1","max-image-preview":"max-image-preview:large","max-video-preview":"max-video-preview:-1"},"canonical":"https:\/\/www.tts-freunde.de\/blog\/2015\/10\/08\/audi-steigert-absatz-im-september\/","og_locale":"de_DE","og_type":"article","og_title":"Audi steigert Absatz im September - Audi Blog","og_description":"Audi steigert Absatz im September","og_url":"https:\/\/www.tts-freunde.de\/blog\/2015\/10\/08\/audi-steigert-absatz-im-september\/","og_site_name":"Audi Blog","article_published_time":"2015-10-08T16:11:22+00:00","og_image":[{"width":1160,"height":773,"url":"https:\/\/www.tts-freunde.de\/blog\/wp-content\/uploads\/2015\/09\/Audi-S4-21.jpg","type":"image\/jpeg"}],"author":"admin","twitter_card":"summary_large_image","twitter_misc":{"Verfasst von":"admin","Gesch\u00e4tzte Lesezeit":"3\u00a0Minuten"},"schema":{"@context":"https:\/\/schema.org","@graph":[{"@type":"Article","@id":"https:\/\/www.tts-freunde.de\/blog\/2015\/10\/08\/audi-steigert-absatz-im-september\/#article","isPartOf":{"@id":"https:\/\/www.tts-freunde.de\/blog\/2015\/10\/08\/audi-steigert-absatz-im-september\/"},"author":{"name":"admin","@id":"https:\/\/www.tts-freunde.de\/blog\/#\/schema\/person\/b67f6a54e98f013bd281dbe05514b701"},"headline":"Audi steigert Absatz im September","datePublished":"2015-10-08T16:11:22+00:00","dateModified":"2015-10-08T16:11:22+00:00","mainEntityOfPage":{"@id":"https:\/\/www.tts-freunde.de\/blog\/2015\/10\/08\/audi-steigert-absatz-im-september\/"},"wordCount":529,"publisher":{"@id":"https:\/\/www.tts-freunde.de\/blog\/#organization"},"image":{"@id":"https:\/\/www.tts-freunde.de\/blog\/2015\/10\/08\/audi-steigert-absatz-im-september\/#primaryimage"},"thumbnailUrl":"https:\/\/www.tts-freunde.de\/blog\/wp-content\/uploads\/2015\/09\/Audi-S4-21.jpg","articleSection":["Audi AG"],"inLanguage":"de"},{"@type":"WebPage","@id":"https:\/\/www.tts-freunde.de\/blog\/2015\/10\/08\/audi-steigert-absatz-im-september\/","url":"https:\/\/www.tts-freunde.de\/blog\/2015\/10\/08\/audi-steigert-absatz-im-september\/","name":"Audi steigert Absatz im September - Audi Blog","isPartOf":{"@id":"https:\/\/www.tts-freunde.de\/blog\/#website"},"primaryImageOfPage":{"@id":"https:\/\/www.tts-freunde.de\/blog\/2015\/10\/08\/audi-steigert-absatz-im-september\/#primaryimage"},"image":{"@id":"https:\/\/www.tts-freunde.de\/blog\/2015\/10\/08\/audi-steigert-absatz-im-september\/#primaryimage"},"thumbnailUrl":"https:\/\/www.tts-freunde.de\/blog\/wp-content\/uploads\/2015\/09\/Audi-S4-21.jpg","datePublished":"2015-10-08T16:11:22+00:00","dateModified":"2015-10-08T16:11:22+00:00","description":"Audi steigert Absatz im September","breadcrumb":{"@id":"https:\/\/www.tts-freunde.de\/blog\/2015\/10\/08\/audi-steigert-absatz-im-september\/#breadcrumb"},"inLanguage":"de","potentialAction":[{"@type":"ReadAction","target":["https:\/\/www.tts-freunde.de\/blog\/2015\/10\/08\/audi-steigert-absatz-im-september\/"]}]},{"@type":"ImageObject","inLanguage":"de","@id":"https:\/\/www.tts-freunde.de\/blog\/2015\/10\/08\/audi-steigert-absatz-im-september\/#primaryimage","url":"https:\/\/www.tts-freunde.de\/blog\/wp-content\/uploads\/2015\/09\/Audi-S4-21.jpg","contentUrl":"https:\/\/www.tts-freunde.de\/blog\/wp-content\/uploads\/2015\/09\/Audi-S4-21.jpg","width":1160,"height":773},{"@type":"BreadcrumbList","@id":"https:\/\/www.tts-freunde.de\/blog\/2015\/10\/08\/audi-steigert-absatz-im-september\/#breadcrumb","itemListElement":[{"@type":"ListItem","position":1,"name":"Home","item":"https:\/\/www.tts-freunde.de\/blog\/"},{"@type":"ListItem","position":2,"name":"Audi steigert Absatz im September"}]},{"@type":"WebSite","@id":"https:\/\/www.tts-freunde.de\/blog\/#website","url":"https:\/\/www.tts-freunde.de\/blog\/","name":"Audi Blog","description":"Deutscher Audi Blog - TTS-Freunde","publisher":{"@id":"https:\/\/www.tts-freunde.de\/blog\/#organization"},"potentialAction":[{"@type":"SearchAction","target":{"@type":"EntryPoint","urlTemplate":"https:\/\/www.tts-freunde.de\/blog\/?s={search_term_string}"},"query-input":"required name=search_term_string"}],"inLanguage":"de"},{"@type":"Organization","@id":"https:\/\/www.tts-freunde.de\/blog\/#organization","name":"Audi Blog","url":"https:\/\/www.tts-freunde.de\/blog\/","logo":{"@type":"ImageObject","inLanguage":"de","@id":"https:\/\/www.tts-freunde.de\/blog\/#\/schema\/logo\/image\/","url":"https:\/\/www.tts-freunde.de\/blog\/wp-content\/uploads\/2022\/12\/logo_2022.jpg","contentUrl":"https:\/\/www.tts-freunde.de\/blog\/wp-content\/uploads\/2022\/12\/logo_2022.jpg","width":240,"height":41,"caption":"Audi Blog"},"image":{"@id":"https:\/\/www.tts-freunde.de\/blog\/#\/schema\/logo\/image\/"}},{"@type":"Person","@id":"https:\/\/www.tts-freunde.de\/blog\/#\/schema\/person\/b67f6a54e98f013bd281dbe05514b701","name":"admin","image":{"@type":"ImageObject","inLanguage":"de","@id":"https:\/\/www.tts-freunde.de\/blog\/#\/schema\/person\/image\/","url":"https:\/\/secure.gravatar.com\/avatar\/08a4bd330e25056ddb430c28136b38a6?s=96&d=mm&r=g","contentUrl":"https:\/\/secure.gravatar.com\/avatar\/08a4bd330e25056ddb430c28136b38a6?s=96&d=mm&r=g","caption":"admin"},"sameAs":["http:\/\/www.tts-freunde.de"],"url":"https:\/\/www.tts-freunde.de\/blog\/author\/admin\/"}]}},"jetpack_sharing_enabled":true,"jetpack_featured_media_url":"https:\/\/www.tts-freunde.de\/blog\/wp-content\/uploads\/2015\/09\/Audi-S4-21.jpg","jetpack_shortlink":"https:\/\/wp.me\/p67hWW-nw","jetpack_likes_enabled":false,"jetpack-related-posts":[],"_links":{"self":[{"href":"https:\/\/www.tts-freunde.de\/blog\/wp-json\/wp\/v2\/posts\/1458"}],"collection":[{"href":"https:\/\/www.tts-freunde.de\/blog\/wp-json\/wp\/v2\/posts"}],"about":[{"href":"https:\/\/www.tts-freunde.de\/blog\/wp-json\/wp\/v2\/types\/post"}],"author":[{"embeddable":true,"href":"https:\/\/www.tts-freunde.de\/blog\/wp-json\/wp\/v2\/users\/1"}],"replies":[{"embeddable":true,"href":"https:\/\/www.tts-freunde.de\/blog\/wp-json\/wp\/v2\/comments?post=1458"}],"version-history":[{"count":1,"href":"https:\/\/www.tts-freunde.de\/blog\/wp-json\/wp\/v2\/posts\/1458\/revisions"}],"predecessor-version":[{"id":1459,"href":"https:\/\/www.tts-freunde.de\/blog\/wp-json\/wp\/v2\/posts\/1458\/revisions\/1459"}],"wp:featuredmedia":[{"embeddable":true,"href":"https:\/\/www.tts-freunde.de\/blog\/wp-json\/wp\/v2\/media\/1365"}],"wp:attachment":[{"href":"https:\/\/www.tts-freunde.de\/blog\/wp-json\/wp\/v2\/media?parent=1458"}],"wp:term":[{"taxonomy":"category","embeddable":true,"href":"https:\/\/www.tts-freunde.de\/blog\/wp-json\/wp\/v2\/categories?post=1458"},{"taxonomy":"post_tag","embeddable":true,"href":"https:\/\/www.tts-freunde.de\/blog\/wp-json\/wp\/v2\/tags?post=1458"}],"curies":[{"name":"wp","href":"https:\/\/api.w.org\/{rel}","templated":true}]}}