{"id":1499,"date":"2015-10-14T09:54:45","date_gmt":"2015-10-14T07:54:45","guid":{"rendered":"http:\/\/tts-freunde.de\/blog\/?p=1499"},"modified":"2015-10-14T09:54:45","modified_gmt":"2015-10-14T07:54:45","slug":"schnell-laden-mit-150-kw-leistung-audi-engagiert-sich-in-der-initiative-charin-e-v","status":"publish","type":"post","link":"https:\/\/www.tts-freunde.de\/blog\/2015\/10\/14\/schnell-laden-mit-150-kw-leistung-audi-engagiert-sich-in-der-initiative-charin-e-v\/","title":{"rendered":"Schnell-Laden mit 150 kW Leistung: Audi engagiert sich in der Initiative CharIN e.V."},"content":{"rendered":"<div id=\"item-d423eddb-eef3-4f94-86a9-67ecb09a9b30\" class=\"page-item--column col-sm-4\">\n<div class=\"page-row has-no-item-box\">\n<div id=\"item-41d0138c-7b8e-4a6c-8ad9-3241d76635a2\" class=\"page-item--topic-list\">\n<ul class=\"topic-list\">\n<li>Schl\u00fcsseltechnologie f\u00fcr Durchbruch der Elektromobilit\u00e4t<\/li>\n<li>Schnell-Laden mit entscheidenden Kundenvorteilen<\/li>\n<\/ul>\n<p><a href=\"http:\/\/tts-freunde.de\/blog\/wp-content\/uploads\/2015\/10\/Audi-e-tron-quattro-concept1.jpg\"><img loading=\"lazy\" decoding=\"async\" data-attachment-id=\"1498\" data-permalink=\"https:\/\/www.tts-freunde.de\/blog\/2015\/10\/14\/schnell-laden-mit-150-kw-leistung-audi-engagiert-sich-in-der-initiative-charin-e-v\/audi-e-tron-quattro-concept1\/\" data-orig-file=\"https:\/\/www.tts-freunde.de\/blog\/wp-content\/uploads\/2015\/10\/Audi-e-tron-quattro-concept1.jpg\" data-orig-size=\"1160,773\" data-comments-opened=\"0\" data-image-meta=\"{&quot;aperture&quot;:&quot;0&quot;,&quot;credit&quot;:&quot;&quot;,&quot;camera&quot;:&quot;&quot;,&quot;caption&quot;:&quot;&quot;,&quot;created_timestamp&quot;:&quot;0&quot;,&quot;copyright&quot;:&quot;&quot;,&quot;focal_length&quot;:&quot;0&quot;,&quot;iso&quot;:&quot;0&quot;,&quot;shutter_speed&quot;:&quot;0&quot;,&quot;title&quot;:&quot;&quot;,&quot;orientation&quot;:&quot;0&quot;}\" data-image-title=\"Audi e-tron quattro concept1\" data-image-description=\"&lt;p&gt;CharIN e.V.&lt;\/p&gt;\n\" data-image-caption=\"\" data-medium-file=\"https:\/\/www.tts-freunde.de\/blog\/wp-content\/uploads\/2015\/10\/Audi-e-tron-quattro-concept1-300x200.jpg\" data-large-file=\"https:\/\/www.tts-freunde.de\/blog\/wp-content\/uploads\/2015\/10\/Audi-e-tron-quattro-concept1-1024x682.jpg\" tabindex=\"0\" role=\"button\" class=\"alignleft size-full wp-image-1498\" src=\"http:\/\/tts-freunde.de\/blog\/wp-content\/uploads\/2015\/10\/Audi-e-tron-quattro-concept1.jpg\" alt=\"CharIN e.V.\" width=\"1160\" height=\"773\" srcset=\"https:\/\/www.tts-freunde.de\/blog\/wp-content\/uploads\/2015\/10\/Audi-e-tron-quattro-concept1.jpg 1160w, https:\/\/www.tts-freunde.de\/blog\/wp-content\/uploads\/2015\/10\/Audi-e-tron-quattro-concept1-300x200.jpg 300w, https:\/\/www.tts-freunde.de\/blog\/wp-content\/uploads\/2015\/10\/Audi-e-tron-quattro-concept1-1024x682.jpg 1024w, https:\/\/www.tts-freunde.de\/blog\/wp-content\/uploads\/2015\/10\/Audi-e-tron-quattro-concept1-50x33.jpg 50w\" sizes=\"(max-width: 1160px) 100vw, 1160px\" \/><\/a><\/p>\n<div class=\"page-row has-no-item-box\">\n<div id=\"item-7fab753a-b2df-4c6b-bde1-e5f75cef3ae2\" class=\"page-item--intro\">\n<div class=\"intro-text\">\n<p style=\"text-align: justify;\">Das schnelle und einfache Laden unterwegs ist eine zentrale Voraussetzung f\u00fcr den Durchbruch der Elektromobilit\u00e4t. Auch deshalb engagiert sich Audi in der Charging Interface Initiative e.V. (CharIN e.V.). Diese f\u00f6rdert technische Standards auf dem Gebiet des Combined Charging Systems (CCS). Der n\u00e4chste Schritt ist das Laden mit 150 kW Leistung.<\/p>\n<\/div>\n<\/div>\n<\/div>\n<div class=\"page-row has-no-item-box\">\n<div id=\"item-a541149e-ba9e-4731-8028-994c4894b53f\" class=\"page-item--text\">\n<div class=\"style-links-for-body-text\">\n<p style=\"text-align: justify;\">\u201eBei den Schnell-Ladestationen setzen wir gemeinsam mit unseren Partnern in der Initiative CharIN voll auf den CCS-Standard. Er ist leistungsf\u00e4hig, ausgereift und komfortabel\u201c, sagte Ricky Hudi, Leiter Entwicklung Elektrik\/Elektronik der AUDI AG, auf dem Kongress \u201eElectronics in Vehicles\u201c (ELIV) in Baden-Baden.<\/p>\n<p style=\"text-align: justify;\">Das Combined Charging System (CCS) erm\u00f6glicht das Laden von Elektroautos mit Wechselstrom (AC) und Gleichstrom (DC) \u00fcber eine einheitliche Ladeschnittstelle, den so genannten Combo-Stecker. Die entsprechende Technik ist bereits in dem elektrisch angetriebenen Hochleistungssportwagen Audi R8 e-tron und der Konzeptstudie Audi e-tron quattro concept an Bord. Damit l\u00e4sst sich die Batterie des Audi e-tron quattro concept in nur rund 30 Minuten mit Strom f\u00fcr mehr als 400 km Strecke laden. Bei voller Batterie erreicht das Auto mehr als 500 km Reichweite.<\/p>\n<p style=\"text-align: justify;\">Auf dem ELIV-Kongress in Baden-Baden zeigt Audi gemeinsam mit den Partnern der CharIN die ersten Ergebnisse: Equipment und Automobile, die f\u00fcr das Laden mit bis zu 150 kW ausger\u00fcstet sind. Zu den Gr\u00fcndungsmitgliedern von CharIN z\u00e4hlen Audi, <a href=\"http:\/\/www.bmw.de\" target=\"_blank\">BMW<\/a>, Daimler, Opel, Porsche und Volkswagen, der T\u00dcV S\u00dcD sowie die Hersteller von Industriesteckern, Mennekes und PhoenixContact.<\/p>\n<p style=\"text-align: justify;\">Die offizielle Ladel\u00f6sung der Europ\u00e4ischen Union, die auf den internationalen Standards CCS basiert, ist bereits heute wirksam und wird bis sp\u00e4testens zum Jahr 2017 vollst\u00e4ndig umgesetzt.<\/p>\n<\/div>\n<p style=\"text-align: justify;\"><a href=\"http:\/\/tts-freunde.de\/blog\/wp-content\/uploads\/2015\/10\/Audi-e-tron-quattro-concept.jpg\"><img loading=\"lazy\" decoding=\"async\" data-attachment-id=\"1497\" data-permalink=\"https:\/\/www.tts-freunde.de\/blog\/2015\/10\/14\/schnell-laden-mit-150-kw-leistung-audi-engagiert-sich-in-der-initiative-charin-e-v\/audi-e-tron-quattro-concept-9\/\" data-orig-file=\"https:\/\/www.tts-freunde.de\/blog\/wp-content\/uploads\/2015\/10\/Audi-e-tron-quattro-concept.jpg\" data-orig-size=\"1160,820\" data-comments-opened=\"0\" data-image-meta=\"{&quot;aperture&quot;:&quot;0&quot;,&quot;credit&quot;:&quot;&quot;,&quot;camera&quot;:&quot;&quot;,&quot;caption&quot;:&quot;&quot;,&quot;created_timestamp&quot;:&quot;0&quot;,&quot;copyright&quot;:&quot;&quot;,&quot;focal_length&quot;:&quot;0&quot;,&quot;iso&quot;:&quot;0&quot;,&quot;shutter_speed&quot;:&quot;0&quot;,&quot;title&quot;:&quot;&quot;,&quot;orientation&quot;:&quot;0&quot;}\" data-image-title=\"Audi e-tron quattro concept\" data-image-description=\"&lt;p&gt;CharIN e.V.&lt;\/p&gt;\n\" data-image-caption=\"\" data-medium-file=\"https:\/\/www.tts-freunde.de\/blog\/wp-content\/uploads\/2015\/10\/Audi-e-tron-quattro-concept-300x212.jpg\" data-large-file=\"https:\/\/www.tts-freunde.de\/blog\/wp-content\/uploads\/2015\/10\/Audi-e-tron-quattro-concept-1024x724.jpg\" tabindex=\"0\" role=\"button\" class=\"alignleft size-full wp-image-1497\" src=\"http:\/\/tts-freunde.de\/blog\/wp-content\/uploads\/2015\/10\/Audi-e-tron-quattro-concept.jpg\" alt=\"CharIN e.V.\" width=\"1160\" height=\"820\" srcset=\"https:\/\/www.tts-freunde.de\/blog\/wp-content\/uploads\/2015\/10\/Audi-e-tron-quattro-concept.jpg 1160w, https:\/\/www.tts-freunde.de\/blog\/wp-content\/uploads\/2015\/10\/Audi-e-tron-quattro-concept-300x212.jpg 300w, https:\/\/www.tts-freunde.de\/blog\/wp-content\/uploads\/2015\/10\/Audi-e-tron-quattro-concept-1024x724.jpg 1024w, https:\/\/www.tts-freunde.de\/blog\/wp-content\/uploads\/2015\/10\/Audi-e-tron-quattro-concept-140x100.jpg 140w, https:\/\/www.tts-freunde.de\/blog\/wp-content\/uploads\/2015\/10\/Audi-e-tron-quattro-concept-50x35.jpg 50w\" sizes=\"(max-width: 1160px) 100vw, 1160px\" \/><\/a><\/p>\n<\/div>\n<\/div>\n<\/div>\n<\/div>\n<\/div>\n","protected":false},"excerpt":{"rendered":"<p>Schl\u00fcsseltechnologie f\u00fcr Durchbruch der Elektromobilit\u00e4t Schnell-Laden mit entscheidenden Kundenvorteilen Das schnelle und einfache Laden unterwegs ist eine zentrale Voraussetzung f\u00fcr den Durchbruch der Elektromobilit\u00e4t. Auch deshalb engagiert sich Audi in der Charging Interface Initiative e.V. (CharIN e.V.). Diese f\u00f6rdert technische Standards auf dem Gebiet des Combined Charging Systems (CCS). Der [&hellip;]<\/p>\n","protected":false},"author":1,"featured_media":1498,"comment_status":"closed","ping_status":"open","sticky":false,"template":"","format":"standard","meta":{"jetpack_post_was_ever_published":false,"_jetpack_newsletter_access":"","_jetpack_dont_email_post_to_subs":false,"_jetpack_newsletter_tier_id":0,"_jetpack_memberships_contains_paywalled_content":false,"_jetpack_memberships_contains_paid_content":false,"footnotes":"","jetpack_publicize_message":"Schnell-Laden mit 150 kW Leistung: #Audi engagiert sich in der Initiative CharIN e.V. #quattro #audietron #etron #power","jetpack_publicize_feature_enabled":true,"jetpack_social_post_already_shared":true,"jetpack_social_options":{"image_generator_settings":{"template":"highway","enabled":false},"version":2}},"categories":[16],"tags":[153],"class_list":["post-1499","post","type-post","status-publish","format-standard","has-post-thumbnail","hentry","category-audi-ag","tag-charin-e-v"],"wppr_data":{"cwp_meta_box_check":"No","cwp_rev_product_name":"","cwp_rev_product_image":"","cwp_image_link":"image","cwp_rev_price":""},"jetpack_publicize_connections":[],"yoast_head":"<!-- This site is optimized with the Yoast SEO plugin v23.3 - https:\/\/yoast.com\/wordpress\/plugins\/seo\/ -->\n<title>Schnell-Laden mit 150 kW Leistung: Audi engagiert sich in der Initiative CharIN e.V. - Audi Blog<\/title>\n<meta name=\"description\" content=\"Das schnelle und einfache Laden unterwegs ist eine zentrale Voraussetzung f\u00fcr den Durchbruch der Elektromobilit\u00e4t. CharIN e.V.\" \/>\n<meta name=\"robots\" content=\"index, follow, max-snippet:-1, max-image-preview:large, max-video-preview:-1\" \/>\n<link rel=\"canonical\" href=\"https:\/\/www.tts-freunde.de\/blog\/2015\/10\/14\/schnell-laden-mit-150-kw-leistung-audi-engagiert-sich-in-der-initiative-charin-e-v\/\" \/>\n<meta property=\"og:locale\" content=\"de_DE\" \/>\n<meta property=\"og:type\" content=\"article\" \/>\n<meta property=\"og:title\" content=\"Schnell-Laden mit 150 kW Leistung: Audi engagiert sich in der Initiative CharIN e.V. - Audi Blog\" \/>\n<meta property=\"og:description\" content=\"Das schnelle und einfache Laden unterwegs ist eine zentrale Voraussetzung f\u00fcr den Durchbruch der Elektromobilit\u00e4t. CharIN e.V.\" \/>\n<meta property=\"og:url\" content=\"https:\/\/www.tts-freunde.de\/blog\/2015\/10\/14\/schnell-laden-mit-150-kw-leistung-audi-engagiert-sich-in-der-initiative-charin-e-v\/\" \/>\n<meta property=\"og:site_name\" content=\"Audi Blog\" \/>\n<meta property=\"article:published_time\" content=\"2015-10-14T07:54:45+00:00\" \/>\n<meta property=\"og:image\" content=\"https:\/\/www.tts-freunde.de\/blog\/wp-content\/uploads\/2015\/10\/Audi-e-tron-quattro-concept1.jpg\" \/>\n\t<meta property=\"og:image:width\" content=\"1160\" \/>\n\t<meta property=\"og:image:height\" content=\"773\" \/>\n\t<meta property=\"og:image:type\" content=\"image\/jpeg\" \/>\n<meta name=\"author\" content=\"admin\" \/>\n<meta name=\"twitter:card\" content=\"summary_large_image\" \/>\n<meta name=\"twitter:label1\" content=\"Verfasst von\" \/>\n\t<meta name=\"twitter:data1\" content=\"admin\" \/>\n\t<meta name=\"twitter:label2\" content=\"Gesch\u00e4tzte Lesezeit\" \/>\n\t<meta name=\"twitter:data2\" content=\"1\u00a0Minute\" \/>\n<script type=\"application\/ld+json\" class=\"yoast-schema-graph\">{\"@context\":\"https:\/\/schema.org\",\"@graph\":[{\"@type\":\"Article\",\"@id\":\"https:\/\/www.tts-freunde.de\/blog\/2015\/10\/14\/schnell-laden-mit-150-kw-leistung-audi-engagiert-sich-in-der-initiative-charin-e-v\/#article\",\"isPartOf\":{\"@id\":\"https:\/\/www.tts-freunde.de\/blog\/2015\/10\/14\/schnell-laden-mit-150-kw-leistung-audi-engagiert-sich-in-der-initiative-charin-e-v\/\"},\"author\":{\"name\":\"admin\",\"@id\":\"https:\/\/www.tts-freunde.de\/blog\/#\/schema\/person\/b67f6a54e98f013bd281dbe05514b701\"},\"headline\":\"Schnell-Laden mit 150 kW Leistung: Audi engagiert sich in der Initiative CharIN e.V.\",\"datePublished\":\"2015-10-14T07:54:45+00:00\",\"dateModified\":\"2015-10-14T07:54:45+00:00\",\"mainEntityOfPage\":{\"@id\":\"https:\/\/www.tts-freunde.de\/blog\/2015\/10\/14\/schnell-laden-mit-150-kw-leistung-audi-engagiert-sich-in-der-initiative-charin-e-v\/\"},\"wordCount\":292,\"publisher\":{\"@id\":\"https:\/\/www.tts-freunde.de\/blog\/#organization\"},\"image\":{\"@id\":\"https:\/\/www.tts-freunde.de\/blog\/2015\/10\/14\/schnell-laden-mit-150-kw-leistung-audi-engagiert-sich-in-der-initiative-charin-e-v\/#primaryimage\"},\"thumbnailUrl\":\"https:\/\/www.tts-freunde.de\/blog\/wp-content\/uploads\/2015\/10\/Audi-e-tron-quattro-concept1.jpg\",\"keywords\":[\"CharIN e.V.\"],\"articleSection\":[\"Audi AG\"],\"inLanguage\":\"de\"},{\"@type\":\"WebPage\",\"@id\":\"https:\/\/www.tts-freunde.de\/blog\/2015\/10\/14\/schnell-laden-mit-150-kw-leistung-audi-engagiert-sich-in-der-initiative-charin-e-v\/\",\"url\":\"https:\/\/www.tts-freunde.de\/blog\/2015\/10\/14\/schnell-laden-mit-150-kw-leistung-audi-engagiert-sich-in-der-initiative-charin-e-v\/\",\"name\":\"Schnell-Laden mit 150 kW Leistung: Audi engagiert sich in der Initiative CharIN e.V. - Audi Blog\",\"isPartOf\":{\"@id\":\"https:\/\/www.tts-freunde.de\/blog\/#website\"},\"primaryImageOfPage\":{\"@id\":\"https:\/\/www.tts-freunde.de\/blog\/2015\/10\/14\/schnell-laden-mit-150-kw-leistung-audi-engagiert-sich-in-der-initiative-charin-e-v\/#primaryimage\"},\"image\":{\"@id\":\"https:\/\/www.tts-freunde.de\/blog\/2015\/10\/14\/schnell-laden-mit-150-kw-leistung-audi-engagiert-sich-in-der-initiative-charin-e-v\/#primaryimage\"},\"thumbnailUrl\":\"https:\/\/www.tts-freunde.de\/blog\/wp-content\/uploads\/2015\/10\/Audi-e-tron-quattro-concept1.jpg\",\"datePublished\":\"2015-10-14T07:54:45+00:00\",\"dateModified\":\"2015-10-14T07:54:45+00:00\",\"description\":\"Das schnelle und einfache Laden unterwegs ist eine zentrale Voraussetzung f\u00fcr den Durchbruch der Elektromobilit\u00e4t. CharIN e.V.\",\"breadcrumb\":{\"@id\":\"https:\/\/www.tts-freunde.de\/blog\/2015\/10\/14\/schnell-laden-mit-150-kw-leistung-audi-engagiert-sich-in-der-initiative-charin-e-v\/#breadcrumb\"},\"inLanguage\":\"de\",\"potentialAction\":[{\"@type\":\"ReadAction\",\"target\":[\"https:\/\/www.tts-freunde.de\/blog\/2015\/10\/14\/schnell-laden-mit-150-kw-leistung-audi-engagiert-sich-in-der-initiative-charin-e-v\/\"]}]},{\"@type\":\"ImageObject\",\"inLanguage\":\"de\",\"@id\":\"https:\/\/www.tts-freunde.de\/blog\/2015\/10\/14\/schnell-laden-mit-150-kw-leistung-audi-engagiert-sich-in-der-initiative-charin-e-v\/#primaryimage\",\"url\":\"https:\/\/www.tts-freunde.de\/blog\/wp-content\/uploads\/2015\/10\/Audi-e-tron-quattro-concept1.jpg\",\"contentUrl\":\"https:\/\/www.tts-freunde.de\/blog\/wp-content\/uploads\/2015\/10\/Audi-e-tron-quattro-concept1.jpg\",\"width\":1160,\"height\":773,\"caption\":\"CharIN e.V.\"},{\"@type\":\"BreadcrumbList\",\"@id\":\"https:\/\/www.tts-freunde.de\/blog\/2015\/10\/14\/schnell-laden-mit-150-kw-leistung-audi-engagiert-sich-in-der-initiative-charin-e-v\/#breadcrumb\",\"itemListElement\":[{\"@type\":\"ListItem\",\"position\":1,\"name\":\"Home\",\"item\":\"https:\/\/www.tts-freunde.de\/blog\/\"},{\"@type\":\"ListItem\",\"position\":2,\"name\":\"Schnell-Laden mit 150 kW Leistung: Audi engagiert sich in der Initiative CharIN e.V.\"}]},{\"@type\":\"WebSite\",\"@id\":\"https:\/\/www.tts-freunde.de\/blog\/#website\",\"url\":\"https:\/\/www.tts-freunde.de\/blog\/\",\"name\":\"Audi Blog\",\"description\":\"Deutscher Audi Blog - TTS-Freunde\",\"publisher\":{\"@id\":\"https:\/\/www.tts-freunde.de\/blog\/#organization\"},\"potentialAction\":[{\"@type\":\"SearchAction\",\"target\":{\"@type\":\"EntryPoint\",\"urlTemplate\":\"https:\/\/www.tts-freunde.de\/blog\/?s={search_term_string}\"},\"query-input\":\"required name=search_term_string\"}],\"inLanguage\":\"de\"},{\"@type\":\"Organization\",\"@id\":\"https:\/\/www.tts-freunde.de\/blog\/#organization\",\"name\":\"Audi Blog\",\"url\":\"https:\/\/www.tts-freunde.de\/blog\/\",\"logo\":{\"@type\":\"ImageObject\",\"inLanguage\":\"de\",\"@id\":\"https:\/\/www.tts-freunde.de\/blog\/#\/schema\/logo\/image\/\",\"url\":\"https:\/\/www.tts-freunde.de\/blog\/wp-content\/uploads\/2022\/12\/logo_2022.jpg\",\"contentUrl\":\"https:\/\/www.tts-freunde.de\/blog\/wp-content\/uploads\/2022\/12\/logo_2022.jpg\",\"width\":240,\"height\":41,\"caption\":\"Audi Blog\"},\"image\":{\"@id\":\"https:\/\/www.tts-freunde.de\/blog\/#\/schema\/logo\/image\/\"}},{\"@type\":\"Person\",\"@id\":\"https:\/\/www.tts-freunde.de\/blog\/#\/schema\/person\/b67f6a54e98f013bd281dbe05514b701\",\"name\":\"admin\",\"image\":{\"@type\":\"ImageObject\",\"inLanguage\":\"de\",\"@id\":\"https:\/\/www.tts-freunde.de\/blog\/#\/schema\/person\/image\/\",\"url\":\"https:\/\/secure.gravatar.com\/avatar\/08a4bd330e25056ddb430c28136b38a6?s=96&d=mm&r=g\",\"contentUrl\":\"https:\/\/secure.gravatar.com\/avatar\/08a4bd330e25056ddb430c28136b38a6?s=96&d=mm&r=g\",\"caption\":\"admin\"},\"sameAs\":[\"http:\/\/www.tts-freunde.de\"],\"url\":\"https:\/\/www.tts-freunde.de\/blog\/author\/admin\/\"}]}<\/script>\n<!-- \/ Yoast SEO plugin. -->","yoast_head_json":{"title":"Schnell-Laden mit 150 kW Leistung: Audi engagiert sich in der Initiative CharIN e.V. - Audi Blog","description":"Das schnelle und einfache Laden unterwegs ist eine zentrale Voraussetzung f\u00fcr den Durchbruch der Elektromobilit\u00e4t. CharIN e.V.","robots":{"index":"index","follow":"follow","max-snippet":"max-snippet:-1","max-image-preview":"max-image-preview:large","max-video-preview":"max-video-preview:-1"},"canonical":"https:\/\/www.tts-freunde.de\/blog\/2015\/10\/14\/schnell-laden-mit-150-kw-leistung-audi-engagiert-sich-in-der-initiative-charin-e-v\/","og_locale":"de_DE","og_type":"article","og_title":"Schnell-Laden mit 150 kW Leistung: Audi engagiert sich in der Initiative CharIN e.V. - Audi Blog","og_description":"Das schnelle und einfache Laden unterwegs ist eine zentrale Voraussetzung f\u00fcr den Durchbruch der Elektromobilit\u00e4t. CharIN e.V.","og_url":"https:\/\/www.tts-freunde.de\/blog\/2015\/10\/14\/schnell-laden-mit-150-kw-leistung-audi-engagiert-sich-in-der-initiative-charin-e-v\/","og_site_name":"Audi Blog","article_published_time":"2015-10-14T07:54:45+00:00","og_image":[{"width":1160,"height":773,"url":"https:\/\/www.tts-freunde.de\/blog\/wp-content\/uploads\/2015\/10\/Audi-e-tron-quattro-concept1.jpg","type":"image\/jpeg"}],"author":"admin","twitter_card":"summary_large_image","twitter_misc":{"Verfasst von":"admin","Gesch\u00e4tzte Lesezeit":"1\u00a0Minute"},"schema":{"@context":"https:\/\/schema.org","@graph":[{"@type":"Article","@id":"https:\/\/www.tts-freunde.de\/blog\/2015\/10\/14\/schnell-laden-mit-150-kw-leistung-audi-engagiert-sich-in-der-initiative-charin-e-v\/#article","isPartOf":{"@id":"https:\/\/www.tts-freunde.de\/blog\/2015\/10\/14\/schnell-laden-mit-150-kw-leistung-audi-engagiert-sich-in-der-initiative-charin-e-v\/"},"author":{"name":"admin","@id":"https:\/\/www.tts-freunde.de\/blog\/#\/schema\/person\/b67f6a54e98f013bd281dbe05514b701"},"headline":"Schnell-Laden mit 150 kW Leistung: Audi engagiert sich in der Initiative CharIN e.V.","datePublished":"2015-10-14T07:54:45+00:00","dateModified":"2015-10-14T07:54:45+00:00","mainEntityOfPage":{"@id":"https:\/\/www.tts-freunde.de\/blog\/2015\/10\/14\/schnell-laden-mit-150-kw-leistung-audi-engagiert-sich-in-der-initiative-charin-e-v\/"},"wordCount":292,"publisher":{"@id":"https:\/\/www.tts-freunde.de\/blog\/#organization"},"image":{"@id":"https:\/\/www.tts-freunde.de\/blog\/2015\/10\/14\/schnell-laden-mit-150-kw-leistung-audi-engagiert-sich-in-der-initiative-charin-e-v\/#primaryimage"},"thumbnailUrl":"https:\/\/www.tts-freunde.de\/blog\/wp-content\/uploads\/2015\/10\/Audi-e-tron-quattro-concept1.jpg","keywords":["CharIN e.V."],"articleSection":["Audi AG"],"inLanguage":"de"},{"@type":"WebPage","@id":"https:\/\/www.tts-freunde.de\/blog\/2015\/10\/14\/schnell-laden-mit-150-kw-leistung-audi-engagiert-sich-in-der-initiative-charin-e-v\/","url":"https:\/\/www.tts-freunde.de\/blog\/2015\/10\/14\/schnell-laden-mit-150-kw-leistung-audi-engagiert-sich-in-der-initiative-charin-e-v\/","name":"Schnell-Laden mit 150 kW Leistung: Audi engagiert sich in der Initiative CharIN e.V. - Audi Blog","isPartOf":{"@id":"https:\/\/www.tts-freunde.de\/blog\/#website"},"primaryImageOfPage":{"@id":"https:\/\/www.tts-freunde.de\/blog\/2015\/10\/14\/schnell-laden-mit-150-kw-leistung-audi-engagiert-sich-in-der-initiative-charin-e-v\/#primaryimage"},"image":{"@id":"https:\/\/www.tts-freunde.de\/blog\/2015\/10\/14\/schnell-laden-mit-150-kw-leistung-audi-engagiert-sich-in-der-initiative-charin-e-v\/#primaryimage"},"thumbnailUrl":"https:\/\/www.tts-freunde.de\/blog\/wp-content\/uploads\/2015\/10\/Audi-e-tron-quattro-concept1.jpg","datePublished":"2015-10-14T07:54:45+00:00","dateModified":"2015-10-14T07:54:45+00:00","description":"Das schnelle und einfache Laden unterwegs ist eine zentrale Voraussetzung f\u00fcr den Durchbruch der Elektromobilit\u00e4t. CharIN e.V.","breadcrumb":{"@id":"https:\/\/www.tts-freunde.de\/blog\/2015\/10\/14\/schnell-laden-mit-150-kw-leistung-audi-engagiert-sich-in-der-initiative-charin-e-v\/#breadcrumb"},"inLanguage":"de","potentialAction":[{"@type":"ReadAction","target":["https:\/\/www.tts-freunde.de\/blog\/2015\/10\/14\/schnell-laden-mit-150-kw-leistung-audi-engagiert-sich-in-der-initiative-charin-e-v\/"]}]},{"@type":"ImageObject","inLanguage":"de","@id":"https:\/\/www.tts-freunde.de\/blog\/2015\/10\/14\/schnell-laden-mit-150-kw-leistung-audi-engagiert-sich-in-der-initiative-charin-e-v\/#primaryimage","url":"https:\/\/www.tts-freunde.de\/blog\/wp-content\/uploads\/2015\/10\/Audi-e-tron-quattro-concept1.jpg","contentUrl":"https:\/\/www.tts-freunde.de\/blog\/wp-content\/uploads\/2015\/10\/Audi-e-tron-quattro-concept1.jpg","width":1160,"height":773,"caption":"CharIN e.V."},{"@type":"BreadcrumbList","@id":"https:\/\/www.tts-freunde.de\/blog\/2015\/10\/14\/schnell-laden-mit-150-kw-leistung-audi-engagiert-sich-in-der-initiative-charin-e-v\/#breadcrumb","itemListElement":[{"@type":"ListItem","position":1,"name":"Home","item":"https:\/\/www.tts-freunde.de\/blog\/"},{"@type":"ListItem","position":2,"name":"Schnell-Laden mit 150 kW Leistung: Audi engagiert sich in der Initiative CharIN e.V."}]},{"@type":"WebSite","@id":"https:\/\/www.tts-freunde.de\/blog\/#website","url":"https:\/\/www.tts-freunde.de\/blog\/","name":"Audi Blog","description":"Deutscher Audi Blog - TTS-Freunde","publisher":{"@id":"https:\/\/www.tts-freunde.de\/blog\/#organization"},"potentialAction":[{"@type":"SearchAction","target":{"@type":"EntryPoint","urlTemplate":"https:\/\/www.tts-freunde.de\/blog\/?s={search_term_string}"},"query-input":"required name=search_term_string"}],"inLanguage":"de"},{"@type":"Organization","@id":"https:\/\/www.tts-freunde.de\/blog\/#organization","name":"Audi Blog","url":"https:\/\/www.tts-freunde.de\/blog\/","logo":{"@type":"ImageObject","inLanguage":"de","@id":"https:\/\/www.tts-freunde.de\/blog\/#\/schema\/logo\/image\/","url":"https:\/\/www.tts-freunde.de\/blog\/wp-content\/uploads\/2022\/12\/logo_2022.jpg","contentUrl":"https:\/\/www.tts-freunde.de\/blog\/wp-content\/uploads\/2022\/12\/logo_2022.jpg","width":240,"height":41,"caption":"Audi Blog"},"image":{"@id":"https:\/\/www.tts-freunde.de\/blog\/#\/schema\/logo\/image\/"}},{"@type":"Person","@id":"https:\/\/www.tts-freunde.de\/blog\/#\/schema\/person\/b67f6a54e98f013bd281dbe05514b701","name":"admin","image":{"@type":"ImageObject","inLanguage":"de","@id":"https:\/\/www.tts-freunde.de\/blog\/#\/schema\/person\/image\/","url":"https:\/\/secure.gravatar.com\/avatar\/08a4bd330e25056ddb430c28136b38a6?s=96&d=mm&r=g","contentUrl":"https:\/\/secure.gravatar.com\/avatar\/08a4bd330e25056ddb430c28136b38a6?s=96&d=mm&r=g","caption":"admin"},"sameAs":["http:\/\/www.tts-freunde.de"],"url":"https:\/\/www.tts-freunde.de\/blog\/author\/admin\/"}]}},"jetpack_sharing_enabled":true,"jetpack_featured_media_url":"https:\/\/www.tts-freunde.de\/blog\/wp-content\/uploads\/2015\/10\/Audi-e-tron-quattro-concept1.jpg","jetpack_shortlink":"https:\/\/wp.me\/p67hWW-ob","jetpack_likes_enabled":false,"jetpack-related-posts":[],"_links":{"self":[{"href":"https:\/\/www.tts-freunde.de\/blog\/wp-json\/wp\/v2\/posts\/1499"}],"collection":[{"href":"https:\/\/www.tts-freunde.de\/blog\/wp-json\/wp\/v2\/posts"}],"about":[{"href":"https:\/\/www.tts-freunde.de\/blog\/wp-json\/wp\/v2\/types\/post"}],"author":[{"embeddable":true,"href":"https:\/\/www.tts-freunde.de\/blog\/wp-json\/wp\/v2\/users\/1"}],"replies":[{"embeddable":true,"href":"https:\/\/www.tts-freunde.de\/blog\/wp-json\/wp\/v2\/comments?post=1499"}],"version-history":[{"count":2,"href":"https:\/\/www.tts-freunde.de\/blog\/wp-json\/wp\/v2\/posts\/1499\/revisions"}],"predecessor-version":[{"id":1501,"href":"https:\/\/www.tts-freunde.de\/blog\/wp-json\/wp\/v2\/posts\/1499\/revisions\/1501"}],"wp:featuredmedia":[{"embeddable":true,"href":"https:\/\/www.tts-freunde.de\/blog\/wp-json\/wp\/v2\/media\/1498"}],"wp:attachment":[{"href":"https:\/\/www.tts-freunde.de\/blog\/wp-json\/wp\/v2\/media?parent=1499"}],"wp:term":[{"taxonomy":"category","embeddable":true,"href":"https:\/\/www.tts-freunde.de\/blog\/wp-json\/wp\/v2\/categories?post=1499"},{"taxonomy":"post_tag","embeddable":true,"href":"https:\/\/www.tts-freunde.de\/blog\/wp-json\/wp\/v2\/tags?post=1499"}],"curies":[{"name":"wp","href":"https:\/\/api.w.org\/{rel}","templated":true}]}}