{"id":1641,"date":"2015-11-04T08:00:32","date_gmt":"2015-11-04T07:00:32","guid":{"rendered":"http:\/\/tts-freunde.de\/blog\/?p=1641"},"modified":"2015-11-02T17:31:58","modified_gmt":"2015-11-02T16:31:58","slug":"audi-steigert-auslieferungen-umsatz-und-ergebnis-in-den-ersten-drei-quartalen","status":"publish","type":"post","link":"https:\/\/www.tts-freunde.de\/blog\/2015\/11\/04\/audi-steigert-auslieferungen-umsatz-und-ergebnis-in-den-ersten-drei-quartalen\/","title":{"rendered":"Audi steigert Auslieferungen, Umsatz und Ergebnis in den ersten drei Quartalen"},"content":{"rendered":"<div id=\"item-ee41fe18-7cf2-4520-a70c-aa696f25292f\" class=\"page-item--column col-sm-4\">\n<div class=\"page-row has-no-item-box\">\n<div id=\"item-1d030e3b-0a95-4c3c-9b46-4c12b0cd9ab8\" class=\"page-item--topic-list\">\n<ul class=\"topic-list\">\n<li>1.347.972 Auslieferungen der Marke Audi, \u20ac 43,7 Mrd. Umsatzerl\u00f6se und \u20ac 4,0 Mrd. Operatives Ergebnis von Januar bis September<\/li>\n<li>Audi-CEO Rupert Stadler: \u201eWir sind weiter auf Wachstumskurs\u201c<\/li>\n<li>Finanzvorstand Axel Strotbek: \u201eIn herausforderndem Umfeld trotz intensiver Vorleistungen gutes Ergebnis eingefahren\u201c<\/li>\n<\/ul>\n<p><a href=\"http:\/\/tts-freunde.de\/blog\/wp-content\/uploads\/2015\/11\/Der-neue-Audi-A4-Avant-3.0-TDI-quattro.jpg\"><img loading=\"lazy\" decoding=\"async\" data-attachment-id=\"1636\" data-permalink=\"https:\/\/www.tts-freunde.de\/blog\/2015\/11\/04\/audi-steigert-auslieferungen-umsatz-und-ergebnis-in-den-ersten-drei-quartalen\/der-neue-audi-a4-avant-3-0-tdi-quattro\/\" data-orig-file=\"https:\/\/www.tts-freunde.de\/blog\/wp-content\/uploads\/2015\/11\/Der-neue-Audi-A4-Avant-3.0-TDI-quattro.jpg\" data-orig-size=\"1160,677\" data-comments-opened=\"0\" data-image-meta=\"{&quot;aperture&quot;:&quot;0&quot;,&quot;credit&quot;:&quot;&quot;,&quot;camera&quot;:&quot;&quot;,&quot;caption&quot;:&quot;&quot;,&quot;created_timestamp&quot;:&quot;0&quot;,&quot;copyright&quot;:&quot;&quot;,&quot;focal_length&quot;:&quot;0&quot;,&quot;iso&quot;:&quot;0&quot;,&quot;shutter_speed&quot;:&quot;0&quot;,&quot;title&quot;:&quot;&quot;,&quot;orientation&quot;:&quot;0&quot;}\" data-image-title=\"Der neue Audi A4 Avant 3.0 TDI quattro\" data-image-description=\"\" data-image-caption=\"\" data-medium-file=\"https:\/\/www.tts-freunde.de\/blog\/wp-content\/uploads\/2015\/11\/Der-neue-Audi-A4-Avant-3.0-TDI-quattro-300x175.jpg\" data-large-file=\"https:\/\/www.tts-freunde.de\/blog\/wp-content\/uploads\/2015\/11\/Der-neue-Audi-A4-Avant-3.0-TDI-quattro-1024x598.jpg\" tabindex=\"0\" role=\"button\" class=\"alignleft size-full wp-image-1636\" src=\"http:\/\/tts-freunde.de\/blog\/wp-content\/uploads\/2015\/11\/Der-neue-Audi-A4-Avant-3.0-TDI-quattro.jpg\" alt=\"Der neue Audi A4 Avant 3.0 TDI quattro\" width=\"1160\" height=\"677\" srcset=\"https:\/\/www.tts-freunde.de\/blog\/wp-content\/uploads\/2015\/11\/Der-neue-Audi-A4-Avant-3.0-TDI-quattro.jpg 1160w, https:\/\/www.tts-freunde.de\/blog\/wp-content\/uploads\/2015\/11\/Der-neue-Audi-A4-Avant-3.0-TDI-quattro-300x175.jpg 300w, https:\/\/www.tts-freunde.de\/blog\/wp-content\/uploads\/2015\/11\/Der-neue-Audi-A4-Avant-3.0-TDI-quattro-1024x598.jpg 1024w, https:\/\/www.tts-freunde.de\/blog\/wp-content\/uploads\/2015\/11\/Der-neue-Audi-A4-Avant-3.0-TDI-quattro-50x29.jpg 50w\" sizes=\"(max-width: 1160px) 100vw, 1160px\" \/><\/a><\/p>\n<div class=\"page-row has-no-item-box\">\n<div id=\"item-47493f98-fc39-4889-a61d-7aaec29bde87\" class=\"page-item--intro\">\n<div class=\"intro-text\">\n<p style=\"text-align: justify;\">Der Audi-Konzern geht seinen Wachstumspfad konsequent: In den ersten neun Monaten des laufenden Gesch\u00e4ftsjahres hat das Unternehmen die Auslieferungen seiner Kernmarke um 3,8 Prozent gesteigert. Von Januar bis September haben insgesamt mehr als 1,3 Mio. Kunden ein Automobil mit den Vier Ringen \u00fcbernommen. Die Umsatzerl\u00f6se erh\u00f6hten sich auf \u20ac 43,7 Mrd. und das Operative Ergebnis auf \u20ac 4,0 Mrd. Nach drei Quartalen liegt die Operative Umsatzrendite bei 9,2 Prozent.<\/p>\n<\/div>\n<\/div>\n<\/div>\n<div class=\"page-row has-no-item-box\">\n<div id=\"item-45ce11f5-f90a-4ffc-aadb-d5d3660690f1\" class=\"page-item--text\">\n<div class=\"style-links-for-body-text\">\n<p style=\"text-align: justify;\">Im Rahmen der Ver\u00f6ffentlichung der Zwischenmitteilung zum dritten Quartal erkl\u00e4rt Rupert Stadler, Vorstandsvorsitzender der AUDI\u00a0AG: \u201eWir sind weiter auf Wachstumskurs.\u201c Die Performance des Unternehmens in den ersten neun Monaten des laufenden Gesch\u00e4ftsjahres belege, dass die Strategie des Audi\u2011Konzerns aufgeht: \u201eWir steigern die Auslieferungen, erweitern unseren internationalen Produktionsverbund, sichern Arbeitspl\u00e4tze und stellen sogar weiter ein.\u201c 2016 wird Audi au\u00dferdem im mexikanischen San\u00a0Jos\u00e9\u00a0Chiapa einen komplett neuen Produktionsstandort ans Netz bringen.<\/p>\n<p style=\"text-align: justify;\">Axel\u00a0Strotbek, Vorstand Finanz und Organisation der AUDI\u00a0AG, kommentiert die ersten neun Monate des laufenden Gesch\u00e4ftsjahres: \u201eAudi hat in einem herausfordernden Umfeld trotz intensiver Vorleistungen ein gutes Ergebnis eingefahren.\u201c Nach dem gelungenen Start des neuen Premium\u2011SUV Audi\u00a0Q7 werde das Unternehmen mit dem neuen Audi\u00a0A4 und dem neuen A4\u00a0Avant nun die n\u00e4chste Generation des Bestsellers in den Handel bringen, um die Erfolgsgeschichte der Ingolst\u00e4dter fortzuschreiben.<\/p>\n<p style=\"text-align: justify;\">Das Unternehmen hat nach neun Monaten bereits 1.347.972\u00a0(2014:\u00a01.298.638) Automobile der Marke\u00a0Audi an Kunden \u00fcbergeben \u2013 ein Plus von 3,8\u00a0Prozent. Insgesamt erzielte der Audi\u2011Konzern Umsatzerl\u00f6se von \u20ac\u00a043.695\u00a0(2014:\u00a039.300)\u00a0Mio. Vor allem die hohe Nachfrage nach SUV\u2011Modellen und das Wachstum in Nordamerika und Westeuropa wirkten sich dabei positiv auf die Umsatzerl\u00f6se aus.<\/p>\n<p style=\"text-align: justify;\">Von Januar bis September steigerten die Ingolst\u00e4dter das Operative Ergebnis um 5,0\u00a0Prozent. Vor allem durch die positive Entwicklung der Auslieferungen erwirtschaftete der Audi\u2011Konzern \u20ac\u00a04.024\u00a0(2014:\u00a03.831)\u00a0Mio. Weiter steigende Vorleistungen f\u00fcr neue Modelle und innovative Technologien sowie der fortschreitende Ausbau des weltweiten Produktionsnetzwerkes wirkten sich belastend auf das Ergebnis aus. Die Operative\u00a0Umsatzrendite liegt nach neun Monaten bei 9,2\u00a0(2014:\u00a09,7)\u00a0Prozent.<\/p>\n<p style=\"text-align: justify;\">Vor Steuern erwirtschaftete der Audi\u2011Konzern in den ersten drei\u00a0Quartalen des laufenden Gesch\u00e4ftsjahres \u20ac\u00a04.249\u00a0(2014:\u00a04.568)\u00a0Mio. Damit erzielte das Unternehmen eine Umsatzrendite\u00a0vor\u00a0Steuern von 9,7\u00a0(2014:\u00a011,6)\u00a0Prozent. Nach Steuern lag das Konzernergebnis bei \u20ac\u00a03.284\u00a0(2014:\u00a03.435)\u00a0Mio.<\/p>\n<p style=\"text-align: justify;\">Von Juli bis September 2015 lieferte die Marke mit den Vier\u00a0Ringen 445.642\u00a0(2014:\u00a0429.281)\u00a0Automobile an Kunden aus. Dabei erzielte der Audi\u2011Konzern Umsatzerl\u00f6se von \u20ac\u00a013.911\u00a0(2014:\u00a012.610)\u00a0Mio. Das Operative\u00a0Ergebnis lag bei \u20ac\u00a01.110\u00a0(2014:\u00a01.160)\u00a0Mio. Neben Investitionen in den Aufbau neuer internationaler Standorte bereitet das Unternehmen zahlreiche Generationswechsel in wichtigen Volumenmodellen und M\u00e4rkten vor. Diese stehen f\u00fcr rund\u00a040\u00a0Prozent des weltweiten Absatzes. Vor diesem Hintergrund erreichte die Operative\u00a0Umsatzrendite im dritten Quartal 8,0\u00a0(2014:\u00a09,2)\u00a0Prozent.<\/p>\n<p style=\"text-align: justify;\">Im Gesamtjahr 2015 will das Unternehmen mehr Automobile der Marke Audi ausliefern als im Vorjahr. Mit dem angestrebten Volumenwachstum werden sich auch die Umsatzerl\u00f6se des Audi\u2011Konzerns erh\u00f6hen. Dar\u00fcber hinaus erwartet das Unternehmen erneut eine Operative\u00a0Umsatzrendite innerhalb des strategischen\u00a0Zielkorridors von acht bis zehn\u00a0Prozent.<\/p>\n<\/div>\n<\/div>\n<\/div>\n<\/div>\n<\/div>\n<\/div>\n","protected":false},"excerpt":{"rendered":"<p>1.347.972 Auslieferungen der Marke Audi, \u20ac 43,7 Mrd. Umsatzerl\u00f6se und \u20ac 4,0 Mrd. Operatives Ergebnis von Januar bis September Audi-CEO Rupert Stadler: \u201eWir sind weiter auf Wachstumskurs\u201c Finanzvorstand Axel Strotbek: \u201eIn herausforderndem Umfeld trotz intensiver Vorleistungen gutes Ergebnis eingefahren\u201c Der Audi-Konzern geht seinen Wachstumspfad konsequent: In den ersten neun Monaten [&hellip;]<\/p>\n","protected":false},"author":1,"featured_media":1636,"comment_status":"closed","ping_status":"open","sticky":false,"template":"","format":"standard","meta":{"jetpack_post_was_ever_published":false,"_jetpack_newsletter_access":"","_jetpack_dont_email_post_to_subs":false,"_jetpack_newsletter_tier_id":0,"_jetpack_memberships_contains_paywalled_content":false,"_jetpack_memberships_contains_paid_content":false,"footnotes":"","jetpack_publicize_message":"#Audi steigert Auslieferungen, Umsatz und Ergebnis in den ersten drei Quartalen","jetpack_publicize_feature_enabled":true,"jetpack_social_post_already_shared":true,"jetpack_social_options":{"image_generator_settings":{"template":"highway","enabled":false},"version":2}},"categories":[16],"tags":[20],"class_list":["post-1641","post","type-post","status-publish","format-standard","has-post-thumbnail","hentry","category-audi-ag","tag-audi"],"wppr_data":{"cwp_meta_box_check":"No","cwp_rev_product_name":"","cwp_rev_product_image":"","cwp_image_link":"image","cwp_rev_price":""},"jetpack_publicize_connections":[],"yoast_head":"<!-- This site is optimized with the Yoast SEO plugin v23.3 - https:\/\/yoast.com\/wordpress\/plugins\/seo\/ -->\n<title>Audi steigert Auslieferungen, Umsatz und Ergebnis in den ersten drei Quartalen - Audi Blog<\/title>\n<meta name=\"description\" content=\"Der Audi-Konzern geht seinen Wachstumspfad konsequent: In den ersten neun Monaten des laufenden Gesch\u00e4ftsjahres hat das Unternehmen die Auslieferungen seiner Kernmarke um 3,8 Prozent gesteigert.\" \/>\n<meta name=\"robots\" content=\"index, follow, max-snippet:-1, max-image-preview:large, max-video-preview:-1\" \/>\n<link rel=\"canonical\" href=\"https:\/\/www.tts-freunde.de\/blog\/2015\/11\/04\/audi-steigert-auslieferungen-umsatz-und-ergebnis-in-den-ersten-drei-quartalen\/\" \/>\n<meta property=\"og:locale\" content=\"de_DE\" \/>\n<meta property=\"og:type\" content=\"article\" \/>\n<meta property=\"og:title\" content=\"Audi steigert Auslieferungen, Umsatz und Ergebnis in den ersten drei Quartalen - Audi Blog\" \/>\n<meta property=\"og:description\" content=\"Der Audi-Konzern geht seinen Wachstumspfad konsequent: In den ersten neun Monaten des laufenden Gesch\u00e4ftsjahres hat das Unternehmen die Auslieferungen seiner Kernmarke um 3,8 Prozent gesteigert.\" \/>\n<meta property=\"og:url\" content=\"https:\/\/www.tts-freunde.de\/blog\/2015\/11\/04\/audi-steigert-auslieferungen-umsatz-und-ergebnis-in-den-ersten-drei-quartalen\/\" \/>\n<meta property=\"og:site_name\" content=\"Audi Blog\" \/>\n<meta property=\"article:published_time\" content=\"2015-11-04T07:00:32+00:00\" \/>\n<meta property=\"article:modified_time\" content=\"2015-11-02T16:31:58+00:00\" \/>\n<meta property=\"og:image\" content=\"https:\/\/www.tts-freunde.de\/blog\/wp-content\/uploads\/2015\/11\/Der-neue-Audi-A4-Avant-3.0-TDI-quattro.jpg\" \/>\n\t<meta property=\"og:image:width\" content=\"1160\" \/>\n\t<meta property=\"og:image:height\" content=\"677\" \/>\n\t<meta property=\"og:image:type\" content=\"image\/jpeg\" \/>\n<meta name=\"author\" content=\"admin\" \/>\n<meta name=\"twitter:card\" content=\"summary_large_image\" \/>\n<meta name=\"twitter:label1\" content=\"Verfasst von\" \/>\n\t<meta name=\"twitter:data1\" content=\"admin\" \/>\n\t<meta name=\"twitter:label2\" content=\"Gesch\u00e4tzte Lesezeit\" \/>\n\t<meta name=\"twitter:data2\" content=\"3\u00a0Minuten\" \/>\n<script type=\"application\/ld+json\" class=\"yoast-schema-graph\">{\"@context\":\"https:\/\/schema.org\",\"@graph\":[{\"@type\":\"Article\",\"@id\":\"https:\/\/www.tts-freunde.de\/blog\/2015\/11\/04\/audi-steigert-auslieferungen-umsatz-und-ergebnis-in-den-ersten-drei-quartalen\/#article\",\"isPartOf\":{\"@id\":\"https:\/\/www.tts-freunde.de\/blog\/2015\/11\/04\/audi-steigert-auslieferungen-umsatz-und-ergebnis-in-den-ersten-drei-quartalen\/\"},\"author\":{\"name\":\"admin\",\"@id\":\"https:\/\/www.tts-freunde.de\/blog\/#\/schema\/person\/b67f6a54e98f013bd281dbe05514b701\"},\"headline\":\"Audi steigert Auslieferungen, Umsatz und Ergebnis in den ersten drei Quartalen\",\"datePublished\":\"2015-11-04T07:00:32+00:00\",\"dateModified\":\"2015-11-02T16:31:58+00:00\",\"mainEntityOfPage\":{\"@id\":\"https:\/\/www.tts-freunde.de\/blog\/2015\/11\/04\/audi-steigert-auslieferungen-umsatz-und-ergebnis-in-den-ersten-drei-quartalen\/\"},\"wordCount\":520,\"publisher\":{\"@id\":\"https:\/\/www.tts-freunde.de\/blog\/#organization\"},\"image\":{\"@id\":\"https:\/\/www.tts-freunde.de\/blog\/2015\/11\/04\/audi-steigert-auslieferungen-umsatz-und-ergebnis-in-den-ersten-drei-quartalen\/#primaryimage\"},\"thumbnailUrl\":\"https:\/\/www.tts-freunde.de\/blog\/wp-content\/uploads\/2015\/11\/Der-neue-Audi-A4-Avant-3.0-TDI-quattro.jpg\",\"keywords\":[\"audi\"],\"articleSection\":[\"Audi AG\"],\"inLanguage\":\"de\"},{\"@type\":\"WebPage\",\"@id\":\"https:\/\/www.tts-freunde.de\/blog\/2015\/11\/04\/audi-steigert-auslieferungen-umsatz-und-ergebnis-in-den-ersten-drei-quartalen\/\",\"url\":\"https:\/\/www.tts-freunde.de\/blog\/2015\/11\/04\/audi-steigert-auslieferungen-umsatz-und-ergebnis-in-den-ersten-drei-quartalen\/\",\"name\":\"Audi steigert Auslieferungen, Umsatz und Ergebnis in den ersten drei Quartalen - Audi Blog\",\"isPartOf\":{\"@id\":\"https:\/\/www.tts-freunde.de\/blog\/#website\"},\"primaryImageOfPage\":{\"@id\":\"https:\/\/www.tts-freunde.de\/blog\/2015\/11\/04\/audi-steigert-auslieferungen-umsatz-und-ergebnis-in-den-ersten-drei-quartalen\/#primaryimage\"},\"image\":{\"@id\":\"https:\/\/www.tts-freunde.de\/blog\/2015\/11\/04\/audi-steigert-auslieferungen-umsatz-und-ergebnis-in-den-ersten-drei-quartalen\/#primaryimage\"},\"thumbnailUrl\":\"https:\/\/www.tts-freunde.de\/blog\/wp-content\/uploads\/2015\/11\/Der-neue-Audi-A4-Avant-3.0-TDI-quattro.jpg\",\"datePublished\":\"2015-11-04T07:00:32+00:00\",\"dateModified\":\"2015-11-02T16:31:58+00:00\",\"description\":\"Der Audi-Konzern geht seinen Wachstumspfad konsequent: In den ersten neun Monaten des laufenden Gesch\u00e4ftsjahres hat das Unternehmen die Auslieferungen seiner Kernmarke um 3,8 Prozent gesteigert.\",\"breadcrumb\":{\"@id\":\"https:\/\/www.tts-freunde.de\/blog\/2015\/11\/04\/audi-steigert-auslieferungen-umsatz-und-ergebnis-in-den-ersten-drei-quartalen\/#breadcrumb\"},\"inLanguage\":\"de\",\"potentialAction\":[{\"@type\":\"ReadAction\",\"target\":[\"https:\/\/www.tts-freunde.de\/blog\/2015\/11\/04\/audi-steigert-auslieferungen-umsatz-und-ergebnis-in-den-ersten-drei-quartalen\/\"]}]},{\"@type\":\"ImageObject\",\"inLanguage\":\"de\",\"@id\":\"https:\/\/www.tts-freunde.de\/blog\/2015\/11\/04\/audi-steigert-auslieferungen-umsatz-und-ergebnis-in-den-ersten-drei-quartalen\/#primaryimage\",\"url\":\"https:\/\/www.tts-freunde.de\/blog\/wp-content\/uploads\/2015\/11\/Der-neue-Audi-A4-Avant-3.0-TDI-quattro.jpg\",\"contentUrl\":\"https:\/\/www.tts-freunde.de\/blog\/wp-content\/uploads\/2015\/11\/Der-neue-Audi-A4-Avant-3.0-TDI-quattro.jpg\",\"width\":1160,\"height\":677},{\"@type\":\"BreadcrumbList\",\"@id\":\"https:\/\/www.tts-freunde.de\/blog\/2015\/11\/04\/audi-steigert-auslieferungen-umsatz-und-ergebnis-in-den-ersten-drei-quartalen\/#breadcrumb\",\"itemListElement\":[{\"@type\":\"ListItem\",\"position\":1,\"name\":\"Home\",\"item\":\"https:\/\/www.tts-freunde.de\/blog\/\"},{\"@type\":\"ListItem\",\"position\":2,\"name\":\"Audi steigert Auslieferungen, Umsatz und Ergebnis in den ersten drei Quartalen\"}]},{\"@type\":\"WebSite\",\"@id\":\"https:\/\/www.tts-freunde.de\/blog\/#website\",\"url\":\"https:\/\/www.tts-freunde.de\/blog\/\",\"name\":\"Audi Blog\",\"description\":\"Deutscher Audi Blog - TTS-Freunde\",\"publisher\":{\"@id\":\"https:\/\/www.tts-freunde.de\/blog\/#organization\"},\"potentialAction\":[{\"@type\":\"SearchAction\",\"target\":{\"@type\":\"EntryPoint\",\"urlTemplate\":\"https:\/\/www.tts-freunde.de\/blog\/?s={search_term_string}\"},\"query-input\":\"required name=search_term_string\"}],\"inLanguage\":\"de\"},{\"@type\":\"Organization\",\"@id\":\"https:\/\/www.tts-freunde.de\/blog\/#organization\",\"name\":\"Audi Blog\",\"url\":\"https:\/\/www.tts-freunde.de\/blog\/\",\"logo\":{\"@type\":\"ImageObject\",\"inLanguage\":\"de\",\"@id\":\"https:\/\/www.tts-freunde.de\/blog\/#\/schema\/logo\/image\/\",\"url\":\"https:\/\/www.tts-freunde.de\/blog\/wp-content\/uploads\/2022\/12\/logo_2022.jpg\",\"contentUrl\":\"https:\/\/www.tts-freunde.de\/blog\/wp-content\/uploads\/2022\/12\/logo_2022.jpg\",\"width\":240,\"height\":41,\"caption\":\"Audi Blog\"},\"image\":{\"@id\":\"https:\/\/www.tts-freunde.de\/blog\/#\/schema\/logo\/image\/\"}},{\"@type\":\"Person\",\"@id\":\"https:\/\/www.tts-freunde.de\/blog\/#\/schema\/person\/b67f6a54e98f013bd281dbe05514b701\",\"name\":\"admin\",\"image\":{\"@type\":\"ImageObject\",\"inLanguage\":\"de\",\"@id\":\"https:\/\/www.tts-freunde.de\/blog\/#\/schema\/person\/image\/\",\"url\":\"https:\/\/secure.gravatar.com\/avatar\/08a4bd330e25056ddb430c28136b38a6?s=96&d=mm&r=g\",\"contentUrl\":\"https:\/\/secure.gravatar.com\/avatar\/08a4bd330e25056ddb430c28136b38a6?s=96&d=mm&r=g\",\"caption\":\"admin\"},\"sameAs\":[\"http:\/\/www.tts-freunde.de\"],\"url\":\"https:\/\/www.tts-freunde.de\/blog\/author\/admin\/\"}]}<\/script>\n<!-- \/ Yoast SEO plugin. -->","yoast_head_json":{"title":"Audi steigert Auslieferungen, Umsatz und Ergebnis in den ersten drei Quartalen - Audi Blog","description":"Der Audi-Konzern geht seinen Wachstumspfad konsequent: In den ersten neun Monaten des laufenden Gesch\u00e4ftsjahres hat das Unternehmen die Auslieferungen seiner Kernmarke um 3,8 Prozent gesteigert.","robots":{"index":"index","follow":"follow","max-snippet":"max-snippet:-1","max-image-preview":"max-image-preview:large","max-video-preview":"max-video-preview:-1"},"canonical":"https:\/\/www.tts-freunde.de\/blog\/2015\/11\/04\/audi-steigert-auslieferungen-umsatz-und-ergebnis-in-den-ersten-drei-quartalen\/","og_locale":"de_DE","og_type":"article","og_title":"Audi steigert Auslieferungen, Umsatz und Ergebnis in den ersten drei Quartalen - Audi Blog","og_description":"Der Audi-Konzern geht seinen Wachstumspfad konsequent: In den ersten neun Monaten des laufenden Gesch\u00e4ftsjahres hat das Unternehmen die Auslieferungen seiner Kernmarke um 3,8 Prozent gesteigert.","og_url":"https:\/\/www.tts-freunde.de\/blog\/2015\/11\/04\/audi-steigert-auslieferungen-umsatz-und-ergebnis-in-den-ersten-drei-quartalen\/","og_site_name":"Audi Blog","article_published_time":"2015-11-04T07:00:32+00:00","article_modified_time":"2015-11-02T16:31:58+00:00","og_image":[{"width":1160,"height":677,"url":"https:\/\/www.tts-freunde.de\/blog\/wp-content\/uploads\/2015\/11\/Der-neue-Audi-A4-Avant-3.0-TDI-quattro.jpg","type":"image\/jpeg"}],"author":"admin","twitter_card":"summary_large_image","twitter_misc":{"Verfasst von":"admin","Gesch\u00e4tzte Lesezeit":"3\u00a0Minuten"},"schema":{"@context":"https:\/\/schema.org","@graph":[{"@type":"Article","@id":"https:\/\/www.tts-freunde.de\/blog\/2015\/11\/04\/audi-steigert-auslieferungen-umsatz-und-ergebnis-in-den-ersten-drei-quartalen\/#article","isPartOf":{"@id":"https:\/\/www.tts-freunde.de\/blog\/2015\/11\/04\/audi-steigert-auslieferungen-umsatz-und-ergebnis-in-den-ersten-drei-quartalen\/"},"author":{"name":"admin","@id":"https:\/\/www.tts-freunde.de\/blog\/#\/schema\/person\/b67f6a54e98f013bd281dbe05514b701"},"headline":"Audi steigert Auslieferungen, Umsatz und Ergebnis in den ersten drei Quartalen","datePublished":"2015-11-04T07:00:32+00:00","dateModified":"2015-11-02T16:31:58+00:00","mainEntityOfPage":{"@id":"https:\/\/www.tts-freunde.de\/blog\/2015\/11\/04\/audi-steigert-auslieferungen-umsatz-und-ergebnis-in-den-ersten-drei-quartalen\/"},"wordCount":520,"publisher":{"@id":"https:\/\/www.tts-freunde.de\/blog\/#organization"},"image":{"@id":"https:\/\/www.tts-freunde.de\/blog\/2015\/11\/04\/audi-steigert-auslieferungen-umsatz-und-ergebnis-in-den-ersten-drei-quartalen\/#primaryimage"},"thumbnailUrl":"https:\/\/www.tts-freunde.de\/blog\/wp-content\/uploads\/2015\/11\/Der-neue-Audi-A4-Avant-3.0-TDI-quattro.jpg","keywords":["audi"],"articleSection":["Audi AG"],"inLanguage":"de"},{"@type":"WebPage","@id":"https:\/\/www.tts-freunde.de\/blog\/2015\/11\/04\/audi-steigert-auslieferungen-umsatz-und-ergebnis-in-den-ersten-drei-quartalen\/","url":"https:\/\/www.tts-freunde.de\/blog\/2015\/11\/04\/audi-steigert-auslieferungen-umsatz-und-ergebnis-in-den-ersten-drei-quartalen\/","name":"Audi steigert Auslieferungen, Umsatz und Ergebnis in den ersten drei Quartalen - Audi Blog","isPartOf":{"@id":"https:\/\/www.tts-freunde.de\/blog\/#website"},"primaryImageOfPage":{"@id":"https:\/\/www.tts-freunde.de\/blog\/2015\/11\/04\/audi-steigert-auslieferungen-umsatz-und-ergebnis-in-den-ersten-drei-quartalen\/#primaryimage"},"image":{"@id":"https:\/\/www.tts-freunde.de\/blog\/2015\/11\/04\/audi-steigert-auslieferungen-umsatz-und-ergebnis-in-den-ersten-drei-quartalen\/#primaryimage"},"thumbnailUrl":"https:\/\/www.tts-freunde.de\/blog\/wp-content\/uploads\/2015\/11\/Der-neue-Audi-A4-Avant-3.0-TDI-quattro.jpg","datePublished":"2015-11-04T07:00:32+00:00","dateModified":"2015-11-02T16:31:58+00:00","description":"Der Audi-Konzern geht seinen Wachstumspfad konsequent: In den ersten neun Monaten des laufenden Gesch\u00e4ftsjahres hat das Unternehmen die Auslieferungen seiner Kernmarke um 3,8 Prozent gesteigert.","breadcrumb":{"@id":"https:\/\/www.tts-freunde.de\/blog\/2015\/11\/04\/audi-steigert-auslieferungen-umsatz-und-ergebnis-in-den-ersten-drei-quartalen\/#breadcrumb"},"inLanguage":"de","potentialAction":[{"@type":"ReadAction","target":["https:\/\/www.tts-freunde.de\/blog\/2015\/11\/04\/audi-steigert-auslieferungen-umsatz-und-ergebnis-in-den-ersten-drei-quartalen\/"]}]},{"@type":"ImageObject","inLanguage":"de","@id":"https:\/\/www.tts-freunde.de\/blog\/2015\/11\/04\/audi-steigert-auslieferungen-umsatz-und-ergebnis-in-den-ersten-drei-quartalen\/#primaryimage","url":"https:\/\/www.tts-freunde.de\/blog\/wp-content\/uploads\/2015\/11\/Der-neue-Audi-A4-Avant-3.0-TDI-quattro.jpg","contentUrl":"https:\/\/www.tts-freunde.de\/blog\/wp-content\/uploads\/2015\/11\/Der-neue-Audi-A4-Avant-3.0-TDI-quattro.jpg","width":1160,"height":677},{"@type":"BreadcrumbList","@id":"https:\/\/www.tts-freunde.de\/blog\/2015\/11\/04\/audi-steigert-auslieferungen-umsatz-und-ergebnis-in-den-ersten-drei-quartalen\/#breadcrumb","itemListElement":[{"@type":"ListItem","position":1,"name":"Home","item":"https:\/\/www.tts-freunde.de\/blog\/"},{"@type":"ListItem","position":2,"name":"Audi steigert Auslieferungen, Umsatz und Ergebnis in den ersten drei Quartalen"}]},{"@type":"WebSite","@id":"https:\/\/www.tts-freunde.de\/blog\/#website","url":"https:\/\/www.tts-freunde.de\/blog\/","name":"Audi Blog","description":"Deutscher Audi Blog - TTS-Freunde","publisher":{"@id":"https:\/\/www.tts-freunde.de\/blog\/#organization"},"potentialAction":[{"@type":"SearchAction","target":{"@type":"EntryPoint","urlTemplate":"https:\/\/www.tts-freunde.de\/blog\/?s={search_term_string}"},"query-input":"required name=search_term_string"}],"inLanguage":"de"},{"@type":"Organization","@id":"https:\/\/www.tts-freunde.de\/blog\/#organization","name":"Audi Blog","url":"https:\/\/www.tts-freunde.de\/blog\/","logo":{"@type":"ImageObject","inLanguage":"de","@id":"https:\/\/www.tts-freunde.de\/blog\/#\/schema\/logo\/image\/","url":"https:\/\/www.tts-freunde.de\/blog\/wp-content\/uploads\/2022\/12\/logo_2022.jpg","contentUrl":"https:\/\/www.tts-freunde.de\/blog\/wp-content\/uploads\/2022\/12\/logo_2022.jpg","width":240,"height":41,"caption":"Audi Blog"},"image":{"@id":"https:\/\/www.tts-freunde.de\/blog\/#\/schema\/logo\/image\/"}},{"@type":"Person","@id":"https:\/\/www.tts-freunde.de\/blog\/#\/schema\/person\/b67f6a54e98f013bd281dbe05514b701","name":"admin","image":{"@type":"ImageObject","inLanguage":"de","@id":"https:\/\/www.tts-freunde.de\/blog\/#\/schema\/person\/image\/","url":"https:\/\/secure.gravatar.com\/avatar\/08a4bd330e25056ddb430c28136b38a6?s=96&d=mm&r=g","contentUrl":"https:\/\/secure.gravatar.com\/avatar\/08a4bd330e25056ddb430c28136b38a6?s=96&d=mm&r=g","caption":"admin"},"sameAs":["http:\/\/www.tts-freunde.de"],"url":"https:\/\/www.tts-freunde.de\/blog\/author\/admin\/"}]}},"jetpack_sharing_enabled":true,"jetpack_featured_media_url":"https:\/\/www.tts-freunde.de\/blog\/wp-content\/uploads\/2015\/11\/Der-neue-Audi-A4-Avant-3.0-TDI-quattro.jpg","jetpack_shortlink":"https:\/\/wp.me\/p67hWW-qt","jetpack_likes_enabled":false,"jetpack-related-posts":[],"_links":{"self":[{"href":"https:\/\/www.tts-freunde.de\/blog\/wp-json\/wp\/v2\/posts\/1641"}],"collection":[{"href":"https:\/\/www.tts-freunde.de\/blog\/wp-json\/wp\/v2\/posts"}],"about":[{"href":"https:\/\/www.tts-freunde.de\/blog\/wp-json\/wp\/v2\/types\/post"}],"author":[{"embeddable":true,"href":"https:\/\/www.tts-freunde.de\/blog\/wp-json\/wp\/v2\/users\/1"}],"replies":[{"embeddable":true,"href":"https:\/\/www.tts-freunde.de\/blog\/wp-json\/wp\/v2\/comments?post=1641"}],"version-history":[{"count":2,"href":"https:\/\/www.tts-freunde.de\/blog\/wp-json\/wp\/v2\/posts\/1641\/revisions"}],"predecessor-version":[{"id":1643,"href":"https:\/\/www.tts-freunde.de\/blog\/wp-json\/wp\/v2\/posts\/1641\/revisions\/1643"}],"wp:featuredmedia":[{"embeddable":true,"href":"https:\/\/www.tts-freunde.de\/blog\/wp-json\/wp\/v2\/media\/1636"}],"wp:attachment":[{"href":"https:\/\/www.tts-freunde.de\/blog\/wp-json\/wp\/v2\/media?parent=1641"}],"wp:term":[{"taxonomy":"category","embeddable":true,"href":"https:\/\/www.tts-freunde.de\/blog\/wp-json\/wp\/v2\/categories?post=1641"},{"taxonomy":"post_tag","embeddable":true,"href":"https:\/\/www.tts-freunde.de\/blog\/wp-json\/wp\/v2\/tags?post=1641"}],"curies":[{"name":"wp","href":"https:\/\/api.w.org\/{rel}","templated":true}]}}