{"id":1683,"date":"2015-11-10T15:10:36","date_gmt":"2015-11-10T14:10:36","guid":{"rendered":"http:\/\/tts-freunde.de\/blog\/?p=1683"},"modified":"2015-11-10T15:10:36","modified_gmt":"2015-11-10T14:10:36","slug":"audi-zeigt-innovationen-des-werkzeugbaus-auf-der-messe-formnext","status":"publish","type":"post","link":"https:\/\/www.tts-freunde.de\/blog\/2015\/11\/10\/audi-zeigt-innovationen-des-werkzeugbaus-auf-der-messe-formnext\/","title":{"rendered":"Audi zeigt Innovationen des Werkzeugbaus auf der Messe \u201eformnext\u201c"},"content":{"rendered":"<div class=\"page-row has-no-item-box\">\n<div id=\"item-30ae31e3-241b-444e-991b-09209ec57424\" class=\"page-item--intro\">\n<div class=\"intro-text\">\n<p style=\"text-align: justify;\"><a href=\"http:\/\/tts-freunde.de\/blog\/wp-content\/uploads\/2015\/11\/Audi-Werkzeugbau.jpg\"><img loading=\"lazy\" decoding=\"async\" data-attachment-id=\"1684\" data-permalink=\"https:\/\/www.tts-freunde.de\/blog\/2015\/11\/10\/audi-zeigt-innovationen-des-werkzeugbaus-auf-der-messe-formnext\/audi-werkzeugbau\/\" data-orig-file=\"https:\/\/www.tts-freunde.de\/blog\/wp-content\/uploads\/2015\/11\/Audi-Werkzeugbau.jpg\" data-orig-size=\"1160,820\" data-comments-opened=\"0\" data-image-meta=\"{&quot;aperture&quot;:&quot;0&quot;,&quot;credit&quot;:&quot;&quot;,&quot;camera&quot;:&quot;&quot;,&quot;caption&quot;:&quot;&quot;,&quot;created_timestamp&quot;:&quot;0&quot;,&quot;copyright&quot;:&quot;&quot;,&quot;focal_length&quot;:&quot;0&quot;,&quot;iso&quot;:&quot;0&quot;,&quot;shutter_speed&quot;:&quot;0&quot;,&quot;title&quot;:&quot;&quot;,&quot;orientation&quot;:&quot;0&quot;}\" data-image-title=\"Audi-Werkzeugbau\" data-image-description=\"\" data-image-caption=\"\" data-medium-file=\"https:\/\/www.tts-freunde.de\/blog\/wp-content\/uploads\/2015\/11\/Audi-Werkzeugbau-300x212.jpg\" data-large-file=\"https:\/\/www.tts-freunde.de\/blog\/wp-content\/uploads\/2015\/11\/Audi-Werkzeugbau-1024x724.jpg\" tabindex=\"0\" role=\"button\" class=\"alignleft size-full wp-image-1684\" src=\"http:\/\/tts-freunde.de\/blog\/wp-content\/uploads\/2015\/11\/Audi-Werkzeugbau.jpg\" alt=\"Audi-Werkzeugbau\" width=\"1160\" height=\"820\" srcset=\"https:\/\/www.tts-freunde.de\/blog\/wp-content\/uploads\/2015\/11\/Audi-Werkzeugbau.jpg 1160w, https:\/\/www.tts-freunde.de\/blog\/wp-content\/uploads\/2015\/11\/Audi-Werkzeugbau-300x212.jpg 300w, https:\/\/www.tts-freunde.de\/blog\/wp-content\/uploads\/2015\/11\/Audi-Werkzeugbau-1024x724.jpg 1024w, https:\/\/www.tts-freunde.de\/blog\/wp-content\/uploads\/2015\/11\/Audi-Werkzeugbau-140x100.jpg 140w, https:\/\/www.tts-freunde.de\/blog\/wp-content\/uploads\/2015\/11\/Audi-Werkzeugbau-50x35.jpg 50w\" sizes=\"(max-width: 1160px) 100vw, 1160px\" \/><\/a><\/p>\n<p style=\"text-align: justify;\">Audi Werkzeugbau gestern, heute und morgen: Die Marke mit den Vier Ringen pr\u00e4sentiert sich mit zahlreichen Exponaten auf der \u201eformnext\u201c, der Fachmesse f\u00fcr Werkzeug und Formenbau in Frankfurt am Main. Von 17. bis 20. November k\u00f6nnen sich die Besucher \u00fcber die Entwicklungen des Werkzeugbaus informieren und erhalten einen Einblick in die Fertigung der Zukunft.<\/p>\n<\/div>\n<\/div>\n<\/div>\n<div class=\"page-row has-no-item-box\">\n<div id=\"item-545d7e2b-8b9e-494a-ac89-52c405d5e0ff\" class=\"page-item--text\">\n<div class=\"style-links-for-body-text\">\n<p style=\"text-align: justify;\">\u201eDie Paradigmen der Smart\u00a0Factory ver\u00e4ndern unsere Arbeit im Werkzeugbau. In Zukunft werden wir Anlagen, Maschinen und Menschen noch st\u00e4rker vernetzen und durch neue Verfahren noch flexiblere und pr\u00e4zisere Werkzeuge entwickeln\u201c, sagt Michael\u00a0Breme, Leiter des Werkzeugbaus der AUDI\u00a0AG. Diese Zukunft macht Audi auf der \u201eformnext\u201c unter anderem mit selbstlernenden Werkzeugen und 3D\u2011Metalldruck erlebbar.<\/p>\n<p style=\"text-align: justify;\">Auf einem 500\u00a0Quadratmeter gro\u00dfen Messestand zeigt Audi, welche Aspekte der Smart\u00a0Factory der Werkzeugbau schon heute f\u00fcr die Entwicklung und Produktion von Modellen der Gro\u00df\u2011\u00a0und\u00a0Exklusivserie einsetzt. Dazu z\u00e4hlen intelligente Werkzeuge, die bei der Umformung von Stahl\u2011\u00a0oder\u00a0Aluminiumplatinen prozessbedingte Schwankungen erkennen und den Materialfluss im Werkzeug auf einen Optimalwert regeln. Ferner ist zu sehen, welche additiven Fertigungstechnologien wie beispielsweise 3D\u2011Druck schon heute im Werkzeugbau zum Einsatz kommen.<\/p>\n<p style=\"text-align: justify;\">Mit einer Fotoausstellung gibt Audi Einblicke in die Historie des Werkzeugbaus. Diese illustriert technische Meilensteine seit den 1960er\u00a0Jahren und die Ver\u00e4nderung des Berufsbildes eines Werkzeugmachers: vom Handwerker hin zum Computerexperten an der Schnittstelle Mensch\u2011Maschine.<\/p>\n<p style=\"text-align: justify;\">Der Audi\u2011Werkzeugbau besch\u00e4ftigt an f\u00fcnf\u00a0Standorten in Ingolstadt, Neckarsulm, Barcelona\u00a0(Spanien), Gy\u0151r\u00a0(Ungarn) und Peking\u00a0(China) mehr als 2.000\u00a0Mitarbeiter. Sie konzipieren, entwickeln, bauen und pr\u00fcfen Werkzeuge von der Exklusivserie bis zur Gro\u00dfserie. Dies umfasst sowohl die Blechwerkzeuge, Anlagen und Vorrichtungen, als auch den Formenbau f\u00fcr Aluminium\u2011Druckguss und Faserverbundteile in Exterieur und Struktur.<\/p>\n<\/div>\n<\/div>\n<\/div>\n","protected":false},"excerpt":{"rendered":"<p>Audi Werkzeugbau gestern, heute und morgen: Die Marke mit den Vier Ringen pr\u00e4sentiert sich mit zahlreichen Exponaten auf der \u201eformnext\u201c, der Fachmesse f\u00fcr Werkzeug und Formenbau in Frankfurt am Main. Von 17. bis 20. November k\u00f6nnen sich die Besucher \u00fcber die Entwicklungen des Werkzeugbaus informieren und erhalten einen Einblick in [&hellip;]<\/p>\n","protected":false},"author":1,"featured_media":1684,"comment_status":"closed","ping_status":"open","sticky":false,"template":"","format":"standard","meta":{"jetpack_post_was_ever_published":false,"_jetpack_newsletter_access":"","_jetpack_dont_email_post_to_subs":false,"_jetpack_newsletter_tier_id":0,"_jetpack_memberships_contains_paywalled_content":false,"_jetpack_memberships_contains_paid_content":false,"footnotes":"","jetpack_publicize_message":"","jetpack_publicize_feature_enabled":true,"jetpack_social_post_already_shared":true,"jetpack_social_options":{"image_generator_settings":{"template":"highway","enabled":false},"version":2}},"categories":[16],"tags":[160],"class_list":["post-1683","post","type-post","status-publish","format-standard","has-post-thumbnail","hentry","category-audi-ag","tag-werkzeugbau"],"wppr_data":{"cwp_meta_box_check":"No","cwp_rev_product_name":"","cwp_rev_product_image":"","cwp_image_link":"image","cwp_rev_price":""},"jetpack_publicize_connections":[],"yoast_head":"<!-- This site is optimized with the Yoast SEO plugin v23.3 - https:\/\/yoast.com\/wordpress\/plugins\/seo\/ -->\n<title>Audi zeigt Innovationen des Werkzeugbaus auf der Messe \u201eformnext\u201c - Audi Blog<\/title>\n<meta name=\"description\" content=\"Audi Werkzeugbau gestern, heute und morgen: Die Marke mit den Vier Ringen pr\u00e4sentiert sich mit zahlreichen Exponaten auf der \u201eformnext\u201c.\" \/>\n<meta name=\"robots\" content=\"index, follow, max-snippet:-1, max-image-preview:large, max-video-preview:-1\" \/>\n<link rel=\"canonical\" href=\"https:\/\/www.tts-freunde.de\/blog\/2015\/11\/10\/audi-zeigt-innovationen-des-werkzeugbaus-auf-der-messe-formnext\/\" \/>\n<meta property=\"og:locale\" content=\"de_DE\" \/>\n<meta property=\"og:type\" content=\"article\" \/>\n<meta property=\"og:title\" content=\"Audi zeigt Innovationen des Werkzeugbaus auf der Messe \u201eformnext\u201c - Audi Blog\" \/>\n<meta property=\"og:description\" content=\"Audi Werkzeugbau gestern, heute und morgen: Die Marke mit den Vier Ringen pr\u00e4sentiert sich mit zahlreichen Exponaten auf der \u201eformnext\u201c.\" \/>\n<meta property=\"og:url\" content=\"https:\/\/www.tts-freunde.de\/blog\/2015\/11\/10\/audi-zeigt-innovationen-des-werkzeugbaus-auf-der-messe-formnext\/\" \/>\n<meta property=\"og:site_name\" content=\"Audi Blog\" \/>\n<meta property=\"article:published_time\" content=\"2015-11-10T14:10:36+00:00\" \/>\n<meta property=\"og:image\" content=\"https:\/\/www.tts-freunde.de\/blog\/wp-content\/uploads\/2015\/11\/Audi-Werkzeugbau.jpg\" \/>\n\t<meta property=\"og:image:width\" content=\"1160\" \/>\n\t<meta property=\"og:image:height\" content=\"820\" \/>\n\t<meta property=\"og:image:type\" content=\"image\/jpeg\" \/>\n<meta name=\"author\" content=\"admin\" \/>\n<meta name=\"twitter:card\" content=\"summary_large_image\" \/>\n<meta name=\"twitter:label1\" content=\"Verfasst von\" \/>\n\t<meta name=\"twitter:data1\" content=\"admin\" \/>\n\t<meta name=\"twitter:label2\" content=\"Gesch\u00e4tzte Lesezeit\" \/>\n\t<meta name=\"twitter:data2\" content=\"1\u00a0Minute\" \/>\n<script type=\"application\/ld+json\" class=\"yoast-schema-graph\">{\"@context\":\"https:\/\/schema.org\",\"@graph\":[{\"@type\":\"Article\",\"@id\":\"https:\/\/www.tts-freunde.de\/blog\/2015\/11\/10\/audi-zeigt-innovationen-des-werkzeugbaus-auf-der-messe-formnext\/#article\",\"isPartOf\":{\"@id\":\"https:\/\/www.tts-freunde.de\/blog\/2015\/11\/10\/audi-zeigt-innovationen-des-werkzeugbaus-auf-der-messe-formnext\/\"},\"author\":{\"name\":\"admin\",\"@id\":\"https:\/\/www.tts-freunde.de\/blog\/#\/schema\/person\/b67f6a54e98f013bd281dbe05514b701\"},\"headline\":\"Audi zeigt Innovationen des Werkzeugbaus auf der Messe \u201eformnext\u201c\",\"datePublished\":\"2015-11-10T14:10:36+00:00\",\"dateModified\":\"2015-11-10T14:10:36+00:00\",\"mainEntityOfPage\":{\"@id\":\"https:\/\/www.tts-freunde.de\/blog\/2015\/11\/10\/audi-zeigt-innovationen-des-werkzeugbaus-auf-der-messe-formnext\/\"},\"wordCount\":293,\"publisher\":{\"@id\":\"https:\/\/www.tts-freunde.de\/blog\/#organization\"},\"image\":{\"@id\":\"https:\/\/www.tts-freunde.de\/blog\/2015\/11\/10\/audi-zeigt-innovationen-des-werkzeugbaus-auf-der-messe-formnext\/#primaryimage\"},\"thumbnailUrl\":\"https:\/\/www.tts-freunde.de\/blog\/wp-content\/uploads\/2015\/11\/Audi-Werkzeugbau.jpg\",\"keywords\":[\"werkzeugbau\"],\"articleSection\":[\"Audi AG\"],\"inLanguage\":\"de\"},{\"@type\":\"WebPage\",\"@id\":\"https:\/\/www.tts-freunde.de\/blog\/2015\/11\/10\/audi-zeigt-innovationen-des-werkzeugbaus-auf-der-messe-formnext\/\",\"url\":\"https:\/\/www.tts-freunde.de\/blog\/2015\/11\/10\/audi-zeigt-innovationen-des-werkzeugbaus-auf-der-messe-formnext\/\",\"name\":\"Audi zeigt Innovationen des Werkzeugbaus auf der Messe \u201eformnext\u201c - Audi Blog\",\"isPartOf\":{\"@id\":\"https:\/\/www.tts-freunde.de\/blog\/#website\"},\"primaryImageOfPage\":{\"@id\":\"https:\/\/www.tts-freunde.de\/blog\/2015\/11\/10\/audi-zeigt-innovationen-des-werkzeugbaus-auf-der-messe-formnext\/#primaryimage\"},\"image\":{\"@id\":\"https:\/\/www.tts-freunde.de\/blog\/2015\/11\/10\/audi-zeigt-innovationen-des-werkzeugbaus-auf-der-messe-formnext\/#primaryimage\"},\"thumbnailUrl\":\"https:\/\/www.tts-freunde.de\/blog\/wp-content\/uploads\/2015\/11\/Audi-Werkzeugbau.jpg\",\"datePublished\":\"2015-11-10T14:10:36+00:00\",\"dateModified\":\"2015-11-10T14:10:36+00:00\",\"description\":\"Audi Werkzeugbau gestern, heute und morgen: Die Marke mit den Vier Ringen pr\u00e4sentiert sich mit zahlreichen Exponaten auf der \u201eformnext\u201c.\",\"breadcrumb\":{\"@id\":\"https:\/\/www.tts-freunde.de\/blog\/2015\/11\/10\/audi-zeigt-innovationen-des-werkzeugbaus-auf-der-messe-formnext\/#breadcrumb\"},\"inLanguage\":\"de\",\"potentialAction\":[{\"@type\":\"ReadAction\",\"target\":[\"https:\/\/www.tts-freunde.de\/blog\/2015\/11\/10\/audi-zeigt-innovationen-des-werkzeugbaus-auf-der-messe-formnext\/\"]}]},{\"@type\":\"ImageObject\",\"inLanguage\":\"de\",\"@id\":\"https:\/\/www.tts-freunde.de\/blog\/2015\/11\/10\/audi-zeigt-innovationen-des-werkzeugbaus-auf-der-messe-formnext\/#primaryimage\",\"url\":\"https:\/\/www.tts-freunde.de\/blog\/wp-content\/uploads\/2015\/11\/Audi-Werkzeugbau.jpg\",\"contentUrl\":\"https:\/\/www.tts-freunde.de\/blog\/wp-content\/uploads\/2015\/11\/Audi-Werkzeugbau.jpg\",\"width\":1160,\"height\":820},{\"@type\":\"BreadcrumbList\",\"@id\":\"https:\/\/www.tts-freunde.de\/blog\/2015\/11\/10\/audi-zeigt-innovationen-des-werkzeugbaus-auf-der-messe-formnext\/#breadcrumb\",\"itemListElement\":[{\"@type\":\"ListItem\",\"position\":1,\"name\":\"Home\",\"item\":\"https:\/\/www.tts-freunde.de\/blog\/\"},{\"@type\":\"ListItem\",\"position\":2,\"name\":\"Audi zeigt Innovationen des Werkzeugbaus auf der Messe \u201eformnext\u201c\"}]},{\"@type\":\"WebSite\",\"@id\":\"https:\/\/www.tts-freunde.de\/blog\/#website\",\"url\":\"https:\/\/www.tts-freunde.de\/blog\/\",\"name\":\"Audi Blog\",\"description\":\"Deutscher Audi Blog - TTS-Freunde\",\"publisher\":{\"@id\":\"https:\/\/www.tts-freunde.de\/blog\/#organization\"},\"potentialAction\":[{\"@type\":\"SearchAction\",\"target\":{\"@type\":\"EntryPoint\",\"urlTemplate\":\"https:\/\/www.tts-freunde.de\/blog\/?s={search_term_string}\"},\"query-input\":\"required name=search_term_string\"}],\"inLanguage\":\"de\"},{\"@type\":\"Organization\",\"@id\":\"https:\/\/www.tts-freunde.de\/blog\/#organization\",\"name\":\"Audi Blog\",\"url\":\"https:\/\/www.tts-freunde.de\/blog\/\",\"logo\":{\"@type\":\"ImageObject\",\"inLanguage\":\"de\",\"@id\":\"https:\/\/www.tts-freunde.de\/blog\/#\/schema\/logo\/image\/\",\"url\":\"https:\/\/www.tts-freunde.de\/blog\/wp-content\/uploads\/2022\/12\/logo_2022.jpg\",\"contentUrl\":\"https:\/\/www.tts-freunde.de\/blog\/wp-content\/uploads\/2022\/12\/logo_2022.jpg\",\"width\":240,\"height\":41,\"caption\":\"Audi Blog\"},\"image\":{\"@id\":\"https:\/\/www.tts-freunde.de\/blog\/#\/schema\/logo\/image\/\"}},{\"@type\":\"Person\",\"@id\":\"https:\/\/www.tts-freunde.de\/blog\/#\/schema\/person\/b67f6a54e98f013bd281dbe05514b701\",\"name\":\"admin\",\"image\":{\"@type\":\"ImageObject\",\"inLanguage\":\"de\",\"@id\":\"https:\/\/www.tts-freunde.de\/blog\/#\/schema\/person\/image\/\",\"url\":\"https:\/\/secure.gravatar.com\/avatar\/08a4bd330e25056ddb430c28136b38a6?s=96&d=mm&r=g\",\"contentUrl\":\"https:\/\/secure.gravatar.com\/avatar\/08a4bd330e25056ddb430c28136b38a6?s=96&d=mm&r=g\",\"caption\":\"admin\"},\"sameAs\":[\"http:\/\/www.tts-freunde.de\"],\"url\":\"https:\/\/www.tts-freunde.de\/blog\/author\/admin\/\"}]}<\/script>\n<!-- \/ Yoast SEO plugin. -->","yoast_head_json":{"title":"Audi zeigt Innovationen des Werkzeugbaus auf der Messe \u201eformnext\u201c - Audi Blog","description":"Audi Werkzeugbau gestern, heute und morgen: Die Marke mit den Vier Ringen pr\u00e4sentiert sich mit zahlreichen Exponaten auf der \u201eformnext\u201c.","robots":{"index":"index","follow":"follow","max-snippet":"max-snippet:-1","max-image-preview":"max-image-preview:large","max-video-preview":"max-video-preview:-1"},"canonical":"https:\/\/www.tts-freunde.de\/blog\/2015\/11\/10\/audi-zeigt-innovationen-des-werkzeugbaus-auf-der-messe-formnext\/","og_locale":"de_DE","og_type":"article","og_title":"Audi zeigt Innovationen des Werkzeugbaus auf der Messe \u201eformnext\u201c - Audi Blog","og_description":"Audi Werkzeugbau gestern, heute und morgen: Die Marke mit den Vier Ringen pr\u00e4sentiert sich mit zahlreichen Exponaten auf der \u201eformnext\u201c.","og_url":"https:\/\/www.tts-freunde.de\/blog\/2015\/11\/10\/audi-zeigt-innovationen-des-werkzeugbaus-auf-der-messe-formnext\/","og_site_name":"Audi Blog","article_published_time":"2015-11-10T14:10:36+00:00","og_image":[{"width":1160,"height":820,"url":"https:\/\/www.tts-freunde.de\/blog\/wp-content\/uploads\/2015\/11\/Audi-Werkzeugbau.jpg","type":"image\/jpeg"}],"author":"admin","twitter_card":"summary_large_image","twitter_misc":{"Verfasst von":"admin","Gesch\u00e4tzte Lesezeit":"1\u00a0Minute"},"schema":{"@context":"https:\/\/schema.org","@graph":[{"@type":"Article","@id":"https:\/\/www.tts-freunde.de\/blog\/2015\/11\/10\/audi-zeigt-innovationen-des-werkzeugbaus-auf-der-messe-formnext\/#article","isPartOf":{"@id":"https:\/\/www.tts-freunde.de\/blog\/2015\/11\/10\/audi-zeigt-innovationen-des-werkzeugbaus-auf-der-messe-formnext\/"},"author":{"name":"admin","@id":"https:\/\/www.tts-freunde.de\/blog\/#\/schema\/person\/b67f6a54e98f013bd281dbe05514b701"},"headline":"Audi zeigt Innovationen des Werkzeugbaus auf der Messe \u201eformnext\u201c","datePublished":"2015-11-10T14:10:36+00:00","dateModified":"2015-11-10T14:10:36+00:00","mainEntityOfPage":{"@id":"https:\/\/www.tts-freunde.de\/blog\/2015\/11\/10\/audi-zeigt-innovationen-des-werkzeugbaus-auf-der-messe-formnext\/"},"wordCount":293,"publisher":{"@id":"https:\/\/www.tts-freunde.de\/blog\/#organization"},"image":{"@id":"https:\/\/www.tts-freunde.de\/blog\/2015\/11\/10\/audi-zeigt-innovationen-des-werkzeugbaus-auf-der-messe-formnext\/#primaryimage"},"thumbnailUrl":"https:\/\/www.tts-freunde.de\/blog\/wp-content\/uploads\/2015\/11\/Audi-Werkzeugbau.jpg","keywords":["werkzeugbau"],"articleSection":["Audi AG"],"inLanguage":"de"},{"@type":"WebPage","@id":"https:\/\/www.tts-freunde.de\/blog\/2015\/11\/10\/audi-zeigt-innovationen-des-werkzeugbaus-auf-der-messe-formnext\/","url":"https:\/\/www.tts-freunde.de\/blog\/2015\/11\/10\/audi-zeigt-innovationen-des-werkzeugbaus-auf-der-messe-formnext\/","name":"Audi zeigt Innovationen des Werkzeugbaus auf der Messe \u201eformnext\u201c - Audi Blog","isPartOf":{"@id":"https:\/\/www.tts-freunde.de\/blog\/#website"},"primaryImageOfPage":{"@id":"https:\/\/www.tts-freunde.de\/blog\/2015\/11\/10\/audi-zeigt-innovationen-des-werkzeugbaus-auf-der-messe-formnext\/#primaryimage"},"image":{"@id":"https:\/\/www.tts-freunde.de\/blog\/2015\/11\/10\/audi-zeigt-innovationen-des-werkzeugbaus-auf-der-messe-formnext\/#primaryimage"},"thumbnailUrl":"https:\/\/www.tts-freunde.de\/blog\/wp-content\/uploads\/2015\/11\/Audi-Werkzeugbau.jpg","datePublished":"2015-11-10T14:10:36+00:00","dateModified":"2015-11-10T14:10:36+00:00","description":"Audi Werkzeugbau gestern, heute und morgen: Die Marke mit den Vier Ringen pr\u00e4sentiert sich mit zahlreichen Exponaten auf der \u201eformnext\u201c.","breadcrumb":{"@id":"https:\/\/www.tts-freunde.de\/blog\/2015\/11\/10\/audi-zeigt-innovationen-des-werkzeugbaus-auf-der-messe-formnext\/#breadcrumb"},"inLanguage":"de","potentialAction":[{"@type":"ReadAction","target":["https:\/\/www.tts-freunde.de\/blog\/2015\/11\/10\/audi-zeigt-innovationen-des-werkzeugbaus-auf-der-messe-formnext\/"]}]},{"@type":"ImageObject","inLanguage":"de","@id":"https:\/\/www.tts-freunde.de\/blog\/2015\/11\/10\/audi-zeigt-innovationen-des-werkzeugbaus-auf-der-messe-formnext\/#primaryimage","url":"https:\/\/www.tts-freunde.de\/blog\/wp-content\/uploads\/2015\/11\/Audi-Werkzeugbau.jpg","contentUrl":"https:\/\/www.tts-freunde.de\/blog\/wp-content\/uploads\/2015\/11\/Audi-Werkzeugbau.jpg","width":1160,"height":820},{"@type":"BreadcrumbList","@id":"https:\/\/www.tts-freunde.de\/blog\/2015\/11\/10\/audi-zeigt-innovationen-des-werkzeugbaus-auf-der-messe-formnext\/#breadcrumb","itemListElement":[{"@type":"ListItem","position":1,"name":"Home","item":"https:\/\/www.tts-freunde.de\/blog\/"},{"@type":"ListItem","position":2,"name":"Audi zeigt Innovationen des Werkzeugbaus auf der Messe \u201eformnext\u201c"}]},{"@type":"WebSite","@id":"https:\/\/www.tts-freunde.de\/blog\/#website","url":"https:\/\/www.tts-freunde.de\/blog\/","name":"Audi Blog","description":"Deutscher Audi Blog - TTS-Freunde","publisher":{"@id":"https:\/\/www.tts-freunde.de\/blog\/#organization"},"potentialAction":[{"@type":"SearchAction","target":{"@type":"EntryPoint","urlTemplate":"https:\/\/www.tts-freunde.de\/blog\/?s={search_term_string}"},"query-input":"required name=search_term_string"}],"inLanguage":"de"},{"@type":"Organization","@id":"https:\/\/www.tts-freunde.de\/blog\/#organization","name":"Audi Blog","url":"https:\/\/www.tts-freunde.de\/blog\/","logo":{"@type":"ImageObject","inLanguage":"de","@id":"https:\/\/www.tts-freunde.de\/blog\/#\/schema\/logo\/image\/","url":"https:\/\/www.tts-freunde.de\/blog\/wp-content\/uploads\/2022\/12\/logo_2022.jpg","contentUrl":"https:\/\/www.tts-freunde.de\/blog\/wp-content\/uploads\/2022\/12\/logo_2022.jpg","width":240,"height":41,"caption":"Audi Blog"},"image":{"@id":"https:\/\/www.tts-freunde.de\/blog\/#\/schema\/logo\/image\/"}},{"@type":"Person","@id":"https:\/\/www.tts-freunde.de\/blog\/#\/schema\/person\/b67f6a54e98f013bd281dbe05514b701","name":"admin","image":{"@type":"ImageObject","inLanguage":"de","@id":"https:\/\/www.tts-freunde.de\/blog\/#\/schema\/person\/image\/","url":"https:\/\/secure.gravatar.com\/avatar\/08a4bd330e25056ddb430c28136b38a6?s=96&d=mm&r=g","contentUrl":"https:\/\/secure.gravatar.com\/avatar\/08a4bd330e25056ddb430c28136b38a6?s=96&d=mm&r=g","caption":"admin"},"sameAs":["http:\/\/www.tts-freunde.de"],"url":"https:\/\/www.tts-freunde.de\/blog\/author\/admin\/"}]}},"jetpack_sharing_enabled":true,"jetpack_featured_media_url":"https:\/\/www.tts-freunde.de\/blog\/wp-content\/uploads\/2015\/11\/Audi-Werkzeugbau.jpg","jetpack_shortlink":"https:\/\/wp.me\/p67hWW-r9","jetpack_likes_enabled":false,"jetpack-related-posts":[],"_links":{"self":[{"href":"https:\/\/www.tts-freunde.de\/blog\/wp-json\/wp\/v2\/posts\/1683"}],"collection":[{"href":"https:\/\/www.tts-freunde.de\/blog\/wp-json\/wp\/v2\/posts"}],"about":[{"href":"https:\/\/www.tts-freunde.de\/blog\/wp-json\/wp\/v2\/types\/post"}],"author":[{"embeddable":true,"href":"https:\/\/www.tts-freunde.de\/blog\/wp-json\/wp\/v2\/users\/1"}],"replies":[{"embeddable":true,"href":"https:\/\/www.tts-freunde.de\/blog\/wp-json\/wp\/v2\/comments?post=1683"}],"version-history":[{"count":1,"href":"https:\/\/www.tts-freunde.de\/blog\/wp-json\/wp\/v2\/posts\/1683\/revisions"}],"predecessor-version":[{"id":1685,"href":"https:\/\/www.tts-freunde.de\/blog\/wp-json\/wp\/v2\/posts\/1683\/revisions\/1685"}],"wp:featuredmedia":[{"embeddable":true,"href":"https:\/\/www.tts-freunde.de\/blog\/wp-json\/wp\/v2\/media\/1684"}],"wp:attachment":[{"href":"https:\/\/www.tts-freunde.de\/blog\/wp-json\/wp\/v2\/media?parent=1683"}],"wp:term":[{"taxonomy":"category","embeddable":true,"href":"https:\/\/www.tts-freunde.de\/blog\/wp-json\/wp\/v2\/categories?post=1683"},{"taxonomy":"post_tag","embeddable":true,"href":"https:\/\/www.tts-freunde.de\/blog\/wp-json\/wp\/v2\/tags?post=1683"}],"curies":[{"name":"wp","href":"https:\/\/api.w.org\/{rel}","templated":true}]}}