{"id":1693,"date":"2015-11-13T08:00:08","date_gmt":"2015-11-13T07:00:08","guid":{"rendered":"http:\/\/tts-freunde.de\/blog\/?p=1693"},"modified":"2015-11-12T18:16:03","modified_gmt":"2015-11-12T17:16:03","slug":"audi-setzt-absatzwachstum-im-oktober-fort","status":"publish","type":"post","link":"https:\/\/www.tts-freunde.de\/blog\/2015\/11\/13\/audi-setzt-absatzwachstum-im-oktober-fort\/","title":{"rendered":"Audi setzt Absatzwachstum im Oktober fort"},"content":{"rendered":"<div id=\"item-981abda6-05e3-41ca-b9f2-435bf2ea9af0\" class=\"page-item--column col-sm-4\">\n<div class=\"page-row has-no-item-box\">\n<div id=\"item-c7b79ae7-d5f2-4d67-8464-cff1d2e512c7\" class=\"page-item--topic-list\">\n<ul class=\"topic-list\">\n<li>Weltweit rund 149.200 Auslieferungen im Oktober, plus 2,0 Prozent<\/li>\n<li>Vertriebs-Chef Dietmar Voggenreiter: \u201eHalten Kurs und wollen 2015 mit neuer Bestmarke abschlie\u00dfen\u201c<\/li>\n<li>Neuer A4 kommt im November zu europ\u00e4ischen H\u00e4ndlern<\/li>\n<\/ul>\n<p><a href=\"http:\/\/tts-freunde.de\/blog\/wp-content\/uploads\/2015\/11\/Audi-A6-allroad-quattro.jpg\"><img loading=\"lazy\" decoding=\"async\" data-attachment-id=\"1694\" data-permalink=\"https:\/\/www.tts-freunde.de\/blog\/2015\/11\/13\/audi-setzt-absatzwachstum-im-oktober-fort\/audi-a6-allroad-quattro\/\" data-orig-file=\"https:\/\/www.tts-freunde.de\/blog\/wp-content\/uploads\/2015\/11\/Audi-A6-allroad-quattro.jpg\" data-orig-size=\"1160,759\" data-comments-opened=\"0\" data-image-meta=\"{&quot;aperture&quot;:&quot;0&quot;,&quot;credit&quot;:&quot;&quot;,&quot;camera&quot;:&quot;&quot;,&quot;caption&quot;:&quot;&quot;,&quot;created_timestamp&quot;:&quot;0&quot;,&quot;copyright&quot;:&quot;&quot;,&quot;focal_length&quot;:&quot;0&quot;,&quot;iso&quot;:&quot;0&quot;,&quot;shutter_speed&quot;:&quot;0&quot;,&quot;title&quot;:&quot;&quot;,&quot;orientation&quot;:&quot;0&quot;}\" data-image-title=\"Audi A6 allroad quattro\" data-image-description=\"\" data-image-caption=\"\" data-medium-file=\"https:\/\/www.tts-freunde.de\/blog\/wp-content\/uploads\/2015\/11\/Audi-A6-allroad-quattro-300x196.jpg\" data-large-file=\"https:\/\/www.tts-freunde.de\/blog\/wp-content\/uploads\/2015\/11\/Audi-A6-allroad-quattro-1024x670.jpg\" tabindex=\"0\" role=\"button\" class=\"alignleft size-full wp-image-1694\" src=\"http:\/\/tts-freunde.de\/blog\/wp-content\/uploads\/2015\/11\/Audi-A6-allroad-quattro.jpg\" alt=\"Audi A6 allroad quattro\" width=\"1160\" height=\"759\" srcset=\"https:\/\/www.tts-freunde.de\/blog\/wp-content\/uploads\/2015\/11\/Audi-A6-allroad-quattro.jpg 1160w, https:\/\/www.tts-freunde.de\/blog\/wp-content\/uploads\/2015\/11\/Audi-A6-allroad-quattro-300x196.jpg 300w, https:\/\/www.tts-freunde.de\/blog\/wp-content\/uploads\/2015\/11\/Audi-A6-allroad-quattro-1024x670.jpg 1024w, https:\/\/www.tts-freunde.de\/blog\/wp-content\/uploads\/2015\/11\/Audi-A6-allroad-quattro-50x33.jpg 50w\" sizes=\"(max-width: 1160px) 100vw, 1160px\" \/><\/a><\/p>\n<div class=\"page-row has-no-item-box\">\n<div id=\"item-cb8f0587-a6c4-46e3-89a3-f2a61813efc4\" class=\"page-item--intro\">\n<div class=\"intro-text\">\n<p style=\"text-align: justify;\">Audi ist mit weiterem Absatzwachstum in das vierte Quartal gestartet. Im Oktober stiegen die weltweiten Auslieferungen gegen\u00fcber dem Vorjahresmonat um 2,0 Prozent auf rund 149.200 Automobile. Besonders in den USA (+16,8 Prozent) und s\u00fcdeurop\u00e4ischen M\u00e4rkten entwickelte sich die Nachfrage nach den Vier Ringen deutlich positiv. Seit Januar entschieden sich insgesamt rund 1.497.150 Kunden f\u00fcr einen Audi, das sind 3,6 Prozent mehr als vor einem Jahr. Dabei liegen die Verkaufszahlen in allen Weltregionen \u00fcber dem Vergleichswert aus 2014.<\/p>\n<\/div>\n<\/div>\n<\/div>\n<div class=\"page-row has-no-item-box\">\n<div id=\"item-82951feb-3fe5-4143-af94-c44182e771bd\" class=\"page-item--text\">\n<div class=\"style-links-for-body-text\">\n<p style=\"text-align: justify;\">\u201eTrotz des unmittelbar bevorstehenden Modellwechsels bei unserem Bestseller, dem A4, hat sich der Audi-Absatz im Oktober weiter positiv entwickelt. Dies belegt erneut, dass unser Gesch\u00e4ft auf einer sehr robusten Basis steht\u201c, sagt Dietmar Voggenreiter, Vorstand f\u00fcr Vertrieb und Marketing der AUDI AG. \u201eWir liegen damit klar auf Kurs, im Gesamtjahr 2015 eine weitere Bestmarke zu erzielen.\u201c<\/p>\n<p style=\"text-align: justify;\">Der neue A4 startet in dieser Woche als Limousine und Avant in den ersten europ\u00e4ischen L\u00e4ndern, bevor er 2016 seine Premiere in den \u00dcbersee-M\u00e4rkten feiern wird. Sein Vorg\u00e4nger ist die bislang erfolgreichste A4-Generation aller Zeiten, von ihr hat Audi bis heute \u00fcber 2,4 Millionen Einheiten weltweit verkauft. Diese Erfolgsgeschichte wird das Unternehmen mit dem neuen A4 fortschreiben und erwartet f\u00fcr das globale Premium-Mittelklassesegment weitere deutliche Zuw\u00e4chse.\u00a0Bereits bevor der neue A4 bei den H\u00e4ndlern eingetroffen ist, erreichen die Vorbestellungen f\u00fcr das Modell ein sehr hohes Niveau.<\/p>\n<p style=\"text-align: justify;\">In den vergangenen Monaten sind sowohl der neue Audi TT wie auch der neue Q7 erfolgreich gestartet; beide setzten im Oktober ihren Wachstumskurs fort. Die TT-Verk\u00e4ufe kletterten gegen\u00fcber dem Vergleichsmonat 2014 um 79 Prozent auf rund 2.400 Einheiten. Der Q7 erreichte ein Plus von 55,3 Prozent auf rund 7.600 Oberklasse SUV. Seine neue Generation wird in den kommenden Monaten auch in den gro\u00dfen au\u00dfereurop\u00e4ischen M\u00e4rkten eingef\u00fchrt. Im Oktober legte im Top-Segment au\u00dferdem der A6 (+5,2% auf rund 24.500 Autos) klar zu.<\/p>\n<p style=\"text-align: justify;\">Unter den gro\u00dfen Absatzm\u00e4rkten von Audi waren auch im Oktober die<strong> USA <\/strong>der st\u00e4rkste Wachstumsmotor f\u00fcr die Vier Ringe. Audi of America meldete ein Plus von 16,8 Prozent auf 17.700 Kunden im Monat. Kumuliert erh\u00f6hten sich die Verk\u00e4ufe seit Januar um 13,0 Prozent auf 165.103 Premium-Automobile und damit mehr als doppelt so stark wie f\u00fcr den US-Markt insgesamt.<\/p>\n<p style=\"text-align: justify;\">In Europa kn\u00fcpften im Oktober insbesondere <strong>Frankreich<\/strong> (+11,0% auf 5.495 Autos),<strong> Italien<\/strong> (+11,9% auf 4.602 Autos) und die <strong>Niederlande<\/strong> (+30,4% auf 1.619 Autos) an ihre positive Entwicklung der vergangenen Monate an. Auch auf der iberischen Halbinsel ging es f\u00fcr Audi weiter voran: In <strong>Spanien<\/strong> \u00fcbergab Audi 3.380 Automobile und damit 7,7 Prozent mehr als vor einem Jahr, in <strong>Portugal <\/strong>toppten 881 Auslieferungen den Vorjahreswert um 39,4 Prozent. Demgegen\u00fcber fiel in <strong>Russland<\/strong> nach Zuw\u00e4chsen im September die Absatzbilanz im Oktober wieder hinter den Vergleichswert aus 2014 zur\u00fcck (-17,9% auf 2.155 Autos). Insgesamt verkaufte Audi im vergangenen Monat in<strong> Europa <\/strong>rund 67.350 Automobile und damit 3,4 Prozent mehr als vor Jahresfrist, kumuliert entsprechen rund 680.000 Auslieferungen einem Plus von 3,8 Prozent.<\/p>\n<p style=\"text-align: justify;\">In <strong>China <\/strong>lieferte Audi im Oktober 46.763 Premium-Automobile an Kunden aus, 2,8 Prozent weniger als vor einem Jahr. Im Vergleichszeitraum hatte die im Herbst 2014 angelaufene Markteinf\u00fchrung der A3 Limousine als weiteres lokal produziertes Modell f\u00fcr zus\u00e4tzlichen Andrang bei den chinesischen H\u00e4ndlern gesorgt. Von Januar bis Oktober diesen Jahres lag der Audi-Absatz in China nahezu auf dem Niveau des Vorjahres: minus 0,6 Prozent auf 461.174 Kunden. Im selben Zeitraum steigerte sich Audi vor allem in <strong>Australien<\/strong> (+19,0% auf 19.079 Autos) und <strong>S\u00fcdkorea<\/strong> (+11,1% auf 25.848 Autos) deutlich. Damit belaufen sich die kumulierten Auslieferungen des Unternehmens in der gesamten <strong>Region Asien-Pazifik<\/strong> auf rund 549.100 Automobile, das sind 0,3 Prozent mehr als ein Jahr zuvor.<\/p>\n<\/div>\n<\/div>\n<\/div>\n<\/div>\n<\/div>\n<\/div>\n","protected":false},"excerpt":{"rendered":"<p>Weltweit rund 149.200 Auslieferungen im Oktober, plus 2,0 Prozent Vertriebs-Chef Dietmar Voggenreiter: \u201eHalten Kurs und wollen 2015 mit neuer Bestmarke abschlie\u00dfen\u201c Neuer A4 kommt im November zu europ\u00e4ischen H\u00e4ndlern Audi ist mit weiterem Absatzwachstum in das vierte Quartal gestartet. Im Oktober stiegen die weltweiten Auslieferungen gegen\u00fcber dem Vorjahresmonat um 2,0 [&hellip;]<\/p>\n","protected":false},"author":1,"featured_media":1694,"comment_status":"closed","ping_status":"open","sticky":false,"template":"","format":"standard","meta":{"jetpack_post_was_ever_published":false,"_jetpack_newsletter_access":"","_jetpack_dont_email_post_to_subs":false,"_jetpack_newsletter_tier_id":0,"_jetpack_memberships_contains_paywalled_content":false,"_jetpack_memberships_contains_paid_content":false,"footnotes":"","jetpack_publicize_message":"#Audi setzt Absatzwachstum im #Oktober fort","jetpack_publicize_feature_enabled":true,"jetpack_social_post_already_shared":true,"jetpack_social_options":{"image_generator_settings":{"template":"highway","enabled":false},"version":2}},"categories":[16],"tags":[],"class_list":["post-1693","post","type-post","status-publish","format-standard","has-post-thumbnail","hentry","category-audi-ag"],"wppr_data":{"cwp_meta_box_check":"No","cwp_rev_product_name":"","cwp_rev_product_image":"","cwp_image_link":"image","cwp_rev_price":""},"jetpack_publicize_connections":[],"yoast_head":"<!-- This site is optimized with the Yoast SEO plugin v23.3 - https:\/\/yoast.com\/wordpress\/plugins\/seo\/ -->\n<title>Audi setzt Absatzwachstum im Oktober fort - Audi Blog<\/title>\n<meta name=\"description\" content=\"Audi ist mit weiterem Absatzwachstum in das vierte Quartal gestartet.\" \/>\n<meta name=\"robots\" content=\"index, follow, max-snippet:-1, max-image-preview:large, max-video-preview:-1\" \/>\n<link rel=\"canonical\" href=\"https:\/\/www.tts-freunde.de\/blog\/2015\/11\/13\/audi-setzt-absatzwachstum-im-oktober-fort\/\" \/>\n<meta property=\"og:locale\" content=\"de_DE\" \/>\n<meta property=\"og:type\" content=\"article\" \/>\n<meta property=\"og:title\" content=\"Audi setzt Absatzwachstum im Oktober fort - Audi Blog\" \/>\n<meta property=\"og:description\" content=\"Audi ist mit weiterem Absatzwachstum in das vierte Quartal gestartet.\" \/>\n<meta property=\"og:url\" content=\"https:\/\/www.tts-freunde.de\/blog\/2015\/11\/13\/audi-setzt-absatzwachstum-im-oktober-fort\/\" \/>\n<meta property=\"og:site_name\" content=\"Audi Blog\" \/>\n<meta property=\"article:published_time\" content=\"2015-11-13T07:00:08+00:00\" \/>\n<meta property=\"article:modified_time\" content=\"2015-11-12T17:16:03+00:00\" \/>\n<meta property=\"og:image\" content=\"https:\/\/www.tts-freunde.de\/blog\/wp-content\/uploads\/2015\/11\/Audi-A6-allroad-quattro.jpg\" \/>\n\t<meta property=\"og:image:width\" content=\"1160\" \/>\n\t<meta property=\"og:image:height\" content=\"759\" \/>\n\t<meta property=\"og:image:type\" content=\"image\/jpeg\" \/>\n<meta name=\"author\" content=\"admin\" \/>\n<meta name=\"twitter:card\" content=\"summary_large_image\" \/>\n<meta name=\"twitter:label1\" content=\"Verfasst von\" \/>\n\t<meta name=\"twitter:data1\" content=\"admin\" \/>\n\t<meta name=\"twitter:label2\" content=\"Gesch\u00e4tzte Lesezeit\" \/>\n\t<meta name=\"twitter:data2\" content=\"3\u00a0Minuten\" \/>\n<script type=\"application\/ld+json\" class=\"yoast-schema-graph\">{\"@context\":\"https:\/\/schema.org\",\"@graph\":[{\"@type\":\"Article\",\"@id\":\"https:\/\/www.tts-freunde.de\/blog\/2015\/11\/13\/audi-setzt-absatzwachstum-im-oktober-fort\/#article\",\"isPartOf\":{\"@id\":\"https:\/\/www.tts-freunde.de\/blog\/2015\/11\/13\/audi-setzt-absatzwachstum-im-oktober-fort\/\"},\"author\":{\"name\":\"admin\",\"@id\":\"https:\/\/www.tts-freunde.de\/blog\/#\/schema\/person\/b67f6a54e98f013bd281dbe05514b701\"},\"headline\":\"Audi setzt Absatzwachstum im Oktober fort\",\"datePublished\":\"2015-11-13T07:00:08+00:00\",\"dateModified\":\"2015-11-12T17:16:03+00:00\",\"mainEntityOfPage\":{\"@id\":\"https:\/\/www.tts-freunde.de\/blog\/2015\/11\/13\/audi-setzt-absatzwachstum-im-oktober-fort\/\"},\"wordCount\":619,\"publisher\":{\"@id\":\"https:\/\/www.tts-freunde.de\/blog\/#organization\"},\"image\":{\"@id\":\"https:\/\/www.tts-freunde.de\/blog\/2015\/11\/13\/audi-setzt-absatzwachstum-im-oktober-fort\/#primaryimage\"},\"thumbnailUrl\":\"https:\/\/www.tts-freunde.de\/blog\/wp-content\/uploads\/2015\/11\/Audi-A6-allroad-quattro.jpg\",\"articleSection\":[\"Audi AG\"],\"inLanguage\":\"de\"},{\"@type\":\"WebPage\",\"@id\":\"https:\/\/www.tts-freunde.de\/blog\/2015\/11\/13\/audi-setzt-absatzwachstum-im-oktober-fort\/\",\"url\":\"https:\/\/www.tts-freunde.de\/blog\/2015\/11\/13\/audi-setzt-absatzwachstum-im-oktober-fort\/\",\"name\":\"Audi setzt Absatzwachstum im Oktober fort - Audi Blog\",\"isPartOf\":{\"@id\":\"https:\/\/www.tts-freunde.de\/blog\/#website\"},\"primaryImageOfPage\":{\"@id\":\"https:\/\/www.tts-freunde.de\/blog\/2015\/11\/13\/audi-setzt-absatzwachstum-im-oktober-fort\/#primaryimage\"},\"image\":{\"@id\":\"https:\/\/www.tts-freunde.de\/blog\/2015\/11\/13\/audi-setzt-absatzwachstum-im-oktober-fort\/#primaryimage\"},\"thumbnailUrl\":\"https:\/\/www.tts-freunde.de\/blog\/wp-content\/uploads\/2015\/11\/Audi-A6-allroad-quattro.jpg\",\"datePublished\":\"2015-11-13T07:00:08+00:00\",\"dateModified\":\"2015-11-12T17:16:03+00:00\",\"description\":\"Audi ist mit weiterem Absatzwachstum in das vierte Quartal gestartet.\",\"breadcrumb\":{\"@id\":\"https:\/\/www.tts-freunde.de\/blog\/2015\/11\/13\/audi-setzt-absatzwachstum-im-oktober-fort\/#breadcrumb\"},\"inLanguage\":\"de\",\"potentialAction\":[{\"@type\":\"ReadAction\",\"target\":[\"https:\/\/www.tts-freunde.de\/blog\/2015\/11\/13\/audi-setzt-absatzwachstum-im-oktober-fort\/\"]}]},{\"@type\":\"ImageObject\",\"inLanguage\":\"de\",\"@id\":\"https:\/\/www.tts-freunde.de\/blog\/2015\/11\/13\/audi-setzt-absatzwachstum-im-oktober-fort\/#primaryimage\",\"url\":\"https:\/\/www.tts-freunde.de\/blog\/wp-content\/uploads\/2015\/11\/Audi-A6-allroad-quattro.jpg\",\"contentUrl\":\"https:\/\/www.tts-freunde.de\/blog\/wp-content\/uploads\/2015\/11\/Audi-A6-allroad-quattro.jpg\",\"width\":1160,\"height\":759},{\"@type\":\"BreadcrumbList\",\"@id\":\"https:\/\/www.tts-freunde.de\/blog\/2015\/11\/13\/audi-setzt-absatzwachstum-im-oktober-fort\/#breadcrumb\",\"itemListElement\":[{\"@type\":\"ListItem\",\"position\":1,\"name\":\"Home\",\"item\":\"https:\/\/www.tts-freunde.de\/blog\/\"},{\"@type\":\"ListItem\",\"position\":2,\"name\":\"Audi setzt Absatzwachstum im Oktober fort\"}]},{\"@type\":\"WebSite\",\"@id\":\"https:\/\/www.tts-freunde.de\/blog\/#website\",\"url\":\"https:\/\/www.tts-freunde.de\/blog\/\",\"name\":\"Audi Blog\",\"description\":\"Deutscher Audi Blog - TTS-Freunde\",\"publisher\":{\"@id\":\"https:\/\/www.tts-freunde.de\/blog\/#organization\"},\"potentialAction\":[{\"@type\":\"SearchAction\",\"target\":{\"@type\":\"EntryPoint\",\"urlTemplate\":\"https:\/\/www.tts-freunde.de\/blog\/?s={search_term_string}\"},\"query-input\":\"required name=search_term_string\"}],\"inLanguage\":\"de\"},{\"@type\":\"Organization\",\"@id\":\"https:\/\/www.tts-freunde.de\/blog\/#organization\",\"name\":\"Audi Blog\",\"url\":\"https:\/\/www.tts-freunde.de\/blog\/\",\"logo\":{\"@type\":\"ImageObject\",\"inLanguage\":\"de\",\"@id\":\"https:\/\/www.tts-freunde.de\/blog\/#\/schema\/logo\/image\/\",\"url\":\"https:\/\/www.tts-freunde.de\/blog\/wp-content\/uploads\/2022\/12\/logo_2022.jpg\",\"contentUrl\":\"https:\/\/www.tts-freunde.de\/blog\/wp-content\/uploads\/2022\/12\/logo_2022.jpg\",\"width\":240,\"height\":41,\"caption\":\"Audi Blog\"},\"image\":{\"@id\":\"https:\/\/www.tts-freunde.de\/blog\/#\/schema\/logo\/image\/\"}},{\"@type\":\"Person\",\"@id\":\"https:\/\/www.tts-freunde.de\/blog\/#\/schema\/person\/b67f6a54e98f013bd281dbe05514b701\",\"name\":\"admin\",\"image\":{\"@type\":\"ImageObject\",\"inLanguage\":\"de\",\"@id\":\"https:\/\/www.tts-freunde.de\/blog\/#\/schema\/person\/image\/\",\"url\":\"https:\/\/secure.gravatar.com\/avatar\/08a4bd330e25056ddb430c28136b38a6?s=96&d=mm&r=g\",\"contentUrl\":\"https:\/\/secure.gravatar.com\/avatar\/08a4bd330e25056ddb430c28136b38a6?s=96&d=mm&r=g\",\"caption\":\"admin\"},\"sameAs\":[\"http:\/\/www.tts-freunde.de\"],\"url\":\"https:\/\/www.tts-freunde.de\/blog\/author\/admin\/\"}]}<\/script>\n<!-- \/ Yoast SEO plugin. -->","yoast_head_json":{"title":"Audi setzt Absatzwachstum im Oktober fort - Audi Blog","description":"Audi ist mit weiterem Absatzwachstum in das vierte Quartal gestartet.","robots":{"index":"index","follow":"follow","max-snippet":"max-snippet:-1","max-image-preview":"max-image-preview:large","max-video-preview":"max-video-preview:-1"},"canonical":"https:\/\/www.tts-freunde.de\/blog\/2015\/11\/13\/audi-setzt-absatzwachstum-im-oktober-fort\/","og_locale":"de_DE","og_type":"article","og_title":"Audi setzt Absatzwachstum im Oktober fort - Audi Blog","og_description":"Audi ist mit weiterem Absatzwachstum in das vierte Quartal gestartet.","og_url":"https:\/\/www.tts-freunde.de\/blog\/2015\/11\/13\/audi-setzt-absatzwachstum-im-oktober-fort\/","og_site_name":"Audi Blog","article_published_time":"2015-11-13T07:00:08+00:00","article_modified_time":"2015-11-12T17:16:03+00:00","og_image":[{"width":1160,"height":759,"url":"https:\/\/www.tts-freunde.de\/blog\/wp-content\/uploads\/2015\/11\/Audi-A6-allroad-quattro.jpg","type":"image\/jpeg"}],"author":"admin","twitter_card":"summary_large_image","twitter_misc":{"Verfasst von":"admin","Gesch\u00e4tzte Lesezeit":"3\u00a0Minuten"},"schema":{"@context":"https:\/\/schema.org","@graph":[{"@type":"Article","@id":"https:\/\/www.tts-freunde.de\/blog\/2015\/11\/13\/audi-setzt-absatzwachstum-im-oktober-fort\/#article","isPartOf":{"@id":"https:\/\/www.tts-freunde.de\/blog\/2015\/11\/13\/audi-setzt-absatzwachstum-im-oktober-fort\/"},"author":{"name":"admin","@id":"https:\/\/www.tts-freunde.de\/blog\/#\/schema\/person\/b67f6a54e98f013bd281dbe05514b701"},"headline":"Audi setzt Absatzwachstum im Oktober fort","datePublished":"2015-11-13T07:00:08+00:00","dateModified":"2015-11-12T17:16:03+00:00","mainEntityOfPage":{"@id":"https:\/\/www.tts-freunde.de\/blog\/2015\/11\/13\/audi-setzt-absatzwachstum-im-oktober-fort\/"},"wordCount":619,"publisher":{"@id":"https:\/\/www.tts-freunde.de\/blog\/#organization"},"image":{"@id":"https:\/\/www.tts-freunde.de\/blog\/2015\/11\/13\/audi-setzt-absatzwachstum-im-oktober-fort\/#primaryimage"},"thumbnailUrl":"https:\/\/www.tts-freunde.de\/blog\/wp-content\/uploads\/2015\/11\/Audi-A6-allroad-quattro.jpg","articleSection":["Audi AG"],"inLanguage":"de"},{"@type":"WebPage","@id":"https:\/\/www.tts-freunde.de\/blog\/2015\/11\/13\/audi-setzt-absatzwachstum-im-oktober-fort\/","url":"https:\/\/www.tts-freunde.de\/blog\/2015\/11\/13\/audi-setzt-absatzwachstum-im-oktober-fort\/","name":"Audi setzt Absatzwachstum im Oktober fort - Audi Blog","isPartOf":{"@id":"https:\/\/www.tts-freunde.de\/blog\/#website"},"primaryImageOfPage":{"@id":"https:\/\/www.tts-freunde.de\/blog\/2015\/11\/13\/audi-setzt-absatzwachstum-im-oktober-fort\/#primaryimage"},"image":{"@id":"https:\/\/www.tts-freunde.de\/blog\/2015\/11\/13\/audi-setzt-absatzwachstum-im-oktober-fort\/#primaryimage"},"thumbnailUrl":"https:\/\/www.tts-freunde.de\/blog\/wp-content\/uploads\/2015\/11\/Audi-A6-allroad-quattro.jpg","datePublished":"2015-11-13T07:00:08+00:00","dateModified":"2015-11-12T17:16:03+00:00","description":"Audi ist mit weiterem Absatzwachstum in das vierte Quartal gestartet.","breadcrumb":{"@id":"https:\/\/www.tts-freunde.de\/blog\/2015\/11\/13\/audi-setzt-absatzwachstum-im-oktober-fort\/#breadcrumb"},"inLanguage":"de","potentialAction":[{"@type":"ReadAction","target":["https:\/\/www.tts-freunde.de\/blog\/2015\/11\/13\/audi-setzt-absatzwachstum-im-oktober-fort\/"]}]},{"@type":"ImageObject","inLanguage":"de","@id":"https:\/\/www.tts-freunde.de\/blog\/2015\/11\/13\/audi-setzt-absatzwachstum-im-oktober-fort\/#primaryimage","url":"https:\/\/www.tts-freunde.de\/blog\/wp-content\/uploads\/2015\/11\/Audi-A6-allroad-quattro.jpg","contentUrl":"https:\/\/www.tts-freunde.de\/blog\/wp-content\/uploads\/2015\/11\/Audi-A6-allroad-quattro.jpg","width":1160,"height":759},{"@type":"BreadcrumbList","@id":"https:\/\/www.tts-freunde.de\/blog\/2015\/11\/13\/audi-setzt-absatzwachstum-im-oktober-fort\/#breadcrumb","itemListElement":[{"@type":"ListItem","position":1,"name":"Home","item":"https:\/\/www.tts-freunde.de\/blog\/"},{"@type":"ListItem","position":2,"name":"Audi setzt Absatzwachstum im Oktober fort"}]},{"@type":"WebSite","@id":"https:\/\/www.tts-freunde.de\/blog\/#website","url":"https:\/\/www.tts-freunde.de\/blog\/","name":"Audi Blog","description":"Deutscher Audi Blog - TTS-Freunde","publisher":{"@id":"https:\/\/www.tts-freunde.de\/blog\/#organization"},"potentialAction":[{"@type":"SearchAction","target":{"@type":"EntryPoint","urlTemplate":"https:\/\/www.tts-freunde.de\/blog\/?s={search_term_string}"},"query-input":"required name=search_term_string"}],"inLanguage":"de"},{"@type":"Organization","@id":"https:\/\/www.tts-freunde.de\/blog\/#organization","name":"Audi Blog","url":"https:\/\/www.tts-freunde.de\/blog\/","logo":{"@type":"ImageObject","inLanguage":"de","@id":"https:\/\/www.tts-freunde.de\/blog\/#\/schema\/logo\/image\/","url":"https:\/\/www.tts-freunde.de\/blog\/wp-content\/uploads\/2022\/12\/logo_2022.jpg","contentUrl":"https:\/\/www.tts-freunde.de\/blog\/wp-content\/uploads\/2022\/12\/logo_2022.jpg","width":240,"height":41,"caption":"Audi Blog"},"image":{"@id":"https:\/\/www.tts-freunde.de\/blog\/#\/schema\/logo\/image\/"}},{"@type":"Person","@id":"https:\/\/www.tts-freunde.de\/blog\/#\/schema\/person\/b67f6a54e98f013bd281dbe05514b701","name":"admin","image":{"@type":"ImageObject","inLanguage":"de","@id":"https:\/\/www.tts-freunde.de\/blog\/#\/schema\/person\/image\/","url":"https:\/\/secure.gravatar.com\/avatar\/08a4bd330e25056ddb430c28136b38a6?s=96&d=mm&r=g","contentUrl":"https:\/\/secure.gravatar.com\/avatar\/08a4bd330e25056ddb430c28136b38a6?s=96&d=mm&r=g","caption":"admin"},"sameAs":["http:\/\/www.tts-freunde.de"],"url":"https:\/\/www.tts-freunde.de\/blog\/author\/admin\/"}]}},"jetpack_sharing_enabled":true,"jetpack_featured_media_url":"https:\/\/www.tts-freunde.de\/blog\/wp-content\/uploads\/2015\/11\/Audi-A6-allroad-quattro.jpg","jetpack_shortlink":"https:\/\/wp.me\/p67hWW-rj","jetpack_likes_enabled":false,"jetpack-related-posts":[],"_links":{"self":[{"href":"https:\/\/www.tts-freunde.de\/blog\/wp-json\/wp\/v2\/posts\/1693"}],"collection":[{"href":"https:\/\/www.tts-freunde.de\/blog\/wp-json\/wp\/v2\/posts"}],"about":[{"href":"https:\/\/www.tts-freunde.de\/blog\/wp-json\/wp\/v2\/types\/post"}],"author":[{"embeddable":true,"href":"https:\/\/www.tts-freunde.de\/blog\/wp-json\/wp\/v2\/users\/1"}],"replies":[{"embeddable":true,"href":"https:\/\/www.tts-freunde.de\/blog\/wp-json\/wp\/v2\/comments?post=1693"}],"version-history":[{"count":1,"href":"https:\/\/www.tts-freunde.de\/blog\/wp-json\/wp\/v2\/posts\/1693\/revisions"}],"predecessor-version":[{"id":1695,"href":"https:\/\/www.tts-freunde.de\/blog\/wp-json\/wp\/v2\/posts\/1693\/revisions\/1695"}],"wp:featuredmedia":[{"embeddable":true,"href":"https:\/\/www.tts-freunde.de\/blog\/wp-json\/wp\/v2\/media\/1694"}],"wp:attachment":[{"href":"https:\/\/www.tts-freunde.de\/blog\/wp-json\/wp\/v2\/media?parent=1693"}],"wp:term":[{"taxonomy":"category","embeddable":true,"href":"https:\/\/www.tts-freunde.de\/blog\/wp-json\/wp\/v2\/categories?post=1693"},{"taxonomy":"post_tag","embeddable":true,"href":"https:\/\/www.tts-freunde.de\/blog\/wp-json\/wp\/v2\/tags?post=1693"}],"curies":[{"name":"wp","href":"https:\/\/api.w.org\/{rel}","templated":true}]}}