{"id":1800,"date":"2015-12-01T17:28:36","date_gmt":"2015-12-01T16:28:36","guid":{"rendered":"http:\/\/tts-freunde.de\/blog\/?p=1800"},"modified":"2015-12-01T17:28:36","modified_gmt":"2015-12-01T16:28:36","slug":"audi-auf-der-design-miami-elektrisch-in-die-zukunft","status":"publish","type":"post","link":"https:\/\/www.tts-freunde.de\/blog\/2015\/12\/01\/audi-auf-der-design-miami-elektrisch-in-die-zukunft\/","title":{"rendered":"Audi auf der Design Miami: Elektrisch in die Zukunft"},"content":{"rendered":"<div id=\"item-6eb9ebf0-7863-4629-9c8f-3b6231e010e6\" class=\"page-item--column col-sm-4\">\n<div class=\"page-row has-no-item-box\">\n<div id=\"item-d3efcbb2-13ae-4428-aed0-a220f045f456\" class=\"page-item--topic-list\">\n<div class=\"topic-list\">\n<ul>\n<li>Pr\u00e4sentation des Audi e-tron quattro concept mit Kunstinstallation<\/li>\n<li>Kooperation mit Designstudio \u201eHumans since 1982\u201c<\/li>\n<li>Audi Vertriebs-Chef Dietmar Voggenreiter: \u201eDer kreative Austausch mit K\u00fcnstlern und Designern inspiriert uns\u201c<\/li>\n<\/ul>\n<p><a href=\"http:\/\/tts-freunde.de\/blog\/wp-content\/uploads\/2015\/12\/audi-miami.jpg\"><img loading=\"lazy\" decoding=\"async\" data-attachment-id=\"1801\" data-permalink=\"https:\/\/www.tts-freunde.de\/blog\/2015\/12\/01\/audi-auf-der-design-miami-elektrisch-in-die-zukunft\/audi-miami\/\" data-orig-file=\"https:\/\/www.tts-freunde.de\/blog\/wp-content\/uploads\/2015\/12\/audi-miami.jpg\" data-orig-size=\"1160,773\" data-comments-opened=\"0\" data-image-meta=\"{&quot;aperture&quot;:&quot;0&quot;,&quot;credit&quot;:&quot;&quot;,&quot;camera&quot;:&quot;&quot;,&quot;caption&quot;:&quot;&quot;,&quot;created_timestamp&quot;:&quot;0&quot;,&quot;copyright&quot;:&quot;&quot;,&quot;focal_length&quot;:&quot;0&quot;,&quot;iso&quot;:&quot;0&quot;,&quot;shutter_speed&quot;:&quot;0&quot;,&quot;title&quot;:&quot;&quot;,&quot;orientation&quot;:&quot;0&quot;}\" data-image-title=\"audi miami\" data-image-description=\"\" data-image-caption=\"\" data-medium-file=\"https:\/\/www.tts-freunde.de\/blog\/wp-content\/uploads\/2015\/12\/audi-miami-300x200.jpg\" data-large-file=\"https:\/\/www.tts-freunde.de\/blog\/wp-content\/uploads\/2015\/12\/audi-miami-1024x682.jpg\" tabindex=\"0\" role=\"button\" class=\"alignleft size-full wp-image-1801\" src=\"http:\/\/tts-freunde.de\/blog\/wp-content\/uploads\/2015\/12\/audi-miami.jpg\" alt=\"audi miami\" width=\"1160\" height=\"773\" srcset=\"https:\/\/www.tts-freunde.de\/blog\/wp-content\/uploads\/2015\/12\/audi-miami.jpg 1160w, https:\/\/www.tts-freunde.de\/blog\/wp-content\/uploads\/2015\/12\/audi-miami-300x200.jpg 300w, https:\/\/www.tts-freunde.de\/blog\/wp-content\/uploads\/2015\/12\/audi-miami-1024x682.jpg 1024w, https:\/\/www.tts-freunde.de\/blog\/wp-content\/uploads\/2015\/12\/audi-miami-50x33.jpg 50w\" sizes=\"(max-width: 1160px) 100vw, 1160px\" \/><\/a><\/p>\n<div class=\"page-row has-no-item-box\">\n<div id=\"item-c5883ead-fa28-4d78-b8c6-9465c0b7e606\" class=\"page-item--intro\">\n<div class=\"intro-text\">\n<p style=\"text-align: justify;\">Auf der diesj\u00e4hrigen Design Miami pr\u00e4sentiert Audi mit dem Audi e-tron quattro concept die Zukunft der Elektromobilit\u00e4t. Das Stockholmer Designstudio \u201eHumans since 1982\u201c gestaltet die Inszenierung des sportlichen SUV. Audi ist bereits seit 2006 Partner der Design Miami.<\/p>\n<\/div>\n<\/div>\n<\/div>\n<div class=\"page-row has-no-item-box\">\n<div id=\"item-fa5d5767-4fb3-4450-8c48-2223e0dbde37\" class=\"page-item--text\">\n<div class=\"style-links-for-body-text\">\n<p style=\"text-align: justify;\">Dietmar Voggenreiter, Vorstand f\u00fcr Vertrieb und Marketing der AUDI AG, erkl\u00e4rt: \u201eDer kreative Austausch mit K\u00fcnstlern und Designern inspiriert uns. Als Vision\u00e4re denken sie \u00fcber Grenzen hinweg. Diese Progressivit\u00e4t geh\u00f6rt auch zu unseren Leitlinien, wenn wir Autos wie den Audi e-tron quattro concept entwickeln.\u201c<\/p>\n<p style=\"text-align: justify;\">Der Auftritt von Audi auf der Design Miami steht in diesem Jahr ganz im Zeichen von Elektrifizierung, Aerodynamik und erneuerbaren Energien. Die Designer Per Emanuelsson und Bastian Bischoff vom Studio \u201eHumans since 1982\u201c entwickelten das Konzept daf\u00fcr. Mit der Inszenierung \u201eSpotlights\u201c greifen sie einzelne Vorz\u00fcge des Showcars\u00a0Audi e-tron quattro concept auf und \u00fcbersetzen diese in eine k\u00fcnstlerische Videoinstallation. Mit ihrem Beitrag reihen sie sich in die Liste namhafter Architekten und Designer ein, die in den vergangenen Jahren f\u00fcr Audi gearbeitet haben: unter anderem Moritz Waldemeyer, Konstantin Grcic, Reed Kram und Clemens Wei\u00dfhaar.<\/p>\n<p style=\"text-align: justify;\">Die Design Miami findet in diesem Jahr vom 2. bis 6. Dezember in Miami Beach statt. Das Designforum gilt als wichtiger Treffpunkt der internationalen Kunst- und Designszene und bringt Sammler, Galeristen und K\u00fcnstler zusammen.<\/p>\n<\/div>\n<\/div>\n<\/div>\n<\/div>\n<\/div>\n<\/div>\n<\/div>\n","protected":false},"excerpt":{"rendered":"<p>Pr\u00e4sentation des Audi e-tron quattro concept mit Kunstinstallation Kooperation mit Designstudio \u201eHumans since 1982\u201c Audi Vertriebs-Chef Dietmar Voggenreiter: \u201eDer kreative Austausch mit K\u00fcnstlern und Designern inspiriert uns\u201c Auf der diesj\u00e4hrigen Design Miami pr\u00e4sentiert Audi mit dem Audi e-tron quattro concept die Zukunft der Elektromobilit\u00e4t. Das Stockholmer Designstudio \u201eHumans since 1982\u201c [&hellip;]<\/p>\n","protected":false},"author":1,"featured_media":1801,"comment_status":"closed","ping_status":"open","sticky":false,"template":"","format":"standard","meta":{"jetpack_post_was_ever_published":false,"_jetpack_newsletter_access":"","_jetpack_dont_email_post_to_subs":false,"_jetpack_newsletter_tier_id":0,"_jetpack_memberships_contains_paywalled_content":false,"_jetpack_memberships_contains_paid_content":false,"footnotes":"","jetpack_publicize_message":"#Audi auf der Design Miami: Elektrisch in die #Zukunft","jetpack_publicize_feature_enabled":true,"jetpack_social_post_already_shared":true,"jetpack_social_options":{"image_generator_settings":{"template":"highway","enabled":false},"version":2}},"categories":[16],"tags":[],"class_list":["post-1800","post","type-post","status-publish","format-standard","has-post-thumbnail","hentry","category-audi-ag"],"wppr_data":{"cwp_meta_box_check":"No","cwp_rev_product_name":"","cwp_rev_product_image":"","cwp_image_link":"image","cwp_rev_price":""},"jetpack_publicize_connections":[],"yoast_head":"<!-- This site is optimized with the Yoast SEO plugin v23.3 - https:\/\/yoast.com\/wordpress\/plugins\/seo\/ -->\n<title>Audi auf der Design Miami: Elektrisch in die Zukunft - Audi Blog<\/title>\n<meta name=\"robots\" content=\"index, follow, max-snippet:-1, max-image-preview:large, max-video-preview:-1\" \/>\n<link rel=\"canonical\" href=\"https:\/\/www.tts-freunde.de\/blog\/2015\/12\/01\/audi-auf-der-design-miami-elektrisch-in-die-zukunft\/\" \/>\n<meta property=\"og:locale\" content=\"de_DE\" \/>\n<meta property=\"og:type\" content=\"article\" \/>\n<meta property=\"og:title\" content=\"Audi auf der Design Miami: Elektrisch in die Zukunft - Audi Blog\" \/>\n<meta property=\"og:description\" content=\"Pr\u00e4sentation des Audi e-tron quattro concept mit Kunstinstallation Kooperation mit Designstudio \u201eHumans since 1982\u201c Audi Vertriebs-Chef Dietmar Voggenreiter: \u201eDer kreative Austausch mit K\u00fcnstlern und Designern inspiriert uns\u201c Auf der diesj\u00e4hrigen Design Miami pr\u00e4sentiert Audi mit dem Audi e-tron quattro concept die Zukunft der Elektromobilit\u00e4t. Das Stockholmer Designstudio \u201eHumans since 1982\u201c [&hellip;]\" \/>\n<meta property=\"og:url\" content=\"https:\/\/www.tts-freunde.de\/blog\/2015\/12\/01\/audi-auf-der-design-miami-elektrisch-in-die-zukunft\/\" \/>\n<meta property=\"og:site_name\" content=\"Audi Blog\" \/>\n<meta property=\"article:published_time\" content=\"2015-12-01T16:28:36+00:00\" \/>\n<meta property=\"og:image\" content=\"https:\/\/www.tts-freunde.de\/blog\/wp-content\/uploads\/2015\/12\/audi-miami.jpg\" \/>\n\t<meta property=\"og:image:width\" content=\"1160\" \/>\n\t<meta property=\"og:image:height\" content=\"773\" \/>\n\t<meta property=\"og:image:type\" content=\"image\/jpeg\" \/>\n<meta name=\"author\" content=\"admin\" \/>\n<meta name=\"twitter:card\" content=\"summary_large_image\" \/>\n<meta name=\"twitter:label1\" content=\"Verfasst von\" \/>\n\t<meta name=\"twitter:data1\" content=\"admin\" \/>\n\t<meta name=\"twitter:label2\" content=\"Gesch\u00e4tzte Lesezeit\" \/>\n\t<meta name=\"twitter:data2\" content=\"1\u00a0Minute\" \/>\n<script type=\"application\/ld+json\" class=\"yoast-schema-graph\">{\"@context\":\"https:\/\/schema.org\",\"@graph\":[{\"@type\":\"Article\",\"@id\":\"https:\/\/www.tts-freunde.de\/blog\/2015\/12\/01\/audi-auf-der-design-miami-elektrisch-in-die-zukunft\/#article\",\"isPartOf\":{\"@id\":\"https:\/\/www.tts-freunde.de\/blog\/2015\/12\/01\/audi-auf-der-design-miami-elektrisch-in-die-zukunft\/\"},\"author\":{\"name\":\"admin\",\"@id\":\"https:\/\/www.tts-freunde.de\/blog\/#\/schema\/person\/b67f6a54e98f013bd281dbe05514b701\"},\"headline\":\"Audi auf der Design Miami: Elektrisch in die Zukunft\",\"datePublished\":\"2015-12-01T16:28:36+00:00\",\"dateModified\":\"2015-12-01T16:28:36+00:00\",\"mainEntityOfPage\":{\"@id\":\"https:\/\/www.tts-freunde.de\/blog\/2015\/12\/01\/audi-auf-der-design-miami-elektrisch-in-die-zukunft\/\"},\"wordCount\":256,\"publisher\":{\"@id\":\"https:\/\/www.tts-freunde.de\/blog\/#organization\"},\"image\":{\"@id\":\"https:\/\/www.tts-freunde.de\/blog\/2015\/12\/01\/audi-auf-der-design-miami-elektrisch-in-die-zukunft\/#primaryimage\"},\"thumbnailUrl\":\"https:\/\/www.tts-freunde.de\/blog\/wp-content\/uploads\/2015\/12\/audi-miami.jpg\",\"articleSection\":[\"Audi AG\"],\"inLanguage\":\"de\"},{\"@type\":\"WebPage\",\"@id\":\"https:\/\/www.tts-freunde.de\/blog\/2015\/12\/01\/audi-auf-der-design-miami-elektrisch-in-die-zukunft\/\",\"url\":\"https:\/\/www.tts-freunde.de\/blog\/2015\/12\/01\/audi-auf-der-design-miami-elektrisch-in-die-zukunft\/\",\"name\":\"Audi auf der Design Miami: Elektrisch in die Zukunft - Audi Blog\",\"isPartOf\":{\"@id\":\"https:\/\/www.tts-freunde.de\/blog\/#website\"},\"primaryImageOfPage\":{\"@id\":\"https:\/\/www.tts-freunde.de\/blog\/2015\/12\/01\/audi-auf-der-design-miami-elektrisch-in-die-zukunft\/#primaryimage\"},\"image\":{\"@id\":\"https:\/\/www.tts-freunde.de\/blog\/2015\/12\/01\/audi-auf-der-design-miami-elektrisch-in-die-zukunft\/#primaryimage\"},\"thumbnailUrl\":\"https:\/\/www.tts-freunde.de\/blog\/wp-content\/uploads\/2015\/12\/audi-miami.jpg\",\"datePublished\":\"2015-12-01T16:28:36+00:00\",\"dateModified\":\"2015-12-01T16:28:36+00:00\",\"breadcrumb\":{\"@id\":\"https:\/\/www.tts-freunde.de\/blog\/2015\/12\/01\/audi-auf-der-design-miami-elektrisch-in-die-zukunft\/#breadcrumb\"},\"inLanguage\":\"de\",\"potentialAction\":[{\"@type\":\"ReadAction\",\"target\":[\"https:\/\/www.tts-freunde.de\/blog\/2015\/12\/01\/audi-auf-der-design-miami-elektrisch-in-die-zukunft\/\"]}]},{\"@type\":\"ImageObject\",\"inLanguage\":\"de\",\"@id\":\"https:\/\/www.tts-freunde.de\/blog\/2015\/12\/01\/audi-auf-der-design-miami-elektrisch-in-die-zukunft\/#primaryimage\",\"url\":\"https:\/\/www.tts-freunde.de\/blog\/wp-content\/uploads\/2015\/12\/audi-miami.jpg\",\"contentUrl\":\"https:\/\/www.tts-freunde.de\/blog\/wp-content\/uploads\/2015\/12\/audi-miami.jpg\",\"width\":1160,\"height\":773},{\"@type\":\"BreadcrumbList\",\"@id\":\"https:\/\/www.tts-freunde.de\/blog\/2015\/12\/01\/audi-auf-der-design-miami-elektrisch-in-die-zukunft\/#breadcrumb\",\"itemListElement\":[{\"@type\":\"ListItem\",\"position\":1,\"name\":\"Home\",\"item\":\"https:\/\/www.tts-freunde.de\/blog\/\"},{\"@type\":\"ListItem\",\"position\":2,\"name\":\"Audi auf der Design Miami: Elektrisch in die Zukunft\"}]},{\"@type\":\"WebSite\",\"@id\":\"https:\/\/www.tts-freunde.de\/blog\/#website\",\"url\":\"https:\/\/www.tts-freunde.de\/blog\/\",\"name\":\"Audi Blog\",\"description\":\"Deutscher Audi Blog - TTS-Freunde\",\"publisher\":{\"@id\":\"https:\/\/www.tts-freunde.de\/blog\/#organization\"},\"potentialAction\":[{\"@type\":\"SearchAction\",\"target\":{\"@type\":\"EntryPoint\",\"urlTemplate\":\"https:\/\/www.tts-freunde.de\/blog\/?s={search_term_string}\"},\"query-input\":\"required name=search_term_string\"}],\"inLanguage\":\"de\"},{\"@type\":\"Organization\",\"@id\":\"https:\/\/www.tts-freunde.de\/blog\/#organization\",\"name\":\"Audi Blog\",\"url\":\"https:\/\/www.tts-freunde.de\/blog\/\",\"logo\":{\"@type\":\"ImageObject\",\"inLanguage\":\"de\",\"@id\":\"https:\/\/www.tts-freunde.de\/blog\/#\/schema\/logo\/image\/\",\"url\":\"https:\/\/www.tts-freunde.de\/blog\/wp-content\/uploads\/2022\/12\/logo_2022.jpg\",\"contentUrl\":\"https:\/\/www.tts-freunde.de\/blog\/wp-content\/uploads\/2022\/12\/logo_2022.jpg\",\"width\":240,\"height\":41,\"caption\":\"Audi Blog\"},\"image\":{\"@id\":\"https:\/\/www.tts-freunde.de\/blog\/#\/schema\/logo\/image\/\"}},{\"@type\":\"Person\",\"@id\":\"https:\/\/www.tts-freunde.de\/blog\/#\/schema\/person\/b67f6a54e98f013bd281dbe05514b701\",\"name\":\"admin\",\"image\":{\"@type\":\"ImageObject\",\"inLanguage\":\"de\",\"@id\":\"https:\/\/www.tts-freunde.de\/blog\/#\/schema\/person\/image\/\",\"url\":\"https:\/\/secure.gravatar.com\/avatar\/08a4bd330e25056ddb430c28136b38a6?s=96&d=mm&r=g\",\"contentUrl\":\"https:\/\/secure.gravatar.com\/avatar\/08a4bd330e25056ddb430c28136b38a6?s=96&d=mm&r=g\",\"caption\":\"admin\"},\"sameAs\":[\"http:\/\/www.tts-freunde.de\"],\"url\":\"https:\/\/www.tts-freunde.de\/blog\/author\/admin\/\"}]}<\/script>\n<!-- \/ Yoast SEO plugin. -->","yoast_head_json":{"title":"Audi auf der Design Miami: Elektrisch in die Zukunft - Audi Blog","robots":{"index":"index","follow":"follow","max-snippet":"max-snippet:-1","max-image-preview":"max-image-preview:large","max-video-preview":"max-video-preview:-1"},"canonical":"https:\/\/www.tts-freunde.de\/blog\/2015\/12\/01\/audi-auf-der-design-miami-elektrisch-in-die-zukunft\/","og_locale":"de_DE","og_type":"article","og_title":"Audi auf der Design Miami: Elektrisch in die Zukunft - Audi Blog","og_description":"Pr\u00e4sentation des Audi e-tron quattro concept mit Kunstinstallation Kooperation mit Designstudio \u201eHumans since 1982\u201c Audi Vertriebs-Chef Dietmar Voggenreiter: \u201eDer kreative Austausch mit K\u00fcnstlern und Designern inspiriert uns\u201c Auf der diesj\u00e4hrigen Design Miami pr\u00e4sentiert Audi mit dem Audi e-tron quattro concept die Zukunft der Elektromobilit\u00e4t. Das Stockholmer Designstudio \u201eHumans since 1982\u201c [&hellip;]","og_url":"https:\/\/www.tts-freunde.de\/blog\/2015\/12\/01\/audi-auf-der-design-miami-elektrisch-in-die-zukunft\/","og_site_name":"Audi Blog","article_published_time":"2015-12-01T16:28:36+00:00","og_image":[{"width":1160,"height":773,"url":"https:\/\/www.tts-freunde.de\/blog\/wp-content\/uploads\/2015\/12\/audi-miami.jpg","type":"image\/jpeg"}],"author":"admin","twitter_card":"summary_large_image","twitter_misc":{"Verfasst von":"admin","Gesch\u00e4tzte Lesezeit":"1\u00a0Minute"},"schema":{"@context":"https:\/\/schema.org","@graph":[{"@type":"Article","@id":"https:\/\/www.tts-freunde.de\/blog\/2015\/12\/01\/audi-auf-der-design-miami-elektrisch-in-die-zukunft\/#article","isPartOf":{"@id":"https:\/\/www.tts-freunde.de\/blog\/2015\/12\/01\/audi-auf-der-design-miami-elektrisch-in-die-zukunft\/"},"author":{"name":"admin","@id":"https:\/\/www.tts-freunde.de\/blog\/#\/schema\/person\/b67f6a54e98f013bd281dbe05514b701"},"headline":"Audi auf der Design Miami: Elektrisch in die Zukunft","datePublished":"2015-12-01T16:28:36+00:00","dateModified":"2015-12-01T16:28:36+00:00","mainEntityOfPage":{"@id":"https:\/\/www.tts-freunde.de\/blog\/2015\/12\/01\/audi-auf-der-design-miami-elektrisch-in-die-zukunft\/"},"wordCount":256,"publisher":{"@id":"https:\/\/www.tts-freunde.de\/blog\/#organization"},"image":{"@id":"https:\/\/www.tts-freunde.de\/blog\/2015\/12\/01\/audi-auf-der-design-miami-elektrisch-in-die-zukunft\/#primaryimage"},"thumbnailUrl":"https:\/\/www.tts-freunde.de\/blog\/wp-content\/uploads\/2015\/12\/audi-miami.jpg","articleSection":["Audi AG"],"inLanguage":"de"},{"@type":"WebPage","@id":"https:\/\/www.tts-freunde.de\/blog\/2015\/12\/01\/audi-auf-der-design-miami-elektrisch-in-die-zukunft\/","url":"https:\/\/www.tts-freunde.de\/blog\/2015\/12\/01\/audi-auf-der-design-miami-elektrisch-in-die-zukunft\/","name":"Audi auf der Design Miami: Elektrisch in die Zukunft - Audi Blog","isPartOf":{"@id":"https:\/\/www.tts-freunde.de\/blog\/#website"},"primaryImageOfPage":{"@id":"https:\/\/www.tts-freunde.de\/blog\/2015\/12\/01\/audi-auf-der-design-miami-elektrisch-in-die-zukunft\/#primaryimage"},"image":{"@id":"https:\/\/www.tts-freunde.de\/blog\/2015\/12\/01\/audi-auf-der-design-miami-elektrisch-in-die-zukunft\/#primaryimage"},"thumbnailUrl":"https:\/\/www.tts-freunde.de\/blog\/wp-content\/uploads\/2015\/12\/audi-miami.jpg","datePublished":"2015-12-01T16:28:36+00:00","dateModified":"2015-12-01T16:28:36+00:00","breadcrumb":{"@id":"https:\/\/www.tts-freunde.de\/blog\/2015\/12\/01\/audi-auf-der-design-miami-elektrisch-in-die-zukunft\/#breadcrumb"},"inLanguage":"de","potentialAction":[{"@type":"ReadAction","target":["https:\/\/www.tts-freunde.de\/blog\/2015\/12\/01\/audi-auf-der-design-miami-elektrisch-in-die-zukunft\/"]}]},{"@type":"ImageObject","inLanguage":"de","@id":"https:\/\/www.tts-freunde.de\/blog\/2015\/12\/01\/audi-auf-der-design-miami-elektrisch-in-die-zukunft\/#primaryimage","url":"https:\/\/www.tts-freunde.de\/blog\/wp-content\/uploads\/2015\/12\/audi-miami.jpg","contentUrl":"https:\/\/www.tts-freunde.de\/blog\/wp-content\/uploads\/2015\/12\/audi-miami.jpg","width":1160,"height":773},{"@type":"BreadcrumbList","@id":"https:\/\/www.tts-freunde.de\/blog\/2015\/12\/01\/audi-auf-der-design-miami-elektrisch-in-die-zukunft\/#breadcrumb","itemListElement":[{"@type":"ListItem","position":1,"name":"Home","item":"https:\/\/www.tts-freunde.de\/blog\/"},{"@type":"ListItem","position":2,"name":"Audi auf der Design Miami: Elektrisch in die Zukunft"}]},{"@type":"WebSite","@id":"https:\/\/www.tts-freunde.de\/blog\/#website","url":"https:\/\/www.tts-freunde.de\/blog\/","name":"Audi Blog","description":"Deutscher Audi Blog - TTS-Freunde","publisher":{"@id":"https:\/\/www.tts-freunde.de\/blog\/#organization"},"potentialAction":[{"@type":"SearchAction","target":{"@type":"EntryPoint","urlTemplate":"https:\/\/www.tts-freunde.de\/blog\/?s={search_term_string}"},"query-input":"required name=search_term_string"}],"inLanguage":"de"},{"@type":"Organization","@id":"https:\/\/www.tts-freunde.de\/blog\/#organization","name":"Audi Blog","url":"https:\/\/www.tts-freunde.de\/blog\/","logo":{"@type":"ImageObject","inLanguage":"de","@id":"https:\/\/www.tts-freunde.de\/blog\/#\/schema\/logo\/image\/","url":"https:\/\/www.tts-freunde.de\/blog\/wp-content\/uploads\/2022\/12\/logo_2022.jpg","contentUrl":"https:\/\/www.tts-freunde.de\/blog\/wp-content\/uploads\/2022\/12\/logo_2022.jpg","width":240,"height":41,"caption":"Audi Blog"},"image":{"@id":"https:\/\/www.tts-freunde.de\/blog\/#\/schema\/logo\/image\/"}},{"@type":"Person","@id":"https:\/\/www.tts-freunde.de\/blog\/#\/schema\/person\/b67f6a54e98f013bd281dbe05514b701","name":"admin","image":{"@type":"ImageObject","inLanguage":"de","@id":"https:\/\/www.tts-freunde.de\/blog\/#\/schema\/person\/image\/","url":"https:\/\/secure.gravatar.com\/avatar\/08a4bd330e25056ddb430c28136b38a6?s=96&d=mm&r=g","contentUrl":"https:\/\/secure.gravatar.com\/avatar\/08a4bd330e25056ddb430c28136b38a6?s=96&d=mm&r=g","caption":"admin"},"sameAs":["http:\/\/www.tts-freunde.de"],"url":"https:\/\/www.tts-freunde.de\/blog\/author\/admin\/"}]}},"jetpack_sharing_enabled":true,"jetpack_featured_media_url":"https:\/\/www.tts-freunde.de\/blog\/wp-content\/uploads\/2015\/12\/audi-miami.jpg","jetpack_shortlink":"https:\/\/wp.me\/p67hWW-t2","jetpack_likes_enabled":false,"jetpack-related-posts":[],"_links":{"self":[{"href":"https:\/\/www.tts-freunde.de\/blog\/wp-json\/wp\/v2\/posts\/1800"}],"collection":[{"href":"https:\/\/www.tts-freunde.de\/blog\/wp-json\/wp\/v2\/posts"}],"about":[{"href":"https:\/\/www.tts-freunde.de\/blog\/wp-json\/wp\/v2\/types\/post"}],"author":[{"embeddable":true,"href":"https:\/\/www.tts-freunde.de\/blog\/wp-json\/wp\/v2\/users\/1"}],"replies":[{"embeddable":true,"href":"https:\/\/www.tts-freunde.de\/blog\/wp-json\/wp\/v2\/comments?post=1800"}],"version-history":[{"count":1,"href":"https:\/\/www.tts-freunde.de\/blog\/wp-json\/wp\/v2\/posts\/1800\/revisions"}],"predecessor-version":[{"id":1802,"href":"https:\/\/www.tts-freunde.de\/blog\/wp-json\/wp\/v2\/posts\/1800\/revisions\/1802"}],"wp:featuredmedia":[{"embeddable":true,"href":"https:\/\/www.tts-freunde.de\/blog\/wp-json\/wp\/v2\/media\/1801"}],"wp:attachment":[{"href":"https:\/\/www.tts-freunde.de\/blog\/wp-json\/wp\/v2\/media?parent=1800"}],"wp:term":[{"taxonomy":"category","embeddable":true,"href":"https:\/\/www.tts-freunde.de\/blog\/wp-json\/wp\/v2\/categories?post=1800"},{"taxonomy":"post_tag","embeddable":true,"href":"https:\/\/www.tts-freunde.de\/blog\/wp-json\/wp\/v2\/tags?post=1800"}],"curies":[{"name":"wp","href":"https:\/\/api.w.org\/{rel}","templated":true}]}}