{"id":1823,"date":"2015-12-14T16:19:51","date_gmt":"2015-12-14T15:19:51","guid":{"rendered":"http:\/\/tts-freunde.de\/blog\/?p=1823"},"modified":"2015-12-14T16:19:52","modified_gmt":"2015-12-14T15:19:52","slug":"bewerbungsstart-fuer-audi-dual-bewerben-bei-audi","status":"publish","type":"post","link":"https:\/\/www.tts-freunde.de\/blog\/2015\/12\/14\/bewerbungsstart-fuer-audi-dual-bewerben-bei-audi\/","title":{"rendered":"Bewerbungsstart f\u00fcr \u201eAudi dual\u201c Bewerben bei Audi"},"content":{"rendered":"<div id=\"item-c4c3155b-0be2-4b76-acaa-97a1cbcd06e4\" class=\"page-item--column col-sm-4\">\n<div class=\"page-row has-no-item-box\">\n<div id=\"item-f0f33458-5445-4a15-b7d1-47726e00ef08\" class=\"page-item--topic-list\">\n<div class=\"topic-list\">\n<ul>\n<li>Duales Studium in Kooperation mit der Technischen Hochschule Ingolstadt<\/li>\n<li>Praxisphasen im Audi-Werk w\u00e4hrend der vorlesungsfreien Zeit<\/li>\n<li>Duales Masterstudium ab 2017 geplant<\/li>\n<li>\u201eAudi dual\u201c Bewerben bei Audi<\/li>\n<\/ul>\n<p><a href=\"http:\/\/tts-freunde.de\/blog\/2015\/12\/14\/bewerbungsstart-fuer-audi-dual-bewerben-bei-audi\/audi-job\/\" rel=\"attachment wp-att-1824\"><img loading=\"lazy\" decoding=\"async\" data-attachment-id=\"1824\" data-permalink=\"https:\/\/www.tts-freunde.de\/blog\/2015\/12\/14\/bewerbungsstart-fuer-audi-dual-bewerben-bei-audi\/audi-job\/\" data-orig-file=\"https:\/\/www.tts-freunde.de\/blog\/wp-content\/uploads\/2015\/12\/audi-job.jpg\" data-orig-size=\"1160,820\" data-comments-opened=\"0\" data-image-meta=\"{&quot;aperture&quot;:&quot;0&quot;,&quot;credit&quot;:&quot;&quot;,&quot;camera&quot;:&quot;&quot;,&quot;caption&quot;:&quot;&quot;,&quot;created_timestamp&quot;:&quot;0&quot;,&quot;copyright&quot;:&quot;&quot;,&quot;focal_length&quot;:&quot;0&quot;,&quot;iso&quot;:&quot;0&quot;,&quot;shutter_speed&quot;:&quot;0&quot;,&quot;title&quot;:&quot;&quot;,&quot;orientation&quot;:&quot;0&quot;}\" data-image-title=\"audi job\" data-image-description=\"\" data-image-caption=\"\" data-medium-file=\"https:\/\/www.tts-freunde.de\/blog\/wp-content\/uploads\/2015\/12\/audi-job-300x212.jpg\" data-large-file=\"https:\/\/www.tts-freunde.de\/blog\/wp-content\/uploads\/2015\/12\/audi-job-1024x724.jpg\" tabindex=\"0\" role=\"button\" class=\"alignleft size-full wp-image-1824\" src=\"http:\/\/tts-freunde.de\/blog\/wp-content\/uploads\/2015\/12\/audi-job.jpg\" alt=\"bewerben bei Audi\" width=\"1160\" height=\"820\" srcset=\"https:\/\/www.tts-freunde.de\/blog\/wp-content\/uploads\/2015\/12\/audi-job.jpg 1160w, https:\/\/www.tts-freunde.de\/blog\/wp-content\/uploads\/2015\/12\/audi-job-300x212.jpg 300w, https:\/\/www.tts-freunde.de\/blog\/wp-content\/uploads\/2015\/12\/audi-job-768x543.jpg 768w, https:\/\/www.tts-freunde.de\/blog\/wp-content\/uploads\/2015\/12\/audi-job-1024x724.jpg 1024w, https:\/\/www.tts-freunde.de\/blog\/wp-content\/uploads\/2015\/12\/audi-job-140x100.jpg 140w, https:\/\/www.tts-freunde.de\/blog\/wp-content\/uploads\/2015\/12\/audi-job-50x35.jpg 50w\" sizes=\"(max-width: 1160px) 100vw, 1160px\" \/><\/a><\/p>\n<h1>Bewerben bei Audi<\/h1>\n<div class=\"page-row has-no-item-box\">\n<div id=\"item-ff36809b-57f8-4265-89cd-41e53662b5d0\" class=\"page-item--intro\">\n<div class=\"intro-text\">\n<p style=\"text-align: justify;\">Dual studieren mit Audi: Ab sofort k\u00f6nnen sich Abiturienten f\u00fcr ein neues Studienprogramm bewerben. \u201eAudi dual\u201c f\u00fchrt die Teilnehmer in dreieinhalb Jahren zum Bachelor-Abschluss an der Technischen Hochschule (TH) Ingolstadt und gibt ihnen zugleich einen intensiven Einblick in die Technikwelten des Unternehmens. Ab 2017 will Audi zus\u00e4tzlich ein duales Masterstudium anbieten.<\/p>\n<\/div>\n<\/div>\n<\/div>\n<div class=\"page-row has-no-item-box\">\n<div id=\"item-f8df2c73-a695-4599-b685-8e9654e6c896\" class=\"page-item--text\">\n<div class=\"style-links-for-body-text\">\n<p style=\"text-align: justify;\">Das neue Studienprogramm \u201eAudi\u00a0dual\u201c startet ab dem Wintersemester 2016\/17 in Zusammenarbeit mit der TH\u00a0Ingolstadt. Die Teilnehmer k\u00f6nnen dabei ein Bachelor\u2011Studium aus den Fachrichtungen Mechatronik, Elektro\u2011 und Informationstechnik, Fahrzeugtechnik oder Maschinenbau w\u00e4hlen. W\u00e4hrend der vorlesungsfreien Zeit erhalten sie bei Praxisphasen tiefe Einblicke in die Audi\u2011Welt. Der Automobilher\u00adsteller \u00fcbernimmt alle Teilnehmer nach erfolgreichem Abschluss in ein unbe\u00adfris\u00adtetes Arbeitsverh\u00e4ltnis. \u201eMit dem dualen Studium wollen wir Nachwuchskr\u00e4fte gezielt ausbilden und an unser Unternehmen binden\u201c, sagt Catrin\u00a0Behres, Leiterin Audi\u00a0Nachwuchsprogramme. \u201eDabei beteiligen wir die Studierenden m\u00f6glichst fr\u00fch an praktischen Projekten und lassen ihnen viele Freiheiten f\u00fcr innovative Ideen.\u201c<\/p>\n<p style=\"text-align: justify;\">\u201eAudi\u00a0dual + bewerben bei Audi\u201c wird im Herbst\u00a02016 zun\u00e4chst mit zw\u00f6lf Studenten starten, die Studienzeit betr\u00e4gt dreieinhalb Jahre. Audi verg\u00fctet die Teilnehmer sowohl w\u00e4hrend ihrer Zeit an der Hochschule als auch w\u00e4hrend der Praxisphasen bei den Vier Ringen. \u201eWir er\u00admuntern junge Leute dazu, ihren Einsatzbereich genau unter die Lupe zu nehmen und Verantwortung zu \u00fcbernehmen. Zus\u00e4tzlich sollen sie den \u201eBlick \u00fcber den Teller\u00adrand\u201c wagen und internationale Erfahrungen an einem unserer weltweiten Standorte sammeln\u201c, erg\u00e4nzt Behres.<\/p>\n<p style=\"text-align: justify;\">Damit greift \u201eAudi\u00a0dual + bewerben bei Audi\u201c wesentliche Elemente des Nachwuchsprogramms StEP (Studium und Erfahrung in der Praxis) auf, das im Herbst\u00a02016 zum letzten Mal beginnen wird. Seit\u00a01998 haben jedes Jahr durchschnittlich 24 junge Menschen an StEP teilgenommen und ein technisches Studium an der TH\u00a0Ingolstadt mit einer Berufsausbildung bei Audi kombiniert. \u201eAudi\u00a0dual + bewerben bei Audi\u201c erm\u00f6glicht es nun, die Lern\u00adinhalte noch schneller auf aktuelle Entwicklungen abzustimmen und die Studenten optimal auf k\u00fcnftige T\u00e4tigkeiten vorzubereiten. Audi will ab\u00a02017 au\u00dferdem ein duales Masterstudium anbieten.<\/p>\n<p style=\"text-align: justify;\">Abiturienten und junge Menschen mit Fachhochschulreife k\u00f6nnen sich f\u00fcr \u201eAudi\u00a0dual\u201c ab sofort bis Ende\u00a0Januar\u00a02016 bewerben. Detaillierte Informationen finden Interessierte auf der Audi\u2011Karriereseite <a href=\"http:\/\/www.audi.de\/audidual\">http:\/\/www.audi.de\/audidual<\/a><\/p>\n<p style=\"text-align: justify;\">Auch am Standort Neckarsulm verbindet Audi Theorie und Praxis in einem erfolgreichen dualen\u00a0Studienprogramm: Dort kooperiert das Unternehmen mit der Dualen Hochschule Baden-W\u00fcrttemberg (DHBW). Das DHBW-Studium dauert drei Jahre.<\/p>\n<\/div>\n<\/div>\n<\/div>\n<\/div>\n<\/div>\n<\/div>\n<\/div>\n","protected":false},"excerpt":{"rendered":"<p>Duales Studium in Kooperation mit der Technischen Hochschule Ingolstadt Praxisphasen im Audi-Werk w\u00e4hrend der vorlesungsfreien Zeit Duales Masterstudium ab 2017 geplant \u201eAudi dual\u201c Bewerben bei Audi Bewerben bei Audi Dual studieren mit Audi: Ab sofort k\u00f6nnen sich Abiturienten f\u00fcr ein neues Studienprogramm bewerben. \u201eAudi dual\u201c f\u00fchrt die Teilnehmer in dreieinhalb [&hellip;]<\/p>\n","protected":false},"author":1,"featured_media":1824,"comment_status":"closed","ping_status":"open","sticky":false,"template":"","format":"standard","meta":{"jetpack_post_was_ever_published":false,"_jetpack_newsletter_access":"","_jetpack_dont_email_post_to_subs":false,"_jetpack_newsletter_tier_id":0,"_jetpack_memberships_contains_paywalled_content":false,"_jetpack_memberships_contains_paid_content":false,"footnotes":"","jetpack_publicize_message":"Bewerbungsstart f\u00fcr \u201eAudi dual\u201c Bewerben bei Audi #audi #job #bewerben #quattro #abtiturienten #masterstudium","jetpack_publicize_feature_enabled":true,"jetpack_social_post_already_shared":true,"jetpack_social_options":{"image_generator_settings":{"template":"highway","enabled":false},"version":2}},"categories":[16],"tags":[165],"class_list":["post-1823","post","type-post","status-publish","format-standard","has-post-thumbnail","hentry","category-audi-ag","tag-audi-bewerbung"],"wppr_data":{"cwp_meta_box_check":"No","cwp_rev_product_name":"","cwp_rev_product_image":"","cwp_image_link":"image","cwp_rev_price":""},"jetpack_publicize_connections":[],"yoast_head":"<!-- This site is optimized with the Yoast SEO plugin v23.3 - https:\/\/yoast.com\/wordpress\/plugins\/seo\/ -->\n<title>Bewerbungsstart f\u00fcr \u201eAudi dual\u201c Bewerben bei Audi - Audi Blog<\/title>\n<meta name=\"robots\" content=\"index, follow, max-snippet:-1, max-image-preview:large, max-video-preview:-1\" \/>\n<link rel=\"canonical\" href=\"https:\/\/www.tts-freunde.de\/blog\/2015\/12\/14\/bewerbungsstart-fuer-audi-dual-bewerben-bei-audi\/\" \/>\n<meta property=\"og:locale\" content=\"de_DE\" \/>\n<meta property=\"og:type\" content=\"article\" \/>\n<meta property=\"og:title\" content=\"Bewerbungsstart f\u00fcr \u201eAudi dual\u201c Bewerben bei Audi - Audi Blog\" \/>\n<meta property=\"og:description\" content=\"Duales Studium in Kooperation mit der Technischen Hochschule Ingolstadt Praxisphasen im Audi-Werk w\u00e4hrend der vorlesungsfreien Zeit Duales Masterstudium ab 2017 geplant \u201eAudi dual\u201c Bewerben bei Audi Bewerben bei Audi Dual studieren mit Audi: Ab sofort k\u00f6nnen sich Abiturienten f\u00fcr ein neues Studienprogramm bewerben. \u201eAudi dual\u201c f\u00fchrt die Teilnehmer in dreieinhalb [&hellip;]\" \/>\n<meta property=\"og:url\" content=\"https:\/\/www.tts-freunde.de\/blog\/2015\/12\/14\/bewerbungsstart-fuer-audi-dual-bewerben-bei-audi\/\" \/>\n<meta property=\"og:site_name\" content=\"Audi Blog\" \/>\n<meta property=\"article:published_time\" content=\"2015-12-14T15:19:51+00:00\" \/>\n<meta property=\"article:modified_time\" content=\"2015-12-14T15:19:52+00:00\" \/>\n<meta property=\"og:image\" content=\"https:\/\/www.tts-freunde.de\/blog\/wp-content\/uploads\/2015\/12\/audi-job.jpg\" \/>\n\t<meta property=\"og:image:width\" content=\"1160\" \/>\n\t<meta property=\"og:image:height\" content=\"820\" \/>\n\t<meta property=\"og:image:type\" content=\"image\/jpeg\" \/>\n<meta name=\"author\" content=\"admin\" \/>\n<meta name=\"twitter:card\" content=\"summary_large_image\" \/>\n<meta name=\"twitter:label1\" content=\"Verfasst von\" \/>\n\t<meta name=\"twitter:data1\" content=\"admin\" \/>\n\t<meta name=\"twitter:label2\" content=\"Gesch\u00e4tzte Lesezeit\" \/>\n\t<meta name=\"twitter:data2\" content=\"2\u00a0Minuten\" \/>\n<script type=\"application\/ld+json\" class=\"yoast-schema-graph\">{\"@context\":\"https:\/\/schema.org\",\"@graph\":[{\"@type\":\"Article\",\"@id\":\"https:\/\/www.tts-freunde.de\/blog\/2015\/12\/14\/bewerbungsstart-fuer-audi-dual-bewerben-bei-audi\/#article\",\"isPartOf\":{\"@id\":\"https:\/\/www.tts-freunde.de\/blog\/2015\/12\/14\/bewerbungsstart-fuer-audi-dual-bewerben-bei-audi\/\"},\"author\":{\"name\":\"admin\",\"@id\":\"https:\/\/www.tts-freunde.de\/blog\/#\/schema\/person\/b67f6a54e98f013bd281dbe05514b701\"},\"headline\":\"Bewerbungsstart f\u00fcr \u201eAudi dual\u201c Bewerben bei Audi\",\"datePublished\":\"2015-12-14T15:19:51+00:00\",\"dateModified\":\"2015-12-14T15:19:52+00:00\",\"mainEntityOfPage\":{\"@id\":\"https:\/\/www.tts-freunde.de\/blog\/2015\/12\/14\/bewerbungsstart-fuer-audi-dual-bewerben-bei-audi\/\"},\"wordCount\":434,\"publisher\":{\"@id\":\"https:\/\/www.tts-freunde.de\/blog\/#organization\"},\"image\":{\"@id\":\"https:\/\/www.tts-freunde.de\/blog\/2015\/12\/14\/bewerbungsstart-fuer-audi-dual-bewerben-bei-audi\/#primaryimage\"},\"thumbnailUrl\":\"https:\/\/www.tts-freunde.de\/blog\/wp-content\/uploads\/2015\/12\/audi-job.jpg\",\"keywords\":[\"audi bewerbung\"],\"articleSection\":[\"Audi AG\"],\"inLanguage\":\"de\"},{\"@type\":\"WebPage\",\"@id\":\"https:\/\/www.tts-freunde.de\/blog\/2015\/12\/14\/bewerbungsstart-fuer-audi-dual-bewerben-bei-audi\/\",\"url\":\"https:\/\/www.tts-freunde.de\/blog\/2015\/12\/14\/bewerbungsstart-fuer-audi-dual-bewerben-bei-audi\/\",\"name\":\"Bewerbungsstart f\u00fcr \u201eAudi dual\u201c Bewerben bei Audi - Audi Blog\",\"isPartOf\":{\"@id\":\"https:\/\/www.tts-freunde.de\/blog\/#website\"},\"primaryImageOfPage\":{\"@id\":\"https:\/\/www.tts-freunde.de\/blog\/2015\/12\/14\/bewerbungsstart-fuer-audi-dual-bewerben-bei-audi\/#primaryimage\"},\"image\":{\"@id\":\"https:\/\/www.tts-freunde.de\/blog\/2015\/12\/14\/bewerbungsstart-fuer-audi-dual-bewerben-bei-audi\/#primaryimage\"},\"thumbnailUrl\":\"https:\/\/www.tts-freunde.de\/blog\/wp-content\/uploads\/2015\/12\/audi-job.jpg\",\"datePublished\":\"2015-12-14T15:19:51+00:00\",\"dateModified\":\"2015-12-14T15:19:52+00:00\",\"breadcrumb\":{\"@id\":\"https:\/\/www.tts-freunde.de\/blog\/2015\/12\/14\/bewerbungsstart-fuer-audi-dual-bewerben-bei-audi\/#breadcrumb\"},\"inLanguage\":\"de\",\"potentialAction\":[{\"@type\":\"ReadAction\",\"target\":[\"https:\/\/www.tts-freunde.de\/blog\/2015\/12\/14\/bewerbungsstart-fuer-audi-dual-bewerben-bei-audi\/\"]}]},{\"@type\":\"ImageObject\",\"inLanguage\":\"de\",\"@id\":\"https:\/\/www.tts-freunde.de\/blog\/2015\/12\/14\/bewerbungsstart-fuer-audi-dual-bewerben-bei-audi\/#primaryimage\",\"url\":\"https:\/\/www.tts-freunde.de\/blog\/wp-content\/uploads\/2015\/12\/audi-job.jpg\",\"contentUrl\":\"https:\/\/www.tts-freunde.de\/blog\/wp-content\/uploads\/2015\/12\/audi-job.jpg\",\"width\":1160,\"height\":820,\"caption\":\"bewerben bei Audi\"},{\"@type\":\"BreadcrumbList\",\"@id\":\"https:\/\/www.tts-freunde.de\/blog\/2015\/12\/14\/bewerbungsstart-fuer-audi-dual-bewerben-bei-audi\/#breadcrumb\",\"itemListElement\":[{\"@type\":\"ListItem\",\"position\":1,\"name\":\"Home\",\"item\":\"https:\/\/www.tts-freunde.de\/blog\/\"},{\"@type\":\"ListItem\",\"position\":2,\"name\":\"Bewerbungsstart f\u00fcr \u201eAudi dual\u201c Bewerben bei Audi\"}]},{\"@type\":\"WebSite\",\"@id\":\"https:\/\/www.tts-freunde.de\/blog\/#website\",\"url\":\"https:\/\/www.tts-freunde.de\/blog\/\",\"name\":\"Audi Blog\",\"description\":\"Deutscher Audi Blog - TTS-Freunde\",\"publisher\":{\"@id\":\"https:\/\/www.tts-freunde.de\/blog\/#organization\"},\"potentialAction\":[{\"@type\":\"SearchAction\",\"target\":{\"@type\":\"EntryPoint\",\"urlTemplate\":\"https:\/\/www.tts-freunde.de\/blog\/?s={search_term_string}\"},\"query-input\":\"required name=search_term_string\"}],\"inLanguage\":\"de\"},{\"@type\":\"Organization\",\"@id\":\"https:\/\/www.tts-freunde.de\/blog\/#organization\",\"name\":\"Audi Blog\",\"url\":\"https:\/\/www.tts-freunde.de\/blog\/\",\"logo\":{\"@type\":\"ImageObject\",\"inLanguage\":\"de\",\"@id\":\"https:\/\/www.tts-freunde.de\/blog\/#\/schema\/logo\/image\/\",\"url\":\"https:\/\/www.tts-freunde.de\/blog\/wp-content\/uploads\/2022\/12\/logo_2022.jpg\",\"contentUrl\":\"https:\/\/www.tts-freunde.de\/blog\/wp-content\/uploads\/2022\/12\/logo_2022.jpg\",\"width\":240,\"height\":41,\"caption\":\"Audi Blog\"},\"image\":{\"@id\":\"https:\/\/www.tts-freunde.de\/blog\/#\/schema\/logo\/image\/\"}},{\"@type\":\"Person\",\"@id\":\"https:\/\/www.tts-freunde.de\/blog\/#\/schema\/person\/b67f6a54e98f013bd281dbe05514b701\",\"name\":\"admin\",\"image\":{\"@type\":\"ImageObject\",\"inLanguage\":\"de\",\"@id\":\"https:\/\/www.tts-freunde.de\/blog\/#\/schema\/person\/image\/\",\"url\":\"https:\/\/secure.gravatar.com\/avatar\/08a4bd330e25056ddb430c28136b38a6?s=96&d=mm&r=g\",\"contentUrl\":\"https:\/\/secure.gravatar.com\/avatar\/08a4bd330e25056ddb430c28136b38a6?s=96&d=mm&r=g\",\"caption\":\"admin\"},\"sameAs\":[\"http:\/\/www.tts-freunde.de\"],\"url\":\"https:\/\/www.tts-freunde.de\/blog\/author\/admin\/\"}]}<\/script>\n<!-- \/ Yoast SEO plugin. -->","yoast_head_json":{"title":"Bewerbungsstart f\u00fcr \u201eAudi dual\u201c Bewerben bei Audi - Audi Blog","robots":{"index":"index","follow":"follow","max-snippet":"max-snippet:-1","max-image-preview":"max-image-preview:large","max-video-preview":"max-video-preview:-1"},"canonical":"https:\/\/www.tts-freunde.de\/blog\/2015\/12\/14\/bewerbungsstart-fuer-audi-dual-bewerben-bei-audi\/","og_locale":"de_DE","og_type":"article","og_title":"Bewerbungsstart f\u00fcr \u201eAudi dual\u201c Bewerben bei Audi - Audi Blog","og_description":"Duales Studium in Kooperation mit der Technischen Hochschule Ingolstadt Praxisphasen im Audi-Werk w\u00e4hrend der vorlesungsfreien Zeit Duales Masterstudium ab 2017 geplant \u201eAudi dual\u201c Bewerben bei Audi Bewerben bei Audi Dual studieren mit Audi: Ab sofort k\u00f6nnen sich Abiturienten f\u00fcr ein neues Studienprogramm bewerben. \u201eAudi dual\u201c f\u00fchrt die Teilnehmer in dreieinhalb [&hellip;]","og_url":"https:\/\/www.tts-freunde.de\/blog\/2015\/12\/14\/bewerbungsstart-fuer-audi-dual-bewerben-bei-audi\/","og_site_name":"Audi Blog","article_published_time":"2015-12-14T15:19:51+00:00","article_modified_time":"2015-12-14T15:19:52+00:00","og_image":[{"width":1160,"height":820,"url":"https:\/\/www.tts-freunde.de\/blog\/wp-content\/uploads\/2015\/12\/audi-job.jpg","type":"image\/jpeg"}],"author":"admin","twitter_card":"summary_large_image","twitter_misc":{"Verfasst von":"admin","Gesch\u00e4tzte Lesezeit":"2\u00a0Minuten"},"schema":{"@context":"https:\/\/schema.org","@graph":[{"@type":"Article","@id":"https:\/\/www.tts-freunde.de\/blog\/2015\/12\/14\/bewerbungsstart-fuer-audi-dual-bewerben-bei-audi\/#article","isPartOf":{"@id":"https:\/\/www.tts-freunde.de\/blog\/2015\/12\/14\/bewerbungsstart-fuer-audi-dual-bewerben-bei-audi\/"},"author":{"name":"admin","@id":"https:\/\/www.tts-freunde.de\/blog\/#\/schema\/person\/b67f6a54e98f013bd281dbe05514b701"},"headline":"Bewerbungsstart f\u00fcr \u201eAudi dual\u201c Bewerben bei Audi","datePublished":"2015-12-14T15:19:51+00:00","dateModified":"2015-12-14T15:19:52+00:00","mainEntityOfPage":{"@id":"https:\/\/www.tts-freunde.de\/blog\/2015\/12\/14\/bewerbungsstart-fuer-audi-dual-bewerben-bei-audi\/"},"wordCount":434,"publisher":{"@id":"https:\/\/www.tts-freunde.de\/blog\/#organization"},"image":{"@id":"https:\/\/www.tts-freunde.de\/blog\/2015\/12\/14\/bewerbungsstart-fuer-audi-dual-bewerben-bei-audi\/#primaryimage"},"thumbnailUrl":"https:\/\/www.tts-freunde.de\/blog\/wp-content\/uploads\/2015\/12\/audi-job.jpg","keywords":["audi bewerbung"],"articleSection":["Audi AG"],"inLanguage":"de"},{"@type":"WebPage","@id":"https:\/\/www.tts-freunde.de\/blog\/2015\/12\/14\/bewerbungsstart-fuer-audi-dual-bewerben-bei-audi\/","url":"https:\/\/www.tts-freunde.de\/blog\/2015\/12\/14\/bewerbungsstart-fuer-audi-dual-bewerben-bei-audi\/","name":"Bewerbungsstart f\u00fcr \u201eAudi dual\u201c Bewerben bei Audi - Audi Blog","isPartOf":{"@id":"https:\/\/www.tts-freunde.de\/blog\/#website"},"primaryImageOfPage":{"@id":"https:\/\/www.tts-freunde.de\/blog\/2015\/12\/14\/bewerbungsstart-fuer-audi-dual-bewerben-bei-audi\/#primaryimage"},"image":{"@id":"https:\/\/www.tts-freunde.de\/blog\/2015\/12\/14\/bewerbungsstart-fuer-audi-dual-bewerben-bei-audi\/#primaryimage"},"thumbnailUrl":"https:\/\/www.tts-freunde.de\/blog\/wp-content\/uploads\/2015\/12\/audi-job.jpg","datePublished":"2015-12-14T15:19:51+00:00","dateModified":"2015-12-14T15:19:52+00:00","breadcrumb":{"@id":"https:\/\/www.tts-freunde.de\/blog\/2015\/12\/14\/bewerbungsstart-fuer-audi-dual-bewerben-bei-audi\/#breadcrumb"},"inLanguage":"de","potentialAction":[{"@type":"ReadAction","target":["https:\/\/www.tts-freunde.de\/blog\/2015\/12\/14\/bewerbungsstart-fuer-audi-dual-bewerben-bei-audi\/"]}]},{"@type":"ImageObject","inLanguage":"de","@id":"https:\/\/www.tts-freunde.de\/blog\/2015\/12\/14\/bewerbungsstart-fuer-audi-dual-bewerben-bei-audi\/#primaryimage","url":"https:\/\/www.tts-freunde.de\/blog\/wp-content\/uploads\/2015\/12\/audi-job.jpg","contentUrl":"https:\/\/www.tts-freunde.de\/blog\/wp-content\/uploads\/2015\/12\/audi-job.jpg","width":1160,"height":820,"caption":"bewerben bei Audi"},{"@type":"BreadcrumbList","@id":"https:\/\/www.tts-freunde.de\/blog\/2015\/12\/14\/bewerbungsstart-fuer-audi-dual-bewerben-bei-audi\/#breadcrumb","itemListElement":[{"@type":"ListItem","position":1,"name":"Home","item":"https:\/\/www.tts-freunde.de\/blog\/"},{"@type":"ListItem","position":2,"name":"Bewerbungsstart f\u00fcr \u201eAudi dual\u201c Bewerben bei Audi"}]},{"@type":"WebSite","@id":"https:\/\/www.tts-freunde.de\/blog\/#website","url":"https:\/\/www.tts-freunde.de\/blog\/","name":"Audi Blog","description":"Deutscher Audi Blog - TTS-Freunde","publisher":{"@id":"https:\/\/www.tts-freunde.de\/blog\/#organization"},"potentialAction":[{"@type":"SearchAction","target":{"@type":"EntryPoint","urlTemplate":"https:\/\/www.tts-freunde.de\/blog\/?s={search_term_string}"},"query-input":"required name=search_term_string"}],"inLanguage":"de"},{"@type":"Organization","@id":"https:\/\/www.tts-freunde.de\/blog\/#organization","name":"Audi Blog","url":"https:\/\/www.tts-freunde.de\/blog\/","logo":{"@type":"ImageObject","inLanguage":"de","@id":"https:\/\/www.tts-freunde.de\/blog\/#\/schema\/logo\/image\/","url":"https:\/\/www.tts-freunde.de\/blog\/wp-content\/uploads\/2022\/12\/logo_2022.jpg","contentUrl":"https:\/\/www.tts-freunde.de\/blog\/wp-content\/uploads\/2022\/12\/logo_2022.jpg","width":240,"height":41,"caption":"Audi Blog"},"image":{"@id":"https:\/\/www.tts-freunde.de\/blog\/#\/schema\/logo\/image\/"}},{"@type":"Person","@id":"https:\/\/www.tts-freunde.de\/blog\/#\/schema\/person\/b67f6a54e98f013bd281dbe05514b701","name":"admin","image":{"@type":"ImageObject","inLanguage":"de","@id":"https:\/\/www.tts-freunde.de\/blog\/#\/schema\/person\/image\/","url":"https:\/\/secure.gravatar.com\/avatar\/08a4bd330e25056ddb430c28136b38a6?s=96&d=mm&r=g","contentUrl":"https:\/\/secure.gravatar.com\/avatar\/08a4bd330e25056ddb430c28136b38a6?s=96&d=mm&r=g","caption":"admin"},"sameAs":["http:\/\/www.tts-freunde.de"],"url":"https:\/\/www.tts-freunde.de\/blog\/author\/admin\/"}]}},"jetpack_sharing_enabled":true,"jetpack_featured_media_url":"https:\/\/www.tts-freunde.de\/blog\/wp-content\/uploads\/2015\/12\/audi-job.jpg","jetpack_shortlink":"https:\/\/wp.me\/p67hWW-tp","jetpack_likes_enabled":false,"jetpack-related-posts":[],"_links":{"self":[{"href":"https:\/\/www.tts-freunde.de\/blog\/wp-json\/wp\/v2\/posts\/1823"}],"collection":[{"href":"https:\/\/www.tts-freunde.de\/blog\/wp-json\/wp\/v2\/posts"}],"about":[{"href":"https:\/\/www.tts-freunde.de\/blog\/wp-json\/wp\/v2\/types\/post"}],"author":[{"embeddable":true,"href":"https:\/\/www.tts-freunde.de\/blog\/wp-json\/wp\/v2\/users\/1"}],"replies":[{"embeddable":true,"href":"https:\/\/www.tts-freunde.de\/blog\/wp-json\/wp\/v2\/comments?post=1823"}],"version-history":[{"count":2,"href":"https:\/\/www.tts-freunde.de\/blog\/wp-json\/wp\/v2\/posts\/1823\/revisions"}],"predecessor-version":[{"id":1826,"href":"https:\/\/www.tts-freunde.de\/blog\/wp-json\/wp\/v2\/posts\/1823\/revisions\/1826"}],"wp:featuredmedia":[{"embeddable":true,"href":"https:\/\/www.tts-freunde.de\/blog\/wp-json\/wp\/v2\/media\/1824"}],"wp:attachment":[{"href":"https:\/\/www.tts-freunde.de\/blog\/wp-json\/wp\/v2\/media?parent=1823"}],"wp:term":[{"taxonomy":"category","embeddable":true,"href":"https:\/\/www.tts-freunde.de\/blog\/wp-json\/wp\/v2\/categories?post=1823"},{"taxonomy":"post_tag","embeddable":true,"href":"https:\/\/www.tts-freunde.de\/blog\/wp-json\/wp\/v2\/tags?post=1823"}],"curies":[{"name":"wp","href":"https:\/\/api.w.org\/{rel}","templated":true}]}}