{"id":1876,"date":"2015-12-18T07:15:07","date_gmt":"2015-12-18T06:15:07","guid":{"rendered":"http:\/\/tts-freunde.de\/blog\/?p=1876"},"modified":"2015-12-17T20:19:39","modified_gmt":"2015-12-17T19:19:39","slug":"fuenffacher-audi-sieg-bei-connected-car-2015","status":"publish","type":"post","link":"https:\/\/www.tts-freunde.de\/blog\/2015\/12\/18\/fuenffacher-audi-sieg-bei-connected-car-2015\/","title":{"rendered":"F\u00fcnffacher Audi-Sieg bei \u201eConnected Car 2015\u201d"},"content":{"rendered":"<div id=\"item-20704110-6107-4a10-ad13-a8d1018e7849\" class=\"page-item--column col-sm-4\">\n<div class=\"page-row has-no-item-box\">\n<div id=\"item-d363a059-a309-4cb8-8a92-cae5da0877a3\" class=\"page-item--topic-list\">\n<div class=\"topic-list\">\n<div class=\"page-row has-no-item-box\">\n<div id=\"item-67e5c93e-c62f-4131-90dc-b9f0bffb47de\" class=\"page-item--intro\">\n<div class=\"intro-text\">\n<h2><a href=\"http:\/\/tts-freunde.de\/blog\/wp-content\/uploads\/2015\/12\/Connected-Car-2015.jpg\" rel=\"attachment wp-att-1877\"><img loading=\"lazy\" decoding=\"async\" data-attachment-id=\"1877\" data-permalink=\"https:\/\/www.tts-freunde.de\/blog\/2015\/12\/18\/fuenffacher-audi-sieg-bei-connected-car-2015\/connected-car-2015\/\" data-orig-file=\"https:\/\/www.tts-freunde.de\/blog\/wp-content\/uploads\/2015\/12\/Connected-Car-2015.jpg\" data-orig-size=\"1160,677\" data-comments-opened=\"0\" data-image-meta=\"{&quot;aperture&quot;:&quot;0&quot;,&quot;credit&quot;:&quot;&quot;,&quot;camera&quot;:&quot;&quot;,&quot;caption&quot;:&quot;&quot;,&quot;created_timestamp&quot;:&quot;0&quot;,&quot;copyright&quot;:&quot;&quot;,&quot;focal_length&quot;:&quot;0&quot;,&quot;iso&quot;:&quot;0&quot;,&quot;shutter_speed&quot;:&quot;0&quot;,&quot;title&quot;:&quot;&quot;,&quot;orientation&quot;:&quot;0&quot;}\" data-image-title=\"Connected Car 2015\" data-image-description=\"\" data-image-caption=\"\" data-medium-file=\"https:\/\/www.tts-freunde.de\/blog\/wp-content\/uploads\/2015\/12\/Connected-Car-2015-300x175.jpg\" data-large-file=\"https:\/\/www.tts-freunde.de\/blog\/wp-content\/uploads\/2015\/12\/Connected-Car-2015-1024x598.jpg\" tabindex=\"0\" role=\"button\" class=\"alignleft size-full wp-image-1877\" src=\"http:\/\/tts-freunde.de\/blog\/wp-content\/uploads\/2015\/12\/Connected-Car-2015.jpg\" alt=\"Connected Car 2015\" width=\"1160\" height=\"677\" srcset=\"https:\/\/www.tts-freunde.de\/blog\/wp-content\/uploads\/2015\/12\/Connected-Car-2015.jpg 1160w, https:\/\/www.tts-freunde.de\/blog\/wp-content\/uploads\/2015\/12\/Connected-Car-2015-300x175.jpg 300w, https:\/\/www.tts-freunde.de\/blog\/wp-content\/uploads\/2015\/12\/Connected-Car-2015-768x448.jpg 768w, https:\/\/www.tts-freunde.de\/blog\/wp-content\/uploads\/2015\/12\/Connected-Car-2015-1024x598.jpg 1024w, https:\/\/www.tts-freunde.de\/blog\/wp-content\/uploads\/2015\/12\/Connected-Car-2015-50x29.jpg 50w\" sizes=\"(max-width: 1160px) 100vw, 1160px\" \/><\/a><\/h2>\n<h2>Audi die erfolgreichste Marke beim Connected Car 2015<\/h2>\n<p style=\"text-align: justify;\">Zum dritten Mal in Folge ist Audi die erfolgreichste Marke beim Connected Car Award von Auto Bild und Computer Bild. Die Marke mit den Vier Ringen gewinnt insgesamt f\u00fcnf von neun Awards, eine Auszeichnung mehr als in den Entscheidungen 2013 und 2014. Die Technikstudie Audi <span class=\"nowrap\">e-tron<\/span> quattro concept erh\u00e4lt den ersten Platz in der Kategorie \u201eNew Mobility\u201d. Auch in den Klassen Navigation, Internet-Integration, Multimedia\/ Unterhaltung und Telefon liegen jeweils Audi-Entwicklungen auf Platz eins.<\/p>\n<h2 style=\"text-align: justify;\">Einbindung des Google-Angebots<\/h2>\n<\/div>\n<\/div>\n<\/div>\n<div class=\"page-row has-no-item-box\">\n<div id=\"item-84822f91-3527-4ba5-9b4e-511c18a1c493\" class=\"page-item--text\">\n<div class=\"style-links-for-body-text\">\n<p style=\"text-align: justify;\">In der Kategorie \u201eNavigation\u201c siegt Audi mit der Einbindung des Google-Angebots. Bei der \u201eInternet-Integration\u201c wird der LTE-WLAN-Hotspot ausgezeichnet, der die schnelle Daten\u00fcbertragung mit bis zu maximal acht Endger\u00e4ten im Auto m\u00f6glich macht. Auf Platz\u00a01 in der Klasse \u201eTelefon\u201c ist die Audi phone\u00a0box f\u00fcr Handy-Anbindung und drahtloses Laden. Der Sieg in der Kategorie \u201eMultimedia\/Unterhaltung\u201c geht an den 3D\u2011Klang des Bang\u00a0&amp;\u00a0Olufsen Soundsystems. Und schlie\u00dflich erh\u00e4lt der Audi\u00a0<span class=\"nowrap\">e-tron<\/span>\u00a0quattro concept f\u00fcr sein zukunftsweisendes elektrisches Antriebskonzept den Spitzenplatz im Wettbewerb \u201eNew\u00a0Mobility\u201c. \u201eNach dem Vierfachsieg\u00a02014 macht es uns erst recht stolz, dass wir in diesem Jahr noch einen Klassensieg mehr eingefahren haben. F\u00fcr die gesamte Audi-Mannschaft ist das Belohnung f\u00fcr Geleistetes und Motivation f\u00fcr K\u00fcnftiges. Auch f\u00fcr die n\u00e4chsten Jahre haben wir uns viele Meilensteine auf dem Weg zur vernetzten Mobilit\u00e4t und zu immer besserer Verkehrssicherheit vorgenommen\u201c, sagt Ricky\u00a0Hudi, Leiter Entwicklung Elektrik\/Elektronik.<\/p>\n<h2 style=\"text-align: justify;\">Auto Bild und Computer Bild haben den Award verliehen<\/h2>\n<p style=\"text-align: justify;\">Die Magazine Auto\u00a0Bild und Computer\u00a0Bild haben zum dritten Mal den Connected\u00a0Car\u00a0Award 2015 verliehen. In allen neun Kategorien hatten die Experten beider Magazine eine Vorauswahl getroffen, aus denen die Leser ihre Favoriten bestimmten. Verliehen werden die Troph\u00e4en des Connected\u00a0Car\u00a0Award im Rahmen der Consumer\u00a0Electronics Show (CES) im Januar\u00a02016 in Las\u00a0Vegas.<\/p>\n<\/div>\n<\/div>\n<\/div>\n<\/div>\n<\/div>\n<\/div>\n<\/div>\n","protected":false},"excerpt":{"rendered":"<p>Audi die erfolgreichste Marke beim Connected Car 2015 Zum dritten Mal in Folge ist Audi die erfolgreichste Marke beim Connected Car Award von Auto Bild und Computer Bild. Die Marke mit den Vier Ringen gewinnt insgesamt f\u00fcnf von neun Awards, eine Auszeichnung mehr als in den Entscheidungen 2013 und 2014. [&hellip;]<\/p>\n","protected":false},"author":1,"featured_media":1877,"comment_status":"closed","ping_status":"open","sticky":false,"template":"","format":"standard","meta":{"jetpack_post_was_ever_published":false,"_jetpack_newsletter_access":"","_jetpack_dont_email_post_to_subs":false,"_jetpack_newsletter_tier_id":0,"_jetpack_memberships_contains_paywalled_content":false,"_jetpack_memberships_contains_paid_content":false,"footnotes":"","jetpack_publicize_message":"","jetpack_publicize_feature_enabled":true,"jetpack_social_post_already_shared":true,"jetpack_social_options":{"image_generator_settings":{"template":"highway","enabled":false},"version":2}},"categories":[16],"tags":[169],"class_list":["post-1876","post","type-post","status-publish","format-standard","has-post-thumbnail","hentry","category-audi-ag","tag-connected-car-2015"],"wppr_data":{"cwp_meta_box_check":"No","cwp_rev_product_name":"","cwp_rev_product_image":"","cwp_image_link":"image","cwp_rev_price":""},"jetpack_publicize_connections":[],"yoast_head":"<!-- This site is optimized with the Yoast SEO plugin v23.3 - https:\/\/yoast.com\/wordpress\/plugins\/seo\/ -->\n<title>F\u00fcnffacher Audi-Sieg bei \u201eConnected Car 2015\u201d - Audi Blog<\/title>\n<meta name=\"robots\" content=\"index, follow, max-snippet:-1, max-image-preview:large, max-video-preview:-1\" \/>\n<link rel=\"canonical\" href=\"https:\/\/www.tts-freunde.de\/blog\/2015\/12\/18\/fuenffacher-audi-sieg-bei-connected-car-2015\/\" \/>\n<meta property=\"og:locale\" content=\"de_DE\" \/>\n<meta property=\"og:type\" content=\"article\" \/>\n<meta property=\"og:title\" content=\"F\u00fcnffacher Audi-Sieg bei \u201eConnected Car 2015\u201d - Audi Blog\" \/>\n<meta property=\"og:description\" content=\"Audi die erfolgreichste Marke beim Connected Car 2015 Zum dritten Mal in Folge ist Audi die erfolgreichste Marke beim Connected Car Award von Auto Bild und Computer Bild. Die Marke mit den Vier Ringen gewinnt insgesamt f\u00fcnf von neun Awards, eine Auszeichnung mehr als in den Entscheidungen 2013 und 2014. [&hellip;]\" \/>\n<meta property=\"og:url\" content=\"https:\/\/www.tts-freunde.de\/blog\/2015\/12\/18\/fuenffacher-audi-sieg-bei-connected-car-2015\/\" \/>\n<meta property=\"og:site_name\" content=\"Audi Blog\" \/>\n<meta property=\"article:published_time\" content=\"2015-12-18T06:15:07+00:00\" \/>\n<meta property=\"article:modified_time\" content=\"2015-12-17T19:19:39+00:00\" \/>\n<meta property=\"og:image\" content=\"https:\/\/www.tts-freunde.de\/blog\/wp-content\/uploads\/2015\/12\/Connected-Car-2015.jpg\" \/>\n\t<meta property=\"og:image:width\" content=\"1160\" \/>\n\t<meta property=\"og:image:height\" content=\"677\" \/>\n\t<meta property=\"og:image:type\" content=\"image\/jpeg\" \/>\n<meta name=\"author\" content=\"admin\" \/>\n<meta name=\"twitter:card\" content=\"summary_large_image\" \/>\n<meta name=\"twitter:label1\" content=\"Verfasst von\" \/>\n\t<meta name=\"twitter:data1\" content=\"admin\" \/>\n\t<meta name=\"twitter:label2\" content=\"Gesch\u00e4tzte Lesezeit\" \/>\n\t<meta name=\"twitter:data2\" content=\"2\u00a0Minuten\" \/>\n<script type=\"application\/ld+json\" class=\"yoast-schema-graph\">{\"@context\":\"https:\/\/schema.org\",\"@graph\":[{\"@type\":\"Article\",\"@id\":\"https:\/\/www.tts-freunde.de\/blog\/2015\/12\/18\/fuenffacher-audi-sieg-bei-connected-car-2015\/#article\",\"isPartOf\":{\"@id\":\"https:\/\/www.tts-freunde.de\/blog\/2015\/12\/18\/fuenffacher-audi-sieg-bei-connected-car-2015\/\"},\"author\":{\"name\":\"admin\",\"@id\":\"https:\/\/www.tts-freunde.de\/blog\/#\/schema\/person\/b67f6a54e98f013bd281dbe05514b701\"},\"headline\":\"F\u00fcnffacher Audi-Sieg bei \u201eConnected Car 2015\u201d\",\"datePublished\":\"2015-12-18T06:15:07+00:00\",\"dateModified\":\"2015-12-17T19:19:39+00:00\",\"mainEntityOfPage\":{\"@id\":\"https:\/\/www.tts-freunde.de\/blog\/2015\/12\/18\/fuenffacher-audi-sieg-bei-connected-car-2015\/\"},\"wordCount\":314,\"publisher\":{\"@id\":\"https:\/\/www.tts-freunde.de\/blog\/#organization\"},\"image\":{\"@id\":\"https:\/\/www.tts-freunde.de\/blog\/2015\/12\/18\/fuenffacher-audi-sieg-bei-connected-car-2015\/#primaryimage\"},\"thumbnailUrl\":\"https:\/\/www.tts-freunde.de\/blog\/wp-content\/uploads\/2015\/12\/Connected-Car-2015.jpg\",\"keywords\":[\"Connected Car 2015\"],\"articleSection\":[\"Audi AG\"],\"inLanguage\":\"de\"},{\"@type\":\"WebPage\",\"@id\":\"https:\/\/www.tts-freunde.de\/blog\/2015\/12\/18\/fuenffacher-audi-sieg-bei-connected-car-2015\/\",\"url\":\"https:\/\/www.tts-freunde.de\/blog\/2015\/12\/18\/fuenffacher-audi-sieg-bei-connected-car-2015\/\",\"name\":\"F\u00fcnffacher Audi-Sieg bei \u201eConnected Car 2015\u201d - Audi Blog\",\"isPartOf\":{\"@id\":\"https:\/\/www.tts-freunde.de\/blog\/#website\"},\"primaryImageOfPage\":{\"@id\":\"https:\/\/www.tts-freunde.de\/blog\/2015\/12\/18\/fuenffacher-audi-sieg-bei-connected-car-2015\/#primaryimage\"},\"image\":{\"@id\":\"https:\/\/www.tts-freunde.de\/blog\/2015\/12\/18\/fuenffacher-audi-sieg-bei-connected-car-2015\/#primaryimage\"},\"thumbnailUrl\":\"https:\/\/www.tts-freunde.de\/blog\/wp-content\/uploads\/2015\/12\/Connected-Car-2015.jpg\",\"datePublished\":\"2015-12-18T06:15:07+00:00\",\"dateModified\":\"2015-12-17T19:19:39+00:00\",\"breadcrumb\":{\"@id\":\"https:\/\/www.tts-freunde.de\/blog\/2015\/12\/18\/fuenffacher-audi-sieg-bei-connected-car-2015\/#breadcrumb\"},\"inLanguage\":\"de\",\"potentialAction\":[{\"@type\":\"ReadAction\",\"target\":[\"https:\/\/www.tts-freunde.de\/blog\/2015\/12\/18\/fuenffacher-audi-sieg-bei-connected-car-2015\/\"]}]},{\"@type\":\"ImageObject\",\"inLanguage\":\"de\",\"@id\":\"https:\/\/www.tts-freunde.de\/blog\/2015\/12\/18\/fuenffacher-audi-sieg-bei-connected-car-2015\/#primaryimage\",\"url\":\"https:\/\/www.tts-freunde.de\/blog\/wp-content\/uploads\/2015\/12\/Connected-Car-2015.jpg\",\"contentUrl\":\"https:\/\/www.tts-freunde.de\/blog\/wp-content\/uploads\/2015\/12\/Connected-Car-2015.jpg\",\"width\":1160,\"height\":677,\"caption\":\"Connected Car 2015\"},{\"@type\":\"BreadcrumbList\",\"@id\":\"https:\/\/www.tts-freunde.de\/blog\/2015\/12\/18\/fuenffacher-audi-sieg-bei-connected-car-2015\/#breadcrumb\",\"itemListElement\":[{\"@type\":\"ListItem\",\"position\":1,\"name\":\"Home\",\"item\":\"https:\/\/www.tts-freunde.de\/blog\/\"},{\"@type\":\"ListItem\",\"position\":2,\"name\":\"F\u00fcnffacher Audi-Sieg bei \u201eConnected Car 2015\u201d\"}]},{\"@type\":\"WebSite\",\"@id\":\"https:\/\/www.tts-freunde.de\/blog\/#website\",\"url\":\"https:\/\/www.tts-freunde.de\/blog\/\",\"name\":\"Audi Blog\",\"description\":\"Deutscher Audi Blog - TTS-Freunde\",\"publisher\":{\"@id\":\"https:\/\/www.tts-freunde.de\/blog\/#organization\"},\"potentialAction\":[{\"@type\":\"SearchAction\",\"target\":{\"@type\":\"EntryPoint\",\"urlTemplate\":\"https:\/\/www.tts-freunde.de\/blog\/?s={search_term_string}\"},\"query-input\":\"required name=search_term_string\"}],\"inLanguage\":\"de\"},{\"@type\":\"Organization\",\"@id\":\"https:\/\/www.tts-freunde.de\/blog\/#organization\",\"name\":\"Audi Blog\",\"url\":\"https:\/\/www.tts-freunde.de\/blog\/\",\"logo\":{\"@type\":\"ImageObject\",\"inLanguage\":\"de\",\"@id\":\"https:\/\/www.tts-freunde.de\/blog\/#\/schema\/logo\/image\/\",\"url\":\"https:\/\/www.tts-freunde.de\/blog\/wp-content\/uploads\/2022\/12\/logo_2022.jpg\",\"contentUrl\":\"https:\/\/www.tts-freunde.de\/blog\/wp-content\/uploads\/2022\/12\/logo_2022.jpg\",\"width\":240,\"height\":41,\"caption\":\"Audi Blog\"},\"image\":{\"@id\":\"https:\/\/www.tts-freunde.de\/blog\/#\/schema\/logo\/image\/\"}},{\"@type\":\"Person\",\"@id\":\"https:\/\/www.tts-freunde.de\/blog\/#\/schema\/person\/b67f6a54e98f013bd281dbe05514b701\",\"name\":\"admin\",\"image\":{\"@type\":\"ImageObject\",\"inLanguage\":\"de\",\"@id\":\"https:\/\/www.tts-freunde.de\/blog\/#\/schema\/person\/image\/\",\"url\":\"https:\/\/secure.gravatar.com\/avatar\/08a4bd330e25056ddb430c28136b38a6?s=96&d=mm&r=g\",\"contentUrl\":\"https:\/\/secure.gravatar.com\/avatar\/08a4bd330e25056ddb430c28136b38a6?s=96&d=mm&r=g\",\"caption\":\"admin\"},\"sameAs\":[\"http:\/\/www.tts-freunde.de\"],\"url\":\"https:\/\/www.tts-freunde.de\/blog\/author\/admin\/\"}]}<\/script>\n<!-- \/ Yoast SEO plugin. -->","yoast_head_json":{"title":"F\u00fcnffacher Audi-Sieg bei \u201eConnected Car 2015\u201d - Audi Blog","robots":{"index":"index","follow":"follow","max-snippet":"max-snippet:-1","max-image-preview":"max-image-preview:large","max-video-preview":"max-video-preview:-1"},"canonical":"https:\/\/www.tts-freunde.de\/blog\/2015\/12\/18\/fuenffacher-audi-sieg-bei-connected-car-2015\/","og_locale":"de_DE","og_type":"article","og_title":"F\u00fcnffacher Audi-Sieg bei \u201eConnected Car 2015\u201d - Audi Blog","og_description":"Audi die erfolgreichste Marke beim Connected Car 2015 Zum dritten Mal in Folge ist Audi die erfolgreichste Marke beim Connected Car Award von Auto Bild und Computer Bild. Die Marke mit den Vier Ringen gewinnt insgesamt f\u00fcnf von neun Awards, eine Auszeichnung mehr als in den Entscheidungen 2013 und 2014. [&hellip;]","og_url":"https:\/\/www.tts-freunde.de\/blog\/2015\/12\/18\/fuenffacher-audi-sieg-bei-connected-car-2015\/","og_site_name":"Audi Blog","article_published_time":"2015-12-18T06:15:07+00:00","article_modified_time":"2015-12-17T19:19:39+00:00","og_image":[{"width":1160,"height":677,"url":"https:\/\/www.tts-freunde.de\/blog\/wp-content\/uploads\/2015\/12\/Connected-Car-2015.jpg","type":"image\/jpeg"}],"author":"admin","twitter_card":"summary_large_image","twitter_misc":{"Verfasst von":"admin","Gesch\u00e4tzte Lesezeit":"2\u00a0Minuten"},"schema":{"@context":"https:\/\/schema.org","@graph":[{"@type":"Article","@id":"https:\/\/www.tts-freunde.de\/blog\/2015\/12\/18\/fuenffacher-audi-sieg-bei-connected-car-2015\/#article","isPartOf":{"@id":"https:\/\/www.tts-freunde.de\/blog\/2015\/12\/18\/fuenffacher-audi-sieg-bei-connected-car-2015\/"},"author":{"name":"admin","@id":"https:\/\/www.tts-freunde.de\/blog\/#\/schema\/person\/b67f6a54e98f013bd281dbe05514b701"},"headline":"F\u00fcnffacher Audi-Sieg bei \u201eConnected Car 2015\u201d","datePublished":"2015-12-18T06:15:07+00:00","dateModified":"2015-12-17T19:19:39+00:00","mainEntityOfPage":{"@id":"https:\/\/www.tts-freunde.de\/blog\/2015\/12\/18\/fuenffacher-audi-sieg-bei-connected-car-2015\/"},"wordCount":314,"publisher":{"@id":"https:\/\/www.tts-freunde.de\/blog\/#organization"},"image":{"@id":"https:\/\/www.tts-freunde.de\/blog\/2015\/12\/18\/fuenffacher-audi-sieg-bei-connected-car-2015\/#primaryimage"},"thumbnailUrl":"https:\/\/www.tts-freunde.de\/blog\/wp-content\/uploads\/2015\/12\/Connected-Car-2015.jpg","keywords":["Connected Car 2015"],"articleSection":["Audi AG"],"inLanguage":"de"},{"@type":"WebPage","@id":"https:\/\/www.tts-freunde.de\/blog\/2015\/12\/18\/fuenffacher-audi-sieg-bei-connected-car-2015\/","url":"https:\/\/www.tts-freunde.de\/blog\/2015\/12\/18\/fuenffacher-audi-sieg-bei-connected-car-2015\/","name":"F\u00fcnffacher Audi-Sieg bei \u201eConnected Car 2015\u201d - Audi Blog","isPartOf":{"@id":"https:\/\/www.tts-freunde.de\/blog\/#website"},"primaryImageOfPage":{"@id":"https:\/\/www.tts-freunde.de\/blog\/2015\/12\/18\/fuenffacher-audi-sieg-bei-connected-car-2015\/#primaryimage"},"image":{"@id":"https:\/\/www.tts-freunde.de\/blog\/2015\/12\/18\/fuenffacher-audi-sieg-bei-connected-car-2015\/#primaryimage"},"thumbnailUrl":"https:\/\/www.tts-freunde.de\/blog\/wp-content\/uploads\/2015\/12\/Connected-Car-2015.jpg","datePublished":"2015-12-18T06:15:07+00:00","dateModified":"2015-12-17T19:19:39+00:00","breadcrumb":{"@id":"https:\/\/www.tts-freunde.de\/blog\/2015\/12\/18\/fuenffacher-audi-sieg-bei-connected-car-2015\/#breadcrumb"},"inLanguage":"de","potentialAction":[{"@type":"ReadAction","target":["https:\/\/www.tts-freunde.de\/blog\/2015\/12\/18\/fuenffacher-audi-sieg-bei-connected-car-2015\/"]}]},{"@type":"ImageObject","inLanguage":"de","@id":"https:\/\/www.tts-freunde.de\/blog\/2015\/12\/18\/fuenffacher-audi-sieg-bei-connected-car-2015\/#primaryimage","url":"https:\/\/www.tts-freunde.de\/blog\/wp-content\/uploads\/2015\/12\/Connected-Car-2015.jpg","contentUrl":"https:\/\/www.tts-freunde.de\/blog\/wp-content\/uploads\/2015\/12\/Connected-Car-2015.jpg","width":1160,"height":677,"caption":"Connected Car 2015"},{"@type":"BreadcrumbList","@id":"https:\/\/www.tts-freunde.de\/blog\/2015\/12\/18\/fuenffacher-audi-sieg-bei-connected-car-2015\/#breadcrumb","itemListElement":[{"@type":"ListItem","position":1,"name":"Home","item":"https:\/\/www.tts-freunde.de\/blog\/"},{"@type":"ListItem","position":2,"name":"F\u00fcnffacher Audi-Sieg bei \u201eConnected Car 2015\u201d"}]},{"@type":"WebSite","@id":"https:\/\/www.tts-freunde.de\/blog\/#website","url":"https:\/\/www.tts-freunde.de\/blog\/","name":"Audi Blog","description":"Deutscher Audi Blog - TTS-Freunde","publisher":{"@id":"https:\/\/www.tts-freunde.de\/blog\/#organization"},"potentialAction":[{"@type":"SearchAction","target":{"@type":"EntryPoint","urlTemplate":"https:\/\/www.tts-freunde.de\/blog\/?s={search_term_string}"},"query-input":"required name=search_term_string"}],"inLanguage":"de"},{"@type":"Organization","@id":"https:\/\/www.tts-freunde.de\/blog\/#organization","name":"Audi Blog","url":"https:\/\/www.tts-freunde.de\/blog\/","logo":{"@type":"ImageObject","inLanguage":"de","@id":"https:\/\/www.tts-freunde.de\/blog\/#\/schema\/logo\/image\/","url":"https:\/\/www.tts-freunde.de\/blog\/wp-content\/uploads\/2022\/12\/logo_2022.jpg","contentUrl":"https:\/\/www.tts-freunde.de\/blog\/wp-content\/uploads\/2022\/12\/logo_2022.jpg","width":240,"height":41,"caption":"Audi Blog"},"image":{"@id":"https:\/\/www.tts-freunde.de\/blog\/#\/schema\/logo\/image\/"}},{"@type":"Person","@id":"https:\/\/www.tts-freunde.de\/blog\/#\/schema\/person\/b67f6a54e98f013bd281dbe05514b701","name":"admin","image":{"@type":"ImageObject","inLanguage":"de","@id":"https:\/\/www.tts-freunde.de\/blog\/#\/schema\/person\/image\/","url":"https:\/\/secure.gravatar.com\/avatar\/08a4bd330e25056ddb430c28136b38a6?s=96&d=mm&r=g","contentUrl":"https:\/\/secure.gravatar.com\/avatar\/08a4bd330e25056ddb430c28136b38a6?s=96&d=mm&r=g","caption":"admin"},"sameAs":["http:\/\/www.tts-freunde.de"],"url":"https:\/\/www.tts-freunde.de\/blog\/author\/admin\/"}]}},"jetpack_sharing_enabled":true,"jetpack_featured_media_url":"https:\/\/www.tts-freunde.de\/blog\/wp-content\/uploads\/2015\/12\/Connected-Car-2015.jpg","jetpack_shortlink":"https:\/\/wp.me\/p67hWW-ug","jetpack_likes_enabled":false,"jetpack-related-posts":[],"_links":{"self":[{"href":"https:\/\/www.tts-freunde.de\/blog\/wp-json\/wp\/v2\/posts\/1876"}],"collection":[{"href":"https:\/\/www.tts-freunde.de\/blog\/wp-json\/wp\/v2\/posts"}],"about":[{"href":"https:\/\/www.tts-freunde.de\/blog\/wp-json\/wp\/v2\/types\/post"}],"author":[{"embeddable":true,"href":"https:\/\/www.tts-freunde.de\/blog\/wp-json\/wp\/v2\/users\/1"}],"replies":[{"embeddable":true,"href":"https:\/\/www.tts-freunde.de\/blog\/wp-json\/wp\/v2\/comments?post=1876"}],"version-history":[{"count":1,"href":"https:\/\/www.tts-freunde.de\/blog\/wp-json\/wp\/v2\/posts\/1876\/revisions"}],"predecessor-version":[{"id":1878,"href":"https:\/\/www.tts-freunde.de\/blog\/wp-json\/wp\/v2\/posts\/1876\/revisions\/1878"}],"wp:featuredmedia":[{"embeddable":true,"href":"https:\/\/www.tts-freunde.de\/blog\/wp-json\/wp\/v2\/media\/1877"}],"wp:attachment":[{"href":"https:\/\/www.tts-freunde.de\/blog\/wp-json\/wp\/v2\/media?parent=1876"}],"wp:term":[{"taxonomy":"category","embeddable":true,"href":"https:\/\/www.tts-freunde.de\/blog\/wp-json\/wp\/v2\/categories?post=1876"},{"taxonomy":"post_tag","embeddable":true,"href":"https:\/\/www.tts-freunde.de\/blog\/wp-json\/wp\/v2\/tags?post=1876"}],"curies":[{"name":"wp","href":"https:\/\/api.w.org\/{rel}","templated":true}]}}