{"id":1927,"date":"2015-12-29T09:53:20","date_gmt":"2015-12-29T08:53:20","guid":{"rendered":"http:\/\/tts-freunde.de\/blog\/?p=1927"},"modified":"2015-12-29T09:54:41","modified_gmt":"2015-12-29T08:54:41","slug":"audi-konzern-investiert-in-die-zukunft","status":"publish","type":"post","link":"https:\/\/www.tts-freunde.de\/blog\/2015\/12\/29\/audi-konzern-investiert-in-die-zukunft\/","title":{"rendered":"Audi Konzern investiert in die Zukunft"},"content":{"rendered":"<div id=\"item-4a77e207-d609-42d1-9289-00c112646595\" class=\"page-item--column col-sm-4\">\n<div class=\"page-row has-no-item-box\">\n<div id=\"item-3a34fae5-ec2d-46de-a53b-3a93dbed3eb3\" class=\"page-item--topic-list\">\n<div class=\"topic-list\">\n<ul>\n<li>Sachinvestitionen von mehr als \u20ac 3 Mrd. in 2016<\/li>\n<li>Audi CEO Rupert Stadler: \u201eInvestieren auf hohem Niveau in Zukunftstechnologien, um starke Position auszubauen\u201c<\/li>\n<li>Axel Strotbek, Vorstand Finanz und Organisation: \u201eDurch weitere Kostenoptimierung finanziellen Spielraum gewinnen\u201c<\/li>\n<li>Audi Personalvorstand Thomas Sigi: \u201eSuchen Experten in wichtigen Zukunftsfeldern\u201c<\/li>\n<\/ul>\n<p><a href=\"http:\/\/tts-freunde.de\/blog\/wp-content\/uploads\/2015\/12\/audi-konzern.jpg\" rel=\"attachment wp-att-1928\"><img loading=\"lazy\" decoding=\"async\" data-attachment-id=\"1928\" data-permalink=\"https:\/\/www.tts-freunde.de\/blog\/2015\/12\/29\/audi-konzern-investiert-in-die-zukunft\/audi-konzern\/\" data-orig-file=\"https:\/\/www.tts-freunde.de\/blog\/wp-content\/uploads\/2015\/12\/audi-konzern.jpg\" data-orig-size=\"1160,774\" data-comments-opened=\"0\" data-image-meta=\"{&quot;aperture&quot;:&quot;0&quot;,&quot;credit&quot;:&quot;&quot;,&quot;camera&quot;:&quot;&quot;,&quot;caption&quot;:&quot;&quot;,&quot;created_timestamp&quot;:&quot;0&quot;,&quot;copyright&quot;:&quot;&quot;,&quot;focal_length&quot;:&quot;0&quot;,&quot;iso&quot;:&quot;0&quot;,&quot;shutter_speed&quot;:&quot;0&quot;,&quot;title&quot;:&quot;&quot;,&quot;orientation&quot;:&quot;0&quot;}\" data-image-title=\"audi-konzern\" data-image-description=\"\" data-image-caption=\"\" data-medium-file=\"https:\/\/www.tts-freunde.de\/blog\/wp-content\/uploads\/2015\/12\/audi-konzern-300x200.jpg\" data-large-file=\"https:\/\/www.tts-freunde.de\/blog\/wp-content\/uploads\/2015\/12\/audi-konzern-1024x683.jpg\" tabindex=\"0\" role=\"button\" class=\"alignleft size-full wp-image-1928\" src=\"http:\/\/tts-freunde.de\/blog\/wp-content\/uploads\/2015\/12\/audi-konzern.jpg\" alt=\"audi-konzern\" width=\"1160\" height=\"774\" srcset=\"https:\/\/www.tts-freunde.de\/blog\/wp-content\/uploads\/2015\/12\/audi-konzern.jpg 1160w, https:\/\/www.tts-freunde.de\/blog\/wp-content\/uploads\/2015\/12\/audi-konzern-300x200.jpg 300w, https:\/\/www.tts-freunde.de\/blog\/wp-content\/uploads\/2015\/12\/audi-konzern-768x512.jpg 768w, https:\/\/www.tts-freunde.de\/blog\/wp-content\/uploads\/2015\/12\/audi-konzern-1024x683.jpg 1024w, https:\/\/www.tts-freunde.de\/blog\/wp-content\/uploads\/2015\/12\/audi-konzern-50x33.jpg 50w\" sizes=\"(max-width: 1160px) 100vw, 1160px\" \/><\/a><\/p>\n<p>&nbsp;<\/p>\n<div class=\"page-row has-no-item-box\">\n<div id=\"item-7ca9c2a5-0327-483b-8063-8a26fa2924e1\" class=\"page-item--intro\">\n<div class=\"intro-text\">\n<h1 style=\"text-align: left;\">Audi stellt 2016 die Weichen f\u00fcr k\u00fcnftiges Wachstum<\/h1>\n<p style=\"text-align: justify;\">Im neuen Gesch\u00e4ftsjahr will das Unternehmen weiter auf hohem Niveau investieren. Bei weiterer Prozess und Kostenoptimierung sollen die geplanten Sachinvestitionen mehr als \u20ac 3 Mrd. betragen und den Erfolgskurs der Ingolst\u00e4dter st\u00fctzen. Die H\u00e4lfte der geplanten Investitionen entf\u00e4llt auf die deutschen Standorte in Ingolstadt und Neckarsulm. Zudem wird Audi im Bereich der Zukunftstechnologien auch 2016 Experten einstellen.<\/p>\n<\/div>\n<\/div>\n<\/div>\n<div class=\"page-row has-no-item-box\">\n<div id=\"item-52fea1ab-70ed-4cb2-8708-0ece0058cb3b\" class=\"page-item--text\">\n<div class=\"style-links-for-body-text\">\n<h1 style=\"text-align: left;\">Wachstumsstrategie weiter vorantreiben<\/h1>\n<p style=\"text-align: justify;\">Mit dem verabschiedeten Investitionsprogramm f\u00fcr 2016 will\u00a0das Unternehmen seine Wachstumsstrategie weiter vorantreiben: \u201eWir investieren weiter auf hohem Niveau in Zukunftstechnologien, um die starke Position unserer Marke auszubauen,\u201c unterstreicht Audi\u2011CEO\u00a0Rupert\u00a0Stadler. Mit dem neuen Modell Audi\u00a0Q2 wolle der Autohersteller im kommenden Jahr zudem ein neues Marktsegment betreten.<\/p>\n<\/div>\n<\/div>\n<\/div>\n<\/div>\n<\/div>\n<h1 style=\"text-align: left;\">Neuer Audi Q5 wird forgestellt<\/h1>\n<div id=\"item-3a34fae5-ec2d-46de-a53b-3a93dbed3eb3\" class=\"page-item--topic-list\">\n<div class=\"topic-list\">\n<div class=\"page-row has-no-item-box\">\n<div id=\"item-52fea1ab-70ed-4cb2-8708-0ece0058cb3b\" class=\"page-item--text\">\n<div class=\"style-links-for-body-text\">\n<p style=\"text-align: justify;\">Au\u00dferdem wird Audi im kommenden Jahr den Nachfolger des Audi\u00a0Q5 vorstellen und so das n\u00e4chste Kapitel seiner SUV\u2011Erfolgsgeschichte schreiben. \u201eNat\u00fcrlich setzen wir mit unseren Investitionen auch gezielt auf alternative Antriebe,\u201c sagt Stadler. 2018\u00a0werde auf Basis des Audi\u00a0<span class=\"nowrap\">e-tron<\/span>\u00a0quattro\u00a0concept das erste Gro\u00dfserien\u2011Elektroauto der Marke mit den Vier\u00a0Ringen auf den Markt kommen. Bis 2020 will Audi seine Modellpalette auf 60\u00a0verschiedene Automobile erweitern.<\/p>\n<h1 style=\"text-align: left;\">Neue Modelle und Technologien<\/h1>\n<p style=\"text-align: justify;\">W\u00e4hrend Audi bewusst in neue Modelle und Technologien sowie den Ausbau des weltweiten Produktionsnetzwerkes investiert, sieht Finanzvorstand\u00a0Axel\u00a0Strotbek auch Potenzial f\u00fcr stetige Kostenverbesserung: \u201eWir wollen mit dem aktuellen Investitionsprogramm nat\u00fcrlich die starke Position unserer Marke ausbauen, dabei aber auch durch weitere Prozess\u2011\u00a0und \u00a0Kostenoptimierung Spielraum gewinnen.\u201c Laut Strotbek werde das Unternehmen nicht an der Zukunft sparen, doch jede Investition genau pr\u00fcfen. Deshalb habe der Vorstand auch entschieden, den Bau eines neuen Windkanals um ein Jahr zu verschieben.<\/p>\n<\/div>\n<h1 style=\"text-align: left;\">Digitalisierung<\/h1>\n<div class=\"style-links-for-body-text\">\n<p style=\"text-align: justify;\">Im Bereich Digitalisierung gibt Audi weiterhin Gas: Anfang\u00a0Dezember hat das Unternehmen ein\u00a0Drittel der Anteile an HERE erworben und sich so die Zusammenarbeit mit einem f\u00fchrenden Anbieter von digitalen Karten und ortsbezogenen Diensten gesichert. Der auf die AUDI\u00a0AG anteilig entfallende Kaufpreis betr\u00e4gt rund \u20ac\u00a00,85\u00a0Mrd. Um seinen \u201eVorsprung\u00a0durch\u00a0Technik\u201c auch k\u00fcnftig voranzutreiben, wird sich das Unternehmen auf seinem Wachstumskurs auch 2016 personell verst\u00e4rken. Thomas\u00a0Sigi, Vorstand\u00a0Personal\u00a0und\u00a0Soziales der AUDI\u00a0AG, sagt: \u201eWir suchen Experten in wichtigen Zukunftsfeldern.\u201c Gefragt seien vor allem Spezialisten f\u00fcr alternative Antriebe und Leichtbau, aber auch IT\u2011Fachkr\u00e4fte, die im Zuge der Digitalisierung die Themen Audi\u00a0connect, Audi\u00a0mobility und smart\u00a0factory weiterentwickeln.<\/p>\n<p style=\"text-align: justify;\"><a href=\"http:\/\/tts-freunde.de\/blog\/wp-content\/uploads\/2015\/12\/Connected-Car-2015.jpg\" rel=\"attachment wp-att-1877\"><img loading=\"lazy\" decoding=\"async\" data-attachment-id=\"1877\" data-permalink=\"https:\/\/www.tts-freunde.de\/blog\/2015\/12\/18\/fuenffacher-audi-sieg-bei-connected-car-2015\/connected-car-2015\/\" data-orig-file=\"https:\/\/www.tts-freunde.de\/blog\/wp-content\/uploads\/2015\/12\/Connected-Car-2015.jpg\" data-orig-size=\"1160,677\" data-comments-opened=\"0\" data-image-meta=\"{&quot;aperture&quot;:&quot;0&quot;,&quot;credit&quot;:&quot;&quot;,&quot;camera&quot;:&quot;&quot;,&quot;caption&quot;:&quot;&quot;,&quot;created_timestamp&quot;:&quot;0&quot;,&quot;copyright&quot;:&quot;&quot;,&quot;focal_length&quot;:&quot;0&quot;,&quot;iso&quot;:&quot;0&quot;,&quot;shutter_speed&quot;:&quot;0&quot;,&quot;title&quot;:&quot;&quot;,&quot;orientation&quot;:&quot;0&quot;}\" data-image-title=\"Connected Car 2015\" data-image-description=\"\" data-image-caption=\"\" data-medium-file=\"https:\/\/www.tts-freunde.de\/blog\/wp-content\/uploads\/2015\/12\/Connected-Car-2015-300x175.jpg\" data-large-file=\"https:\/\/www.tts-freunde.de\/blog\/wp-content\/uploads\/2015\/12\/Connected-Car-2015-1024x598.jpg\" tabindex=\"0\" role=\"button\" class=\"alignleft size-full wp-image-1877\" src=\"http:\/\/tts-freunde.de\/blog\/wp-content\/uploads\/2015\/12\/Connected-Car-2015.jpg\" alt=\"Connected Car 2015\" width=\"1160\" height=\"677\" srcset=\"https:\/\/www.tts-freunde.de\/blog\/wp-content\/uploads\/2015\/12\/Connected-Car-2015.jpg 1160w, https:\/\/www.tts-freunde.de\/blog\/wp-content\/uploads\/2015\/12\/Connected-Car-2015-300x175.jpg 300w, https:\/\/www.tts-freunde.de\/blog\/wp-content\/uploads\/2015\/12\/Connected-Car-2015-768x448.jpg 768w, https:\/\/www.tts-freunde.de\/blog\/wp-content\/uploads\/2015\/12\/Connected-Car-2015-1024x598.jpg 1024w, https:\/\/www.tts-freunde.de\/blog\/wp-content\/uploads\/2015\/12\/Connected-Car-2015-50x29.jpg 50w\" sizes=\"(max-width: 1160px) 100vw, 1160px\" \/><\/a><\/p>\n<\/div>\n<\/div>\n<\/div>\n<\/div>\n<\/div>\n<\/div>\n<\/div>\n","protected":false},"excerpt":{"rendered":"<p>Sachinvestitionen von mehr als \u20ac 3 Mrd. in 2016 Audi CEO Rupert Stadler: \u201eInvestieren auf hohem Niveau in Zukunftstechnologien, um starke Position auszubauen\u201c Axel Strotbek, Vorstand Finanz und Organisation: \u201eDurch weitere Kostenoptimierung finanziellen Spielraum gewinnen\u201c Audi Personalvorstand Thomas Sigi: \u201eSuchen Experten in wichtigen Zukunftsfeldern\u201c &nbsp; Audi stellt 2016 die Weichen [&hellip;]<\/p>\n","protected":false},"author":1,"featured_media":1928,"comment_status":"closed","ping_status":"open","sticky":false,"template":"","format":"standard","meta":{"jetpack_post_was_ever_published":false,"_jetpack_newsletter_access":"","_jetpack_dont_email_post_to_subs":false,"_jetpack_newsletter_tier_id":0,"_jetpack_memberships_contains_paywalled_content":false,"_jetpack_memberships_contains_paid_content":false,"footnotes":"","jetpack_publicize_message":"#Audi Konzern investiert in die #Zukunft","jetpack_publicize_feature_enabled":true,"jetpack_social_post_already_shared":true,"jetpack_social_options":{"image_generator_settings":{"template":"highway","enabled":false},"version":2}},"categories":[16],"tags":[],"class_list":["post-1927","post","type-post","status-publish","format-standard","has-post-thumbnail","hentry","category-audi-ag"],"wppr_data":{"cwp_meta_box_check":"No","cwp_rev_product_name":"","cwp_rev_product_image":"","cwp_image_link":"image","cwp_rev_price":""},"jetpack_publicize_connections":[],"yoast_head":"<!-- This site is optimized with the Yoast SEO plugin v23.3 - https:\/\/yoast.com\/wordpress\/plugins\/seo\/ -->\n<title>Audi Konzern investiert in die Zukunft - Audi Blog<\/title>\n<meta name=\"robots\" content=\"index, follow, max-snippet:-1, max-image-preview:large, max-video-preview:-1\" \/>\n<link rel=\"canonical\" href=\"https:\/\/www.tts-freunde.de\/blog\/2015\/12\/29\/audi-konzern-investiert-in-die-zukunft\/\" \/>\n<meta property=\"og:locale\" content=\"de_DE\" \/>\n<meta property=\"og:type\" content=\"article\" \/>\n<meta property=\"og:title\" content=\"Audi Konzern investiert in die Zukunft - Audi Blog\" \/>\n<meta property=\"og:description\" content=\"Sachinvestitionen von mehr als \u20ac 3 Mrd. in 2016 Audi CEO Rupert Stadler: \u201eInvestieren auf hohem Niveau in Zukunftstechnologien, um starke Position auszubauen\u201c Axel Strotbek, Vorstand Finanz und Organisation: \u201eDurch weitere Kostenoptimierung finanziellen Spielraum gewinnen\u201c Audi Personalvorstand Thomas Sigi: \u201eSuchen Experten in wichtigen Zukunftsfeldern\u201c &nbsp; Audi stellt 2016 die Weichen [&hellip;]\" \/>\n<meta property=\"og:url\" content=\"https:\/\/www.tts-freunde.de\/blog\/2015\/12\/29\/audi-konzern-investiert-in-die-zukunft\/\" \/>\n<meta property=\"og:site_name\" content=\"Audi Blog\" \/>\n<meta property=\"article:published_time\" content=\"2015-12-29T08:53:20+00:00\" \/>\n<meta property=\"article:modified_time\" content=\"2015-12-29T08:54:41+00:00\" \/>\n<meta property=\"og:image\" content=\"https:\/\/www.tts-freunde.de\/blog\/wp-content\/uploads\/2015\/12\/audi-konzern.jpg\" \/>\n\t<meta property=\"og:image:width\" content=\"1160\" \/>\n\t<meta property=\"og:image:height\" content=\"774\" \/>\n\t<meta property=\"og:image:type\" content=\"image\/jpeg\" \/>\n<meta name=\"author\" content=\"admin\" \/>\n<meta name=\"twitter:card\" content=\"summary_large_image\" \/>\n<meta name=\"twitter:label1\" content=\"Verfasst von\" \/>\n\t<meta name=\"twitter:data1\" content=\"admin\" \/>\n\t<meta name=\"twitter:label2\" content=\"Gesch\u00e4tzte Lesezeit\" \/>\n\t<meta name=\"twitter:data2\" content=\"2\u00a0Minuten\" \/>\n<script type=\"application\/ld+json\" class=\"yoast-schema-graph\">{\"@context\":\"https:\/\/schema.org\",\"@graph\":[{\"@type\":\"Article\",\"@id\":\"https:\/\/www.tts-freunde.de\/blog\/2015\/12\/29\/audi-konzern-investiert-in-die-zukunft\/#article\",\"isPartOf\":{\"@id\":\"https:\/\/www.tts-freunde.de\/blog\/2015\/12\/29\/audi-konzern-investiert-in-die-zukunft\/\"},\"author\":{\"name\":\"admin\",\"@id\":\"https:\/\/www.tts-freunde.de\/blog\/#\/schema\/person\/b67f6a54e98f013bd281dbe05514b701\"},\"headline\":\"Audi Konzern investiert in die Zukunft\",\"datePublished\":\"2015-12-29T08:53:20+00:00\",\"dateModified\":\"2015-12-29T08:54:41+00:00\",\"mainEntityOfPage\":{\"@id\":\"https:\/\/www.tts-freunde.de\/blog\/2015\/12\/29\/audi-konzern-investiert-in-die-zukunft\/\"},\"wordCount\":445,\"publisher\":{\"@id\":\"https:\/\/www.tts-freunde.de\/blog\/#organization\"},\"image\":{\"@id\":\"https:\/\/www.tts-freunde.de\/blog\/2015\/12\/29\/audi-konzern-investiert-in-die-zukunft\/#primaryimage\"},\"thumbnailUrl\":\"https:\/\/www.tts-freunde.de\/blog\/wp-content\/uploads\/2015\/12\/audi-konzern.jpg\",\"articleSection\":[\"Audi AG\"],\"inLanguage\":\"de\"},{\"@type\":\"WebPage\",\"@id\":\"https:\/\/www.tts-freunde.de\/blog\/2015\/12\/29\/audi-konzern-investiert-in-die-zukunft\/\",\"url\":\"https:\/\/www.tts-freunde.de\/blog\/2015\/12\/29\/audi-konzern-investiert-in-die-zukunft\/\",\"name\":\"Audi Konzern investiert in die Zukunft - Audi Blog\",\"isPartOf\":{\"@id\":\"https:\/\/www.tts-freunde.de\/blog\/#website\"},\"primaryImageOfPage\":{\"@id\":\"https:\/\/www.tts-freunde.de\/blog\/2015\/12\/29\/audi-konzern-investiert-in-die-zukunft\/#primaryimage\"},\"image\":{\"@id\":\"https:\/\/www.tts-freunde.de\/blog\/2015\/12\/29\/audi-konzern-investiert-in-die-zukunft\/#primaryimage\"},\"thumbnailUrl\":\"https:\/\/www.tts-freunde.de\/blog\/wp-content\/uploads\/2015\/12\/audi-konzern.jpg\",\"datePublished\":\"2015-12-29T08:53:20+00:00\",\"dateModified\":\"2015-12-29T08:54:41+00:00\",\"breadcrumb\":{\"@id\":\"https:\/\/www.tts-freunde.de\/blog\/2015\/12\/29\/audi-konzern-investiert-in-die-zukunft\/#breadcrumb\"},\"inLanguage\":\"de\",\"potentialAction\":[{\"@type\":\"ReadAction\",\"target\":[\"https:\/\/www.tts-freunde.de\/blog\/2015\/12\/29\/audi-konzern-investiert-in-die-zukunft\/\"]}]},{\"@type\":\"ImageObject\",\"inLanguage\":\"de\",\"@id\":\"https:\/\/www.tts-freunde.de\/blog\/2015\/12\/29\/audi-konzern-investiert-in-die-zukunft\/#primaryimage\",\"url\":\"https:\/\/www.tts-freunde.de\/blog\/wp-content\/uploads\/2015\/12\/audi-konzern.jpg\",\"contentUrl\":\"https:\/\/www.tts-freunde.de\/blog\/wp-content\/uploads\/2015\/12\/audi-konzern.jpg\",\"width\":1160,\"height\":774},{\"@type\":\"BreadcrumbList\",\"@id\":\"https:\/\/www.tts-freunde.de\/blog\/2015\/12\/29\/audi-konzern-investiert-in-die-zukunft\/#breadcrumb\",\"itemListElement\":[{\"@type\":\"ListItem\",\"position\":1,\"name\":\"Home\",\"item\":\"https:\/\/www.tts-freunde.de\/blog\/\"},{\"@type\":\"ListItem\",\"position\":2,\"name\":\"Audi Konzern investiert in die Zukunft\"}]},{\"@type\":\"WebSite\",\"@id\":\"https:\/\/www.tts-freunde.de\/blog\/#website\",\"url\":\"https:\/\/www.tts-freunde.de\/blog\/\",\"name\":\"Audi Blog\",\"description\":\"Deutscher Audi Blog - TTS-Freunde\",\"publisher\":{\"@id\":\"https:\/\/www.tts-freunde.de\/blog\/#organization\"},\"potentialAction\":[{\"@type\":\"SearchAction\",\"target\":{\"@type\":\"EntryPoint\",\"urlTemplate\":\"https:\/\/www.tts-freunde.de\/blog\/?s={search_term_string}\"},\"query-input\":\"required name=search_term_string\"}],\"inLanguage\":\"de\"},{\"@type\":\"Organization\",\"@id\":\"https:\/\/www.tts-freunde.de\/blog\/#organization\",\"name\":\"Audi Blog\",\"url\":\"https:\/\/www.tts-freunde.de\/blog\/\",\"logo\":{\"@type\":\"ImageObject\",\"inLanguage\":\"de\",\"@id\":\"https:\/\/www.tts-freunde.de\/blog\/#\/schema\/logo\/image\/\",\"url\":\"https:\/\/www.tts-freunde.de\/blog\/wp-content\/uploads\/2022\/12\/logo_2022.jpg\",\"contentUrl\":\"https:\/\/www.tts-freunde.de\/blog\/wp-content\/uploads\/2022\/12\/logo_2022.jpg\",\"width\":240,\"height\":41,\"caption\":\"Audi Blog\"},\"image\":{\"@id\":\"https:\/\/www.tts-freunde.de\/blog\/#\/schema\/logo\/image\/\"}},{\"@type\":\"Person\",\"@id\":\"https:\/\/www.tts-freunde.de\/blog\/#\/schema\/person\/b67f6a54e98f013bd281dbe05514b701\",\"name\":\"admin\",\"image\":{\"@type\":\"ImageObject\",\"inLanguage\":\"de\",\"@id\":\"https:\/\/www.tts-freunde.de\/blog\/#\/schema\/person\/image\/\",\"url\":\"https:\/\/secure.gravatar.com\/avatar\/08a4bd330e25056ddb430c28136b38a6?s=96&d=mm&r=g\",\"contentUrl\":\"https:\/\/secure.gravatar.com\/avatar\/08a4bd330e25056ddb430c28136b38a6?s=96&d=mm&r=g\",\"caption\":\"admin\"},\"sameAs\":[\"http:\/\/www.tts-freunde.de\"],\"url\":\"https:\/\/www.tts-freunde.de\/blog\/author\/admin\/\"}]}<\/script>\n<!-- \/ Yoast SEO plugin. -->","yoast_head_json":{"title":"Audi Konzern investiert in die Zukunft - Audi Blog","robots":{"index":"index","follow":"follow","max-snippet":"max-snippet:-1","max-image-preview":"max-image-preview:large","max-video-preview":"max-video-preview:-1"},"canonical":"https:\/\/www.tts-freunde.de\/blog\/2015\/12\/29\/audi-konzern-investiert-in-die-zukunft\/","og_locale":"de_DE","og_type":"article","og_title":"Audi Konzern investiert in die Zukunft - Audi Blog","og_description":"Sachinvestitionen von mehr als \u20ac 3 Mrd. in 2016 Audi CEO Rupert Stadler: \u201eInvestieren auf hohem Niveau in Zukunftstechnologien, um starke Position auszubauen\u201c Axel Strotbek, Vorstand Finanz und Organisation: \u201eDurch weitere Kostenoptimierung finanziellen Spielraum gewinnen\u201c Audi Personalvorstand Thomas Sigi: \u201eSuchen Experten in wichtigen Zukunftsfeldern\u201c &nbsp; Audi stellt 2016 die Weichen [&hellip;]","og_url":"https:\/\/www.tts-freunde.de\/blog\/2015\/12\/29\/audi-konzern-investiert-in-die-zukunft\/","og_site_name":"Audi Blog","article_published_time":"2015-12-29T08:53:20+00:00","article_modified_time":"2015-12-29T08:54:41+00:00","og_image":[{"width":1160,"height":774,"url":"https:\/\/www.tts-freunde.de\/blog\/wp-content\/uploads\/2015\/12\/audi-konzern.jpg","type":"image\/jpeg"}],"author":"admin","twitter_card":"summary_large_image","twitter_misc":{"Verfasst von":"admin","Gesch\u00e4tzte Lesezeit":"2\u00a0Minuten"},"schema":{"@context":"https:\/\/schema.org","@graph":[{"@type":"Article","@id":"https:\/\/www.tts-freunde.de\/blog\/2015\/12\/29\/audi-konzern-investiert-in-die-zukunft\/#article","isPartOf":{"@id":"https:\/\/www.tts-freunde.de\/blog\/2015\/12\/29\/audi-konzern-investiert-in-die-zukunft\/"},"author":{"name":"admin","@id":"https:\/\/www.tts-freunde.de\/blog\/#\/schema\/person\/b67f6a54e98f013bd281dbe05514b701"},"headline":"Audi Konzern investiert in die Zukunft","datePublished":"2015-12-29T08:53:20+00:00","dateModified":"2015-12-29T08:54:41+00:00","mainEntityOfPage":{"@id":"https:\/\/www.tts-freunde.de\/blog\/2015\/12\/29\/audi-konzern-investiert-in-die-zukunft\/"},"wordCount":445,"publisher":{"@id":"https:\/\/www.tts-freunde.de\/blog\/#organization"},"image":{"@id":"https:\/\/www.tts-freunde.de\/blog\/2015\/12\/29\/audi-konzern-investiert-in-die-zukunft\/#primaryimage"},"thumbnailUrl":"https:\/\/www.tts-freunde.de\/blog\/wp-content\/uploads\/2015\/12\/audi-konzern.jpg","articleSection":["Audi AG"],"inLanguage":"de"},{"@type":"WebPage","@id":"https:\/\/www.tts-freunde.de\/blog\/2015\/12\/29\/audi-konzern-investiert-in-die-zukunft\/","url":"https:\/\/www.tts-freunde.de\/blog\/2015\/12\/29\/audi-konzern-investiert-in-die-zukunft\/","name":"Audi Konzern investiert in die Zukunft - Audi Blog","isPartOf":{"@id":"https:\/\/www.tts-freunde.de\/blog\/#website"},"primaryImageOfPage":{"@id":"https:\/\/www.tts-freunde.de\/blog\/2015\/12\/29\/audi-konzern-investiert-in-die-zukunft\/#primaryimage"},"image":{"@id":"https:\/\/www.tts-freunde.de\/blog\/2015\/12\/29\/audi-konzern-investiert-in-die-zukunft\/#primaryimage"},"thumbnailUrl":"https:\/\/www.tts-freunde.de\/blog\/wp-content\/uploads\/2015\/12\/audi-konzern.jpg","datePublished":"2015-12-29T08:53:20+00:00","dateModified":"2015-12-29T08:54:41+00:00","breadcrumb":{"@id":"https:\/\/www.tts-freunde.de\/blog\/2015\/12\/29\/audi-konzern-investiert-in-die-zukunft\/#breadcrumb"},"inLanguage":"de","potentialAction":[{"@type":"ReadAction","target":["https:\/\/www.tts-freunde.de\/blog\/2015\/12\/29\/audi-konzern-investiert-in-die-zukunft\/"]}]},{"@type":"ImageObject","inLanguage":"de","@id":"https:\/\/www.tts-freunde.de\/blog\/2015\/12\/29\/audi-konzern-investiert-in-die-zukunft\/#primaryimage","url":"https:\/\/www.tts-freunde.de\/blog\/wp-content\/uploads\/2015\/12\/audi-konzern.jpg","contentUrl":"https:\/\/www.tts-freunde.de\/blog\/wp-content\/uploads\/2015\/12\/audi-konzern.jpg","width":1160,"height":774},{"@type":"BreadcrumbList","@id":"https:\/\/www.tts-freunde.de\/blog\/2015\/12\/29\/audi-konzern-investiert-in-die-zukunft\/#breadcrumb","itemListElement":[{"@type":"ListItem","position":1,"name":"Home","item":"https:\/\/www.tts-freunde.de\/blog\/"},{"@type":"ListItem","position":2,"name":"Audi Konzern investiert in die Zukunft"}]},{"@type":"WebSite","@id":"https:\/\/www.tts-freunde.de\/blog\/#website","url":"https:\/\/www.tts-freunde.de\/blog\/","name":"Audi Blog","description":"Deutscher Audi Blog - TTS-Freunde","publisher":{"@id":"https:\/\/www.tts-freunde.de\/blog\/#organization"},"potentialAction":[{"@type":"SearchAction","target":{"@type":"EntryPoint","urlTemplate":"https:\/\/www.tts-freunde.de\/blog\/?s={search_term_string}"},"query-input":"required name=search_term_string"}],"inLanguage":"de"},{"@type":"Organization","@id":"https:\/\/www.tts-freunde.de\/blog\/#organization","name":"Audi Blog","url":"https:\/\/www.tts-freunde.de\/blog\/","logo":{"@type":"ImageObject","inLanguage":"de","@id":"https:\/\/www.tts-freunde.de\/blog\/#\/schema\/logo\/image\/","url":"https:\/\/www.tts-freunde.de\/blog\/wp-content\/uploads\/2022\/12\/logo_2022.jpg","contentUrl":"https:\/\/www.tts-freunde.de\/blog\/wp-content\/uploads\/2022\/12\/logo_2022.jpg","width":240,"height":41,"caption":"Audi Blog"},"image":{"@id":"https:\/\/www.tts-freunde.de\/blog\/#\/schema\/logo\/image\/"}},{"@type":"Person","@id":"https:\/\/www.tts-freunde.de\/blog\/#\/schema\/person\/b67f6a54e98f013bd281dbe05514b701","name":"admin","image":{"@type":"ImageObject","inLanguage":"de","@id":"https:\/\/www.tts-freunde.de\/blog\/#\/schema\/person\/image\/","url":"https:\/\/secure.gravatar.com\/avatar\/08a4bd330e25056ddb430c28136b38a6?s=96&d=mm&r=g","contentUrl":"https:\/\/secure.gravatar.com\/avatar\/08a4bd330e25056ddb430c28136b38a6?s=96&d=mm&r=g","caption":"admin"},"sameAs":["http:\/\/www.tts-freunde.de"],"url":"https:\/\/www.tts-freunde.de\/blog\/author\/admin\/"}]}},"jetpack_sharing_enabled":true,"jetpack_featured_media_url":"https:\/\/www.tts-freunde.de\/blog\/wp-content\/uploads\/2015\/12\/audi-konzern.jpg","jetpack_shortlink":"https:\/\/wp.me\/p67hWW-v5","jetpack_likes_enabled":false,"jetpack-related-posts":[],"_links":{"self":[{"href":"https:\/\/www.tts-freunde.de\/blog\/wp-json\/wp\/v2\/posts\/1927"}],"collection":[{"href":"https:\/\/www.tts-freunde.de\/blog\/wp-json\/wp\/v2\/posts"}],"about":[{"href":"https:\/\/www.tts-freunde.de\/blog\/wp-json\/wp\/v2\/types\/post"}],"author":[{"embeddable":true,"href":"https:\/\/www.tts-freunde.de\/blog\/wp-json\/wp\/v2\/users\/1"}],"replies":[{"embeddable":true,"href":"https:\/\/www.tts-freunde.de\/blog\/wp-json\/wp\/v2\/comments?post=1927"}],"version-history":[{"count":3,"href":"https:\/\/www.tts-freunde.de\/blog\/wp-json\/wp\/v2\/posts\/1927\/revisions"}],"predecessor-version":[{"id":1931,"href":"https:\/\/www.tts-freunde.de\/blog\/wp-json\/wp\/v2\/posts\/1927\/revisions\/1931"}],"wp:featuredmedia":[{"embeddable":true,"href":"https:\/\/www.tts-freunde.de\/blog\/wp-json\/wp\/v2\/media\/1928"}],"wp:attachment":[{"href":"https:\/\/www.tts-freunde.de\/blog\/wp-json\/wp\/v2\/media?parent=1927"}],"wp:term":[{"taxonomy":"category","embeddable":true,"href":"https:\/\/www.tts-freunde.de\/blog\/wp-json\/wp\/v2\/categories?post=1927"},{"taxonomy":"post_tag","embeddable":true,"href":"https:\/\/www.tts-freunde.de\/blog\/wp-json\/wp\/v2\/tags?post=1927"}],"curies":[{"name":"wp","href":"https:\/\/api.w.org\/{rel}","templated":true}]}}