{"id":2032,"date":"2016-01-29T08:00:03","date_gmt":"2016-01-29T07:00:03","guid":{"rendered":"http:\/\/tts-freunde.de\/blog\/?p=2032"},"modified":"2016-01-28T18:47:55","modified_gmt":"2016-01-28T17:47:55","slug":"audi-raeumt-den-begehrten-connected-car-award-2015-ab","status":"publish","type":"post","link":"https:\/\/www.tts-freunde.de\/blog\/2016\/01\/29\/audi-raeumt-den-begehrten-connected-car-award-2015-ab\/","title":{"rendered":"Audi r\u00e4umt den begehrten Connected Car Award 2015 ab"},"content":{"rendered":"<p>Ausgezeichnete Telefonanbindung, hochwertiger 3D-Sound und WLAN im Fahrzeug \u2013 die Zukunft der Autobranche hei\u00dft Connectivity. Schon jetzt h\u00e4ngt die Kaufentscheidung f\u00fcr das eine oder das andere Modell stark von der Art und Weise der Vernetzung ab. Im Vergleich zu einigen anderen Herstellern hat Audi in dieser Hinsicht ganz klar die Nase vorn \u2013 wof\u00fcr es jetzt sogar die begehrte Auszeichnung \u201eConnected Car Award 2015\u201c von COMPUTER BILD und AUTO BILD gab.<\/p>\n<p>Der Autofahrer von heute will nicht mehr nur blo\u00df ein sch\u00f6nes, schnelles Auto. Es soll ein Auto sein, das auch bestens vernetzt ist. Die Nachfrage nach Connected-Cars steigt und die Automobilindustrie r\u00fcstet entsprechend auf. Assistenz- und Sicherheitssysteme, erstklassige Navigation oder digitale Services \u2013 das Ganze wollen sich Autohersteller in den kommenden Jahren <a href=\"http:\/\/www.computerbild.de\/artikel\/cb-News-Connected-Car-Awards-2015-Gewinner-14692959.html\">rund 18 Milliarden Euro kosten lassen<\/a>. Aber welcher Autohersteller hat bereits die besten Innovationen rund um das vernetzte Auto? Die Leser der COMPUTER BILD und AUTO BILD haben eine klare Antwort: Audi. In einer Abstimmung, die insgesamt neun einzelne Kategorien umfasste, durften sie <a href=\"http:\/\/www.computerbild.de\/fotos\/cb-News-Connected-Car-Connected-Car-Award-2015-14693239.html\">ihren Favoriten w\u00e4hlen<\/a>. Insbesondere in folgenden Kategorien konnte Audi \u00fcberzeugen:<\/p>\n<ul>\n<li><strong>Beste Telefonanbindung<\/strong><br \/>\nWer schon mal eine Panne mitten im Nirgendwo hatte, wei\u00df wie wichtig eine gut funktionierende Telefonverbindung sein kann. Diese bringt einem allerdings auch nicht viel, wenn der Akku des Smartphones schon wieder leer ist. Auf dieses Problem hat Audi mit seinem <a href=\"http:\/\/tts-freunde.de\/blog\/2015\/11\/05\/fuenf-sterne-fuer-audi-a4-im-euro-ncap-test\/\">A4<\/a> eine ganz einfache Antwort: Die sogenannte \u201ePhone-Box\u201c. Damit l\u00e4sst sich ein leeres Smartphone nicht nur mit neuem Saft aufladen, sondern auch per Netzwerk mit der Au\u00dfenantenne verbinden. Das garantiert eine deutlich bessere Empfangsqualit\u00e4t, die in Notf\u00e4llen Gold wert sein kann.<\/li>\n<li><strong>Beste Internet-Integration<\/strong><br \/>\nNicht weniger n\u00fctzlich ist der LTE-Hotspot, den Audi selbst in seine kleinen Modelle wie den A1 einbauen lie\u00df. Damit hat man nicht nur richtig flottes Internet f\u00fcr das n\u00f6tige Unterhaltungsprogramm im Auto, sondern man kann seinen Werkstatttermin ganz bequem und flexibel von unterwegs buchen. <a href=\"https:\/\/www.drivelog.de\/\">\u00dcber drivelog.de beispielsweise<\/a> l\u00e4sst sich m\u00fchelos ermitteln, ob die Werkstatt um die Ecke gerade einen freien Termin hat. Mit dem LTE-Hotspot spart man also nicht nur Zeit, sondern schont auch seine Nerven \u2013 denn damit geh\u00f6rt die langsame Internetverbindung on the road garantiert der Vergangenheit an.<\/li>\n<li><strong>Beste Navigation<\/strong><br \/>\nStarke Nerven braucht man, wenn man wieder einmal eine ung\u00fcnstige Route gew\u00e4hlt hat. Um die Navigation m\u00f6glichst \u00fcbersichtlich zu gestalten, greift Audi auf das umfangreiche Kartenmaterial von <a href=\"http:\/\/www.chip.de\/downloads\/Google-Maps_72710940.html\">Google Maps<\/a> zur\u00fcck. F\u00fcr den vollen Durchblick sind zus\u00e4tzlich Google Earth und Street View integriert. Na, wenn das nicht schnell und erfolgreich ans Ziel f\u00fchrt!?<\/li>\n<\/ul>\n<p><img decoding=\"async\" src=\"https:\/\/farm2.staticflickr.com\/1701\/24225054582_17e8460f7c_z_d.jpg\" alt=\"\" \/><br \/>\nBildrechte: Flickr <a href=\"https:\/\/www.flickr.com\/photos\/audiag\/24225054582\/\" rel=\"nofollow\">Audi A4 allroad Quattro<\/a> <a href=\"https:\/\/www.flickr.com\/photos\/audiag\/\" rel=\"nofollow\">AUDI AG<\/a> CC BY-SA 2.0 <a href=\"https:\/\/creativecommons.org\/licenses\/by-sa\/2.0\/\" rel=\"nofollow\">Bestimmte Rechte vorbehalten<\/a><\/p>\n","protected":false},"excerpt":{"rendered":"<p>Ausgezeichnete Telefonanbindung, hochwertiger 3D-Sound und WLAN im Fahrzeug \u2013 die Zukunft der Autobranche hei\u00dft Connectivity. Schon jetzt h\u00e4ngt die Kaufentscheidung f\u00fcr das eine oder das andere Modell stark von der Art und Weise der Vernetzung ab. Im Vergleich zu einigen anderen Herstellern hat Audi in dieser Hinsicht ganz klar die [&hellip;]<\/p>\n","protected":false},"author":1,"featured_media":1655,"comment_status":"closed","ping_status":"open","sticky":false,"template":"","format":"standard","meta":{"jetpack_post_was_ever_published":false,"_jetpack_newsletter_access":"","_jetpack_dont_email_post_to_subs":false,"_jetpack_newsletter_tier_id":0,"_jetpack_memberships_contains_paywalled_content":false,"_jetpack_memberships_contains_paid_content":false,"footnotes":"","jetpack_publicize_message":"#Audi r\u00e4umt den begehrten Connected Car Award 2015 ab","jetpack_publicize_feature_enabled":true,"jetpack_social_post_already_shared":true,"jetpack_social_options":{"image_generator_settings":{"template":"highway","enabled":false},"version":2}},"categories":[16],"tags":[],"class_list":["post-2032","post","type-post","status-publish","format-standard","has-post-thumbnail","hentry","category-audi-ag"],"wppr_data":{"cwp_meta_box_check":"No","cwp_rev_product_name":"","cwp_rev_product_image":"","cwp_image_link":"image","cwp_rev_price":""},"jetpack_publicize_connections":[],"yoast_head":"<!-- This site is optimized with the Yoast SEO plugin v23.3 - https:\/\/yoast.com\/wordpress\/plugins\/seo\/ -->\n<title>Audi r\u00e4umt den begehrten Connected Car Award 2015 ab - Audi Blog<\/title>\n<meta name=\"robots\" content=\"index, follow, max-snippet:-1, max-image-preview:large, max-video-preview:-1\" \/>\n<link rel=\"canonical\" href=\"https:\/\/www.tts-freunde.de\/blog\/2016\/01\/29\/audi-raeumt-den-begehrten-connected-car-award-2015-ab\/\" \/>\n<meta property=\"og:locale\" content=\"de_DE\" \/>\n<meta property=\"og:type\" content=\"article\" \/>\n<meta property=\"og:title\" content=\"Audi r\u00e4umt den begehrten Connected Car Award 2015 ab - Audi Blog\" \/>\n<meta property=\"og:description\" content=\"Ausgezeichnete Telefonanbindung, hochwertiger 3D-Sound und WLAN im Fahrzeug \u2013 die Zukunft der Autobranche hei\u00dft Connectivity. Schon jetzt h\u00e4ngt die Kaufentscheidung f\u00fcr das eine oder das andere Modell stark von der Art und Weise der Vernetzung ab. Im Vergleich zu einigen anderen Herstellern hat Audi in dieser Hinsicht ganz klar die [&hellip;]\" \/>\n<meta property=\"og:url\" content=\"https:\/\/www.tts-freunde.de\/blog\/2016\/01\/29\/audi-raeumt-den-begehrten-connected-car-award-2015-ab\/\" \/>\n<meta property=\"og:site_name\" content=\"Audi Blog\" \/>\n<meta property=\"article:published_time\" content=\"2016-01-29T07:00:03+00:00\" \/>\n<meta property=\"article:modified_time\" content=\"2016-01-28T17:47:55+00:00\" \/>\n<meta property=\"og:image\" content=\"https:\/\/www.tts-freunde.de\/blog\/wp-content\/uploads\/2015\/11\/Audi-A4-2.0-TFSI-quattro.jpg\" \/>\n\t<meta property=\"og:image:width\" content=\"1160\" \/>\n\t<meta property=\"og:image:height\" content=\"820\" \/>\n\t<meta property=\"og:image:type\" content=\"image\/jpeg\" \/>\n<meta name=\"author\" content=\"admin\" \/>\n<meta name=\"twitter:card\" content=\"summary_large_image\" \/>\n<meta name=\"twitter:label1\" content=\"Verfasst von\" \/>\n\t<meta name=\"twitter:data1\" content=\"admin\" \/>\n\t<meta name=\"twitter:label2\" content=\"Gesch\u00e4tzte Lesezeit\" \/>\n\t<meta name=\"twitter:data2\" content=\"2\u00a0Minuten\" \/>\n<script type=\"application\/ld+json\" class=\"yoast-schema-graph\">{\"@context\":\"https:\/\/schema.org\",\"@graph\":[{\"@type\":\"Article\",\"@id\":\"https:\/\/www.tts-freunde.de\/blog\/2016\/01\/29\/audi-raeumt-den-begehrten-connected-car-award-2015-ab\/#article\",\"isPartOf\":{\"@id\":\"https:\/\/www.tts-freunde.de\/blog\/2016\/01\/29\/audi-raeumt-den-begehrten-connected-car-award-2015-ab\/\"},\"author\":{\"name\":\"admin\",\"@id\":\"https:\/\/www.tts-freunde.de\/blog\/#\/schema\/person\/b67f6a54e98f013bd281dbe05514b701\"},\"headline\":\"Audi r\u00e4umt den begehrten Connected Car Award 2015 ab\",\"datePublished\":\"2016-01-29T07:00:03+00:00\",\"dateModified\":\"2016-01-28T17:47:55+00:00\",\"mainEntityOfPage\":{\"@id\":\"https:\/\/www.tts-freunde.de\/blog\/2016\/01\/29\/audi-raeumt-den-begehrten-connected-car-award-2015-ab\/\"},\"wordCount\":447,\"publisher\":{\"@id\":\"https:\/\/www.tts-freunde.de\/blog\/#organization\"},\"image\":{\"@id\":\"https:\/\/www.tts-freunde.de\/blog\/2016\/01\/29\/audi-raeumt-den-begehrten-connected-car-award-2015-ab\/#primaryimage\"},\"thumbnailUrl\":\"https:\/\/www.tts-freunde.de\/blog\/wp-content\/uploads\/2015\/11\/Audi-A4-2.0-TFSI-quattro.jpg\",\"articleSection\":[\"Audi AG\"],\"inLanguage\":\"de\"},{\"@type\":\"WebPage\",\"@id\":\"https:\/\/www.tts-freunde.de\/blog\/2016\/01\/29\/audi-raeumt-den-begehrten-connected-car-award-2015-ab\/\",\"url\":\"https:\/\/www.tts-freunde.de\/blog\/2016\/01\/29\/audi-raeumt-den-begehrten-connected-car-award-2015-ab\/\",\"name\":\"Audi r\u00e4umt den begehrten Connected Car Award 2015 ab - Audi Blog\",\"isPartOf\":{\"@id\":\"https:\/\/www.tts-freunde.de\/blog\/#website\"},\"primaryImageOfPage\":{\"@id\":\"https:\/\/www.tts-freunde.de\/blog\/2016\/01\/29\/audi-raeumt-den-begehrten-connected-car-award-2015-ab\/#primaryimage\"},\"image\":{\"@id\":\"https:\/\/www.tts-freunde.de\/blog\/2016\/01\/29\/audi-raeumt-den-begehrten-connected-car-award-2015-ab\/#primaryimage\"},\"thumbnailUrl\":\"https:\/\/www.tts-freunde.de\/blog\/wp-content\/uploads\/2015\/11\/Audi-A4-2.0-TFSI-quattro.jpg\",\"datePublished\":\"2016-01-29T07:00:03+00:00\",\"dateModified\":\"2016-01-28T17:47:55+00:00\",\"breadcrumb\":{\"@id\":\"https:\/\/www.tts-freunde.de\/blog\/2016\/01\/29\/audi-raeumt-den-begehrten-connected-car-award-2015-ab\/#breadcrumb\"},\"inLanguage\":\"de\",\"potentialAction\":[{\"@type\":\"ReadAction\",\"target\":[\"https:\/\/www.tts-freunde.de\/blog\/2016\/01\/29\/audi-raeumt-den-begehrten-connected-car-award-2015-ab\/\"]}]},{\"@type\":\"ImageObject\",\"inLanguage\":\"de\",\"@id\":\"https:\/\/www.tts-freunde.de\/blog\/2016\/01\/29\/audi-raeumt-den-begehrten-connected-car-award-2015-ab\/#primaryimage\",\"url\":\"https:\/\/www.tts-freunde.de\/blog\/wp-content\/uploads\/2015\/11\/Audi-A4-2.0-TFSI-quattro.jpg\",\"contentUrl\":\"https:\/\/www.tts-freunde.de\/blog\/wp-content\/uploads\/2015\/11\/Audi-A4-2.0-TFSI-quattro.jpg\",\"width\":1160,\"height\":820},{\"@type\":\"BreadcrumbList\",\"@id\":\"https:\/\/www.tts-freunde.de\/blog\/2016\/01\/29\/audi-raeumt-den-begehrten-connected-car-award-2015-ab\/#breadcrumb\",\"itemListElement\":[{\"@type\":\"ListItem\",\"position\":1,\"name\":\"Home\",\"item\":\"https:\/\/www.tts-freunde.de\/blog\/\"},{\"@type\":\"ListItem\",\"position\":2,\"name\":\"Audi r\u00e4umt den begehrten Connected Car Award 2015 ab\"}]},{\"@type\":\"WebSite\",\"@id\":\"https:\/\/www.tts-freunde.de\/blog\/#website\",\"url\":\"https:\/\/www.tts-freunde.de\/blog\/\",\"name\":\"Audi Blog\",\"description\":\"Deutscher Audi Blog - TTS-Freunde\",\"publisher\":{\"@id\":\"https:\/\/www.tts-freunde.de\/blog\/#organization\"},\"potentialAction\":[{\"@type\":\"SearchAction\",\"target\":{\"@type\":\"EntryPoint\",\"urlTemplate\":\"https:\/\/www.tts-freunde.de\/blog\/?s={search_term_string}\"},\"query-input\":\"required name=search_term_string\"}],\"inLanguage\":\"de\"},{\"@type\":\"Organization\",\"@id\":\"https:\/\/www.tts-freunde.de\/blog\/#organization\",\"name\":\"Audi Blog\",\"url\":\"https:\/\/www.tts-freunde.de\/blog\/\",\"logo\":{\"@type\":\"ImageObject\",\"inLanguage\":\"de\",\"@id\":\"https:\/\/www.tts-freunde.de\/blog\/#\/schema\/logo\/image\/\",\"url\":\"https:\/\/www.tts-freunde.de\/blog\/wp-content\/uploads\/2022\/12\/logo_2022.jpg\",\"contentUrl\":\"https:\/\/www.tts-freunde.de\/blog\/wp-content\/uploads\/2022\/12\/logo_2022.jpg\",\"width\":240,\"height\":41,\"caption\":\"Audi Blog\"},\"image\":{\"@id\":\"https:\/\/www.tts-freunde.de\/blog\/#\/schema\/logo\/image\/\"}},{\"@type\":\"Person\",\"@id\":\"https:\/\/www.tts-freunde.de\/blog\/#\/schema\/person\/b67f6a54e98f013bd281dbe05514b701\",\"name\":\"admin\",\"image\":{\"@type\":\"ImageObject\",\"inLanguage\":\"de\",\"@id\":\"https:\/\/www.tts-freunde.de\/blog\/#\/schema\/person\/image\/\",\"url\":\"https:\/\/secure.gravatar.com\/avatar\/08a4bd330e25056ddb430c28136b38a6?s=96&d=mm&r=g\",\"contentUrl\":\"https:\/\/secure.gravatar.com\/avatar\/08a4bd330e25056ddb430c28136b38a6?s=96&d=mm&r=g\",\"caption\":\"admin\"},\"sameAs\":[\"http:\/\/www.tts-freunde.de\"],\"url\":\"https:\/\/www.tts-freunde.de\/blog\/author\/admin\/\"}]}<\/script>\n<!-- \/ Yoast SEO plugin. -->","yoast_head_json":{"title":"Audi r\u00e4umt den begehrten Connected Car Award 2015 ab - Audi Blog","robots":{"index":"index","follow":"follow","max-snippet":"max-snippet:-1","max-image-preview":"max-image-preview:large","max-video-preview":"max-video-preview:-1"},"canonical":"https:\/\/www.tts-freunde.de\/blog\/2016\/01\/29\/audi-raeumt-den-begehrten-connected-car-award-2015-ab\/","og_locale":"de_DE","og_type":"article","og_title":"Audi r\u00e4umt den begehrten Connected Car Award 2015 ab - Audi Blog","og_description":"Ausgezeichnete Telefonanbindung, hochwertiger 3D-Sound und WLAN im Fahrzeug \u2013 die Zukunft der Autobranche hei\u00dft Connectivity. Schon jetzt h\u00e4ngt die Kaufentscheidung f\u00fcr das eine oder das andere Modell stark von der Art und Weise der Vernetzung ab. Im Vergleich zu einigen anderen Herstellern hat Audi in dieser Hinsicht ganz klar die [&hellip;]","og_url":"https:\/\/www.tts-freunde.de\/blog\/2016\/01\/29\/audi-raeumt-den-begehrten-connected-car-award-2015-ab\/","og_site_name":"Audi Blog","article_published_time":"2016-01-29T07:00:03+00:00","article_modified_time":"2016-01-28T17:47:55+00:00","og_image":[{"width":1160,"height":820,"url":"https:\/\/www.tts-freunde.de\/blog\/wp-content\/uploads\/2015\/11\/Audi-A4-2.0-TFSI-quattro.jpg","type":"image\/jpeg"}],"author":"admin","twitter_card":"summary_large_image","twitter_misc":{"Verfasst von":"admin","Gesch\u00e4tzte Lesezeit":"2\u00a0Minuten"},"schema":{"@context":"https:\/\/schema.org","@graph":[{"@type":"Article","@id":"https:\/\/www.tts-freunde.de\/blog\/2016\/01\/29\/audi-raeumt-den-begehrten-connected-car-award-2015-ab\/#article","isPartOf":{"@id":"https:\/\/www.tts-freunde.de\/blog\/2016\/01\/29\/audi-raeumt-den-begehrten-connected-car-award-2015-ab\/"},"author":{"name":"admin","@id":"https:\/\/www.tts-freunde.de\/blog\/#\/schema\/person\/b67f6a54e98f013bd281dbe05514b701"},"headline":"Audi r\u00e4umt den begehrten Connected Car Award 2015 ab","datePublished":"2016-01-29T07:00:03+00:00","dateModified":"2016-01-28T17:47:55+00:00","mainEntityOfPage":{"@id":"https:\/\/www.tts-freunde.de\/blog\/2016\/01\/29\/audi-raeumt-den-begehrten-connected-car-award-2015-ab\/"},"wordCount":447,"publisher":{"@id":"https:\/\/www.tts-freunde.de\/blog\/#organization"},"image":{"@id":"https:\/\/www.tts-freunde.de\/blog\/2016\/01\/29\/audi-raeumt-den-begehrten-connected-car-award-2015-ab\/#primaryimage"},"thumbnailUrl":"https:\/\/www.tts-freunde.de\/blog\/wp-content\/uploads\/2015\/11\/Audi-A4-2.0-TFSI-quattro.jpg","articleSection":["Audi AG"],"inLanguage":"de"},{"@type":"WebPage","@id":"https:\/\/www.tts-freunde.de\/blog\/2016\/01\/29\/audi-raeumt-den-begehrten-connected-car-award-2015-ab\/","url":"https:\/\/www.tts-freunde.de\/blog\/2016\/01\/29\/audi-raeumt-den-begehrten-connected-car-award-2015-ab\/","name":"Audi r\u00e4umt den begehrten Connected Car Award 2015 ab - Audi Blog","isPartOf":{"@id":"https:\/\/www.tts-freunde.de\/blog\/#website"},"primaryImageOfPage":{"@id":"https:\/\/www.tts-freunde.de\/blog\/2016\/01\/29\/audi-raeumt-den-begehrten-connected-car-award-2015-ab\/#primaryimage"},"image":{"@id":"https:\/\/www.tts-freunde.de\/blog\/2016\/01\/29\/audi-raeumt-den-begehrten-connected-car-award-2015-ab\/#primaryimage"},"thumbnailUrl":"https:\/\/www.tts-freunde.de\/blog\/wp-content\/uploads\/2015\/11\/Audi-A4-2.0-TFSI-quattro.jpg","datePublished":"2016-01-29T07:00:03+00:00","dateModified":"2016-01-28T17:47:55+00:00","breadcrumb":{"@id":"https:\/\/www.tts-freunde.de\/blog\/2016\/01\/29\/audi-raeumt-den-begehrten-connected-car-award-2015-ab\/#breadcrumb"},"inLanguage":"de","potentialAction":[{"@type":"ReadAction","target":["https:\/\/www.tts-freunde.de\/blog\/2016\/01\/29\/audi-raeumt-den-begehrten-connected-car-award-2015-ab\/"]}]},{"@type":"ImageObject","inLanguage":"de","@id":"https:\/\/www.tts-freunde.de\/blog\/2016\/01\/29\/audi-raeumt-den-begehrten-connected-car-award-2015-ab\/#primaryimage","url":"https:\/\/www.tts-freunde.de\/blog\/wp-content\/uploads\/2015\/11\/Audi-A4-2.0-TFSI-quattro.jpg","contentUrl":"https:\/\/www.tts-freunde.de\/blog\/wp-content\/uploads\/2015\/11\/Audi-A4-2.0-TFSI-quattro.jpg","width":1160,"height":820},{"@type":"BreadcrumbList","@id":"https:\/\/www.tts-freunde.de\/blog\/2016\/01\/29\/audi-raeumt-den-begehrten-connected-car-award-2015-ab\/#breadcrumb","itemListElement":[{"@type":"ListItem","position":1,"name":"Home","item":"https:\/\/www.tts-freunde.de\/blog\/"},{"@type":"ListItem","position":2,"name":"Audi r\u00e4umt den begehrten Connected Car Award 2015 ab"}]},{"@type":"WebSite","@id":"https:\/\/www.tts-freunde.de\/blog\/#website","url":"https:\/\/www.tts-freunde.de\/blog\/","name":"Audi Blog","description":"Deutscher Audi Blog - TTS-Freunde","publisher":{"@id":"https:\/\/www.tts-freunde.de\/blog\/#organization"},"potentialAction":[{"@type":"SearchAction","target":{"@type":"EntryPoint","urlTemplate":"https:\/\/www.tts-freunde.de\/blog\/?s={search_term_string}"},"query-input":"required name=search_term_string"}],"inLanguage":"de"},{"@type":"Organization","@id":"https:\/\/www.tts-freunde.de\/blog\/#organization","name":"Audi Blog","url":"https:\/\/www.tts-freunde.de\/blog\/","logo":{"@type":"ImageObject","inLanguage":"de","@id":"https:\/\/www.tts-freunde.de\/blog\/#\/schema\/logo\/image\/","url":"https:\/\/www.tts-freunde.de\/blog\/wp-content\/uploads\/2022\/12\/logo_2022.jpg","contentUrl":"https:\/\/www.tts-freunde.de\/blog\/wp-content\/uploads\/2022\/12\/logo_2022.jpg","width":240,"height":41,"caption":"Audi Blog"},"image":{"@id":"https:\/\/www.tts-freunde.de\/blog\/#\/schema\/logo\/image\/"}},{"@type":"Person","@id":"https:\/\/www.tts-freunde.de\/blog\/#\/schema\/person\/b67f6a54e98f013bd281dbe05514b701","name":"admin","image":{"@type":"ImageObject","inLanguage":"de","@id":"https:\/\/www.tts-freunde.de\/blog\/#\/schema\/person\/image\/","url":"https:\/\/secure.gravatar.com\/avatar\/08a4bd330e25056ddb430c28136b38a6?s=96&d=mm&r=g","contentUrl":"https:\/\/secure.gravatar.com\/avatar\/08a4bd330e25056ddb430c28136b38a6?s=96&d=mm&r=g","caption":"admin"},"sameAs":["http:\/\/www.tts-freunde.de"],"url":"https:\/\/www.tts-freunde.de\/blog\/author\/admin\/"}]}},"jetpack_sharing_enabled":true,"jetpack_featured_media_url":"https:\/\/www.tts-freunde.de\/blog\/wp-content\/uploads\/2015\/11\/Audi-A4-2.0-TFSI-quattro.jpg","jetpack_shortlink":"https:\/\/wp.me\/p67hWW-wM","jetpack_likes_enabled":false,"jetpack-related-posts":[],"_links":{"self":[{"href":"https:\/\/www.tts-freunde.de\/blog\/wp-json\/wp\/v2\/posts\/2032"}],"collection":[{"href":"https:\/\/www.tts-freunde.de\/blog\/wp-json\/wp\/v2\/posts"}],"about":[{"href":"https:\/\/www.tts-freunde.de\/blog\/wp-json\/wp\/v2\/types\/post"}],"author":[{"embeddable":true,"href":"https:\/\/www.tts-freunde.de\/blog\/wp-json\/wp\/v2\/users\/1"}],"replies":[{"embeddable":true,"href":"https:\/\/www.tts-freunde.de\/blog\/wp-json\/wp\/v2\/comments?post=2032"}],"version-history":[{"count":1,"href":"https:\/\/www.tts-freunde.de\/blog\/wp-json\/wp\/v2\/posts\/2032\/revisions"}],"predecessor-version":[{"id":2033,"href":"https:\/\/www.tts-freunde.de\/blog\/wp-json\/wp\/v2\/posts\/2032\/revisions\/2033"}],"wp:featuredmedia":[{"embeddable":true,"href":"https:\/\/www.tts-freunde.de\/blog\/wp-json\/wp\/v2\/media\/1655"}],"wp:attachment":[{"href":"https:\/\/www.tts-freunde.de\/blog\/wp-json\/wp\/v2\/media?parent=2032"}],"wp:term":[{"taxonomy":"category","embeddable":true,"href":"https:\/\/www.tts-freunde.de\/blog\/wp-json\/wp\/v2\/categories?post=2032"},{"taxonomy":"post_tag","embeddable":true,"href":"https:\/\/www.tts-freunde.de\/blog\/wp-json\/wp\/v2\/tags?post=2032"}],"curies":[{"name":"wp","href":"https:\/\/api.w.org\/{rel}","templated":true}]}}