{"id":2175,"date":"2016-02-26T08:00:52","date_gmt":"2016-02-26T07:00:52","guid":{"rendered":"http:\/\/tts-freunde.de\/blog\/?p=2175"},"modified":"2016-02-25T18:41:23","modified_gmt":"2016-02-25T17:41:23","slug":"junge-tueftler-machen-station-bei-audi","status":"publish","type":"post","link":"https:\/\/www.tts-freunde.de\/blog\/2016\/02\/26\/junge-tueftler-machen-station-bei-audi\/","title":{"rendered":"Junge T\u00fcftler machen Station bei Audi"},"content":{"rendered":"<div id=\"item-10ee1f6e-b316-4d58-81bd-fc7f3f27858d\" class=\"page-item--column col-sm-4\">\n<div class=\"page-row has-no-item-box\">\n<div id=\"item-612cff6b-a4aa-42c9-acf5-ced89b4c8199\" class=\"page-item--topic-list\">\n<div class=\"topic-list\">\n<ul>\n<li>Regionalentscheid \u201eJugend forscht\u201c und \u201eSch\u00fcler experimentieren\u201c im Audi-Bildungszentrum in Ingolstadt<\/li>\n<li>Rund 150 Teilnehmer pr\u00e4sentieren mehr als 100 Projekte<\/li>\n<li>Dieter Omert, Leiter Audi-Ausbildung: \u201eSind begeistert vom Erfindergeist der jungen Leute\u201c<\/li>\n<\/ul>\n<p><a href=\"http:\/\/tts-freunde.de\/blog\/wp-content\/uploads\/2016\/02\/Junge-T\u00fcftler-machen-Station-bei-Audi.jpg\" rel=\"attachment wp-att-2176\"><img loading=\"lazy\" decoding=\"async\" data-attachment-id=\"2176\" data-permalink=\"https:\/\/www.tts-freunde.de\/blog\/2016\/02\/26\/junge-tueftler-machen-station-bei-audi\/junge-tueftler-machen-station-bei-audi\/\" data-orig-file=\"https:\/\/www.tts-freunde.de\/blog\/wp-content\/uploads\/2016\/02\/Junge-T\u00fcftler-machen-Station-bei-Audi.jpg\" data-orig-size=\"1160,772\" data-comments-opened=\"0\" data-image-meta=\"{&quot;aperture&quot;:&quot;0&quot;,&quot;credit&quot;:&quot;&quot;,&quot;camera&quot;:&quot;&quot;,&quot;caption&quot;:&quot;&quot;,&quot;created_timestamp&quot;:&quot;0&quot;,&quot;copyright&quot;:&quot;&quot;,&quot;focal_length&quot;:&quot;0&quot;,&quot;iso&quot;:&quot;0&quot;,&quot;shutter_speed&quot;:&quot;0&quot;,&quot;title&quot;:&quot;&quot;,&quot;orientation&quot;:&quot;0&quot;}\" data-image-title=\"Junge T\u00fcftler machen Station bei Audi\" data-image-description=\"\" data-image-caption=\"\" data-medium-file=\"https:\/\/www.tts-freunde.de\/blog\/wp-content\/uploads\/2016\/02\/Junge-T\u00fcftler-machen-Station-bei-Audi-300x200.jpg\" data-large-file=\"https:\/\/www.tts-freunde.de\/blog\/wp-content\/uploads\/2016\/02\/Junge-T\u00fcftler-machen-Station-bei-Audi-1024x681.jpg\" tabindex=\"0\" role=\"button\" class=\"alignleft size-full wp-image-2176\" src=\"http:\/\/tts-freunde.de\/blog\/wp-content\/uploads\/2016\/02\/Junge-T\u00fcftler-machen-Station-bei-Audi.jpg\" alt=\"Junge T\u00fcftler machen Station bei Audi\" width=\"1160\" height=\"772\" srcset=\"https:\/\/www.tts-freunde.de\/blog\/wp-content\/uploads\/2016\/02\/Junge-T\u00fcftler-machen-Station-bei-Audi.jpg 1160w, https:\/\/www.tts-freunde.de\/blog\/wp-content\/uploads\/2016\/02\/Junge-T\u00fcftler-machen-Station-bei-Audi-300x200.jpg 300w, https:\/\/www.tts-freunde.de\/blog\/wp-content\/uploads\/2016\/02\/Junge-T\u00fcftler-machen-Station-bei-Audi-768x511.jpg 768w, https:\/\/www.tts-freunde.de\/blog\/wp-content\/uploads\/2016\/02\/Junge-T\u00fcftler-machen-Station-bei-Audi-1024x681.jpg 1024w, https:\/\/www.tts-freunde.de\/blog\/wp-content\/uploads\/2016\/02\/Junge-T\u00fcftler-machen-Station-bei-Audi-50x33.jpg 50w\" sizes=\"(max-width: 1160px) 100vw, 1160px\" \/><\/a><\/p>\n<div class=\"page-row has-no-item-box\">\n<div id=\"item-83ab6617-c02f-49fc-b20e-7131cadfaa24\" class=\"page-item--intro\">\n<div class=\"intro-text\">\n<p style=\"text-align: justify;\">Ideen, Erkenntnisse und Erfindungen aus Bereichen wie Arbeitswelt, Biologie oder Technik: Mehr als 150 junge Teilnehmer pr\u00e4sentieren seit Mittwoch im Audi Bildungszentrum in Ingolstadt ihre Wettbewerbsbeitr\u00e4ge f\u00fcr \u201eJugend forscht\u201c und \u201eSch\u00fcler experimentieren\u201c. Audi ist zum 37. Mal Gastgeber des Regionalentscheids.<\/p>\n<\/div>\n<\/div>\n<\/div>\n<div class=\"page-row has-no-item-box\">\n<div id=\"item-fc508622-4e21-4c2a-bd4c-4dc10ed8d5a1\" class=\"page-item--text\">\n<div class=\"style-links-for-body-text\">\n<p style=\"text-align: justify;\">Die jungen T\u00fcftler stellen der Jury und der \u00d6ffentlichkeit noch bis Donnerstagnachmittag mehr als 100\u00a0Projekte vor. 86\u00a0Teilnehmer treten im Wettbewerb \u201eJugend\u00a0forscht\u201c f\u00fcr die 15\u2011\u00a0bis 21\u2011J\u00e4hrigen an. In der Juniorensparte \u201eSch\u00fcler experimentieren\u201c f\u00fcr die unter 14\u2011J\u00e4hrigen sind es in diesem Jahr\u00a065. Etwa 40\u00a0Prozent der Teilnehmer sind M\u00e4dchen.<\/p>\n<p style=\"text-align: justify;\">Die Erfinder kommen aus 18\u00a0Schulen sowie aus dem Audi\u2011Bildungszentrum. \u201eWir sind begeistert vom gro\u00dfen Erfindergeist der jungen Leute in unserer Region\u201c, sagt Dieter\u00a0Omert, Leiter Berufsausbildung und fachliche Kompetenzentwicklung der AUDI\u00a0AG. \u201eInnovationen sind Grundlage jedes Unternehmenserfolgs. Umso mehr freuen wir uns, dass wir auch in diesem Jahr so viele T\u00fcftler bei uns begr\u00fc\u00dfen d\u00fcrfen.\u201c Als Teil des Rahmenprogramms erhalten die Teilnehmer F\u00fchrungen durchs Bildungszentrum, durchs Audi\u00a0museum\u00a0mobile und einen Einblick in die Robotertechnik bei Audi.<\/p>\n<p style=\"text-align: justify;\">Der Automobilhersteller ist in diesem Jahr mit vier\u00a0Projekten der eigenen Azubis vertreten. Zwei angehende Fertigungsmechaniker pr\u00e4sentieren ihre Idee f\u00fcr das kabellose Laden von Elektroautos. Eine Gruppe dualer Studenten des StEP\u2011Programms (Studium und Erfahrung in der Praxis) stellt ein System vor, das vor dem unbedachten \u00d6ffnen von Autot\u00fcren warnen soll. Und zwei Gruppen von k\u00fcnftigen Kfz\u2011Mechatronikern haben sich jeweils Scheibenwischeranlagen vorgenommen: Die einen wollen das Spritzbild an die jeweilige Windstr\u00f6mung anpassen und so f\u00fcr eine bessere Reinigung sorgen. Die anderen haben die Idee, vereiste Scheiben automatisch \u00fcber spezielle F\u00e4cherd\u00fcsen zu enteisen.<\/p>\n<p style=\"text-align: justify;\">Die Sieger des diesj\u00e4hrigen Regionalentscheids werden am Donnerstag zwischen 15\u00a0und 17\u00a0Uhr bei einer Feierstunde im Audi\u2011Bildungszentrum gek\u00fcrt. Die Urkunden \u00fcberreichen die Ingolst\u00e4dter Stadtr\u00e4tin Christina\u00a0Hofmann und Alois\u00a0Huber, Leiter Personal Audi\u00a0Ingolstadt.<\/p>\n<p style=\"text-align: justify;\">Der bundesweite Wettbewerb \u201eJugend\u00a0forscht\u201c findet in diesem Jahr bereits zum 51.\u00a0Mal statt. Die Sieger der zehn Regionalentscheide in Bayern k\u00e4mpfen am 4.\u00a0April beim Landesentscheid in M\u00fcnchen um den Einzug ins Bundesfinale in Paderborn, das vom 26.\u00a0bis 29.\u00a0Mai ausgetragen wird. Insgesamt haben sich in diesem Jahr deutschlandweit 12.058\u00a0Jugendliche f\u00fcr den Wettbewerb angemeldet.<\/p>\n<\/div>\n<\/div>\n<\/div>\n<\/div>\n<\/div>\n<\/div>\n<\/div>\n","protected":false},"excerpt":{"rendered":"<p>Regionalentscheid \u201eJugend forscht\u201c und \u201eSch\u00fcler experimentieren\u201c im Audi-Bildungszentrum in Ingolstadt Rund 150 Teilnehmer pr\u00e4sentieren mehr als 100 Projekte Dieter Omert, Leiter Audi-Ausbildung: \u201eSind begeistert vom Erfindergeist der jungen Leute\u201c Ideen, Erkenntnisse und Erfindungen aus Bereichen wie Arbeitswelt, Biologie oder Technik: Mehr als 150 junge Teilnehmer pr\u00e4sentieren seit Mittwoch im Audi [&hellip;]<\/p>\n","protected":false},"author":1,"featured_media":2176,"comment_status":"closed","ping_status":"open","sticky":false,"template":"","format":"standard","meta":{"jetpack_post_was_ever_published":false,"_jetpack_newsletter_access":"","_jetpack_dont_email_post_to_subs":false,"_jetpack_newsletter_tier_id":0,"_jetpack_memberships_contains_paywalled_content":false,"_jetpack_memberships_contains_paid_content":false,"footnotes":"","jetpack_publicize_message":"Junge T\u00fcftler machen Station bei #Audi","jetpack_publicize_feature_enabled":true,"jetpack_social_post_already_shared":true,"jetpack_social_options":{"image_generator_settings":{"template":"highway","enabled":false},"version":2}},"categories":[16],"tags":[],"class_list":["post-2175","post","type-post","status-publish","format-standard","has-post-thumbnail","hentry","category-audi-ag"],"wppr_data":[],"jetpack_publicize_connections":[],"yoast_head":"<!-- This site is optimized with the Yoast SEO plugin v23.3 - https:\/\/yoast.com\/wordpress\/plugins\/seo\/ -->\n<title>Junge T\u00fcftler machen Station bei Audi - Audi Blog<\/title>\n<meta name=\"robots\" content=\"index, follow, max-snippet:-1, max-image-preview:large, max-video-preview:-1\" \/>\n<link rel=\"canonical\" href=\"https:\/\/www.tts-freunde.de\/blog\/2016\/02\/26\/junge-tueftler-machen-station-bei-audi\/\" \/>\n<meta property=\"og:locale\" content=\"de_DE\" \/>\n<meta property=\"og:type\" content=\"article\" \/>\n<meta property=\"og:title\" content=\"Junge T\u00fcftler machen Station bei Audi - Audi Blog\" \/>\n<meta property=\"og:description\" content=\"Regionalentscheid \u201eJugend forscht\u201c und \u201eSch\u00fcler experimentieren\u201c im Audi-Bildungszentrum in Ingolstadt Rund 150 Teilnehmer pr\u00e4sentieren mehr als 100 Projekte Dieter Omert, Leiter Audi-Ausbildung: \u201eSind begeistert vom Erfindergeist der jungen Leute\u201c Ideen, Erkenntnisse und Erfindungen aus Bereichen wie Arbeitswelt, Biologie oder Technik: Mehr als 150 junge Teilnehmer pr\u00e4sentieren seit Mittwoch im Audi [&hellip;]\" \/>\n<meta property=\"og:url\" content=\"https:\/\/www.tts-freunde.de\/blog\/2016\/02\/26\/junge-tueftler-machen-station-bei-audi\/\" \/>\n<meta property=\"og:site_name\" content=\"Audi Blog\" \/>\n<meta property=\"article:published_time\" content=\"2016-02-26T07:00:52+00:00\" \/>\n<meta property=\"article:modified_time\" content=\"2016-02-25T17:41:23+00:00\" \/>\n<meta property=\"og:image\" content=\"https:\/\/www.tts-freunde.de\/blog\/wp-content\/uploads\/2016\/02\/Junge-T\u00fcftler-machen-Station-bei-Audi.jpg\" \/>\n\t<meta property=\"og:image:width\" content=\"1160\" \/>\n\t<meta property=\"og:image:height\" content=\"772\" \/>\n\t<meta property=\"og:image:type\" content=\"image\/jpeg\" \/>\n<meta name=\"author\" content=\"admin\" \/>\n<meta name=\"twitter:card\" content=\"summary_large_image\" \/>\n<meta name=\"twitter:label1\" content=\"Verfasst von\" \/>\n\t<meta name=\"twitter:data1\" content=\"admin\" \/>\n\t<meta name=\"twitter:label2\" content=\"Gesch\u00e4tzte Lesezeit\" \/>\n\t<meta name=\"twitter:data2\" content=\"2\u00a0Minuten\" \/>\n<script type=\"application\/ld+json\" class=\"yoast-schema-graph\">{\"@context\":\"https:\/\/schema.org\",\"@graph\":[{\"@type\":\"Article\",\"@id\":\"https:\/\/www.tts-freunde.de\/blog\/2016\/02\/26\/junge-tueftler-machen-station-bei-audi\/#article\",\"isPartOf\":{\"@id\":\"https:\/\/www.tts-freunde.de\/blog\/2016\/02\/26\/junge-tueftler-machen-station-bei-audi\/\"},\"author\":{\"name\":\"admin\",\"@id\":\"https:\/\/www.tts-freunde.de\/blog\/#\/schema\/person\/b67f6a54e98f013bd281dbe05514b701\"},\"headline\":\"Junge T\u00fcftler machen Station bei Audi\",\"datePublished\":\"2016-02-26T07:00:52+00:00\",\"dateModified\":\"2016-02-25T17:41:23+00:00\",\"mainEntityOfPage\":{\"@id\":\"https:\/\/www.tts-freunde.de\/blog\/2016\/02\/26\/junge-tueftler-machen-station-bei-audi\/\"},\"wordCount\":408,\"publisher\":{\"@id\":\"https:\/\/www.tts-freunde.de\/blog\/#organization\"},\"image\":{\"@id\":\"https:\/\/www.tts-freunde.de\/blog\/2016\/02\/26\/junge-tueftler-machen-station-bei-audi\/#primaryimage\"},\"thumbnailUrl\":\"https:\/\/www.tts-freunde.de\/blog\/wp-content\/uploads\/2016\/02\/Junge-T\u00fcftler-machen-Station-bei-Audi.jpg\",\"articleSection\":[\"Audi AG\"],\"inLanguage\":\"de\"},{\"@type\":\"WebPage\",\"@id\":\"https:\/\/www.tts-freunde.de\/blog\/2016\/02\/26\/junge-tueftler-machen-station-bei-audi\/\",\"url\":\"https:\/\/www.tts-freunde.de\/blog\/2016\/02\/26\/junge-tueftler-machen-station-bei-audi\/\",\"name\":\"Junge T\u00fcftler machen Station bei Audi - Audi Blog\",\"isPartOf\":{\"@id\":\"https:\/\/www.tts-freunde.de\/blog\/#website\"},\"primaryImageOfPage\":{\"@id\":\"https:\/\/www.tts-freunde.de\/blog\/2016\/02\/26\/junge-tueftler-machen-station-bei-audi\/#primaryimage\"},\"image\":{\"@id\":\"https:\/\/www.tts-freunde.de\/blog\/2016\/02\/26\/junge-tueftler-machen-station-bei-audi\/#primaryimage\"},\"thumbnailUrl\":\"https:\/\/www.tts-freunde.de\/blog\/wp-content\/uploads\/2016\/02\/Junge-T\u00fcftler-machen-Station-bei-Audi.jpg\",\"datePublished\":\"2016-02-26T07:00:52+00:00\",\"dateModified\":\"2016-02-25T17:41:23+00:00\",\"breadcrumb\":{\"@id\":\"https:\/\/www.tts-freunde.de\/blog\/2016\/02\/26\/junge-tueftler-machen-station-bei-audi\/#breadcrumb\"},\"inLanguage\":\"de\",\"potentialAction\":[{\"@type\":\"ReadAction\",\"target\":[\"https:\/\/www.tts-freunde.de\/blog\/2016\/02\/26\/junge-tueftler-machen-station-bei-audi\/\"]}]},{\"@type\":\"ImageObject\",\"inLanguage\":\"de\",\"@id\":\"https:\/\/www.tts-freunde.de\/blog\/2016\/02\/26\/junge-tueftler-machen-station-bei-audi\/#primaryimage\",\"url\":\"https:\/\/www.tts-freunde.de\/blog\/wp-content\/uploads\/2016\/02\/Junge-T\u00fcftler-machen-Station-bei-Audi.jpg\",\"contentUrl\":\"https:\/\/www.tts-freunde.de\/blog\/wp-content\/uploads\/2016\/02\/Junge-T\u00fcftler-machen-Station-bei-Audi.jpg\",\"width\":1160,\"height\":772},{\"@type\":\"BreadcrumbList\",\"@id\":\"https:\/\/www.tts-freunde.de\/blog\/2016\/02\/26\/junge-tueftler-machen-station-bei-audi\/#breadcrumb\",\"itemListElement\":[{\"@type\":\"ListItem\",\"position\":1,\"name\":\"Home\",\"item\":\"https:\/\/www.tts-freunde.de\/blog\/\"},{\"@type\":\"ListItem\",\"position\":2,\"name\":\"Junge T\u00fcftler machen Station bei Audi\"}]},{\"@type\":\"WebSite\",\"@id\":\"https:\/\/www.tts-freunde.de\/blog\/#website\",\"url\":\"https:\/\/www.tts-freunde.de\/blog\/\",\"name\":\"Audi Blog\",\"description\":\"Deutscher Audi Blog - TTS-Freunde\",\"publisher\":{\"@id\":\"https:\/\/www.tts-freunde.de\/blog\/#organization\"},\"potentialAction\":[{\"@type\":\"SearchAction\",\"target\":{\"@type\":\"EntryPoint\",\"urlTemplate\":\"https:\/\/www.tts-freunde.de\/blog\/?s={search_term_string}\"},\"query-input\":\"required name=search_term_string\"}],\"inLanguage\":\"de\"},{\"@type\":\"Organization\",\"@id\":\"https:\/\/www.tts-freunde.de\/blog\/#organization\",\"name\":\"Audi Blog\",\"url\":\"https:\/\/www.tts-freunde.de\/blog\/\",\"logo\":{\"@type\":\"ImageObject\",\"inLanguage\":\"de\",\"@id\":\"https:\/\/www.tts-freunde.de\/blog\/#\/schema\/logo\/image\/\",\"url\":\"https:\/\/www.tts-freunde.de\/blog\/wp-content\/uploads\/2022\/12\/logo_2022.jpg\",\"contentUrl\":\"https:\/\/www.tts-freunde.de\/blog\/wp-content\/uploads\/2022\/12\/logo_2022.jpg\",\"width\":240,\"height\":41,\"caption\":\"Audi Blog\"},\"image\":{\"@id\":\"https:\/\/www.tts-freunde.de\/blog\/#\/schema\/logo\/image\/\"}},{\"@type\":\"Person\",\"@id\":\"https:\/\/www.tts-freunde.de\/blog\/#\/schema\/person\/b67f6a54e98f013bd281dbe05514b701\",\"name\":\"admin\",\"image\":{\"@type\":\"ImageObject\",\"inLanguage\":\"de\",\"@id\":\"https:\/\/www.tts-freunde.de\/blog\/#\/schema\/person\/image\/\",\"url\":\"https:\/\/secure.gravatar.com\/avatar\/08a4bd330e25056ddb430c28136b38a6?s=96&d=mm&r=g\",\"contentUrl\":\"https:\/\/secure.gravatar.com\/avatar\/08a4bd330e25056ddb430c28136b38a6?s=96&d=mm&r=g\",\"caption\":\"admin\"},\"sameAs\":[\"http:\/\/www.tts-freunde.de\"],\"url\":\"https:\/\/www.tts-freunde.de\/blog\/author\/admin\/\"}]}<\/script>\n<!-- \/ Yoast SEO plugin. -->","yoast_head_json":{"title":"Junge T\u00fcftler machen Station bei Audi - Audi Blog","robots":{"index":"index","follow":"follow","max-snippet":"max-snippet:-1","max-image-preview":"max-image-preview:large","max-video-preview":"max-video-preview:-1"},"canonical":"https:\/\/www.tts-freunde.de\/blog\/2016\/02\/26\/junge-tueftler-machen-station-bei-audi\/","og_locale":"de_DE","og_type":"article","og_title":"Junge T\u00fcftler machen Station bei Audi - Audi Blog","og_description":"Regionalentscheid \u201eJugend forscht\u201c und \u201eSch\u00fcler experimentieren\u201c im Audi-Bildungszentrum in Ingolstadt Rund 150 Teilnehmer pr\u00e4sentieren mehr als 100 Projekte Dieter Omert, Leiter Audi-Ausbildung: \u201eSind begeistert vom Erfindergeist der jungen Leute\u201c Ideen, Erkenntnisse und Erfindungen aus Bereichen wie Arbeitswelt, Biologie oder Technik: Mehr als 150 junge Teilnehmer pr\u00e4sentieren seit Mittwoch im Audi [&hellip;]","og_url":"https:\/\/www.tts-freunde.de\/blog\/2016\/02\/26\/junge-tueftler-machen-station-bei-audi\/","og_site_name":"Audi Blog","article_published_time":"2016-02-26T07:00:52+00:00","article_modified_time":"2016-02-25T17:41:23+00:00","og_image":[{"width":1160,"height":772,"url":"https:\/\/www.tts-freunde.de\/blog\/wp-content\/uploads\/2016\/02\/Junge-T\u00fcftler-machen-Station-bei-Audi.jpg","type":"image\/jpeg"}],"author":"admin","twitter_card":"summary_large_image","twitter_misc":{"Verfasst von":"admin","Gesch\u00e4tzte Lesezeit":"2\u00a0Minuten"},"schema":{"@context":"https:\/\/schema.org","@graph":[{"@type":"Article","@id":"https:\/\/www.tts-freunde.de\/blog\/2016\/02\/26\/junge-tueftler-machen-station-bei-audi\/#article","isPartOf":{"@id":"https:\/\/www.tts-freunde.de\/blog\/2016\/02\/26\/junge-tueftler-machen-station-bei-audi\/"},"author":{"name":"admin","@id":"https:\/\/www.tts-freunde.de\/blog\/#\/schema\/person\/b67f6a54e98f013bd281dbe05514b701"},"headline":"Junge T\u00fcftler machen Station bei Audi","datePublished":"2016-02-26T07:00:52+00:00","dateModified":"2016-02-25T17:41:23+00:00","mainEntityOfPage":{"@id":"https:\/\/www.tts-freunde.de\/blog\/2016\/02\/26\/junge-tueftler-machen-station-bei-audi\/"},"wordCount":408,"publisher":{"@id":"https:\/\/www.tts-freunde.de\/blog\/#organization"},"image":{"@id":"https:\/\/www.tts-freunde.de\/blog\/2016\/02\/26\/junge-tueftler-machen-station-bei-audi\/#primaryimage"},"thumbnailUrl":"https:\/\/www.tts-freunde.de\/blog\/wp-content\/uploads\/2016\/02\/Junge-T\u00fcftler-machen-Station-bei-Audi.jpg","articleSection":["Audi AG"],"inLanguage":"de"},{"@type":"WebPage","@id":"https:\/\/www.tts-freunde.de\/blog\/2016\/02\/26\/junge-tueftler-machen-station-bei-audi\/","url":"https:\/\/www.tts-freunde.de\/blog\/2016\/02\/26\/junge-tueftler-machen-station-bei-audi\/","name":"Junge T\u00fcftler machen Station bei Audi - Audi Blog","isPartOf":{"@id":"https:\/\/www.tts-freunde.de\/blog\/#website"},"primaryImageOfPage":{"@id":"https:\/\/www.tts-freunde.de\/blog\/2016\/02\/26\/junge-tueftler-machen-station-bei-audi\/#primaryimage"},"image":{"@id":"https:\/\/www.tts-freunde.de\/blog\/2016\/02\/26\/junge-tueftler-machen-station-bei-audi\/#primaryimage"},"thumbnailUrl":"https:\/\/www.tts-freunde.de\/blog\/wp-content\/uploads\/2016\/02\/Junge-T\u00fcftler-machen-Station-bei-Audi.jpg","datePublished":"2016-02-26T07:00:52+00:00","dateModified":"2016-02-25T17:41:23+00:00","breadcrumb":{"@id":"https:\/\/www.tts-freunde.de\/blog\/2016\/02\/26\/junge-tueftler-machen-station-bei-audi\/#breadcrumb"},"inLanguage":"de","potentialAction":[{"@type":"ReadAction","target":["https:\/\/www.tts-freunde.de\/blog\/2016\/02\/26\/junge-tueftler-machen-station-bei-audi\/"]}]},{"@type":"ImageObject","inLanguage":"de","@id":"https:\/\/www.tts-freunde.de\/blog\/2016\/02\/26\/junge-tueftler-machen-station-bei-audi\/#primaryimage","url":"https:\/\/www.tts-freunde.de\/blog\/wp-content\/uploads\/2016\/02\/Junge-T\u00fcftler-machen-Station-bei-Audi.jpg","contentUrl":"https:\/\/www.tts-freunde.de\/blog\/wp-content\/uploads\/2016\/02\/Junge-T\u00fcftler-machen-Station-bei-Audi.jpg","width":1160,"height":772},{"@type":"BreadcrumbList","@id":"https:\/\/www.tts-freunde.de\/blog\/2016\/02\/26\/junge-tueftler-machen-station-bei-audi\/#breadcrumb","itemListElement":[{"@type":"ListItem","position":1,"name":"Home","item":"https:\/\/www.tts-freunde.de\/blog\/"},{"@type":"ListItem","position":2,"name":"Junge T\u00fcftler machen Station bei Audi"}]},{"@type":"WebSite","@id":"https:\/\/www.tts-freunde.de\/blog\/#website","url":"https:\/\/www.tts-freunde.de\/blog\/","name":"Audi Blog","description":"Deutscher Audi Blog - TTS-Freunde","publisher":{"@id":"https:\/\/www.tts-freunde.de\/blog\/#organization"},"potentialAction":[{"@type":"SearchAction","target":{"@type":"EntryPoint","urlTemplate":"https:\/\/www.tts-freunde.de\/blog\/?s={search_term_string}"},"query-input":"required name=search_term_string"}],"inLanguage":"de"},{"@type":"Organization","@id":"https:\/\/www.tts-freunde.de\/blog\/#organization","name":"Audi Blog","url":"https:\/\/www.tts-freunde.de\/blog\/","logo":{"@type":"ImageObject","inLanguage":"de","@id":"https:\/\/www.tts-freunde.de\/blog\/#\/schema\/logo\/image\/","url":"https:\/\/www.tts-freunde.de\/blog\/wp-content\/uploads\/2022\/12\/logo_2022.jpg","contentUrl":"https:\/\/www.tts-freunde.de\/blog\/wp-content\/uploads\/2022\/12\/logo_2022.jpg","width":240,"height":41,"caption":"Audi Blog"},"image":{"@id":"https:\/\/www.tts-freunde.de\/blog\/#\/schema\/logo\/image\/"}},{"@type":"Person","@id":"https:\/\/www.tts-freunde.de\/blog\/#\/schema\/person\/b67f6a54e98f013bd281dbe05514b701","name":"admin","image":{"@type":"ImageObject","inLanguage":"de","@id":"https:\/\/www.tts-freunde.de\/blog\/#\/schema\/person\/image\/","url":"https:\/\/secure.gravatar.com\/avatar\/08a4bd330e25056ddb430c28136b38a6?s=96&d=mm&r=g","contentUrl":"https:\/\/secure.gravatar.com\/avatar\/08a4bd330e25056ddb430c28136b38a6?s=96&d=mm&r=g","caption":"admin"},"sameAs":["http:\/\/www.tts-freunde.de"],"url":"https:\/\/www.tts-freunde.de\/blog\/author\/admin\/"}]}},"jetpack_sharing_enabled":true,"jetpack_featured_media_url":"https:\/\/www.tts-freunde.de\/blog\/wp-content\/uploads\/2016\/02\/Junge-T\u00fcftler-machen-Station-bei-Audi.jpg","jetpack_shortlink":"https:\/\/wp.me\/p67hWW-z5","jetpack_likes_enabled":false,"jetpack-related-posts":[],"_links":{"self":[{"href":"https:\/\/www.tts-freunde.de\/blog\/wp-json\/wp\/v2\/posts\/2175"}],"collection":[{"href":"https:\/\/www.tts-freunde.de\/blog\/wp-json\/wp\/v2\/posts"}],"about":[{"href":"https:\/\/www.tts-freunde.de\/blog\/wp-json\/wp\/v2\/types\/post"}],"author":[{"embeddable":true,"href":"https:\/\/www.tts-freunde.de\/blog\/wp-json\/wp\/v2\/users\/1"}],"replies":[{"embeddable":true,"href":"https:\/\/www.tts-freunde.de\/blog\/wp-json\/wp\/v2\/comments?post=2175"}],"version-history":[{"count":2,"href":"https:\/\/www.tts-freunde.de\/blog\/wp-json\/wp\/v2\/posts\/2175\/revisions"}],"predecessor-version":[{"id":2178,"href":"https:\/\/www.tts-freunde.de\/blog\/wp-json\/wp\/v2\/posts\/2175\/revisions\/2178"}],"wp:featuredmedia":[{"embeddable":true,"href":"https:\/\/www.tts-freunde.de\/blog\/wp-json\/wp\/v2\/media\/2176"}],"wp:attachment":[{"href":"https:\/\/www.tts-freunde.de\/blog\/wp-json\/wp\/v2\/media?parent=2175"}],"wp:term":[{"taxonomy":"category","embeddable":true,"href":"https:\/\/www.tts-freunde.de\/blog\/wp-json\/wp\/v2\/categories?post=2175"},{"taxonomy":"post_tag","embeddable":true,"href":"https:\/\/www.tts-freunde.de\/blog\/wp-json\/wp\/v2\/tags?post=2175"}],"curies":[{"name":"wp","href":"https:\/\/api.w.org\/{rel}","templated":true}]}}