{"id":2536,"date":"2016-04-11T17:46:09","date_gmt":"2016-04-11T15:46:09","guid":{"rendered":"http:\/\/tts-freunde.de\/blog\/?p=2536"},"modified":"2016-04-11T17:46:10","modified_gmt":"2016-04-11T15:46:10","slug":"repraesentatives-unikat-audi-a8-l-extended","status":"publish","type":"post","link":"https:\/\/www.tts-freunde.de\/blog\/2016\/04\/11\/repraesentatives-unikat-audi-a8-l-extended\/","title":{"rendered":"Repr\u00e4sentatives Unikat: Audi A8 L extended"},"content":{"rendered":"<div id=\"item-c72948d8-c5f0-45a9-8d35-a8ed9cb87d85\" class=\"page-item--column col-sm-4\">\n<div class=\"page-row has-no-item-box\">\n<div id=\"item-a68c378c-f322-4b5c-9589-9b99dcc9b7e9\" class=\"page-item--topic-list\">\n<div class=\"topic-list\">\n<ul>\n<li>Premiumhersteller entwickelt und baut auf besonderen Kundenwunsch 6,36 Meter lange Limousine<\/li>\n<li>Einzelanfertigung erf\u00fcllt gleiche Standards wie Serienmodell<\/li>\n<\/ul>\n<p><a href=\"http:\/\/tts-freunde.de\/blog\/wp-content\/uploads\/2016\/04\/Audi-A8-L-extended.jpg\" rel=\"attachment wp-att-2535\"><img loading=\"lazy\" decoding=\"async\" data-attachment-id=\"2535\" data-permalink=\"https:\/\/www.tts-freunde.de\/blog\/2016\/04\/11\/repraesentatives-unikat-audi-a8-l-extended\/audi-a8-l-extended\/\" data-orig-file=\"https:\/\/www.tts-freunde.de\/blog\/wp-content\/uploads\/2016\/04\/Audi-A8-L-extended.jpg\" data-orig-size=\"1160,820\" data-comments-opened=\"0\" data-image-meta=\"{&quot;aperture&quot;:&quot;0&quot;,&quot;credit&quot;:&quot;&quot;,&quot;camera&quot;:&quot;&quot;,&quot;caption&quot;:&quot;&quot;,&quot;created_timestamp&quot;:&quot;0&quot;,&quot;copyright&quot;:&quot;&quot;,&quot;focal_length&quot;:&quot;0&quot;,&quot;iso&quot;:&quot;0&quot;,&quot;shutter_speed&quot;:&quot;0&quot;,&quot;title&quot;:&quot;&quot;,&quot;orientation&quot;:&quot;0&quot;}\" data-image-title=\"Audi A8 L extended\" data-image-description=\"\" data-image-caption=\"\" data-medium-file=\"https:\/\/www.tts-freunde.de\/blog\/wp-content\/uploads\/2016\/04\/Audi-A8-L-extended-300x212.jpg\" data-large-file=\"https:\/\/www.tts-freunde.de\/blog\/wp-content\/uploads\/2016\/04\/Audi-A8-L-extended-1024x724.jpg\" tabindex=\"0\" role=\"button\" class=\"alignleft size-full wp-image-2535\" src=\"http:\/\/tts-freunde.de\/blog\/wp-content\/uploads\/2016\/04\/Audi-A8-L-extended.jpg\" alt=\"Audi A8 L extended\" width=\"1160\" height=\"820\" srcset=\"https:\/\/www.tts-freunde.de\/blog\/wp-content\/uploads\/2016\/04\/Audi-A8-L-extended.jpg 1160w, https:\/\/www.tts-freunde.de\/blog\/wp-content\/uploads\/2016\/04\/Audi-A8-L-extended-300x212.jpg 300w, https:\/\/www.tts-freunde.de\/blog\/wp-content\/uploads\/2016\/04\/Audi-A8-L-extended-768x543.jpg 768w, https:\/\/www.tts-freunde.de\/blog\/wp-content\/uploads\/2016\/04\/Audi-A8-L-extended-1024x724.jpg 1024w, https:\/\/www.tts-freunde.de\/blog\/wp-content\/uploads\/2016\/04\/Audi-A8-L-extended-140x100.jpg 140w, https:\/\/www.tts-freunde.de\/blog\/wp-content\/uploads\/2016\/04\/Audi-A8-L-extended-50x35.jpg 50w\" sizes=\"(max-width: 1160px) 100vw, 1160px\" \/><\/a><\/p>\n<div class=\"page-row has-no-item-box\">\n<div id=\"item-c0a312d5-b686-4836-bcb1-5c96ef33d230\" class=\"page-item--intro\">\n<div class=\"intro-text\">\n<p style=\"text-align: justify;\">Bei Audi ist der Kunde K\u00f6nig \u2013 auch wenn sein Anspruch noch so ungew\u00f6hnlich ist. Ein Beispiel daf\u00fcr liefert aktuell der Audi A8*: Auf Anfrage eines europ\u00e4ischen Kunden hat die Premiummarke ein erstes Einzelst\u00fcck der Limousine im Kingsize-Format gebaut. Mit einer L\u00e4nge von 6,36 Metern und einem Radstand von 4,22 Metern bietet der A8 L extended* den Passagieren auf insgesamt sechs Sitzen erstklassigen Komfort. Ein Konzept, das bei Kunden auf Interesse st\u00f6\u00dft: Audi liegen bereits weitere Anfragen f\u00fcr die Spezialanfertigung vor.<\/p>\n<\/div>\n<\/div>\n<\/div>\n<div class=\"page-row has-no-item-box\">\n<div id=\"item-e36cf3eb-5bbe-4e36-9afd-762143a693f2\" class=\"page-item--text\">\n<div class=\"style-links-for-body-text\">\n<p style=\"text-align: justify;\">Ein knappes Jahr haben Experten in Entwicklung und Aufbau der au\u00dfergew\u00f6hnlich langen Luxuslimousine investiert. Das Ergebnis war ein nobles Unikat, das in allen Kriterien die hohen Standards des Serienmodells erf\u00fcllt. Die gro\u00dfen Heraus\u00adforderungen lagen dabei in der Sicherheit und Steifigkeit der XXL-Karosserie\u00a0sowie in der Gestaltung der Silhouette.<\/p>\n<p style=\"text-align: justify;\">Der Audi A8 L extended profitiert von der leichten Karosserie des Serienmodells, die in Audi Space Frame-Bauweise konzipiert ist und nahezu vollst\u00e4ndig aus Aluminium besteht. Bei der Sonderanfertigung verl\u00e4ngerten die Ingenieure die Seitenschweller und den Mitteltunnel durch Aluminium-Strangpressprofile. Im Tunnel dienen diese auch zur Luftf\u00fchrung. Eine doppelte R\u00fcckwand trennt die Fahrgastzelle vom Gep\u00e4ckraum; das Dach integriert zus\u00e4tzliche Aluminium-Rohrprofile sowie Querversteifungen. Durch diese Ma\u00dfnahmen liegt die Torsions- und Biegesteifigkeit fast auf dem Niveau des A8 L*.<\/p>\n<p style=\"text-align: justify;\"><a href=\"http:\/\/tts-freunde.de\/blog\/wp-content\/uploads\/2016\/04\/Audi-A8-L-extended-2.jpg\" rel=\"attachment wp-att-2534\"><img loading=\"lazy\" decoding=\"async\" data-attachment-id=\"2534\" data-permalink=\"https:\/\/www.tts-freunde.de\/blog\/2016\/04\/11\/repraesentatives-unikat-audi-a8-l-extended\/audi-a8-l-extended-2\/\" data-orig-file=\"https:\/\/www.tts-freunde.de\/blog\/wp-content\/uploads\/2016\/04\/Audi-A8-L-extended-2.jpg\" data-orig-size=\"1160,820\" data-comments-opened=\"0\" data-image-meta=\"{&quot;aperture&quot;:&quot;0&quot;,&quot;credit&quot;:&quot;&quot;,&quot;camera&quot;:&quot;&quot;,&quot;caption&quot;:&quot;&quot;,&quot;created_timestamp&quot;:&quot;0&quot;,&quot;copyright&quot;:&quot;&quot;,&quot;focal_length&quot;:&quot;0&quot;,&quot;iso&quot;:&quot;0&quot;,&quot;shutter_speed&quot;:&quot;0&quot;,&quot;title&quot;:&quot;&quot;,&quot;orientation&quot;:&quot;0&quot;}\" data-image-title=\"Audi A8 L extended 2\" data-image-description=\"\" data-image-caption=\"\" data-medium-file=\"https:\/\/www.tts-freunde.de\/blog\/wp-content\/uploads\/2016\/04\/Audi-A8-L-extended-2-300x212.jpg\" data-large-file=\"https:\/\/www.tts-freunde.de\/blog\/wp-content\/uploads\/2016\/04\/Audi-A8-L-extended-2-1024x724.jpg\" tabindex=\"0\" role=\"button\" class=\"alignleft size-full wp-image-2534\" src=\"http:\/\/tts-freunde.de\/blog\/wp-content\/uploads\/2016\/04\/Audi-A8-L-extended-2.jpg\" alt=\"Audi A8 L extended 2\" width=\"1160\" height=\"820\" srcset=\"https:\/\/www.tts-freunde.de\/blog\/wp-content\/uploads\/2016\/04\/Audi-A8-L-extended-2.jpg 1160w, https:\/\/www.tts-freunde.de\/blog\/wp-content\/uploads\/2016\/04\/Audi-A8-L-extended-2-300x212.jpg 300w, https:\/\/www.tts-freunde.de\/blog\/wp-content\/uploads\/2016\/04\/Audi-A8-L-extended-2-768x543.jpg 768w, https:\/\/www.tts-freunde.de\/blog\/wp-content\/uploads\/2016\/04\/Audi-A8-L-extended-2-1024x724.jpg 1024w, https:\/\/www.tts-freunde.de\/blog\/wp-content\/uploads\/2016\/04\/Audi-A8-L-extended-2-140x100.jpg 140w, https:\/\/www.tts-freunde.de\/blog\/wp-content\/uploads\/2016\/04\/Audi-A8-L-extended-2-50x35.jpg 50w\" sizes=\"(max-width: 1160px) 100vw, 1160px\" \/><\/a><\/p>\n<p style=\"text-align: justify;\">Die repr\u00e4sentative XXL-Limousine in dezentem Mondscheinblau metallic \u00fcbertrifft die Langversion des Audi A8 in Radstand und L\u00e4nge um je 1,09 Meter. Um einen harmonischen Verlauf der Dachlinie zu gew\u00e4hrleisten, ist die gesamte Karosserie von der A-S\u00e4ule an \u00fcberarbeitet.<\/p>\n<p style=\"text-align: justify;\">In die Dachhaut haben die Experten eine 2,40 Meter lange Glasscheibe eingesetzt: Sie sorgt f\u00fcr ein noch besseres Raumgef\u00fchl.\u00a0Die Sonnenrollos \u2013 es gibt jeweils ein Rollo pro Sitzreihe \u2013 verhindern, dass sich\u00a0der Innenraum bei starker Sonneneinstrahlung aufheizt. Die Scheinwerfer und Heckleuchten integrieren kleine Seitenmarkierungsleuchten, wie sie f\u00fcr Fahrzeuge dieser L\u00e4nge vom Gesetzgeber vorgeschrieben sind.<\/p>\n<p style=\"text-align: justify;\">Im Audi A8 L extended sitzen alle Passagiere in Fahrtrichtung. Die sechs Sitze sind mit dem besonders weichen Leder Valcona im Farbton Samtbeige bezogen. Reihe zwei und drei warten mit elektrisch einstellbaren Einzelsitzen auf. In der dritten Reihe befinden sich eine durchgehende Mittelkonsole, ein Rear-Seat-Entertainment-Display und eine K\u00fchlbox. <u><\/u><\/p>\n<p style=\"text-align: justify;\">Den Antrieb des A8-Unikats \u00fcbernimmt ein 3.0 TFSI-Motor mit 228 kW (310 PS), der ein Drehmoment von bis zu 440 Nm liefert. Damit beschleunigt die Limousine in 7,1 Sekunden von 0 auf 100 km\/h und erreicht eine elektronisch begrenzte H\u00f6chstgeschwindigkeit von 250 km\/h. Eine Achtstufen-tiptronic \u00fcbertr\u00e4gt die Kr\u00e4fte auf den permanenten Allradantrieb quattro. Hinter den 19-Zoll-R\u00e4dern im 15-Speichen-Design sitzt die Bremsanlage aus dem Audi S8*, welche die mehr als sechs Meter lange Luxuslimousine mit ihrem Leergewicht von 2.418 Kilogramm souver\u00e4n verz\u00f6gert.<\/p>\n<p style=\"text-align: justify;\"><a href=\"http:\/\/tts-freunde.de\/blog\/wp-content\/uploads\/2016\/04\/Audi-A8-L-extended-1.jpg\" rel=\"attachment wp-att-2533\"><img loading=\"lazy\" decoding=\"async\" data-attachment-id=\"2533\" data-permalink=\"https:\/\/www.tts-freunde.de\/blog\/2016\/04\/11\/repraesentatives-unikat-audi-a8-l-extended\/audi-a8-l-extended-1\/\" data-orig-file=\"https:\/\/www.tts-freunde.de\/blog\/wp-content\/uploads\/2016\/04\/Audi-A8-L-extended-1.jpg\" data-orig-size=\"1160,820\" data-comments-opened=\"0\" data-image-meta=\"{&quot;aperture&quot;:&quot;0&quot;,&quot;credit&quot;:&quot;&quot;,&quot;camera&quot;:&quot;&quot;,&quot;caption&quot;:&quot;&quot;,&quot;created_timestamp&quot;:&quot;0&quot;,&quot;copyright&quot;:&quot;&quot;,&quot;focal_length&quot;:&quot;0&quot;,&quot;iso&quot;:&quot;0&quot;,&quot;shutter_speed&quot;:&quot;0&quot;,&quot;title&quot;:&quot;&quot;,&quot;orientation&quot;:&quot;0&quot;}\" data-image-title=\"Audi A8 L extended 1\" data-image-description=\"\" data-image-caption=\"\" data-medium-file=\"https:\/\/www.tts-freunde.de\/blog\/wp-content\/uploads\/2016\/04\/Audi-A8-L-extended-1-300x212.jpg\" data-large-file=\"https:\/\/www.tts-freunde.de\/blog\/wp-content\/uploads\/2016\/04\/Audi-A8-L-extended-1-1024x724.jpg\" tabindex=\"0\" role=\"button\" class=\"alignleft size-full wp-image-2533\" src=\"http:\/\/tts-freunde.de\/blog\/wp-content\/uploads\/2016\/04\/Audi-A8-L-extended-1.jpg\" alt=\"Audi A8 L extended 1\" width=\"1160\" height=\"820\" srcset=\"https:\/\/www.tts-freunde.de\/blog\/wp-content\/uploads\/2016\/04\/Audi-A8-L-extended-1.jpg 1160w, https:\/\/www.tts-freunde.de\/blog\/wp-content\/uploads\/2016\/04\/Audi-A8-L-extended-1-300x212.jpg 300w, https:\/\/www.tts-freunde.de\/blog\/wp-content\/uploads\/2016\/04\/Audi-A8-L-extended-1-768x543.jpg 768w, https:\/\/www.tts-freunde.de\/blog\/wp-content\/uploads\/2016\/04\/Audi-A8-L-extended-1-1024x724.jpg 1024w, https:\/\/www.tts-freunde.de\/blog\/wp-content\/uploads\/2016\/04\/Audi-A8-L-extended-1-140x100.jpg 140w, https:\/\/www.tts-freunde.de\/blog\/wp-content\/uploads\/2016\/04\/Audi-A8-L-extended-1-50x35.jpg 50w\" sizes=\"(max-width: 1160px) 100vw, 1160px\" \/><\/a><\/p>\n<\/div>\n<\/div>\n<\/div>\n<\/div>\n<\/div>\n<\/div>\n<\/div>\n","protected":false},"excerpt":{"rendered":"<p>Premiumhersteller entwickelt und baut auf besonderen Kundenwunsch 6,36 Meter lange Limousine Einzelanfertigung erf\u00fcllt gleiche Standards wie Serienmodell Bei Audi ist der Kunde K\u00f6nig \u2013 auch wenn sein Anspruch noch so ungew\u00f6hnlich ist. Ein Beispiel daf\u00fcr liefert aktuell der Audi A8*: Auf Anfrage eines europ\u00e4ischen Kunden hat die Premiummarke ein erstes [&hellip;]<\/p>\n","protected":false},"author":1,"featured_media":2535,"comment_status":"closed","ping_status":"open","sticky":false,"template":"","format":"standard","meta":{"jetpack_post_was_ever_published":false,"_jetpack_newsletter_access":"","_jetpack_dont_email_post_to_subs":false,"_jetpack_newsletter_tier_id":0,"_jetpack_memberships_contains_paywalled_content":false,"_jetpack_memberships_contains_paid_content":false,"footnotes":"","jetpack_publicize_message":"Repr\u00e4sentatives Unikat: #Audi A8 L extended #audia8l #audia8","jetpack_publicize_feature_enabled":true,"jetpack_social_post_already_shared":true,"jetpack_social_options":{"image_generator_settings":{"template":"highway","enabled":false},"version":2}},"categories":[12],"tags":[143,20],"class_list":["post-2536","post","type-post","status-publish","format-standard","has-post-thumbnail","hentry","category-a8-s8","tag-a8","tag-audi"],"wppr_data":[],"jetpack_publicize_connections":[],"yoast_head":"<!-- This site is optimized with the Yoast SEO plugin v23.3 - https:\/\/yoast.com\/wordpress\/plugins\/seo\/ -->\n<title>Repr\u00e4sentatives Unikat: Audi A8 L extended - Audi Blog<\/title>\n<meta name=\"robots\" content=\"index, follow, max-snippet:-1, max-image-preview:large, max-video-preview:-1\" \/>\n<link rel=\"canonical\" href=\"https:\/\/www.tts-freunde.de\/blog\/2016\/04\/11\/repraesentatives-unikat-audi-a8-l-extended\/\" \/>\n<meta property=\"og:locale\" content=\"de_DE\" \/>\n<meta property=\"og:type\" content=\"article\" \/>\n<meta property=\"og:title\" content=\"Repr\u00e4sentatives Unikat: Audi A8 L extended - Audi Blog\" \/>\n<meta property=\"og:description\" content=\"Premiumhersteller entwickelt und baut auf besonderen Kundenwunsch 6,36 Meter lange Limousine Einzelanfertigung erf\u00fcllt gleiche Standards wie Serienmodell Bei Audi ist der Kunde K\u00f6nig \u2013 auch wenn sein Anspruch noch so ungew\u00f6hnlich ist. Ein Beispiel daf\u00fcr liefert aktuell der Audi A8*: Auf Anfrage eines europ\u00e4ischen Kunden hat die Premiummarke ein erstes [&hellip;]\" \/>\n<meta property=\"og:url\" content=\"https:\/\/www.tts-freunde.de\/blog\/2016\/04\/11\/repraesentatives-unikat-audi-a8-l-extended\/\" \/>\n<meta property=\"og:site_name\" content=\"Audi Blog\" \/>\n<meta property=\"article:published_time\" content=\"2016-04-11T15:46:09+00:00\" \/>\n<meta property=\"article:modified_time\" content=\"2016-04-11T15:46:10+00:00\" \/>\n<meta property=\"og:image\" content=\"https:\/\/www.tts-freunde.de\/blog\/wp-content\/uploads\/2016\/04\/Audi-A8-L-extended.jpg\" \/>\n\t<meta property=\"og:image:width\" content=\"1160\" \/>\n\t<meta property=\"og:image:height\" content=\"820\" \/>\n\t<meta property=\"og:image:type\" content=\"image\/jpeg\" \/>\n<meta name=\"author\" content=\"admin\" \/>\n<meta name=\"twitter:card\" content=\"summary_large_image\" \/>\n<meta name=\"twitter:label1\" content=\"Verfasst von\" \/>\n\t<meta name=\"twitter:data1\" content=\"admin\" \/>\n\t<meta name=\"twitter:label2\" content=\"Gesch\u00e4tzte Lesezeit\" \/>\n\t<meta name=\"twitter:data2\" content=\"2\u00a0Minuten\" \/>\n<script type=\"application\/ld+json\" class=\"yoast-schema-graph\">{\"@context\":\"https:\/\/schema.org\",\"@graph\":[{\"@type\":\"Article\",\"@id\":\"https:\/\/www.tts-freunde.de\/blog\/2016\/04\/11\/repraesentatives-unikat-audi-a8-l-extended\/#article\",\"isPartOf\":{\"@id\":\"https:\/\/www.tts-freunde.de\/blog\/2016\/04\/11\/repraesentatives-unikat-audi-a8-l-extended\/\"},\"author\":{\"name\":\"admin\",\"@id\":\"https:\/\/www.tts-freunde.de\/blog\/#\/schema\/person\/b67f6a54e98f013bd281dbe05514b701\"},\"headline\":\"Repr\u00e4sentatives Unikat: Audi A8 L extended\",\"datePublished\":\"2016-04-11T15:46:09+00:00\",\"dateModified\":\"2016-04-11T15:46:10+00:00\",\"mainEntityOfPage\":{\"@id\":\"https:\/\/www.tts-freunde.de\/blog\/2016\/04\/11\/repraesentatives-unikat-audi-a8-l-extended\/\"},\"wordCount\":473,\"publisher\":{\"@id\":\"https:\/\/www.tts-freunde.de\/blog\/#organization\"},\"image\":{\"@id\":\"https:\/\/www.tts-freunde.de\/blog\/2016\/04\/11\/repraesentatives-unikat-audi-a8-l-extended\/#primaryimage\"},\"thumbnailUrl\":\"https:\/\/www.tts-freunde.de\/blog\/wp-content\/uploads\/2016\/04\/Audi-A8-L-extended.jpg\",\"keywords\":[\"a8\",\"audi\"],\"articleSection\":[\"A8 - S8\"],\"inLanguage\":\"de\"},{\"@type\":\"WebPage\",\"@id\":\"https:\/\/www.tts-freunde.de\/blog\/2016\/04\/11\/repraesentatives-unikat-audi-a8-l-extended\/\",\"url\":\"https:\/\/www.tts-freunde.de\/blog\/2016\/04\/11\/repraesentatives-unikat-audi-a8-l-extended\/\",\"name\":\"Repr\u00e4sentatives Unikat: Audi A8 L extended - Audi Blog\",\"isPartOf\":{\"@id\":\"https:\/\/www.tts-freunde.de\/blog\/#website\"},\"primaryImageOfPage\":{\"@id\":\"https:\/\/www.tts-freunde.de\/blog\/2016\/04\/11\/repraesentatives-unikat-audi-a8-l-extended\/#primaryimage\"},\"image\":{\"@id\":\"https:\/\/www.tts-freunde.de\/blog\/2016\/04\/11\/repraesentatives-unikat-audi-a8-l-extended\/#primaryimage\"},\"thumbnailUrl\":\"https:\/\/www.tts-freunde.de\/blog\/wp-content\/uploads\/2016\/04\/Audi-A8-L-extended.jpg\",\"datePublished\":\"2016-04-11T15:46:09+00:00\",\"dateModified\":\"2016-04-11T15:46:10+00:00\",\"breadcrumb\":{\"@id\":\"https:\/\/www.tts-freunde.de\/blog\/2016\/04\/11\/repraesentatives-unikat-audi-a8-l-extended\/#breadcrumb\"},\"inLanguage\":\"de\",\"potentialAction\":[{\"@type\":\"ReadAction\",\"target\":[\"https:\/\/www.tts-freunde.de\/blog\/2016\/04\/11\/repraesentatives-unikat-audi-a8-l-extended\/\"]}]},{\"@type\":\"ImageObject\",\"inLanguage\":\"de\",\"@id\":\"https:\/\/www.tts-freunde.de\/blog\/2016\/04\/11\/repraesentatives-unikat-audi-a8-l-extended\/#primaryimage\",\"url\":\"https:\/\/www.tts-freunde.de\/blog\/wp-content\/uploads\/2016\/04\/Audi-A8-L-extended.jpg\",\"contentUrl\":\"https:\/\/www.tts-freunde.de\/blog\/wp-content\/uploads\/2016\/04\/Audi-A8-L-extended.jpg\",\"width\":1160,\"height\":820},{\"@type\":\"BreadcrumbList\",\"@id\":\"https:\/\/www.tts-freunde.de\/blog\/2016\/04\/11\/repraesentatives-unikat-audi-a8-l-extended\/#breadcrumb\",\"itemListElement\":[{\"@type\":\"ListItem\",\"position\":1,\"name\":\"Home\",\"item\":\"https:\/\/www.tts-freunde.de\/blog\/\"},{\"@type\":\"ListItem\",\"position\":2,\"name\":\"Repr\u00e4sentatives Unikat: Audi A8 L extended\"}]},{\"@type\":\"WebSite\",\"@id\":\"https:\/\/www.tts-freunde.de\/blog\/#website\",\"url\":\"https:\/\/www.tts-freunde.de\/blog\/\",\"name\":\"Audi Blog\",\"description\":\"Deutscher Audi Blog - TTS-Freunde\",\"publisher\":{\"@id\":\"https:\/\/www.tts-freunde.de\/blog\/#organization\"},\"potentialAction\":[{\"@type\":\"SearchAction\",\"target\":{\"@type\":\"EntryPoint\",\"urlTemplate\":\"https:\/\/www.tts-freunde.de\/blog\/?s={search_term_string}\"},\"query-input\":\"required name=search_term_string\"}],\"inLanguage\":\"de\"},{\"@type\":\"Organization\",\"@id\":\"https:\/\/www.tts-freunde.de\/blog\/#organization\",\"name\":\"Audi Blog\",\"url\":\"https:\/\/www.tts-freunde.de\/blog\/\",\"logo\":{\"@type\":\"ImageObject\",\"inLanguage\":\"de\",\"@id\":\"https:\/\/www.tts-freunde.de\/blog\/#\/schema\/logo\/image\/\",\"url\":\"https:\/\/www.tts-freunde.de\/blog\/wp-content\/uploads\/2022\/12\/logo_2022.jpg\",\"contentUrl\":\"https:\/\/www.tts-freunde.de\/blog\/wp-content\/uploads\/2022\/12\/logo_2022.jpg\",\"width\":240,\"height\":41,\"caption\":\"Audi Blog\"},\"image\":{\"@id\":\"https:\/\/www.tts-freunde.de\/blog\/#\/schema\/logo\/image\/\"}},{\"@type\":\"Person\",\"@id\":\"https:\/\/www.tts-freunde.de\/blog\/#\/schema\/person\/b67f6a54e98f013bd281dbe05514b701\",\"name\":\"admin\",\"image\":{\"@type\":\"ImageObject\",\"inLanguage\":\"de\",\"@id\":\"https:\/\/www.tts-freunde.de\/blog\/#\/schema\/person\/image\/\",\"url\":\"https:\/\/secure.gravatar.com\/avatar\/08a4bd330e25056ddb430c28136b38a6?s=96&d=mm&r=g\",\"contentUrl\":\"https:\/\/secure.gravatar.com\/avatar\/08a4bd330e25056ddb430c28136b38a6?s=96&d=mm&r=g\",\"caption\":\"admin\"},\"sameAs\":[\"http:\/\/www.tts-freunde.de\"],\"url\":\"https:\/\/www.tts-freunde.de\/blog\/author\/admin\/\"}]}<\/script>\n<!-- \/ Yoast SEO plugin. -->","yoast_head_json":{"title":"Repr\u00e4sentatives Unikat: Audi A8 L extended - Audi Blog","robots":{"index":"index","follow":"follow","max-snippet":"max-snippet:-1","max-image-preview":"max-image-preview:large","max-video-preview":"max-video-preview:-1"},"canonical":"https:\/\/www.tts-freunde.de\/blog\/2016\/04\/11\/repraesentatives-unikat-audi-a8-l-extended\/","og_locale":"de_DE","og_type":"article","og_title":"Repr\u00e4sentatives Unikat: Audi A8 L extended - Audi Blog","og_description":"Premiumhersteller entwickelt und baut auf besonderen Kundenwunsch 6,36 Meter lange Limousine Einzelanfertigung erf\u00fcllt gleiche Standards wie Serienmodell Bei Audi ist der Kunde K\u00f6nig \u2013 auch wenn sein Anspruch noch so ungew\u00f6hnlich ist. Ein Beispiel daf\u00fcr liefert aktuell der Audi A8*: Auf Anfrage eines europ\u00e4ischen Kunden hat die Premiummarke ein erstes [&hellip;]","og_url":"https:\/\/www.tts-freunde.de\/blog\/2016\/04\/11\/repraesentatives-unikat-audi-a8-l-extended\/","og_site_name":"Audi Blog","article_published_time":"2016-04-11T15:46:09+00:00","article_modified_time":"2016-04-11T15:46:10+00:00","og_image":[{"width":1160,"height":820,"url":"https:\/\/www.tts-freunde.de\/blog\/wp-content\/uploads\/2016\/04\/Audi-A8-L-extended.jpg","type":"image\/jpeg"}],"author":"admin","twitter_card":"summary_large_image","twitter_misc":{"Verfasst von":"admin","Gesch\u00e4tzte Lesezeit":"2\u00a0Minuten"},"schema":{"@context":"https:\/\/schema.org","@graph":[{"@type":"Article","@id":"https:\/\/www.tts-freunde.de\/blog\/2016\/04\/11\/repraesentatives-unikat-audi-a8-l-extended\/#article","isPartOf":{"@id":"https:\/\/www.tts-freunde.de\/blog\/2016\/04\/11\/repraesentatives-unikat-audi-a8-l-extended\/"},"author":{"name":"admin","@id":"https:\/\/www.tts-freunde.de\/blog\/#\/schema\/person\/b67f6a54e98f013bd281dbe05514b701"},"headline":"Repr\u00e4sentatives Unikat: Audi A8 L extended","datePublished":"2016-04-11T15:46:09+00:00","dateModified":"2016-04-11T15:46:10+00:00","mainEntityOfPage":{"@id":"https:\/\/www.tts-freunde.de\/blog\/2016\/04\/11\/repraesentatives-unikat-audi-a8-l-extended\/"},"wordCount":473,"publisher":{"@id":"https:\/\/www.tts-freunde.de\/blog\/#organization"},"image":{"@id":"https:\/\/www.tts-freunde.de\/blog\/2016\/04\/11\/repraesentatives-unikat-audi-a8-l-extended\/#primaryimage"},"thumbnailUrl":"https:\/\/www.tts-freunde.de\/blog\/wp-content\/uploads\/2016\/04\/Audi-A8-L-extended.jpg","keywords":["a8","audi"],"articleSection":["A8 - S8"],"inLanguage":"de"},{"@type":"WebPage","@id":"https:\/\/www.tts-freunde.de\/blog\/2016\/04\/11\/repraesentatives-unikat-audi-a8-l-extended\/","url":"https:\/\/www.tts-freunde.de\/blog\/2016\/04\/11\/repraesentatives-unikat-audi-a8-l-extended\/","name":"Repr\u00e4sentatives Unikat: Audi A8 L extended - Audi Blog","isPartOf":{"@id":"https:\/\/www.tts-freunde.de\/blog\/#website"},"primaryImageOfPage":{"@id":"https:\/\/www.tts-freunde.de\/blog\/2016\/04\/11\/repraesentatives-unikat-audi-a8-l-extended\/#primaryimage"},"image":{"@id":"https:\/\/www.tts-freunde.de\/blog\/2016\/04\/11\/repraesentatives-unikat-audi-a8-l-extended\/#primaryimage"},"thumbnailUrl":"https:\/\/www.tts-freunde.de\/blog\/wp-content\/uploads\/2016\/04\/Audi-A8-L-extended.jpg","datePublished":"2016-04-11T15:46:09+00:00","dateModified":"2016-04-11T15:46:10+00:00","breadcrumb":{"@id":"https:\/\/www.tts-freunde.de\/blog\/2016\/04\/11\/repraesentatives-unikat-audi-a8-l-extended\/#breadcrumb"},"inLanguage":"de","potentialAction":[{"@type":"ReadAction","target":["https:\/\/www.tts-freunde.de\/blog\/2016\/04\/11\/repraesentatives-unikat-audi-a8-l-extended\/"]}]},{"@type":"ImageObject","inLanguage":"de","@id":"https:\/\/www.tts-freunde.de\/blog\/2016\/04\/11\/repraesentatives-unikat-audi-a8-l-extended\/#primaryimage","url":"https:\/\/www.tts-freunde.de\/blog\/wp-content\/uploads\/2016\/04\/Audi-A8-L-extended.jpg","contentUrl":"https:\/\/www.tts-freunde.de\/blog\/wp-content\/uploads\/2016\/04\/Audi-A8-L-extended.jpg","width":1160,"height":820},{"@type":"BreadcrumbList","@id":"https:\/\/www.tts-freunde.de\/blog\/2016\/04\/11\/repraesentatives-unikat-audi-a8-l-extended\/#breadcrumb","itemListElement":[{"@type":"ListItem","position":1,"name":"Home","item":"https:\/\/www.tts-freunde.de\/blog\/"},{"@type":"ListItem","position":2,"name":"Repr\u00e4sentatives Unikat: Audi A8 L extended"}]},{"@type":"WebSite","@id":"https:\/\/www.tts-freunde.de\/blog\/#website","url":"https:\/\/www.tts-freunde.de\/blog\/","name":"Audi Blog","description":"Deutscher Audi Blog - TTS-Freunde","publisher":{"@id":"https:\/\/www.tts-freunde.de\/blog\/#organization"},"potentialAction":[{"@type":"SearchAction","target":{"@type":"EntryPoint","urlTemplate":"https:\/\/www.tts-freunde.de\/blog\/?s={search_term_string}"},"query-input":"required name=search_term_string"}],"inLanguage":"de"},{"@type":"Organization","@id":"https:\/\/www.tts-freunde.de\/blog\/#organization","name":"Audi Blog","url":"https:\/\/www.tts-freunde.de\/blog\/","logo":{"@type":"ImageObject","inLanguage":"de","@id":"https:\/\/www.tts-freunde.de\/blog\/#\/schema\/logo\/image\/","url":"https:\/\/www.tts-freunde.de\/blog\/wp-content\/uploads\/2022\/12\/logo_2022.jpg","contentUrl":"https:\/\/www.tts-freunde.de\/blog\/wp-content\/uploads\/2022\/12\/logo_2022.jpg","width":240,"height":41,"caption":"Audi Blog"},"image":{"@id":"https:\/\/www.tts-freunde.de\/blog\/#\/schema\/logo\/image\/"}},{"@type":"Person","@id":"https:\/\/www.tts-freunde.de\/blog\/#\/schema\/person\/b67f6a54e98f013bd281dbe05514b701","name":"admin","image":{"@type":"ImageObject","inLanguage":"de","@id":"https:\/\/www.tts-freunde.de\/blog\/#\/schema\/person\/image\/","url":"https:\/\/secure.gravatar.com\/avatar\/08a4bd330e25056ddb430c28136b38a6?s=96&d=mm&r=g","contentUrl":"https:\/\/secure.gravatar.com\/avatar\/08a4bd330e25056ddb430c28136b38a6?s=96&d=mm&r=g","caption":"admin"},"sameAs":["http:\/\/www.tts-freunde.de"],"url":"https:\/\/www.tts-freunde.de\/blog\/author\/admin\/"}]}},"jetpack_sharing_enabled":true,"jetpack_featured_media_url":"https:\/\/www.tts-freunde.de\/blog\/wp-content\/uploads\/2016\/04\/Audi-A8-L-extended.jpg","jetpack_shortlink":"https:\/\/wp.me\/p67hWW-EU","jetpack_likes_enabled":false,"jetpack-related-posts":[],"_links":{"self":[{"href":"https:\/\/www.tts-freunde.de\/blog\/wp-json\/wp\/v2\/posts\/2536"}],"collection":[{"href":"https:\/\/www.tts-freunde.de\/blog\/wp-json\/wp\/v2\/posts"}],"about":[{"href":"https:\/\/www.tts-freunde.de\/blog\/wp-json\/wp\/v2\/types\/post"}],"author":[{"embeddable":true,"href":"https:\/\/www.tts-freunde.de\/blog\/wp-json\/wp\/v2\/users\/1"}],"replies":[{"embeddable":true,"href":"https:\/\/www.tts-freunde.de\/blog\/wp-json\/wp\/v2\/comments?post=2536"}],"version-history":[{"count":1,"href":"https:\/\/www.tts-freunde.de\/blog\/wp-json\/wp\/v2\/posts\/2536\/revisions"}],"predecessor-version":[{"id":2537,"href":"https:\/\/www.tts-freunde.de\/blog\/wp-json\/wp\/v2\/posts\/2536\/revisions\/2537"}],"wp:featuredmedia":[{"embeddable":true,"href":"https:\/\/www.tts-freunde.de\/blog\/wp-json\/wp\/v2\/media\/2535"}],"wp:attachment":[{"href":"https:\/\/www.tts-freunde.de\/blog\/wp-json\/wp\/v2\/media?parent=2536"}],"wp:term":[{"taxonomy":"category","embeddable":true,"href":"https:\/\/www.tts-freunde.de\/blog\/wp-json\/wp\/v2\/categories?post=2536"},{"taxonomy":"post_tag","embeddable":true,"href":"https:\/\/www.tts-freunde.de\/blog\/wp-json\/wp\/v2\/tags?post=2536"}],"curies":[{"name":"wp","href":"https:\/\/api.w.org\/{rel}","templated":true}]}}