{"id":2541,"date":"2016-04-13T07:49:19","date_gmt":"2016-04-13T05:49:19","guid":{"rendered":"http:\/\/tts-freunde.de\/blog\/?p=2541"},"modified":"2016-04-11T17:50:36","modified_gmt":"2016-04-11T15:50:36","slug":"audi-select-flexible-premium-mobilitaet-jetzt-auch-mit-ducati","status":"publish","type":"post","link":"https:\/\/www.tts-freunde.de\/blog\/2016\/04\/13\/audi-select-flexible-premium-mobilitaet-jetzt-auch-mit-ducati\/","title":{"rendered":"Audi select: flexible Premium-Mobilit\u00e4t jetzt auch mit Ducati"},"content":{"rendered":"<div id=\"item-378c0e6b-1d78-48fa-a8e2-abbd28c42bce\" class=\"page-item--column col-sm-4\">\n<div class=\"page-row has-no-item-box\">\n<div id=\"item-e4c3eff9-6d9b-44ac-867d-a9fc8a32ffe4\" class=\"page-item--topic-list\">\n<div class=\"topic-list\">\n<ul>\n<li>Erfolgreiches Mobilit\u00e4tsangebot mit Hol- und Bringservice<\/li>\n<li>Variables Nutzungsmodell um drei Ducati-Modelle erg\u00e4nzt<\/li>\n<li>Dietmar Voggenreiter, Vorstand f\u00fcr Vertrieb und Marketing: \u201eBringen Audi-Mobilit\u00e4tsdienste in weitere Metropolen\u201c<\/li>\n<\/ul>\n<p><a href=\"http:\/\/tts-freunde.de\/blog\/wp-content\/uploads\/2016\/04\/ducati.jpg\" rel=\"attachment wp-att-2542\"><img loading=\"lazy\" decoding=\"async\" data-attachment-id=\"2542\" data-permalink=\"https:\/\/www.tts-freunde.de\/blog\/2016\/04\/13\/audi-select-flexible-premium-mobilitaet-jetzt-auch-mit-ducati\/ducati\/\" data-orig-file=\"https:\/\/www.tts-freunde.de\/blog\/wp-content\/uploads\/2016\/04\/ducati.jpg\" data-orig-size=\"1160,821\" data-comments-opened=\"0\" data-image-meta=\"{&quot;aperture&quot;:&quot;0&quot;,&quot;credit&quot;:&quot;&quot;,&quot;camera&quot;:&quot;&quot;,&quot;caption&quot;:&quot;&quot;,&quot;created_timestamp&quot;:&quot;0&quot;,&quot;copyright&quot;:&quot;&quot;,&quot;focal_length&quot;:&quot;0&quot;,&quot;iso&quot;:&quot;0&quot;,&quot;shutter_speed&quot;:&quot;0&quot;,&quot;title&quot;:&quot;&quot;,&quot;orientation&quot;:&quot;0&quot;}\" data-image-title=\"ducati\" data-image-description=\"\" data-image-caption=\"\" data-medium-file=\"https:\/\/www.tts-freunde.de\/blog\/wp-content\/uploads\/2016\/04\/ducati-300x212.jpg\" data-large-file=\"https:\/\/www.tts-freunde.de\/blog\/wp-content\/uploads\/2016\/04\/ducati-1024x725.jpg\" tabindex=\"0\" role=\"button\" class=\"alignleft size-full wp-image-2542\" src=\"http:\/\/tts-freunde.de\/blog\/wp-content\/uploads\/2016\/04\/ducati.jpg\" alt=\"ducati\" width=\"1160\" height=\"821\" srcset=\"https:\/\/www.tts-freunde.de\/blog\/wp-content\/uploads\/2016\/04\/ducati.jpg 1160w, https:\/\/www.tts-freunde.de\/blog\/wp-content\/uploads\/2016\/04\/ducati-300x212.jpg 300w, https:\/\/www.tts-freunde.de\/blog\/wp-content\/uploads\/2016\/04\/ducati-768x544.jpg 768w, https:\/\/www.tts-freunde.de\/blog\/wp-content\/uploads\/2016\/04\/ducati-1024x725.jpg 1024w, https:\/\/www.tts-freunde.de\/blog\/wp-content\/uploads\/2016\/04\/ducati-140x100.jpg 140w, https:\/\/www.tts-freunde.de\/blog\/wp-content\/uploads\/2016\/04\/ducati-50x35.jpg 50w\" sizes=\"(max-width: 1160px) 100vw, 1160px\" \/><\/a><\/p>\n<div class=\"page-row has-no-item-box\">\n<div id=\"item-cb1a4a9f-f13b-481c-84f8-e5cc172e5531\" class=\"page-item--intro\">\n<div class=\"intro-text\">\n<p style=\"text-align: justify;\">Ein Audi Q7 f\u00fcr den Winter, ein A5 Cabriolet und eine Ducati Scrambler f\u00fcr den Sommer: Die AUDI AG erweitert ihr Mobilit\u00e4tsangebot Audi select um sportliche Motorr\u00e4der der italienischen Tochtermarke Ducati. Kunden des Services f\u00fcr besonders flexible Premium Mobilit\u00e4t k\u00f6nnen gegen eine monatliche Rate bis zu drei unterschiedliche Audi Modelle im Jahr fahren. Ab sofort stehen zus\u00e4tzlich die Ducati Modelle Panigale, Multistrada und Scrambler zur Auswahl.<\/p>\n<\/div>\n<\/div>\n<\/div>\n<div class=\"page-row has-no-item-box\">\n<div id=\"item-f2e8b246-fbba-4a6d-9919-5e2968891869\" class=\"page-item--text\">\n<div class=\"style-links-for-body-text\">\n<p style=\"text-align: justify;\">\u201eAuch bei unseren Mobilit\u00e4tsdiensten setzen wir konsequent auf Premium. Mit First\u2011Class\u2011Service, maximaler Flexibilit\u00e4t und Auswahl gewinnen wir neue Kunden f\u00fcr Audi\u201c, sagt Dietmar\u00a0Voggenreiter, Vorstand f\u00fcr Vertrieb und Marketing der AUDI\u00a0AG. \u201eIn den kommenden Monaten werden wir unsere Premium\u2011Dienste deutlich ausbauen und in weitere Metropolen bringen.\u201c<\/p>\n<p style=\"text-align: justify;\">Audi\u00a0select, einer von derzeit f\u00fcnf Mobilit\u00e4ts\u2011Services der Marke, ist 2014 in Berlin gestartet und aktuell bei mehr als 30\u00a0Audi\u2011H\u00e4ndlern bundesweit in Deutschland verf\u00fcgbar. \u00dcber die H\u00e4lfte der Audi\u00a0select-Kunden kommt neu zu den Vier\u00a0Ringen. Besonders beliebt sind dabei die Modelle von Audi\u00a0Sport: Zusammen mit den S\u2011Modellen stehen die RS\u2011Palette und der Audi\u00a0R8 f\u00fcr zwei Drittel der Buchungen bei Audi\u00a0select.<\/p>\n<p style=\"text-align: justify;\">Nun wird die Auswahl an sportlichen Fahrzeugen zur flexiblen Nutzung noch vielf\u00e4ltiger. Kunden von Audi\u00a0select k\u00f6nnen zus\u00e4tzlich zu ihrem Audi ein Ducati\u2011Modell f\u00fcr sechs Monate in ihren pers\u00f6nlichen Fuhrpark holen: die Ducati\u00a01299\u00a0Panigale\u00a0S, die Multistrada\u00a01200\u00a0S oder die Scrambler\u00a0Icon.<\/p>\n<p style=\"text-align: justify;\">Mit Audi\u00a0select k\u00f6nnen Kunden ihr individuelles Mobilit\u00e4tsprogramm gestalten \u2013 f\u00fcr eine monatliche Rate je nach Typ und Anzahl an Fahrzeugen, Vertragsdauer und Kilometer\u2011Laufleistung. Die Komplettrate deckt auch die Kosten f\u00fcr Zulassung, Versicherung, Steuern und Wartung ab. Ein pers\u00f6nlicher Hol- und Bring\u2011Service macht den Modellwechsel sehr komfortabel.<\/p>\n<p style=\"text-align: justify;\">Nutzer von Audi\u00a0select w\u00e4hlen aus dem breiten Angebot junger Gebrauchtfahrzeuge von Audi und Ducati und k\u00f6nnen ihre Wunschmodelle somit kurzfristig beziehen. Audi\u00a0select ist bereits ab einer Gesamtlaufzeit von sechs\u00a0Monaten buchbar.<\/p>\n<\/div>\n<\/div>\n<\/div>\n<\/div>\n<\/div>\n<\/div>\n<\/div>\n","protected":false},"excerpt":{"rendered":"<p>Erfolgreiches Mobilit\u00e4tsangebot mit Hol- und Bringservice Variables Nutzungsmodell um drei Ducati-Modelle erg\u00e4nzt Dietmar Voggenreiter, Vorstand f\u00fcr Vertrieb und Marketing: \u201eBringen Audi-Mobilit\u00e4tsdienste in weitere Metropolen\u201c Ein Audi Q7 f\u00fcr den Winter, ein A5 Cabriolet und eine Ducati Scrambler f\u00fcr den Sommer: Die AUDI AG erweitert ihr Mobilit\u00e4tsangebot Audi select um sportliche [&hellip;]<\/p>\n","protected":false},"author":1,"featured_media":2542,"comment_status":"closed","ping_status":"open","sticky":false,"template":"","format":"standard","meta":{"jetpack_post_was_ever_published":false,"_jetpack_newsletter_access":"","_jetpack_dont_email_post_to_subs":false,"_jetpack_newsletter_tier_id":0,"_jetpack_memberships_contains_paywalled_content":false,"_jetpack_memberships_contains_paid_content":false,"footnotes":"","jetpack_publicize_message":"#Audi select: flexible Premium-Mobilit\u00e4t jetzt auch mit #Ducati","jetpack_publicize_feature_enabled":true,"jetpack_social_post_already_shared":true,"jetpack_social_options":{"image_generator_settings":{"template":"highway","enabled":false},"version":2}},"categories":[16],"tags":[20,181],"class_list":["post-2541","post","type-post","status-publish","format-standard","has-post-thumbnail","hentry","category-audi-ag","tag-audi","tag-ducati"],"wppr_data":[],"jetpack_publicize_connections":[],"yoast_head":"<!-- This site is optimized with the Yoast SEO plugin v23.3 - https:\/\/yoast.com\/wordpress\/plugins\/seo\/ -->\n<title>Audi select: flexible Premium-Mobilit\u00e4t jetzt auch mit Ducati - Audi Blog<\/title>\n<meta name=\"robots\" content=\"index, follow, max-snippet:-1, max-image-preview:large, max-video-preview:-1\" \/>\n<link rel=\"canonical\" href=\"https:\/\/www.tts-freunde.de\/blog\/2016\/04\/13\/audi-select-flexible-premium-mobilitaet-jetzt-auch-mit-ducati\/\" \/>\n<meta property=\"og:locale\" content=\"de_DE\" \/>\n<meta property=\"og:type\" content=\"article\" \/>\n<meta property=\"og:title\" content=\"Audi select: flexible Premium-Mobilit\u00e4t jetzt auch mit Ducati - Audi Blog\" \/>\n<meta property=\"og:description\" content=\"Erfolgreiches Mobilit\u00e4tsangebot mit Hol- und Bringservice Variables Nutzungsmodell um drei Ducati-Modelle erg\u00e4nzt Dietmar Voggenreiter, Vorstand f\u00fcr Vertrieb und Marketing: \u201eBringen Audi-Mobilit\u00e4tsdienste in weitere Metropolen\u201c Ein Audi Q7 f\u00fcr den Winter, ein A5 Cabriolet und eine Ducati Scrambler f\u00fcr den Sommer: Die AUDI AG erweitert ihr Mobilit\u00e4tsangebot Audi select um sportliche [&hellip;]\" \/>\n<meta property=\"og:url\" content=\"https:\/\/www.tts-freunde.de\/blog\/2016\/04\/13\/audi-select-flexible-premium-mobilitaet-jetzt-auch-mit-ducati\/\" \/>\n<meta property=\"og:site_name\" content=\"Audi Blog\" \/>\n<meta property=\"article:published_time\" content=\"2016-04-13T05:49:19+00:00\" \/>\n<meta property=\"article:modified_time\" content=\"2016-04-11T15:50:36+00:00\" \/>\n<meta property=\"og:image\" content=\"https:\/\/www.tts-freunde.de\/blog\/wp-content\/uploads\/2016\/04\/ducati.jpg\" \/>\n\t<meta property=\"og:image:width\" content=\"1160\" \/>\n\t<meta property=\"og:image:height\" content=\"821\" \/>\n\t<meta property=\"og:image:type\" content=\"image\/jpeg\" \/>\n<meta name=\"author\" content=\"admin\" \/>\n<meta name=\"twitter:card\" content=\"summary_large_image\" \/>\n<meta name=\"twitter:label1\" content=\"Verfasst von\" \/>\n\t<meta name=\"twitter:data1\" content=\"admin\" \/>\n\t<meta name=\"twitter:label2\" content=\"Gesch\u00e4tzte Lesezeit\" \/>\n\t<meta name=\"twitter:data2\" content=\"2\u00a0Minuten\" \/>\n<script type=\"application\/ld+json\" class=\"yoast-schema-graph\">{\"@context\":\"https:\/\/schema.org\",\"@graph\":[{\"@type\":\"Article\",\"@id\":\"https:\/\/www.tts-freunde.de\/blog\/2016\/04\/13\/audi-select-flexible-premium-mobilitaet-jetzt-auch-mit-ducati\/#article\",\"isPartOf\":{\"@id\":\"https:\/\/www.tts-freunde.de\/blog\/2016\/04\/13\/audi-select-flexible-premium-mobilitaet-jetzt-auch-mit-ducati\/\"},\"author\":{\"name\":\"admin\",\"@id\":\"https:\/\/www.tts-freunde.de\/blog\/#\/schema\/person\/b67f6a54e98f013bd281dbe05514b701\"},\"headline\":\"Audi select: flexible Premium-Mobilit\u00e4t jetzt auch mit Ducati\",\"datePublished\":\"2016-04-13T05:49:19+00:00\",\"dateModified\":\"2016-04-11T15:50:36+00:00\",\"mainEntityOfPage\":{\"@id\":\"https:\/\/www.tts-freunde.de\/blog\/2016\/04\/13\/audi-select-flexible-premium-mobilitaet-jetzt-auch-mit-ducati\/\"},\"wordCount\":374,\"publisher\":{\"@id\":\"https:\/\/www.tts-freunde.de\/blog\/#organization\"},\"image\":{\"@id\":\"https:\/\/www.tts-freunde.de\/blog\/2016\/04\/13\/audi-select-flexible-premium-mobilitaet-jetzt-auch-mit-ducati\/#primaryimage\"},\"thumbnailUrl\":\"https:\/\/www.tts-freunde.de\/blog\/wp-content\/uploads\/2016\/04\/ducati.jpg\",\"keywords\":[\"audi\",\"ducati\"],\"articleSection\":[\"Audi AG\"],\"inLanguage\":\"de\"},{\"@type\":\"WebPage\",\"@id\":\"https:\/\/www.tts-freunde.de\/blog\/2016\/04\/13\/audi-select-flexible-premium-mobilitaet-jetzt-auch-mit-ducati\/\",\"url\":\"https:\/\/www.tts-freunde.de\/blog\/2016\/04\/13\/audi-select-flexible-premium-mobilitaet-jetzt-auch-mit-ducati\/\",\"name\":\"Audi select: flexible Premium-Mobilit\u00e4t jetzt auch mit Ducati - Audi Blog\",\"isPartOf\":{\"@id\":\"https:\/\/www.tts-freunde.de\/blog\/#website\"},\"primaryImageOfPage\":{\"@id\":\"https:\/\/www.tts-freunde.de\/blog\/2016\/04\/13\/audi-select-flexible-premium-mobilitaet-jetzt-auch-mit-ducati\/#primaryimage\"},\"image\":{\"@id\":\"https:\/\/www.tts-freunde.de\/blog\/2016\/04\/13\/audi-select-flexible-premium-mobilitaet-jetzt-auch-mit-ducati\/#primaryimage\"},\"thumbnailUrl\":\"https:\/\/www.tts-freunde.de\/blog\/wp-content\/uploads\/2016\/04\/ducati.jpg\",\"datePublished\":\"2016-04-13T05:49:19+00:00\",\"dateModified\":\"2016-04-11T15:50:36+00:00\",\"breadcrumb\":{\"@id\":\"https:\/\/www.tts-freunde.de\/blog\/2016\/04\/13\/audi-select-flexible-premium-mobilitaet-jetzt-auch-mit-ducati\/#breadcrumb\"},\"inLanguage\":\"de\",\"potentialAction\":[{\"@type\":\"ReadAction\",\"target\":[\"https:\/\/www.tts-freunde.de\/blog\/2016\/04\/13\/audi-select-flexible-premium-mobilitaet-jetzt-auch-mit-ducati\/\"]}]},{\"@type\":\"ImageObject\",\"inLanguage\":\"de\",\"@id\":\"https:\/\/www.tts-freunde.de\/blog\/2016\/04\/13\/audi-select-flexible-premium-mobilitaet-jetzt-auch-mit-ducati\/#primaryimage\",\"url\":\"https:\/\/www.tts-freunde.de\/blog\/wp-content\/uploads\/2016\/04\/ducati.jpg\",\"contentUrl\":\"https:\/\/www.tts-freunde.de\/blog\/wp-content\/uploads\/2016\/04\/ducati.jpg\",\"width\":1160,\"height\":821},{\"@type\":\"BreadcrumbList\",\"@id\":\"https:\/\/www.tts-freunde.de\/blog\/2016\/04\/13\/audi-select-flexible-premium-mobilitaet-jetzt-auch-mit-ducati\/#breadcrumb\",\"itemListElement\":[{\"@type\":\"ListItem\",\"position\":1,\"name\":\"Home\",\"item\":\"https:\/\/www.tts-freunde.de\/blog\/\"},{\"@type\":\"ListItem\",\"position\":2,\"name\":\"Audi select: flexible Premium-Mobilit\u00e4t jetzt auch mit Ducati\"}]},{\"@type\":\"WebSite\",\"@id\":\"https:\/\/www.tts-freunde.de\/blog\/#website\",\"url\":\"https:\/\/www.tts-freunde.de\/blog\/\",\"name\":\"Audi Blog\",\"description\":\"Deutscher Audi Blog - TTS-Freunde\",\"publisher\":{\"@id\":\"https:\/\/www.tts-freunde.de\/blog\/#organization\"},\"potentialAction\":[{\"@type\":\"SearchAction\",\"target\":{\"@type\":\"EntryPoint\",\"urlTemplate\":\"https:\/\/www.tts-freunde.de\/blog\/?s={search_term_string}\"},\"query-input\":\"required name=search_term_string\"}],\"inLanguage\":\"de\"},{\"@type\":\"Organization\",\"@id\":\"https:\/\/www.tts-freunde.de\/blog\/#organization\",\"name\":\"Audi Blog\",\"url\":\"https:\/\/www.tts-freunde.de\/blog\/\",\"logo\":{\"@type\":\"ImageObject\",\"inLanguage\":\"de\",\"@id\":\"https:\/\/www.tts-freunde.de\/blog\/#\/schema\/logo\/image\/\",\"url\":\"https:\/\/www.tts-freunde.de\/blog\/wp-content\/uploads\/2022\/12\/logo_2022.jpg\",\"contentUrl\":\"https:\/\/www.tts-freunde.de\/blog\/wp-content\/uploads\/2022\/12\/logo_2022.jpg\",\"width\":240,\"height\":41,\"caption\":\"Audi Blog\"},\"image\":{\"@id\":\"https:\/\/www.tts-freunde.de\/blog\/#\/schema\/logo\/image\/\"}},{\"@type\":\"Person\",\"@id\":\"https:\/\/www.tts-freunde.de\/blog\/#\/schema\/person\/b67f6a54e98f013bd281dbe05514b701\",\"name\":\"admin\",\"image\":{\"@type\":\"ImageObject\",\"inLanguage\":\"de\",\"@id\":\"https:\/\/www.tts-freunde.de\/blog\/#\/schema\/person\/image\/\",\"url\":\"https:\/\/secure.gravatar.com\/avatar\/08a4bd330e25056ddb430c28136b38a6?s=96&d=mm&r=g\",\"contentUrl\":\"https:\/\/secure.gravatar.com\/avatar\/08a4bd330e25056ddb430c28136b38a6?s=96&d=mm&r=g\",\"caption\":\"admin\"},\"sameAs\":[\"http:\/\/www.tts-freunde.de\"],\"url\":\"https:\/\/www.tts-freunde.de\/blog\/author\/admin\/\"}]}<\/script>\n<!-- \/ Yoast SEO plugin. -->","yoast_head_json":{"title":"Audi select: flexible Premium-Mobilit\u00e4t jetzt auch mit Ducati - Audi Blog","robots":{"index":"index","follow":"follow","max-snippet":"max-snippet:-1","max-image-preview":"max-image-preview:large","max-video-preview":"max-video-preview:-1"},"canonical":"https:\/\/www.tts-freunde.de\/blog\/2016\/04\/13\/audi-select-flexible-premium-mobilitaet-jetzt-auch-mit-ducati\/","og_locale":"de_DE","og_type":"article","og_title":"Audi select: flexible Premium-Mobilit\u00e4t jetzt auch mit Ducati - Audi Blog","og_description":"Erfolgreiches Mobilit\u00e4tsangebot mit Hol- und Bringservice Variables Nutzungsmodell um drei Ducati-Modelle erg\u00e4nzt Dietmar Voggenreiter, Vorstand f\u00fcr Vertrieb und Marketing: \u201eBringen Audi-Mobilit\u00e4tsdienste in weitere Metropolen\u201c Ein Audi Q7 f\u00fcr den Winter, ein A5 Cabriolet und eine Ducati Scrambler f\u00fcr den Sommer: Die AUDI AG erweitert ihr Mobilit\u00e4tsangebot Audi select um sportliche [&hellip;]","og_url":"https:\/\/www.tts-freunde.de\/blog\/2016\/04\/13\/audi-select-flexible-premium-mobilitaet-jetzt-auch-mit-ducati\/","og_site_name":"Audi Blog","article_published_time":"2016-04-13T05:49:19+00:00","article_modified_time":"2016-04-11T15:50:36+00:00","og_image":[{"width":1160,"height":821,"url":"https:\/\/www.tts-freunde.de\/blog\/wp-content\/uploads\/2016\/04\/ducati.jpg","type":"image\/jpeg"}],"author":"admin","twitter_card":"summary_large_image","twitter_misc":{"Verfasst von":"admin","Gesch\u00e4tzte Lesezeit":"2\u00a0Minuten"},"schema":{"@context":"https:\/\/schema.org","@graph":[{"@type":"Article","@id":"https:\/\/www.tts-freunde.de\/blog\/2016\/04\/13\/audi-select-flexible-premium-mobilitaet-jetzt-auch-mit-ducati\/#article","isPartOf":{"@id":"https:\/\/www.tts-freunde.de\/blog\/2016\/04\/13\/audi-select-flexible-premium-mobilitaet-jetzt-auch-mit-ducati\/"},"author":{"name":"admin","@id":"https:\/\/www.tts-freunde.de\/blog\/#\/schema\/person\/b67f6a54e98f013bd281dbe05514b701"},"headline":"Audi select: flexible Premium-Mobilit\u00e4t jetzt auch mit Ducati","datePublished":"2016-04-13T05:49:19+00:00","dateModified":"2016-04-11T15:50:36+00:00","mainEntityOfPage":{"@id":"https:\/\/www.tts-freunde.de\/blog\/2016\/04\/13\/audi-select-flexible-premium-mobilitaet-jetzt-auch-mit-ducati\/"},"wordCount":374,"publisher":{"@id":"https:\/\/www.tts-freunde.de\/blog\/#organization"},"image":{"@id":"https:\/\/www.tts-freunde.de\/blog\/2016\/04\/13\/audi-select-flexible-premium-mobilitaet-jetzt-auch-mit-ducati\/#primaryimage"},"thumbnailUrl":"https:\/\/www.tts-freunde.de\/blog\/wp-content\/uploads\/2016\/04\/ducati.jpg","keywords":["audi","ducati"],"articleSection":["Audi AG"],"inLanguage":"de"},{"@type":"WebPage","@id":"https:\/\/www.tts-freunde.de\/blog\/2016\/04\/13\/audi-select-flexible-premium-mobilitaet-jetzt-auch-mit-ducati\/","url":"https:\/\/www.tts-freunde.de\/blog\/2016\/04\/13\/audi-select-flexible-premium-mobilitaet-jetzt-auch-mit-ducati\/","name":"Audi select: flexible Premium-Mobilit\u00e4t jetzt auch mit Ducati - Audi Blog","isPartOf":{"@id":"https:\/\/www.tts-freunde.de\/blog\/#website"},"primaryImageOfPage":{"@id":"https:\/\/www.tts-freunde.de\/blog\/2016\/04\/13\/audi-select-flexible-premium-mobilitaet-jetzt-auch-mit-ducati\/#primaryimage"},"image":{"@id":"https:\/\/www.tts-freunde.de\/blog\/2016\/04\/13\/audi-select-flexible-premium-mobilitaet-jetzt-auch-mit-ducati\/#primaryimage"},"thumbnailUrl":"https:\/\/www.tts-freunde.de\/blog\/wp-content\/uploads\/2016\/04\/ducati.jpg","datePublished":"2016-04-13T05:49:19+00:00","dateModified":"2016-04-11T15:50:36+00:00","breadcrumb":{"@id":"https:\/\/www.tts-freunde.de\/blog\/2016\/04\/13\/audi-select-flexible-premium-mobilitaet-jetzt-auch-mit-ducati\/#breadcrumb"},"inLanguage":"de","potentialAction":[{"@type":"ReadAction","target":["https:\/\/www.tts-freunde.de\/blog\/2016\/04\/13\/audi-select-flexible-premium-mobilitaet-jetzt-auch-mit-ducati\/"]}]},{"@type":"ImageObject","inLanguage":"de","@id":"https:\/\/www.tts-freunde.de\/blog\/2016\/04\/13\/audi-select-flexible-premium-mobilitaet-jetzt-auch-mit-ducati\/#primaryimage","url":"https:\/\/www.tts-freunde.de\/blog\/wp-content\/uploads\/2016\/04\/ducati.jpg","contentUrl":"https:\/\/www.tts-freunde.de\/blog\/wp-content\/uploads\/2016\/04\/ducati.jpg","width":1160,"height":821},{"@type":"BreadcrumbList","@id":"https:\/\/www.tts-freunde.de\/blog\/2016\/04\/13\/audi-select-flexible-premium-mobilitaet-jetzt-auch-mit-ducati\/#breadcrumb","itemListElement":[{"@type":"ListItem","position":1,"name":"Home","item":"https:\/\/www.tts-freunde.de\/blog\/"},{"@type":"ListItem","position":2,"name":"Audi select: flexible Premium-Mobilit\u00e4t jetzt auch mit Ducati"}]},{"@type":"WebSite","@id":"https:\/\/www.tts-freunde.de\/blog\/#website","url":"https:\/\/www.tts-freunde.de\/blog\/","name":"Audi Blog","description":"Deutscher Audi Blog - TTS-Freunde","publisher":{"@id":"https:\/\/www.tts-freunde.de\/blog\/#organization"},"potentialAction":[{"@type":"SearchAction","target":{"@type":"EntryPoint","urlTemplate":"https:\/\/www.tts-freunde.de\/blog\/?s={search_term_string}"},"query-input":"required name=search_term_string"}],"inLanguage":"de"},{"@type":"Organization","@id":"https:\/\/www.tts-freunde.de\/blog\/#organization","name":"Audi Blog","url":"https:\/\/www.tts-freunde.de\/blog\/","logo":{"@type":"ImageObject","inLanguage":"de","@id":"https:\/\/www.tts-freunde.de\/blog\/#\/schema\/logo\/image\/","url":"https:\/\/www.tts-freunde.de\/blog\/wp-content\/uploads\/2022\/12\/logo_2022.jpg","contentUrl":"https:\/\/www.tts-freunde.de\/blog\/wp-content\/uploads\/2022\/12\/logo_2022.jpg","width":240,"height":41,"caption":"Audi Blog"},"image":{"@id":"https:\/\/www.tts-freunde.de\/blog\/#\/schema\/logo\/image\/"}},{"@type":"Person","@id":"https:\/\/www.tts-freunde.de\/blog\/#\/schema\/person\/b67f6a54e98f013bd281dbe05514b701","name":"admin","image":{"@type":"ImageObject","inLanguage":"de","@id":"https:\/\/www.tts-freunde.de\/blog\/#\/schema\/person\/image\/","url":"https:\/\/secure.gravatar.com\/avatar\/08a4bd330e25056ddb430c28136b38a6?s=96&d=mm&r=g","contentUrl":"https:\/\/secure.gravatar.com\/avatar\/08a4bd330e25056ddb430c28136b38a6?s=96&d=mm&r=g","caption":"admin"},"sameAs":["http:\/\/www.tts-freunde.de"],"url":"https:\/\/www.tts-freunde.de\/blog\/author\/admin\/"}]}},"jetpack_sharing_enabled":true,"jetpack_featured_media_url":"https:\/\/www.tts-freunde.de\/blog\/wp-content\/uploads\/2016\/04\/ducati.jpg","jetpack_shortlink":"https:\/\/wp.me\/p67hWW-EZ","jetpack_likes_enabled":false,"jetpack-related-posts":[],"_links":{"self":[{"href":"https:\/\/www.tts-freunde.de\/blog\/wp-json\/wp\/v2\/posts\/2541"}],"collection":[{"href":"https:\/\/www.tts-freunde.de\/blog\/wp-json\/wp\/v2\/posts"}],"about":[{"href":"https:\/\/www.tts-freunde.de\/blog\/wp-json\/wp\/v2\/types\/post"}],"author":[{"embeddable":true,"href":"https:\/\/www.tts-freunde.de\/blog\/wp-json\/wp\/v2\/users\/1"}],"replies":[{"embeddable":true,"href":"https:\/\/www.tts-freunde.de\/blog\/wp-json\/wp\/v2\/comments?post=2541"}],"version-history":[{"count":1,"href":"https:\/\/www.tts-freunde.de\/blog\/wp-json\/wp\/v2\/posts\/2541\/revisions"}],"predecessor-version":[{"id":2543,"href":"https:\/\/www.tts-freunde.de\/blog\/wp-json\/wp\/v2\/posts\/2541\/revisions\/2543"}],"wp:featuredmedia":[{"embeddable":true,"href":"https:\/\/www.tts-freunde.de\/blog\/wp-json\/wp\/v2\/media\/2542"}],"wp:attachment":[{"href":"https:\/\/www.tts-freunde.de\/blog\/wp-json\/wp\/v2\/media?parent=2541"}],"wp:term":[{"taxonomy":"category","embeddable":true,"href":"https:\/\/www.tts-freunde.de\/blog\/wp-json\/wp\/v2\/categories?post=2541"},{"taxonomy":"post_tag","embeddable":true,"href":"https:\/\/www.tts-freunde.de\/blog\/wp-json\/wp\/v2\/tags?post=2541"}],"curies":[{"name":"wp","href":"https:\/\/api.w.org\/{rel}","templated":true}]}}