{"id":2556,"date":"2016-04-15T08:00:57","date_gmt":"2016-04-15T06:00:57","guid":{"rendered":"http:\/\/tts-freunde.de\/blog\/?p=2556"},"modified":"2016-04-14T17:55:35","modified_gmt":"2016-04-14T15:55:35","slug":"%e2%80%8bdoppelstart-fuer-audi-star-mattias-ekstroem","status":"publish","type":"post","link":"https:\/\/www.tts-freunde.de\/blog\/2016\/04\/15\/%e2%80%8bdoppelstart-fuer-audi-star-mattias-ekstroem\/","title":{"rendered":"\u200bDoppelstart f\u00fcr Audi-Star Mattias Ekstr\u00f6m"},"content":{"rendered":"<div id=\"item-5882045a-17ca-499e-b4eb-c644cb9cd0ba\" class=\"page-item--column col-sm-4\">\n<div class=\"page-row has-no-item-box\">\n<div id=\"item-38a39665-74dd-4545-b07a-cc2b1485c98c\" class=\"page-item--topic-list\">\n<div class=\"topic-list\">\n<ul>\n<li>Zweifacher Einsatz f\u00fcr Schweden beim DTM-Auftakt in Hockenheim<\/li>\n<li>DTM und FIA-Rallycross-Weltmeisterschaft an einem Wochenende<\/li>\n<li>Mattias Ekstr\u00f6m: \u201eWie Weihnachten und Ostern an einem Tag\u201c<\/li>\n<\/ul>\n<p><a href=\"http:\/\/tts-freunde.de\/blog\/wp-content\/uploads\/2016\/04\/Red-Bull-Audi-RS-5-DTM.jpg\" rel=\"attachment wp-att-2557\"><img loading=\"lazy\" decoding=\"async\" data-attachment-id=\"2557\" data-permalink=\"https:\/\/www.tts-freunde.de\/blog\/2016\/04\/15\/%e2%80%8bdoppelstart-fuer-audi-star-mattias-ekstroem\/red-bull-audi-rs-5-dtm\/\" data-orig-file=\"https:\/\/www.tts-freunde.de\/blog\/wp-content\/uploads\/2016\/04\/Red-Bull-Audi-RS-5-DTM.jpg\" data-orig-size=\"1160,820\" data-comments-opened=\"0\" data-image-meta=\"{&quot;aperture&quot;:&quot;0&quot;,&quot;credit&quot;:&quot;&quot;,&quot;camera&quot;:&quot;&quot;,&quot;caption&quot;:&quot;&quot;,&quot;created_timestamp&quot;:&quot;0&quot;,&quot;copyright&quot;:&quot;&quot;,&quot;focal_length&quot;:&quot;0&quot;,&quot;iso&quot;:&quot;0&quot;,&quot;shutter_speed&quot;:&quot;0&quot;,&quot;title&quot;:&quot;&quot;,&quot;orientation&quot;:&quot;0&quot;}\" data-image-title=\"Red Bull Audi RS 5 DTM\" data-image-description=\"\" data-image-caption=\"\" data-medium-file=\"https:\/\/www.tts-freunde.de\/blog\/wp-content\/uploads\/2016\/04\/Red-Bull-Audi-RS-5-DTM-300x212.jpg\" data-large-file=\"https:\/\/www.tts-freunde.de\/blog\/wp-content\/uploads\/2016\/04\/Red-Bull-Audi-RS-5-DTM-1024x724.jpg\" tabindex=\"0\" role=\"button\" class=\"alignleft size-full wp-image-2557\" src=\"http:\/\/tts-freunde.de\/blog\/wp-content\/uploads\/2016\/04\/Red-Bull-Audi-RS-5-DTM.jpg\" alt=\"Red Bull Audi RS 5 DTM\" width=\"1160\" height=\"820\" srcset=\"https:\/\/www.tts-freunde.de\/blog\/wp-content\/uploads\/2016\/04\/Red-Bull-Audi-RS-5-DTM.jpg 1160w, https:\/\/www.tts-freunde.de\/blog\/wp-content\/uploads\/2016\/04\/Red-Bull-Audi-RS-5-DTM-300x212.jpg 300w, https:\/\/www.tts-freunde.de\/blog\/wp-content\/uploads\/2016\/04\/Red-Bull-Audi-RS-5-DTM-768x543.jpg 768w, https:\/\/www.tts-freunde.de\/blog\/wp-content\/uploads\/2016\/04\/Red-Bull-Audi-RS-5-DTM-1024x724.jpg 1024w, https:\/\/www.tts-freunde.de\/blog\/wp-content\/uploads\/2016\/04\/Red-Bull-Audi-RS-5-DTM-140x100.jpg 140w, https:\/\/www.tts-freunde.de\/blog\/wp-content\/uploads\/2016\/04\/Red-Bull-Audi-RS-5-DTM-50x35.jpg 50w\" sizes=\"(max-width: 1160px) 100vw, 1160px\" \/><\/a><\/p>\n<div class=\"page-row has-no-item-box\">\n<div id=\"item-6f9c36e5-928b-46b3-b732-804656d785b7\" class=\"page-item--intro\">\n<div class=\"intro-text\">\n<p style=\"text-align: justify;\">161 DTM-Rennen hat Mattias Ekstr\u00f6m in seiner Karriere bislang bestritten, mit Audi 21 Siege gefeiert und in der popul\u00e4ren Tourenwagen-Rennserie in 15 Jahren schon fast alles erlebt. Dennoch wird der DTM-Auftakt vom 6. bis 8. Mai in Hockenheim f\u00fcr den zweimaligen DTM-Champion ein ganz besonderes Wochenende: Der vielseitige Schwede wagt einen Doppel\u00adstart und tritt sowohl in der DTM als auch in der FIA-Rallycross-Weltmeister\u00adschaft (World RX) an.<\/p>\n<\/div>\n<\/div>\n<\/div>\n<div class=\"page-row has-no-item-box\">\n<div id=\"item-dda29348-eca3-40a5-837a-a73d2e0402d6\" class=\"page-item--text\">\n<div class=\"style-links-for-body-text\" style=\"text-align: justify;\">\n<p>\u201eDass ich in Hockenheim DTM und Rallycross fahren darf, ist f\u00fcr mich wie Weihnachten und Ostern an einem Tag\u201c, sagt der DTM-Champion der Jahre 2004 und 2007. \u201eIch bin Audi f\u00fcr diese einmalige Chance sehr dankbar. Nach den letzten Testfahrten mit meinem Red Bull Audi RS 5 DTM in Hockenheim bin ich hei\u00df auf die ersten beiden DTM-Rennen der neuen Saison. Wir haben gute Chancen, die Siege aus dem Vorjahr zu wiederholen. Dass ich mich zudem vor Tausenden von Audi-Fans im Motodrom am Steuer meines Audi S1 EKS RX quattro mit Weltstars wie Ken Block, Petter Solberg und S\u00e9bastien Loeb messen darf, ist fantastisch. Am Freitag und am Samstag werde ich auf jeden Fall an den Start gehen. Am Sonntag ist der Abstand zwischen DTM-Qualifying und den Rallycross-Finall\u00e4ufen recht knapp. Aber f\u00fcr die RX-Finals m\u00fcsste ich mich ja auch erst einmal qualifizieren.\u201c<\/p>\n<p>Schon vor einem Jahr gab es ein Gastspiel der fast 600 PS starken RX-Autos im Rahmen des DTM-Auftakts. Damals lie\u00df der enge Zeitplan jedoch keinen Einsatz von Mattias Ekstr\u00f6m in seinem privaten Rallycross-Team EKS\u00a0zu. Die Startzeiten der beiden DTM-Rennen am Samstag (16 Uhr) und am Sonntag (14.30 Uhr) sind dieses Mal deutlich g\u00fcnstiger \u2013 zumindest am Samstag. Deshalb gab Audi-Motorsportchef Dr. Wolfgang Ullrich seinem erfolgreichsten DTM-Fahrer gr\u00fcnes Licht f\u00fcr den Doppelstart. \u201eViele unserer Werksfahrer haben neben der WEC oder der DTM zus\u00e4tzliche Programme in anderen Serien, zum Beispiel in der Formel E, der Super Formula in Japan oder im GT-Sport. Mit jedem Rennen sammeln sie noch mehr Erfahrung, von der wir profitieren. Das gilt auch f\u00fcr Mattias, der sein eigenes Rallycross-Team mit viel Leidenschaft aufgebaut hat und noch dazu mit einem Audi startet.\u201c<\/p>\n<\/div>\n<p style=\"text-align: justify;\">Die FIA-Rallycross-Weltmeisterschaft 2016 beginnt am kommenden Wochenende (16.\/17. April) in Montalegre in Portugal. Das Team EKS\u00a0setzt zwei Audi S1 EKS RX quattro f\u00fcr Ekstr\u00f6m und Neuzugang Toomas Heikkinen aus Finnland ein. Dank eines 560 PS starken Vierzylinder-Turbomotors und des quattro-Antriebs absolviert der Kompaktsportler den Sprint von 0 auf 100 km\/h in atemberaubenden 2,4 Sekunden.<\/p>\n<p style=\"text-align: justify;\">\u201eDen quattro-Antrieb w\u00fcrde ich mir in der DTM auch w\u00fcnschen, leider ist er dort verboten\u201c, sagt Mattias Ekstr\u00f6m. \u201eIch war schon immer ein quattro-Fan. Seit ich den Audi S1 in der Rallycross-WM fahre, liebe ich quattro.\u201c Deshalb ist ab dieser Saison #welovequattro auch ein neuer Hashtag seines Teams. Ebenfalls neu: F\u00fcr die Rallycross-WM 2016 hat Mattias Ekstr\u00f6m seine Startnummer \u201e5\u201c aus der DTM \u00fcbernommen. \u201eDann m\u00fcssen sich die Zuschauer nur eine Zahl merken &#8230;\u201c<\/p>\n<p style=\"text-align: justify;\">Neben der DTM und der Rallycross-WM gibt es f\u00fcr Audi-Fans noch einen weiteren Grund, am zweiten Mai-Wochenende nach Hockenheim zu kommen: Im Audi Sport TT Cup, der Nachwuchspiloten den Einstieg in den Motorsport erm\u00f6glicht, stehen die ersten beiden Saisonrennen auf dem Programm. DTM und Audi Sport TT Cup fahren auf dem 4,574 Kilometer langen Grand-Prix-Kurs. F\u00fcr den Rallycross-WM-Lauf wurde eine 1,24 Kilometer kurze Strecke mit 60 Prozent Asphalt- und 40 Prozent Schotteranteil im Motodrom angelegt.<\/p>\n<\/div>\n<\/div>\n<\/div>\n<\/div>\n<\/div>\n<\/div>\n","protected":false},"excerpt":{"rendered":"<p>Zweifacher Einsatz f\u00fcr Schweden beim DTM-Auftakt in Hockenheim DTM und FIA-Rallycross-Weltmeisterschaft an einem Wochenende Mattias Ekstr\u00f6m: \u201eWie Weihnachten und Ostern an einem Tag\u201c 161 DTM-Rennen hat Mattias Ekstr\u00f6m in seiner Karriere bislang bestritten, mit Audi 21 Siege gefeiert und in der popul\u00e4ren Tourenwagen-Rennserie in 15 Jahren schon fast alles erlebt. [&hellip;]<\/p>\n","protected":false},"author":1,"featured_media":2557,"comment_status":"closed","ping_status":"open","sticky":false,"template":"","format":"standard","meta":{"jetpack_post_was_ever_published":false,"_jetpack_newsletter_access":"","_jetpack_dont_email_post_to_subs":false,"_jetpack_newsletter_tier_id":0,"_jetpack_memberships_contains_paywalled_content":false,"_jetpack_memberships_contains_paid_content":false,"footnotes":"","jetpack_publicize_message":"\u200bDoppelstart f\u00fcr Audi-Star Mattias Ekstr\u00f6m #audi","jetpack_publicize_feature_enabled":true,"jetpack_social_post_already_shared":true,"jetpack_social_options":{"image_generator_settings":{"template":"highway","enabled":false},"version":2}},"categories":[17],"tags":[],"class_list":["post-2556","post","type-post","status-publish","format-standard","has-post-thumbnail","hentry","category-audi-motorsport"],"wppr_data":[],"jetpack_publicize_connections":[],"yoast_head":"<!-- This site is optimized with the Yoast SEO plugin v23.3 - https:\/\/yoast.com\/wordpress\/plugins\/seo\/ -->\n<title>\u200bDoppelstart f\u00fcr Audi-Star Mattias Ekstr\u00f6m - Audi Blog<\/title>\n<meta name=\"robots\" content=\"index, follow, max-snippet:-1, max-image-preview:large, max-video-preview:-1\" \/>\n<link rel=\"canonical\" href=\"https:\/\/www.tts-freunde.de\/blog\/2016\/04\/15\/\u200bdoppelstart-fuer-audi-star-mattias-ekstroem\/\" \/>\n<meta property=\"og:locale\" content=\"de_DE\" \/>\n<meta property=\"og:type\" content=\"article\" \/>\n<meta property=\"og:title\" content=\"\u200bDoppelstart f\u00fcr Audi-Star Mattias Ekstr\u00f6m - Audi Blog\" \/>\n<meta property=\"og:description\" content=\"Zweifacher Einsatz f\u00fcr Schweden beim DTM-Auftakt in Hockenheim DTM und FIA-Rallycross-Weltmeisterschaft an einem Wochenende Mattias Ekstr\u00f6m: \u201eWie Weihnachten und Ostern an einem Tag\u201c 161 DTM-Rennen hat Mattias Ekstr\u00f6m in seiner Karriere bislang bestritten, mit Audi 21 Siege gefeiert und in der popul\u00e4ren Tourenwagen-Rennserie in 15 Jahren schon fast alles erlebt. [&hellip;]\" \/>\n<meta property=\"og:url\" content=\"https:\/\/www.tts-freunde.de\/blog\/2016\/04\/15\/\u200bdoppelstart-fuer-audi-star-mattias-ekstroem\/\" \/>\n<meta property=\"og:site_name\" content=\"Audi Blog\" \/>\n<meta property=\"article:published_time\" content=\"2016-04-15T06:00:57+00:00\" \/>\n<meta property=\"article:modified_time\" content=\"2016-04-14T15:55:35+00:00\" \/>\n<meta property=\"og:image\" content=\"https:\/\/www.tts-freunde.de\/blog\/wp-content\/uploads\/2016\/04\/Red-Bull-Audi-RS-5-DTM.jpg\" \/>\n\t<meta property=\"og:image:width\" content=\"1160\" \/>\n\t<meta property=\"og:image:height\" content=\"820\" \/>\n\t<meta property=\"og:image:type\" content=\"image\/jpeg\" \/>\n<meta name=\"author\" content=\"admin\" \/>\n<meta name=\"twitter:card\" content=\"summary_large_image\" \/>\n<meta name=\"twitter:label1\" content=\"Verfasst von\" \/>\n\t<meta name=\"twitter:data1\" content=\"admin\" \/>\n\t<meta name=\"twitter:label2\" content=\"Gesch\u00e4tzte Lesezeit\" \/>\n\t<meta name=\"twitter:data2\" content=\"3\u00a0Minuten\" \/>\n<script type=\"application\/ld+json\" class=\"yoast-schema-graph\">{\"@context\":\"https:\/\/schema.org\",\"@graph\":[{\"@type\":\"Article\",\"@id\":\"https:\/\/www.tts-freunde.de\/blog\/2016\/04\/15\/%e2%80%8bdoppelstart-fuer-audi-star-mattias-ekstroem\/#article\",\"isPartOf\":{\"@id\":\"https:\/\/www.tts-freunde.de\/blog\/2016\/04\/15\/%e2%80%8bdoppelstart-fuer-audi-star-mattias-ekstroem\/\"},\"author\":{\"name\":\"admin\",\"@id\":\"https:\/\/www.tts-freunde.de\/blog\/#\/schema\/person\/b67f6a54e98f013bd281dbe05514b701\"},\"headline\":\"\u200bDoppelstart f\u00fcr Audi-Star Mattias Ekstr\u00f6m\",\"datePublished\":\"2016-04-15T06:00:57+00:00\",\"dateModified\":\"2016-04-14T15:55:35+00:00\",\"mainEntityOfPage\":{\"@id\":\"https:\/\/www.tts-freunde.de\/blog\/2016\/04\/15\/%e2%80%8bdoppelstart-fuer-audi-star-mattias-ekstroem\/\"},\"wordCount\":582,\"publisher\":{\"@id\":\"https:\/\/www.tts-freunde.de\/blog\/#organization\"},\"image\":{\"@id\":\"https:\/\/www.tts-freunde.de\/blog\/2016\/04\/15\/%e2%80%8bdoppelstart-fuer-audi-star-mattias-ekstroem\/#primaryimage\"},\"thumbnailUrl\":\"https:\/\/www.tts-freunde.de\/blog\/wp-content\/uploads\/2016\/04\/Red-Bull-Audi-RS-5-DTM.jpg\",\"articleSection\":[\"Audi Motorsport\"],\"inLanguage\":\"de\"},{\"@type\":\"WebPage\",\"@id\":\"https:\/\/www.tts-freunde.de\/blog\/2016\/04\/15\/%e2%80%8bdoppelstart-fuer-audi-star-mattias-ekstroem\/\",\"url\":\"https:\/\/www.tts-freunde.de\/blog\/2016\/04\/15\/%e2%80%8bdoppelstart-fuer-audi-star-mattias-ekstroem\/\",\"name\":\"\u200bDoppelstart f\u00fcr Audi-Star Mattias Ekstr\u00f6m - Audi Blog\",\"isPartOf\":{\"@id\":\"https:\/\/www.tts-freunde.de\/blog\/#website\"},\"primaryImageOfPage\":{\"@id\":\"https:\/\/www.tts-freunde.de\/blog\/2016\/04\/15\/%e2%80%8bdoppelstart-fuer-audi-star-mattias-ekstroem\/#primaryimage\"},\"image\":{\"@id\":\"https:\/\/www.tts-freunde.de\/blog\/2016\/04\/15\/%e2%80%8bdoppelstart-fuer-audi-star-mattias-ekstroem\/#primaryimage\"},\"thumbnailUrl\":\"https:\/\/www.tts-freunde.de\/blog\/wp-content\/uploads\/2016\/04\/Red-Bull-Audi-RS-5-DTM.jpg\",\"datePublished\":\"2016-04-15T06:00:57+00:00\",\"dateModified\":\"2016-04-14T15:55:35+00:00\",\"breadcrumb\":{\"@id\":\"https:\/\/www.tts-freunde.de\/blog\/2016\/04\/15\/%e2%80%8bdoppelstart-fuer-audi-star-mattias-ekstroem\/#breadcrumb\"},\"inLanguage\":\"de\",\"potentialAction\":[{\"@type\":\"ReadAction\",\"target\":[\"https:\/\/www.tts-freunde.de\/blog\/2016\/04\/15\/%e2%80%8bdoppelstart-fuer-audi-star-mattias-ekstroem\/\"]}]},{\"@type\":\"ImageObject\",\"inLanguage\":\"de\",\"@id\":\"https:\/\/www.tts-freunde.de\/blog\/2016\/04\/15\/%e2%80%8bdoppelstart-fuer-audi-star-mattias-ekstroem\/#primaryimage\",\"url\":\"https:\/\/www.tts-freunde.de\/blog\/wp-content\/uploads\/2016\/04\/Red-Bull-Audi-RS-5-DTM.jpg\",\"contentUrl\":\"https:\/\/www.tts-freunde.de\/blog\/wp-content\/uploads\/2016\/04\/Red-Bull-Audi-RS-5-DTM.jpg\",\"width\":1160,\"height\":820},{\"@type\":\"BreadcrumbList\",\"@id\":\"https:\/\/www.tts-freunde.de\/blog\/2016\/04\/15\/%e2%80%8bdoppelstart-fuer-audi-star-mattias-ekstroem\/#breadcrumb\",\"itemListElement\":[{\"@type\":\"ListItem\",\"position\":1,\"name\":\"Home\",\"item\":\"https:\/\/www.tts-freunde.de\/blog\/\"},{\"@type\":\"ListItem\",\"position\":2,\"name\":\"\u200bDoppelstart f\u00fcr Audi-Star Mattias Ekstr\u00f6m\"}]},{\"@type\":\"WebSite\",\"@id\":\"https:\/\/www.tts-freunde.de\/blog\/#website\",\"url\":\"https:\/\/www.tts-freunde.de\/blog\/\",\"name\":\"Audi Blog\",\"description\":\"Deutscher Audi Blog - TTS-Freunde\",\"publisher\":{\"@id\":\"https:\/\/www.tts-freunde.de\/blog\/#organization\"},\"potentialAction\":[{\"@type\":\"SearchAction\",\"target\":{\"@type\":\"EntryPoint\",\"urlTemplate\":\"https:\/\/www.tts-freunde.de\/blog\/?s={search_term_string}\"},\"query-input\":\"required name=search_term_string\"}],\"inLanguage\":\"de\"},{\"@type\":\"Organization\",\"@id\":\"https:\/\/www.tts-freunde.de\/blog\/#organization\",\"name\":\"Audi Blog\",\"url\":\"https:\/\/www.tts-freunde.de\/blog\/\",\"logo\":{\"@type\":\"ImageObject\",\"inLanguage\":\"de\",\"@id\":\"https:\/\/www.tts-freunde.de\/blog\/#\/schema\/logo\/image\/\",\"url\":\"https:\/\/www.tts-freunde.de\/blog\/wp-content\/uploads\/2022\/12\/logo_2022.jpg\",\"contentUrl\":\"https:\/\/www.tts-freunde.de\/blog\/wp-content\/uploads\/2022\/12\/logo_2022.jpg\",\"width\":240,\"height\":41,\"caption\":\"Audi Blog\"},\"image\":{\"@id\":\"https:\/\/www.tts-freunde.de\/blog\/#\/schema\/logo\/image\/\"}},{\"@type\":\"Person\",\"@id\":\"https:\/\/www.tts-freunde.de\/blog\/#\/schema\/person\/b67f6a54e98f013bd281dbe05514b701\",\"name\":\"admin\",\"image\":{\"@type\":\"ImageObject\",\"inLanguage\":\"de\",\"@id\":\"https:\/\/www.tts-freunde.de\/blog\/#\/schema\/person\/image\/\",\"url\":\"https:\/\/secure.gravatar.com\/avatar\/08a4bd330e25056ddb430c28136b38a6?s=96&d=mm&r=g\",\"contentUrl\":\"https:\/\/secure.gravatar.com\/avatar\/08a4bd330e25056ddb430c28136b38a6?s=96&d=mm&r=g\",\"caption\":\"admin\"},\"sameAs\":[\"http:\/\/www.tts-freunde.de\"],\"url\":\"https:\/\/www.tts-freunde.de\/blog\/author\/admin\/\"}]}<\/script>\n<!-- \/ Yoast SEO plugin. -->","yoast_head_json":{"title":"\u200bDoppelstart f\u00fcr Audi-Star Mattias Ekstr\u00f6m - Audi Blog","robots":{"index":"index","follow":"follow","max-snippet":"max-snippet:-1","max-image-preview":"max-image-preview:large","max-video-preview":"max-video-preview:-1"},"canonical":"https:\/\/www.tts-freunde.de\/blog\/2016\/04\/15\/\u200bdoppelstart-fuer-audi-star-mattias-ekstroem\/","og_locale":"de_DE","og_type":"article","og_title":"\u200bDoppelstart f\u00fcr Audi-Star Mattias Ekstr\u00f6m - Audi Blog","og_description":"Zweifacher Einsatz f\u00fcr Schweden beim DTM-Auftakt in Hockenheim DTM und FIA-Rallycross-Weltmeisterschaft an einem Wochenende Mattias Ekstr\u00f6m: \u201eWie Weihnachten und Ostern an einem Tag\u201c 161 DTM-Rennen hat Mattias Ekstr\u00f6m in seiner Karriere bislang bestritten, mit Audi 21 Siege gefeiert und in der popul\u00e4ren Tourenwagen-Rennserie in 15 Jahren schon fast alles erlebt. [&hellip;]","og_url":"https:\/\/www.tts-freunde.de\/blog\/2016\/04\/15\/\u200bdoppelstart-fuer-audi-star-mattias-ekstroem\/","og_site_name":"Audi Blog","article_published_time":"2016-04-15T06:00:57+00:00","article_modified_time":"2016-04-14T15:55:35+00:00","og_image":[{"width":1160,"height":820,"url":"https:\/\/www.tts-freunde.de\/blog\/wp-content\/uploads\/2016\/04\/Red-Bull-Audi-RS-5-DTM.jpg","type":"image\/jpeg"}],"author":"admin","twitter_card":"summary_large_image","twitter_misc":{"Verfasst von":"admin","Gesch\u00e4tzte Lesezeit":"3\u00a0Minuten"},"schema":{"@context":"https:\/\/schema.org","@graph":[{"@type":"Article","@id":"https:\/\/www.tts-freunde.de\/blog\/2016\/04\/15\/%e2%80%8bdoppelstart-fuer-audi-star-mattias-ekstroem\/#article","isPartOf":{"@id":"https:\/\/www.tts-freunde.de\/blog\/2016\/04\/15\/%e2%80%8bdoppelstart-fuer-audi-star-mattias-ekstroem\/"},"author":{"name":"admin","@id":"https:\/\/www.tts-freunde.de\/blog\/#\/schema\/person\/b67f6a54e98f013bd281dbe05514b701"},"headline":"\u200bDoppelstart f\u00fcr Audi-Star Mattias Ekstr\u00f6m","datePublished":"2016-04-15T06:00:57+00:00","dateModified":"2016-04-14T15:55:35+00:00","mainEntityOfPage":{"@id":"https:\/\/www.tts-freunde.de\/blog\/2016\/04\/15\/%e2%80%8bdoppelstart-fuer-audi-star-mattias-ekstroem\/"},"wordCount":582,"publisher":{"@id":"https:\/\/www.tts-freunde.de\/blog\/#organization"},"image":{"@id":"https:\/\/www.tts-freunde.de\/blog\/2016\/04\/15\/%e2%80%8bdoppelstart-fuer-audi-star-mattias-ekstroem\/#primaryimage"},"thumbnailUrl":"https:\/\/www.tts-freunde.de\/blog\/wp-content\/uploads\/2016\/04\/Red-Bull-Audi-RS-5-DTM.jpg","articleSection":["Audi Motorsport"],"inLanguage":"de"},{"@type":"WebPage","@id":"https:\/\/www.tts-freunde.de\/blog\/2016\/04\/15\/%e2%80%8bdoppelstart-fuer-audi-star-mattias-ekstroem\/","url":"https:\/\/www.tts-freunde.de\/blog\/2016\/04\/15\/%e2%80%8bdoppelstart-fuer-audi-star-mattias-ekstroem\/","name":"\u200bDoppelstart f\u00fcr Audi-Star Mattias Ekstr\u00f6m - Audi Blog","isPartOf":{"@id":"https:\/\/www.tts-freunde.de\/blog\/#website"},"primaryImageOfPage":{"@id":"https:\/\/www.tts-freunde.de\/blog\/2016\/04\/15\/%e2%80%8bdoppelstart-fuer-audi-star-mattias-ekstroem\/#primaryimage"},"image":{"@id":"https:\/\/www.tts-freunde.de\/blog\/2016\/04\/15\/%e2%80%8bdoppelstart-fuer-audi-star-mattias-ekstroem\/#primaryimage"},"thumbnailUrl":"https:\/\/www.tts-freunde.de\/blog\/wp-content\/uploads\/2016\/04\/Red-Bull-Audi-RS-5-DTM.jpg","datePublished":"2016-04-15T06:00:57+00:00","dateModified":"2016-04-14T15:55:35+00:00","breadcrumb":{"@id":"https:\/\/www.tts-freunde.de\/blog\/2016\/04\/15\/%e2%80%8bdoppelstart-fuer-audi-star-mattias-ekstroem\/#breadcrumb"},"inLanguage":"de","potentialAction":[{"@type":"ReadAction","target":["https:\/\/www.tts-freunde.de\/blog\/2016\/04\/15\/%e2%80%8bdoppelstart-fuer-audi-star-mattias-ekstroem\/"]}]},{"@type":"ImageObject","inLanguage":"de","@id":"https:\/\/www.tts-freunde.de\/blog\/2016\/04\/15\/%e2%80%8bdoppelstart-fuer-audi-star-mattias-ekstroem\/#primaryimage","url":"https:\/\/www.tts-freunde.de\/blog\/wp-content\/uploads\/2016\/04\/Red-Bull-Audi-RS-5-DTM.jpg","contentUrl":"https:\/\/www.tts-freunde.de\/blog\/wp-content\/uploads\/2016\/04\/Red-Bull-Audi-RS-5-DTM.jpg","width":1160,"height":820},{"@type":"BreadcrumbList","@id":"https:\/\/www.tts-freunde.de\/blog\/2016\/04\/15\/%e2%80%8bdoppelstart-fuer-audi-star-mattias-ekstroem\/#breadcrumb","itemListElement":[{"@type":"ListItem","position":1,"name":"Home","item":"https:\/\/www.tts-freunde.de\/blog\/"},{"@type":"ListItem","position":2,"name":"\u200bDoppelstart f\u00fcr Audi-Star Mattias Ekstr\u00f6m"}]},{"@type":"WebSite","@id":"https:\/\/www.tts-freunde.de\/blog\/#website","url":"https:\/\/www.tts-freunde.de\/blog\/","name":"Audi Blog","description":"Deutscher Audi Blog - TTS-Freunde","publisher":{"@id":"https:\/\/www.tts-freunde.de\/blog\/#organization"},"potentialAction":[{"@type":"SearchAction","target":{"@type":"EntryPoint","urlTemplate":"https:\/\/www.tts-freunde.de\/blog\/?s={search_term_string}"},"query-input":"required name=search_term_string"}],"inLanguage":"de"},{"@type":"Organization","@id":"https:\/\/www.tts-freunde.de\/blog\/#organization","name":"Audi Blog","url":"https:\/\/www.tts-freunde.de\/blog\/","logo":{"@type":"ImageObject","inLanguage":"de","@id":"https:\/\/www.tts-freunde.de\/blog\/#\/schema\/logo\/image\/","url":"https:\/\/www.tts-freunde.de\/blog\/wp-content\/uploads\/2022\/12\/logo_2022.jpg","contentUrl":"https:\/\/www.tts-freunde.de\/blog\/wp-content\/uploads\/2022\/12\/logo_2022.jpg","width":240,"height":41,"caption":"Audi Blog"},"image":{"@id":"https:\/\/www.tts-freunde.de\/blog\/#\/schema\/logo\/image\/"}},{"@type":"Person","@id":"https:\/\/www.tts-freunde.de\/blog\/#\/schema\/person\/b67f6a54e98f013bd281dbe05514b701","name":"admin","image":{"@type":"ImageObject","inLanguage":"de","@id":"https:\/\/www.tts-freunde.de\/blog\/#\/schema\/person\/image\/","url":"https:\/\/secure.gravatar.com\/avatar\/08a4bd330e25056ddb430c28136b38a6?s=96&d=mm&r=g","contentUrl":"https:\/\/secure.gravatar.com\/avatar\/08a4bd330e25056ddb430c28136b38a6?s=96&d=mm&r=g","caption":"admin"},"sameAs":["http:\/\/www.tts-freunde.de"],"url":"https:\/\/www.tts-freunde.de\/blog\/author\/admin\/"}]}},"jetpack_sharing_enabled":true,"jetpack_featured_media_url":"https:\/\/www.tts-freunde.de\/blog\/wp-content\/uploads\/2016\/04\/Red-Bull-Audi-RS-5-DTM.jpg","jetpack_shortlink":"https:\/\/wp.me\/p67hWW-Fe","jetpack_likes_enabled":false,"jetpack-related-posts":[],"_links":{"self":[{"href":"https:\/\/www.tts-freunde.de\/blog\/wp-json\/wp\/v2\/posts\/2556"}],"collection":[{"href":"https:\/\/www.tts-freunde.de\/blog\/wp-json\/wp\/v2\/posts"}],"about":[{"href":"https:\/\/www.tts-freunde.de\/blog\/wp-json\/wp\/v2\/types\/post"}],"author":[{"embeddable":true,"href":"https:\/\/www.tts-freunde.de\/blog\/wp-json\/wp\/v2\/users\/1"}],"replies":[{"embeddable":true,"href":"https:\/\/www.tts-freunde.de\/blog\/wp-json\/wp\/v2\/comments?post=2556"}],"version-history":[{"count":1,"href":"https:\/\/www.tts-freunde.de\/blog\/wp-json\/wp\/v2\/posts\/2556\/revisions"}],"predecessor-version":[{"id":2558,"href":"https:\/\/www.tts-freunde.de\/blog\/wp-json\/wp\/v2\/posts\/2556\/revisions\/2558"}],"wp:featuredmedia":[{"embeddable":true,"href":"https:\/\/www.tts-freunde.de\/blog\/wp-json\/wp\/v2\/media\/2557"}],"wp:attachment":[{"href":"https:\/\/www.tts-freunde.de\/blog\/wp-json\/wp\/v2\/media?parent=2556"}],"wp:term":[{"taxonomy":"category","embeddable":true,"href":"https:\/\/www.tts-freunde.de\/blog\/wp-json\/wp\/v2\/categories?post=2556"},{"taxonomy":"post_tag","embeddable":true,"href":"https:\/\/www.tts-freunde.de\/blog\/wp-json\/wp\/v2\/tags?post=2556"}],"curies":[{"name":"wp","href":"https:\/\/api.w.org\/{rel}","templated":true}]}}