{"id":2799,"date":"2016-05-11T18:01:47","date_gmt":"2016-05-11T16:01:47","guid":{"rendered":"http:\/\/tts-freunde.de\/blog\/?p=2799"},"modified":"2016-05-11T17:28:19","modified_gmt":"2016-05-11T15:28:19","slug":"audi-setzt-weltweites-wachstum-im-april-fort","status":"publish","type":"post","link":"https:\/\/www.tts-freunde.de\/blog\/2016\/05\/11\/audi-setzt-weltweites-wachstum-im-april-fort\/","title":{"rendered":"Audi setzt weltweites Wachstum im April fort"},"content":{"rendered":"<div id=\"item-c814e146-7762-4b5c-88bc-ce8a4bd0245b\" class=\"page-item--column col-sm-4\">\n<div class=\"custom-padding\">\n<div class=\"page-row has-no-item-box\">\n<div id=\"item-514b4e44-13bc-4ed7-877e-971f13495c3b\" class=\"page-item--topic-list\">\n<div class=\"topic-list\">\n<ul>\n<li>Rund 164.350 Auslieferungen im Monat, plus 7,5 Prozent<\/li>\n<li>Vertriebs-Chef Dietmar Voggenreiter: \u201eLegen seit Jahresbeginn in Europa und USA st\u00e4rker zu als der Markt\u201c<\/li>\n<li>Hohe Nachfrage nach neuem Audi A4 und neuem Q7<\/li>\n<\/ul>\n<p><a href=\"http:\/\/tts-freunde.de\/blog\/wp-content\/uploads\/2016\/04\/A162861_large.jpg\"><img loading=\"lazy\" decoding=\"async\" data-attachment-id=\"2682\" data-permalink=\"https:\/\/www.tts-freunde.de\/blog\/2016\/04\/25\/staerker-denn-je-neues-audi-tt-rs-coupe-und-neuer-audi-tt-rs-roadster\/a162861_large\/\" data-orig-file=\"https:\/\/www.tts-freunde.de\/blog\/wp-content\/uploads\/2016\/04\/A162861_large.jpg\" data-orig-size=\"1920,1358\" data-comments-opened=\"0\" data-image-meta=\"{&quot;aperture&quot;:&quot;0&quot;,&quot;credit&quot;:&quot;&quot;,&quot;camera&quot;:&quot;&quot;,&quot;caption&quot;:&quot;&quot;,&quot;created_timestamp&quot;:&quot;0&quot;,&quot;copyright&quot;:&quot;AUDI AG&quot;,&quot;focal_length&quot;:&quot;0&quot;,&quot;iso&quot;:&quot;0&quot;,&quot;shutter_speed&quot;:&quot;0&quot;,&quot;title&quot;:&quot;&quot;,&quot;orientation&quot;:&quot;0&quot;}\" data-image-title=\"A162861_large\" data-image-description=\"\" data-image-caption=\"\" data-medium-file=\"https:\/\/www.tts-freunde.de\/blog\/wp-content\/uploads\/2016\/04\/A162861_large-300x212.jpg\" data-large-file=\"https:\/\/www.tts-freunde.de\/blog\/wp-content\/uploads\/2016\/04\/A162861_large-1024x724.jpg\" tabindex=\"0\" role=\"button\" class=\"alignleft size-full wp-image-2682\" src=\"http:\/\/tts-freunde.de\/blog\/wp-content\/uploads\/2016\/04\/A162861_large.jpg\" alt=\"A162861_large\" width=\"1920\" height=\"1358\" srcset=\"https:\/\/www.tts-freunde.de\/blog\/wp-content\/uploads\/2016\/04\/A162861_large.jpg 1920w, https:\/\/www.tts-freunde.de\/blog\/wp-content\/uploads\/2016\/04\/A162861_large-300x212.jpg 300w, https:\/\/www.tts-freunde.de\/blog\/wp-content\/uploads\/2016\/04\/A162861_large-768x543.jpg 768w, https:\/\/www.tts-freunde.de\/blog\/wp-content\/uploads\/2016\/04\/A162861_large-1024x724.jpg 1024w, https:\/\/www.tts-freunde.de\/blog\/wp-content\/uploads\/2016\/04\/A162861_large-140x100.jpg 140w, https:\/\/www.tts-freunde.de\/blog\/wp-content\/uploads\/2016\/04\/A162861_large-50x35.jpg 50w\" sizes=\"(max-width: 1920px) 100vw, 1920px\" \/><\/a><\/p>\n<div class=\"page-row has-no-item-box\">\n<div id=\"item-3353961e-16c8-44b2-a950-e3f2f27d12c7\" class=\"page-item--intro\">\n<div class=\"intro-text\">\n<p style=\"text-align: justify;\">Audi ist mit weiterem Wachstum in das zweite Quartal gestartet. Im April stiegen die weltweiten Auslieferungen im Vergleich zum Vorjahr um 7,5 Prozent auf rund 164.350 Automobile. Mit China (+9,4%) und Deutschland (+12,4%) legten die beiden gr\u00f6\u00dften M\u00e4rkte der Vier Ringe deutliche Zuw\u00e4chse vor. Global erh\u00f6hte sich der kumulierte Absatz seit Januar gegen\u00fcber dem Vergleichszeitraum 2015 um 4,9 Prozent auf rund 620.100 Einheiten. Damit entschieden sich erstmals in der Geschichte des Unternehmens bereits nach vier Monaten mehr als 600.000 Kunden f\u00fcr einen Audi.<\/p>\n<\/div>\n<\/div>\n<\/div>\n<div class=\"page-row has-no-item-box\">\n<div id=\"item-b98ed33f-7484-48b5-988c-ae6139fdf11b\" class=\"page-item--text\">\n<div class=\"style-links-for-body-text\">\n<p style=\"text-align: justify;\">\u201eDie Bilanz f\u00fcr den April zeigt, dass wir unsere Modelloffensive in immer mehr M\u00e4rkten erfolgreich starten\u201c, sagt Dietmar\u00a0Voggenreiter, Vorstand f\u00fcr Vertrieb und\u00a0Marketing der AUDI\u00a0AG. \u201eWir haben erneut in allen Kernregionen zugelegt und damit eine solide Balance in unserem Gesch\u00e4ft. In China ist der Trend positiv, in den USA und Europa w\u00e4chst Audi seit Jahresbeginn st\u00e4rker als der Markt.\u201c<\/p>\n<p style=\"text-align: justify;\">Im vergangenen Monat fuhren vor allem die beiden j\u00fcngsten Modellneuheiten ein hohes Absatzplus ein. Der <strong>neue\u00a0Q7<\/strong> beschleunigte um 67,5\u00a0Prozent auf rund\u00a08.400\u00a0Einheiten weltweit und f\u00fchrte die Erfolgsfahrt der SUV\u2011Flotte von Audi an. Insgesamt stieg im April die Nachfrage nach sportlichen Gel\u00e4ndewagen mit den Vier\u00a0Ringen um 17,2\u00a0Prozent auf rund\u00a052.150. Auch der <strong>neue\u00a0A4 <\/strong>setzte zuletzt seinen gelungenen Start fort: F\u00fcr die gesamte A4\u2011Familie zogen die Verk\u00e4ufe im Monat um 34,7\u00a0Prozent auf rund 32.100\u00a0Automobile an, noch vor dem Start des neuen Modells auf dem chinesischen Markt.<\/p>\n<p style=\"text-align: justify;\">In <strong>China<\/strong> wird der neue A4\u00a0L in der zweiten\u00a0Jahresh\u00e4lfte bei den H\u00e4ndlern eintreffen. Die eigens f\u00fcr chinesische Kunden entwickelte Version mit langem Radstand feierte Ende\u00a0April in Peking Messepremiere und soll an den Erfolg des Vorg\u00e4ngermodells ankn\u00fcpfen. Von ihm hat Audi in China bereits fast 700.000\u00a0Automobile \u00fcbergeben. Das aktuelle\u00a0Modellprogramm der Marke verzeichnete im April 49.576\u00a0Verk\u00e4ufe im Reich\u00a0der\u00a0Mitte und \u00fcbertraf den Vorjahresmonat um 9,4\u00a0Prozent. Deutlich voran ging es dabei f\u00fcr den Q3 (+25,6% auf 7.298\u00a0Autos), dessen j\u00fcngste Generation im vergangenen Monat in China in den Verkauf ging. Auch der A3 (+30,6% auf 7.398\u00a0Autos) steht bei chinesischen Kunden weiter hoch im Kurs.<\/p>\n<p style=\"text-align: justify;\">F\u00fcr die gesamte Region <strong>Asien\u2011Pazifik<\/strong> weist der erfolgreiche Monatsabschluss \u00fcber alle Modelle einen Anstieg um 9,8\u00a0Prozent auf rund\u00a057.300\u00a0Auslieferungen aus.<\/p>\n<p style=\"text-align: justify;\">In Europa erreichten neben <strong>Deutschland<\/strong> (+12,4% auf 28.844\u00a0Autos) auch wichtige s\u00fcdeurop\u00e4ische\u00a0M\u00e4rkte zweistellige\u00a0Zuw\u00e4chse zum Auftakt in das zweite\u00a0Quartal. 6.008\u00a0Verk\u00e4ufe in <strong>Italien<\/strong> stehen f\u00fcr eine Steigerung um 15,0\u00a0Prozent gegen\u00fcber dem April\u00a02015. <strong>Spanien<\/strong> meldete f\u00fcr den Monat 4.827 an Kunden \u00fcbergebene Automobile, ein Plus von 17,6\u00a0Prozent. Mit einer positiven Entwicklung auch in Mittel- und Osteuropa schrieb die Marke mit den Vier\u00a0Ringen im April ihren Wachstumskurs in der gesamten Region\u00a0<strong>Europa<\/strong> fort: plus 9,0\u00a0Prozent auf rund\u00a078.250\u00a0Auslieferungen.<\/p>\n<p style=\"text-align: justify;\">In den <strong>USA<\/strong> st\u00e4rken allen voran die beliebten SUV der Marke das Gesch\u00e4ft von Audi\u00a0of\u00a0America. Befeuert vom neuen\u00a0Q7 legte im April der SUV\u2011Absatz auf dem US\u2011Markt um 25,6\u00a0Prozent auf 8.098\u00a0Einheiten zu. \u00dcber alle Modelle hinweg steigerte Audi seine Verk\u00e4ufe in den Vereinigten\u00a0Staaten um 5,8\u00a0Prozent auf 17.801\u00a0Automobile. Bei einer zuletzt deutlich gebremsten Dynamik im US\u2011Premiummarkt kn\u00fcpfte das Unternehmen damit an sein Wachstumstempo der Vormonate an. In <strong>Nordamerika<\/strong> insgesamt beliefen sich die April\u2011Auslieferungen f\u00fcr Audi auf rund\u00a022.400\u00a0Einheiten, 6,6\u00a0Prozent mehr als vor Jahresfrist. Besonders z\u00fcgig voran ging es f\u00fcr Audi j\u00fcngst in <strong>Mexiko<\/strong> (+29,9% auf 1.243\u00a0Autos), wo der k\u00fcrzlich in den Markt gestartete neue\u00a0A4 f\u00fcr zus\u00e4tzlichen Andrang bei den H\u00e4ndlern sorgte.<\/p>\n<\/div>\n<\/div>\n<\/div>\n<\/div>\n<\/div>\n<\/div>\n<\/div>\n<\/div>\n","protected":false},"excerpt":{"rendered":"<p>Rund 164.350 Auslieferungen im Monat, plus 7,5 Prozent Vertriebs-Chef Dietmar Voggenreiter: \u201eLegen seit Jahresbeginn in Europa und USA st\u00e4rker zu als der Markt\u201c Hohe Nachfrage nach neuem Audi A4 und neuem Q7 Audi ist mit weiterem Wachstum in das zweite Quartal gestartet. Im April stiegen die weltweiten Auslieferungen im Vergleich [&hellip;]<\/p>\n","protected":false},"author":1,"featured_media":2682,"comment_status":"closed","ping_status":"open","sticky":false,"template":"","format":"standard","meta":{"jetpack_post_was_ever_published":false,"_jetpack_newsletter_access":"","_jetpack_dont_email_post_to_subs":false,"_jetpack_newsletter_tier_id":0,"_jetpack_memberships_contains_paywalled_content":false,"_jetpack_memberships_contains_paid_content":false,"footnotes":"","jetpack_publicize_message":"#Audi setzt weltweites Wachstum im April fort","jetpack_publicize_feature_enabled":true,"jetpack_social_post_already_shared":true,"jetpack_social_options":{"image_generator_settings":{"template":"highway","enabled":false},"version":2}},"categories":[16],"tags":[],"class_list":["post-2799","post","type-post","status-publish","format-standard","has-post-thumbnail","hentry","category-audi-ag"],"wppr_data":[],"jetpack_publicize_connections":[],"yoast_head":"<!-- This site is optimized with the Yoast SEO plugin v23.3 - https:\/\/yoast.com\/wordpress\/plugins\/seo\/ -->\n<title>Audi setzt weltweites Wachstum im April fort - Audi Blog<\/title>\n<meta name=\"robots\" content=\"index, follow, max-snippet:-1, max-image-preview:large, max-video-preview:-1\" \/>\n<link rel=\"canonical\" href=\"https:\/\/www.tts-freunde.de\/blog\/2016\/05\/11\/audi-setzt-weltweites-wachstum-im-april-fort\/\" \/>\n<meta property=\"og:locale\" content=\"de_DE\" \/>\n<meta property=\"og:type\" content=\"article\" \/>\n<meta property=\"og:title\" content=\"Audi setzt weltweites Wachstum im April fort - Audi Blog\" \/>\n<meta property=\"og:description\" content=\"Rund 164.350 Auslieferungen im Monat, plus 7,5 Prozent Vertriebs-Chef Dietmar Voggenreiter: \u201eLegen seit Jahresbeginn in Europa und USA st\u00e4rker zu als der Markt\u201c Hohe Nachfrage nach neuem Audi A4 und neuem Q7 Audi ist mit weiterem Wachstum in das zweite Quartal gestartet. Im April stiegen die weltweiten Auslieferungen im Vergleich [&hellip;]\" \/>\n<meta property=\"og:url\" content=\"https:\/\/www.tts-freunde.de\/blog\/2016\/05\/11\/audi-setzt-weltweites-wachstum-im-april-fort\/\" \/>\n<meta property=\"og:site_name\" content=\"Audi Blog\" \/>\n<meta property=\"article:published_time\" content=\"2016-05-11T16:01:47+00:00\" \/>\n<meta property=\"article:modified_time\" content=\"2016-05-11T15:28:19+00:00\" \/>\n<meta property=\"og:image\" content=\"https:\/\/www.tts-freunde.de\/blog\/wp-content\/uploads\/2016\/04\/A162861_large.jpg\" \/>\n\t<meta property=\"og:image:width\" content=\"1920\" \/>\n\t<meta property=\"og:image:height\" content=\"1358\" \/>\n\t<meta property=\"og:image:type\" content=\"image\/jpeg\" \/>\n<meta name=\"author\" content=\"admin\" \/>\n<meta name=\"twitter:card\" content=\"summary_large_image\" \/>\n<meta name=\"twitter:label1\" content=\"Verfasst von\" \/>\n\t<meta name=\"twitter:data1\" content=\"admin\" \/>\n\t<meta name=\"twitter:label2\" content=\"Gesch\u00e4tzte Lesezeit\" \/>\n\t<meta name=\"twitter:data2\" content=\"3\u00a0Minuten\" \/>\n<script type=\"application\/ld+json\" class=\"yoast-schema-graph\">{\"@context\":\"https:\/\/schema.org\",\"@graph\":[{\"@type\":\"Article\",\"@id\":\"https:\/\/www.tts-freunde.de\/blog\/2016\/05\/11\/audi-setzt-weltweites-wachstum-im-april-fort\/#article\",\"isPartOf\":{\"@id\":\"https:\/\/www.tts-freunde.de\/blog\/2016\/05\/11\/audi-setzt-weltweites-wachstum-im-april-fort\/\"},\"author\":{\"name\":\"admin\",\"@id\":\"https:\/\/www.tts-freunde.de\/blog\/#\/schema\/person\/b67f6a54e98f013bd281dbe05514b701\"},\"headline\":\"Audi setzt weltweites Wachstum im April fort\",\"datePublished\":\"2016-05-11T16:01:47+00:00\",\"dateModified\":\"2016-05-11T15:28:19+00:00\",\"mainEntityOfPage\":{\"@id\":\"https:\/\/www.tts-freunde.de\/blog\/2016\/05\/11\/audi-setzt-weltweites-wachstum-im-april-fort\/\"},\"wordCount\":624,\"publisher\":{\"@id\":\"https:\/\/www.tts-freunde.de\/blog\/#organization\"},\"image\":{\"@id\":\"https:\/\/www.tts-freunde.de\/blog\/2016\/05\/11\/audi-setzt-weltweites-wachstum-im-april-fort\/#primaryimage\"},\"thumbnailUrl\":\"https:\/\/www.tts-freunde.de\/blog\/wp-content\/uploads\/2016\/04\/A162861_large.jpg\",\"articleSection\":[\"Audi AG\"],\"inLanguage\":\"de\"},{\"@type\":\"WebPage\",\"@id\":\"https:\/\/www.tts-freunde.de\/blog\/2016\/05\/11\/audi-setzt-weltweites-wachstum-im-april-fort\/\",\"url\":\"https:\/\/www.tts-freunde.de\/blog\/2016\/05\/11\/audi-setzt-weltweites-wachstum-im-april-fort\/\",\"name\":\"Audi setzt weltweites Wachstum im April fort - Audi Blog\",\"isPartOf\":{\"@id\":\"https:\/\/www.tts-freunde.de\/blog\/#website\"},\"primaryImageOfPage\":{\"@id\":\"https:\/\/www.tts-freunde.de\/blog\/2016\/05\/11\/audi-setzt-weltweites-wachstum-im-april-fort\/#primaryimage\"},\"image\":{\"@id\":\"https:\/\/www.tts-freunde.de\/blog\/2016\/05\/11\/audi-setzt-weltweites-wachstum-im-april-fort\/#primaryimage\"},\"thumbnailUrl\":\"https:\/\/www.tts-freunde.de\/blog\/wp-content\/uploads\/2016\/04\/A162861_large.jpg\",\"datePublished\":\"2016-05-11T16:01:47+00:00\",\"dateModified\":\"2016-05-11T15:28:19+00:00\",\"breadcrumb\":{\"@id\":\"https:\/\/www.tts-freunde.de\/blog\/2016\/05\/11\/audi-setzt-weltweites-wachstum-im-april-fort\/#breadcrumb\"},\"inLanguage\":\"de\",\"potentialAction\":[{\"@type\":\"ReadAction\",\"target\":[\"https:\/\/www.tts-freunde.de\/blog\/2016\/05\/11\/audi-setzt-weltweites-wachstum-im-april-fort\/\"]}]},{\"@type\":\"ImageObject\",\"inLanguage\":\"de\",\"@id\":\"https:\/\/www.tts-freunde.de\/blog\/2016\/05\/11\/audi-setzt-weltweites-wachstum-im-april-fort\/#primaryimage\",\"url\":\"https:\/\/www.tts-freunde.de\/blog\/wp-content\/uploads\/2016\/04\/A162861_large.jpg\",\"contentUrl\":\"https:\/\/www.tts-freunde.de\/blog\/wp-content\/uploads\/2016\/04\/A162861_large.jpg\",\"width\":1920,\"height\":1358},{\"@type\":\"BreadcrumbList\",\"@id\":\"https:\/\/www.tts-freunde.de\/blog\/2016\/05\/11\/audi-setzt-weltweites-wachstum-im-april-fort\/#breadcrumb\",\"itemListElement\":[{\"@type\":\"ListItem\",\"position\":1,\"name\":\"Home\",\"item\":\"https:\/\/www.tts-freunde.de\/blog\/\"},{\"@type\":\"ListItem\",\"position\":2,\"name\":\"Audi setzt weltweites Wachstum im April fort\"}]},{\"@type\":\"WebSite\",\"@id\":\"https:\/\/www.tts-freunde.de\/blog\/#website\",\"url\":\"https:\/\/www.tts-freunde.de\/blog\/\",\"name\":\"Audi Blog\",\"description\":\"Deutscher Audi Blog - TTS-Freunde\",\"publisher\":{\"@id\":\"https:\/\/www.tts-freunde.de\/blog\/#organization\"},\"potentialAction\":[{\"@type\":\"SearchAction\",\"target\":{\"@type\":\"EntryPoint\",\"urlTemplate\":\"https:\/\/www.tts-freunde.de\/blog\/?s={search_term_string}\"},\"query-input\":\"required name=search_term_string\"}],\"inLanguage\":\"de\"},{\"@type\":\"Organization\",\"@id\":\"https:\/\/www.tts-freunde.de\/blog\/#organization\",\"name\":\"Audi Blog\",\"url\":\"https:\/\/www.tts-freunde.de\/blog\/\",\"logo\":{\"@type\":\"ImageObject\",\"inLanguage\":\"de\",\"@id\":\"https:\/\/www.tts-freunde.de\/blog\/#\/schema\/logo\/image\/\",\"url\":\"https:\/\/www.tts-freunde.de\/blog\/wp-content\/uploads\/2022\/12\/logo_2022.jpg\",\"contentUrl\":\"https:\/\/www.tts-freunde.de\/blog\/wp-content\/uploads\/2022\/12\/logo_2022.jpg\",\"width\":240,\"height\":41,\"caption\":\"Audi Blog\"},\"image\":{\"@id\":\"https:\/\/www.tts-freunde.de\/blog\/#\/schema\/logo\/image\/\"}},{\"@type\":\"Person\",\"@id\":\"https:\/\/www.tts-freunde.de\/blog\/#\/schema\/person\/b67f6a54e98f013bd281dbe05514b701\",\"name\":\"admin\",\"image\":{\"@type\":\"ImageObject\",\"inLanguage\":\"de\",\"@id\":\"https:\/\/www.tts-freunde.de\/blog\/#\/schema\/person\/image\/\",\"url\":\"https:\/\/secure.gravatar.com\/avatar\/08a4bd330e25056ddb430c28136b38a6?s=96&d=mm&r=g\",\"contentUrl\":\"https:\/\/secure.gravatar.com\/avatar\/08a4bd330e25056ddb430c28136b38a6?s=96&d=mm&r=g\",\"caption\":\"admin\"},\"sameAs\":[\"http:\/\/www.tts-freunde.de\"],\"url\":\"https:\/\/www.tts-freunde.de\/blog\/author\/admin\/\"}]}<\/script>\n<!-- \/ Yoast SEO plugin. -->","yoast_head_json":{"title":"Audi setzt weltweites Wachstum im April fort - Audi Blog","robots":{"index":"index","follow":"follow","max-snippet":"max-snippet:-1","max-image-preview":"max-image-preview:large","max-video-preview":"max-video-preview:-1"},"canonical":"https:\/\/www.tts-freunde.de\/blog\/2016\/05\/11\/audi-setzt-weltweites-wachstum-im-april-fort\/","og_locale":"de_DE","og_type":"article","og_title":"Audi setzt weltweites Wachstum im April fort - Audi Blog","og_description":"Rund 164.350 Auslieferungen im Monat, plus 7,5 Prozent Vertriebs-Chef Dietmar Voggenreiter: \u201eLegen seit Jahresbeginn in Europa und USA st\u00e4rker zu als der Markt\u201c Hohe Nachfrage nach neuem Audi A4 und neuem Q7 Audi ist mit weiterem Wachstum in das zweite Quartal gestartet. Im April stiegen die weltweiten Auslieferungen im Vergleich [&hellip;]","og_url":"https:\/\/www.tts-freunde.de\/blog\/2016\/05\/11\/audi-setzt-weltweites-wachstum-im-april-fort\/","og_site_name":"Audi Blog","article_published_time":"2016-05-11T16:01:47+00:00","article_modified_time":"2016-05-11T15:28:19+00:00","og_image":[{"width":1920,"height":1358,"url":"https:\/\/www.tts-freunde.de\/blog\/wp-content\/uploads\/2016\/04\/A162861_large.jpg","type":"image\/jpeg"}],"author":"admin","twitter_card":"summary_large_image","twitter_misc":{"Verfasst von":"admin","Gesch\u00e4tzte Lesezeit":"3\u00a0Minuten"},"schema":{"@context":"https:\/\/schema.org","@graph":[{"@type":"Article","@id":"https:\/\/www.tts-freunde.de\/blog\/2016\/05\/11\/audi-setzt-weltweites-wachstum-im-april-fort\/#article","isPartOf":{"@id":"https:\/\/www.tts-freunde.de\/blog\/2016\/05\/11\/audi-setzt-weltweites-wachstum-im-april-fort\/"},"author":{"name":"admin","@id":"https:\/\/www.tts-freunde.de\/blog\/#\/schema\/person\/b67f6a54e98f013bd281dbe05514b701"},"headline":"Audi setzt weltweites Wachstum im April fort","datePublished":"2016-05-11T16:01:47+00:00","dateModified":"2016-05-11T15:28:19+00:00","mainEntityOfPage":{"@id":"https:\/\/www.tts-freunde.de\/blog\/2016\/05\/11\/audi-setzt-weltweites-wachstum-im-april-fort\/"},"wordCount":624,"publisher":{"@id":"https:\/\/www.tts-freunde.de\/blog\/#organization"},"image":{"@id":"https:\/\/www.tts-freunde.de\/blog\/2016\/05\/11\/audi-setzt-weltweites-wachstum-im-april-fort\/#primaryimage"},"thumbnailUrl":"https:\/\/www.tts-freunde.de\/blog\/wp-content\/uploads\/2016\/04\/A162861_large.jpg","articleSection":["Audi AG"],"inLanguage":"de"},{"@type":"WebPage","@id":"https:\/\/www.tts-freunde.de\/blog\/2016\/05\/11\/audi-setzt-weltweites-wachstum-im-april-fort\/","url":"https:\/\/www.tts-freunde.de\/blog\/2016\/05\/11\/audi-setzt-weltweites-wachstum-im-april-fort\/","name":"Audi setzt weltweites Wachstum im April fort - Audi Blog","isPartOf":{"@id":"https:\/\/www.tts-freunde.de\/blog\/#website"},"primaryImageOfPage":{"@id":"https:\/\/www.tts-freunde.de\/blog\/2016\/05\/11\/audi-setzt-weltweites-wachstum-im-april-fort\/#primaryimage"},"image":{"@id":"https:\/\/www.tts-freunde.de\/blog\/2016\/05\/11\/audi-setzt-weltweites-wachstum-im-april-fort\/#primaryimage"},"thumbnailUrl":"https:\/\/www.tts-freunde.de\/blog\/wp-content\/uploads\/2016\/04\/A162861_large.jpg","datePublished":"2016-05-11T16:01:47+00:00","dateModified":"2016-05-11T15:28:19+00:00","breadcrumb":{"@id":"https:\/\/www.tts-freunde.de\/blog\/2016\/05\/11\/audi-setzt-weltweites-wachstum-im-april-fort\/#breadcrumb"},"inLanguage":"de","potentialAction":[{"@type":"ReadAction","target":["https:\/\/www.tts-freunde.de\/blog\/2016\/05\/11\/audi-setzt-weltweites-wachstum-im-april-fort\/"]}]},{"@type":"ImageObject","inLanguage":"de","@id":"https:\/\/www.tts-freunde.de\/blog\/2016\/05\/11\/audi-setzt-weltweites-wachstum-im-april-fort\/#primaryimage","url":"https:\/\/www.tts-freunde.de\/blog\/wp-content\/uploads\/2016\/04\/A162861_large.jpg","contentUrl":"https:\/\/www.tts-freunde.de\/blog\/wp-content\/uploads\/2016\/04\/A162861_large.jpg","width":1920,"height":1358},{"@type":"BreadcrumbList","@id":"https:\/\/www.tts-freunde.de\/blog\/2016\/05\/11\/audi-setzt-weltweites-wachstum-im-april-fort\/#breadcrumb","itemListElement":[{"@type":"ListItem","position":1,"name":"Home","item":"https:\/\/www.tts-freunde.de\/blog\/"},{"@type":"ListItem","position":2,"name":"Audi setzt weltweites Wachstum im April fort"}]},{"@type":"WebSite","@id":"https:\/\/www.tts-freunde.de\/blog\/#website","url":"https:\/\/www.tts-freunde.de\/blog\/","name":"Audi Blog","description":"Deutscher Audi Blog - TTS-Freunde","publisher":{"@id":"https:\/\/www.tts-freunde.de\/blog\/#organization"},"potentialAction":[{"@type":"SearchAction","target":{"@type":"EntryPoint","urlTemplate":"https:\/\/www.tts-freunde.de\/blog\/?s={search_term_string}"},"query-input":"required name=search_term_string"}],"inLanguage":"de"},{"@type":"Organization","@id":"https:\/\/www.tts-freunde.de\/blog\/#organization","name":"Audi Blog","url":"https:\/\/www.tts-freunde.de\/blog\/","logo":{"@type":"ImageObject","inLanguage":"de","@id":"https:\/\/www.tts-freunde.de\/blog\/#\/schema\/logo\/image\/","url":"https:\/\/www.tts-freunde.de\/blog\/wp-content\/uploads\/2022\/12\/logo_2022.jpg","contentUrl":"https:\/\/www.tts-freunde.de\/blog\/wp-content\/uploads\/2022\/12\/logo_2022.jpg","width":240,"height":41,"caption":"Audi Blog"},"image":{"@id":"https:\/\/www.tts-freunde.de\/blog\/#\/schema\/logo\/image\/"}},{"@type":"Person","@id":"https:\/\/www.tts-freunde.de\/blog\/#\/schema\/person\/b67f6a54e98f013bd281dbe05514b701","name":"admin","image":{"@type":"ImageObject","inLanguage":"de","@id":"https:\/\/www.tts-freunde.de\/blog\/#\/schema\/person\/image\/","url":"https:\/\/secure.gravatar.com\/avatar\/08a4bd330e25056ddb430c28136b38a6?s=96&d=mm&r=g","contentUrl":"https:\/\/secure.gravatar.com\/avatar\/08a4bd330e25056ddb430c28136b38a6?s=96&d=mm&r=g","caption":"admin"},"sameAs":["http:\/\/www.tts-freunde.de"],"url":"https:\/\/www.tts-freunde.de\/blog\/author\/admin\/"}]}},"jetpack_sharing_enabled":true,"jetpack_featured_media_url":"https:\/\/www.tts-freunde.de\/blog\/wp-content\/uploads\/2016\/04\/A162861_large.jpg","jetpack_shortlink":"https:\/\/wp.me\/p67hWW-J9","jetpack_likes_enabled":false,"jetpack-related-posts":[],"_links":{"self":[{"href":"https:\/\/www.tts-freunde.de\/blog\/wp-json\/wp\/v2\/posts\/2799"}],"collection":[{"href":"https:\/\/www.tts-freunde.de\/blog\/wp-json\/wp\/v2\/posts"}],"about":[{"href":"https:\/\/www.tts-freunde.de\/blog\/wp-json\/wp\/v2\/types\/post"}],"author":[{"embeddable":true,"href":"https:\/\/www.tts-freunde.de\/blog\/wp-json\/wp\/v2\/users\/1"}],"replies":[{"embeddable":true,"href":"https:\/\/www.tts-freunde.de\/blog\/wp-json\/wp\/v2\/comments?post=2799"}],"version-history":[{"count":1,"href":"https:\/\/www.tts-freunde.de\/blog\/wp-json\/wp\/v2\/posts\/2799\/revisions"}],"predecessor-version":[{"id":2800,"href":"https:\/\/www.tts-freunde.de\/blog\/wp-json\/wp\/v2\/posts\/2799\/revisions\/2800"}],"wp:featuredmedia":[{"embeddable":true,"href":"https:\/\/www.tts-freunde.de\/blog\/wp-json\/wp\/v2\/media\/2682"}],"wp:attachment":[{"href":"https:\/\/www.tts-freunde.de\/blog\/wp-json\/wp\/v2\/media?parent=2799"}],"wp:term":[{"taxonomy":"category","embeddable":true,"href":"https:\/\/www.tts-freunde.de\/blog\/wp-json\/wp\/v2\/categories?post=2799"},{"taxonomy":"post_tag","embeddable":true,"href":"https:\/\/www.tts-freunde.de\/blog\/wp-json\/wp\/v2\/tags?post=2799"}],"curies":[{"name":"wp","href":"https:\/\/api.w.org\/{rel}","templated":true}]}}