{"id":2958,"date":"2016-06-06T08:29:32","date_gmt":"2016-06-06T06:29:32","guid":{"rendered":"http:\/\/tts-freunde.de\/blog\/?p=2958"},"modified":"2016-06-06T08:29:32","modified_gmt":"2016-06-06T06:29:32","slug":"%e2%80%8bekstroem-glaenzt-erneut-mit-aufholjagd","status":"publish","type":"post","link":"https:\/\/www.tts-freunde.de\/blog\/2016\/06\/06\/%e2%80%8bekstroem-glaenzt-erneut-mit-aufholjagd\/","title":{"rendered":"\u200bEkstr\u00f6m gl\u00e4nzt erneut mit Aufholjagd"},"content":{"rendered":"<div id=\"item-bbdde50e-52fa-4998-9a3b-22c5306edf34\" class=\"page-item--column col-sm-4\">\n<div class=\"custom-padding\">\n<div class=\"page-row has-no-item-box\">\n<div id=\"item-ccb520ea-4112-46a0-b4d8-43b439576573\" class=\"page-item--topic-list\">\n<div class=\"topic-list\">\n<ul>\n<li>Von Startplatz neun auf zwei im Sonntagsrennen in der Lausitz<\/li>\n<li>Schwede nun bester Audi-Pilot in der Fahrerwertung<\/li>\n<li>67.500 Zuschauer erleben gelungenes Motorsport-Festival<\/li>\n<\/ul>\n<p><img loading=\"lazy\" decoding=\"async\" data-attachment-id=\"2959\" data-permalink=\"https:\/\/www.tts-freunde.de\/blog\/2016\/06\/06\/%e2%80%8bekstroem-glaenzt-erneut-mit-aufholjagd\/mattias-ekstroem-3\/\" data-orig-file=\"https:\/\/www.tts-freunde.de\/blog\/wp-content\/uploads\/2016\/06\/Mattias-Ekstr\u00f6m.jpg\" data-orig-size=\"1160,820\" data-comments-opened=\"0\" data-image-meta=\"{&quot;aperture&quot;:&quot;0&quot;,&quot;credit&quot;:&quot;&quot;,&quot;camera&quot;:&quot;&quot;,&quot;caption&quot;:&quot;&quot;,&quot;created_timestamp&quot;:&quot;0&quot;,&quot;copyright&quot;:&quot;&quot;,&quot;focal_length&quot;:&quot;0&quot;,&quot;iso&quot;:&quot;0&quot;,&quot;shutter_speed&quot;:&quot;0&quot;,&quot;title&quot;:&quot;&quot;,&quot;orientation&quot;:&quot;0&quot;}\" data-image-title=\"Mattias Ekstr\u00f6m\" data-image-description=\"\" data-image-caption=\"\" data-medium-file=\"https:\/\/www.tts-freunde.de\/blog\/wp-content\/uploads\/2016\/06\/Mattias-Ekstr\u00f6m-300x212.jpg\" data-large-file=\"https:\/\/www.tts-freunde.de\/blog\/wp-content\/uploads\/2016\/06\/Mattias-Ekstr\u00f6m-1024x724.jpg\" tabindex=\"0\" role=\"button\" class=\"alignleft size-full wp-image-2959\" src=\"http:\/\/tts-freunde.de\/blog\/wp-content\/uploads\/2016\/06\/Mattias-Ekstr\u00f6m.jpg\" alt=\"Mattias Ekstr\u00f6m\" width=\"1160\" height=\"820\" srcset=\"https:\/\/www.tts-freunde.de\/blog\/wp-content\/uploads\/2016\/06\/Mattias-Ekstr\u00f6m.jpg 1160w, https:\/\/www.tts-freunde.de\/blog\/wp-content\/uploads\/2016\/06\/Mattias-Ekstr\u00f6m-300x212.jpg 300w, https:\/\/www.tts-freunde.de\/blog\/wp-content\/uploads\/2016\/06\/Mattias-Ekstr\u00f6m-768x543.jpg 768w, https:\/\/www.tts-freunde.de\/blog\/wp-content\/uploads\/2016\/06\/Mattias-Ekstr\u00f6m-1024x724.jpg 1024w, https:\/\/www.tts-freunde.de\/blog\/wp-content\/uploads\/2016\/06\/Mattias-Ekstr\u00f6m-140x100.jpg 140w, https:\/\/www.tts-freunde.de\/blog\/wp-content\/uploads\/2016\/06\/Mattias-Ekstr\u00f6m-50x35.jpg 50w\" sizes=\"(max-width: 1160px) 100vw, 1160px\" \/><\/p>\n<div class=\"page-row has-no-item-box\">\n<div id=\"item-910dd354-2e7a-4ad2-9862-cdfc70c6f976\" class=\"page-item--intro\">\n<div class=\"intro-text\">\n<p style=\"text-align: justify;\">Nur 14 Tage nach seinem Husarenst\u00fcck in Spielberg hat Mattias Ekstr\u00f6m die DTM-Fans erneut mit einer fantastischen Aufholjagd begeistert: Im Sonntagsrennen auf dem Lausitzring k\u00e4mpfte sich der Schwede aus dem Audi Sport Team Abt Sportsline von Startposition neun auf Platz zwei nach vorn und meldete sich vor dem Norisring-Rennen am 25.\/26. Juni als punktbester Audi-Pilot zur\u00fcck im Titelkampf.<\/p>\n<\/div>\n<\/div>\n<\/div>\n<div class=\"page-row has-no-item-box\">\n<div id=\"item-26b46022-cb14-41d9-b6c2-a445f9f43483\" class=\"page-item--text\">\n<div class=\"style-links-for-body-text\">\n<p style=\"text-align: justify;\">Beim erfolgreichen ersten Motorsport-Festival auf dem Lausitzring blieb Ekstr\u00f6m vor einer traumhaften Kulisse von 67.500 Zuschauern seinem Motto \u201eGo hard or go home\u201c treu. Mit seinem Red Bull Audi RS 5 DTM machte Ekstr\u00f6m gleich zu Beginn zwei Pl\u00e4tze gut, setzte sich sp\u00e4ter in einem markeninternen Duell gegen Jamie Green (Hoffmann Group Audi RS 5 DTM\/Audi Sport Team Rosberg) durch und z\u00f6gerte genau wie in Spielberg seinen Reifenwechsel so lange wie m\u00f6glich hinaus. Erst in der 31. von 46 Runden kam Ekstr\u00f6m an die Box und konnte mit den frischeren Reifen kurz vor Rennende den Kanadier Robert Wickens im Mercedes-Benz von Platz zwei verdr\u00e4ngen.<\/p>\n<p style=\"text-align: justify;\">\u201eSo macht Racing Spa\u00df\u201c, freute sich Ekstr\u00f6m nach der Zieldurchfahrt. \u201eMein Auto war schon im Qualifying gut, trotzdem hat es nur zu Startplatz neun gereicht. Aber beim l\u00e4ngeren Rennen am Sonntag kann man mit Erfahrung, Strategie sowie dem n\u00f6tigen Speed noch eine ganze Menge erreichen. Das war heute der Fall.\u201c<\/p>\n<p style=\"text-align: justify;\">Auch Jamie Green zeigte erneut eine starke Leistung: Der Brite gewann ein spannendes Duell gegen seinen Landsmann Gary Paffett im Mercedes-Benz und verpasste das Podium als Vierter am Ende nur um 0,348 Sekunden. Der Audi-Pilot erzielte mit 1.17,840 Minuten einen neuen Streckenrekord.<\/p>\n<p style=\"text-align: justify;\">Nico M\u00fcller sorgte im Playboy Audi RS 5 DTM auf Platz acht daf\u00fcr, dass am Sonntag drei Audi-Piloten Punkte holten und Audi auf dem Lausitzring in der Herstellerwertung insgesamt 65 Punkte auf BMW gutmachte. In der Fahrerwertung liegen mit Ekstr\u00f6m (46 Punkte), Green (45 Punkte) und Edoardo Mortara (44 Punkte) nun drei Audi-Piloten unter den besten f\u00fcnf der Tabelle.<\/p>\n<div class=\"page-row has-no-item-box\">\n<div id=\"item-ed28a418-b3df-4865-b452-5deccfc9497b\" class=\"page-item--text\">\n<div class=\"style-links-for-body-text\">\n<p style=\"text-align: justify;\">Mortara zeigte von Startplatz 22 kommend ebenfalls eine Aufholjagd, bei der er nicht weniger als zehn Positionen gutmachte. Bei seinem Boxenstopp in Runde 32 kam es zu einem Zwischenfall, bei dem ein Mechaniker des Audi Sport Team Abt Sportsline verletzt wurde und zur weiteren Untersuchung in ein naheliegendes Krankenhaus transportiert wurde. Dort wurde ein Bruch am rechten Fu\u00df diagnostiziert.<\/p>\n<div id=\"attachment_2758\" style=\"width: 1170px\" class=\"wp-caption alignleft\"><img loading=\"lazy\" decoding=\"async\" aria-describedby=\"caption-attachment-2758\" data-attachment-id=\"2758\" data-permalink=\"https:\/\/www.tts-freunde.de\/blog\/2016\/05\/06\/audi-sport-teams-bereit-fuer-dtm-start\/playboy-audi-rs-5-dtm\/\" data-orig-file=\"https:\/\/www.tts-freunde.de\/blog\/wp-content\/uploads\/2016\/05\/Playboy-Audi-RS-5-DTM.jpg\" data-orig-size=\"1160,820\" data-comments-opened=\"0\" data-image-meta=\"{&quot;aperture&quot;:&quot;0&quot;,&quot;credit&quot;:&quot;&quot;,&quot;camera&quot;:&quot;&quot;,&quot;caption&quot;:&quot;&quot;,&quot;created_timestamp&quot;:&quot;0&quot;,&quot;copyright&quot;:&quot;&quot;,&quot;focal_length&quot;:&quot;0&quot;,&quot;iso&quot;:&quot;0&quot;,&quot;shutter_speed&quot;:&quot;0&quot;,&quot;title&quot;:&quot;&quot;,&quot;orientation&quot;:&quot;0&quot;}\" data-image-title=\"Playboy Audi RS 5 DTM\" data-image-description=\"&lt;p&gt;Playboy Audi RS 5 DTM&lt;\/p&gt;\n\" data-image-caption=\"&lt;p&gt;Playboy Audi RS 5 DTM&lt;\/p&gt;\n\" data-medium-file=\"https:\/\/www.tts-freunde.de\/blog\/wp-content\/uploads\/2016\/05\/Playboy-Audi-RS-5-DTM-300x212.jpg\" data-large-file=\"https:\/\/www.tts-freunde.de\/blog\/wp-content\/uploads\/2016\/05\/Playboy-Audi-RS-5-DTM-1024x724.jpg\" tabindex=\"0\" role=\"button\" class=\"size-full wp-image-2758\" src=\"http:\/\/tts-freunde.de\/blog\/wp-content\/uploads\/2016\/05\/Playboy-Audi-RS-5-DTM.jpg\" alt=\"Playboy Audi RS 5 DTM\" width=\"1160\" height=\"820\" srcset=\"https:\/\/www.tts-freunde.de\/blog\/wp-content\/uploads\/2016\/05\/Playboy-Audi-RS-5-DTM.jpg 1160w, https:\/\/www.tts-freunde.de\/blog\/wp-content\/uploads\/2016\/05\/Playboy-Audi-RS-5-DTM-300x212.jpg 300w, https:\/\/www.tts-freunde.de\/blog\/wp-content\/uploads\/2016\/05\/Playboy-Audi-RS-5-DTM-768x543.jpg 768w, https:\/\/www.tts-freunde.de\/blog\/wp-content\/uploads\/2016\/05\/Playboy-Audi-RS-5-DTM-1024x724.jpg 1024w, https:\/\/www.tts-freunde.de\/blog\/wp-content\/uploads\/2016\/05\/Playboy-Audi-RS-5-DTM-140x100.jpg 140w, https:\/\/www.tts-freunde.de\/blog\/wp-content\/uploads\/2016\/05\/Playboy-Audi-RS-5-DTM-50x35.jpg 50w\" sizes=\"(max-width: 1160px) 100vw, 1160px\" \/><p id=\"caption-attachment-2758\" class=\"wp-caption-text\">Playboy Audi RS 5 DTM<\/p><\/div>\n<p style=\"text-align: justify;\">Timo Scheider (AUTO BILD MOTORSPORT Audi RS 5 DTM) und Mike Rockenfeller (Schaeffler Audi RS 5 DTM\/beide Audi Sport Team Phoenix) belegten die Pl\u00e4tze 16 und 17. Rockenfeller war als bester Audi-Pilot aus der zweiten Reihe ins Rennen gegangen. Weil sein Auto aber schon vor dem Start kurz anrollte, wurde gegen ihn eine Durchfahrtstrafe verh\u00e4ngt.<\/p>\n<p style=\"text-align: justify;\">Auch Samstagssieger Miguel Molina musste mit seinem Teufel Audi RS 5 DTM einmal durch die Boxengasse fahren, nachdem er zuvor beim Anbremsen von Turn 1 mit dem BMW von Augusto Farfus kollidiert war. Der Katalane kam als 19. einen Platz vor Adrien Tambay (Speedweek.com Audi RS 5 DTM) ins Ziel.<\/p>\n<p style=\"text-align: justify;\">\u201eMattias (Ekstr\u00f6m) und Jamie (Green) haben heute wieder ganz starke Leistungen gezeigt\u201c, so Dieter Gass, Leiter DTM bei Audi Sport. \u201eMit dem Doppelsieg gestern und dem zweiten Platz heute k\u00f6nnen wir mit diesem Wochenende sehr zufrieden sein. Wir haben gesehen, dass die Performance des Audi RS 5 DTM stimmt. Der Zwischenfall in der Box war nat\u00fcrlich sehr ungl\u00fccklich. Wir w\u00fcnschen dem betroffenen Mechaniker eine ganz schnelle Genesung.\u201c<\/p>\n<\/div>\n<\/div>\n<\/div>\n<\/div>\n<\/div>\n<\/div>\n<\/div>\n<\/div>\n<\/div>\n<\/div>\n<\/div>\n","protected":false},"excerpt":{"rendered":"<p>Von Startplatz neun auf zwei im Sonntagsrennen in der Lausitz Schwede nun bester Audi-Pilot in der Fahrerwertung 67.500 Zuschauer erleben gelungenes Motorsport-Festival Nur 14 Tage nach seinem Husarenst\u00fcck in Spielberg hat Mattias Ekstr\u00f6m die DTM-Fans erneut mit einer fantastischen Aufholjagd begeistert: Im Sonntagsrennen auf dem Lausitzring k\u00e4mpfte sich der Schwede [&hellip;]<\/p>\n","protected":false},"author":1,"featured_media":2959,"comment_status":"closed","ping_status":"open","sticky":false,"template":"","format":"standard","meta":{"jetpack_post_was_ever_published":false,"_jetpack_newsletter_access":"","_jetpack_dont_email_post_to_subs":false,"_jetpack_newsletter_tier_id":0,"_jetpack_memberships_contains_paywalled_content":false,"_jetpack_memberships_contains_paid_content":false,"footnotes":"","jetpack_publicize_message":"\u200b#Ekstr\u00f6m gl\u00e4nzt erneut mit Aufholjagd #audi #dtm","jetpack_publicize_feature_enabled":true,"jetpack_social_post_already_shared":true,"jetpack_social_options":{"image_generator_settings":{"template":"highway","enabled":false},"version":2}},"categories":[17],"tags":[202],"class_list":["post-2958","post","type-post","status-publish","format-standard","has-post-thumbnail","hentry","category-audi-motorsport","tag-ekstroem"],"wppr_data":{"cwp_meta_box_check":"No"},"jetpack_publicize_connections":[],"yoast_head":"<!-- This site is optimized with the Yoast SEO plugin v23.3 - https:\/\/yoast.com\/wordpress\/plugins\/seo\/ -->\n<title>\u200bEkstr\u00f6m gl\u00e4nzt erneut mit Aufholjagd - Audi Blog<\/title>\n<meta name=\"robots\" content=\"index, follow, max-snippet:-1, max-image-preview:large, max-video-preview:-1\" \/>\n<link rel=\"canonical\" href=\"https:\/\/www.tts-freunde.de\/blog\/2016\/06\/06\/\u200bekstroem-glaenzt-erneut-mit-aufholjagd\/\" \/>\n<meta property=\"og:locale\" content=\"de_DE\" \/>\n<meta property=\"og:type\" content=\"article\" \/>\n<meta property=\"og:title\" content=\"\u200bEkstr\u00f6m gl\u00e4nzt erneut mit Aufholjagd - Audi Blog\" \/>\n<meta property=\"og:description\" content=\"Von Startplatz neun auf zwei im Sonntagsrennen in der Lausitz Schwede nun bester Audi-Pilot in der Fahrerwertung 67.500 Zuschauer erleben gelungenes Motorsport-Festival Nur 14 Tage nach seinem Husarenst\u00fcck in Spielberg hat Mattias Ekstr\u00f6m die DTM-Fans erneut mit einer fantastischen Aufholjagd begeistert: Im Sonntagsrennen auf dem Lausitzring k\u00e4mpfte sich der Schwede [&hellip;]\" \/>\n<meta property=\"og:url\" content=\"https:\/\/www.tts-freunde.de\/blog\/2016\/06\/06\/\u200bekstroem-glaenzt-erneut-mit-aufholjagd\/\" \/>\n<meta property=\"og:site_name\" content=\"Audi Blog\" \/>\n<meta property=\"article:published_time\" content=\"2016-06-06T06:29:32+00:00\" \/>\n<meta property=\"og:image\" content=\"https:\/\/www.tts-freunde.de\/blog\/wp-content\/uploads\/2016\/06\/Mattias-Ekstr\u00f6m.jpg\" \/>\n\t<meta property=\"og:image:width\" content=\"1160\" \/>\n\t<meta property=\"og:image:height\" content=\"820\" \/>\n\t<meta property=\"og:image:type\" content=\"image\/jpeg\" \/>\n<meta name=\"author\" content=\"admin\" \/>\n<meta name=\"twitter:card\" content=\"summary_large_image\" \/>\n<meta name=\"twitter:label1\" content=\"Verfasst von\" \/>\n\t<meta name=\"twitter:data1\" content=\"admin\" \/>\n\t<meta name=\"twitter:label2\" content=\"Gesch\u00e4tzte Lesezeit\" \/>\n\t<meta name=\"twitter:data2\" content=\"3\u00a0Minuten\" \/>\n<script type=\"application\/ld+json\" class=\"yoast-schema-graph\">{\"@context\":\"https:\/\/schema.org\",\"@graph\":[{\"@type\":\"Article\",\"@id\":\"https:\/\/www.tts-freunde.de\/blog\/2016\/06\/06\/%e2%80%8bekstroem-glaenzt-erneut-mit-aufholjagd\/#article\",\"isPartOf\":{\"@id\":\"https:\/\/www.tts-freunde.de\/blog\/2016\/06\/06\/%e2%80%8bekstroem-glaenzt-erneut-mit-aufholjagd\/\"},\"author\":{\"name\":\"admin\",\"@id\":\"https:\/\/www.tts-freunde.de\/blog\/#\/schema\/person\/b67f6a54e98f013bd281dbe05514b701\"},\"headline\":\"\u200bEkstr\u00f6m gl\u00e4nzt erneut mit Aufholjagd\",\"datePublished\":\"2016-06-06T06:29:32+00:00\",\"dateModified\":\"2016-06-06T06:29:32+00:00\",\"mainEntityOfPage\":{\"@id\":\"https:\/\/www.tts-freunde.de\/blog\/2016\/06\/06\/%e2%80%8bekstroem-glaenzt-erneut-mit-aufholjagd\/\"},\"wordCount\":587,\"publisher\":{\"@id\":\"https:\/\/www.tts-freunde.de\/blog\/#organization\"},\"image\":{\"@id\":\"https:\/\/www.tts-freunde.de\/blog\/2016\/06\/06\/%e2%80%8bekstroem-glaenzt-erneut-mit-aufholjagd\/#primaryimage\"},\"thumbnailUrl\":\"https:\/\/www.tts-freunde.de\/blog\/wp-content\/uploads\/2016\/06\/Mattias-Ekstr\u00f6m.jpg\",\"keywords\":[\"ekstr\u00f6m\"],\"articleSection\":[\"Audi Motorsport\"],\"inLanguage\":\"de\"},{\"@type\":\"WebPage\",\"@id\":\"https:\/\/www.tts-freunde.de\/blog\/2016\/06\/06\/%e2%80%8bekstroem-glaenzt-erneut-mit-aufholjagd\/\",\"url\":\"https:\/\/www.tts-freunde.de\/blog\/2016\/06\/06\/%e2%80%8bekstroem-glaenzt-erneut-mit-aufholjagd\/\",\"name\":\"\u200bEkstr\u00f6m gl\u00e4nzt erneut mit Aufholjagd - Audi Blog\",\"isPartOf\":{\"@id\":\"https:\/\/www.tts-freunde.de\/blog\/#website\"},\"primaryImageOfPage\":{\"@id\":\"https:\/\/www.tts-freunde.de\/blog\/2016\/06\/06\/%e2%80%8bekstroem-glaenzt-erneut-mit-aufholjagd\/#primaryimage\"},\"image\":{\"@id\":\"https:\/\/www.tts-freunde.de\/blog\/2016\/06\/06\/%e2%80%8bekstroem-glaenzt-erneut-mit-aufholjagd\/#primaryimage\"},\"thumbnailUrl\":\"https:\/\/www.tts-freunde.de\/blog\/wp-content\/uploads\/2016\/06\/Mattias-Ekstr\u00f6m.jpg\",\"datePublished\":\"2016-06-06T06:29:32+00:00\",\"dateModified\":\"2016-06-06T06:29:32+00:00\",\"breadcrumb\":{\"@id\":\"https:\/\/www.tts-freunde.de\/blog\/2016\/06\/06\/%e2%80%8bekstroem-glaenzt-erneut-mit-aufholjagd\/#breadcrumb\"},\"inLanguage\":\"de\",\"potentialAction\":[{\"@type\":\"ReadAction\",\"target\":[\"https:\/\/www.tts-freunde.de\/blog\/2016\/06\/06\/%e2%80%8bekstroem-glaenzt-erneut-mit-aufholjagd\/\"]}]},{\"@type\":\"ImageObject\",\"inLanguage\":\"de\",\"@id\":\"https:\/\/www.tts-freunde.de\/blog\/2016\/06\/06\/%e2%80%8bekstroem-glaenzt-erneut-mit-aufholjagd\/#primaryimage\",\"url\":\"https:\/\/www.tts-freunde.de\/blog\/wp-content\/uploads\/2016\/06\/Mattias-Ekstr\u00f6m.jpg\",\"contentUrl\":\"https:\/\/www.tts-freunde.de\/blog\/wp-content\/uploads\/2016\/06\/Mattias-Ekstr\u00f6m.jpg\",\"width\":1160,\"height\":820},{\"@type\":\"BreadcrumbList\",\"@id\":\"https:\/\/www.tts-freunde.de\/blog\/2016\/06\/06\/%e2%80%8bekstroem-glaenzt-erneut-mit-aufholjagd\/#breadcrumb\",\"itemListElement\":[{\"@type\":\"ListItem\",\"position\":1,\"name\":\"Home\",\"item\":\"https:\/\/www.tts-freunde.de\/blog\/\"},{\"@type\":\"ListItem\",\"position\":2,\"name\":\"\u200bEkstr\u00f6m gl\u00e4nzt erneut mit Aufholjagd\"}]},{\"@type\":\"WebSite\",\"@id\":\"https:\/\/www.tts-freunde.de\/blog\/#website\",\"url\":\"https:\/\/www.tts-freunde.de\/blog\/\",\"name\":\"Audi Blog\",\"description\":\"Deutscher Audi Blog - TTS-Freunde\",\"publisher\":{\"@id\":\"https:\/\/www.tts-freunde.de\/blog\/#organization\"},\"potentialAction\":[{\"@type\":\"SearchAction\",\"target\":{\"@type\":\"EntryPoint\",\"urlTemplate\":\"https:\/\/www.tts-freunde.de\/blog\/?s={search_term_string}\"},\"query-input\":\"required name=search_term_string\"}],\"inLanguage\":\"de\"},{\"@type\":\"Organization\",\"@id\":\"https:\/\/www.tts-freunde.de\/blog\/#organization\",\"name\":\"Audi Blog\",\"url\":\"https:\/\/www.tts-freunde.de\/blog\/\",\"logo\":{\"@type\":\"ImageObject\",\"inLanguage\":\"de\",\"@id\":\"https:\/\/www.tts-freunde.de\/blog\/#\/schema\/logo\/image\/\",\"url\":\"https:\/\/www.tts-freunde.de\/blog\/wp-content\/uploads\/2022\/12\/logo_2022.jpg\",\"contentUrl\":\"https:\/\/www.tts-freunde.de\/blog\/wp-content\/uploads\/2022\/12\/logo_2022.jpg\",\"width\":240,\"height\":41,\"caption\":\"Audi Blog\"},\"image\":{\"@id\":\"https:\/\/www.tts-freunde.de\/blog\/#\/schema\/logo\/image\/\"}},{\"@type\":\"Person\",\"@id\":\"https:\/\/www.tts-freunde.de\/blog\/#\/schema\/person\/b67f6a54e98f013bd281dbe05514b701\",\"name\":\"admin\",\"image\":{\"@type\":\"ImageObject\",\"inLanguage\":\"de\",\"@id\":\"https:\/\/www.tts-freunde.de\/blog\/#\/schema\/person\/image\/\",\"url\":\"https:\/\/secure.gravatar.com\/avatar\/08a4bd330e25056ddb430c28136b38a6?s=96&d=mm&r=g\",\"contentUrl\":\"https:\/\/secure.gravatar.com\/avatar\/08a4bd330e25056ddb430c28136b38a6?s=96&d=mm&r=g\",\"caption\":\"admin\"},\"sameAs\":[\"http:\/\/www.tts-freunde.de\"],\"url\":\"https:\/\/www.tts-freunde.de\/blog\/author\/admin\/\"}]}<\/script>\n<!-- \/ Yoast SEO plugin. -->","yoast_head_json":{"title":"\u200bEkstr\u00f6m gl\u00e4nzt erneut mit Aufholjagd - Audi Blog","robots":{"index":"index","follow":"follow","max-snippet":"max-snippet:-1","max-image-preview":"max-image-preview:large","max-video-preview":"max-video-preview:-1"},"canonical":"https:\/\/www.tts-freunde.de\/blog\/2016\/06\/06\/\u200bekstroem-glaenzt-erneut-mit-aufholjagd\/","og_locale":"de_DE","og_type":"article","og_title":"\u200bEkstr\u00f6m gl\u00e4nzt erneut mit Aufholjagd - Audi Blog","og_description":"Von Startplatz neun auf zwei im Sonntagsrennen in der Lausitz Schwede nun bester Audi-Pilot in der Fahrerwertung 67.500 Zuschauer erleben gelungenes Motorsport-Festival Nur 14 Tage nach seinem Husarenst\u00fcck in Spielberg hat Mattias Ekstr\u00f6m die DTM-Fans erneut mit einer fantastischen Aufholjagd begeistert: Im Sonntagsrennen auf dem Lausitzring k\u00e4mpfte sich der Schwede [&hellip;]","og_url":"https:\/\/www.tts-freunde.de\/blog\/2016\/06\/06\/\u200bekstroem-glaenzt-erneut-mit-aufholjagd\/","og_site_name":"Audi Blog","article_published_time":"2016-06-06T06:29:32+00:00","og_image":[{"width":1160,"height":820,"url":"https:\/\/www.tts-freunde.de\/blog\/wp-content\/uploads\/2016\/06\/Mattias-Ekstr\u00f6m.jpg","type":"image\/jpeg"}],"author":"admin","twitter_card":"summary_large_image","twitter_misc":{"Verfasst von":"admin","Gesch\u00e4tzte Lesezeit":"3\u00a0Minuten"},"schema":{"@context":"https:\/\/schema.org","@graph":[{"@type":"Article","@id":"https:\/\/www.tts-freunde.de\/blog\/2016\/06\/06\/%e2%80%8bekstroem-glaenzt-erneut-mit-aufholjagd\/#article","isPartOf":{"@id":"https:\/\/www.tts-freunde.de\/blog\/2016\/06\/06\/%e2%80%8bekstroem-glaenzt-erneut-mit-aufholjagd\/"},"author":{"name":"admin","@id":"https:\/\/www.tts-freunde.de\/blog\/#\/schema\/person\/b67f6a54e98f013bd281dbe05514b701"},"headline":"\u200bEkstr\u00f6m gl\u00e4nzt erneut mit Aufholjagd","datePublished":"2016-06-06T06:29:32+00:00","dateModified":"2016-06-06T06:29:32+00:00","mainEntityOfPage":{"@id":"https:\/\/www.tts-freunde.de\/blog\/2016\/06\/06\/%e2%80%8bekstroem-glaenzt-erneut-mit-aufholjagd\/"},"wordCount":587,"publisher":{"@id":"https:\/\/www.tts-freunde.de\/blog\/#organization"},"image":{"@id":"https:\/\/www.tts-freunde.de\/blog\/2016\/06\/06\/%e2%80%8bekstroem-glaenzt-erneut-mit-aufholjagd\/#primaryimage"},"thumbnailUrl":"https:\/\/www.tts-freunde.de\/blog\/wp-content\/uploads\/2016\/06\/Mattias-Ekstr\u00f6m.jpg","keywords":["ekstr\u00f6m"],"articleSection":["Audi Motorsport"],"inLanguage":"de"},{"@type":"WebPage","@id":"https:\/\/www.tts-freunde.de\/blog\/2016\/06\/06\/%e2%80%8bekstroem-glaenzt-erneut-mit-aufholjagd\/","url":"https:\/\/www.tts-freunde.de\/blog\/2016\/06\/06\/%e2%80%8bekstroem-glaenzt-erneut-mit-aufholjagd\/","name":"\u200bEkstr\u00f6m gl\u00e4nzt erneut mit Aufholjagd - Audi Blog","isPartOf":{"@id":"https:\/\/www.tts-freunde.de\/blog\/#website"},"primaryImageOfPage":{"@id":"https:\/\/www.tts-freunde.de\/blog\/2016\/06\/06\/%e2%80%8bekstroem-glaenzt-erneut-mit-aufholjagd\/#primaryimage"},"image":{"@id":"https:\/\/www.tts-freunde.de\/blog\/2016\/06\/06\/%e2%80%8bekstroem-glaenzt-erneut-mit-aufholjagd\/#primaryimage"},"thumbnailUrl":"https:\/\/www.tts-freunde.de\/blog\/wp-content\/uploads\/2016\/06\/Mattias-Ekstr\u00f6m.jpg","datePublished":"2016-06-06T06:29:32+00:00","dateModified":"2016-06-06T06:29:32+00:00","breadcrumb":{"@id":"https:\/\/www.tts-freunde.de\/blog\/2016\/06\/06\/%e2%80%8bekstroem-glaenzt-erneut-mit-aufholjagd\/#breadcrumb"},"inLanguage":"de","potentialAction":[{"@type":"ReadAction","target":["https:\/\/www.tts-freunde.de\/blog\/2016\/06\/06\/%e2%80%8bekstroem-glaenzt-erneut-mit-aufholjagd\/"]}]},{"@type":"ImageObject","inLanguage":"de","@id":"https:\/\/www.tts-freunde.de\/blog\/2016\/06\/06\/%e2%80%8bekstroem-glaenzt-erneut-mit-aufholjagd\/#primaryimage","url":"https:\/\/www.tts-freunde.de\/blog\/wp-content\/uploads\/2016\/06\/Mattias-Ekstr\u00f6m.jpg","contentUrl":"https:\/\/www.tts-freunde.de\/blog\/wp-content\/uploads\/2016\/06\/Mattias-Ekstr\u00f6m.jpg","width":1160,"height":820},{"@type":"BreadcrumbList","@id":"https:\/\/www.tts-freunde.de\/blog\/2016\/06\/06\/%e2%80%8bekstroem-glaenzt-erneut-mit-aufholjagd\/#breadcrumb","itemListElement":[{"@type":"ListItem","position":1,"name":"Home","item":"https:\/\/www.tts-freunde.de\/blog\/"},{"@type":"ListItem","position":2,"name":"\u200bEkstr\u00f6m gl\u00e4nzt erneut mit Aufholjagd"}]},{"@type":"WebSite","@id":"https:\/\/www.tts-freunde.de\/blog\/#website","url":"https:\/\/www.tts-freunde.de\/blog\/","name":"Audi Blog","description":"Deutscher Audi Blog - TTS-Freunde","publisher":{"@id":"https:\/\/www.tts-freunde.de\/blog\/#organization"},"potentialAction":[{"@type":"SearchAction","target":{"@type":"EntryPoint","urlTemplate":"https:\/\/www.tts-freunde.de\/blog\/?s={search_term_string}"},"query-input":"required name=search_term_string"}],"inLanguage":"de"},{"@type":"Organization","@id":"https:\/\/www.tts-freunde.de\/blog\/#organization","name":"Audi Blog","url":"https:\/\/www.tts-freunde.de\/blog\/","logo":{"@type":"ImageObject","inLanguage":"de","@id":"https:\/\/www.tts-freunde.de\/blog\/#\/schema\/logo\/image\/","url":"https:\/\/www.tts-freunde.de\/blog\/wp-content\/uploads\/2022\/12\/logo_2022.jpg","contentUrl":"https:\/\/www.tts-freunde.de\/blog\/wp-content\/uploads\/2022\/12\/logo_2022.jpg","width":240,"height":41,"caption":"Audi Blog"},"image":{"@id":"https:\/\/www.tts-freunde.de\/blog\/#\/schema\/logo\/image\/"}},{"@type":"Person","@id":"https:\/\/www.tts-freunde.de\/blog\/#\/schema\/person\/b67f6a54e98f013bd281dbe05514b701","name":"admin","image":{"@type":"ImageObject","inLanguage":"de","@id":"https:\/\/www.tts-freunde.de\/blog\/#\/schema\/person\/image\/","url":"https:\/\/secure.gravatar.com\/avatar\/08a4bd330e25056ddb430c28136b38a6?s=96&d=mm&r=g","contentUrl":"https:\/\/secure.gravatar.com\/avatar\/08a4bd330e25056ddb430c28136b38a6?s=96&d=mm&r=g","caption":"admin"},"sameAs":["http:\/\/www.tts-freunde.de"],"url":"https:\/\/www.tts-freunde.de\/blog\/author\/admin\/"}]}},"jetpack_sharing_enabled":true,"jetpack_featured_media_url":"https:\/\/www.tts-freunde.de\/blog\/wp-content\/uploads\/2016\/06\/Mattias-Ekstr\u00f6m.jpg","jetpack_shortlink":"https:\/\/wp.me\/p67hWW-LI","jetpack_likes_enabled":false,"jetpack-related-posts":[],"_links":{"self":[{"href":"https:\/\/www.tts-freunde.de\/blog\/wp-json\/wp\/v2\/posts\/2958"}],"collection":[{"href":"https:\/\/www.tts-freunde.de\/blog\/wp-json\/wp\/v2\/posts"}],"about":[{"href":"https:\/\/www.tts-freunde.de\/blog\/wp-json\/wp\/v2\/types\/post"}],"author":[{"embeddable":true,"href":"https:\/\/www.tts-freunde.de\/blog\/wp-json\/wp\/v2\/users\/1"}],"replies":[{"embeddable":true,"href":"https:\/\/www.tts-freunde.de\/blog\/wp-json\/wp\/v2\/comments?post=2958"}],"version-history":[{"count":1,"href":"https:\/\/www.tts-freunde.de\/blog\/wp-json\/wp\/v2\/posts\/2958\/revisions"}],"predecessor-version":[{"id":2960,"href":"https:\/\/www.tts-freunde.de\/blog\/wp-json\/wp\/v2\/posts\/2958\/revisions\/2960"}],"wp:featuredmedia":[{"embeddable":true,"href":"https:\/\/www.tts-freunde.de\/blog\/wp-json\/wp\/v2\/media\/2959"}],"wp:attachment":[{"href":"https:\/\/www.tts-freunde.de\/blog\/wp-json\/wp\/v2\/media?parent=2958"}],"wp:term":[{"taxonomy":"category","embeddable":true,"href":"https:\/\/www.tts-freunde.de\/blog\/wp-json\/wp\/v2\/categories?post=2958"},{"taxonomy":"post_tag","embeddable":true,"href":"https:\/\/www.tts-freunde.de\/blog\/wp-json\/wp\/v2\/tags?post=2958"}],"curies":[{"name":"wp","href":"https:\/\/api.w.org\/{rel}","templated":true}]}}