{"id":3064,"date":"2016-07-11T12:35:17","date_gmt":"2016-07-11T10:35:17","guid":{"rendered":"http:\/\/tts-freunde.de\/blog\/?p=3064"},"modified":"2016-07-11T12:35:17","modified_gmt":"2016-07-11T10:35:17","slug":"audi-steigert-absatz-im-ersten-halbjahr-um-56-prozent","status":"publish","type":"post","link":"https:\/\/www.tts-freunde.de\/blog\/2016\/07\/11\/audi-steigert-absatz-im-ersten-halbjahr-um-56-prozent\/","title":{"rendered":"Audi steigert Absatz im ersten Halbjahr um 5,6 Prozent"},"content":{"rendered":"<div id=\"item-ab635023-fd49-41c9-b40d-048196aee37f\" class=\"page-item--column col-sm-4\">\n<div class=\"custom-padding\">\n<div class=\"page-row has-no-item-box\">\n<div id=\"item-0c56956f-ee08-4510-92b7-161879962972\" class=\"page-item--topic-list\">\n<div class=\"topic-list\">\n<ul>\n<li>Weltweit rund 953.200\u00a0Auslieferungen seit Jahresbeginn; Verk\u00e4ufe im\u00a0Juni plus 7,4\u00a0Prozent auf rund 169.000\u00a0Einheiten<\/li>\n<li>Vertriebschef Dietmar\u00a0Voggenreiter: \u201eSt\u00e4rken unser Portfolio mit neuen Technologien und Konzepten\u201c<\/li>\n<li>Marktstart f\u00fcr \u00fcberarbeiteten Audi\u00a0A3, neuen A5 und Q2 in der zweiten Jahresh\u00e4lfte<\/li>\n<\/ul>\n<p><img loading=\"lazy\" decoding=\"async\" data-attachment-id=\"3065\" data-permalink=\"https:\/\/www.tts-freunde.de\/blog\/2016\/07\/11\/audi-steigert-absatz-im-ersten-halbjahr-um-56-prozent\/audittroadster\/\" data-orig-file=\"https:\/\/www.tts-freunde.de\/blog\/wp-content\/uploads\/2016\/07\/Audittroadster.jpg\" data-orig-size=\"1160,820\" data-comments-opened=\"0\" data-image-meta=\"{&quot;aperture&quot;:&quot;0&quot;,&quot;credit&quot;:&quot;&quot;,&quot;camera&quot;:&quot;&quot;,&quot;caption&quot;:&quot;&quot;,&quot;created_timestamp&quot;:&quot;0&quot;,&quot;copyright&quot;:&quot;&quot;,&quot;focal_length&quot;:&quot;0&quot;,&quot;iso&quot;:&quot;0&quot;,&quot;shutter_speed&quot;:&quot;0&quot;,&quot;title&quot;:&quot;&quot;,&quot;orientation&quot;:&quot;0&quot;}\" data-image-title=\"Audittroadster\" data-image-description=\"\" data-image-caption=\"\" data-medium-file=\"https:\/\/www.tts-freunde.de\/blog\/wp-content\/uploads\/2016\/07\/Audittroadster-300x212.jpg\" data-large-file=\"https:\/\/www.tts-freunde.de\/blog\/wp-content\/uploads\/2016\/07\/Audittroadster-1024x724.jpg\" tabindex=\"0\" role=\"button\" class=\"alignleft size-full wp-image-3065\" src=\"http:\/\/tts-freunde.de\/blog\/wp-content\/uploads\/2016\/07\/Audittroadster.jpg\" alt=\"Audittroadster\" width=\"1160\" height=\"820\" srcset=\"https:\/\/www.tts-freunde.de\/blog\/wp-content\/uploads\/2016\/07\/Audittroadster.jpg 1160w, https:\/\/www.tts-freunde.de\/blog\/wp-content\/uploads\/2016\/07\/Audittroadster-300x212.jpg 300w, https:\/\/www.tts-freunde.de\/blog\/wp-content\/uploads\/2016\/07\/Audittroadster-768x543.jpg 768w, https:\/\/www.tts-freunde.de\/blog\/wp-content\/uploads\/2016\/07\/Audittroadster-1024x724.jpg 1024w, https:\/\/www.tts-freunde.de\/blog\/wp-content\/uploads\/2016\/07\/Audittroadster-140x100.jpg 140w, https:\/\/www.tts-freunde.de\/blog\/wp-content\/uploads\/2016\/07\/Audittroadster-50x35.jpg 50w\" sizes=\"(max-width: 1160px) 100vw, 1160px\" \/><\/p>\n<div class=\"page-row has-no-item-box\">\n<div id=\"item-59c7ae56-6731-4962-9c89-d24f40d5a2fa\" class=\"page-item--intro\">\n<div class=\"intro-text\">\n<p style=\"text-align: justify;\">Positive Halbjahresbilanz f\u00fcr die Vier Ringe: Mit rund 953.200 ausgelieferten Einheiten steigerte die AUDI AG ihre Verk\u00e4ufe seit Januar um 5,6 Prozent und legte in allen Weltregionen zu. Starkes Wachstum verzeichnete die Marke dabei vor allem in Europa. Dort stieg die Nachfrage seit Jahresbeginn um 8,4 Prozent auf erstmals mehr als 450.000 Autos. Weltweit trieben mit dem Audi A4 (+12,3%) und dem Oberklasse SUV Audi Q7 (+73,6%) besonders die neuen Modelle die Absatzentwicklung voran. Im Juni erh\u00f6hten sich die Auslieferungen \u00fcber das gesamte Portfolio um 7,4 Prozent auf rund 169.000 Einheiten. Dabei \u00fcbertraf Audi in allen Top10 M\u00e4rkten sein Ergebnis aus dem Vorjahresmonat.<\/p>\n<\/div>\n<\/div>\n<\/div>\n<div class=\"page-row has-no-item-box\">\n<div id=\"item-2e64c74d-52a3-4c30-b023-eda206eaac60\" class=\"page-item--text\">\n<div class=\"style-links-for-body-text\">\n<p style=\"text-align: justify;\">\u201eTrotz anhaltender Herausforderungen auf wichtigen M\u00e4rkten war die erste Jahresh\u00e4lfte 2016 f\u00fcr uns vor allem durch ein global ausbalanciertes Wachstum gekennzeichnet. Wir haben unsere Marktf\u00fchrerschaft in Europa und China best\u00e4tigt und sind in den USA st\u00e4rker als der Gesamtmarkt unterwegs\u201c, sagt Dietmar Voggenreiter, Vorstand f\u00fcr Vertrieb\u00a0und\u00a0Marketing der AUDI\u00a0AG. \u201eIn den kommenden Monaten werden wir unser Modellportfolio mit neuen Technologien und Konzepten wie dem Audi\u00a0Q7\u00a0<span class=\"nowrap\">e-tron<\/span>*, dem A6L\u00a0<span class=\"nowrap\">e-tron<\/span>, dem SQ7\u00a0TDI* und dem\u00a0Q2 weiter st\u00e4rken.\u201c<\/p>\n<p style=\"text-align: justify;\">Mit dem Europa\u2011Marktstart des neuen <strong>Audi\u00a0A5<\/strong> im Herbst und des \u00fcberarbeiteten <strong>Audi\u00a0A3<\/strong> in diesem Monat stehen auch bei bereits erfolgreichen, wichtigen Modellen Generationswechsel bevor.<\/p>\n<p style=\"text-align: justify;\">Im Juni \u00fcbergab Audi in Europa \u00fcber alle Modelle rund 78.700\u00a0Autos (+9,8%). Damit schrieb das Unternehmen in der Region in allen sechs\u00a0Monaten neue Bestwerte bei den Auslieferungen. Kumuliert zog der Absatz um 8,4\u00a0Prozent auf rund 455.250\u00a0Autos an. Dabei sorgten vor allem die neuen\u00a0Modelle f\u00fcr Schub in Audis gr\u00f6\u00dfter Vertriebsregion: Die Verk\u00e4ufe des Oberklasse\u2011SUV\u00a0<strong>Audi\u00a0Q7<\/strong> konnten mehr als verdoppelt werden, die Nachfrage nach dem neuen <strong>Audi<\/strong>\u00a0<strong>A4<\/strong> stieg um knapp 20\u00a0Prozent. Deutliches Wachstum registrierte die Marke vor allem in <strong>Deutschland<\/strong> (+12,4% auf 166.154\u00a0Einheiten), <strong>Italien<\/strong> (+14,6% auf 32.124 Einheiten) und <strong>Spanien<\/strong> (+14,5% auf 28.803\u00a0Einheiten). Auch auf seinem gr\u00f6\u00dften\u00a0europ\u00e4ischen Exportmarkt <strong>Gro\u00dfbritannien<\/strong> legte der Hersteller seit Jahresbeginn weiter zu: plus 4,1\u00a0Prozent auf 89.935\u00a0Automobile. Auftrieb verlieh besonders die hohe\u00a0Nachfrage nach dem <strong>Audi\u00a0TT<\/strong>, dessen Auslieferungen im Vereinigten\u00a0K\u00f6nigreich um 36\u00a0Prozent stiegen. Mit weltweit rund 17.650\u00a0Verk\u00e4ufen seit Januar sicherte sich der Audi\u00a0TT die Position als absatzst\u00e4rkster Kompakt-Sportwagen im Premiumsegment.<\/p>\n<p style=\"text-align: justify;\">Auch auf dem amerikanischen\u00a0Kontinent erh\u00f6hten sich die Auslieferungen der Ingolst\u00e4dter in den vergangenen sechs\u00a0Monaten: plus 3,5\u00a0Prozent auf rund 131.450\u00a0Einheiten. 96.934 davon gingen in die <strong>USA<\/strong>, ebenfalls ein Zuwachs von 3,5\u00a0Prozent. Fast jeder zweite\u00a0US\u2011Kunde entschied sich dabei f\u00fcr einen SUV. So kletterte der kumulierte Absatz von <strong>Audi<\/strong>\u00a0<strong>Q3<\/strong>, <strong>Q5<\/strong> und <strong>Q7<\/strong> um 24\u00a0Prozent auf 45.195\u00a0Autos. Auch im Juni setzte Audi seinen erfolgreichen Kurs auf dem US\u2011Markt fort. Ein Plus von 1\u00a0Prozent markierte den 66.\u00a0Wachstumsmonat in Folge. Als weiterer wichtiger Treiber in der Region zeigte sich erneut <strong>Kanada<\/strong>. Dort setzte das Unternehmen in der ersten\u00a0Jahresh\u00e4lfte 15.614\u00a0Einheiten ab, 16\u00a0Prozent mehr als im Vergleichshalbjahr.<\/p>\n<p style=\"text-align: justify;\">Auch in der Region <strong>Asien\/Pazifik<\/strong> entwickelt sich die Absatzbilanz weiter positiv. Dort weist der Vergleich zu den Auslieferungen der ersten\u00a0Jahresh\u00e4lfte\u00a02015 eine Steigerung um 3,9\u00a0Prozent auf rund 339.300\u00a0verkaufte Premiumautomobile aus. In\u00a0<strong>China<\/strong> punktete Audi zuletzt vor allem mit seinen kompakten\u00a0Modellen: In den ersten\u00a0sechs\u00a0Monaten \u00fcbergab das Unternehmen 81.083\u00a0<strong>Audi\u00a0A3<\/strong> und <strong>Q3<\/strong> in Kundenhand, das entspricht einem Plus von 21,7\u00a0Prozent. \u00dcber alle Modelle hinweg stiegen die Verk\u00e4ufe im Reich\u00a0der\u00a0Mitte um 5,9\u00a0Prozent auf 290.126\u00a0Einheiten. Im\u00a0Juni zog die Nachfrage um 6,6\u00a0Prozent an. Neben China legte auch <strong>Australien<\/strong> starkes Wachstum in der Region vor: Seit dem Jahreswechsel gingen 12.155\u00a0Einheiten in den australischen\u00a0Markt, plus 7,2\u00a0Prozent.<\/p>\n<\/div>\n<\/div>\n<\/div>\n<\/div>\n<\/div>\n<\/div>\n<\/div>\n<\/div>\n","protected":false},"excerpt":{"rendered":"<p>Weltweit rund 953.200\u00a0Auslieferungen seit Jahresbeginn; Verk\u00e4ufe im\u00a0Juni plus 7,4\u00a0Prozent auf rund 169.000\u00a0Einheiten Vertriebschef Dietmar\u00a0Voggenreiter: \u201eSt\u00e4rken unser Portfolio mit neuen Technologien und Konzepten\u201c Marktstart f\u00fcr \u00fcberarbeiteten Audi\u00a0A3, neuen A5 und Q2 in der zweiten Jahresh\u00e4lfte Positive Halbjahresbilanz f\u00fcr die Vier Ringe: Mit rund 953.200 ausgelieferten Einheiten steigerte die AUDI AG ihre [&hellip;]<\/p>\n","protected":false},"author":1,"featured_media":3065,"comment_status":"closed","ping_status":"open","sticky":false,"template":"","format":"standard","meta":{"jetpack_post_was_ever_published":false,"_jetpack_newsletter_access":"","_jetpack_dont_email_post_to_subs":false,"_jetpack_newsletter_tier_id":0,"_jetpack_memberships_contains_paywalled_content":false,"_jetpack_memberships_contains_paid_content":false,"footnotes":"","jetpack_publicize_message":"#Audi steigert Absatz im ersten Halbjahr um 5,6 Prozent","jetpack_publicize_feature_enabled":true,"jetpack_social_post_already_shared":true,"jetpack_social_options":{"image_generator_settings":{"template":"highway","enabled":false},"version":2}},"categories":[16],"tags":[20],"class_list":["post-3064","post","type-post","status-publish","format-standard","has-post-thumbnail","hentry","category-audi-ag","tag-audi"],"wppr_data":{"cwp_meta_box_check":"No"},"jetpack_publicize_connections":[],"yoast_head":"<!-- This site is optimized with the Yoast SEO plugin v23.3 - https:\/\/yoast.com\/wordpress\/plugins\/seo\/ -->\n<title>Audi steigert Absatz im ersten Halbjahr um 5,6 Prozent - Audi Blog<\/title>\n<meta name=\"robots\" content=\"index, follow, max-snippet:-1, max-image-preview:large, max-video-preview:-1\" \/>\n<link rel=\"canonical\" href=\"https:\/\/www.tts-freunde.de\/blog\/2016\/07\/11\/audi-steigert-absatz-im-ersten-halbjahr-um-56-prozent\/\" \/>\n<meta property=\"og:locale\" content=\"de_DE\" \/>\n<meta property=\"og:type\" content=\"article\" \/>\n<meta property=\"og:title\" content=\"Audi steigert Absatz im ersten Halbjahr um 5,6 Prozent - Audi Blog\" \/>\n<meta property=\"og:description\" content=\"Weltweit rund 953.200\u00a0Auslieferungen seit Jahresbeginn; Verk\u00e4ufe im\u00a0Juni plus 7,4\u00a0Prozent auf rund 169.000\u00a0Einheiten Vertriebschef Dietmar\u00a0Voggenreiter: \u201eSt\u00e4rken unser Portfolio mit neuen Technologien und Konzepten\u201c Marktstart f\u00fcr \u00fcberarbeiteten Audi\u00a0A3, neuen A5 und Q2 in der zweiten Jahresh\u00e4lfte Positive Halbjahresbilanz f\u00fcr die Vier Ringe: Mit rund 953.200 ausgelieferten Einheiten steigerte die AUDI AG ihre [&hellip;]\" \/>\n<meta property=\"og:url\" content=\"https:\/\/www.tts-freunde.de\/blog\/2016\/07\/11\/audi-steigert-absatz-im-ersten-halbjahr-um-56-prozent\/\" \/>\n<meta property=\"og:site_name\" content=\"Audi Blog\" \/>\n<meta property=\"article:published_time\" content=\"2016-07-11T10:35:17+00:00\" \/>\n<meta property=\"og:image\" content=\"https:\/\/www.tts-freunde.de\/blog\/wp-content\/uploads\/2016\/07\/Audittroadster.jpg\" \/>\n\t<meta property=\"og:image:width\" content=\"1160\" \/>\n\t<meta property=\"og:image:height\" content=\"820\" \/>\n\t<meta property=\"og:image:type\" content=\"image\/jpeg\" \/>\n<meta name=\"author\" content=\"admin\" \/>\n<meta name=\"twitter:card\" content=\"summary_large_image\" \/>\n<meta name=\"twitter:label1\" content=\"Verfasst von\" \/>\n\t<meta name=\"twitter:data1\" content=\"admin\" \/>\n\t<meta name=\"twitter:label2\" content=\"Gesch\u00e4tzte Lesezeit\" \/>\n\t<meta name=\"twitter:data2\" content=\"3\u00a0Minuten\" \/>\n<script type=\"application\/ld+json\" class=\"yoast-schema-graph\">{\"@context\":\"https:\/\/schema.org\",\"@graph\":[{\"@type\":\"Article\",\"@id\":\"https:\/\/www.tts-freunde.de\/blog\/2016\/07\/11\/audi-steigert-absatz-im-ersten-halbjahr-um-56-prozent\/#article\",\"isPartOf\":{\"@id\":\"https:\/\/www.tts-freunde.de\/blog\/2016\/07\/11\/audi-steigert-absatz-im-ersten-halbjahr-um-56-prozent\/\"},\"author\":{\"name\":\"admin\",\"@id\":\"https:\/\/www.tts-freunde.de\/blog\/#\/schema\/person\/b67f6a54e98f013bd281dbe05514b701\"},\"headline\":\"Audi steigert Absatz im ersten Halbjahr um 5,6 Prozent\",\"datePublished\":\"2016-07-11T10:35:17+00:00\",\"dateModified\":\"2016-07-11T10:35:17+00:00\",\"mainEntityOfPage\":{\"@id\":\"https:\/\/www.tts-freunde.de\/blog\/2016\/07\/11\/audi-steigert-absatz-im-ersten-halbjahr-um-56-prozent\/\"},\"wordCount\":635,\"publisher\":{\"@id\":\"https:\/\/www.tts-freunde.de\/blog\/#organization\"},\"image\":{\"@id\":\"https:\/\/www.tts-freunde.de\/blog\/2016\/07\/11\/audi-steigert-absatz-im-ersten-halbjahr-um-56-prozent\/#primaryimage\"},\"thumbnailUrl\":\"https:\/\/www.tts-freunde.de\/blog\/wp-content\/uploads\/2016\/07\/Audittroadster.jpg\",\"keywords\":[\"audi\"],\"articleSection\":[\"Audi AG\"],\"inLanguage\":\"de\"},{\"@type\":\"WebPage\",\"@id\":\"https:\/\/www.tts-freunde.de\/blog\/2016\/07\/11\/audi-steigert-absatz-im-ersten-halbjahr-um-56-prozent\/\",\"url\":\"https:\/\/www.tts-freunde.de\/blog\/2016\/07\/11\/audi-steigert-absatz-im-ersten-halbjahr-um-56-prozent\/\",\"name\":\"Audi steigert Absatz im ersten Halbjahr um 5,6 Prozent - Audi Blog\",\"isPartOf\":{\"@id\":\"https:\/\/www.tts-freunde.de\/blog\/#website\"},\"primaryImageOfPage\":{\"@id\":\"https:\/\/www.tts-freunde.de\/blog\/2016\/07\/11\/audi-steigert-absatz-im-ersten-halbjahr-um-56-prozent\/#primaryimage\"},\"image\":{\"@id\":\"https:\/\/www.tts-freunde.de\/blog\/2016\/07\/11\/audi-steigert-absatz-im-ersten-halbjahr-um-56-prozent\/#primaryimage\"},\"thumbnailUrl\":\"https:\/\/www.tts-freunde.de\/blog\/wp-content\/uploads\/2016\/07\/Audittroadster.jpg\",\"datePublished\":\"2016-07-11T10:35:17+00:00\",\"dateModified\":\"2016-07-11T10:35:17+00:00\",\"breadcrumb\":{\"@id\":\"https:\/\/www.tts-freunde.de\/blog\/2016\/07\/11\/audi-steigert-absatz-im-ersten-halbjahr-um-56-prozent\/#breadcrumb\"},\"inLanguage\":\"de\",\"potentialAction\":[{\"@type\":\"ReadAction\",\"target\":[\"https:\/\/www.tts-freunde.de\/blog\/2016\/07\/11\/audi-steigert-absatz-im-ersten-halbjahr-um-56-prozent\/\"]}]},{\"@type\":\"ImageObject\",\"inLanguage\":\"de\",\"@id\":\"https:\/\/www.tts-freunde.de\/blog\/2016\/07\/11\/audi-steigert-absatz-im-ersten-halbjahr-um-56-prozent\/#primaryimage\",\"url\":\"https:\/\/www.tts-freunde.de\/blog\/wp-content\/uploads\/2016\/07\/Audittroadster.jpg\",\"contentUrl\":\"https:\/\/www.tts-freunde.de\/blog\/wp-content\/uploads\/2016\/07\/Audittroadster.jpg\",\"width\":1160,\"height\":820},{\"@type\":\"BreadcrumbList\",\"@id\":\"https:\/\/www.tts-freunde.de\/blog\/2016\/07\/11\/audi-steigert-absatz-im-ersten-halbjahr-um-56-prozent\/#breadcrumb\",\"itemListElement\":[{\"@type\":\"ListItem\",\"position\":1,\"name\":\"Home\",\"item\":\"https:\/\/www.tts-freunde.de\/blog\/\"},{\"@type\":\"ListItem\",\"position\":2,\"name\":\"Audi steigert Absatz im ersten Halbjahr um 5,6 Prozent\"}]},{\"@type\":\"WebSite\",\"@id\":\"https:\/\/www.tts-freunde.de\/blog\/#website\",\"url\":\"https:\/\/www.tts-freunde.de\/blog\/\",\"name\":\"Audi Blog\",\"description\":\"Deutscher Audi Blog - TTS-Freunde\",\"publisher\":{\"@id\":\"https:\/\/www.tts-freunde.de\/blog\/#organization\"},\"potentialAction\":[{\"@type\":\"SearchAction\",\"target\":{\"@type\":\"EntryPoint\",\"urlTemplate\":\"https:\/\/www.tts-freunde.de\/blog\/?s={search_term_string}\"},\"query-input\":\"required name=search_term_string\"}],\"inLanguage\":\"de\"},{\"@type\":\"Organization\",\"@id\":\"https:\/\/www.tts-freunde.de\/blog\/#organization\",\"name\":\"Audi Blog\",\"url\":\"https:\/\/www.tts-freunde.de\/blog\/\",\"logo\":{\"@type\":\"ImageObject\",\"inLanguage\":\"de\",\"@id\":\"https:\/\/www.tts-freunde.de\/blog\/#\/schema\/logo\/image\/\",\"url\":\"https:\/\/www.tts-freunde.de\/blog\/wp-content\/uploads\/2022\/12\/logo_2022.jpg\",\"contentUrl\":\"https:\/\/www.tts-freunde.de\/blog\/wp-content\/uploads\/2022\/12\/logo_2022.jpg\",\"width\":240,\"height\":41,\"caption\":\"Audi Blog\"},\"image\":{\"@id\":\"https:\/\/www.tts-freunde.de\/blog\/#\/schema\/logo\/image\/\"}},{\"@type\":\"Person\",\"@id\":\"https:\/\/www.tts-freunde.de\/blog\/#\/schema\/person\/b67f6a54e98f013bd281dbe05514b701\",\"name\":\"admin\",\"image\":{\"@type\":\"ImageObject\",\"inLanguage\":\"de\",\"@id\":\"https:\/\/www.tts-freunde.de\/blog\/#\/schema\/person\/image\/\",\"url\":\"https:\/\/secure.gravatar.com\/avatar\/08a4bd330e25056ddb430c28136b38a6?s=96&d=mm&r=g\",\"contentUrl\":\"https:\/\/secure.gravatar.com\/avatar\/08a4bd330e25056ddb430c28136b38a6?s=96&d=mm&r=g\",\"caption\":\"admin\"},\"sameAs\":[\"http:\/\/www.tts-freunde.de\"],\"url\":\"https:\/\/www.tts-freunde.de\/blog\/author\/admin\/\"}]}<\/script>\n<!-- \/ Yoast SEO plugin. -->","yoast_head_json":{"title":"Audi steigert Absatz im ersten Halbjahr um 5,6 Prozent - Audi Blog","robots":{"index":"index","follow":"follow","max-snippet":"max-snippet:-1","max-image-preview":"max-image-preview:large","max-video-preview":"max-video-preview:-1"},"canonical":"https:\/\/www.tts-freunde.de\/blog\/2016\/07\/11\/audi-steigert-absatz-im-ersten-halbjahr-um-56-prozent\/","og_locale":"de_DE","og_type":"article","og_title":"Audi steigert Absatz im ersten Halbjahr um 5,6 Prozent - Audi Blog","og_description":"Weltweit rund 953.200\u00a0Auslieferungen seit Jahresbeginn; Verk\u00e4ufe im\u00a0Juni plus 7,4\u00a0Prozent auf rund 169.000\u00a0Einheiten Vertriebschef Dietmar\u00a0Voggenreiter: \u201eSt\u00e4rken unser Portfolio mit neuen Technologien und Konzepten\u201c Marktstart f\u00fcr \u00fcberarbeiteten Audi\u00a0A3, neuen A5 und Q2 in der zweiten Jahresh\u00e4lfte Positive Halbjahresbilanz f\u00fcr die Vier Ringe: Mit rund 953.200 ausgelieferten Einheiten steigerte die AUDI AG ihre [&hellip;]","og_url":"https:\/\/www.tts-freunde.de\/blog\/2016\/07\/11\/audi-steigert-absatz-im-ersten-halbjahr-um-56-prozent\/","og_site_name":"Audi Blog","article_published_time":"2016-07-11T10:35:17+00:00","og_image":[{"width":1160,"height":820,"url":"https:\/\/www.tts-freunde.de\/blog\/wp-content\/uploads\/2016\/07\/Audittroadster.jpg","type":"image\/jpeg"}],"author":"admin","twitter_card":"summary_large_image","twitter_misc":{"Verfasst von":"admin","Gesch\u00e4tzte Lesezeit":"3\u00a0Minuten"},"schema":{"@context":"https:\/\/schema.org","@graph":[{"@type":"Article","@id":"https:\/\/www.tts-freunde.de\/blog\/2016\/07\/11\/audi-steigert-absatz-im-ersten-halbjahr-um-56-prozent\/#article","isPartOf":{"@id":"https:\/\/www.tts-freunde.de\/blog\/2016\/07\/11\/audi-steigert-absatz-im-ersten-halbjahr-um-56-prozent\/"},"author":{"name":"admin","@id":"https:\/\/www.tts-freunde.de\/blog\/#\/schema\/person\/b67f6a54e98f013bd281dbe05514b701"},"headline":"Audi steigert Absatz im ersten Halbjahr um 5,6 Prozent","datePublished":"2016-07-11T10:35:17+00:00","dateModified":"2016-07-11T10:35:17+00:00","mainEntityOfPage":{"@id":"https:\/\/www.tts-freunde.de\/blog\/2016\/07\/11\/audi-steigert-absatz-im-ersten-halbjahr-um-56-prozent\/"},"wordCount":635,"publisher":{"@id":"https:\/\/www.tts-freunde.de\/blog\/#organization"},"image":{"@id":"https:\/\/www.tts-freunde.de\/blog\/2016\/07\/11\/audi-steigert-absatz-im-ersten-halbjahr-um-56-prozent\/#primaryimage"},"thumbnailUrl":"https:\/\/www.tts-freunde.de\/blog\/wp-content\/uploads\/2016\/07\/Audittroadster.jpg","keywords":["audi"],"articleSection":["Audi AG"],"inLanguage":"de"},{"@type":"WebPage","@id":"https:\/\/www.tts-freunde.de\/blog\/2016\/07\/11\/audi-steigert-absatz-im-ersten-halbjahr-um-56-prozent\/","url":"https:\/\/www.tts-freunde.de\/blog\/2016\/07\/11\/audi-steigert-absatz-im-ersten-halbjahr-um-56-prozent\/","name":"Audi steigert Absatz im ersten Halbjahr um 5,6 Prozent - Audi Blog","isPartOf":{"@id":"https:\/\/www.tts-freunde.de\/blog\/#website"},"primaryImageOfPage":{"@id":"https:\/\/www.tts-freunde.de\/blog\/2016\/07\/11\/audi-steigert-absatz-im-ersten-halbjahr-um-56-prozent\/#primaryimage"},"image":{"@id":"https:\/\/www.tts-freunde.de\/blog\/2016\/07\/11\/audi-steigert-absatz-im-ersten-halbjahr-um-56-prozent\/#primaryimage"},"thumbnailUrl":"https:\/\/www.tts-freunde.de\/blog\/wp-content\/uploads\/2016\/07\/Audittroadster.jpg","datePublished":"2016-07-11T10:35:17+00:00","dateModified":"2016-07-11T10:35:17+00:00","breadcrumb":{"@id":"https:\/\/www.tts-freunde.de\/blog\/2016\/07\/11\/audi-steigert-absatz-im-ersten-halbjahr-um-56-prozent\/#breadcrumb"},"inLanguage":"de","potentialAction":[{"@type":"ReadAction","target":["https:\/\/www.tts-freunde.de\/blog\/2016\/07\/11\/audi-steigert-absatz-im-ersten-halbjahr-um-56-prozent\/"]}]},{"@type":"ImageObject","inLanguage":"de","@id":"https:\/\/www.tts-freunde.de\/blog\/2016\/07\/11\/audi-steigert-absatz-im-ersten-halbjahr-um-56-prozent\/#primaryimage","url":"https:\/\/www.tts-freunde.de\/blog\/wp-content\/uploads\/2016\/07\/Audittroadster.jpg","contentUrl":"https:\/\/www.tts-freunde.de\/blog\/wp-content\/uploads\/2016\/07\/Audittroadster.jpg","width":1160,"height":820},{"@type":"BreadcrumbList","@id":"https:\/\/www.tts-freunde.de\/blog\/2016\/07\/11\/audi-steigert-absatz-im-ersten-halbjahr-um-56-prozent\/#breadcrumb","itemListElement":[{"@type":"ListItem","position":1,"name":"Home","item":"https:\/\/www.tts-freunde.de\/blog\/"},{"@type":"ListItem","position":2,"name":"Audi steigert Absatz im ersten Halbjahr um 5,6 Prozent"}]},{"@type":"WebSite","@id":"https:\/\/www.tts-freunde.de\/blog\/#website","url":"https:\/\/www.tts-freunde.de\/blog\/","name":"Audi Blog","description":"Deutscher Audi Blog - TTS-Freunde","publisher":{"@id":"https:\/\/www.tts-freunde.de\/blog\/#organization"},"potentialAction":[{"@type":"SearchAction","target":{"@type":"EntryPoint","urlTemplate":"https:\/\/www.tts-freunde.de\/blog\/?s={search_term_string}"},"query-input":"required name=search_term_string"}],"inLanguage":"de"},{"@type":"Organization","@id":"https:\/\/www.tts-freunde.de\/blog\/#organization","name":"Audi Blog","url":"https:\/\/www.tts-freunde.de\/blog\/","logo":{"@type":"ImageObject","inLanguage":"de","@id":"https:\/\/www.tts-freunde.de\/blog\/#\/schema\/logo\/image\/","url":"https:\/\/www.tts-freunde.de\/blog\/wp-content\/uploads\/2022\/12\/logo_2022.jpg","contentUrl":"https:\/\/www.tts-freunde.de\/blog\/wp-content\/uploads\/2022\/12\/logo_2022.jpg","width":240,"height":41,"caption":"Audi Blog"},"image":{"@id":"https:\/\/www.tts-freunde.de\/blog\/#\/schema\/logo\/image\/"}},{"@type":"Person","@id":"https:\/\/www.tts-freunde.de\/blog\/#\/schema\/person\/b67f6a54e98f013bd281dbe05514b701","name":"admin","image":{"@type":"ImageObject","inLanguage":"de","@id":"https:\/\/www.tts-freunde.de\/blog\/#\/schema\/person\/image\/","url":"https:\/\/secure.gravatar.com\/avatar\/08a4bd330e25056ddb430c28136b38a6?s=96&d=mm&r=g","contentUrl":"https:\/\/secure.gravatar.com\/avatar\/08a4bd330e25056ddb430c28136b38a6?s=96&d=mm&r=g","caption":"admin"},"sameAs":["http:\/\/www.tts-freunde.de"],"url":"https:\/\/www.tts-freunde.de\/blog\/author\/admin\/"}]}},"jetpack_sharing_enabled":true,"jetpack_featured_media_url":"https:\/\/www.tts-freunde.de\/blog\/wp-content\/uploads\/2016\/07\/Audittroadster.jpg","jetpack_shortlink":"https:\/\/wp.me\/p67hWW-Nq","jetpack_likes_enabled":false,"jetpack-related-posts":[],"_links":{"self":[{"href":"https:\/\/www.tts-freunde.de\/blog\/wp-json\/wp\/v2\/posts\/3064"}],"collection":[{"href":"https:\/\/www.tts-freunde.de\/blog\/wp-json\/wp\/v2\/posts"}],"about":[{"href":"https:\/\/www.tts-freunde.de\/blog\/wp-json\/wp\/v2\/types\/post"}],"author":[{"embeddable":true,"href":"https:\/\/www.tts-freunde.de\/blog\/wp-json\/wp\/v2\/users\/1"}],"replies":[{"embeddable":true,"href":"https:\/\/www.tts-freunde.de\/blog\/wp-json\/wp\/v2\/comments?post=3064"}],"version-history":[{"count":1,"href":"https:\/\/www.tts-freunde.de\/blog\/wp-json\/wp\/v2\/posts\/3064\/revisions"}],"predecessor-version":[{"id":3066,"href":"https:\/\/www.tts-freunde.de\/blog\/wp-json\/wp\/v2\/posts\/3064\/revisions\/3066"}],"wp:featuredmedia":[{"embeddable":true,"href":"https:\/\/www.tts-freunde.de\/blog\/wp-json\/wp\/v2\/media\/3065"}],"wp:attachment":[{"href":"https:\/\/www.tts-freunde.de\/blog\/wp-json\/wp\/v2\/media?parent=3064"}],"wp:term":[{"taxonomy":"category","embeddable":true,"href":"https:\/\/www.tts-freunde.de\/blog\/wp-json\/wp\/v2\/categories?post=3064"},{"taxonomy":"post_tag","embeddable":true,"href":"https:\/\/www.tts-freunde.de\/blog\/wp-json\/wp\/v2\/tags?post=3064"}],"curies":[{"name":"wp","href":"https:\/\/api.w.org\/{rel}","templated":true}]}}