{"id":3067,"date":"2016-07-11T17:36:06","date_gmt":"2016-07-11T15:36:06","guid":{"rendered":"http:\/\/tts-freunde.de\/blog\/?p=3067"},"modified":"2016-07-11T12:37:55","modified_gmt":"2016-07-11T10:37:55","slug":"%e2%80%8baudi-und-zandvoort-beste-erinnerungen","status":"publish","type":"post","link":"https:\/\/www.tts-freunde.de\/blog\/2016\/07\/11\/%e2%80%8baudi-und-zandvoort-beste-erinnerungen\/","title":{"rendered":"\u200bAudi und Zandvoort: beste Erinnerungen"},"content":{"rendered":"<div id=\"item-b3cc014d-44be-4b30-ab07-f6745534243d\" class=\"page-item--column col-sm-4\">\n<div class=\"custom-padding\">\n<div class=\"page-row has-no-item-box\">\n<div id=\"item-2934fe63-3d51-44fe-86e7-6c7db61181fc\" class=\"page-item--topic-list\">\n<div class=\"topic-list\">\n<ul>\n<li>Schon acht Siege f\u00fcr Audi beim niederl\u00e4ndischen DTM-Gastspiel<\/li>\n<li>Mattias Ekstr\u00f6m DTM-Rekordsieger auf dem D\u00fcnenkurs<\/li>\n<li>Alle acht Audi-Piloten mit pers\u00f6nlichen Zandvoort-Highlights<\/li>\n<\/ul>\n<div class=\"page-row has-no-item-box\">\n<div id=\"item-57918424-a1b9-492a-be0c-f54ae65411e2\" class=\"page-item--intro\">\n<div class=\"intro-text\">\n<p style=\"text-align: justify;\"><img loading=\"lazy\" decoding=\"async\" data-attachment-id=\"1412\" data-permalink=\"https:\/\/www.tts-freunde.de\/blog\/2015\/09\/21\/wichtiges-dtm-wochenende-fuer-audi\/dtm-rs5\/\" data-orig-file=\"https:\/\/www.tts-freunde.de\/blog\/wp-content\/uploads\/2015\/09\/DTM-RS5.jpg\" data-orig-size=\"1160,820\" data-comments-opened=\"0\" data-image-meta=\"{&quot;aperture&quot;:&quot;0&quot;,&quot;credit&quot;:&quot;&quot;,&quot;camera&quot;:&quot;&quot;,&quot;caption&quot;:&quot;&quot;,&quot;created_timestamp&quot;:&quot;0&quot;,&quot;copyright&quot;:&quot;&quot;,&quot;focal_length&quot;:&quot;0&quot;,&quot;iso&quot;:&quot;0&quot;,&quot;shutter_speed&quot;:&quot;0&quot;,&quot;title&quot;:&quot;&quot;,&quot;orientation&quot;:&quot;0&quot;}\" data-image-title=\"DTM RS5\" data-image-description=\"\" data-image-caption=\"\" data-medium-file=\"https:\/\/www.tts-freunde.de\/blog\/wp-content\/uploads\/2015\/09\/DTM-RS5-300x212.jpg\" data-large-file=\"https:\/\/www.tts-freunde.de\/blog\/wp-content\/uploads\/2015\/09\/DTM-RS5-1024x724.jpg\" tabindex=\"0\" role=\"button\" class=\"alignleft size-full wp-image-1412\" src=\"http:\/\/tts-freunde.de\/blog\/wp-content\/uploads\/2015\/09\/DTM-RS5.jpg\" alt=\"DTM RS5\" width=\"1160\" height=\"820\" srcset=\"https:\/\/www.tts-freunde.de\/blog\/wp-content\/uploads\/2015\/09\/DTM-RS5.jpg 1160w, https:\/\/www.tts-freunde.de\/blog\/wp-content\/uploads\/2015\/09\/DTM-RS5-300x212.jpg 300w, https:\/\/www.tts-freunde.de\/blog\/wp-content\/uploads\/2015\/09\/DTM-RS5-1024x724.jpg 1024w, https:\/\/www.tts-freunde.de\/blog\/wp-content\/uploads\/2015\/09\/DTM-RS5-140x100.jpg 140w, https:\/\/www.tts-freunde.de\/blog\/wp-content\/uploads\/2015\/09\/DTM-RS5-50x35.jpg 50w\" sizes=\"(max-width: 1160px) 100vw, 1160px\" \/><\/p>\n<p style=\"text-align: justify;\">Wenn es eine DTM-Veranstaltung gibt, von der alle Audi-Piloten gleicherma\u00dfen schw\u00e4rmen, dann ist es Zandvoort. Der Traditionskurs an der niederl\u00e4ndischen Nordseek\u00fcste ist seit 2001 fester Bestandteil der DTM und steht am kommenden Wochenende (15.\u201317. Juli) auf dem Programm.<\/p>\n<\/div>\n<\/div>\n<\/div>\n<div class=\"page-row has-no-item-box\">\n<div id=\"item-56a5832a-09b5-42b7-b3ab-f40799ebb7be\" class=\"page-item--text\">\n<div class=\"style-links-for-body-text\">\n<p style=\"text-align: justify;\">Wer die DTM-Piloten nach ihrer Lieblingsstrecke fragt, bekommt fast jedes Mal die Antwort: \u201eZandvoort!\u201c Das 4,307 Kilometer lange Asphaltband in den D\u00fcnen bei Amsterdam gilt als Rennstrecke alter Schule, die die Spreu vom Weizen trennt. \u201eEs gibt viele sch\u00f6ne Kurven in tollen Kombinationen, es geht rauf und runter, der Kurs hat einen herrlichen Rhythmus\u201c, schw\u00e4rmt Mattias Ekstr\u00f6m. \u201eAm meisten mag ich die Kurven, in die man sozusagen blind hineinf\u00e4hrt \u2013 da brauchst du viel Vertrauen in dein Auto.\u201c<\/p>\n<p style=\"text-align: justify;\">Niemand hat beim niederl\u00e4ndischen DTM-Gastspiel h\u00e4ufiger gewonnen als der Schwede aus dem Audi Sport Team Abt Sportsline. Bereits viermal stand Ekstr\u00f6m dort ganz oben auf dem Siegerpodest, zuletzt 2014. Am liebsten denkt der Zandvoort-Rekordsieger an das Rennen im September 2002 zur\u00fcck: \u201eDamals habe ich in Zandvoort meinen ersten Sieg in der DTM \u00fcberhaupt geschafft, und mein Teamkollege Laurent Aiello wurde DTM-Champion.\u201c<\/p>\n<p style=\"text-align: justify;\">Auch die anderen Audi-Piloten m\u00fcssen nicht lange \u00fcberlegen, wenn sie ihr sch\u00f6nstes Zandvoort-Erlebnis erz\u00e4hlen sollen. \u201eBei mir war es nat\u00fcrlich mein Titelgewinn im Jahr 2013\u201c, sagt Mike Rockenfeller, der zwei Jahre zuvor in Zandvoort auch seinen ersten Sieg in der DTM feierte. \u201eIch hoffe, wir k\u00f6nnen nach dem schwierigen Saisonstart in diesem Jahr an diese Erfolge ankn\u00fcpfen.\u201c<\/p>\n<p style=\"text-align: justify;\">Edoardo Mortara, mit nur zwei Punkten R\u00fcckstand auf Tabellenf\u00fchrer Marco Wittmann (BMW) aktuell bestplatzierter Audi-Pilot, ist ebenfalls ein gro\u00dfer Fan des D\u00fcnenkurses. Sein bisher bester Moment? \u201eMein Sieg 2012.\u201c<\/p>\n<p style=\"text-align: justify;\">Timo Scheider verbindet mit Zandvoort seine erste Pole-Position in der DTM in der Saison 2003. Jamie Green gewann 2004 in Zandvoort das Sonntagsrennen der damaligen Formel-3-Euroserie und sicherte sich damit vorzeitig den Meistertitel.<\/p>\n<p style=\"text-align: justify;\">Adrien Tambay denkt genau wie Edoardo Mortara gern an 2012 zur\u00fcck: \u201eEs war mein erstes Jahr in der DTM, und ich habe in Zandvoort mit Platz f\u00fcnf meine ersten DTM-Punkte geholt \u2013 unter schwierigen Bedingungen, denn es begann im Rennen pl\u00f6tzlich zu regnen.\u201c<\/p>\n<p style=\"text-align: justify;\">Miguel Molinas pers\u00f6nliches Zandvoort-Highlight stammt ebenfalls aus seiner Premierensaison in der DTM. \u201e2010 habe ich in Zandvoort erstmals den Sprung in das damalige Einzelzeitfahren der besten vier geschafft, erstmals um ein Podium gek\u00e4mpft und mit Platz f\u00fcnf mein bis dahin bestes Ergebnis in der DTM erzielt.\u201c<\/p>\n<p style=\"text-align: justify;\">Auch Nico M\u00fcller k\u00e4mpfte 2014 in seiner ersten DTM-Saison in Zandvoort auf Anhieb um ein Podium. \u201eLeider kam dann ein Safety-Car zum falschen Zeitpunkt f\u00fcr mich und hat alles zunichtegemacht.\u201c<\/p>\n<p style=\"text-align: justify;\">M\u00fcller ist einer der Hauptdarsteller der laufenden DTM-Saison und hat am Norisring zuletzt seinen ersten Sieg gefeiert. \u201eWenn man einmal ganz oben auf dem Podium steht, wird man definitiv s\u00fcchtig nach mehr\u201c, sagt der Youngster aus der Schweiz. \u201eVon mir aus kann es gleich in Zandvoort so weitergehen.\u201c<\/p>\n<p style=\"text-align: justify;\">Dem kann sich Dieter Gass, Leiter DTM bei Audi Sport, nur anschlie\u00dfen: \u201eIm vergangenen Jahr sind wir in Zandvoort \u2013 auch aufgrund der Performance-Gewichte \u2013 hinter unseren Erwartungen zur\u00fcckgeblieben. Es w\u00e4re sch\u00f6n, zu alter St\u00e4rke zur\u00fcckzufinden. Wir haben dort schon acht Rennen gewonnen und kommen immer wieder gerne nach Zandvoort. Das ist eine \u201aechte\u2018 Rennstrecke, die wenig Fehler verzeiht. Der Kurs ist anspruchsvoll f\u00fcr die Fahrer und f\u00fcr die Reifen. Das \u00dcberholen ist nicht einfach, daher ist das Qualifying extrem wichtig.\u201c<\/p>\n<\/div>\n<\/div>\n<\/div>\n<\/div>\n<\/div>\n<\/div>\n<\/div>\n<\/div>\n","protected":false},"excerpt":{"rendered":"<p>Schon acht Siege f\u00fcr Audi beim niederl\u00e4ndischen DTM-Gastspiel Mattias Ekstr\u00f6m DTM-Rekordsieger auf dem D\u00fcnenkurs Alle acht Audi-Piloten mit pers\u00f6nlichen Zandvoort-Highlights Wenn es eine DTM-Veranstaltung gibt, von der alle Audi-Piloten gleicherma\u00dfen schw\u00e4rmen, dann ist es Zandvoort. Der Traditionskurs an der niederl\u00e4ndischen Nordseek\u00fcste ist seit 2001 fester Bestandteil der DTM und steht [&hellip;]<\/p>\n","protected":false},"author":1,"featured_media":2539,"comment_status":"closed","ping_status":"open","sticky":false,"template":"","format":"standard","meta":{"jetpack_post_was_ever_published":false,"_jetpack_newsletter_access":"","_jetpack_dont_email_post_to_subs":false,"_jetpack_newsletter_tier_id":0,"_jetpack_memberships_contains_paywalled_content":false,"_jetpack_memberships_contains_paid_content":false,"footnotes":"","jetpack_publicize_message":"\u200b#Audi und #Zandvoort: beste Erinnerungen #dtm","jetpack_publicize_feature_enabled":true,"jetpack_social_post_already_shared":true,"jetpack_social_options":{"image_generator_settings":{"template":"highway","enabled":false},"version":2}},"categories":[17],"tags":[],"class_list":["post-3067","post","type-post","status-publish","format-standard","has-post-thumbnail","hentry","category-audi-motorsport"],"wppr_data":{"cwp_meta_box_check":"No"},"jetpack_publicize_connections":[],"yoast_head":"<!-- This site is optimized with the Yoast SEO plugin v23.3 - https:\/\/yoast.com\/wordpress\/plugins\/seo\/ -->\n<title>\u200bAudi und Zandvoort: beste Erinnerungen - Audi Blog<\/title>\n<meta name=\"robots\" content=\"index, follow, max-snippet:-1, max-image-preview:large, max-video-preview:-1\" \/>\n<link rel=\"canonical\" href=\"https:\/\/www.tts-freunde.de\/blog\/2016\/07\/11\/\u200baudi-und-zandvoort-beste-erinnerungen\/\" \/>\n<meta property=\"og:locale\" content=\"de_DE\" \/>\n<meta property=\"og:type\" content=\"article\" \/>\n<meta property=\"og:title\" content=\"\u200bAudi und Zandvoort: beste Erinnerungen - Audi Blog\" \/>\n<meta property=\"og:description\" content=\"Schon acht Siege f\u00fcr Audi beim niederl\u00e4ndischen DTM-Gastspiel Mattias Ekstr\u00f6m DTM-Rekordsieger auf dem D\u00fcnenkurs Alle acht Audi-Piloten mit pers\u00f6nlichen Zandvoort-Highlights Wenn es eine DTM-Veranstaltung gibt, von der alle Audi-Piloten gleicherma\u00dfen schw\u00e4rmen, dann ist es Zandvoort. Der Traditionskurs an der niederl\u00e4ndischen Nordseek\u00fcste ist seit 2001 fester Bestandteil der DTM und steht [&hellip;]\" \/>\n<meta property=\"og:url\" content=\"https:\/\/www.tts-freunde.de\/blog\/2016\/07\/11\/\u200baudi-und-zandvoort-beste-erinnerungen\/\" \/>\n<meta property=\"og:site_name\" content=\"Audi Blog\" \/>\n<meta property=\"article:published_time\" content=\"2016-07-11T15:36:06+00:00\" \/>\n<meta property=\"article:modified_time\" content=\"2016-07-11T10:37:55+00:00\" \/>\n<meta property=\"og:image\" content=\"https:\/\/www.tts-freunde.de\/blog\/wp-content\/uploads\/2016\/04\/dtmrs5.jpg\" \/>\n\t<meta property=\"og:image:width\" content=\"1160\" \/>\n\t<meta property=\"og:image:height\" content=\"773\" \/>\n\t<meta property=\"og:image:type\" content=\"image\/jpeg\" \/>\n<meta name=\"author\" content=\"admin\" \/>\n<meta name=\"twitter:card\" content=\"summary_large_image\" \/>\n<meta name=\"twitter:label1\" content=\"Verfasst von\" \/>\n\t<meta name=\"twitter:data1\" content=\"admin\" \/>\n\t<meta name=\"twitter:label2\" content=\"Gesch\u00e4tzte Lesezeit\" \/>\n\t<meta name=\"twitter:data2\" content=\"3\u00a0Minuten\" \/>\n<script type=\"application\/ld+json\" class=\"yoast-schema-graph\">{\"@context\":\"https:\/\/schema.org\",\"@graph\":[{\"@type\":\"Article\",\"@id\":\"https:\/\/www.tts-freunde.de\/blog\/2016\/07\/11\/%e2%80%8baudi-und-zandvoort-beste-erinnerungen\/#article\",\"isPartOf\":{\"@id\":\"https:\/\/www.tts-freunde.de\/blog\/2016\/07\/11\/%e2%80%8baudi-und-zandvoort-beste-erinnerungen\/\"},\"author\":{\"name\":\"admin\",\"@id\":\"https:\/\/www.tts-freunde.de\/blog\/#\/schema\/person\/b67f6a54e98f013bd281dbe05514b701\"},\"headline\":\"\u200bAudi und Zandvoort: beste Erinnerungen\",\"datePublished\":\"2016-07-11T15:36:06+00:00\",\"dateModified\":\"2016-07-11T10:37:55+00:00\",\"mainEntityOfPage\":{\"@id\":\"https:\/\/www.tts-freunde.de\/blog\/2016\/07\/11\/%e2%80%8baudi-und-zandvoort-beste-erinnerungen\/\"},\"wordCount\":601,\"publisher\":{\"@id\":\"https:\/\/www.tts-freunde.de\/blog\/#organization\"},\"image\":{\"@id\":\"https:\/\/www.tts-freunde.de\/blog\/2016\/07\/11\/%e2%80%8baudi-und-zandvoort-beste-erinnerungen\/#primaryimage\"},\"thumbnailUrl\":\"https:\/\/www.tts-freunde.de\/blog\/wp-content\/uploads\/2016\/04\/dtmrs5.jpg\",\"articleSection\":[\"Audi Motorsport\"],\"inLanguage\":\"de\"},{\"@type\":\"WebPage\",\"@id\":\"https:\/\/www.tts-freunde.de\/blog\/2016\/07\/11\/%e2%80%8baudi-und-zandvoort-beste-erinnerungen\/\",\"url\":\"https:\/\/www.tts-freunde.de\/blog\/2016\/07\/11\/%e2%80%8baudi-und-zandvoort-beste-erinnerungen\/\",\"name\":\"\u200bAudi und Zandvoort: beste Erinnerungen - Audi Blog\",\"isPartOf\":{\"@id\":\"https:\/\/www.tts-freunde.de\/blog\/#website\"},\"primaryImageOfPage\":{\"@id\":\"https:\/\/www.tts-freunde.de\/blog\/2016\/07\/11\/%e2%80%8baudi-und-zandvoort-beste-erinnerungen\/#primaryimage\"},\"image\":{\"@id\":\"https:\/\/www.tts-freunde.de\/blog\/2016\/07\/11\/%e2%80%8baudi-und-zandvoort-beste-erinnerungen\/#primaryimage\"},\"thumbnailUrl\":\"https:\/\/www.tts-freunde.de\/blog\/wp-content\/uploads\/2016\/04\/dtmrs5.jpg\",\"datePublished\":\"2016-07-11T15:36:06+00:00\",\"dateModified\":\"2016-07-11T10:37:55+00:00\",\"breadcrumb\":{\"@id\":\"https:\/\/www.tts-freunde.de\/blog\/2016\/07\/11\/%e2%80%8baudi-und-zandvoort-beste-erinnerungen\/#breadcrumb\"},\"inLanguage\":\"de\",\"potentialAction\":[{\"@type\":\"ReadAction\",\"target\":[\"https:\/\/www.tts-freunde.de\/blog\/2016\/07\/11\/%e2%80%8baudi-und-zandvoort-beste-erinnerungen\/\"]}]},{\"@type\":\"ImageObject\",\"inLanguage\":\"de\",\"@id\":\"https:\/\/www.tts-freunde.de\/blog\/2016\/07\/11\/%e2%80%8baudi-und-zandvoort-beste-erinnerungen\/#primaryimage\",\"url\":\"https:\/\/www.tts-freunde.de\/blog\/wp-content\/uploads\/2016\/04\/dtmrs5.jpg\",\"contentUrl\":\"https:\/\/www.tts-freunde.de\/blog\/wp-content\/uploads\/2016\/04\/dtmrs5.jpg\",\"width\":1160,\"height\":773},{\"@type\":\"BreadcrumbList\",\"@id\":\"https:\/\/www.tts-freunde.de\/blog\/2016\/07\/11\/%e2%80%8baudi-und-zandvoort-beste-erinnerungen\/#breadcrumb\",\"itemListElement\":[{\"@type\":\"ListItem\",\"position\":1,\"name\":\"Home\",\"item\":\"https:\/\/www.tts-freunde.de\/blog\/\"},{\"@type\":\"ListItem\",\"position\":2,\"name\":\"\u200bAudi und Zandvoort: beste Erinnerungen\"}]},{\"@type\":\"WebSite\",\"@id\":\"https:\/\/www.tts-freunde.de\/blog\/#website\",\"url\":\"https:\/\/www.tts-freunde.de\/blog\/\",\"name\":\"Audi Blog\",\"description\":\"Deutscher Audi Blog - TTS-Freunde\",\"publisher\":{\"@id\":\"https:\/\/www.tts-freunde.de\/blog\/#organization\"},\"potentialAction\":[{\"@type\":\"SearchAction\",\"target\":{\"@type\":\"EntryPoint\",\"urlTemplate\":\"https:\/\/www.tts-freunde.de\/blog\/?s={search_term_string}\"},\"query-input\":\"required name=search_term_string\"}],\"inLanguage\":\"de\"},{\"@type\":\"Organization\",\"@id\":\"https:\/\/www.tts-freunde.de\/blog\/#organization\",\"name\":\"Audi Blog\",\"url\":\"https:\/\/www.tts-freunde.de\/blog\/\",\"logo\":{\"@type\":\"ImageObject\",\"inLanguage\":\"de\",\"@id\":\"https:\/\/www.tts-freunde.de\/blog\/#\/schema\/logo\/image\/\",\"url\":\"https:\/\/www.tts-freunde.de\/blog\/wp-content\/uploads\/2022\/12\/logo_2022.jpg\",\"contentUrl\":\"https:\/\/www.tts-freunde.de\/blog\/wp-content\/uploads\/2022\/12\/logo_2022.jpg\",\"width\":240,\"height\":41,\"caption\":\"Audi Blog\"},\"image\":{\"@id\":\"https:\/\/www.tts-freunde.de\/blog\/#\/schema\/logo\/image\/\"}},{\"@type\":\"Person\",\"@id\":\"https:\/\/www.tts-freunde.de\/blog\/#\/schema\/person\/b67f6a54e98f013bd281dbe05514b701\",\"name\":\"admin\",\"image\":{\"@type\":\"ImageObject\",\"inLanguage\":\"de\",\"@id\":\"https:\/\/www.tts-freunde.de\/blog\/#\/schema\/person\/image\/\",\"url\":\"https:\/\/secure.gravatar.com\/avatar\/08a4bd330e25056ddb430c28136b38a6?s=96&d=mm&r=g\",\"contentUrl\":\"https:\/\/secure.gravatar.com\/avatar\/08a4bd330e25056ddb430c28136b38a6?s=96&d=mm&r=g\",\"caption\":\"admin\"},\"sameAs\":[\"http:\/\/www.tts-freunde.de\"],\"url\":\"https:\/\/www.tts-freunde.de\/blog\/author\/admin\/\"}]}<\/script>\n<!-- \/ Yoast SEO plugin. -->","yoast_head_json":{"title":"\u200bAudi und Zandvoort: beste Erinnerungen - Audi Blog","robots":{"index":"index","follow":"follow","max-snippet":"max-snippet:-1","max-image-preview":"max-image-preview:large","max-video-preview":"max-video-preview:-1"},"canonical":"https:\/\/www.tts-freunde.de\/blog\/2016\/07\/11\/\u200baudi-und-zandvoort-beste-erinnerungen\/","og_locale":"de_DE","og_type":"article","og_title":"\u200bAudi und Zandvoort: beste Erinnerungen - Audi Blog","og_description":"Schon acht Siege f\u00fcr Audi beim niederl\u00e4ndischen DTM-Gastspiel Mattias Ekstr\u00f6m DTM-Rekordsieger auf dem D\u00fcnenkurs Alle acht Audi-Piloten mit pers\u00f6nlichen Zandvoort-Highlights Wenn es eine DTM-Veranstaltung gibt, von der alle Audi-Piloten gleicherma\u00dfen schw\u00e4rmen, dann ist es Zandvoort. Der Traditionskurs an der niederl\u00e4ndischen Nordseek\u00fcste ist seit 2001 fester Bestandteil der DTM und steht [&hellip;]","og_url":"https:\/\/www.tts-freunde.de\/blog\/2016\/07\/11\/\u200baudi-und-zandvoort-beste-erinnerungen\/","og_site_name":"Audi Blog","article_published_time":"2016-07-11T15:36:06+00:00","article_modified_time":"2016-07-11T10:37:55+00:00","og_image":[{"width":1160,"height":773,"url":"https:\/\/www.tts-freunde.de\/blog\/wp-content\/uploads\/2016\/04\/dtmrs5.jpg","type":"image\/jpeg"}],"author":"admin","twitter_card":"summary_large_image","twitter_misc":{"Verfasst von":"admin","Gesch\u00e4tzte Lesezeit":"3\u00a0Minuten"},"schema":{"@context":"https:\/\/schema.org","@graph":[{"@type":"Article","@id":"https:\/\/www.tts-freunde.de\/blog\/2016\/07\/11\/%e2%80%8baudi-und-zandvoort-beste-erinnerungen\/#article","isPartOf":{"@id":"https:\/\/www.tts-freunde.de\/blog\/2016\/07\/11\/%e2%80%8baudi-und-zandvoort-beste-erinnerungen\/"},"author":{"name":"admin","@id":"https:\/\/www.tts-freunde.de\/blog\/#\/schema\/person\/b67f6a54e98f013bd281dbe05514b701"},"headline":"\u200bAudi und Zandvoort: beste Erinnerungen","datePublished":"2016-07-11T15:36:06+00:00","dateModified":"2016-07-11T10:37:55+00:00","mainEntityOfPage":{"@id":"https:\/\/www.tts-freunde.de\/blog\/2016\/07\/11\/%e2%80%8baudi-und-zandvoort-beste-erinnerungen\/"},"wordCount":601,"publisher":{"@id":"https:\/\/www.tts-freunde.de\/blog\/#organization"},"image":{"@id":"https:\/\/www.tts-freunde.de\/blog\/2016\/07\/11\/%e2%80%8baudi-und-zandvoort-beste-erinnerungen\/#primaryimage"},"thumbnailUrl":"https:\/\/www.tts-freunde.de\/blog\/wp-content\/uploads\/2016\/04\/dtmrs5.jpg","articleSection":["Audi Motorsport"],"inLanguage":"de"},{"@type":"WebPage","@id":"https:\/\/www.tts-freunde.de\/blog\/2016\/07\/11\/%e2%80%8baudi-und-zandvoort-beste-erinnerungen\/","url":"https:\/\/www.tts-freunde.de\/blog\/2016\/07\/11\/%e2%80%8baudi-und-zandvoort-beste-erinnerungen\/","name":"\u200bAudi und Zandvoort: beste Erinnerungen - Audi Blog","isPartOf":{"@id":"https:\/\/www.tts-freunde.de\/blog\/#website"},"primaryImageOfPage":{"@id":"https:\/\/www.tts-freunde.de\/blog\/2016\/07\/11\/%e2%80%8baudi-und-zandvoort-beste-erinnerungen\/#primaryimage"},"image":{"@id":"https:\/\/www.tts-freunde.de\/blog\/2016\/07\/11\/%e2%80%8baudi-und-zandvoort-beste-erinnerungen\/#primaryimage"},"thumbnailUrl":"https:\/\/www.tts-freunde.de\/blog\/wp-content\/uploads\/2016\/04\/dtmrs5.jpg","datePublished":"2016-07-11T15:36:06+00:00","dateModified":"2016-07-11T10:37:55+00:00","breadcrumb":{"@id":"https:\/\/www.tts-freunde.de\/blog\/2016\/07\/11\/%e2%80%8baudi-und-zandvoort-beste-erinnerungen\/#breadcrumb"},"inLanguage":"de","potentialAction":[{"@type":"ReadAction","target":["https:\/\/www.tts-freunde.de\/blog\/2016\/07\/11\/%e2%80%8baudi-und-zandvoort-beste-erinnerungen\/"]}]},{"@type":"ImageObject","inLanguage":"de","@id":"https:\/\/www.tts-freunde.de\/blog\/2016\/07\/11\/%e2%80%8baudi-und-zandvoort-beste-erinnerungen\/#primaryimage","url":"https:\/\/www.tts-freunde.de\/blog\/wp-content\/uploads\/2016\/04\/dtmrs5.jpg","contentUrl":"https:\/\/www.tts-freunde.de\/blog\/wp-content\/uploads\/2016\/04\/dtmrs5.jpg","width":1160,"height":773},{"@type":"BreadcrumbList","@id":"https:\/\/www.tts-freunde.de\/blog\/2016\/07\/11\/%e2%80%8baudi-und-zandvoort-beste-erinnerungen\/#breadcrumb","itemListElement":[{"@type":"ListItem","position":1,"name":"Home","item":"https:\/\/www.tts-freunde.de\/blog\/"},{"@type":"ListItem","position":2,"name":"\u200bAudi und Zandvoort: beste Erinnerungen"}]},{"@type":"WebSite","@id":"https:\/\/www.tts-freunde.de\/blog\/#website","url":"https:\/\/www.tts-freunde.de\/blog\/","name":"Audi Blog","description":"Deutscher Audi Blog - TTS-Freunde","publisher":{"@id":"https:\/\/www.tts-freunde.de\/blog\/#organization"},"potentialAction":[{"@type":"SearchAction","target":{"@type":"EntryPoint","urlTemplate":"https:\/\/www.tts-freunde.de\/blog\/?s={search_term_string}"},"query-input":"required name=search_term_string"}],"inLanguage":"de"},{"@type":"Organization","@id":"https:\/\/www.tts-freunde.de\/blog\/#organization","name":"Audi Blog","url":"https:\/\/www.tts-freunde.de\/blog\/","logo":{"@type":"ImageObject","inLanguage":"de","@id":"https:\/\/www.tts-freunde.de\/blog\/#\/schema\/logo\/image\/","url":"https:\/\/www.tts-freunde.de\/blog\/wp-content\/uploads\/2022\/12\/logo_2022.jpg","contentUrl":"https:\/\/www.tts-freunde.de\/blog\/wp-content\/uploads\/2022\/12\/logo_2022.jpg","width":240,"height":41,"caption":"Audi Blog"},"image":{"@id":"https:\/\/www.tts-freunde.de\/blog\/#\/schema\/logo\/image\/"}},{"@type":"Person","@id":"https:\/\/www.tts-freunde.de\/blog\/#\/schema\/person\/b67f6a54e98f013bd281dbe05514b701","name":"admin","image":{"@type":"ImageObject","inLanguage":"de","@id":"https:\/\/www.tts-freunde.de\/blog\/#\/schema\/person\/image\/","url":"https:\/\/secure.gravatar.com\/avatar\/08a4bd330e25056ddb430c28136b38a6?s=96&d=mm&r=g","contentUrl":"https:\/\/secure.gravatar.com\/avatar\/08a4bd330e25056ddb430c28136b38a6?s=96&d=mm&r=g","caption":"admin"},"sameAs":["http:\/\/www.tts-freunde.de"],"url":"https:\/\/www.tts-freunde.de\/blog\/author\/admin\/"}]}},"jetpack_sharing_enabled":true,"jetpack_featured_media_url":"https:\/\/www.tts-freunde.de\/blog\/wp-content\/uploads\/2016\/04\/dtmrs5.jpg","jetpack_shortlink":"https:\/\/wp.me\/p67hWW-Nt","jetpack_likes_enabled":false,"jetpack-related-posts":[],"_links":{"self":[{"href":"https:\/\/www.tts-freunde.de\/blog\/wp-json\/wp\/v2\/posts\/3067"}],"collection":[{"href":"https:\/\/www.tts-freunde.de\/blog\/wp-json\/wp\/v2\/posts"}],"about":[{"href":"https:\/\/www.tts-freunde.de\/blog\/wp-json\/wp\/v2\/types\/post"}],"author":[{"embeddable":true,"href":"https:\/\/www.tts-freunde.de\/blog\/wp-json\/wp\/v2\/users\/1"}],"replies":[{"embeddable":true,"href":"https:\/\/www.tts-freunde.de\/blog\/wp-json\/wp\/v2\/comments?post=3067"}],"version-history":[{"count":1,"href":"https:\/\/www.tts-freunde.de\/blog\/wp-json\/wp\/v2\/posts\/3067\/revisions"}],"predecessor-version":[{"id":3068,"href":"https:\/\/www.tts-freunde.de\/blog\/wp-json\/wp\/v2\/posts\/3067\/revisions\/3068"}],"wp:featuredmedia":[{"embeddable":true,"href":"https:\/\/www.tts-freunde.de\/blog\/wp-json\/wp\/v2\/media\/2539"}],"wp:attachment":[{"href":"https:\/\/www.tts-freunde.de\/blog\/wp-json\/wp\/v2\/media?parent=3067"}],"wp:term":[{"taxonomy":"category","embeddable":true,"href":"https:\/\/www.tts-freunde.de\/blog\/wp-json\/wp\/v2\/categories?post=3067"},{"taxonomy":"post_tag","embeddable":true,"href":"https:\/\/www.tts-freunde.de\/blog\/wp-json\/wp\/v2\/tags?post=3067"}],"curies":[{"name":"wp","href":"https:\/\/api.w.org\/{rel}","templated":true}]}}