{"id":3125,"date":"2016-07-28T17:57:21","date_gmt":"2016-07-28T15:57:21","guid":{"rendered":"http:\/\/tts-freunde.de\/blog\/?p=3125"},"modified":"2016-07-28T17:57:21","modified_gmt":"2016-07-28T15:57:21","slug":"audi-sommerkonzerte-2016-schliessen-mit-gastspiel-aus-salzburg-ab","status":"publish","type":"post","link":"https:\/\/www.tts-freunde.de\/blog\/2016\/07\/28\/audi-sommerkonzerte-2016-schliessen-mit-gastspiel-aus-salzburg-ab\/","title":{"rendered":"Audi Sommerkonzerte 2016 schlie\u00dfen mit Gastspiel aus Salzburg ab"},"content":{"rendered":"<div id=\"item-5ced1593-7c21-40a5-a583-4fada5cf3b87\" class=\"page-item--column col-sm-4\">\n<div class=\"custom-padding\">\n<div class=\"page-row has-no-item-box\">\n<div id=\"item-5a73a488-9853-4135-9b0e-c5cb45ba2bca\" class=\"page-item--topic-list\">\n<div class=\"topic-list\">\n<ul>\n<li>32.000 Besucher insgesamt, 25.000 bei Klassik Open Air<\/li>\n<li>Eigene Opernproduktion \u201eIdomeneo\u201c<\/li>\n<li>Schlusspunkt des Vorsprung-Festivals mit \u201eBrahms-Requiem\u201c<\/li>\n<\/ul>\n<p><img loading=\"lazy\" decoding=\"async\" data-attachment-id=\"3126\" data-permalink=\"https:\/\/www.tts-freunde.de\/blog\/2016\/07\/28\/audi-sommerkonzerte-2016-schliessen-mit-gastspiel-aus-salzburg-ab\/audi-sommerkonzerte-2016\/\" data-orig-file=\"https:\/\/www.tts-freunde.de\/blog\/wp-content\/uploads\/2016\/07\/Audi-Sommerkonzerte-2016.jpg\" data-orig-size=\"1160,727\" data-comments-opened=\"0\" data-image-meta=\"{&quot;aperture&quot;:&quot;0&quot;,&quot;credit&quot;:&quot;&quot;,&quot;camera&quot;:&quot;&quot;,&quot;caption&quot;:&quot;&quot;,&quot;created_timestamp&quot;:&quot;0&quot;,&quot;copyright&quot;:&quot;&quot;,&quot;focal_length&quot;:&quot;0&quot;,&quot;iso&quot;:&quot;0&quot;,&quot;shutter_speed&quot;:&quot;0&quot;,&quot;title&quot;:&quot;&quot;,&quot;orientation&quot;:&quot;0&quot;}\" data-image-title=\"Audi Sommerkonzerte 2016\" data-image-description=\"\" data-image-caption=\"\" data-medium-file=\"https:\/\/www.tts-freunde.de\/blog\/wp-content\/uploads\/2016\/07\/Audi-Sommerkonzerte-2016-300x188.jpg\" data-large-file=\"https:\/\/www.tts-freunde.de\/blog\/wp-content\/uploads\/2016\/07\/Audi-Sommerkonzerte-2016-1024x642.jpg\" tabindex=\"0\" role=\"button\" class=\"size-full wp-image-3126 aligncenter\" src=\"http:\/\/tts-freunde.de\/blog\/wp-content\/uploads\/2016\/07\/Audi-Sommerkonzerte-2016.jpg\" alt=\"Audi Sommerkonzerte 2016\" width=\"1160\" height=\"727\" srcset=\"https:\/\/www.tts-freunde.de\/blog\/wp-content\/uploads\/2016\/07\/Audi-Sommerkonzerte-2016.jpg 1160w, https:\/\/www.tts-freunde.de\/blog\/wp-content\/uploads\/2016\/07\/Audi-Sommerkonzerte-2016-300x188.jpg 300w, https:\/\/www.tts-freunde.de\/blog\/wp-content\/uploads\/2016\/07\/Audi-Sommerkonzerte-2016-768x481.jpg 768w, https:\/\/www.tts-freunde.de\/blog\/wp-content\/uploads\/2016\/07\/Audi-Sommerkonzerte-2016-1024x642.jpg 1024w, https:\/\/www.tts-freunde.de\/blog\/wp-content\/uploads\/2016\/07\/Audi-Sommerkonzerte-2016-50x31.jpg 50w\" sizes=\"(max-width: 1160px) 100vw, 1160px\" \/><\/p>\n<div class=\"page-row has-no-item-box\">\n<div id=\"item-b753c45c-5fbc-4c57-ad5d-8dff0af09350\" class=\"page-item--intro\">\n<div class=\"intro-text\">\n<h2>Mit dem traditionellen Gastspiel der Salzburger Festspiele sind die Audi Sommerkonzerte 2016 zu Ende gegangen<\/h2>\n<p style=\"text-align: justify;\">Das Mozarteumorchester Salzburg und ein hochkar\u00e4tiges Solistenensemble unter der Leitung von Ottavio Dantone pr\u00e4sentierten am Mittwochabend eine konzertante Auff\u00fchrung von Mozarts \u201eCos\u00ec fan tutte\u201c. Das Vorsprung-Festival unter der k\u00fcnstlerischen Leitung von Kent Nagano endete mit einem Konzert des London Symphony Orchestras und der Audi Jugendchorakademie.<\/p>\n<\/div>\n<\/div>\n<\/div>\n<div class=\"page-row has-no-item-box\">\n<div id=\"item-a622a9e3-b090-408a-8bdf-2e62cd80b0b7\" class=\"page-item--text\">\n<div class=\"style-links-for-body-text\">\n<p style=\"text-align: justify;\">Seit 1. Juli begeisterten Weltklasse-K\u00fcnstler wie Annette Dasch oder Francesco Tristano in elf Veranstaltungen das Publikum. Vier Konzerte waren ausverkauft. Das Klassik Open Air im Klenzepark war erneut der gr\u00f6\u00dfte Publikumsmagnet: zu den beiden Konzerten str\u00f6mten insgesamt 25.000 Besucher.<\/p>\n<p style=\"text-align: justify;\">Im Zentrum der dritten Ausgabe des Vorsprung-Festivals mit Kent Nagano stand die Audi Jugendchorakademie. Der Chor trat bei der Auff\u00fchrung des \u201eIdomeneo\u201c von Mozart erstmals als Opernchor in Erscheinung. Hier \u00fcberzeugte auch ein herausragendes Solistenensemble um Christoph und Julian Pr\u00e9gardien. Die Eigenproduktion in der halbszenischen Umsetzung durch Peter Schmidt fand beim Publikum gro\u00dfen Zuspruch.<\/p>\n<p style=\"text-align: justify;\">Das letzte Konzert des Vorsprung-Festivals war zugleich der H\u00f6hepunkt des \u201eFestivals im Festival\u201c: in \u201eEin deutsches Requiem\u201c von Johannes Brahms \u00fcberzeugte die Audi Jugendchorakademie einmal mehr, gemeinsam mit dem London Symphony Orchestra.<\/p>\n<\/div>\n<\/div>\n<\/div>\n<\/div>\n<\/div>\n<\/div>\n<\/div>\n<\/div>\n","protected":false},"excerpt":{"rendered":"<p>32.000 Besucher insgesamt, 25.000 bei Klassik Open Air Eigene Opernproduktion \u201eIdomeneo\u201c Schlusspunkt des Vorsprung-Festivals mit \u201eBrahms-Requiem\u201c Mit dem traditionellen Gastspiel der Salzburger Festspiele sind die Audi Sommerkonzerte 2016 zu Ende gegangen Das Mozarteumorchester Salzburg und ein hochkar\u00e4tiges Solistenensemble unter der Leitung von Ottavio Dantone pr\u00e4sentierten am Mittwochabend eine konzertante Auff\u00fchrung [&hellip;]<\/p>\n","protected":false},"author":1,"featured_media":3126,"comment_status":"closed","ping_status":"open","sticky":false,"template":"","format":"standard","meta":{"jetpack_post_was_ever_published":false,"_jetpack_newsletter_access":"","_jetpack_dont_email_post_to_subs":false,"_jetpack_newsletter_tier_id":0,"_jetpack_memberships_contains_paywalled_content":false,"_jetpack_memberships_contains_paid_content":false,"footnotes":"","jetpack_publicize_message":"#Audi #Sommerkonzerte 2016 schlie\u00dfen mit Gastspiel aus #Salzburg ab","jetpack_publicize_feature_enabled":true,"jetpack_social_post_already_shared":true,"jetpack_social_options":{"image_generator_settings":{"template":"highway","enabled":false},"version":2}},"categories":[16],"tags":[],"class_list":["post-3125","post","type-post","status-publish","format-standard","has-post-thumbnail","hentry","category-audi-ag"],"wppr_data":{"cwp_meta_box_check":"No"},"jetpack_publicize_connections":[],"yoast_head":"<!-- This site is optimized with the Yoast SEO plugin v23.3 - https:\/\/yoast.com\/wordpress\/plugins\/seo\/ -->\n<title>Audi Sommerkonzerte 2016 schlie\u00dfen mit Gastspiel aus Salzburg ab - Audi Blog<\/title>\n<meta name=\"robots\" content=\"index, follow, max-snippet:-1, max-image-preview:large, max-video-preview:-1\" \/>\n<link rel=\"canonical\" href=\"https:\/\/www.tts-freunde.de\/blog\/2016\/07\/28\/audi-sommerkonzerte-2016-schliessen-mit-gastspiel-aus-salzburg-ab\/\" \/>\n<meta property=\"og:locale\" content=\"de_DE\" \/>\n<meta property=\"og:type\" content=\"article\" \/>\n<meta property=\"og:title\" content=\"Audi Sommerkonzerte 2016 schlie\u00dfen mit Gastspiel aus Salzburg ab - Audi Blog\" \/>\n<meta property=\"og:description\" content=\"32.000 Besucher insgesamt, 25.000 bei Klassik Open Air Eigene Opernproduktion \u201eIdomeneo\u201c Schlusspunkt des Vorsprung-Festivals mit \u201eBrahms-Requiem\u201c Mit dem traditionellen Gastspiel der Salzburger Festspiele sind die Audi Sommerkonzerte 2016 zu Ende gegangen Das Mozarteumorchester Salzburg und ein hochkar\u00e4tiges Solistenensemble unter der Leitung von Ottavio Dantone pr\u00e4sentierten am Mittwochabend eine konzertante Auff\u00fchrung [&hellip;]\" \/>\n<meta property=\"og:url\" content=\"https:\/\/www.tts-freunde.de\/blog\/2016\/07\/28\/audi-sommerkonzerte-2016-schliessen-mit-gastspiel-aus-salzburg-ab\/\" \/>\n<meta property=\"og:site_name\" content=\"Audi Blog\" \/>\n<meta property=\"article:published_time\" content=\"2016-07-28T15:57:21+00:00\" \/>\n<meta property=\"og:image\" content=\"https:\/\/www.tts-freunde.de\/blog\/wp-content\/uploads\/2016\/07\/Audi-Sommerkonzerte-2016.jpg\" \/>\n\t<meta property=\"og:image:width\" content=\"1160\" \/>\n\t<meta property=\"og:image:height\" content=\"727\" \/>\n\t<meta property=\"og:image:type\" content=\"image\/jpeg\" \/>\n<meta name=\"author\" content=\"admin\" \/>\n<meta name=\"twitter:card\" content=\"summary_large_image\" \/>\n<meta name=\"twitter:label1\" content=\"Verfasst von\" \/>\n\t<meta name=\"twitter:data1\" content=\"admin\" \/>\n\t<meta name=\"twitter:label2\" content=\"Gesch\u00e4tzte Lesezeit\" \/>\n\t<meta name=\"twitter:data2\" content=\"1\u00a0Minute\" \/>\n<script type=\"application\/ld+json\" class=\"yoast-schema-graph\">{\"@context\":\"https:\/\/schema.org\",\"@graph\":[{\"@type\":\"Article\",\"@id\":\"https:\/\/www.tts-freunde.de\/blog\/2016\/07\/28\/audi-sommerkonzerte-2016-schliessen-mit-gastspiel-aus-salzburg-ab\/#article\",\"isPartOf\":{\"@id\":\"https:\/\/www.tts-freunde.de\/blog\/2016\/07\/28\/audi-sommerkonzerte-2016-schliessen-mit-gastspiel-aus-salzburg-ab\/\"},\"author\":{\"name\":\"admin\",\"@id\":\"https:\/\/www.tts-freunde.de\/blog\/#\/schema\/person\/b67f6a54e98f013bd281dbe05514b701\"},\"headline\":\"Audi Sommerkonzerte 2016 schlie\u00dfen mit Gastspiel aus Salzburg ab\",\"datePublished\":\"2016-07-28T15:57:21+00:00\",\"dateModified\":\"2016-07-28T15:57:21+00:00\",\"mainEntityOfPage\":{\"@id\":\"https:\/\/www.tts-freunde.de\/blog\/2016\/07\/28\/audi-sommerkonzerte-2016-schliessen-mit-gastspiel-aus-salzburg-ab\/\"},\"wordCount\":216,\"publisher\":{\"@id\":\"https:\/\/www.tts-freunde.de\/blog\/#organization\"},\"image\":{\"@id\":\"https:\/\/www.tts-freunde.de\/blog\/2016\/07\/28\/audi-sommerkonzerte-2016-schliessen-mit-gastspiel-aus-salzburg-ab\/#primaryimage\"},\"thumbnailUrl\":\"https:\/\/www.tts-freunde.de\/blog\/wp-content\/uploads\/2016\/07\/Audi-Sommerkonzerte-2016.jpg\",\"articleSection\":[\"Audi AG\"],\"inLanguage\":\"de\"},{\"@type\":\"WebPage\",\"@id\":\"https:\/\/www.tts-freunde.de\/blog\/2016\/07\/28\/audi-sommerkonzerte-2016-schliessen-mit-gastspiel-aus-salzburg-ab\/\",\"url\":\"https:\/\/www.tts-freunde.de\/blog\/2016\/07\/28\/audi-sommerkonzerte-2016-schliessen-mit-gastspiel-aus-salzburg-ab\/\",\"name\":\"Audi Sommerkonzerte 2016 schlie\u00dfen mit Gastspiel aus Salzburg ab - Audi Blog\",\"isPartOf\":{\"@id\":\"https:\/\/www.tts-freunde.de\/blog\/#website\"},\"primaryImageOfPage\":{\"@id\":\"https:\/\/www.tts-freunde.de\/blog\/2016\/07\/28\/audi-sommerkonzerte-2016-schliessen-mit-gastspiel-aus-salzburg-ab\/#primaryimage\"},\"image\":{\"@id\":\"https:\/\/www.tts-freunde.de\/blog\/2016\/07\/28\/audi-sommerkonzerte-2016-schliessen-mit-gastspiel-aus-salzburg-ab\/#primaryimage\"},\"thumbnailUrl\":\"https:\/\/www.tts-freunde.de\/blog\/wp-content\/uploads\/2016\/07\/Audi-Sommerkonzerte-2016.jpg\",\"datePublished\":\"2016-07-28T15:57:21+00:00\",\"dateModified\":\"2016-07-28T15:57:21+00:00\",\"breadcrumb\":{\"@id\":\"https:\/\/www.tts-freunde.de\/blog\/2016\/07\/28\/audi-sommerkonzerte-2016-schliessen-mit-gastspiel-aus-salzburg-ab\/#breadcrumb\"},\"inLanguage\":\"de\",\"potentialAction\":[{\"@type\":\"ReadAction\",\"target\":[\"https:\/\/www.tts-freunde.de\/blog\/2016\/07\/28\/audi-sommerkonzerte-2016-schliessen-mit-gastspiel-aus-salzburg-ab\/\"]}]},{\"@type\":\"ImageObject\",\"inLanguage\":\"de\",\"@id\":\"https:\/\/www.tts-freunde.de\/blog\/2016\/07\/28\/audi-sommerkonzerte-2016-schliessen-mit-gastspiel-aus-salzburg-ab\/#primaryimage\",\"url\":\"https:\/\/www.tts-freunde.de\/blog\/wp-content\/uploads\/2016\/07\/Audi-Sommerkonzerte-2016.jpg\",\"contentUrl\":\"https:\/\/www.tts-freunde.de\/blog\/wp-content\/uploads\/2016\/07\/Audi-Sommerkonzerte-2016.jpg\",\"width\":1160,\"height\":727},{\"@type\":\"BreadcrumbList\",\"@id\":\"https:\/\/www.tts-freunde.de\/blog\/2016\/07\/28\/audi-sommerkonzerte-2016-schliessen-mit-gastspiel-aus-salzburg-ab\/#breadcrumb\",\"itemListElement\":[{\"@type\":\"ListItem\",\"position\":1,\"name\":\"Home\",\"item\":\"https:\/\/www.tts-freunde.de\/blog\/\"},{\"@type\":\"ListItem\",\"position\":2,\"name\":\"Audi Sommerkonzerte 2016 schlie\u00dfen mit Gastspiel aus Salzburg ab\"}]},{\"@type\":\"WebSite\",\"@id\":\"https:\/\/www.tts-freunde.de\/blog\/#website\",\"url\":\"https:\/\/www.tts-freunde.de\/blog\/\",\"name\":\"Audi Blog\",\"description\":\"Deutscher Audi Blog - TTS-Freunde\",\"publisher\":{\"@id\":\"https:\/\/www.tts-freunde.de\/blog\/#organization\"},\"potentialAction\":[{\"@type\":\"SearchAction\",\"target\":{\"@type\":\"EntryPoint\",\"urlTemplate\":\"https:\/\/www.tts-freunde.de\/blog\/?s={search_term_string}\"},\"query-input\":\"required name=search_term_string\"}],\"inLanguage\":\"de\"},{\"@type\":\"Organization\",\"@id\":\"https:\/\/www.tts-freunde.de\/blog\/#organization\",\"name\":\"Audi Blog\",\"url\":\"https:\/\/www.tts-freunde.de\/blog\/\",\"logo\":{\"@type\":\"ImageObject\",\"inLanguage\":\"de\",\"@id\":\"https:\/\/www.tts-freunde.de\/blog\/#\/schema\/logo\/image\/\",\"url\":\"https:\/\/www.tts-freunde.de\/blog\/wp-content\/uploads\/2022\/12\/logo_2022.jpg\",\"contentUrl\":\"https:\/\/www.tts-freunde.de\/blog\/wp-content\/uploads\/2022\/12\/logo_2022.jpg\",\"width\":240,\"height\":41,\"caption\":\"Audi Blog\"},\"image\":{\"@id\":\"https:\/\/www.tts-freunde.de\/blog\/#\/schema\/logo\/image\/\"}},{\"@type\":\"Person\",\"@id\":\"https:\/\/www.tts-freunde.de\/blog\/#\/schema\/person\/b67f6a54e98f013bd281dbe05514b701\",\"name\":\"admin\",\"image\":{\"@type\":\"ImageObject\",\"inLanguage\":\"de\",\"@id\":\"https:\/\/www.tts-freunde.de\/blog\/#\/schema\/person\/image\/\",\"url\":\"https:\/\/secure.gravatar.com\/avatar\/08a4bd330e25056ddb430c28136b38a6?s=96&d=mm&r=g\",\"contentUrl\":\"https:\/\/secure.gravatar.com\/avatar\/08a4bd330e25056ddb430c28136b38a6?s=96&d=mm&r=g\",\"caption\":\"admin\"},\"sameAs\":[\"http:\/\/www.tts-freunde.de\"],\"url\":\"https:\/\/www.tts-freunde.de\/blog\/author\/admin\/\"}]}<\/script>\n<!-- \/ Yoast SEO plugin. -->","yoast_head_json":{"title":"Audi Sommerkonzerte 2016 schlie\u00dfen mit Gastspiel aus Salzburg ab - Audi Blog","robots":{"index":"index","follow":"follow","max-snippet":"max-snippet:-1","max-image-preview":"max-image-preview:large","max-video-preview":"max-video-preview:-1"},"canonical":"https:\/\/www.tts-freunde.de\/blog\/2016\/07\/28\/audi-sommerkonzerte-2016-schliessen-mit-gastspiel-aus-salzburg-ab\/","og_locale":"de_DE","og_type":"article","og_title":"Audi Sommerkonzerte 2016 schlie\u00dfen mit Gastspiel aus Salzburg ab - Audi Blog","og_description":"32.000 Besucher insgesamt, 25.000 bei Klassik Open Air Eigene Opernproduktion \u201eIdomeneo\u201c Schlusspunkt des Vorsprung-Festivals mit \u201eBrahms-Requiem\u201c Mit dem traditionellen Gastspiel der Salzburger Festspiele sind die Audi Sommerkonzerte 2016 zu Ende gegangen Das Mozarteumorchester Salzburg und ein hochkar\u00e4tiges Solistenensemble unter der Leitung von Ottavio Dantone pr\u00e4sentierten am Mittwochabend eine konzertante Auff\u00fchrung [&hellip;]","og_url":"https:\/\/www.tts-freunde.de\/blog\/2016\/07\/28\/audi-sommerkonzerte-2016-schliessen-mit-gastspiel-aus-salzburg-ab\/","og_site_name":"Audi Blog","article_published_time":"2016-07-28T15:57:21+00:00","og_image":[{"width":1160,"height":727,"url":"https:\/\/www.tts-freunde.de\/blog\/wp-content\/uploads\/2016\/07\/Audi-Sommerkonzerte-2016.jpg","type":"image\/jpeg"}],"author":"admin","twitter_card":"summary_large_image","twitter_misc":{"Verfasst von":"admin","Gesch\u00e4tzte Lesezeit":"1\u00a0Minute"},"schema":{"@context":"https:\/\/schema.org","@graph":[{"@type":"Article","@id":"https:\/\/www.tts-freunde.de\/blog\/2016\/07\/28\/audi-sommerkonzerte-2016-schliessen-mit-gastspiel-aus-salzburg-ab\/#article","isPartOf":{"@id":"https:\/\/www.tts-freunde.de\/blog\/2016\/07\/28\/audi-sommerkonzerte-2016-schliessen-mit-gastspiel-aus-salzburg-ab\/"},"author":{"name":"admin","@id":"https:\/\/www.tts-freunde.de\/blog\/#\/schema\/person\/b67f6a54e98f013bd281dbe05514b701"},"headline":"Audi Sommerkonzerte 2016 schlie\u00dfen mit Gastspiel aus Salzburg ab","datePublished":"2016-07-28T15:57:21+00:00","dateModified":"2016-07-28T15:57:21+00:00","mainEntityOfPage":{"@id":"https:\/\/www.tts-freunde.de\/blog\/2016\/07\/28\/audi-sommerkonzerte-2016-schliessen-mit-gastspiel-aus-salzburg-ab\/"},"wordCount":216,"publisher":{"@id":"https:\/\/www.tts-freunde.de\/blog\/#organization"},"image":{"@id":"https:\/\/www.tts-freunde.de\/blog\/2016\/07\/28\/audi-sommerkonzerte-2016-schliessen-mit-gastspiel-aus-salzburg-ab\/#primaryimage"},"thumbnailUrl":"https:\/\/www.tts-freunde.de\/blog\/wp-content\/uploads\/2016\/07\/Audi-Sommerkonzerte-2016.jpg","articleSection":["Audi AG"],"inLanguage":"de"},{"@type":"WebPage","@id":"https:\/\/www.tts-freunde.de\/blog\/2016\/07\/28\/audi-sommerkonzerte-2016-schliessen-mit-gastspiel-aus-salzburg-ab\/","url":"https:\/\/www.tts-freunde.de\/blog\/2016\/07\/28\/audi-sommerkonzerte-2016-schliessen-mit-gastspiel-aus-salzburg-ab\/","name":"Audi Sommerkonzerte 2016 schlie\u00dfen mit Gastspiel aus Salzburg ab - Audi Blog","isPartOf":{"@id":"https:\/\/www.tts-freunde.de\/blog\/#website"},"primaryImageOfPage":{"@id":"https:\/\/www.tts-freunde.de\/blog\/2016\/07\/28\/audi-sommerkonzerte-2016-schliessen-mit-gastspiel-aus-salzburg-ab\/#primaryimage"},"image":{"@id":"https:\/\/www.tts-freunde.de\/blog\/2016\/07\/28\/audi-sommerkonzerte-2016-schliessen-mit-gastspiel-aus-salzburg-ab\/#primaryimage"},"thumbnailUrl":"https:\/\/www.tts-freunde.de\/blog\/wp-content\/uploads\/2016\/07\/Audi-Sommerkonzerte-2016.jpg","datePublished":"2016-07-28T15:57:21+00:00","dateModified":"2016-07-28T15:57:21+00:00","breadcrumb":{"@id":"https:\/\/www.tts-freunde.de\/blog\/2016\/07\/28\/audi-sommerkonzerte-2016-schliessen-mit-gastspiel-aus-salzburg-ab\/#breadcrumb"},"inLanguage":"de","potentialAction":[{"@type":"ReadAction","target":["https:\/\/www.tts-freunde.de\/blog\/2016\/07\/28\/audi-sommerkonzerte-2016-schliessen-mit-gastspiel-aus-salzburg-ab\/"]}]},{"@type":"ImageObject","inLanguage":"de","@id":"https:\/\/www.tts-freunde.de\/blog\/2016\/07\/28\/audi-sommerkonzerte-2016-schliessen-mit-gastspiel-aus-salzburg-ab\/#primaryimage","url":"https:\/\/www.tts-freunde.de\/blog\/wp-content\/uploads\/2016\/07\/Audi-Sommerkonzerte-2016.jpg","contentUrl":"https:\/\/www.tts-freunde.de\/blog\/wp-content\/uploads\/2016\/07\/Audi-Sommerkonzerte-2016.jpg","width":1160,"height":727},{"@type":"BreadcrumbList","@id":"https:\/\/www.tts-freunde.de\/blog\/2016\/07\/28\/audi-sommerkonzerte-2016-schliessen-mit-gastspiel-aus-salzburg-ab\/#breadcrumb","itemListElement":[{"@type":"ListItem","position":1,"name":"Home","item":"https:\/\/www.tts-freunde.de\/blog\/"},{"@type":"ListItem","position":2,"name":"Audi Sommerkonzerte 2016 schlie\u00dfen mit Gastspiel aus Salzburg ab"}]},{"@type":"WebSite","@id":"https:\/\/www.tts-freunde.de\/blog\/#website","url":"https:\/\/www.tts-freunde.de\/blog\/","name":"Audi Blog","description":"Deutscher Audi Blog - TTS-Freunde","publisher":{"@id":"https:\/\/www.tts-freunde.de\/blog\/#organization"},"potentialAction":[{"@type":"SearchAction","target":{"@type":"EntryPoint","urlTemplate":"https:\/\/www.tts-freunde.de\/blog\/?s={search_term_string}"},"query-input":"required name=search_term_string"}],"inLanguage":"de"},{"@type":"Organization","@id":"https:\/\/www.tts-freunde.de\/blog\/#organization","name":"Audi Blog","url":"https:\/\/www.tts-freunde.de\/blog\/","logo":{"@type":"ImageObject","inLanguage":"de","@id":"https:\/\/www.tts-freunde.de\/blog\/#\/schema\/logo\/image\/","url":"https:\/\/www.tts-freunde.de\/blog\/wp-content\/uploads\/2022\/12\/logo_2022.jpg","contentUrl":"https:\/\/www.tts-freunde.de\/blog\/wp-content\/uploads\/2022\/12\/logo_2022.jpg","width":240,"height":41,"caption":"Audi Blog"},"image":{"@id":"https:\/\/www.tts-freunde.de\/blog\/#\/schema\/logo\/image\/"}},{"@type":"Person","@id":"https:\/\/www.tts-freunde.de\/blog\/#\/schema\/person\/b67f6a54e98f013bd281dbe05514b701","name":"admin","image":{"@type":"ImageObject","inLanguage":"de","@id":"https:\/\/www.tts-freunde.de\/blog\/#\/schema\/person\/image\/","url":"https:\/\/secure.gravatar.com\/avatar\/08a4bd330e25056ddb430c28136b38a6?s=96&d=mm&r=g","contentUrl":"https:\/\/secure.gravatar.com\/avatar\/08a4bd330e25056ddb430c28136b38a6?s=96&d=mm&r=g","caption":"admin"},"sameAs":["http:\/\/www.tts-freunde.de"],"url":"https:\/\/www.tts-freunde.de\/blog\/author\/admin\/"}]}},"jetpack_sharing_enabled":true,"jetpack_featured_media_url":"https:\/\/www.tts-freunde.de\/blog\/wp-content\/uploads\/2016\/07\/Audi-Sommerkonzerte-2016.jpg","jetpack_shortlink":"https:\/\/wp.me\/p67hWW-Op","jetpack_likes_enabled":false,"jetpack-related-posts":[],"_links":{"self":[{"href":"https:\/\/www.tts-freunde.de\/blog\/wp-json\/wp\/v2\/posts\/3125"}],"collection":[{"href":"https:\/\/www.tts-freunde.de\/blog\/wp-json\/wp\/v2\/posts"}],"about":[{"href":"https:\/\/www.tts-freunde.de\/blog\/wp-json\/wp\/v2\/types\/post"}],"author":[{"embeddable":true,"href":"https:\/\/www.tts-freunde.de\/blog\/wp-json\/wp\/v2\/users\/1"}],"replies":[{"embeddable":true,"href":"https:\/\/www.tts-freunde.de\/blog\/wp-json\/wp\/v2\/comments?post=3125"}],"version-history":[{"count":1,"href":"https:\/\/www.tts-freunde.de\/blog\/wp-json\/wp\/v2\/posts\/3125\/revisions"}],"predecessor-version":[{"id":3127,"href":"https:\/\/www.tts-freunde.de\/blog\/wp-json\/wp\/v2\/posts\/3125\/revisions\/3127"}],"wp:featuredmedia":[{"embeddable":true,"href":"https:\/\/www.tts-freunde.de\/blog\/wp-json\/wp\/v2\/media\/3126"}],"wp:attachment":[{"href":"https:\/\/www.tts-freunde.de\/blog\/wp-json\/wp\/v2\/media?parent=3125"}],"wp:term":[{"taxonomy":"category","embeddable":true,"href":"https:\/\/www.tts-freunde.de\/blog\/wp-json\/wp\/v2\/categories?post=3125"},{"taxonomy":"post_tag","embeddable":true,"href":"https:\/\/www.tts-freunde.de\/blog\/wp-json\/wp\/v2\/tags?post=3125"}],"curies":[{"name":"wp","href":"https:\/\/api.w.org\/{rel}","templated":true}]}}