{"id":3494,"date":"2016-11-22T19:37:47","date_gmt":"2016-11-22T18:37:47","guid":{"rendered":"http:\/\/tts-freunde.de\/blog\/?p=3494"},"modified":"2016-11-22T19:37:47","modified_gmt":"2016-11-22T18:37:47","slug":"96-stunden-innovation-audi-r8-kreathon-in-den-boellinger-hoefen","status":"publish","type":"post","link":"https:\/\/www.tts-freunde.de\/blog\/2016\/11\/22\/96-stunden-innovation-audi-r8-kreathon-in-den-boellinger-hoefen\/","title":{"rendered":"96 Stunden Innovation: Audi R8-Kreathon in den B\u00f6llinger H\u00f6fen"},"content":{"rendered":"<div id=\"item-27532e86-f47c-4d51-8703-045c26aef3b1\" class=\"page-item--column col-sm-4\">\n<div class=\"custom-padding\">\n<div class=\"page-row has-no-item-box\">\n<div id=\"item-edb720d2-822f-4efa-9350-18743fcf58a2\" class=\"page-item--topic-list\">\n<div class=\"topic-list\">\n<ul>\n<li>Mehr als 40 Studierende t\u00fcfteln an innovativen Logistikl\u00f6sungen<\/li>\n<li>Kooperation mit dem KIT Karlsruhe und Technik-Anbieter \u201eConrad Electronic\u201c<\/li>\n<li>Wolfgang Schanz, Leiter Audi R8-Manufaktur:\u201eTeilnehmer gehen direkt auf Tuchf\u00fchlung mit der Produktion und der Logistik\u201c<\/li>\n<\/ul>\n<p><a href=\"http:\/\/tts-freunde.de\/blog\/wp-content\/uploads\/2016\/11\/Audi-R8-Produktion.jpg\"><img loading=\"lazy\" decoding=\"async\" data-attachment-id=\"3493\" data-permalink=\"https:\/\/www.tts-freunde.de\/blog\/2016\/11\/22\/96-stunden-innovation-audi-r8-kreathon-in-den-boellinger-hoefen\/audi-r8-produktion\/\" data-orig-file=\"https:\/\/www.tts-freunde.de\/blog\/wp-content\/uploads\/2016\/11\/Audi-R8-Produktion.jpg\" data-orig-size=\"1160,774\" data-comments-opened=\"0\" data-image-meta=\"{&quot;aperture&quot;:&quot;0&quot;,&quot;credit&quot;:&quot;&quot;,&quot;camera&quot;:&quot;&quot;,&quot;caption&quot;:&quot;&quot;,&quot;created_timestamp&quot;:&quot;0&quot;,&quot;copyright&quot;:&quot;&quot;,&quot;focal_length&quot;:&quot;0&quot;,&quot;iso&quot;:&quot;0&quot;,&quot;shutter_speed&quot;:&quot;0&quot;,&quot;title&quot;:&quot;&quot;,&quot;orientation&quot;:&quot;0&quot;}\" data-image-title=\"audi-r8-produktion\" data-image-description=\"\" data-image-caption=\"\" data-medium-file=\"https:\/\/www.tts-freunde.de\/blog\/wp-content\/uploads\/2016\/11\/Audi-R8-Produktion-300x200.jpg\" data-large-file=\"https:\/\/www.tts-freunde.de\/blog\/wp-content\/uploads\/2016\/11\/Audi-R8-Produktion-1024x683.jpg\" tabindex=\"0\" role=\"button\" class=\"aligncenter size-full wp-image-3493\" src=\"http:\/\/tts-freunde.de\/blog\/wp-content\/uploads\/2016\/11\/Audi-R8-Produktion.jpg\" alt=\"audi-r8-produktion\" width=\"1160\" height=\"774\" srcset=\"https:\/\/www.tts-freunde.de\/blog\/wp-content\/uploads\/2016\/11\/Audi-R8-Produktion.jpg 1160w, https:\/\/www.tts-freunde.de\/blog\/wp-content\/uploads\/2016\/11\/Audi-R8-Produktion-300x200.jpg 300w, https:\/\/www.tts-freunde.de\/blog\/wp-content\/uploads\/2016\/11\/Audi-R8-Produktion-768x512.jpg 768w, https:\/\/www.tts-freunde.de\/blog\/wp-content\/uploads\/2016\/11\/Audi-R8-Produktion-1024x683.jpg 1024w, https:\/\/www.tts-freunde.de\/blog\/wp-content\/uploads\/2016\/11\/Audi-R8-Produktion-50x33.jpg 50w\" sizes=\"(max-width: 1160px) 100vw, 1160px\" \/><\/a><\/p>\n<div class=\"page-row has-no-item-box\">\n<div id=\"item-f4023575-51e2-4617-8fd7-1ede8a6eb8ac\" class=\"page-item--intro\">\n<div class=\"intro-text\">\n<p>Vom 25. bis 28. November veranstaltet Audi Neckarsulm in Zusammenarbeit mit dem Institut f\u00fcr F\u00f6rdertechnik der KIT Karlsruhe und dem Technikh\u00e4ndler \u201eConrad Electronic\u201c den ersten Audi R8-Kreathon. Bei der Veranstaltung erarbeiten die Teilnehmer innerhalb von 96 Stunden kreative Hacks und innovative L\u00f6sungen f\u00fcr die Logistik der Manufaktur.<\/p>\n<\/div>\n<\/div>\n<\/div>\n<div class=\"page-row has-no-item-box\">\n<div id=\"item-e25de321-d08d-4a0d-9ef0-bb008353f5a8\" class=\"page-item--text\">\n<div class=\"style-links-for-body-text\">\n<p>In kreativer Atmosph\u00e4re entwickeln die Studierenden innovative Logistikl\u00f6sungen und gestalten den Materialfluss noch effizienter. Mehr als 40 Teilnehmer verbringen daf\u00fcr 96 Stunden Zeit in der R8-Manufaktur nahe dem Audi-Werk Neckarsulm. Diese wurde eigens f\u00fcr den Kreathon mit zus\u00e4tzlicher Technik ausger\u00fcstet, so dass die Teilnehmer dort die richtigen Voraussetzungen finden, um ihre kreativen Ideen sofort umzusetzen. Der Kreathon beginnt mit einem Austausch zwischen den Studierenden und Logistikexperten. Anschlie\u00dfend tauchen die Arbeitsgruppen tief in die Prozesse ein, entwickeln ihre Ideen zur Optimierung und basteln an Prototypen. Ihre Projekte stellen die Teilnehmer zum Abschluss einer Jury vor.<\/p>\n<p>\u201eDie R8-Manufaktur bietet eine gute B\u00fchne f\u00fcr den Kreathon, denn dank unserer Infrastruktur k\u00f6nnen die Teilnehmer direkt auf Tuchf\u00fchlung mit der Produktion und der Logistik gehen\u201c, sagt Wolfgang Schanz, Leiter der Audi R8-Manufaktur. Von den Teilnehmern erhofft sich auch Alexander M\u00fcller, Leiter Logistik der Audi R8-Manufaktur , dass sie mit ihrer unvorein-genommenen Sicht neue Inspirationen geben und die Digitalisierung der Audi-Logistik weiter voranbringen. \u201eMit dem Audi R8-Kreathon m\u00f6chten wir den kreativen Geist f\u00f6rdern. Wenn wir stets altbekannte Wege gehen, bleiben innovative L\u00f6sungen h\u00e4ufig auf der Strecke\u201c, sagt M\u00fcller.<\/p>\n<p>Damit die rauchenden K\u00f6pfe zwischendurch abk\u00fchlen, gibt es ein unterhaltsames Rahmen\u00adprogramm: Ein Gaming-Abend, ein DJ-Battle und ein Fu\u00dfballturnier mit ferngesteuerten Autos bieten Abwechslung.<\/p>\n<p>Audi Neckarsulm veranstaltet den Kreathon in Kooperation mit dem Institut f\u00fcr F\u00f6rdertechnik des KIT Karlsruhe. Laut Institutsleiter Kai Furmans habe sich durch die Zusammenarbeit mit der quattro-Logistik die Chance ergeben, dieses Format zusammen umzusetzen.<\/p>\n<p>Weiterer Kooperationspartner ist der Omnichannel-H\u00e4ndler f\u00fcr Technik und Elektronik \u201eConrad Electronic\u201c. Dieser stellt 3D-Drucker und weitere Produkte aus seinem Sortiment sowie ein Expertenteam aus dem Conrad Technologie Centrum (CTC) und ein Community-Team, das vor Ort mit Rat und Tat zur Seite steht. Au\u00dferdem unterst\u00fctzen die Tekkies der Conrad Community (community.conrad.de) die Studierenden-Teams online.<\/p>\n<\/div>\n<\/div>\n<\/div>\n<\/div>\n<\/div>\n<\/div>\n<\/div>\n<\/div>\n","protected":false},"excerpt":{"rendered":"<p>Mehr als 40 Studierende t\u00fcfteln an innovativen Logistikl\u00f6sungen Kooperation mit dem KIT Karlsruhe und Technik-Anbieter \u201eConrad Electronic\u201c Wolfgang Schanz, Leiter Audi R8-Manufaktur:\u201eTeilnehmer gehen direkt auf Tuchf\u00fchlung mit der Produktion und der Logistik\u201c Vom 25. bis 28. November veranstaltet Audi Neckarsulm in Zusammenarbeit mit dem Institut f\u00fcr F\u00f6rdertechnik der KIT Karlsruhe [&hellip;]<\/p>\n","protected":false},"author":1,"featured_media":3493,"comment_status":"closed","ping_status":"open","sticky":false,"template":"","format":"standard","meta":{"jetpack_post_was_ever_published":false,"_jetpack_newsletter_access":"","_jetpack_dont_email_post_to_subs":false,"_jetpack_newsletter_tier_id":0,"_jetpack_memberships_contains_paywalled_content":false,"_jetpack_memberships_contains_paid_content":false,"footnotes":"","jetpack_publicize_message":"96 Stunden Innovation: #Audi R8-Kreathon in den B\u00f6llinger H\u00f6fen","jetpack_publicize_feature_enabled":true,"jetpack_social_post_already_shared":true,"jetpack_social_options":{"image_generator_settings":{"template":"highway","enabled":false},"version":2}},"categories":[14],"tags":[20,42],"class_list":["post-3494","post","type-post","status-publish","format-standard","has-post-thumbnail","hentry","category-r8","tag-audi","tag-r8"],"wppr_data":{"cwp_meta_box_check":"No"},"jetpack_publicize_connections":[],"yoast_head":"<!-- This site is optimized with the Yoast SEO plugin v23.3 - https:\/\/yoast.com\/wordpress\/plugins\/seo\/ -->\n<title>96 Stunden Innovation: Audi R8-Kreathon in den B\u00f6llinger H\u00f6fen - Audi Blog<\/title>\n<meta name=\"robots\" content=\"index, follow, max-snippet:-1, max-image-preview:large, max-video-preview:-1\" \/>\n<link rel=\"canonical\" href=\"https:\/\/www.tts-freunde.de\/blog\/2016\/11\/22\/96-stunden-innovation-audi-r8-kreathon-in-den-boellinger-hoefen\/\" \/>\n<meta property=\"og:locale\" content=\"de_DE\" \/>\n<meta property=\"og:type\" content=\"article\" \/>\n<meta property=\"og:title\" content=\"96 Stunden Innovation: Audi R8-Kreathon in den B\u00f6llinger H\u00f6fen - Audi Blog\" \/>\n<meta property=\"og:description\" content=\"Mehr als 40 Studierende t\u00fcfteln an innovativen Logistikl\u00f6sungen Kooperation mit dem KIT Karlsruhe und Technik-Anbieter \u201eConrad Electronic\u201c Wolfgang Schanz, Leiter Audi R8-Manufaktur:\u201eTeilnehmer gehen direkt auf Tuchf\u00fchlung mit der Produktion und der Logistik\u201c Vom 25. bis 28. November veranstaltet Audi Neckarsulm in Zusammenarbeit mit dem Institut f\u00fcr F\u00f6rdertechnik der KIT Karlsruhe [&hellip;]\" \/>\n<meta property=\"og:url\" content=\"https:\/\/www.tts-freunde.de\/blog\/2016\/11\/22\/96-stunden-innovation-audi-r8-kreathon-in-den-boellinger-hoefen\/\" \/>\n<meta property=\"og:site_name\" content=\"Audi Blog\" \/>\n<meta property=\"article:published_time\" content=\"2016-11-22T18:37:47+00:00\" \/>\n<meta property=\"og:image\" content=\"https:\/\/www.tts-freunde.de\/blog\/wp-content\/uploads\/2016\/11\/Audi-R8-Produktion.jpg\" \/>\n\t<meta property=\"og:image:width\" content=\"1160\" \/>\n\t<meta property=\"og:image:height\" content=\"774\" \/>\n\t<meta property=\"og:image:type\" content=\"image\/jpeg\" \/>\n<meta name=\"author\" content=\"admin\" \/>\n<meta name=\"twitter:card\" content=\"summary_large_image\" \/>\n<meta name=\"twitter:label1\" content=\"Verfasst von\" \/>\n\t<meta name=\"twitter:data1\" content=\"admin\" \/>\n\t<meta name=\"twitter:label2\" content=\"Gesch\u00e4tzte Lesezeit\" \/>\n\t<meta name=\"twitter:data2\" content=\"2\u00a0Minuten\" \/>\n<script type=\"application\/ld+json\" class=\"yoast-schema-graph\">{\"@context\":\"https:\/\/schema.org\",\"@graph\":[{\"@type\":\"Article\",\"@id\":\"https:\/\/www.tts-freunde.de\/blog\/2016\/11\/22\/96-stunden-innovation-audi-r8-kreathon-in-den-boellinger-hoefen\/#article\",\"isPartOf\":{\"@id\":\"https:\/\/www.tts-freunde.de\/blog\/2016\/11\/22\/96-stunden-innovation-audi-r8-kreathon-in-den-boellinger-hoefen\/\"},\"author\":{\"name\":\"admin\",\"@id\":\"https:\/\/www.tts-freunde.de\/blog\/#\/schema\/person\/b67f6a54e98f013bd281dbe05514b701\"},\"headline\":\"96 Stunden Innovation: Audi R8-Kreathon in den B\u00f6llinger H\u00f6fen\",\"datePublished\":\"2016-11-22T18:37:47+00:00\",\"dateModified\":\"2016-11-22T18:37:47+00:00\",\"mainEntityOfPage\":{\"@id\":\"https:\/\/www.tts-freunde.de\/blog\/2016\/11\/22\/96-stunden-innovation-audi-r8-kreathon-in-den-boellinger-hoefen\/\"},\"wordCount\":420,\"publisher\":{\"@id\":\"https:\/\/www.tts-freunde.de\/blog\/#organization\"},\"image\":{\"@id\":\"https:\/\/www.tts-freunde.de\/blog\/2016\/11\/22\/96-stunden-innovation-audi-r8-kreathon-in-den-boellinger-hoefen\/#primaryimage\"},\"thumbnailUrl\":\"https:\/\/www.tts-freunde.de\/blog\/wp-content\/uploads\/2016\/11\/Audi-R8-Produktion.jpg\",\"keywords\":[\"audi\",\"r8\"],\"articleSection\":[\"R8\"],\"inLanguage\":\"de\"},{\"@type\":\"WebPage\",\"@id\":\"https:\/\/www.tts-freunde.de\/blog\/2016\/11\/22\/96-stunden-innovation-audi-r8-kreathon-in-den-boellinger-hoefen\/\",\"url\":\"https:\/\/www.tts-freunde.de\/blog\/2016\/11\/22\/96-stunden-innovation-audi-r8-kreathon-in-den-boellinger-hoefen\/\",\"name\":\"96 Stunden Innovation: Audi R8-Kreathon in den B\u00f6llinger H\u00f6fen - Audi Blog\",\"isPartOf\":{\"@id\":\"https:\/\/www.tts-freunde.de\/blog\/#website\"},\"primaryImageOfPage\":{\"@id\":\"https:\/\/www.tts-freunde.de\/blog\/2016\/11\/22\/96-stunden-innovation-audi-r8-kreathon-in-den-boellinger-hoefen\/#primaryimage\"},\"image\":{\"@id\":\"https:\/\/www.tts-freunde.de\/blog\/2016\/11\/22\/96-stunden-innovation-audi-r8-kreathon-in-den-boellinger-hoefen\/#primaryimage\"},\"thumbnailUrl\":\"https:\/\/www.tts-freunde.de\/blog\/wp-content\/uploads\/2016\/11\/Audi-R8-Produktion.jpg\",\"datePublished\":\"2016-11-22T18:37:47+00:00\",\"dateModified\":\"2016-11-22T18:37:47+00:00\",\"breadcrumb\":{\"@id\":\"https:\/\/www.tts-freunde.de\/blog\/2016\/11\/22\/96-stunden-innovation-audi-r8-kreathon-in-den-boellinger-hoefen\/#breadcrumb\"},\"inLanguage\":\"de\",\"potentialAction\":[{\"@type\":\"ReadAction\",\"target\":[\"https:\/\/www.tts-freunde.de\/blog\/2016\/11\/22\/96-stunden-innovation-audi-r8-kreathon-in-den-boellinger-hoefen\/\"]}]},{\"@type\":\"ImageObject\",\"inLanguage\":\"de\",\"@id\":\"https:\/\/www.tts-freunde.de\/blog\/2016\/11\/22\/96-stunden-innovation-audi-r8-kreathon-in-den-boellinger-hoefen\/#primaryimage\",\"url\":\"https:\/\/www.tts-freunde.de\/blog\/wp-content\/uploads\/2016\/11\/Audi-R8-Produktion.jpg\",\"contentUrl\":\"https:\/\/www.tts-freunde.de\/blog\/wp-content\/uploads\/2016\/11\/Audi-R8-Produktion.jpg\",\"width\":1160,\"height\":774},{\"@type\":\"BreadcrumbList\",\"@id\":\"https:\/\/www.tts-freunde.de\/blog\/2016\/11\/22\/96-stunden-innovation-audi-r8-kreathon-in-den-boellinger-hoefen\/#breadcrumb\",\"itemListElement\":[{\"@type\":\"ListItem\",\"position\":1,\"name\":\"Home\",\"item\":\"https:\/\/www.tts-freunde.de\/blog\/\"},{\"@type\":\"ListItem\",\"position\":2,\"name\":\"96 Stunden Innovation: Audi R8-Kreathon in den B\u00f6llinger H\u00f6fen\"}]},{\"@type\":\"WebSite\",\"@id\":\"https:\/\/www.tts-freunde.de\/blog\/#website\",\"url\":\"https:\/\/www.tts-freunde.de\/blog\/\",\"name\":\"Audi Blog\",\"description\":\"Deutscher Audi Blog - TTS-Freunde\",\"publisher\":{\"@id\":\"https:\/\/www.tts-freunde.de\/blog\/#organization\"},\"potentialAction\":[{\"@type\":\"SearchAction\",\"target\":{\"@type\":\"EntryPoint\",\"urlTemplate\":\"https:\/\/www.tts-freunde.de\/blog\/?s={search_term_string}\"},\"query-input\":\"required name=search_term_string\"}],\"inLanguage\":\"de\"},{\"@type\":\"Organization\",\"@id\":\"https:\/\/www.tts-freunde.de\/blog\/#organization\",\"name\":\"Audi Blog\",\"url\":\"https:\/\/www.tts-freunde.de\/blog\/\",\"logo\":{\"@type\":\"ImageObject\",\"inLanguage\":\"de\",\"@id\":\"https:\/\/www.tts-freunde.de\/blog\/#\/schema\/logo\/image\/\",\"url\":\"https:\/\/www.tts-freunde.de\/blog\/wp-content\/uploads\/2022\/12\/logo_2022.jpg\",\"contentUrl\":\"https:\/\/www.tts-freunde.de\/blog\/wp-content\/uploads\/2022\/12\/logo_2022.jpg\",\"width\":240,\"height\":41,\"caption\":\"Audi Blog\"},\"image\":{\"@id\":\"https:\/\/www.tts-freunde.de\/blog\/#\/schema\/logo\/image\/\"}},{\"@type\":\"Person\",\"@id\":\"https:\/\/www.tts-freunde.de\/blog\/#\/schema\/person\/b67f6a54e98f013bd281dbe05514b701\",\"name\":\"admin\",\"image\":{\"@type\":\"ImageObject\",\"inLanguage\":\"de\",\"@id\":\"https:\/\/www.tts-freunde.de\/blog\/#\/schema\/person\/image\/\",\"url\":\"https:\/\/secure.gravatar.com\/avatar\/08a4bd330e25056ddb430c28136b38a6?s=96&d=mm&r=g\",\"contentUrl\":\"https:\/\/secure.gravatar.com\/avatar\/08a4bd330e25056ddb430c28136b38a6?s=96&d=mm&r=g\",\"caption\":\"admin\"},\"sameAs\":[\"http:\/\/www.tts-freunde.de\"],\"url\":\"https:\/\/www.tts-freunde.de\/blog\/author\/admin\/\"}]}<\/script>\n<!-- \/ Yoast SEO plugin. -->","yoast_head_json":{"title":"96 Stunden Innovation: Audi R8-Kreathon in den B\u00f6llinger H\u00f6fen - Audi Blog","robots":{"index":"index","follow":"follow","max-snippet":"max-snippet:-1","max-image-preview":"max-image-preview:large","max-video-preview":"max-video-preview:-1"},"canonical":"https:\/\/www.tts-freunde.de\/blog\/2016\/11\/22\/96-stunden-innovation-audi-r8-kreathon-in-den-boellinger-hoefen\/","og_locale":"de_DE","og_type":"article","og_title":"96 Stunden Innovation: Audi R8-Kreathon in den B\u00f6llinger H\u00f6fen - Audi Blog","og_description":"Mehr als 40 Studierende t\u00fcfteln an innovativen Logistikl\u00f6sungen Kooperation mit dem KIT Karlsruhe und Technik-Anbieter \u201eConrad Electronic\u201c Wolfgang Schanz, Leiter Audi R8-Manufaktur:\u201eTeilnehmer gehen direkt auf Tuchf\u00fchlung mit der Produktion und der Logistik\u201c Vom 25. bis 28. November veranstaltet Audi Neckarsulm in Zusammenarbeit mit dem Institut f\u00fcr F\u00f6rdertechnik der KIT Karlsruhe [&hellip;]","og_url":"https:\/\/www.tts-freunde.de\/blog\/2016\/11\/22\/96-stunden-innovation-audi-r8-kreathon-in-den-boellinger-hoefen\/","og_site_name":"Audi Blog","article_published_time":"2016-11-22T18:37:47+00:00","og_image":[{"width":1160,"height":774,"url":"https:\/\/www.tts-freunde.de\/blog\/wp-content\/uploads\/2016\/11\/Audi-R8-Produktion.jpg","type":"image\/jpeg"}],"author":"admin","twitter_card":"summary_large_image","twitter_misc":{"Verfasst von":"admin","Gesch\u00e4tzte Lesezeit":"2\u00a0Minuten"},"schema":{"@context":"https:\/\/schema.org","@graph":[{"@type":"Article","@id":"https:\/\/www.tts-freunde.de\/blog\/2016\/11\/22\/96-stunden-innovation-audi-r8-kreathon-in-den-boellinger-hoefen\/#article","isPartOf":{"@id":"https:\/\/www.tts-freunde.de\/blog\/2016\/11\/22\/96-stunden-innovation-audi-r8-kreathon-in-den-boellinger-hoefen\/"},"author":{"name":"admin","@id":"https:\/\/www.tts-freunde.de\/blog\/#\/schema\/person\/b67f6a54e98f013bd281dbe05514b701"},"headline":"96 Stunden Innovation: Audi R8-Kreathon in den B\u00f6llinger H\u00f6fen","datePublished":"2016-11-22T18:37:47+00:00","dateModified":"2016-11-22T18:37:47+00:00","mainEntityOfPage":{"@id":"https:\/\/www.tts-freunde.de\/blog\/2016\/11\/22\/96-stunden-innovation-audi-r8-kreathon-in-den-boellinger-hoefen\/"},"wordCount":420,"publisher":{"@id":"https:\/\/www.tts-freunde.de\/blog\/#organization"},"image":{"@id":"https:\/\/www.tts-freunde.de\/blog\/2016\/11\/22\/96-stunden-innovation-audi-r8-kreathon-in-den-boellinger-hoefen\/#primaryimage"},"thumbnailUrl":"https:\/\/www.tts-freunde.de\/blog\/wp-content\/uploads\/2016\/11\/Audi-R8-Produktion.jpg","keywords":["audi","r8"],"articleSection":["R8"],"inLanguage":"de"},{"@type":"WebPage","@id":"https:\/\/www.tts-freunde.de\/blog\/2016\/11\/22\/96-stunden-innovation-audi-r8-kreathon-in-den-boellinger-hoefen\/","url":"https:\/\/www.tts-freunde.de\/blog\/2016\/11\/22\/96-stunden-innovation-audi-r8-kreathon-in-den-boellinger-hoefen\/","name":"96 Stunden Innovation: Audi R8-Kreathon in den B\u00f6llinger H\u00f6fen - Audi Blog","isPartOf":{"@id":"https:\/\/www.tts-freunde.de\/blog\/#website"},"primaryImageOfPage":{"@id":"https:\/\/www.tts-freunde.de\/blog\/2016\/11\/22\/96-stunden-innovation-audi-r8-kreathon-in-den-boellinger-hoefen\/#primaryimage"},"image":{"@id":"https:\/\/www.tts-freunde.de\/blog\/2016\/11\/22\/96-stunden-innovation-audi-r8-kreathon-in-den-boellinger-hoefen\/#primaryimage"},"thumbnailUrl":"https:\/\/www.tts-freunde.de\/blog\/wp-content\/uploads\/2016\/11\/Audi-R8-Produktion.jpg","datePublished":"2016-11-22T18:37:47+00:00","dateModified":"2016-11-22T18:37:47+00:00","breadcrumb":{"@id":"https:\/\/www.tts-freunde.de\/blog\/2016\/11\/22\/96-stunden-innovation-audi-r8-kreathon-in-den-boellinger-hoefen\/#breadcrumb"},"inLanguage":"de","potentialAction":[{"@type":"ReadAction","target":["https:\/\/www.tts-freunde.de\/blog\/2016\/11\/22\/96-stunden-innovation-audi-r8-kreathon-in-den-boellinger-hoefen\/"]}]},{"@type":"ImageObject","inLanguage":"de","@id":"https:\/\/www.tts-freunde.de\/blog\/2016\/11\/22\/96-stunden-innovation-audi-r8-kreathon-in-den-boellinger-hoefen\/#primaryimage","url":"https:\/\/www.tts-freunde.de\/blog\/wp-content\/uploads\/2016\/11\/Audi-R8-Produktion.jpg","contentUrl":"https:\/\/www.tts-freunde.de\/blog\/wp-content\/uploads\/2016\/11\/Audi-R8-Produktion.jpg","width":1160,"height":774},{"@type":"BreadcrumbList","@id":"https:\/\/www.tts-freunde.de\/blog\/2016\/11\/22\/96-stunden-innovation-audi-r8-kreathon-in-den-boellinger-hoefen\/#breadcrumb","itemListElement":[{"@type":"ListItem","position":1,"name":"Home","item":"https:\/\/www.tts-freunde.de\/blog\/"},{"@type":"ListItem","position":2,"name":"96 Stunden Innovation: Audi R8-Kreathon in den B\u00f6llinger H\u00f6fen"}]},{"@type":"WebSite","@id":"https:\/\/www.tts-freunde.de\/blog\/#website","url":"https:\/\/www.tts-freunde.de\/blog\/","name":"Audi Blog","description":"Deutscher Audi Blog - TTS-Freunde","publisher":{"@id":"https:\/\/www.tts-freunde.de\/blog\/#organization"},"potentialAction":[{"@type":"SearchAction","target":{"@type":"EntryPoint","urlTemplate":"https:\/\/www.tts-freunde.de\/blog\/?s={search_term_string}"},"query-input":"required name=search_term_string"}],"inLanguage":"de"},{"@type":"Organization","@id":"https:\/\/www.tts-freunde.de\/blog\/#organization","name":"Audi Blog","url":"https:\/\/www.tts-freunde.de\/blog\/","logo":{"@type":"ImageObject","inLanguage":"de","@id":"https:\/\/www.tts-freunde.de\/blog\/#\/schema\/logo\/image\/","url":"https:\/\/www.tts-freunde.de\/blog\/wp-content\/uploads\/2022\/12\/logo_2022.jpg","contentUrl":"https:\/\/www.tts-freunde.de\/blog\/wp-content\/uploads\/2022\/12\/logo_2022.jpg","width":240,"height":41,"caption":"Audi Blog"},"image":{"@id":"https:\/\/www.tts-freunde.de\/blog\/#\/schema\/logo\/image\/"}},{"@type":"Person","@id":"https:\/\/www.tts-freunde.de\/blog\/#\/schema\/person\/b67f6a54e98f013bd281dbe05514b701","name":"admin","image":{"@type":"ImageObject","inLanguage":"de","@id":"https:\/\/www.tts-freunde.de\/blog\/#\/schema\/person\/image\/","url":"https:\/\/secure.gravatar.com\/avatar\/08a4bd330e25056ddb430c28136b38a6?s=96&d=mm&r=g","contentUrl":"https:\/\/secure.gravatar.com\/avatar\/08a4bd330e25056ddb430c28136b38a6?s=96&d=mm&r=g","caption":"admin"},"sameAs":["http:\/\/www.tts-freunde.de"],"url":"https:\/\/www.tts-freunde.de\/blog\/author\/admin\/"}]}},"jetpack_sharing_enabled":true,"jetpack_featured_media_url":"https:\/\/www.tts-freunde.de\/blog\/wp-content\/uploads\/2016\/11\/Audi-R8-Produktion.jpg","jetpack_shortlink":"https:\/\/wp.me\/p67hWW-Um","jetpack_likes_enabled":false,"jetpack-related-posts":[],"_links":{"self":[{"href":"https:\/\/www.tts-freunde.de\/blog\/wp-json\/wp\/v2\/posts\/3494"}],"collection":[{"href":"https:\/\/www.tts-freunde.de\/blog\/wp-json\/wp\/v2\/posts"}],"about":[{"href":"https:\/\/www.tts-freunde.de\/blog\/wp-json\/wp\/v2\/types\/post"}],"author":[{"embeddable":true,"href":"https:\/\/www.tts-freunde.de\/blog\/wp-json\/wp\/v2\/users\/1"}],"replies":[{"embeddable":true,"href":"https:\/\/www.tts-freunde.de\/blog\/wp-json\/wp\/v2\/comments?post=3494"}],"version-history":[{"count":1,"href":"https:\/\/www.tts-freunde.de\/blog\/wp-json\/wp\/v2\/posts\/3494\/revisions"}],"predecessor-version":[{"id":3495,"href":"https:\/\/www.tts-freunde.de\/blog\/wp-json\/wp\/v2\/posts\/3494\/revisions\/3495"}],"wp:featuredmedia":[{"embeddable":true,"href":"https:\/\/www.tts-freunde.de\/blog\/wp-json\/wp\/v2\/media\/3493"}],"wp:attachment":[{"href":"https:\/\/www.tts-freunde.de\/blog\/wp-json\/wp\/v2\/media?parent=3494"}],"wp:term":[{"taxonomy":"category","embeddable":true,"href":"https:\/\/www.tts-freunde.de\/blog\/wp-json\/wp\/v2\/categories?post=3494"},{"taxonomy":"post_tag","embeddable":true,"href":"https:\/\/www.tts-freunde.de\/blog\/wp-json\/wp\/v2\/tags?post=3494"}],"curies":[{"name":"wp","href":"https:\/\/api.w.org\/{rel}","templated":true}]}}