{"id":3502,"date":"2016-11-29T06:18:54","date_gmt":"2016-11-29T05:18:54","guid":{"rendered":"http:\/\/tts-freunde.de\/blog\/?p=3502"},"modified":"2016-11-28T19:21:01","modified_gmt":"2016-11-28T18:21:01","slug":"audi-setzt-wearables-in-der-logistik-ein","status":"publish","type":"post","link":"https:\/\/www.tts-freunde.de\/blog\/2016\/11\/29\/audi-setzt-wearables-in-der-logistik-ein\/","title":{"rendered":"Audi setzt Wearables in der Logistik ein"},"content":{"rendered":"<div id=\"item-8df54eef-61f1-48ef-bdd6-eb762791f184\" class=\"page-item--column col-sm-4\">\n<div class=\"custom-padding\">\n<div class=\"page-row has-no-item-box\">\n<div id=\"item-a12be12b-3417-42c1-a060-9f33841a6612\" class=\"page-item--topic-list\">\n<div class=\"topic-list\">\n<ul>\n<li>Einsatz des Scanner\u2011Handschuhs \u201eProGlove\u201c startet am Standort\u00a0Ingolstadt<\/li>\n<li>Wearables machen Arbeitsabl\u00e4ufe ergonomischer<\/li>\n<li>Hartmut\u00a0Bartsch, Leiter CKD\u2011Verpackung: \u201eVereinfachen dadurch komplexe Prozesse und steigern Effizienz\u201c<\/li>\n<\/ul>\n<p><a href=\"http:\/\/tts-freunde.de\/blog\/wp-content\/uploads\/2016\/11\/Einsatz-Scanner-Handschuh2.jpg\"><img loading=\"lazy\" decoding=\"async\" data-attachment-id=\"3501\" data-permalink=\"https:\/\/www.tts-freunde.de\/blog\/2016\/11\/29\/audi-setzt-wearables-in-der-logistik-ein\/einsatz-scanner-handschuh2\/\" data-orig-file=\"https:\/\/www.tts-freunde.de\/blog\/wp-content\/uploads\/2016\/11\/Einsatz-Scanner-Handschuh2.jpg\" data-orig-size=\"1160,773\" data-comments-opened=\"0\" data-image-meta=\"{&quot;aperture&quot;:&quot;0&quot;,&quot;credit&quot;:&quot;&quot;,&quot;camera&quot;:&quot;&quot;,&quot;caption&quot;:&quot;&quot;,&quot;created_timestamp&quot;:&quot;0&quot;,&quot;copyright&quot;:&quot;&quot;,&quot;focal_length&quot;:&quot;0&quot;,&quot;iso&quot;:&quot;0&quot;,&quot;shutter_speed&quot;:&quot;0&quot;,&quot;title&quot;:&quot;&quot;,&quot;orientation&quot;:&quot;0&quot;}\" data-image-title=\"einsatz-scanner-handschuh2\" data-image-description=\"\" data-image-caption=\"\" data-medium-file=\"https:\/\/www.tts-freunde.de\/blog\/wp-content\/uploads\/2016\/11\/Einsatz-Scanner-Handschuh2-300x200.jpg\" data-large-file=\"https:\/\/www.tts-freunde.de\/blog\/wp-content\/uploads\/2016\/11\/Einsatz-Scanner-Handschuh2-1024x682.jpg\" tabindex=\"0\" role=\"button\" class=\"aligncenter size-full wp-image-3501\" src=\"http:\/\/tts-freunde.de\/blog\/wp-content\/uploads\/2016\/11\/Einsatz-Scanner-Handschuh2.jpg\" alt=\"einsatz-scanner-handschuh2\" width=\"1160\" height=\"773\" srcset=\"https:\/\/www.tts-freunde.de\/blog\/wp-content\/uploads\/2016\/11\/Einsatz-Scanner-Handschuh2.jpg 1160w, https:\/\/www.tts-freunde.de\/blog\/wp-content\/uploads\/2016\/11\/Einsatz-Scanner-Handschuh2-300x200.jpg 300w, https:\/\/www.tts-freunde.de\/blog\/wp-content\/uploads\/2016\/11\/Einsatz-Scanner-Handschuh2-768x512.jpg 768w, https:\/\/www.tts-freunde.de\/blog\/wp-content\/uploads\/2016\/11\/Einsatz-Scanner-Handschuh2-1024x682.jpg 1024w, https:\/\/www.tts-freunde.de\/blog\/wp-content\/uploads\/2016\/11\/Einsatz-Scanner-Handschuh2-50x33.jpg 50w\" sizes=\"(max-width: 1160px) 100vw, 1160px\" \/><\/a><\/p>\n<div class=\"page-row has-no-item-box\">\n<div id=\"item-dc5a3b46-e855-4def-82e6-279bfa3c6634\" class=\"page-item--intro\">\n<div class=\"intro-text\">\n<p>Scanner Handschuhe erleichtern den Mitarbeitern der internationalen Logistik im Audi Werk Ingolstadt ab sofort die Arbeit: F\u00fcr den weltweiten Teileversand nutzen sie jetzt den \u201eProGlove\u201c Handschuh \u201eMark\u201c mit eingearbeitetem Barcode Scanner. Dadurch haben sie beide H\u00e4nde frei und k\u00f6nnen ergonomischer arbeiten. Nach einer vierw\u00f6chigen Pilotphase verwenden die Audi Mitarbeiter nun zehn dieser Wearables an insgesamt f\u00fcnf Stationen am Standort Ingolstadt.<\/p>\n<\/div>\n<\/div>\n<\/div>\n<div class=\"page-row has-no-item-box\">\n<div id=\"item-4ed15269-6fb6-4969-bc67-2fe146b9ec6b\" class=\"page-item--text\">\n<div class=\"style-links-for-body-text\">\n<p>Ein innovativer Scanner\u2011Handschuh l\u00f6st an ausgew\u00e4hlten Arbeitspl\u00e4tzen der internationalen Logistik im CKD\u2011Verpackungsbetrieb (Completely\u00a0Knocked\u00a0Down) in Ingolstadt ab sofort herk\u00f6mmliche Barcode\u2011Scanner ab. Im sogenannten \u201eProGlove\u201c ist der Scanner bereits integriert. Der Mitarbeiter l\u00f6st die Scanfunktion durch einfaches Zusammendr\u00fccken des Daumen und Zeigefingers aus. Somit hat er beide H\u00e4nde frei f\u00fcr seine Arbeit und spart sich zus\u00e4tzliche Handgriffe, etwa das Aufnehmen oder Ablegen des Scanners. Auch die Laufwege minimieren sich und der Arbeitsablauf im CKD\u2011Verpackungsbetrieb wird ergonomischer.<\/p>\n<p><a href=\"http:\/\/tts-freunde.de\/blog\/wp-content\/uploads\/2016\/11\/Einsatz-Scanner-Handschuh1.jpg\"><img loading=\"lazy\" decoding=\"async\" data-attachment-id=\"3500\" data-permalink=\"https:\/\/www.tts-freunde.de\/blog\/2016\/11\/29\/audi-setzt-wearables-in-der-logistik-ein\/einsatz-scanner-handschuh1\/\" data-orig-file=\"https:\/\/www.tts-freunde.de\/blog\/wp-content\/uploads\/2016\/11\/Einsatz-Scanner-Handschuh1.jpg\" data-orig-size=\"1160,773\" data-comments-opened=\"0\" data-image-meta=\"{&quot;aperture&quot;:&quot;0&quot;,&quot;credit&quot;:&quot;&quot;,&quot;camera&quot;:&quot;&quot;,&quot;caption&quot;:&quot;&quot;,&quot;created_timestamp&quot;:&quot;0&quot;,&quot;copyright&quot;:&quot;&quot;,&quot;focal_length&quot;:&quot;0&quot;,&quot;iso&quot;:&quot;0&quot;,&quot;shutter_speed&quot;:&quot;0&quot;,&quot;title&quot;:&quot;&quot;,&quot;orientation&quot;:&quot;0&quot;}\" data-image-title=\"einsatz-scanner-handschuh1\" data-image-description=\"\" data-image-caption=\"\" data-medium-file=\"https:\/\/www.tts-freunde.de\/blog\/wp-content\/uploads\/2016\/11\/Einsatz-Scanner-Handschuh1-300x200.jpg\" data-large-file=\"https:\/\/www.tts-freunde.de\/blog\/wp-content\/uploads\/2016\/11\/Einsatz-Scanner-Handschuh1-1024x682.jpg\" tabindex=\"0\" role=\"button\" class=\"aligncenter size-full wp-image-3500\" src=\"http:\/\/tts-freunde.de\/blog\/wp-content\/uploads\/2016\/11\/Einsatz-Scanner-Handschuh1.jpg\" alt=\"einsatz-scanner-handschuh1\" width=\"1160\" height=\"773\" srcset=\"https:\/\/www.tts-freunde.de\/blog\/wp-content\/uploads\/2016\/11\/Einsatz-Scanner-Handschuh1.jpg 1160w, https:\/\/www.tts-freunde.de\/blog\/wp-content\/uploads\/2016\/11\/Einsatz-Scanner-Handschuh1-300x200.jpg 300w, https:\/\/www.tts-freunde.de\/blog\/wp-content\/uploads\/2016\/11\/Einsatz-Scanner-Handschuh1-768x512.jpg 768w, https:\/\/www.tts-freunde.de\/blog\/wp-content\/uploads\/2016\/11\/Einsatz-Scanner-Handschuh1-1024x682.jpg 1024w, https:\/\/www.tts-freunde.de\/blog\/wp-content\/uploads\/2016\/11\/Einsatz-Scanner-Handschuh1-50x33.jpg 50w\" sizes=\"(max-width: 1160px) 100vw, 1160px\" \/><\/a><\/p>\n<p>\u201eF\u00fcr unsere Mitarbeiter ist der Scanner\u2011Handschuh eine echte Erleichterung. Sie sind damit flexibler, k\u00f6nnen sich gut bewegen und die Kartonagen einfacher scannen und verpacken,\u201c erkl\u00e4rt Hartmut\u00a0Bartsch, Leiter des CKD\u2011Verpackungsbetriebs. \u201eZudem gestalten wir komplexe Logistikprozesse mithilfe des Handschuhs innovativ und effizienter.\u201c<\/p>\n<p>\u201eDie Entwicklung von ProGlove folgt der Idee, dass tragbare Elektronik den Mitarbeiter unterst\u00fctzen muss. Deshalb haben wir einen leichten und intuitiv bedienbaren Handschuh f\u00fcr die Industrie entwickelt, der ohne Integrationsaufwand eingesetzt werden kann\u201c, erl\u00e4utert Thomas\u00a0Kirchner, CEO von ProGlove.<\/p>\n<p>Der intelligente Handschuh hat einen ergonomisch optimierten Triggerknopf am Zeigefinger, der per Daumendruck die Scanfunktion ausl\u00f6st. Der Mitarbeiter muss nicht auf den Barcode fokussieren, da sich das Scannen in die nat\u00fcrliche Handbewegung integriert. Durch optische (LED\u2011Licht), akustische (Buzzer) und haptische (Vibration) Signale wei\u00df der Kommissionierer, dass der Artikel eingescannt wurde.<\/p>\n<p>Der Scanner kommuniziert \u00fcber Funk mit der Empfangseinheit. Dieser Access\u00a0Point ist \u00fcber USB oder einen g\u00e4ngigen seriellen Anschluss verbunden, die Installation zus\u00e4tzlicher Software ist nicht notwendig. Der Akku ist f\u00fcr die Dauer einer Schicht ausgelegt und danach innerhalb von zwei\u00a0Stunden wieder vollst\u00e4ndig aufgeladen.<\/p>\n<p>Audi hat den ProGlove vier\u00a0Wochen erfolgreich getestet und setzt nun die ersten\u00a0Exemplare im CKD\u2011Verpackungsbetrieb ein. Das ist der erste\u00a0Schritt zum fl\u00e4chendeckenden Einsatz sogenannter Wearables in der Produktion. Parallel zum CKD\u2011Verpackungsbetrieb in Ingolstadt durchl\u00e4uft der Handschuh auch Pilotphasen in anderen Bereichen der Audi\u2011Produktion.<\/p>\n<\/div>\n<p><a href=\"http:\/\/tts-freunde.de\/blog\/wp-content\/uploads\/2016\/11\/Einsatz-Scanner-Handschuh.jpg\"><img loading=\"lazy\" decoding=\"async\" data-attachment-id=\"3499\" data-permalink=\"https:\/\/www.tts-freunde.de\/blog\/2016\/11\/29\/audi-setzt-wearables-in-der-logistik-ein\/einsatz-scanner-handschuh\/\" data-orig-file=\"https:\/\/www.tts-freunde.de\/blog\/wp-content\/uploads\/2016\/11\/Einsatz-Scanner-Handschuh.jpg\" data-orig-size=\"1160,773\" data-comments-opened=\"0\" data-image-meta=\"{&quot;aperture&quot;:&quot;0&quot;,&quot;credit&quot;:&quot;&quot;,&quot;camera&quot;:&quot;&quot;,&quot;caption&quot;:&quot;&quot;,&quot;created_timestamp&quot;:&quot;0&quot;,&quot;copyright&quot;:&quot;&quot;,&quot;focal_length&quot;:&quot;0&quot;,&quot;iso&quot;:&quot;0&quot;,&quot;shutter_speed&quot;:&quot;0&quot;,&quot;title&quot;:&quot;&quot;,&quot;orientation&quot;:&quot;0&quot;}\" data-image-title=\"einsatz-scanner-handschuh\" data-image-description=\"\" data-image-caption=\"\" data-medium-file=\"https:\/\/www.tts-freunde.de\/blog\/wp-content\/uploads\/2016\/11\/Einsatz-Scanner-Handschuh-300x200.jpg\" data-large-file=\"https:\/\/www.tts-freunde.de\/blog\/wp-content\/uploads\/2016\/11\/Einsatz-Scanner-Handschuh-1024x682.jpg\" tabindex=\"0\" role=\"button\" class=\"aligncenter size-full wp-image-3499\" src=\"http:\/\/tts-freunde.de\/blog\/wp-content\/uploads\/2016\/11\/Einsatz-Scanner-Handschuh.jpg\" alt=\"einsatz-scanner-handschuh\" width=\"1160\" height=\"773\" srcset=\"https:\/\/www.tts-freunde.de\/blog\/wp-content\/uploads\/2016\/11\/Einsatz-Scanner-Handschuh.jpg 1160w, https:\/\/www.tts-freunde.de\/blog\/wp-content\/uploads\/2016\/11\/Einsatz-Scanner-Handschuh-300x200.jpg 300w, https:\/\/www.tts-freunde.de\/blog\/wp-content\/uploads\/2016\/11\/Einsatz-Scanner-Handschuh-768x512.jpg 768w, https:\/\/www.tts-freunde.de\/blog\/wp-content\/uploads\/2016\/11\/Einsatz-Scanner-Handschuh-1024x682.jpg 1024w, https:\/\/www.tts-freunde.de\/blog\/wp-content\/uploads\/2016\/11\/Einsatz-Scanner-Handschuh-50x33.jpg 50w\" sizes=\"(max-width: 1160px) 100vw, 1160px\" \/><\/a><\/p>\n<p>&nbsp;<\/p>\n<\/div>\n<\/div>\n<\/div>\n<\/div>\n<\/div>\n<\/div>\n<\/div>\n","protected":false},"excerpt":{"rendered":"<p>Einsatz des Scanner\u2011Handschuhs \u201eProGlove\u201c startet am Standort\u00a0Ingolstadt Wearables machen Arbeitsabl\u00e4ufe ergonomischer Hartmut\u00a0Bartsch, Leiter CKD\u2011Verpackung: \u201eVereinfachen dadurch komplexe Prozesse und steigern Effizienz\u201c Scanner Handschuhe erleichtern den Mitarbeitern der internationalen Logistik im Audi Werk Ingolstadt ab sofort die Arbeit: F\u00fcr den weltweiten Teileversand nutzen sie jetzt den \u201eProGlove\u201c Handschuh \u201eMark\u201c mit eingearbeitetem [&hellip;]<\/p>\n","protected":false},"author":1,"featured_media":3501,"comment_status":"closed","ping_status":"open","sticky":false,"template":"","format":"standard","meta":{"jetpack_post_was_ever_published":false,"_jetpack_newsletter_access":"","_jetpack_dont_email_post_to_subs":false,"_jetpack_newsletter_tier_id":0,"_jetpack_memberships_contains_paywalled_content":false,"_jetpack_memberships_contains_paid_content":false,"footnotes":"","jetpack_publicize_message":"#Audi setzt #Wearables in der #Logistik ein","jetpack_publicize_feature_enabled":true,"jetpack_social_post_already_shared":true,"jetpack_social_options":{"image_generator_settings":{"template":"highway","enabled":false},"version":2}},"categories":[16],"tags":[241],"class_list":["post-3502","post","type-post","status-publish","format-standard","has-post-thumbnail","hentry","category-audi-ag","tag-wearables"],"wppr_data":{"cwp_meta_box_check":"No"},"jetpack_publicize_connections":[],"yoast_head":"<!-- This site is optimized with the Yoast SEO plugin v23.3 - https:\/\/yoast.com\/wordpress\/plugins\/seo\/ -->\n<title>Audi setzt Wearables in der Logistik ein - Audi Blog<\/title>\n<meta name=\"robots\" content=\"index, follow, max-snippet:-1, max-image-preview:large, max-video-preview:-1\" \/>\n<link rel=\"canonical\" href=\"https:\/\/www.tts-freunde.de\/blog\/2016\/11\/29\/audi-setzt-wearables-in-der-logistik-ein\/\" \/>\n<meta property=\"og:locale\" content=\"de_DE\" \/>\n<meta property=\"og:type\" content=\"article\" \/>\n<meta property=\"og:title\" content=\"Audi setzt Wearables in der Logistik ein - Audi Blog\" \/>\n<meta property=\"og:description\" content=\"Einsatz des Scanner\u2011Handschuhs \u201eProGlove\u201c startet am Standort\u00a0Ingolstadt Wearables machen Arbeitsabl\u00e4ufe ergonomischer Hartmut\u00a0Bartsch, Leiter CKD\u2011Verpackung: \u201eVereinfachen dadurch komplexe Prozesse und steigern Effizienz\u201c Scanner Handschuhe erleichtern den Mitarbeitern der internationalen Logistik im Audi Werk Ingolstadt ab sofort die Arbeit: F\u00fcr den weltweiten Teileversand nutzen sie jetzt den \u201eProGlove\u201c Handschuh \u201eMark\u201c mit eingearbeitetem [&hellip;]\" \/>\n<meta property=\"og:url\" content=\"https:\/\/www.tts-freunde.de\/blog\/2016\/11\/29\/audi-setzt-wearables-in-der-logistik-ein\/\" \/>\n<meta property=\"og:site_name\" content=\"Audi Blog\" \/>\n<meta property=\"article:published_time\" content=\"2016-11-29T05:18:54+00:00\" \/>\n<meta property=\"article:modified_time\" content=\"2016-11-28T18:21:01+00:00\" \/>\n<meta property=\"og:image\" content=\"https:\/\/www.tts-freunde.de\/blog\/wp-content\/uploads\/2016\/11\/Einsatz-Scanner-Handschuh2.jpg\" \/>\n\t<meta property=\"og:image:width\" content=\"1160\" \/>\n\t<meta property=\"og:image:height\" content=\"773\" \/>\n\t<meta property=\"og:image:type\" content=\"image\/jpeg\" \/>\n<meta name=\"author\" content=\"admin\" \/>\n<meta name=\"twitter:card\" content=\"summary_large_image\" \/>\n<meta name=\"twitter:label1\" content=\"Verfasst von\" \/>\n\t<meta name=\"twitter:data1\" content=\"admin\" \/>\n\t<meta name=\"twitter:label2\" content=\"Gesch\u00e4tzte Lesezeit\" \/>\n\t<meta name=\"twitter:data2\" content=\"2\u00a0Minuten\" \/>\n<script type=\"application\/ld+json\" class=\"yoast-schema-graph\">{\"@context\":\"https:\/\/schema.org\",\"@graph\":[{\"@type\":\"Article\",\"@id\":\"https:\/\/www.tts-freunde.de\/blog\/2016\/11\/29\/audi-setzt-wearables-in-der-logistik-ein\/#article\",\"isPartOf\":{\"@id\":\"https:\/\/www.tts-freunde.de\/blog\/2016\/11\/29\/audi-setzt-wearables-in-der-logistik-ein\/\"},\"author\":{\"name\":\"admin\",\"@id\":\"https:\/\/www.tts-freunde.de\/blog\/#\/schema\/person\/b67f6a54e98f013bd281dbe05514b701\"},\"headline\":\"Audi setzt Wearables in der Logistik ein\",\"datePublished\":\"2016-11-29T05:18:54+00:00\",\"dateModified\":\"2016-11-28T18:21:01+00:00\",\"mainEntityOfPage\":{\"@id\":\"https:\/\/www.tts-freunde.de\/blog\/2016\/11\/29\/audi-setzt-wearables-in-der-logistik-ein\/\"},\"wordCount\":428,\"publisher\":{\"@id\":\"https:\/\/www.tts-freunde.de\/blog\/#organization\"},\"image\":{\"@id\":\"https:\/\/www.tts-freunde.de\/blog\/2016\/11\/29\/audi-setzt-wearables-in-der-logistik-ein\/#primaryimage\"},\"thumbnailUrl\":\"https:\/\/www.tts-freunde.de\/blog\/wp-content\/uploads\/2016\/11\/Einsatz-Scanner-Handschuh2.jpg\",\"keywords\":[\"Wearables\"],\"articleSection\":[\"Audi AG\"],\"inLanguage\":\"de\"},{\"@type\":\"WebPage\",\"@id\":\"https:\/\/www.tts-freunde.de\/blog\/2016\/11\/29\/audi-setzt-wearables-in-der-logistik-ein\/\",\"url\":\"https:\/\/www.tts-freunde.de\/blog\/2016\/11\/29\/audi-setzt-wearables-in-der-logistik-ein\/\",\"name\":\"Audi setzt Wearables in der Logistik ein - Audi Blog\",\"isPartOf\":{\"@id\":\"https:\/\/www.tts-freunde.de\/blog\/#website\"},\"primaryImageOfPage\":{\"@id\":\"https:\/\/www.tts-freunde.de\/blog\/2016\/11\/29\/audi-setzt-wearables-in-der-logistik-ein\/#primaryimage\"},\"image\":{\"@id\":\"https:\/\/www.tts-freunde.de\/blog\/2016\/11\/29\/audi-setzt-wearables-in-der-logistik-ein\/#primaryimage\"},\"thumbnailUrl\":\"https:\/\/www.tts-freunde.de\/blog\/wp-content\/uploads\/2016\/11\/Einsatz-Scanner-Handschuh2.jpg\",\"datePublished\":\"2016-11-29T05:18:54+00:00\",\"dateModified\":\"2016-11-28T18:21:01+00:00\",\"breadcrumb\":{\"@id\":\"https:\/\/www.tts-freunde.de\/blog\/2016\/11\/29\/audi-setzt-wearables-in-der-logistik-ein\/#breadcrumb\"},\"inLanguage\":\"de\",\"potentialAction\":[{\"@type\":\"ReadAction\",\"target\":[\"https:\/\/www.tts-freunde.de\/blog\/2016\/11\/29\/audi-setzt-wearables-in-der-logistik-ein\/\"]}]},{\"@type\":\"ImageObject\",\"inLanguage\":\"de\",\"@id\":\"https:\/\/www.tts-freunde.de\/blog\/2016\/11\/29\/audi-setzt-wearables-in-der-logistik-ein\/#primaryimage\",\"url\":\"https:\/\/www.tts-freunde.de\/blog\/wp-content\/uploads\/2016\/11\/Einsatz-Scanner-Handschuh2.jpg\",\"contentUrl\":\"https:\/\/www.tts-freunde.de\/blog\/wp-content\/uploads\/2016\/11\/Einsatz-Scanner-Handschuh2.jpg\",\"width\":1160,\"height\":773},{\"@type\":\"BreadcrumbList\",\"@id\":\"https:\/\/www.tts-freunde.de\/blog\/2016\/11\/29\/audi-setzt-wearables-in-der-logistik-ein\/#breadcrumb\",\"itemListElement\":[{\"@type\":\"ListItem\",\"position\":1,\"name\":\"Home\",\"item\":\"https:\/\/www.tts-freunde.de\/blog\/\"},{\"@type\":\"ListItem\",\"position\":2,\"name\":\"Audi setzt Wearables in der Logistik ein\"}]},{\"@type\":\"WebSite\",\"@id\":\"https:\/\/www.tts-freunde.de\/blog\/#website\",\"url\":\"https:\/\/www.tts-freunde.de\/blog\/\",\"name\":\"Audi Blog\",\"description\":\"Deutscher Audi Blog - TTS-Freunde\",\"publisher\":{\"@id\":\"https:\/\/www.tts-freunde.de\/blog\/#organization\"},\"potentialAction\":[{\"@type\":\"SearchAction\",\"target\":{\"@type\":\"EntryPoint\",\"urlTemplate\":\"https:\/\/www.tts-freunde.de\/blog\/?s={search_term_string}\"},\"query-input\":\"required name=search_term_string\"}],\"inLanguage\":\"de\"},{\"@type\":\"Organization\",\"@id\":\"https:\/\/www.tts-freunde.de\/blog\/#organization\",\"name\":\"Audi Blog\",\"url\":\"https:\/\/www.tts-freunde.de\/blog\/\",\"logo\":{\"@type\":\"ImageObject\",\"inLanguage\":\"de\",\"@id\":\"https:\/\/www.tts-freunde.de\/blog\/#\/schema\/logo\/image\/\",\"url\":\"https:\/\/www.tts-freunde.de\/blog\/wp-content\/uploads\/2022\/12\/logo_2022.jpg\",\"contentUrl\":\"https:\/\/www.tts-freunde.de\/blog\/wp-content\/uploads\/2022\/12\/logo_2022.jpg\",\"width\":240,\"height\":41,\"caption\":\"Audi Blog\"},\"image\":{\"@id\":\"https:\/\/www.tts-freunde.de\/blog\/#\/schema\/logo\/image\/\"}},{\"@type\":\"Person\",\"@id\":\"https:\/\/www.tts-freunde.de\/blog\/#\/schema\/person\/b67f6a54e98f013bd281dbe05514b701\",\"name\":\"admin\",\"image\":{\"@type\":\"ImageObject\",\"inLanguage\":\"de\",\"@id\":\"https:\/\/www.tts-freunde.de\/blog\/#\/schema\/person\/image\/\",\"url\":\"https:\/\/secure.gravatar.com\/avatar\/08a4bd330e25056ddb430c28136b38a6?s=96&d=mm&r=g\",\"contentUrl\":\"https:\/\/secure.gravatar.com\/avatar\/08a4bd330e25056ddb430c28136b38a6?s=96&d=mm&r=g\",\"caption\":\"admin\"},\"sameAs\":[\"http:\/\/www.tts-freunde.de\"],\"url\":\"https:\/\/www.tts-freunde.de\/blog\/author\/admin\/\"}]}<\/script>\n<!-- \/ Yoast SEO plugin. -->","yoast_head_json":{"title":"Audi setzt Wearables in der Logistik ein - Audi Blog","robots":{"index":"index","follow":"follow","max-snippet":"max-snippet:-1","max-image-preview":"max-image-preview:large","max-video-preview":"max-video-preview:-1"},"canonical":"https:\/\/www.tts-freunde.de\/blog\/2016\/11\/29\/audi-setzt-wearables-in-der-logistik-ein\/","og_locale":"de_DE","og_type":"article","og_title":"Audi setzt Wearables in der Logistik ein - Audi Blog","og_description":"Einsatz des Scanner\u2011Handschuhs \u201eProGlove\u201c startet am Standort\u00a0Ingolstadt Wearables machen Arbeitsabl\u00e4ufe ergonomischer Hartmut\u00a0Bartsch, Leiter CKD\u2011Verpackung: \u201eVereinfachen dadurch komplexe Prozesse und steigern Effizienz\u201c Scanner Handschuhe erleichtern den Mitarbeitern der internationalen Logistik im Audi Werk Ingolstadt ab sofort die Arbeit: F\u00fcr den weltweiten Teileversand nutzen sie jetzt den \u201eProGlove\u201c Handschuh \u201eMark\u201c mit eingearbeitetem [&hellip;]","og_url":"https:\/\/www.tts-freunde.de\/blog\/2016\/11\/29\/audi-setzt-wearables-in-der-logistik-ein\/","og_site_name":"Audi Blog","article_published_time":"2016-11-29T05:18:54+00:00","article_modified_time":"2016-11-28T18:21:01+00:00","og_image":[{"width":1160,"height":773,"url":"https:\/\/www.tts-freunde.de\/blog\/wp-content\/uploads\/2016\/11\/Einsatz-Scanner-Handschuh2.jpg","type":"image\/jpeg"}],"author":"admin","twitter_card":"summary_large_image","twitter_misc":{"Verfasst von":"admin","Gesch\u00e4tzte Lesezeit":"2\u00a0Minuten"},"schema":{"@context":"https:\/\/schema.org","@graph":[{"@type":"Article","@id":"https:\/\/www.tts-freunde.de\/blog\/2016\/11\/29\/audi-setzt-wearables-in-der-logistik-ein\/#article","isPartOf":{"@id":"https:\/\/www.tts-freunde.de\/blog\/2016\/11\/29\/audi-setzt-wearables-in-der-logistik-ein\/"},"author":{"name":"admin","@id":"https:\/\/www.tts-freunde.de\/blog\/#\/schema\/person\/b67f6a54e98f013bd281dbe05514b701"},"headline":"Audi setzt Wearables in der Logistik ein","datePublished":"2016-11-29T05:18:54+00:00","dateModified":"2016-11-28T18:21:01+00:00","mainEntityOfPage":{"@id":"https:\/\/www.tts-freunde.de\/blog\/2016\/11\/29\/audi-setzt-wearables-in-der-logistik-ein\/"},"wordCount":428,"publisher":{"@id":"https:\/\/www.tts-freunde.de\/blog\/#organization"},"image":{"@id":"https:\/\/www.tts-freunde.de\/blog\/2016\/11\/29\/audi-setzt-wearables-in-der-logistik-ein\/#primaryimage"},"thumbnailUrl":"https:\/\/www.tts-freunde.de\/blog\/wp-content\/uploads\/2016\/11\/Einsatz-Scanner-Handschuh2.jpg","keywords":["Wearables"],"articleSection":["Audi AG"],"inLanguage":"de"},{"@type":"WebPage","@id":"https:\/\/www.tts-freunde.de\/blog\/2016\/11\/29\/audi-setzt-wearables-in-der-logistik-ein\/","url":"https:\/\/www.tts-freunde.de\/blog\/2016\/11\/29\/audi-setzt-wearables-in-der-logistik-ein\/","name":"Audi setzt Wearables in der Logistik ein - Audi Blog","isPartOf":{"@id":"https:\/\/www.tts-freunde.de\/blog\/#website"},"primaryImageOfPage":{"@id":"https:\/\/www.tts-freunde.de\/blog\/2016\/11\/29\/audi-setzt-wearables-in-der-logistik-ein\/#primaryimage"},"image":{"@id":"https:\/\/www.tts-freunde.de\/blog\/2016\/11\/29\/audi-setzt-wearables-in-der-logistik-ein\/#primaryimage"},"thumbnailUrl":"https:\/\/www.tts-freunde.de\/blog\/wp-content\/uploads\/2016\/11\/Einsatz-Scanner-Handschuh2.jpg","datePublished":"2016-11-29T05:18:54+00:00","dateModified":"2016-11-28T18:21:01+00:00","breadcrumb":{"@id":"https:\/\/www.tts-freunde.de\/blog\/2016\/11\/29\/audi-setzt-wearables-in-der-logistik-ein\/#breadcrumb"},"inLanguage":"de","potentialAction":[{"@type":"ReadAction","target":["https:\/\/www.tts-freunde.de\/blog\/2016\/11\/29\/audi-setzt-wearables-in-der-logistik-ein\/"]}]},{"@type":"ImageObject","inLanguage":"de","@id":"https:\/\/www.tts-freunde.de\/blog\/2016\/11\/29\/audi-setzt-wearables-in-der-logistik-ein\/#primaryimage","url":"https:\/\/www.tts-freunde.de\/blog\/wp-content\/uploads\/2016\/11\/Einsatz-Scanner-Handschuh2.jpg","contentUrl":"https:\/\/www.tts-freunde.de\/blog\/wp-content\/uploads\/2016\/11\/Einsatz-Scanner-Handschuh2.jpg","width":1160,"height":773},{"@type":"BreadcrumbList","@id":"https:\/\/www.tts-freunde.de\/blog\/2016\/11\/29\/audi-setzt-wearables-in-der-logistik-ein\/#breadcrumb","itemListElement":[{"@type":"ListItem","position":1,"name":"Home","item":"https:\/\/www.tts-freunde.de\/blog\/"},{"@type":"ListItem","position":2,"name":"Audi setzt Wearables in der Logistik ein"}]},{"@type":"WebSite","@id":"https:\/\/www.tts-freunde.de\/blog\/#website","url":"https:\/\/www.tts-freunde.de\/blog\/","name":"Audi Blog","description":"Deutscher Audi Blog - TTS-Freunde","publisher":{"@id":"https:\/\/www.tts-freunde.de\/blog\/#organization"},"potentialAction":[{"@type":"SearchAction","target":{"@type":"EntryPoint","urlTemplate":"https:\/\/www.tts-freunde.de\/blog\/?s={search_term_string}"},"query-input":"required name=search_term_string"}],"inLanguage":"de"},{"@type":"Organization","@id":"https:\/\/www.tts-freunde.de\/blog\/#organization","name":"Audi Blog","url":"https:\/\/www.tts-freunde.de\/blog\/","logo":{"@type":"ImageObject","inLanguage":"de","@id":"https:\/\/www.tts-freunde.de\/blog\/#\/schema\/logo\/image\/","url":"https:\/\/www.tts-freunde.de\/blog\/wp-content\/uploads\/2022\/12\/logo_2022.jpg","contentUrl":"https:\/\/www.tts-freunde.de\/blog\/wp-content\/uploads\/2022\/12\/logo_2022.jpg","width":240,"height":41,"caption":"Audi Blog"},"image":{"@id":"https:\/\/www.tts-freunde.de\/blog\/#\/schema\/logo\/image\/"}},{"@type":"Person","@id":"https:\/\/www.tts-freunde.de\/blog\/#\/schema\/person\/b67f6a54e98f013bd281dbe05514b701","name":"admin","image":{"@type":"ImageObject","inLanguage":"de","@id":"https:\/\/www.tts-freunde.de\/blog\/#\/schema\/person\/image\/","url":"https:\/\/secure.gravatar.com\/avatar\/08a4bd330e25056ddb430c28136b38a6?s=96&d=mm&r=g","contentUrl":"https:\/\/secure.gravatar.com\/avatar\/08a4bd330e25056ddb430c28136b38a6?s=96&d=mm&r=g","caption":"admin"},"sameAs":["http:\/\/www.tts-freunde.de"],"url":"https:\/\/www.tts-freunde.de\/blog\/author\/admin\/"}]}},"jetpack_sharing_enabled":true,"jetpack_featured_media_url":"https:\/\/www.tts-freunde.de\/blog\/wp-content\/uploads\/2016\/11\/Einsatz-Scanner-Handschuh2.jpg","jetpack_shortlink":"https:\/\/wp.me\/p67hWW-Uu","jetpack_likes_enabled":false,"jetpack-related-posts":[],"_links":{"self":[{"href":"https:\/\/www.tts-freunde.de\/blog\/wp-json\/wp\/v2\/posts\/3502"}],"collection":[{"href":"https:\/\/www.tts-freunde.de\/blog\/wp-json\/wp\/v2\/posts"}],"about":[{"href":"https:\/\/www.tts-freunde.de\/blog\/wp-json\/wp\/v2\/types\/post"}],"author":[{"embeddable":true,"href":"https:\/\/www.tts-freunde.de\/blog\/wp-json\/wp\/v2\/users\/1"}],"replies":[{"embeddable":true,"href":"https:\/\/www.tts-freunde.de\/blog\/wp-json\/wp\/v2\/comments?post=3502"}],"version-history":[{"count":1,"href":"https:\/\/www.tts-freunde.de\/blog\/wp-json\/wp\/v2\/posts\/3502\/revisions"}],"predecessor-version":[{"id":3503,"href":"https:\/\/www.tts-freunde.de\/blog\/wp-json\/wp\/v2\/posts\/3502\/revisions\/3503"}],"wp:featuredmedia":[{"embeddable":true,"href":"https:\/\/www.tts-freunde.de\/blog\/wp-json\/wp\/v2\/media\/3501"}],"wp:attachment":[{"href":"https:\/\/www.tts-freunde.de\/blog\/wp-json\/wp\/v2\/media?parent=3502"}],"wp:term":[{"taxonomy":"category","embeddable":true,"href":"https:\/\/www.tts-freunde.de\/blog\/wp-json\/wp\/v2\/categories?post=3502"},{"taxonomy":"post_tag","embeddable":true,"href":"https:\/\/www.tts-freunde.de\/blog\/wp-json\/wp\/v2\/tags?post=3502"}],"curies":[{"name":"wp","href":"https:\/\/api.w.org\/{rel}","templated":true}]}}