{"id":3528,"date":"2016-12-05T19:43:03","date_gmt":"2016-12-05T18:43:03","guid":{"rendered":"http:\/\/tts-freunde.de\/blog\/?p=3528"},"modified":"2016-12-05T19:43:03","modified_gmt":"2016-12-05T18:43:03","slug":"audi-verlaengert-beschaeftigungsgarantie","status":"publish","type":"post","link":"https:\/\/www.tts-freunde.de\/blog\/2016\/12\/05\/audi-verlaengert-beschaeftigungsgarantie\/","title":{"rendered":"Audi verl\u00e4ngert Besch\u00e4ftigungsgarantie"},"content":{"rendered":"<div id=\"item-0f7b012d-f741-4a78-a871-d13395aa8979\" class=\"page-item--column col-sm-4\">\n<div class=\"custom-padding\">\n<div class=\"page-row has-no-item-box\">\n<div id=\"item-b530f661-040d-4a30-bf56-c5c57d2436a0\" class=\"page-item--topic-list\">\n<div class=\"topic-list\">\n<ul>\n<li>Erweiterung bis 2020 als Auftakt f\u00fcr Verhandlungen zum Pakt \u201eAudi.Zukunft.\u201c<\/li>\n<li>Vorstandsvorsitzender Rupert Stadler: \u201eVereinbarung als wichtige Basis f\u00fcr k\u00fcnftigen Unternehmenserfolg\u201c<\/li>\n<li>Personalvorstand Thomas Sigi: \u201eSichern langfristig Arbeitspl\u00e4tze an deutschen Standorten\u201c<\/li>\n<\/ul>\n<p><a href=\"http:\/\/tts-freunde.de\/blog\/wp-content\/uploads\/2016\/12\/Audi-verl\u00e4ngert-Besch\u00e4ftigungsgarantie.jpg\"><img loading=\"lazy\" decoding=\"async\" data-attachment-id=\"3529\" data-permalink=\"https:\/\/www.tts-freunde.de\/blog\/2016\/12\/05\/audi-verlaengert-beschaeftigungsgarantie\/audi-verlaengert-beschaeftigungsgarantie\/\" data-orig-file=\"https:\/\/www.tts-freunde.de\/blog\/wp-content\/uploads\/2016\/12\/Audi-verl\u00e4ngert-Besch\u00e4ftigungsgarantie.jpg\" data-orig-size=\"1160,820\" data-comments-opened=\"0\" data-image-meta=\"{&quot;aperture&quot;:&quot;0&quot;,&quot;credit&quot;:&quot;&quot;,&quot;camera&quot;:&quot;&quot;,&quot;caption&quot;:&quot;&quot;,&quot;created_timestamp&quot;:&quot;0&quot;,&quot;copyright&quot;:&quot;&quot;,&quot;focal_length&quot;:&quot;0&quot;,&quot;iso&quot;:&quot;0&quot;,&quot;shutter_speed&quot;:&quot;0&quot;,&quot;title&quot;:&quot;&quot;,&quot;orientation&quot;:&quot;0&quot;}\" data-image-title=\"audi-verlaengert-beschaeftigungsgarantie\" data-image-description=\"\" data-image-caption=\"\" data-medium-file=\"https:\/\/www.tts-freunde.de\/blog\/wp-content\/uploads\/2016\/12\/Audi-verl\u00e4ngert-Besch\u00e4ftigungsgarantie-300x212.jpg\" data-large-file=\"https:\/\/www.tts-freunde.de\/blog\/wp-content\/uploads\/2016\/12\/Audi-verl\u00e4ngert-Besch\u00e4ftigungsgarantie-1024x724.jpg\" tabindex=\"0\" role=\"button\" class=\"aligncenter size-full wp-image-3529\" src=\"http:\/\/tts-freunde.de\/blog\/wp-content\/uploads\/2016\/12\/Audi-verl\u00e4ngert-Besch\u00e4ftigungsgarantie.jpg\" alt=\"audi-verlaengert-beschaeftigungsgarantie\" width=\"1160\" height=\"820\" srcset=\"https:\/\/www.tts-freunde.de\/blog\/wp-content\/uploads\/2016\/12\/Audi-verl\u00e4ngert-Besch\u00e4ftigungsgarantie.jpg 1160w, https:\/\/www.tts-freunde.de\/blog\/wp-content\/uploads\/2016\/12\/Audi-verl\u00e4ngert-Besch\u00e4ftigungsgarantie-300x212.jpg 300w, https:\/\/www.tts-freunde.de\/blog\/wp-content\/uploads\/2016\/12\/Audi-verl\u00e4ngert-Besch\u00e4ftigungsgarantie-768x543.jpg 768w, https:\/\/www.tts-freunde.de\/blog\/wp-content\/uploads\/2016\/12\/Audi-verl\u00e4ngert-Besch\u00e4ftigungsgarantie-1024x724.jpg 1024w, https:\/\/www.tts-freunde.de\/blog\/wp-content\/uploads\/2016\/12\/Audi-verl\u00e4ngert-Besch\u00e4ftigungsgarantie-140x100.jpg 140w, https:\/\/www.tts-freunde.de\/blog\/wp-content\/uploads\/2016\/12\/Audi-verl\u00e4ngert-Besch\u00e4ftigungsgarantie-50x35.jpg 50w\" sizes=\"(max-width: 1160px) 100vw, 1160px\" \/><\/a><\/p>\n<div class=\"page-row has-no-item-box\">\n<div id=\"item-d55bf148-51ce-4609-aa82-d5fc18b3115d\" class=\"page-item--intro\">\n<div class=\"intro-text\">\n<p>Audi verl\u00e4ngert die Besch\u00e4ftigungsgarantie f\u00fcr seine rund 61.000 Mitarbeiter in Deutschland um zwei weitere Jahre bis 2020. Laut Rupert Stadler, Vorstandsvorsitzender der AUDI AG, werden der aktuellen Vereinbarung weitere Verhandlungen mit dem Gesamtbetriebsrat folgen: Ziel ist ein umfassender Pakt, verbunden mit einer noch langfristigeren Jobgarantie weit ins n\u00e4chste Jahrzehnt hinein.<\/p>\n<\/div>\n<\/div>\n<\/div>\n<div class=\"page-row has-no-item-box\">\n<div id=\"item-3977389d-8c3f-4e45-b3d4-1863a05ee7e5\" class=\"page-item--text\">\n<div class=\"style-links-for-body-text\">\n<p>Stadler gab die Besch\u00e4ftigungssicherung am Montag auf der Betriebsversammlung im Werk Ingolstadt bekannt. Inmitten der strategischen Neuausrichtung, der Abgas\u2011Aff\u00e4re und im Umfeld extrem herausfordernder M\u00e4rkte sei es dem Unternehmen wichtig, ein Zeichen zu setzen: \u201eGerade in unsicheren Zeiten wollen wir unseren Mitarbeitern eine Garantie geben. Ich pers\u00f6nlich freue mich sehr \u00fcber dieses erste Ergebnis. Im n\u00e4chsten Schritt wollen wir Audi weiter fit machen f\u00fcr die Zukunft.\u201c Entsprechende Gespr\u00e4che mit dem Gesamtbetriebsrat sollen unmittelbar beginnen. Mit der Vereinbarung \u201eAudi.Zukunft.\u201c plant der Automobilhersteller, die Kernpunkte seiner Unternehmensstrategie\u00a02025 umzusetzen. Im Zuge der Verhandlungen will Audi beispielsweise die Technologiekompetenz in Deutschland ausbauen und die Effizienz der Heimatwerke st\u00e4rken. Auch die Standortfrage f\u00fcr weitere Elektromodelle und Ideen f\u00fcr zukunftsweisende Gesch\u00e4ftsfelder stehen auf der Agenda. Der Pakt soll au\u00dferdem eine weitere Jobgarantie beinhalten, die die Besch\u00e4ftigung der Stammbelegschaft weit bis in die kommende Dekade hinein sch\u00fctzt.<\/p>\n<p>Audi\u2011Personalvorstand und Arbeitsdirektor Thomas\u00a0Sigi sagt: \u201eUnser Ziel f\u00fcr die Vereinbarung \u201eAudi.Zukunft.\u201c ist klar: Wir qualifizieren unsere Mannschaft f\u00fcr die Herausforderungen der Digitalisierung und schaffen zugleich eine moderne Audi\u2011Arbeitswelt. Die Verl\u00e4ngerung der Besch\u00e4ftigungsgarantie bis 2020 ist f\u00fcr uns nur der Startschuss. Auch langfristig werden wir die Arbeitspl\u00e4tze an den deutschen Standorten sichern. Die Weichen sind gestellt, um zusammen durchzustarten und uns ganz auf den Erfolg des Unternehmens zu konzentrieren.\u201c Unternehmensleitung und Betriebsrat planen, die gemeinsame Vereinbarung \u201eAudi.Zukunft.\u201c im Laufe des kommenden Jahres abzuschlie\u00dfen.<\/p>\n<\/div>\n<\/div>\n<\/div>\n<\/div>\n<\/div>\n<\/div>\n<\/div>\n<\/div>\n","protected":false},"excerpt":{"rendered":"<p>Erweiterung bis 2020 als Auftakt f\u00fcr Verhandlungen zum Pakt \u201eAudi.Zukunft.\u201c Vorstandsvorsitzender Rupert Stadler: \u201eVereinbarung als wichtige Basis f\u00fcr k\u00fcnftigen Unternehmenserfolg\u201c Personalvorstand Thomas Sigi: \u201eSichern langfristig Arbeitspl\u00e4tze an deutschen Standorten\u201c Audi verl\u00e4ngert die Besch\u00e4ftigungsgarantie f\u00fcr seine rund 61.000 Mitarbeiter in Deutschland um zwei weitere Jahre bis 2020. Laut Rupert Stadler, Vorstandsvorsitzender [&hellip;]<\/p>\n","protected":false},"author":1,"featured_media":3529,"comment_status":"closed","ping_status":"open","sticky":false,"template":"","format":"standard","meta":{"jetpack_post_was_ever_published":false,"_jetpack_newsletter_access":"","_jetpack_dont_email_post_to_subs":false,"_jetpack_newsletter_tier_id":0,"_jetpack_memberships_contains_paywalled_content":false,"_jetpack_memberships_contains_paid_content":false,"footnotes":"","jetpack_publicize_message":"#Audi verl\u00e4ngert Besch\u00e4ftigungsgarantie","jetpack_publicize_feature_enabled":true,"jetpack_social_post_already_shared":true,"jetpack_social_options":{"image_generator_settings":{"template":"highway","enabled":false},"version":2}},"categories":[16],"tags":[20],"class_list":["post-3528","post","type-post","status-publish","format-standard","has-post-thumbnail","hentry","category-audi-ag","tag-audi"],"wppr_data":{"cwp_meta_box_check":"No"},"jetpack_publicize_connections":[],"yoast_head":"<!-- This site is optimized with the Yoast SEO plugin v23.3 - https:\/\/yoast.com\/wordpress\/plugins\/seo\/ -->\n<title>Audi verl\u00e4ngert Besch\u00e4ftigungsgarantie - Audi Blog<\/title>\n<meta name=\"robots\" content=\"index, follow, max-snippet:-1, max-image-preview:large, max-video-preview:-1\" \/>\n<link rel=\"canonical\" href=\"https:\/\/www.tts-freunde.de\/blog\/2016\/12\/05\/audi-verlaengert-beschaeftigungsgarantie\/\" \/>\n<meta property=\"og:locale\" content=\"de_DE\" \/>\n<meta property=\"og:type\" content=\"article\" \/>\n<meta property=\"og:title\" content=\"Audi verl\u00e4ngert Besch\u00e4ftigungsgarantie - Audi Blog\" \/>\n<meta property=\"og:description\" content=\"Erweiterung bis 2020 als Auftakt f\u00fcr Verhandlungen zum Pakt \u201eAudi.Zukunft.\u201c Vorstandsvorsitzender Rupert Stadler: \u201eVereinbarung als wichtige Basis f\u00fcr k\u00fcnftigen Unternehmenserfolg\u201c Personalvorstand Thomas Sigi: \u201eSichern langfristig Arbeitspl\u00e4tze an deutschen Standorten\u201c Audi verl\u00e4ngert die Besch\u00e4ftigungsgarantie f\u00fcr seine rund 61.000 Mitarbeiter in Deutschland um zwei weitere Jahre bis 2020. Laut Rupert Stadler, Vorstandsvorsitzender [&hellip;]\" \/>\n<meta property=\"og:url\" content=\"https:\/\/www.tts-freunde.de\/blog\/2016\/12\/05\/audi-verlaengert-beschaeftigungsgarantie\/\" \/>\n<meta property=\"og:site_name\" content=\"Audi Blog\" \/>\n<meta property=\"article:published_time\" content=\"2016-12-05T18:43:03+00:00\" \/>\n<meta property=\"og:image\" content=\"https:\/\/www.tts-freunde.de\/blog\/wp-content\/uploads\/2016\/12\/Audi-verl\u00e4ngert-Besch\u00e4ftigungsgarantie.jpg\" \/>\n\t<meta property=\"og:image:width\" content=\"1160\" \/>\n\t<meta property=\"og:image:height\" content=\"820\" \/>\n\t<meta property=\"og:image:type\" content=\"image\/jpeg\" \/>\n<meta name=\"author\" content=\"admin\" \/>\n<meta name=\"twitter:card\" content=\"summary_large_image\" \/>\n<meta name=\"twitter:label1\" content=\"Verfasst von\" \/>\n\t<meta name=\"twitter:data1\" content=\"admin\" \/>\n\t<meta name=\"twitter:label2\" content=\"Gesch\u00e4tzte Lesezeit\" \/>\n\t<meta name=\"twitter:data2\" content=\"2\u00a0Minuten\" \/>\n<script type=\"application\/ld+json\" class=\"yoast-schema-graph\">{\"@context\":\"https:\/\/schema.org\",\"@graph\":[{\"@type\":\"Article\",\"@id\":\"https:\/\/www.tts-freunde.de\/blog\/2016\/12\/05\/audi-verlaengert-beschaeftigungsgarantie\/#article\",\"isPartOf\":{\"@id\":\"https:\/\/www.tts-freunde.de\/blog\/2016\/12\/05\/audi-verlaengert-beschaeftigungsgarantie\/\"},\"author\":{\"name\":\"admin\",\"@id\":\"https:\/\/www.tts-freunde.de\/blog\/#\/schema\/person\/b67f6a54e98f013bd281dbe05514b701\"},\"headline\":\"Audi verl\u00e4ngert Besch\u00e4ftigungsgarantie\",\"datePublished\":\"2016-12-05T18:43:03+00:00\",\"dateModified\":\"2016-12-05T18:43:03+00:00\",\"mainEntityOfPage\":{\"@id\":\"https:\/\/www.tts-freunde.de\/blog\/2016\/12\/05\/audi-verlaengert-beschaeftigungsgarantie\/\"},\"wordCount\":339,\"publisher\":{\"@id\":\"https:\/\/www.tts-freunde.de\/blog\/#organization\"},\"image\":{\"@id\":\"https:\/\/www.tts-freunde.de\/blog\/2016\/12\/05\/audi-verlaengert-beschaeftigungsgarantie\/#primaryimage\"},\"thumbnailUrl\":\"https:\/\/www.tts-freunde.de\/blog\/wp-content\/uploads\/2016\/12\/Audi-verl\u00e4ngert-Besch\u00e4ftigungsgarantie.jpg\",\"keywords\":[\"audi\"],\"articleSection\":[\"Audi AG\"],\"inLanguage\":\"de\"},{\"@type\":\"WebPage\",\"@id\":\"https:\/\/www.tts-freunde.de\/blog\/2016\/12\/05\/audi-verlaengert-beschaeftigungsgarantie\/\",\"url\":\"https:\/\/www.tts-freunde.de\/blog\/2016\/12\/05\/audi-verlaengert-beschaeftigungsgarantie\/\",\"name\":\"Audi verl\u00e4ngert Besch\u00e4ftigungsgarantie - Audi Blog\",\"isPartOf\":{\"@id\":\"https:\/\/www.tts-freunde.de\/blog\/#website\"},\"primaryImageOfPage\":{\"@id\":\"https:\/\/www.tts-freunde.de\/blog\/2016\/12\/05\/audi-verlaengert-beschaeftigungsgarantie\/#primaryimage\"},\"image\":{\"@id\":\"https:\/\/www.tts-freunde.de\/blog\/2016\/12\/05\/audi-verlaengert-beschaeftigungsgarantie\/#primaryimage\"},\"thumbnailUrl\":\"https:\/\/www.tts-freunde.de\/blog\/wp-content\/uploads\/2016\/12\/Audi-verl\u00e4ngert-Besch\u00e4ftigungsgarantie.jpg\",\"datePublished\":\"2016-12-05T18:43:03+00:00\",\"dateModified\":\"2016-12-05T18:43:03+00:00\",\"breadcrumb\":{\"@id\":\"https:\/\/www.tts-freunde.de\/blog\/2016\/12\/05\/audi-verlaengert-beschaeftigungsgarantie\/#breadcrumb\"},\"inLanguage\":\"de\",\"potentialAction\":[{\"@type\":\"ReadAction\",\"target\":[\"https:\/\/www.tts-freunde.de\/blog\/2016\/12\/05\/audi-verlaengert-beschaeftigungsgarantie\/\"]}]},{\"@type\":\"ImageObject\",\"inLanguage\":\"de\",\"@id\":\"https:\/\/www.tts-freunde.de\/blog\/2016\/12\/05\/audi-verlaengert-beschaeftigungsgarantie\/#primaryimage\",\"url\":\"https:\/\/www.tts-freunde.de\/blog\/wp-content\/uploads\/2016\/12\/Audi-verl\u00e4ngert-Besch\u00e4ftigungsgarantie.jpg\",\"contentUrl\":\"https:\/\/www.tts-freunde.de\/blog\/wp-content\/uploads\/2016\/12\/Audi-verl\u00e4ngert-Besch\u00e4ftigungsgarantie.jpg\",\"width\":1160,\"height\":820},{\"@type\":\"BreadcrumbList\",\"@id\":\"https:\/\/www.tts-freunde.de\/blog\/2016\/12\/05\/audi-verlaengert-beschaeftigungsgarantie\/#breadcrumb\",\"itemListElement\":[{\"@type\":\"ListItem\",\"position\":1,\"name\":\"Home\",\"item\":\"https:\/\/www.tts-freunde.de\/blog\/\"},{\"@type\":\"ListItem\",\"position\":2,\"name\":\"Audi verl\u00e4ngert Besch\u00e4ftigungsgarantie\"}]},{\"@type\":\"WebSite\",\"@id\":\"https:\/\/www.tts-freunde.de\/blog\/#website\",\"url\":\"https:\/\/www.tts-freunde.de\/blog\/\",\"name\":\"Audi Blog\",\"description\":\"Deutscher Audi Blog - TTS-Freunde\",\"publisher\":{\"@id\":\"https:\/\/www.tts-freunde.de\/blog\/#organization\"},\"potentialAction\":[{\"@type\":\"SearchAction\",\"target\":{\"@type\":\"EntryPoint\",\"urlTemplate\":\"https:\/\/www.tts-freunde.de\/blog\/?s={search_term_string}\"},\"query-input\":\"required name=search_term_string\"}],\"inLanguage\":\"de\"},{\"@type\":\"Organization\",\"@id\":\"https:\/\/www.tts-freunde.de\/blog\/#organization\",\"name\":\"Audi Blog\",\"url\":\"https:\/\/www.tts-freunde.de\/blog\/\",\"logo\":{\"@type\":\"ImageObject\",\"inLanguage\":\"de\",\"@id\":\"https:\/\/www.tts-freunde.de\/blog\/#\/schema\/logo\/image\/\",\"url\":\"https:\/\/www.tts-freunde.de\/blog\/wp-content\/uploads\/2022\/12\/logo_2022.jpg\",\"contentUrl\":\"https:\/\/www.tts-freunde.de\/blog\/wp-content\/uploads\/2022\/12\/logo_2022.jpg\",\"width\":240,\"height\":41,\"caption\":\"Audi Blog\"},\"image\":{\"@id\":\"https:\/\/www.tts-freunde.de\/blog\/#\/schema\/logo\/image\/\"}},{\"@type\":\"Person\",\"@id\":\"https:\/\/www.tts-freunde.de\/blog\/#\/schema\/person\/b67f6a54e98f013bd281dbe05514b701\",\"name\":\"admin\",\"image\":{\"@type\":\"ImageObject\",\"inLanguage\":\"de\",\"@id\":\"https:\/\/www.tts-freunde.de\/blog\/#\/schema\/person\/image\/\",\"url\":\"https:\/\/secure.gravatar.com\/avatar\/08a4bd330e25056ddb430c28136b38a6?s=96&d=mm&r=g\",\"contentUrl\":\"https:\/\/secure.gravatar.com\/avatar\/08a4bd330e25056ddb430c28136b38a6?s=96&d=mm&r=g\",\"caption\":\"admin\"},\"sameAs\":[\"http:\/\/www.tts-freunde.de\"],\"url\":\"https:\/\/www.tts-freunde.de\/blog\/author\/admin\/\"}]}<\/script>\n<!-- \/ Yoast SEO plugin. -->","yoast_head_json":{"title":"Audi verl\u00e4ngert Besch\u00e4ftigungsgarantie - Audi Blog","robots":{"index":"index","follow":"follow","max-snippet":"max-snippet:-1","max-image-preview":"max-image-preview:large","max-video-preview":"max-video-preview:-1"},"canonical":"https:\/\/www.tts-freunde.de\/blog\/2016\/12\/05\/audi-verlaengert-beschaeftigungsgarantie\/","og_locale":"de_DE","og_type":"article","og_title":"Audi verl\u00e4ngert Besch\u00e4ftigungsgarantie - Audi Blog","og_description":"Erweiterung bis 2020 als Auftakt f\u00fcr Verhandlungen zum Pakt \u201eAudi.Zukunft.\u201c Vorstandsvorsitzender Rupert Stadler: \u201eVereinbarung als wichtige Basis f\u00fcr k\u00fcnftigen Unternehmenserfolg\u201c Personalvorstand Thomas Sigi: \u201eSichern langfristig Arbeitspl\u00e4tze an deutschen Standorten\u201c Audi verl\u00e4ngert die Besch\u00e4ftigungsgarantie f\u00fcr seine rund 61.000 Mitarbeiter in Deutschland um zwei weitere Jahre bis 2020. Laut Rupert Stadler, Vorstandsvorsitzender [&hellip;]","og_url":"https:\/\/www.tts-freunde.de\/blog\/2016\/12\/05\/audi-verlaengert-beschaeftigungsgarantie\/","og_site_name":"Audi Blog","article_published_time":"2016-12-05T18:43:03+00:00","og_image":[{"width":1160,"height":820,"url":"https:\/\/www.tts-freunde.de\/blog\/wp-content\/uploads\/2016\/12\/Audi-verl\u00e4ngert-Besch\u00e4ftigungsgarantie.jpg","type":"image\/jpeg"}],"author":"admin","twitter_card":"summary_large_image","twitter_misc":{"Verfasst von":"admin","Gesch\u00e4tzte Lesezeit":"2\u00a0Minuten"},"schema":{"@context":"https:\/\/schema.org","@graph":[{"@type":"Article","@id":"https:\/\/www.tts-freunde.de\/blog\/2016\/12\/05\/audi-verlaengert-beschaeftigungsgarantie\/#article","isPartOf":{"@id":"https:\/\/www.tts-freunde.de\/blog\/2016\/12\/05\/audi-verlaengert-beschaeftigungsgarantie\/"},"author":{"name":"admin","@id":"https:\/\/www.tts-freunde.de\/blog\/#\/schema\/person\/b67f6a54e98f013bd281dbe05514b701"},"headline":"Audi verl\u00e4ngert Besch\u00e4ftigungsgarantie","datePublished":"2016-12-05T18:43:03+00:00","dateModified":"2016-12-05T18:43:03+00:00","mainEntityOfPage":{"@id":"https:\/\/www.tts-freunde.de\/blog\/2016\/12\/05\/audi-verlaengert-beschaeftigungsgarantie\/"},"wordCount":339,"publisher":{"@id":"https:\/\/www.tts-freunde.de\/blog\/#organization"},"image":{"@id":"https:\/\/www.tts-freunde.de\/blog\/2016\/12\/05\/audi-verlaengert-beschaeftigungsgarantie\/#primaryimage"},"thumbnailUrl":"https:\/\/www.tts-freunde.de\/blog\/wp-content\/uploads\/2016\/12\/Audi-verl\u00e4ngert-Besch\u00e4ftigungsgarantie.jpg","keywords":["audi"],"articleSection":["Audi AG"],"inLanguage":"de"},{"@type":"WebPage","@id":"https:\/\/www.tts-freunde.de\/blog\/2016\/12\/05\/audi-verlaengert-beschaeftigungsgarantie\/","url":"https:\/\/www.tts-freunde.de\/blog\/2016\/12\/05\/audi-verlaengert-beschaeftigungsgarantie\/","name":"Audi verl\u00e4ngert Besch\u00e4ftigungsgarantie - Audi Blog","isPartOf":{"@id":"https:\/\/www.tts-freunde.de\/blog\/#website"},"primaryImageOfPage":{"@id":"https:\/\/www.tts-freunde.de\/blog\/2016\/12\/05\/audi-verlaengert-beschaeftigungsgarantie\/#primaryimage"},"image":{"@id":"https:\/\/www.tts-freunde.de\/blog\/2016\/12\/05\/audi-verlaengert-beschaeftigungsgarantie\/#primaryimage"},"thumbnailUrl":"https:\/\/www.tts-freunde.de\/blog\/wp-content\/uploads\/2016\/12\/Audi-verl\u00e4ngert-Besch\u00e4ftigungsgarantie.jpg","datePublished":"2016-12-05T18:43:03+00:00","dateModified":"2016-12-05T18:43:03+00:00","breadcrumb":{"@id":"https:\/\/www.tts-freunde.de\/blog\/2016\/12\/05\/audi-verlaengert-beschaeftigungsgarantie\/#breadcrumb"},"inLanguage":"de","potentialAction":[{"@type":"ReadAction","target":["https:\/\/www.tts-freunde.de\/blog\/2016\/12\/05\/audi-verlaengert-beschaeftigungsgarantie\/"]}]},{"@type":"ImageObject","inLanguage":"de","@id":"https:\/\/www.tts-freunde.de\/blog\/2016\/12\/05\/audi-verlaengert-beschaeftigungsgarantie\/#primaryimage","url":"https:\/\/www.tts-freunde.de\/blog\/wp-content\/uploads\/2016\/12\/Audi-verl\u00e4ngert-Besch\u00e4ftigungsgarantie.jpg","contentUrl":"https:\/\/www.tts-freunde.de\/blog\/wp-content\/uploads\/2016\/12\/Audi-verl\u00e4ngert-Besch\u00e4ftigungsgarantie.jpg","width":1160,"height":820},{"@type":"BreadcrumbList","@id":"https:\/\/www.tts-freunde.de\/blog\/2016\/12\/05\/audi-verlaengert-beschaeftigungsgarantie\/#breadcrumb","itemListElement":[{"@type":"ListItem","position":1,"name":"Home","item":"https:\/\/www.tts-freunde.de\/blog\/"},{"@type":"ListItem","position":2,"name":"Audi verl\u00e4ngert Besch\u00e4ftigungsgarantie"}]},{"@type":"WebSite","@id":"https:\/\/www.tts-freunde.de\/blog\/#website","url":"https:\/\/www.tts-freunde.de\/blog\/","name":"Audi Blog","description":"Deutscher Audi Blog - TTS-Freunde","publisher":{"@id":"https:\/\/www.tts-freunde.de\/blog\/#organization"},"potentialAction":[{"@type":"SearchAction","target":{"@type":"EntryPoint","urlTemplate":"https:\/\/www.tts-freunde.de\/blog\/?s={search_term_string}"},"query-input":"required name=search_term_string"}],"inLanguage":"de"},{"@type":"Organization","@id":"https:\/\/www.tts-freunde.de\/blog\/#organization","name":"Audi Blog","url":"https:\/\/www.tts-freunde.de\/blog\/","logo":{"@type":"ImageObject","inLanguage":"de","@id":"https:\/\/www.tts-freunde.de\/blog\/#\/schema\/logo\/image\/","url":"https:\/\/www.tts-freunde.de\/blog\/wp-content\/uploads\/2022\/12\/logo_2022.jpg","contentUrl":"https:\/\/www.tts-freunde.de\/blog\/wp-content\/uploads\/2022\/12\/logo_2022.jpg","width":240,"height":41,"caption":"Audi Blog"},"image":{"@id":"https:\/\/www.tts-freunde.de\/blog\/#\/schema\/logo\/image\/"}},{"@type":"Person","@id":"https:\/\/www.tts-freunde.de\/blog\/#\/schema\/person\/b67f6a54e98f013bd281dbe05514b701","name":"admin","image":{"@type":"ImageObject","inLanguage":"de","@id":"https:\/\/www.tts-freunde.de\/blog\/#\/schema\/person\/image\/","url":"https:\/\/secure.gravatar.com\/avatar\/08a4bd330e25056ddb430c28136b38a6?s=96&d=mm&r=g","contentUrl":"https:\/\/secure.gravatar.com\/avatar\/08a4bd330e25056ddb430c28136b38a6?s=96&d=mm&r=g","caption":"admin"},"sameAs":["http:\/\/www.tts-freunde.de"],"url":"https:\/\/www.tts-freunde.de\/blog\/author\/admin\/"}]}},"jetpack_sharing_enabled":true,"jetpack_featured_media_url":"https:\/\/www.tts-freunde.de\/blog\/wp-content\/uploads\/2016\/12\/Audi-verl\u00e4ngert-Besch\u00e4ftigungsgarantie.jpg","jetpack_shortlink":"https:\/\/wp.me\/p67hWW-UU","jetpack_likes_enabled":false,"jetpack-related-posts":[],"_links":{"self":[{"href":"https:\/\/www.tts-freunde.de\/blog\/wp-json\/wp\/v2\/posts\/3528"}],"collection":[{"href":"https:\/\/www.tts-freunde.de\/blog\/wp-json\/wp\/v2\/posts"}],"about":[{"href":"https:\/\/www.tts-freunde.de\/blog\/wp-json\/wp\/v2\/types\/post"}],"author":[{"embeddable":true,"href":"https:\/\/www.tts-freunde.de\/blog\/wp-json\/wp\/v2\/users\/1"}],"replies":[{"embeddable":true,"href":"https:\/\/www.tts-freunde.de\/blog\/wp-json\/wp\/v2\/comments?post=3528"}],"version-history":[{"count":1,"href":"https:\/\/www.tts-freunde.de\/blog\/wp-json\/wp\/v2\/posts\/3528\/revisions"}],"predecessor-version":[{"id":3530,"href":"https:\/\/www.tts-freunde.de\/blog\/wp-json\/wp\/v2\/posts\/3528\/revisions\/3530"}],"wp:featuredmedia":[{"embeddable":true,"href":"https:\/\/www.tts-freunde.de\/blog\/wp-json\/wp\/v2\/media\/3529"}],"wp:attachment":[{"href":"https:\/\/www.tts-freunde.de\/blog\/wp-json\/wp\/v2\/media?parent=3528"}],"wp:term":[{"taxonomy":"category","embeddable":true,"href":"https:\/\/www.tts-freunde.de\/blog\/wp-json\/wp\/v2\/categories?post=3528"},{"taxonomy":"post_tag","embeddable":true,"href":"https:\/\/www.tts-freunde.de\/blog\/wp-json\/wp\/v2\/tags?post=3528"}],"curies":[{"name":"wp","href":"https:\/\/api.w.org\/{rel}","templated":true}]}}