{"id":3560,"date":"2016-12-13T06:00:48","date_gmt":"2016-12-13T05:00:48","guid":{"rendered":"http:\/\/tts-freunde.de\/blog\/?p=3560"},"modified":"2016-12-12T19:58:11","modified_gmt":"2016-12-12T18:58:11","slug":"audi-absatz","status":"publish","type":"post","link":"https:\/\/www.tts-freunde.de\/blog\/2016\/12\/13\/audi-absatz\/","title":{"rendered":"Absatz steigt in allen Kernregionen"},"content":{"rendered":"<div class=\"page-row has-no-item-box\">\n<div id=\"item-2c092835-c502-4fd0-81b9-247a703c2781\" class=\"page-item--intro\">\n<div class=\"intro-text\">\n<div id=\"attachment_3476\" style=\"width: 1170px\" class=\"wp-caption aligncenter\"><a href=\"http:\/\/tts-freunde.de\/blog\/wp-content\/uploads\/2016\/11\/Goldenen-Lenkrads-2016.jpg\"><img loading=\"lazy\" decoding=\"async\" aria-describedby=\"caption-attachment-3476\" data-attachment-id=\"3476\" data-permalink=\"https:\/\/www.tts-freunde.de\/blog\/2016\/11\/10\/goldenes-lenkrad-fuer-audi-q2-und-audi-a5-coupe\/goldenen-lenkrads-2016\/\" data-orig-file=\"https:\/\/www.tts-freunde.de\/blog\/wp-content\/uploads\/2016\/11\/Goldenen-Lenkrads-2016.jpg\" data-orig-size=\"1160,870\" data-comments-opened=\"0\" data-image-meta=\"{&quot;aperture&quot;:&quot;0&quot;,&quot;credit&quot;:&quot;&quot;,&quot;camera&quot;:&quot;&quot;,&quot;caption&quot;:&quot;&quot;,&quot;created_timestamp&quot;:&quot;0&quot;,&quot;copyright&quot;:&quot;&quot;,&quot;focal_length&quot;:&quot;0&quot;,&quot;iso&quot;:&quot;0&quot;,&quot;shutter_speed&quot;:&quot;0&quot;,&quot;title&quot;:&quot;&quot;,&quot;orientation&quot;:&quot;0&quot;}\" data-image-title=\"goldenen-lenkrads-2016\" data-image-description=\"&lt;p&gt;Goldenen Lenkrads 2016&lt;\/p&gt;\n\" data-image-caption=\"&lt;p&gt;Goldenen Lenkrads 2016&lt;\/p&gt;\n\" data-medium-file=\"https:\/\/www.tts-freunde.de\/blog\/wp-content\/uploads\/2016\/11\/Goldenen-Lenkrads-2016-300x225.jpg\" data-large-file=\"https:\/\/www.tts-freunde.de\/blog\/wp-content\/uploads\/2016\/11\/Goldenen-Lenkrads-2016-1024x768.jpg\" tabindex=\"0\" role=\"button\" class=\"size-full wp-image-3476\" src=\"http:\/\/tts-freunde.de\/blog\/wp-content\/uploads\/2016\/11\/Goldenen-Lenkrads-2016.jpg\" alt=\"Goldenen Lenkrads 2016\" width=\"1160\" height=\"870\" srcset=\"https:\/\/www.tts-freunde.de\/blog\/wp-content\/uploads\/2016\/11\/Goldenen-Lenkrads-2016.jpg 1160w, https:\/\/www.tts-freunde.de\/blog\/wp-content\/uploads\/2016\/11\/Goldenen-Lenkrads-2016-300x225.jpg 300w, https:\/\/www.tts-freunde.de\/blog\/wp-content\/uploads\/2016\/11\/Goldenen-Lenkrads-2016-768x576.jpg 768w, https:\/\/www.tts-freunde.de\/blog\/wp-content\/uploads\/2016\/11\/Goldenen-Lenkrads-2016-1024x768.jpg 1024w, https:\/\/www.tts-freunde.de\/blog\/wp-content\/uploads\/2016\/11\/Goldenen-Lenkrads-2016-50x38.jpg 50w\" sizes=\"(max-width: 1160px) 100vw, 1160px\" \/><\/a><p id=\"caption-attachment-3476\" class=\"wp-caption-text\">Goldenen Lenkrads 2016<\/p><\/div>\n<p>Audi liegt weiter auf Wachstumskurs: Im vergangenen Monat stiegen die Auslieferungen der Marke um 4,3 Prozent auf rund 154.050 Einheiten. Stark legte die Nachfrage dabei in Europa zu, wo mit dem Audi Q2 und dem Audi A5 erst k\u00fcrzlich zwei wichtige neue Modelle in den Markt starteten. \u00dcber das gesamte Portfolio erh\u00f6hten sich die Verk\u00e4ufe in der Region um 9,5 Prozent auf rund 68.200 Automobile. Auch in den anderen beiden Kernregionen, Nordamerika (+3,6%) und Asien-Pazifik (+0,8%), registrierte das Unternehmen im November weitere Zuw\u00e4chse. Seit Jahresbeginn entschieden sich damit rund 1.713.900 Kunden weltweit f\u00fcr einen Audi; 4,2 Prozent mehr als im Vorjahreszeitraum.<\/p>\n<\/div>\n<\/div>\n<\/div>\n<div class=\"page-row has-no-item-box\">\n<div id=\"item-527c3859-f9e0-42f1-8682-65746e6b50d0\" class=\"page-item--text\">\n<div class=\"style-links-for-body-text\">\n<p>\u201eIn diesem Jahr ist Europa der st\u00e4rkste Wachstumsmotor f\u00fcr Audi: Trotz zahlreicher politischer und wirtschaftlicher Unsicherheiten konnten wir in allen unseren gro\u00dfen europ\u00e4ischen M\u00e4rkten deutlich zulegen\u201c, sagt Dietmar Voggenreiter, Vorstand f\u00fcr Vertrieb und Marketing der AUDI\u00a0AG. \u201eDer Europa-Start des neuen Audi\u00a0Q2 untermauert diese Entwicklung zus\u00e4tzlich. Der Kompakt-SUV wird k\u00fcnftig ein wichtiger Absatztreiber in der Region sein, das belegen bereits die aktuellen Bestellungen.\u201c<\/p>\n<div id=\"attachment_3461\" style=\"width: 1930px\" class=\"wp-caption aligncenter\"><a href=\"http:\/\/tts-freunde.de\/blog\/wp-content\/uploads\/2016\/11\/Audi-S5-Cabriolet-4.jpg\"><img loading=\"lazy\" decoding=\"async\" aria-describedby=\"caption-attachment-3461\" data-attachment-id=\"3461\" data-permalink=\"https:\/\/www.tts-freunde.de\/blog\/2016\/11\/06\/audi-s5-cabrio\/audi-s5-cabriolet-4\/\" data-orig-file=\"https:\/\/www.tts-freunde.de\/blog\/wp-content\/uploads\/2016\/11\/Audi-S5-Cabriolet-4.jpg\" data-orig-size=\"1920,1080\" data-comments-opened=\"0\" data-image-meta=\"{&quot;aperture&quot;:&quot;0&quot;,&quot;credit&quot;:&quot;&quot;,&quot;camera&quot;:&quot;&quot;,&quot;caption&quot;:&quot;&quot;,&quot;created_timestamp&quot;:&quot;0&quot;,&quot;copyright&quot;:&quot;AUDI AG&quot;,&quot;focal_length&quot;:&quot;0&quot;,&quot;iso&quot;:&quot;0&quot;,&quot;shutter_speed&quot;:&quot;0&quot;,&quot;title&quot;:&quot;&quot;,&quot;orientation&quot;:&quot;0&quot;}\" data-image-title=\"Audi S5 Cabrio\" data-image-description=\"&lt;p&gt;Audi S5 Cabrio&lt;\/p&gt;\n\" data-image-caption=\"&lt;p&gt;Audi S5 Cabrio&lt;\/p&gt;\n\" data-medium-file=\"https:\/\/www.tts-freunde.de\/blog\/wp-content\/uploads\/2016\/11\/Audi-S5-Cabriolet-4-300x169.jpg\" data-large-file=\"https:\/\/www.tts-freunde.de\/blog\/wp-content\/uploads\/2016\/11\/Audi-S5-Cabriolet-4-1024x576.jpg\" tabindex=\"0\" role=\"button\" class=\"size-full wp-image-3461\" src=\"http:\/\/tts-freunde.de\/blog\/wp-content\/uploads\/2016\/11\/Audi-S5-Cabriolet-4.jpg\" alt=\"Audi S5 Cabrio\" width=\"1920\" height=\"1080\" srcset=\"https:\/\/www.tts-freunde.de\/blog\/wp-content\/uploads\/2016\/11\/Audi-S5-Cabriolet-4.jpg 1920w, https:\/\/www.tts-freunde.de\/blog\/wp-content\/uploads\/2016\/11\/Audi-S5-Cabriolet-4-300x169.jpg 300w, https:\/\/www.tts-freunde.de\/blog\/wp-content\/uploads\/2016\/11\/Audi-S5-Cabriolet-4-768x432.jpg 768w, https:\/\/www.tts-freunde.de\/blog\/wp-content\/uploads\/2016\/11\/Audi-S5-Cabriolet-4-1024x576.jpg 1024w, https:\/\/www.tts-freunde.de\/blog\/wp-content\/uploads\/2016\/11\/Audi-S5-Cabriolet-4-50x28.jpg 50w\" sizes=\"(max-width: 1920px) 100vw, 1920px\" \/><\/a><p id=\"caption-attachment-3461\" class=\"wp-caption-text\">Audi S5 Cabrio<\/p><\/div>\n<p>Auch die Markteinf\u00fchrung des neuen Audi A5 spiegelt sich bereits in der Absatzbilanz wider. So verdoppelten sich die <strong>Europa<\/strong>-Verk\u00e4ufe des A5 Coup\u00e9 im November auf rund 1.130 Einheiten. Gleicherma\u00dfen positiv wirkte sich die anhaltend hohe Nachfrage nach dem neuen Audi\u00a0A4 auf das Auslieferungsergebnis aus: mit rund 12.200 Einheiten \u00fcbertraf das Mittelklasse-Modell den Vergleichsmonat um 51,6\u00a0Prozent. \u00dcber alle Modelle verzeichnete Audi in Europa im vergangenen Monat ein Absatzplus von 9,5\u00a0Prozent auf rund 68.200 Einheiten. Hohe Dynamik mit zweistelligen Wachstumsraten zeigte sich dabei in <strong>Gro\u00dfbritannien<\/strong> (+18,0% auf 12.970\u00a0Einheiten), <strong>Frankreich<\/strong> (+32,0% auf 6.551 Einheiten) sowie <strong>Italien<\/strong> (+18,8% auf 5.570\u00a0Automobile) und <strong>Spanien<\/strong> (+24,7% auf 4.176 Auslieferungen). Auf dem russischen Markt ist unterdessen noch keine Trendwende erkennbar: Dort sanken die Verkaufszahlen im November um 32,1\u00a0Prozent auf 1.486 Einheiten. Zwischen Januar und November nahmen insgesamt rund 795.050 Kunden in Europa den Schl\u00fcssel f\u00fcr ihren neuen Audi entgegen, 7,1\u00a0Prozent mehr als vor Jahresfrist. Dabei punkteten die Vier Ringe in Europa auch mit Ihrem High-Performance Portfolio von Audi Sport, allen voran mit dem Audi R8. Seit Jahresbeginn stiegen seine Auslieferungen um 27 Prozent auf rund 1.370 Einheiten.<\/p>\n<p>Auch in <strong>Nordamerika<\/strong> setzt Audi seine positive Absatzentwicklung zum Jahresende fort. Hier erh\u00f6hten sich die Auslieferungen im November um 3,6\u00a0Prozent auf rund 20.850 Einheiten. Mit 2.455 Verk\u00e4ufen und einem Plus von 13,2\u00a0Prozent meldete <strong>Kanada<\/strong> die h\u00f6chste Wachstumsrate in der Region. Aber auch Audi of America konnte mit 17.118 Einheiten und einem Plus von 2,5\u00a0Prozent weiter zulegen. Kumuliert lieferten die Vier Ringe 187.018 Einheiten im US-Markt aus, 2,9\u00a0Prozent mehr als im Jahr zuvor. Eine wichtige Rolle spielt dabei der Audi\u00a0Q7, f\u00fcr den die Vereinigten Staaten der wichtigste Absatzmarkt weltweit sind: mehr als jeder vierte Kunde des Oberklasse-SUV kommt aus den <strong>USA<\/strong>. Seit der Markteinf\u00fchrung der neuen Generation im Januar stiegen die US-Auslieferungen des Q7 jeden Monat deutlich zweistellig. Seit Jahresbeginn ist der Q7 im Markt damit um rund 53,3 Prozent auf 27.288 Einheiten gewachsen. Weltweit entschieden sich in diesem Jahr bereits rund 91.450 Kunden f\u00fcr das Modell, ein Plus von 40\u00a0Prozent.<\/p>\n<div id=\"attachment_3180\" style=\"width: 1170px\" class=\"wp-caption aligncenter\"><a href=\"http:\/\/tts-freunde.de\/blog\/wp-content\/uploads\/2016\/08\/Audi-Q2-Edition-1.jpg\"><img loading=\"lazy\" decoding=\"async\" aria-describedby=\"caption-attachment-3180\" data-attachment-id=\"3180\" data-permalink=\"https:\/\/www.tts-freunde.de\/blog\/2016\/08\/19\/der-audi-q2-edition-1\/audi-q2-edition-1\/\" data-orig-file=\"https:\/\/www.tts-freunde.de\/blog\/wp-content\/uploads\/2016\/08\/Audi-Q2-Edition-1.jpg\" data-orig-size=\"1160,797\" data-comments-opened=\"0\" data-image-meta=\"{&quot;aperture&quot;:&quot;0&quot;,&quot;credit&quot;:&quot;&quot;,&quot;camera&quot;:&quot;&quot;,&quot;caption&quot;:&quot;&quot;,&quot;created_timestamp&quot;:&quot;0&quot;,&quot;copyright&quot;:&quot;&quot;,&quot;focal_length&quot;:&quot;0&quot;,&quot;iso&quot;:&quot;0&quot;,&quot;shutter_speed&quot;:&quot;0&quot;,&quot;title&quot;:&quot;&quot;,&quot;orientation&quot;:&quot;0&quot;}\" data-image-title=\"Audi Q2 Edition #1\" data-image-description=\"&lt;p&gt;Audi Q2 Edition #1&lt;\/p&gt;\n\" data-image-caption=\"&lt;p&gt;Audi Q2 Edition #1&lt;\/p&gt;\n\" data-medium-file=\"https:\/\/www.tts-freunde.de\/blog\/wp-content\/uploads\/2016\/08\/Audi-Q2-Edition-1-300x206.jpg\" data-large-file=\"https:\/\/www.tts-freunde.de\/blog\/wp-content\/uploads\/2016\/08\/Audi-Q2-Edition-1-1024x704.jpg\" tabindex=\"0\" role=\"button\" class=\"size-full wp-image-3180\" src=\"http:\/\/tts-freunde.de\/blog\/wp-content\/uploads\/2016\/08\/Audi-Q2-Edition-1.jpg\" alt=\"Audi Q2 Edition #1\" width=\"1160\" height=\"797\" srcset=\"https:\/\/www.tts-freunde.de\/blog\/wp-content\/uploads\/2016\/08\/Audi-Q2-Edition-1.jpg 1160w, https:\/\/www.tts-freunde.de\/blog\/wp-content\/uploads\/2016\/08\/Audi-Q2-Edition-1-300x206.jpg 300w, https:\/\/www.tts-freunde.de\/blog\/wp-content\/uploads\/2016\/08\/Audi-Q2-Edition-1-768x528.jpg 768w, https:\/\/www.tts-freunde.de\/blog\/wp-content\/uploads\/2016\/08\/Audi-Q2-Edition-1-1024x704.jpg 1024w, https:\/\/www.tts-freunde.de\/blog\/wp-content\/uploads\/2016\/08\/Audi-Q2-Edition-1-50x34.jpg 50w\" sizes=\"(max-width: 1160px) 100vw, 1160px\" \/><\/a><p id=\"caption-attachment-3180\" class=\"wp-caption-text\">Audi Q2 Edition #1<\/p><\/div>\n<p>Das h\u00f6chste Volumenwachstum eines Einzelmarktes kam im November aus <strong>China<\/strong>. Hier kletterten die Verkaufszahlen um 6,6\u00a0Prozent auf 52.776 Automobile. Die Nachfrage nach dem Audi\u00a0Q3 erh\u00f6hte sich im Vergleich zum Vorjahresmonat um 46,8\u00a0Prozent, f\u00fcr den A3 weist die Auslieferungsstatistik einen Anstieg um 31,0\u00a0Prozent auf 8.529\u00a0Einheiten aus. \u00dcber die gesamte Produktpalette \u00fcbergab der Hersteller im Reich der Mitte seit Jahresbeginn 540.040 Automobile in Kundenhand, ein Plus von 5,7\u00a0Prozent.<\/p>\n<\/div>\n<\/div>\n<\/div>\n","protected":false},"excerpt":{"rendered":"<p>Audi liegt weiter auf Wachstumskurs: Im vergangenen Monat stiegen die Auslieferungen der Marke um 4,3 Prozent auf rund 154.050 Einheiten. Stark legte die Nachfrage dabei in Europa zu, wo mit dem Audi Q2 und dem Audi A5 erst k\u00fcrzlich zwei wichtige neue Modelle in den Markt starteten. \u00dcber das gesamte [&hellip;]<\/p>\n","protected":false},"author":1,"featured_media":2882,"comment_status":"closed","ping_status":"open","sticky":false,"template":"","format":"standard","meta":{"jetpack_post_was_ever_published":false,"_jetpack_newsletter_access":"","_jetpack_dont_email_post_to_subs":false,"_jetpack_newsletter_tier_id":0,"_jetpack_memberships_contains_paywalled_content":false,"_jetpack_memberships_contains_paid_content":false,"footnotes":"","jetpack_publicize_message":"Absatz steigt in allen Kernregionen #audi","jetpack_publicize_feature_enabled":true,"jetpack_social_post_already_shared":true,"jetpack_social_options":{"image_generator_settings":{"template":"highway","enabled":false},"version":2}},"categories":[16],"tags":[20],"class_list":["post-3560","post","type-post","status-publish","format-standard","has-post-thumbnail","hentry","category-audi-ag","tag-audi"],"wppr_data":{"cwp_meta_box_check":"No"},"jetpack_publicize_connections":[],"yoast_head":"<!-- This site is optimized with the Yoast SEO plugin v23.3 - https:\/\/yoast.com\/wordpress\/plugins\/seo\/ -->\n<title>Absatz steigt in allen Kernregionen - Audi Blog<\/title>\n<meta name=\"robots\" content=\"index, follow, max-snippet:-1, max-image-preview:large, max-video-preview:-1\" \/>\n<link rel=\"canonical\" href=\"https:\/\/www.tts-freunde.de\/blog\/2016\/12\/13\/audi-absatz\/\" \/>\n<meta property=\"og:locale\" content=\"de_DE\" \/>\n<meta property=\"og:type\" content=\"article\" \/>\n<meta property=\"og:title\" content=\"Absatz steigt in allen Kernregionen - Audi Blog\" \/>\n<meta property=\"og:description\" content=\"Audi liegt weiter auf Wachstumskurs: Im vergangenen Monat stiegen die Auslieferungen der Marke um 4,3 Prozent auf rund 154.050 Einheiten. Stark legte die Nachfrage dabei in Europa zu, wo mit dem Audi Q2 und dem Audi A5 erst k\u00fcrzlich zwei wichtige neue Modelle in den Markt starteten. \u00dcber das gesamte [&hellip;]\" \/>\n<meta property=\"og:url\" content=\"https:\/\/www.tts-freunde.de\/blog\/2016\/12\/13\/audi-absatz\/\" \/>\n<meta property=\"og:site_name\" content=\"Audi Blog\" \/>\n<meta property=\"article:published_time\" content=\"2016-12-13T05:00:48+00:00\" \/>\n<meta property=\"article:modified_time\" content=\"2016-12-12T18:58:11+00:00\" \/>\n<meta property=\"og:image\" content=\"https:\/\/www.tts-freunde.de\/blog\/wp-content\/uploads\/2016\/05\/audi-s3-2.jpg\" \/>\n\t<meta property=\"og:image:width\" content=\"3508\" \/>\n\t<meta property=\"og:image:height\" content=\"2046\" \/>\n\t<meta property=\"og:image:type\" content=\"image\/jpeg\" \/>\n<meta name=\"author\" content=\"admin\" \/>\n<meta name=\"twitter:card\" content=\"summary_large_image\" \/>\n<meta name=\"twitter:label1\" content=\"Verfasst von\" \/>\n\t<meta name=\"twitter:data1\" content=\"admin\" \/>\n\t<meta name=\"twitter:label2\" content=\"Gesch\u00e4tzte Lesezeit\" \/>\n\t<meta name=\"twitter:data2\" content=\"3\u00a0Minuten\" \/>\n<script type=\"application\/ld+json\" class=\"yoast-schema-graph\">{\"@context\":\"https:\/\/schema.org\",\"@graph\":[{\"@type\":\"Article\",\"@id\":\"https:\/\/www.tts-freunde.de\/blog\/2016\/12\/13\/audi-absatz\/#article\",\"isPartOf\":{\"@id\":\"https:\/\/www.tts-freunde.de\/blog\/2016\/12\/13\/audi-absatz\/\"},\"author\":{\"name\":\"admin\",\"@id\":\"https:\/\/www.tts-freunde.de\/blog\/#\/schema\/person\/b67f6a54e98f013bd281dbe05514b701\"},\"headline\":\"Absatz steigt in allen Kernregionen\",\"datePublished\":\"2016-12-13T05:00:48+00:00\",\"dateModified\":\"2016-12-12T18:58:11+00:00\",\"mainEntityOfPage\":{\"@id\":\"https:\/\/www.tts-freunde.de\/blog\/2016\/12\/13\/audi-absatz\/\"},\"wordCount\":595,\"publisher\":{\"@id\":\"https:\/\/www.tts-freunde.de\/blog\/#organization\"},\"image\":{\"@id\":\"https:\/\/www.tts-freunde.de\/blog\/2016\/12\/13\/audi-absatz\/#primaryimage\"},\"thumbnailUrl\":\"https:\/\/www.tts-freunde.de\/blog\/wp-content\/uploads\/2016\/05\/audi-s3-2.jpg\",\"keywords\":[\"audi\"],\"articleSection\":[\"Audi AG\"],\"inLanguage\":\"de\"},{\"@type\":\"WebPage\",\"@id\":\"https:\/\/www.tts-freunde.de\/blog\/2016\/12\/13\/audi-absatz\/\",\"url\":\"https:\/\/www.tts-freunde.de\/blog\/2016\/12\/13\/audi-absatz\/\",\"name\":\"Absatz steigt in allen Kernregionen - Audi Blog\",\"isPartOf\":{\"@id\":\"https:\/\/www.tts-freunde.de\/blog\/#website\"},\"primaryImageOfPage\":{\"@id\":\"https:\/\/www.tts-freunde.de\/blog\/2016\/12\/13\/audi-absatz\/#primaryimage\"},\"image\":{\"@id\":\"https:\/\/www.tts-freunde.de\/blog\/2016\/12\/13\/audi-absatz\/#primaryimage\"},\"thumbnailUrl\":\"https:\/\/www.tts-freunde.de\/blog\/wp-content\/uploads\/2016\/05\/audi-s3-2.jpg\",\"datePublished\":\"2016-12-13T05:00:48+00:00\",\"dateModified\":\"2016-12-12T18:58:11+00:00\",\"breadcrumb\":{\"@id\":\"https:\/\/www.tts-freunde.de\/blog\/2016\/12\/13\/audi-absatz\/#breadcrumb\"},\"inLanguage\":\"de\",\"potentialAction\":[{\"@type\":\"ReadAction\",\"target\":[\"https:\/\/www.tts-freunde.de\/blog\/2016\/12\/13\/audi-absatz\/\"]}]},{\"@type\":\"ImageObject\",\"inLanguage\":\"de\",\"@id\":\"https:\/\/www.tts-freunde.de\/blog\/2016\/12\/13\/audi-absatz\/#primaryimage\",\"url\":\"https:\/\/www.tts-freunde.de\/blog\/wp-content\/uploads\/2016\/05\/audi-s3-2.jpg\",\"contentUrl\":\"https:\/\/www.tts-freunde.de\/blog\/wp-content\/uploads\/2016\/05\/audi-s3-2.jpg\",\"width\":3508,\"height\":2046,\"caption\":\"Static photo, Colour: Vegas Yellow\"},{\"@type\":\"BreadcrumbList\",\"@id\":\"https:\/\/www.tts-freunde.de\/blog\/2016\/12\/13\/audi-absatz\/#breadcrumb\",\"itemListElement\":[{\"@type\":\"ListItem\",\"position\":1,\"name\":\"Home\",\"item\":\"https:\/\/www.tts-freunde.de\/blog\/\"},{\"@type\":\"ListItem\",\"position\":2,\"name\":\"Absatz steigt in allen Kernregionen\"}]},{\"@type\":\"WebSite\",\"@id\":\"https:\/\/www.tts-freunde.de\/blog\/#website\",\"url\":\"https:\/\/www.tts-freunde.de\/blog\/\",\"name\":\"Audi Blog\",\"description\":\"Deutscher Audi Blog - TTS-Freunde\",\"publisher\":{\"@id\":\"https:\/\/www.tts-freunde.de\/blog\/#organization\"},\"potentialAction\":[{\"@type\":\"SearchAction\",\"target\":{\"@type\":\"EntryPoint\",\"urlTemplate\":\"https:\/\/www.tts-freunde.de\/blog\/?s={search_term_string}\"},\"query-input\":\"required name=search_term_string\"}],\"inLanguage\":\"de\"},{\"@type\":\"Organization\",\"@id\":\"https:\/\/www.tts-freunde.de\/blog\/#organization\",\"name\":\"Audi Blog\",\"url\":\"https:\/\/www.tts-freunde.de\/blog\/\",\"logo\":{\"@type\":\"ImageObject\",\"inLanguage\":\"de\",\"@id\":\"https:\/\/www.tts-freunde.de\/blog\/#\/schema\/logo\/image\/\",\"url\":\"https:\/\/www.tts-freunde.de\/blog\/wp-content\/uploads\/2022\/12\/logo_2022.jpg\",\"contentUrl\":\"https:\/\/www.tts-freunde.de\/blog\/wp-content\/uploads\/2022\/12\/logo_2022.jpg\",\"width\":240,\"height\":41,\"caption\":\"Audi Blog\"},\"image\":{\"@id\":\"https:\/\/www.tts-freunde.de\/blog\/#\/schema\/logo\/image\/\"}},{\"@type\":\"Person\",\"@id\":\"https:\/\/www.tts-freunde.de\/blog\/#\/schema\/person\/b67f6a54e98f013bd281dbe05514b701\",\"name\":\"admin\",\"image\":{\"@type\":\"ImageObject\",\"inLanguage\":\"de\",\"@id\":\"https:\/\/www.tts-freunde.de\/blog\/#\/schema\/person\/image\/\",\"url\":\"https:\/\/secure.gravatar.com\/avatar\/08a4bd330e25056ddb430c28136b38a6?s=96&d=mm&r=g\",\"contentUrl\":\"https:\/\/secure.gravatar.com\/avatar\/08a4bd330e25056ddb430c28136b38a6?s=96&d=mm&r=g\",\"caption\":\"admin\"},\"sameAs\":[\"http:\/\/www.tts-freunde.de\"],\"url\":\"https:\/\/www.tts-freunde.de\/blog\/author\/admin\/\"}]}<\/script>\n<!-- \/ Yoast SEO plugin. -->","yoast_head_json":{"title":"Absatz steigt in allen Kernregionen - Audi Blog","robots":{"index":"index","follow":"follow","max-snippet":"max-snippet:-1","max-image-preview":"max-image-preview:large","max-video-preview":"max-video-preview:-1"},"canonical":"https:\/\/www.tts-freunde.de\/blog\/2016\/12\/13\/audi-absatz\/","og_locale":"de_DE","og_type":"article","og_title":"Absatz steigt in allen Kernregionen - Audi Blog","og_description":"Audi liegt weiter auf Wachstumskurs: Im vergangenen Monat stiegen die Auslieferungen der Marke um 4,3 Prozent auf rund 154.050 Einheiten. Stark legte die Nachfrage dabei in Europa zu, wo mit dem Audi Q2 und dem Audi A5 erst k\u00fcrzlich zwei wichtige neue Modelle in den Markt starteten. \u00dcber das gesamte [&hellip;]","og_url":"https:\/\/www.tts-freunde.de\/blog\/2016\/12\/13\/audi-absatz\/","og_site_name":"Audi Blog","article_published_time":"2016-12-13T05:00:48+00:00","article_modified_time":"2016-12-12T18:58:11+00:00","og_image":[{"width":3508,"height":2046,"url":"https:\/\/www.tts-freunde.de\/blog\/wp-content\/uploads\/2016\/05\/audi-s3-2.jpg","type":"image\/jpeg"}],"author":"admin","twitter_card":"summary_large_image","twitter_misc":{"Verfasst von":"admin","Gesch\u00e4tzte Lesezeit":"3\u00a0Minuten"},"schema":{"@context":"https:\/\/schema.org","@graph":[{"@type":"Article","@id":"https:\/\/www.tts-freunde.de\/blog\/2016\/12\/13\/audi-absatz\/#article","isPartOf":{"@id":"https:\/\/www.tts-freunde.de\/blog\/2016\/12\/13\/audi-absatz\/"},"author":{"name":"admin","@id":"https:\/\/www.tts-freunde.de\/blog\/#\/schema\/person\/b67f6a54e98f013bd281dbe05514b701"},"headline":"Absatz steigt in allen Kernregionen","datePublished":"2016-12-13T05:00:48+00:00","dateModified":"2016-12-12T18:58:11+00:00","mainEntityOfPage":{"@id":"https:\/\/www.tts-freunde.de\/blog\/2016\/12\/13\/audi-absatz\/"},"wordCount":595,"publisher":{"@id":"https:\/\/www.tts-freunde.de\/blog\/#organization"},"image":{"@id":"https:\/\/www.tts-freunde.de\/blog\/2016\/12\/13\/audi-absatz\/#primaryimage"},"thumbnailUrl":"https:\/\/www.tts-freunde.de\/blog\/wp-content\/uploads\/2016\/05\/audi-s3-2.jpg","keywords":["audi"],"articleSection":["Audi AG"],"inLanguage":"de"},{"@type":"WebPage","@id":"https:\/\/www.tts-freunde.de\/blog\/2016\/12\/13\/audi-absatz\/","url":"https:\/\/www.tts-freunde.de\/blog\/2016\/12\/13\/audi-absatz\/","name":"Absatz steigt in allen Kernregionen - Audi Blog","isPartOf":{"@id":"https:\/\/www.tts-freunde.de\/blog\/#website"},"primaryImageOfPage":{"@id":"https:\/\/www.tts-freunde.de\/blog\/2016\/12\/13\/audi-absatz\/#primaryimage"},"image":{"@id":"https:\/\/www.tts-freunde.de\/blog\/2016\/12\/13\/audi-absatz\/#primaryimage"},"thumbnailUrl":"https:\/\/www.tts-freunde.de\/blog\/wp-content\/uploads\/2016\/05\/audi-s3-2.jpg","datePublished":"2016-12-13T05:00:48+00:00","dateModified":"2016-12-12T18:58:11+00:00","breadcrumb":{"@id":"https:\/\/www.tts-freunde.de\/blog\/2016\/12\/13\/audi-absatz\/#breadcrumb"},"inLanguage":"de","potentialAction":[{"@type":"ReadAction","target":["https:\/\/www.tts-freunde.de\/blog\/2016\/12\/13\/audi-absatz\/"]}]},{"@type":"ImageObject","inLanguage":"de","@id":"https:\/\/www.tts-freunde.de\/blog\/2016\/12\/13\/audi-absatz\/#primaryimage","url":"https:\/\/www.tts-freunde.de\/blog\/wp-content\/uploads\/2016\/05\/audi-s3-2.jpg","contentUrl":"https:\/\/www.tts-freunde.de\/blog\/wp-content\/uploads\/2016\/05\/audi-s3-2.jpg","width":3508,"height":2046,"caption":"Static photo, Colour: Vegas Yellow"},{"@type":"BreadcrumbList","@id":"https:\/\/www.tts-freunde.de\/blog\/2016\/12\/13\/audi-absatz\/#breadcrumb","itemListElement":[{"@type":"ListItem","position":1,"name":"Home","item":"https:\/\/www.tts-freunde.de\/blog\/"},{"@type":"ListItem","position":2,"name":"Absatz steigt in allen Kernregionen"}]},{"@type":"WebSite","@id":"https:\/\/www.tts-freunde.de\/blog\/#website","url":"https:\/\/www.tts-freunde.de\/blog\/","name":"Audi Blog","description":"Deutscher Audi Blog - TTS-Freunde","publisher":{"@id":"https:\/\/www.tts-freunde.de\/blog\/#organization"},"potentialAction":[{"@type":"SearchAction","target":{"@type":"EntryPoint","urlTemplate":"https:\/\/www.tts-freunde.de\/blog\/?s={search_term_string}"},"query-input":"required name=search_term_string"}],"inLanguage":"de"},{"@type":"Organization","@id":"https:\/\/www.tts-freunde.de\/blog\/#organization","name":"Audi Blog","url":"https:\/\/www.tts-freunde.de\/blog\/","logo":{"@type":"ImageObject","inLanguage":"de","@id":"https:\/\/www.tts-freunde.de\/blog\/#\/schema\/logo\/image\/","url":"https:\/\/www.tts-freunde.de\/blog\/wp-content\/uploads\/2022\/12\/logo_2022.jpg","contentUrl":"https:\/\/www.tts-freunde.de\/blog\/wp-content\/uploads\/2022\/12\/logo_2022.jpg","width":240,"height":41,"caption":"Audi Blog"},"image":{"@id":"https:\/\/www.tts-freunde.de\/blog\/#\/schema\/logo\/image\/"}},{"@type":"Person","@id":"https:\/\/www.tts-freunde.de\/blog\/#\/schema\/person\/b67f6a54e98f013bd281dbe05514b701","name":"admin","image":{"@type":"ImageObject","inLanguage":"de","@id":"https:\/\/www.tts-freunde.de\/blog\/#\/schema\/person\/image\/","url":"https:\/\/secure.gravatar.com\/avatar\/08a4bd330e25056ddb430c28136b38a6?s=96&d=mm&r=g","contentUrl":"https:\/\/secure.gravatar.com\/avatar\/08a4bd330e25056ddb430c28136b38a6?s=96&d=mm&r=g","caption":"admin"},"sameAs":["http:\/\/www.tts-freunde.de"],"url":"https:\/\/www.tts-freunde.de\/blog\/author\/admin\/"}]}},"jetpack_sharing_enabled":true,"jetpack_featured_media_url":"https:\/\/www.tts-freunde.de\/blog\/wp-content\/uploads\/2016\/05\/audi-s3-2.jpg","jetpack_shortlink":"https:\/\/wp.me\/p67hWW-Vq","jetpack_likes_enabled":false,"jetpack-related-posts":[],"_links":{"self":[{"href":"https:\/\/www.tts-freunde.de\/blog\/wp-json\/wp\/v2\/posts\/3560"}],"collection":[{"href":"https:\/\/www.tts-freunde.de\/blog\/wp-json\/wp\/v2\/posts"}],"about":[{"href":"https:\/\/www.tts-freunde.de\/blog\/wp-json\/wp\/v2\/types\/post"}],"author":[{"embeddable":true,"href":"https:\/\/www.tts-freunde.de\/blog\/wp-json\/wp\/v2\/users\/1"}],"replies":[{"embeddable":true,"href":"https:\/\/www.tts-freunde.de\/blog\/wp-json\/wp\/v2\/comments?post=3560"}],"version-history":[{"count":2,"href":"https:\/\/www.tts-freunde.de\/blog\/wp-json\/wp\/v2\/posts\/3560\/revisions"}],"predecessor-version":[{"id":3562,"href":"https:\/\/www.tts-freunde.de\/blog\/wp-json\/wp\/v2\/posts\/3560\/revisions\/3562"}],"wp:featuredmedia":[{"embeddable":true,"href":"https:\/\/www.tts-freunde.de\/blog\/wp-json\/wp\/v2\/media\/2882"}],"wp:attachment":[{"href":"https:\/\/www.tts-freunde.de\/blog\/wp-json\/wp\/v2\/media?parent=3560"}],"wp:term":[{"taxonomy":"category","embeddable":true,"href":"https:\/\/www.tts-freunde.de\/blog\/wp-json\/wp\/v2\/categories?post=3560"},{"taxonomy":"post_tag","embeddable":true,"href":"https:\/\/www.tts-freunde.de\/blog\/wp-json\/wp\/v2\/tags?post=3560"}],"curies":[{"name":"wp","href":"https:\/\/api.w.org\/{rel}","templated":true}]}}