{"id":3684,"date":"2017-02-01T06:00:14","date_gmt":"2017-02-01T05:00:14","guid":{"rendered":"http:\/\/tts-freunde.de\/blog\/?p=3684"},"modified":"2017-01-31T15:07:51","modified_gmt":"2017-01-31T14:07:51","slug":"audi-auf-der-berlinale","status":"publish","type":"post","link":"https:\/\/www.tts-freunde.de\/blog\/2017\/02\/01\/audi-auf-der-berlinale\/","title":{"rendered":"Audi auf der Berlinale"},"content":{"rendered":"<div class=\"page-row has-no-item-box\">\n<div id=\"item-30127db3-640f-42c8-a98a-50d0fe118420\" class=\"page-item--intro\">\n<div class=\"intro-text\">\n<h2>Die 67. Internationalen Filmfestspiele Berlin zeigen vom 9. bis 19. Februar die ganze Vielfalt des Kinos<\/h2>\n<div id=\"attachment_3685\" style=\"width: 1170px\" class=\"wp-caption aligncenter\"><a href=\"http:\/\/tts-freunde.de\/blog\/wp-content\/uploads\/2017\/01\/Audi-auf-der-Berlinale.jpg\"><img loading=\"lazy\" decoding=\"async\" aria-describedby=\"caption-attachment-3685\" data-attachment-id=\"3685\" data-permalink=\"https:\/\/www.tts-freunde.de\/blog\/2017\/02\/01\/audi-auf-der-berlinale\/audi-auf-der-berlinale-2\/\" data-orig-file=\"https:\/\/www.tts-freunde.de\/blog\/wp-content\/uploads\/2017\/01\/Audi-auf-der-Berlinale.jpg\" data-orig-size=\"1160,773\" data-comments-opened=\"0\" data-image-meta=\"{&quot;aperture&quot;:&quot;0&quot;,&quot;credit&quot;:&quot;&quot;,&quot;camera&quot;:&quot;&quot;,&quot;caption&quot;:&quot;&quot;,&quot;created_timestamp&quot;:&quot;0&quot;,&quot;copyright&quot;:&quot;&quot;,&quot;focal_length&quot;:&quot;0&quot;,&quot;iso&quot;:&quot;0&quot;,&quot;shutter_speed&quot;:&quot;0&quot;,&quot;title&quot;:&quot;&quot;,&quot;orientation&quot;:&quot;0&quot;}\" data-image-title=\"Audi auf der Berlinale\" data-image-description=\"&lt;p&gt;Audi auf der Berlinale &lt;\/p&gt;\n\" data-image-caption=\"&lt;p&gt;Audi auf der Berlinale &lt;\/p&gt;\n\" data-medium-file=\"https:\/\/www.tts-freunde.de\/blog\/wp-content\/uploads\/2017\/01\/Audi-auf-der-Berlinale-300x200.jpg\" data-large-file=\"https:\/\/www.tts-freunde.de\/blog\/wp-content\/uploads\/2017\/01\/Audi-auf-der-Berlinale-1024x682.jpg\" tabindex=\"0\" role=\"button\" class=\"size-full wp-image-3685\" src=\"http:\/\/tts-freunde.de\/blog\/wp-content\/uploads\/2017\/01\/Audi-auf-der-Berlinale.jpg\" alt=\"Audi auf der Berlinale\" width=\"1160\" height=\"773\" srcset=\"https:\/\/www.tts-freunde.de\/blog\/wp-content\/uploads\/2017\/01\/Audi-auf-der-Berlinale.jpg 1160w, https:\/\/www.tts-freunde.de\/blog\/wp-content\/uploads\/2017\/01\/Audi-auf-der-Berlinale-300x200.jpg 300w, https:\/\/www.tts-freunde.de\/blog\/wp-content\/uploads\/2017\/01\/Audi-auf-der-Berlinale-768x512.jpg 768w, https:\/\/www.tts-freunde.de\/blog\/wp-content\/uploads\/2017\/01\/Audi-auf-der-Berlinale-1024x682.jpg 1024w, https:\/\/www.tts-freunde.de\/blog\/wp-content\/uploads\/2017\/01\/Audi-auf-der-Berlinale-50x33.jpg 50w\" sizes=\"(max-width: 1160px) 100vw, 1160px\" \/><\/a><p id=\"caption-attachment-3685\" class=\"wp-caption-text\">Audi auf der Berlinale<\/p><\/div>\n<p>Dabei sind zunehmend auch neue Technologien wie Virtual Reality wichtige Innovationstreiber. Audi f\u00f6rdert als Hauptpartner der Berlinale den Dialog zwischen Kultur und Wirtschaft \u2013 mit der Veranstaltungsreihe Berlinale Open House und der Innovationsplattform \u201eEFM Horizon\u201c des European Film Market. Dar\u00fcber hinaus k\u00f6nnen Kinofans in der Audi Berlinale Lounge Diskussionen zu aktuellen Filmen, ungew\u00f6hnliche Konzerte und den besten Blick auf die Vorfahrt der Stars erleben.<\/p>\n<\/div>\n<\/div>\n<\/div>\n<div class=\"page-row has-no-item-box\">\n<div id=\"item-91c1b51e-8814-4e83-9f6a-63a0f5ccb583\" class=\"page-item--text\">\n<div class=\"style-links-for-body-text\">\n<p>Die Berlinale ist eine Schnittstelle zwischen Kunst und Technologie. Mit zunehmender Digitalisierung verschmelzen beide Welten miteinander. \u201eKultur ist ein wichtiger Innovationstreiber unserer Gesellschaft, denn sie zeigt \u2013 abseits linearer Prozesse \u2013 neue Denkweisen und Ideen auf\u201c, erkl\u00e4rt Jason Lusty, Leiter Marketing Deutschland der AUDI AG. \u201eIn einer zunehmend digitalen Welt bekommt eine starke Kreativwirtschaft deshalb eine besondere Bedeutung. Sie hinterfragt kritisch, stellt mit k\u00fcnstlerischer Intuition neue Zusammenh\u00e4nge her und unterst\u00fctzt die Akzeptanz technischer Innovationen in der Gesellschaft.\u201c W\u00e4hrend der Berlinale werden deshalb im Rahmen des Berlinale Open House Programms in der Audi Berlinale Lounge unter anderem auch die M\u00f6glichkeiten und Akzeptanz neuer Technologien diskutiert. In hochkar\u00e4tig besetzten Panels tauschen Experten unter anderem ihre Einsch\u00e4tzungen zur Zukunft von K\u00fcnstlicher Intelligenz aus.<\/p>\n<p>Parallel zu den Filmvorf\u00fchrungen im offiziellen Programm des Festivals hat sich der European Film Market (EFM) zu einem der wichtigsten M\u00e4rkte der internationalen Filmbranche entwickelt. Als Partner der neuen Innovationsplattform \u201eEFM Horizon\u201c unterst\u00fctzt Audi das Thema Digitalisierung in der Filmindustrie. Neue Technologien wie Virtual und Augmented Reality, die Vernetzung \u00fcber die Cloud und ver\u00e4ndertes Verbraucherverhalten durch eine immer st\u00e4rkere \u201eOn-Demand\u201c-Kultur ver\u00e4ndern Film- und Automobilindustrie gleicherma\u00dfen. Der Erfahrungsaustausch treibt Innovationen voran und zeigt neue M\u00f6glichkeiten der Zusammenarbeit auf.<\/p>\n<p>Mit dem Audi Short Film Award erm\u00f6glicht die Marke mit den Vier Ringen seit 2015 einen hochdotierten Preis f\u00fcr experimentelle Kinokunst. Bei den Berlinale Shorts konkurrieren dieses Jahr 23 Filme aus 19 L\u00e4ndern um den Goldenen und den Silbernen B\u00e4ren sowie um den mit 20.000 Euro dotierten Audi Short Film Award. \u201eKurzfilm ist eine Plattform f\u00fcr Experimente. Hier werden in k\u00fcrzester Zeit Emotionen erzeugt, Perspektivwechsel erm\u00f6glicht, Konventionen gebrochen, neue Formate getestet und Grenzen ausgelotet,\u201c so Lusty. Die Internationale Kurzfilmjury, bestehend aus Christian Jankowski, Carlos N\u00fa\u00f1ez und Kimberly Drew, verleiht den Audi Short Film Award f\u00fcr Arbeiten mit einer herausragenden k\u00fcnstlerischen Handschrift und st\u00e4rkt damit die Bedeutung der Form f\u00fcr den gesellschaftlichen Diskurs.<\/p>\n<p>Die Audi Berlinale Lounge ist t\u00e4glich f\u00fcr alle Interessierten zug\u00e4nglich. Vom Balkon aus l\u00e4sst sich die Vorfahrt der Stars am Roten Teppich beobachten. Die Talkrunden mit prominenten G\u00e4sten und Experten erm\u00f6glichen einen Blick hinter die Kulissen der Berlinale. Ab 20 Uhr gibt es bei den \u201eBerlinale Lounge Nights\u201c t\u00e4glich Live-Musik und Auftritte von DJs. Es werden u.a. Robert Stadlober, Edita Malov\u010di\u0107 alias Madita, \u201eDie H\u00f6chste Eisenbahn\u201c und die \u201eMajor Minors\u201c erwartet. Alle Termine und Einzelheiten finden Sie unter<a href=\"https:\/\/www.audi-mediacenter.com\/de\/pressemitteilungen\/www.berlinale.de\/berlinaleopenhouse.de\">\u00a0<\/a><a href=\"http:\/\/www.berlinale.de\/berlinaleopenhouse\">www.berlinale.de\/berlinaleopenhouse<\/a>.<\/p>\n<\/div>\n<\/div>\n<\/div>\n","protected":false},"excerpt":{"rendered":"<p>Die 67. Internationalen Filmfestspiele Berlin zeigen vom 9. bis 19. Februar die ganze Vielfalt des Kinos Dabei sind zunehmend auch neue Technologien wie Virtual Reality wichtige Innovationstreiber. Audi f\u00f6rdert als Hauptpartner der Berlinale den Dialog zwischen Kultur und Wirtschaft \u2013 mit der Veranstaltungsreihe Berlinale Open House und der Innovationsplattform \u201eEFM [&hellip;]<\/p>\n","protected":false},"author":1,"featured_media":3685,"comment_status":"closed","ping_status":"open","sticky":false,"template":"","format":"standard","meta":{"jetpack_post_was_ever_published":false,"_jetpack_newsletter_access":"","_jetpack_dont_email_post_to_subs":false,"_jetpack_newsletter_tier_id":0,"_jetpack_memberships_contains_paywalled_content":false,"_jetpack_memberships_contains_paid_content":false,"footnotes":"","jetpack_publicize_message":"#Audi auf der #Berlinale","jetpack_publicize_feature_enabled":true,"jetpack_social_post_already_shared":true,"jetpack_social_options":{"image_generator_settings":{"template":"highway","enabled":false},"version":2}},"categories":[16],"tags":[253],"class_list":["post-3684","post","type-post","status-publish","format-standard","has-post-thumbnail","hentry","category-audi-ag","tag-berlinale"],"wppr_data":{"cwp_meta_box_check":"No"},"jetpack_publicize_connections":[],"yoast_head":"<!-- This site is optimized with the Yoast SEO plugin v23.3 - https:\/\/yoast.com\/wordpress\/plugins\/seo\/ -->\n<title>Audi auf der Berlinale - Audi Blog<\/title>\n<meta name=\"robots\" content=\"index, follow, max-snippet:-1, max-image-preview:large, max-video-preview:-1\" \/>\n<link rel=\"canonical\" href=\"https:\/\/www.tts-freunde.de\/blog\/2017\/02\/01\/audi-auf-der-berlinale\/\" \/>\n<meta property=\"og:locale\" content=\"de_DE\" \/>\n<meta property=\"og:type\" content=\"article\" \/>\n<meta property=\"og:title\" content=\"Audi auf der Berlinale - Audi Blog\" \/>\n<meta property=\"og:description\" content=\"Die 67. Internationalen Filmfestspiele Berlin zeigen vom 9. bis 19. Februar die ganze Vielfalt des Kinos Dabei sind zunehmend auch neue Technologien wie Virtual Reality wichtige Innovationstreiber. Audi f\u00f6rdert als Hauptpartner der Berlinale den Dialog zwischen Kultur und Wirtschaft \u2013 mit der Veranstaltungsreihe Berlinale Open House und der Innovationsplattform \u201eEFM [&hellip;]\" \/>\n<meta property=\"og:url\" content=\"https:\/\/www.tts-freunde.de\/blog\/2017\/02\/01\/audi-auf-der-berlinale\/\" \/>\n<meta property=\"og:site_name\" content=\"Audi Blog\" \/>\n<meta property=\"article:published_time\" content=\"2017-02-01T05:00:14+00:00\" \/>\n<meta property=\"article:modified_time\" content=\"2017-01-31T14:07:51+00:00\" \/>\n<meta property=\"og:image\" content=\"https:\/\/www.tts-freunde.de\/blog\/wp-content\/uploads\/2017\/01\/Audi-auf-der-Berlinale.jpg\" \/>\n\t<meta property=\"og:image:width\" content=\"1160\" \/>\n\t<meta property=\"og:image:height\" content=\"773\" \/>\n\t<meta property=\"og:image:type\" content=\"image\/jpeg\" \/>\n<meta name=\"author\" content=\"admin\" \/>\n<meta name=\"twitter:card\" content=\"summary_large_image\" \/>\n<meta name=\"twitter:label1\" content=\"Verfasst von\" \/>\n\t<meta name=\"twitter:data1\" content=\"admin\" \/>\n\t<meta name=\"twitter:label2\" content=\"Gesch\u00e4tzte Lesezeit\" \/>\n\t<meta name=\"twitter:data2\" content=\"3\u00a0Minuten\" \/>\n<script type=\"application\/ld+json\" class=\"yoast-schema-graph\">{\"@context\":\"https:\/\/schema.org\",\"@graph\":[{\"@type\":\"Article\",\"@id\":\"https:\/\/www.tts-freunde.de\/blog\/2017\/02\/01\/audi-auf-der-berlinale\/#article\",\"isPartOf\":{\"@id\":\"https:\/\/www.tts-freunde.de\/blog\/2017\/02\/01\/audi-auf-der-berlinale\/\"},\"author\":{\"name\":\"admin\",\"@id\":\"https:\/\/www.tts-freunde.de\/blog\/#\/schema\/person\/b67f6a54e98f013bd281dbe05514b701\"},\"headline\":\"Audi auf der Berlinale\",\"datePublished\":\"2017-02-01T05:00:14+00:00\",\"dateModified\":\"2017-01-31T14:07:51+00:00\",\"mainEntityOfPage\":{\"@id\":\"https:\/\/www.tts-freunde.de\/blog\/2017\/02\/01\/audi-auf-der-berlinale\/\"},\"wordCount\":519,\"publisher\":{\"@id\":\"https:\/\/www.tts-freunde.de\/blog\/#organization\"},\"image\":{\"@id\":\"https:\/\/www.tts-freunde.de\/blog\/2017\/02\/01\/audi-auf-der-berlinale\/#primaryimage\"},\"thumbnailUrl\":\"https:\/\/www.tts-freunde.de\/blog\/wp-content\/uploads\/2017\/01\/Audi-auf-der-Berlinale.jpg\",\"keywords\":[\"berlinale\"],\"articleSection\":[\"Audi AG\"],\"inLanguage\":\"de\"},{\"@type\":\"WebPage\",\"@id\":\"https:\/\/www.tts-freunde.de\/blog\/2017\/02\/01\/audi-auf-der-berlinale\/\",\"url\":\"https:\/\/www.tts-freunde.de\/blog\/2017\/02\/01\/audi-auf-der-berlinale\/\",\"name\":\"Audi auf der Berlinale - Audi Blog\",\"isPartOf\":{\"@id\":\"https:\/\/www.tts-freunde.de\/blog\/#website\"},\"primaryImageOfPage\":{\"@id\":\"https:\/\/www.tts-freunde.de\/blog\/2017\/02\/01\/audi-auf-der-berlinale\/#primaryimage\"},\"image\":{\"@id\":\"https:\/\/www.tts-freunde.de\/blog\/2017\/02\/01\/audi-auf-der-berlinale\/#primaryimage\"},\"thumbnailUrl\":\"https:\/\/www.tts-freunde.de\/blog\/wp-content\/uploads\/2017\/01\/Audi-auf-der-Berlinale.jpg\",\"datePublished\":\"2017-02-01T05:00:14+00:00\",\"dateModified\":\"2017-01-31T14:07:51+00:00\",\"breadcrumb\":{\"@id\":\"https:\/\/www.tts-freunde.de\/blog\/2017\/02\/01\/audi-auf-der-berlinale\/#breadcrumb\"},\"inLanguage\":\"de\",\"potentialAction\":[{\"@type\":\"ReadAction\",\"target\":[\"https:\/\/www.tts-freunde.de\/blog\/2017\/02\/01\/audi-auf-der-berlinale\/\"]}]},{\"@type\":\"ImageObject\",\"inLanguage\":\"de\",\"@id\":\"https:\/\/www.tts-freunde.de\/blog\/2017\/02\/01\/audi-auf-der-berlinale\/#primaryimage\",\"url\":\"https:\/\/www.tts-freunde.de\/blog\/wp-content\/uploads\/2017\/01\/Audi-auf-der-Berlinale.jpg\",\"contentUrl\":\"https:\/\/www.tts-freunde.de\/blog\/wp-content\/uploads\/2017\/01\/Audi-auf-der-Berlinale.jpg\",\"width\":1160,\"height\":773,\"caption\":\"Audi auf der Berlinale\"},{\"@type\":\"BreadcrumbList\",\"@id\":\"https:\/\/www.tts-freunde.de\/blog\/2017\/02\/01\/audi-auf-der-berlinale\/#breadcrumb\",\"itemListElement\":[{\"@type\":\"ListItem\",\"position\":1,\"name\":\"Home\",\"item\":\"https:\/\/www.tts-freunde.de\/blog\/\"},{\"@type\":\"ListItem\",\"position\":2,\"name\":\"Audi auf der Berlinale\"}]},{\"@type\":\"WebSite\",\"@id\":\"https:\/\/www.tts-freunde.de\/blog\/#website\",\"url\":\"https:\/\/www.tts-freunde.de\/blog\/\",\"name\":\"Audi Blog\",\"description\":\"Deutscher Audi Blog - TTS-Freunde\",\"publisher\":{\"@id\":\"https:\/\/www.tts-freunde.de\/blog\/#organization\"},\"potentialAction\":[{\"@type\":\"SearchAction\",\"target\":{\"@type\":\"EntryPoint\",\"urlTemplate\":\"https:\/\/www.tts-freunde.de\/blog\/?s={search_term_string}\"},\"query-input\":\"required name=search_term_string\"}],\"inLanguage\":\"de\"},{\"@type\":\"Organization\",\"@id\":\"https:\/\/www.tts-freunde.de\/blog\/#organization\",\"name\":\"Audi Blog\",\"url\":\"https:\/\/www.tts-freunde.de\/blog\/\",\"logo\":{\"@type\":\"ImageObject\",\"inLanguage\":\"de\",\"@id\":\"https:\/\/www.tts-freunde.de\/blog\/#\/schema\/logo\/image\/\",\"url\":\"https:\/\/www.tts-freunde.de\/blog\/wp-content\/uploads\/2022\/12\/logo_2022.jpg\",\"contentUrl\":\"https:\/\/www.tts-freunde.de\/blog\/wp-content\/uploads\/2022\/12\/logo_2022.jpg\",\"width\":240,\"height\":41,\"caption\":\"Audi Blog\"},\"image\":{\"@id\":\"https:\/\/www.tts-freunde.de\/blog\/#\/schema\/logo\/image\/\"}},{\"@type\":\"Person\",\"@id\":\"https:\/\/www.tts-freunde.de\/blog\/#\/schema\/person\/b67f6a54e98f013bd281dbe05514b701\",\"name\":\"admin\",\"image\":{\"@type\":\"ImageObject\",\"inLanguage\":\"de\",\"@id\":\"https:\/\/www.tts-freunde.de\/blog\/#\/schema\/person\/image\/\",\"url\":\"https:\/\/secure.gravatar.com\/avatar\/08a4bd330e25056ddb430c28136b38a6?s=96&d=mm&r=g\",\"contentUrl\":\"https:\/\/secure.gravatar.com\/avatar\/08a4bd330e25056ddb430c28136b38a6?s=96&d=mm&r=g\",\"caption\":\"admin\"},\"sameAs\":[\"http:\/\/www.tts-freunde.de\"],\"url\":\"https:\/\/www.tts-freunde.de\/blog\/author\/admin\/\"}]}<\/script>\n<!-- \/ Yoast SEO plugin. -->","yoast_head_json":{"title":"Audi auf der Berlinale - Audi Blog","robots":{"index":"index","follow":"follow","max-snippet":"max-snippet:-1","max-image-preview":"max-image-preview:large","max-video-preview":"max-video-preview:-1"},"canonical":"https:\/\/www.tts-freunde.de\/blog\/2017\/02\/01\/audi-auf-der-berlinale\/","og_locale":"de_DE","og_type":"article","og_title":"Audi auf der Berlinale - Audi Blog","og_description":"Die 67. Internationalen Filmfestspiele Berlin zeigen vom 9. bis 19. Februar die ganze Vielfalt des Kinos Dabei sind zunehmend auch neue Technologien wie Virtual Reality wichtige Innovationstreiber. Audi f\u00f6rdert als Hauptpartner der Berlinale den Dialog zwischen Kultur und Wirtschaft \u2013 mit der Veranstaltungsreihe Berlinale Open House und der Innovationsplattform \u201eEFM [&hellip;]","og_url":"https:\/\/www.tts-freunde.de\/blog\/2017\/02\/01\/audi-auf-der-berlinale\/","og_site_name":"Audi Blog","article_published_time":"2017-02-01T05:00:14+00:00","article_modified_time":"2017-01-31T14:07:51+00:00","og_image":[{"width":1160,"height":773,"url":"https:\/\/www.tts-freunde.de\/blog\/wp-content\/uploads\/2017\/01\/Audi-auf-der-Berlinale.jpg","type":"image\/jpeg"}],"author":"admin","twitter_card":"summary_large_image","twitter_misc":{"Verfasst von":"admin","Gesch\u00e4tzte Lesezeit":"3\u00a0Minuten"},"schema":{"@context":"https:\/\/schema.org","@graph":[{"@type":"Article","@id":"https:\/\/www.tts-freunde.de\/blog\/2017\/02\/01\/audi-auf-der-berlinale\/#article","isPartOf":{"@id":"https:\/\/www.tts-freunde.de\/blog\/2017\/02\/01\/audi-auf-der-berlinale\/"},"author":{"name":"admin","@id":"https:\/\/www.tts-freunde.de\/blog\/#\/schema\/person\/b67f6a54e98f013bd281dbe05514b701"},"headline":"Audi auf der Berlinale","datePublished":"2017-02-01T05:00:14+00:00","dateModified":"2017-01-31T14:07:51+00:00","mainEntityOfPage":{"@id":"https:\/\/www.tts-freunde.de\/blog\/2017\/02\/01\/audi-auf-der-berlinale\/"},"wordCount":519,"publisher":{"@id":"https:\/\/www.tts-freunde.de\/blog\/#organization"},"image":{"@id":"https:\/\/www.tts-freunde.de\/blog\/2017\/02\/01\/audi-auf-der-berlinale\/#primaryimage"},"thumbnailUrl":"https:\/\/www.tts-freunde.de\/blog\/wp-content\/uploads\/2017\/01\/Audi-auf-der-Berlinale.jpg","keywords":["berlinale"],"articleSection":["Audi AG"],"inLanguage":"de"},{"@type":"WebPage","@id":"https:\/\/www.tts-freunde.de\/blog\/2017\/02\/01\/audi-auf-der-berlinale\/","url":"https:\/\/www.tts-freunde.de\/blog\/2017\/02\/01\/audi-auf-der-berlinale\/","name":"Audi auf der Berlinale - Audi Blog","isPartOf":{"@id":"https:\/\/www.tts-freunde.de\/blog\/#website"},"primaryImageOfPage":{"@id":"https:\/\/www.tts-freunde.de\/blog\/2017\/02\/01\/audi-auf-der-berlinale\/#primaryimage"},"image":{"@id":"https:\/\/www.tts-freunde.de\/blog\/2017\/02\/01\/audi-auf-der-berlinale\/#primaryimage"},"thumbnailUrl":"https:\/\/www.tts-freunde.de\/blog\/wp-content\/uploads\/2017\/01\/Audi-auf-der-Berlinale.jpg","datePublished":"2017-02-01T05:00:14+00:00","dateModified":"2017-01-31T14:07:51+00:00","breadcrumb":{"@id":"https:\/\/www.tts-freunde.de\/blog\/2017\/02\/01\/audi-auf-der-berlinale\/#breadcrumb"},"inLanguage":"de","potentialAction":[{"@type":"ReadAction","target":["https:\/\/www.tts-freunde.de\/blog\/2017\/02\/01\/audi-auf-der-berlinale\/"]}]},{"@type":"ImageObject","inLanguage":"de","@id":"https:\/\/www.tts-freunde.de\/blog\/2017\/02\/01\/audi-auf-der-berlinale\/#primaryimage","url":"https:\/\/www.tts-freunde.de\/blog\/wp-content\/uploads\/2017\/01\/Audi-auf-der-Berlinale.jpg","contentUrl":"https:\/\/www.tts-freunde.de\/blog\/wp-content\/uploads\/2017\/01\/Audi-auf-der-Berlinale.jpg","width":1160,"height":773,"caption":"Audi auf der Berlinale"},{"@type":"BreadcrumbList","@id":"https:\/\/www.tts-freunde.de\/blog\/2017\/02\/01\/audi-auf-der-berlinale\/#breadcrumb","itemListElement":[{"@type":"ListItem","position":1,"name":"Home","item":"https:\/\/www.tts-freunde.de\/blog\/"},{"@type":"ListItem","position":2,"name":"Audi auf der Berlinale"}]},{"@type":"WebSite","@id":"https:\/\/www.tts-freunde.de\/blog\/#website","url":"https:\/\/www.tts-freunde.de\/blog\/","name":"Audi Blog","description":"Deutscher Audi Blog - TTS-Freunde","publisher":{"@id":"https:\/\/www.tts-freunde.de\/blog\/#organization"},"potentialAction":[{"@type":"SearchAction","target":{"@type":"EntryPoint","urlTemplate":"https:\/\/www.tts-freunde.de\/blog\/?s={search_term_string}"},"query-input":"required name=search_term_string"}],"inLanguage":"de"},{"@type":"Organization","@id":"https:\/\/www.tts-freunde.de\/blog\/#organization","name":"Audi Blog","url":"https:\/\/www.tts-freunde.de\/blog\/","logo":{"@type":"ImageObject","inLanguage":"de","@id":"https:\/\/www.tts-freunde.de\/blog\/#\/schema\/logo\/image\/","url":"https:\/\/www.tts-freunde.de\/blog\/wp-content\/uploads\/2022\/12\/logo_2022.jpg","contentUrl":"https:\/\/www.tts-freunde.de\/blog\/wp-content\/uploads\/2022\/12\/logo_2022.jpg","width":240,"height":41,"caption":"Audi Blog"},"image":{"@id":"https:\/\/www.tts-freunde.de\/blog\/#\/schema\/logo\/image\/"}},{"@type":"Person","@id":"https:\/\/www.tts-freunde.de\/blog\/#\/schema\/person\/b67f6a54e98f013bd281dbe05514b701","name":"admin","image":{"@type":"ImageObject","inLanguage":"de","@id":"https:\/\/www.tts-freunde.de\/blog\/#\/schema\/person\/image\/","url":"https:\/\/secure.gravatar.com\/avatar\/08a4bd330e25056ddb430c28136b38a6?s=96&d=mm&r=g","contentUrl":"https:\/\/secure.gravatar.com\/avatar\/08a4bd330e25056ddb430c28136b38a6?s=96&d=mm&r=g","caption":"admin"},"sameAs":["http:\/\/www.tts-freunde.de"],"url":"https:\/\/www.tts-freunde.de\/blog\/author\/admin\/"}]}},"jetpack_sharing_enabled":true,"jetpack_featured_media_url":"https:\/\/www.tts-freunde.de\/blog\/wp-content\/uploads\/2017\/01\/Audi-auf-der-Berlinale.jpg","jetpack_shortlink":"https:\/\/wp.me\/p67hWW-Xq","jetpack_likes_enabled":false,"jetpack-related-posts":[],"_links":{"self":[{"href":"https:\/\/www.tts-freunde.de\/blog\/wp-json\/wp\/v2\/posts\/3684"}],"collection":[{"href":"https:\/\/www.tts-freunde.de\/blog\/wp-json\/wp\/v2\/posts"}],"about":[{"href":"https:\/\/www.tts-freunde.de\/blog\/wp-json\/wp\/v2\/types\/post"}],"author":[{"embeddable":true,"href":"https:\/\/www.tts-freunde.de\/blog\/wp-json\/wp\/v2\/users\/1"}],"replies":[{"embeddable":true,"href":"https:\/\/www.tts-freunde.de\/blog\/wp-json\/wp\/v2\/comments?post=3684"}],"version-history":[{"count":2,"href":"https:\/\/www.tts-freunde.de\/blog\/wp-json\/wp\/v2\/posts\/3684\/revisions"}],"predecessor-version":[{"id":3687,"href":"https:\/\/www.tts-freunde.de\/blog\/wp-json\/wp\/v2\/posts\/3684\/revisions\/3687"}],"wp:featuredmedia":[{"embeddable":true,"href":"https:\/\/www.tts-freunde.de\/blog\/wp-json\/wp\/v2\/media\/3685"}],"wp:attachment":[{"href":"https:\/\/www.tts-freunde.de\/blog\/wp-json\/wp\/v2\/media?parent=3684"}],"wp:term":[{"taxonomy":"category","embeddable":true,"href":"https:\/\/www.tts-freunde.de\/blog\/wp-json\/wp\/v2\/categories?post=3684"},{"taxonomy":"post_tag","embeddable":true,"href":"https:\/\/www.tts-freunde.de\/blog\/wp-json\/wp\/v2\/tags?post=3684"}],"curies":[{"name":"wp","href":"https:\/\/api.w.org\/{rel}","templated":true}]}}