{"id":3742,"date":"2017-02-20T19:14:39","date_gmt":"2017-02-20T18:14:39","guid":{"rendered":"http:\/\/tts-freunde.de\/blog\/?p=3742"},"modified":"2017-02-20T19:14:39","modified_gmt":"2017-02-20T18:14:39","slug":"audi-unterstuetzt-nordische-ski-weltmeisterschaften-in-lahti","status":"publish","type":"post","link":"https:\/\/www.tts-freunde.de\/blog\/2017\/02\/20\/audi-unterstuetzt-nordische-ski-weltmeisterschaften-in-lahti\/","title":{"rendered":"Audi unterst\u00fctzt Nordische Ski-Weltmeisterschaften in Lahti"},"content":{"rendered":"<div class=\"page-row has-no-item-box\">\n<div id=\"item-75a11725-a53f-48ed-a67a-d2ec81c9666b\" class=\"page-item--intro\">\n<div class=\"intro-text\">\n<p><a href=\"http:\/\/tts-freunde.de\/blog\/wp-content\/uploads\/2017\/02\/Johannes-Rydzek.jpg\"><img loading=\"lazy\" decoding=\"async\" data-attachment-id=\"3743\" data-permalink=\"https:\/\/www.tts-freunde.de\/blog\/2017\/02\/20\/audi-unterstuetzt-nordische-ski-weltmeisterschaften-in-lahti\/johannes-rydzek\/\" data-orig-file=\"https:\/\/www.tts-freunde.de\/blog\/wp-content\/uploads\/2017\/02\/Johannes-Rydzek.jpg\" data-orig-size=\"1160,820\" data-comments-opened=\"0\" data-image-meta=\"{&quot;aperture&quot;:&quot;0&quot;,&quot;credit&quot;:&quot;&quot;,&quot;camera&quot;:&quot;&quot;,&quot;caption&quot;:&quot;&quot;,&quot;created_timestamp&quot;:&quot;0&quot;,&quot;copyright&quot;:&quot;&quot;,&quot;focal_length&quot;:&quot;0&quot;,&quot;iso&quot;:&quot;0&quot;,&quot;shutter_speed&quot;:&quot;0&quot;,&quot;title&quot;:&quot;&quot;,&quot;orientation&quot;:&quot;0&quot;}\" data-image-title=\"Johannes Rydzek\" data-image-description=\"\" data-image-caption=\"\" data-medium-file=\"https:\/\/www.tts-freunde.de\/blog\/wp-content\/uploads\/2017\/02\/Johannes-Rydzek-300x212.jpg\" data-large-file=\"https:\/\/www.tts-freunde.de\/blog\/wp-content\/uploads\/2017\/02\/Johannes-Rydzek-1024x724.jpg\" tabindex=\"0\" role=\"button\" class=\"aligncenter size-full wp-image-3743\" src=\"http:\/\/tts-freunde.de\/blog\/wp-content\/uploads\/2017\/02\/Johannes-Rydzek.jpg\" alt=\"\" width=\"1160\" height=\"820\" srcset=\"https:\/\/www.tts-freunde.de\/blog\/wp-content\/uploads\/2017\/02\/Johannes-Rydzek.jpg 1160w, https:\/\/www.tts-freunde.de\/blog\/wp-content\/uploads\/2017\/02\/Johannes-Rydzek-300x212.jpg 300w, https:\/\/www.tts-freunde.de\/blog\/wp-content\/uploads\/2017\/02\/Johannes-Rydzek-768x543.jpg 768w, https:\/\/www.tts-freunde.de\/blog\/wp-content\/uploads\/2017\/02\/Johannes-Rydzek-1024x724.jpg 1024w, https:\/\/www.tts-freunde.de\/blog\/wp-content\/uploads\/2017\/02\/Johannes-Rydzek-140x100.jpg 140w, https:\/\/www.tts-freunde.de\/blog\/wp-content\/uploads\/2017\/02\/Johannes-Rydzek-50x35.jpg 50w\" sizes=\"(max-width: 1160px) 100vw, 1160px\" \/><\/a><\/p>\n<h1>Nordische Ski-Weltmeisterschaften in Lahti<\/h1>\n<p>Von der Piste in die Loipe, von der Schweiz nach Finnland: Bei den FIS Nordischen Ski-Weltmeisterschaften ab Mittwoch in Lahti ist Audi offizieller Sponsor. Zuvor hatte die Marke bereits die FIS Alpinen Ski-Weltmeisterschaften in St. Moritz als Presenting Sponsor begleitet.<\/p>\n<\/div>\n<\/div>\n<\/div>\n<div class=\"page-row has-no-item-box\">\n<div id=\"item-62e17c4a-e61a-4ac1-8b11-b4cadca20bb7\" class=\"page-item--text\">\n<div class=\"style-links-for-body-text\">\n<p>60 Nationen, mehr als 700 Athleten, 21 Disziplinen \u2013 bereits zum siebten Mal ist das finnische Lahti Gastgeber der nordischen Ski-Weltmeisterschaften. Audi zeigt sich dort in diesem Jahr als Partner der Sportler und engagiert sich dar\u00fcber hinaus auch neben der Loipe: Besucher k\u00f6nnen bei einer \u201eVR-Experience\u201c Skispringen virtuell erleben. An mehreren Orten stellt Audi aktuelle Modelle aus. Einer der H\u00f6hepunkte: Besucher k\u00f6nnen im \u201eHome of quattro\u201c alle Mitglieder der Q-Familie n\u00e4her kennenlernen und Probe fahren.<\/p>\n<p>Als offizieller Sponsor sind die Vier Ringe an den zw\u00f6lf Tagen der Nordischen Ski-WM an vielen Stellen in Lahti zu sehen: auf Bannern entlang der Langlaufstrecken und an den Skisprung\u00adschanzen, auf Siegerehrungs-R\u00fcckw\u00e4nden sowie auf den Leibchen der Athletinnen und Athleten bei den Sprintrennen. Dem Organisationskomitee der Wettk\u00e4mpfe stellt Audi Autos zur Verf\u00fcgung, darunter Audi Q7 <span class=\"nowrap\">e-tron<\/span>, A6 allroad quattro, A6 Avant und A4 allroad quattro. Den Fans vor Ort erm\u00f6glicht die Premiummarke mittels Audi-WiFi Zugang zum Internet.<\/p>\n<p>Die Partnerschaft mit der WM ist Teil eines umfangreichen Engagements im Nordischen Wintersport: Seit 2013 ist Audi Hauptsponsor des Weltcup der Nordischen Kombination, seit der Saison 2014\/2015 Partner des FIS Skilanglauf- und des Skisprung-Weltcup. Auch die Vierschanzentournee und die Skiflug-WM stehen im Zeichen der Vier Ringe.<\/p>\n<\/div>\n<\/div>\n<\/div>\n","protected":false},"excerpt":{"rendered":"<p>Nordische Ski-Weltmeisterschaften in Lahti Von der Piste in die Loipe, von der Schweiz nach Finnland: Bei den FIS Nordischen Ski-Weltmeisterschaften ab Mittwoch in Lahti ist Audi offizieller Sponsor. Zuvor hatte die Marke bereits die FIS Alpinen Ski-Weltmeisterschaften in St. Moritz als Presenting Sponsor begleitet. 60 Nationen, mehr als 700 Athleten, [&hellip;]<\/p>\n","protected":false},"author":1,"featured_media":3743,"comment_status":"closed","ping_status":"open","sticky":false,"template":"","format":"standard","meta":{"jetpack_post_was_ever_published":false,"_jetpack_newsletter_access":"","_jetpack_dont_email_post_to_subs":false,"_jetpack_newsletter_tier_id":0,"_jetpack_memberships_contains_paywalled_content":false,"_jetpack_memberships_contains_paid_content":false,"footnotes":"","jetpack_publicize_message":"Audi unterst\u00fctzt Nordische Ski-Weltmeisterschaften in Lahti","jetpack_publicize_feature_enabled":true,"jetpack_social_post_already_shared":true,"jetpack_social_options":{"image_generator_settings":{"template":"highway","enabled":false},"version":2}},"categories":[16],"tags":[],"class_list":["post-3742","post","type-post","status-publish","format-standard","has-post-thumbnail","hentry","category-audi-ag"],"wppr_data":{"cwp_meta_box_check":"No"},"jetpack_publicize_connections":[],"yoast_head":"<!-- This site is optimized with the Yoast SEO plugin v23.3 - https:\/\/yoast.com\/wordpress\/plugins\/seo\/ -->\n<title>Audi unterst\u00fctzt Nordische Ski-Weltmeisterschaften in Lahti - Audi Blog<\/title>\n<meta name=\"robots\" content=\"index, follow, max-snippet:-1, max-image-preview:large, max-video-preview:-1\" \/>\n<link rel=\"canonical\" href=\"https:\/\/www.tts-freunde.de\/blog\/2017\/02\/20\/audi-unterstuetzt-nordische-ski-weltmeisterschaften-in-lahti\/\" \/>\n<meta property=\"og:locale\" content=\"de_DE\" \/>\n<meta property=\"og:type\" content=\"article\" \/>\n<meta property=\"og:title\" content=\"Audi unterst\u00fctzt Nordische Ski-Weltmeisterschaften in Lahti - Audi Blog\" \/>\n<meta property=\"og:description\" content=\"Nordische Ski-Weltmeisterschaften in Lahti Von der Piste in die Loipe, von der Schweiz nach Finnland: Bei den FIS Nordischen Ski-Weltmeisterschaften ab Mittwoch in Lahti ist Audi offizieller Sponsor. Zuvor hatte die Marke bereits die FIS Alpinen Ski-Weltmeisterschaften in St. Moritz als Presenting Sponsor begleitet. 60 Nationen, mehr als 700 Athleten, [&hellip;]\" \/>\n<meta property=\"og:url\" content=\"https:\/\/www.tts-freunde.de\/blog\/2017\/02\/20\/audi-unterstuetzt-nordische-ski-weltmeisterschaften-in-lahti\/\" \/>\n<meta property=\"og:site_name\" content=\"Audi Blog\" \/>\n<meta property=\"article:published_time\" content=\"2017-02-20T18:14:39+00:00\" \/>\n<meta property=\"og:image\" content=\"https:\/\/www.tts-freunde.de\/blog\/wp-content\/uploads\/2017\/02\/Johannes-Rydzek.jpg\" \/>\n\t<meta property=\"og:image:width\" content=\"1160\" \/>\n\t<meta property=\"og:image:height\" content=\"820\" \/>\n\t<meta property=\"og:image:type\" content=\"image\/jpeg\" \/>\n<meta name=\"author\" content=\"admin\" \/>\n<meta name=\"twitter:card\" content=\"summary_large_image\" \/>\n<meta name=\"twitter:label1\" content=\"Verfasst von\" \/>\n\t<meta name=\"twitter:data1\" content=\"admin\" \/>\n\t<meta name=\"twitter:label2\" content=\"Gesch\u00e4tzte Lesezeit\" \/>\n\t<meta name=\"twitter:data2\" content=\"1\u00a0Minute\" \/>\n<script type=\"application\/ld+json\" class=\"yoast-schema-graph\">{\"@context\":\"https:\/\/schema.org\",\"@graph\":[{\"@type\":\"Article\",\"@id\":\"https:\/\/www.tts-freunde.de\/blog\/2017\/02\/20\/audi-unterstuetzt-nordische-ski-weltmeisterschaften-in-lahti\/#article\",\"isPartOf\":{\"@id\":\"https:\/\/www.tts-freunde.de\/blog\/2017\/02\/20\/audi-unterstuetzt-nordische-ski-weltmeisterschaften-in-lahti\/\"},\"author\":{\"name\":\"admin\",\"@id\":\"https:\/\/www.tts-freunde.de\/blog\/#\/schema\/person\/b67f6a54e98f013bd281dbe05514b701\"},\"headline\":\"Audi unterst\u00fctzt Nordische Ski-Weltmeisterschaften in Lahti\",\"datePublished\":\"2017-02-20T18:14:39+00:00\",\"dateModified\":\"2017-02-20T18:14:39+00:00\",\"mainEntityOfPage\":{\"@id\":\"https:\/\/www.tts-freunde.de\/blog\/2017\/02\/20\/audi-unterstuetzt-nordische-ski-weltmeisterschaften-in-lahti\/\"},\"wordCount\":255,\"publisher\":{\"@id\":\"https:\/\/www.tts-freunde.de\/blog\/#organization\"},\"image\":{\"@id\":\"https:\/\/www.tts-freunde.de\/blog\/2017\/02\/20\/audi-unterstuetzt-nordische-ski-weltmeisterschaften-in-lahti\/#primaryimage\"},\"thumbnailUrl\":\"https:\/\/www.tts-freunde.de\/blog\/wp-content\/uploads\/2017\/02\/Johannes-Rydzek.jpg\",\"articleSection\":[\"Audi AG\"],\"inLanguage\":\"de\"},{\"@type\":\"WebPage\",\"@id\":\"https:\/\/www.tts-freunde.de\/blog\/2017\/02\/20\/audi-unterstuetzt-nordische-ski-weltmeisterschaften-in-lahti\/\",\"url\":\"https:\/\/www.tts-freunde.de\/blog\/2017\/02\/20\/audi-unterstuetzt-nordische-ski-weltmeisterschaften-in-lahti\/\",\"name\":\"Audi unterst\u00fctzt Nordische Ski-Weltmeisterschaften in Lahti - Audi Blog\",\"isPartOf\":{\"@id\":\"https:\/\/www.tts-freunde.de\/blog\/#website\"},\"primaryImageOfPage\":{\"@id\":\"https:\/\/www.tts-freunde.de\/blog\/2017\/02\/20\/audi-unterstuetzt-nordische-ski-weltmeisterschaften-in-lahti\/#primaryimage\"},\"image\":{\"@id\":\"https:\/\/www.tts-freunde.de\/blog\/2017\/02\/20\/audi-unterstuetzt-nordische-ski-weltmeisterschaften-in-lahti\/#primaryimage\"},\"thumbnailUrl\":\"https:\/\/www.tts-freunde.de\/blog\/wp-content\/uploads\/2017\/02\/Johannes-Rydzek.jpg\",\"datePublished\":\"2017-02-20T18:14:39+00:00\",\"dateModified\":\"2017-02-20T18:14:39+00:00\",\"breadcrumb\":{\"@id\":\"https:\/\/www.tts-freunde.de\/blog\/2017\/02\/20\/audi-unterstuetzt-nordische-ski-weltmeisterschaften-in-lahti\/#breadcrumb\"},\"inLanguage\":\"de\",\"potentialAction\":[{\"@type\":\"ReadAction\",\"target\":[\"https:\/\/www.tts-freunde.de\/blog\/2017\/02\/20\/audi-unterstuetzt-nordische-ski-weltmeisterschaften-in-lahti\/\"]}]},{\"@type\":\"ImageObject\",\"inLanguage\":\"de\",\"@id\":\"https:\/\/www.tts-freunde.de\/blog\/2017\/02\/20\/audi-unterstuetzt-nordische-ski-weltmeisterschaften-in-lahti\/#primaryimage\",\"url\":\"https:\/\/www.tts-freunde.de\/blog\/wp-content\/uploads\/2017\/02\/Johannes-Rydzek.jpg\",\"contentUrl\":\"https:\/\/www.tts-freunde.de\/blog\/wp-content\/uploads\/2017\/02\/Johannes-Rydzek.jpg\",\"width\":1160,\"height\":820},{\"@type\":\"BreadcrumbList\",\"@id\":\"https:\/\/www.tts-freunde.de\/blog\/2017\/02\/20\/audi-unterstuetzt-nordische-ski-weltmeisterschaften-in-lahti\/#breadcrumb\",\"itemListElement\":[{\"@type\":\"ListItem\",\"position\":1,\"name\":\"Home\",\"item\":\"https:\/\/www.tts-freunde.de\/blog\/\"},{\"@type\":\"ListItem\",\"position\":2,\"name\":\"Audi unterst\u00fctzt Nordische Ski-Weltmeisterschaften in Lahti\"}]},{\"@type\":\"WebSite\",\"@id\":\"https:\/\/www.tts-freunde.de\/blog\/#website\",\"url\":\"https:\/\/www.tts-freunde.de\/blog\/\",\"name\":\"Audi Blog\",\"description\":\"Deutscher Audi Blog - TTS-Freunde\",\"publisher\":{\"@id\":\"https:\/\/www.tts-freunde.de\/blog\/#organization\"},\"potentialAction\":[{\"@type\":\"SearchAction\",\"target\":{\"@type\":\"EntryPoint\",\"urlTemplate\":\"https:\/\/www.tts-freunde.de\/blog\/?s={search_term_string}\"},\"query-input\":\"required name=search_term_string\"}],\"inLanguage\":\"de\"},{\"@type\":\"Organization\",\"@id\":\"https:\/\/www.tts-freunde.de\/blog\/#organization\",\"name\":\"Audi Blog\",\"url\":\"https:\/\/www.tts-freunde.de\/blog\/\",\"logo\":{\"@type\":\"ImageObject\",\"inLanguage\":\"de\",\"@id\":\"https:\/\/www.tts-freunde.de\/blog\/#\/schema\/logo\/image\/\",\"url\":\"https:\/\/www.tts-freunde.de\/blog\/wp-content\/uploads\/2022\/12\/logo_2022.jpg\",\"contentUrl\":\"https:\/\/www.tts-freunde.de\/blog\/wp-content\/uploads\/2022\/12\/logo_2022.jpg\",\"width\":240,\"height\":41,\"caption\":\"Audi Blog\"},\"image\":{\"@id\":\"https:\/\/www.tts-freunde.de\/blog\/#\/schema\/logo\/image\/\"}},{\"@type\":\"Person\",\"@id\":\"https:\/\/www.tts-freunde.de\/blog\/#\/schema\/person\/b67f6a54e98f013bd281dbe05514b701\",\"name\":\"admin\",\"image\":{\"@type\":\"ImageObject\",\"inLanguage\":\"de\",\"@id\":\"https:\/\/www.tts-freunde.de\/blog\/#\/schema\/person\/image\/\",\"url\":\"https:\/\/secure.gravatar.com\/avatar\/08a4bd330e25056ddb430c28136b38a6?s=96&d=mm&r=g\",\"contentUrl\":\"https:\/\/secure.gravatar.com\/avatar\/08a4bd330e25056ddb430c28136b38a6?s=96&d=mm&r=g\",\"caption\":\"admin\"},\"sameAs\":[\"http:\/\/www.tts-freunde.de\"],\"url\":\"https:\/\/www.tts-freunde.de\/blog\/author\/admin\/\"}]}<\/script>\n<!-- \/ Yoast SEO plugin. -->","yoast_head_json":{"title":"Audi unterst\u00fctzt Nordische Ski-Weltmeisterschaften in Lahti - Audi Blog","robots":{"index":"index","follow":"follow","max-snippet":"max-snippet:-1","max-image-preview":"max-image-preview:large","max-video-preview":"max-video-preview:-1"},"canonical":"https:\/\/www.tts-freunde.de\/blog\/2017\/02\/20\/audi-unterstuetzt-nordische-ski-weltmeisterschaften-in-lahti\/","og_locale":"de_DE","og_type":"article","og_title":"Audi unterst\u00fctzt Nordische Ski-Weltmeisterschaften in Lahti - Audi Blog","og_description":"Nordische Ski-Weltmeisterschaften in Lahti Von der Piste in die Loipe, von der Schweiz nach Finnland: Bei den FIS Nordischen Ski-Weltmeisterschaften ab Mittwoch in Lahti ist Audi offizieller Sponsor. Zuvor hatte die Marke bereits die FIS Alpinen Ski-Weltmeisterschaften in St. Moritz als Presenting Sponsor begleitet. 60 Nationen, mehr als 700 Athleten, [&hellip;]","og_url":"https:\/\/www.tts-freunde.de\/blog\/2017\/02\/20\/audi-unterstuetzt-nordische-ski-weltmeisterschaften-in-lahti\/","og_site_name":"Audi Blog","article_published_time":"2017-02-20T18:14:39+00:00","og_image":[{"width":1160,"height":820,"url":"https:\/\/www.tts-freunde.de\/blog\/wp-content\/uploads\/2017\/02\/Johannes-Rydzek.jpg","type":"image\/jpeg"}],"author":"admin","twitter_card":"summary_large_image","twitter_misc":{"Verfasst von":"admin","Gesch\u00e4tzte Lesezeit":"1\u00a0Minute"},"schema":{"@context":"https:\/\/schema.org","@graph":[{"@type":"Article","@id":"https:\/\/www.tts-freunde.de\/blog\/2017\/02\/20\/audi-unterstuetzt-nordische-ski-weltmeisterschaften-in-lahti\/#article","isPartOf":{"@id":"https:\/\/www.tts-freunde.de\/blog\/2017\/02\/20\/audi-unterstuetzt-nordische-ski-weltmeisterschaften-in-lahti\/"},"author":{"name":"admin","@id":"https:\/\/www.tts-freunde.de\/blog\/#\/schema\/person\/b67f6a54e98f013bd281dbe05514b701"},"headline":"Audi unterst\u00fctzt Nordische Ski-Weltmeisterschaften in Lahti","datePublished":"2017-02-20T18:14:39+00:00","dateModified":"2017-02-20T18:14:39+00:00","mainEntityOfPage":{"@id":"https:\/\/www.tts-freunde.de\/blog\/2017\/02\/20\/audi-unterstuetzt-nordische-ski-weltmeisterschaften-in-lahti\/"},"wordCount":255,"publisher":{"@id":"https:\/\/www.tts-freunde.de\/blog\/#organization"},"image":{"@id":"https:\/\/www.tts-freunde.de\/blog\/2017\/02\/20\/audi-unterstuetzt-nordische-ski-weltmeisterschaften-in-lahti\/#primaryimage"},"thumbnailUrl":"https:\/\/www.tts-freunde.de\/blog\/wp-content\/uploads\/2017\/02\/Johannes-Rydzek.jpg","articleSection":["Audi AG"],"inLanguage":"de"},{"@type":"WebPage","@id":"https:\/\/www.tts-freunde.de\/blog\/2017\/02\/20\/audi-unterstuetzt-nordische-ski-weltmeisterschaften-in-lahti\/","url":"https:\/\/www.tts-freunde.de\/blog\/2017\/02\/20\/audi-unterstuetzt-nordische-ski-weltmeisterschaften-in-lahti\/","name":"Audi unterst\u00fctzt Nordische Ski-Weltmeisterschaften in Lahti - Audi Blog","isPartOf":{"@id":"https:\/\/www.tts-freunde.de\/blog\/#website"},"primaryImageOfPage":{"@id":"https:\/\/www.tts-freunde.de\/blog\/2017\/02\/20\/audi-unterstuetzt-nordische-ski-weltmeisterschaften-in-lahti\/#primaryimage"},"image":{"@id":"https:\/\/www.tts-freunde.de\/blog\/2017\/02\/20\/audi-unterstuetzt-nordische-ski-weltmeisterschaften-in-lahti\/#primaryimage"},"thumbnailUrl":"https:\/\/www.tts-freunde.de\/blog\/wp-content\/uploads\/2017\/02\/Johannes-Rydzek.jpg","datePublished":"2017-02-20T18:14:39+00:00","dateModified":"2017-02-20T18:14:39+00:00","breadcrumb":{"@id":"https:\/\/www.tts-freunde.de\/blog\/2017\/02\/20\/audi-unterstuetzt-nordische-ski-weltmeisterschaften-in-lahti\/#breadcrumb"},"inLanguage":"de","potentialAction":[{"@type":"ReadAction","target":["https:\/\/www.tts-freunde.de\/blog\/2017\/02\/20\/audi-unterstuetzt-nordische-ski-weltmeisterschaften-in-lahti\/"]}]},{"@type":"ImageObject","inLanguage":"de","@id":"https:\/\/www.tts-freunde.de\/blog\/2017\/02\/20\/audi-unterstuetzt-nordische-ski-weltmeisterschaften-in-lahti\/#primaryimage","url":"https:\/\/www.tts-freunde.de\/blog\/wp-content\/uploads\/2017\/02\/Johannes-Rydzek.jpg","contentUrl":"https:\/\/www.tts-freunde.de\/blog\/wp-content\/uploads\/2017\/02\/Johannes-Rydzek.jpg","width":1160,"height":820},{"@type":"BreadcrumbList","@id":"https:\/\/www.tts-freunde.de\/blog\/2017\/02\/20\/audi-unterstuetzt-nordische-ski-weltmeisterschaften-in-lahti\/#breadcrumb","itemListElement":[{"@type":"ListItem","position":1,"name":"Home","item":"https:\/\/www.tts-freunde.de\/blog\/"},{"@type":"ListItem","position":2,"name":"Audi unterst\u00fctzt Nordische Ski-Weltmeisterschaften in Lahti"}]},{"@type":"WebSite","@id":"https:\/\/www.tts-freunde.de\/blog\/#website","url":"https:\/\/www.tts-freunde.de\/blog\/","name":"Audi Blog","description":"Deutscher Audi Blog - TTS-Freunde","publisher":{"@id":"https:\/\/www.tts-freunde.de\/blog\/#organization"},"potentialAction":[{"@type":"SearchAction","target":{"@type":"EntryPoint","urlTemplate":"https:\/\/www.tts-freunde.de\/blog\/?s={search_term_string}"},"query-input":"required name=search_term_string"}],"inLanguage":"de"},{"@type":"Organization","@id":"https:\/\/www.tts-freunde.de\/blog\/#organization","name":"Audi Blog","url":"https:\/\/www.tts-freunde.de\/blog\/","logo":{"@type":"ImageObject","inLanguage":"de","@id":"https:\/\/www.tts-freunde.de\/blog\/#\/schema\/logo\/image\/","url":"https:\/\/www.tts-freunde.de\/blog\/wp-content\/uploads\/2022\/12\/logo_2022.jpg","contentUrl":"https:\/\/www.tts-freunde.de\/blog\/wp-content\/uploads\/2022\/12\/logo_2022.jpg","width":240,"height":41,"caption":"Audi Blog"},"image":{"@id":"https:\/\/www.tts-freunde.de\/blog\/#\/schema\/logo\/image\/"}},{"@type":"Person","@id":"https:\/\/www.tts-freunde.de\/blog\/#\/schema\/person\/b67f6a54e98f013bd281dbe05514b701","name":"admin","image":{"@type":"ImageObject","inLanguage":"de","@id":"https:\/\/www.tts-freunde.de\/blog\/#\/schema\/person\/image\/","url":"https:\/\/secure.gravatar.com\/avatar\/08a4bd330e25056ddb430c28136b38a6?s=96&d=mm&r=g","contentUrl":"https:\/\/secure.gravatar.com\/avatar\/08a4bd330e25056ddb430c28136b38a6?s=96&d=mm&r=g","caption":"admin"},"sameAs":["http:\/\/www.tts-freunde.de"],"url":"https:\/\/www.tts-freunde.de\/blog\/author\/admin\/"}]}},"jetpack_sharing_enabled":true,"jetpack_featured_media_url":"https:\/\/www.tts-freunde.de\/blog\/wp-content\/uploads\/2017\/02\/Johannes-Rydzek.jpg","jetpack_shortlink":"https:\/\/wp.me\/p67hWW-Ym","jetpack_likes_enabled":false,"jetpack-related-posts":[],"_links":{"self":[{"href":"https:\/\/www.tts-freunde.de\/blog\/wp-json\/wp\/v2\/posts\/3742"}],"collection":[{"href":"https:\/\/www.tts-freunde.de\/blog\/wp-json\/wp\/v2\/posts"}],"about":[{"href":"https:\/\/www.tts-freunde.de\/blog\/wp-json\/wp\/v2\/types\/post"}],"author":[{"embeddable":true,"href":"https:\/\/www.tts-freunde.de\/blog\/wp-json\/wp\/v2\/users\/1"}],"replies":[{"embeddable":true,"href":"https:\/\/www.tts-freunde.de\/blog\/wp-json\/wp\/v2\/comments?post=3742"}],"version-history":[{"count":1,"href":"https:\/\/www.tts-freunde.de\/blog\/wp-json\/wp\/v2\/posts\/3742\/revisions"}],"predecessor-version":[{"id":3744,"href":"https:\/\/www.tts-freunde.de\/blog\/wp-json\/wp\/v2\/posts\/3742\/revisions\/3744"}],"wp:featuredmedia":[{"embeddable":true,"href":"https:\/\/www.tts-freunde.de\/blog\/wp-json\/wp\/v2\/media\/3743"}],"wp:attachment":[{"href":"https:\/\/www.tts-freunde.de\/blog\/wp-json\/wp\/v2\/media?parent=3742"}],"wp:term":[{"taxonomy":"category","embeddable":true,"href":"https:\/\/www.tts-freunde.de\/blog\/wp-json\/wp\/v2\/categories?post=3742"},{"taxonomy":"post_tag","embeddable":true,"href":"https:\/\/www.tts-freunde.de\/blog\/wp-json\/wp\/v2\/tags?post=3742"}],"curies":[{"name":"wp","href":"https:\/\/api.w.org\/{rel}","templated":true}]}}