{"id":3784,"date":"2017-03-20T06:00:03","date_gmt":"2017-03-20T05:00:03","guid":{"rendered":"http:\/\/tts-freunde.de\/blog\/?p=3784"},"modified":"2017-03-19T18:13:39","modified_gmt":"2017-03-19T17:13:39","slug":"rennstrecken-premiere-des-neuen-audi-rs-5-dtm","status":"publish","type":"post","link":"https:\/\/www.tts-freunde.de\/blog\/2017\/03\/20\/rennstrecken-premiere-des-neuen-audi-rs-5-dtm\/","title":{"rendered":"Rennstrecken-Premiere des neuen Audi RS 5 DTM"},"content":{"rendered":"<div class=\"page-row has-no-item-box\">\n<div id=\"item-9b495c50-3df8-4a2b-a82b-d3847aebb626\" class=\"page-item--intro\">\n<div class=\"intro-text\">\n<p><a href=\"http:\/\/tts-freunde.de\/blog\/wp-content\/uploads\/2017\/03\/Audi-RS5-DTM-2017.jpg\"><img loading=\"lazy\" decoding=\"async\" data-attachment-id=\"3785\" data-permalink=\"https:\/\/www.tts-freunde.de\/blog\/2017\/03\/20\/rennstrecken-premiere-des-neuen-audi-rs-5-dtm\/audi-rs5-dtm-2017\/\" data-orig-file=\"https:\/\/www.tts-freunde.de\/blog\/wp-content\/uploads\/2017\/03\/Audi-RS5-DTM-2017.jpg\" data-orig-size=\"1160,820\" data-comments-opened=\"0\" data-image-meta=\"{&quot;aperture&quot;:&quot;0&quot;,&quot;credit&quot;:&quot;&quot;,&quot;camera&quot;:&quot;&quot;,&quot;caption&quot;:&quot;&quot;,&quot;created_timestamp&quot;:&quot;0&quot;,&quot;copyright&quot;:&quot;&quot;,&quot;focal_length&quot;:&quot;0&quot;,&quot;iso&quot;:&quot;0&quot;,&quot;shutter_speed&quot;:&quot;0&quot;,&quot;title&quot;:&quot;&quot;,&quot;orientation&quot;:&quot;0&quot;}\" data-image-title=\"Audi RS5 DTM 2017\" data-image-description=\"\" data-image-caption=\"\" data-medium-file=\"https:\/\/www.tts-freunde.de\/blog\/wp-content\/uploads\/2017\/03\/Audi-RS5-DTM-2017-300x212.jpg\" data-large-file=\"https:\/\/www.tts-freunde.de\/blog\/wp-content\/uploads\/2017\/03\/Audi-RS5-DTM-2017-1024x724.jpg\" tabindex=\"0\" role=\"button\" class=\"aligncenter size-full wp-image-3785\" src=\"http:\/\/tts-freunde.de\/blog\/wp-content\/uploads\/2017\/03\/Audi-RS5-DTM-2017.jpg\" alt=\"\" width=\"1160\" height=\"820\" srcset=\"https:\/\/www.tts-freunde.de\/blog\/wp-content\/uploads\/2017\/03\/Audi-RS5-DTM-2017.jpg 1160w, https:\/\/www.tts-freunde.de\/blog\/wp-content\/uploads\/2017\/03\/Audi-RS5-DTM-2017-300x212.jpg 300w, https:\/\/www.tts-freunde.de\/blog\/wp-content\/uploads\/2017\/03\/Audi-RS5-DTM-2017-768x543.jpg 768w, https:\/\/www.tts-freunde.de\/blog\/wp-content\/uploads\/2017\/03\/Audi-RS5-DTM-2017-1024x724.jpg 1024w, https:\/\/www.tts-freunde.de\/blog\/wp-content\/uploads\/2017\/03\/Audi-RS5-DTM-2017-140x100.jpg 140w, https:\/\/www.tts-freunde.de\/blog\/wp-content\/uploads\/2017\/03\/Audi-RS5-DTM-2017-50x35.jpg 50w\" sizes=\"(max-width: 1160px) 100vw, 1160px\" \/><\/a><\/p>\n<p>Nur eine Woche nach der Weltpremiere in Genf absolvierte der neue Audi RS 5 DTM auf der italienischen Rennstrecke von Vallelunga seine ersten \u00f6ffentliche Testrunden.<\/p>\n<\/div>\n<\/div>\n<\/div>\n<div class=\"page-row has-no-item-box\">\n<div id=\"item-b513b264-db4f-4e35-b6ed-edcbd8663f96\" class=\"page-item--text\">\n<div class=\"style-links-for-body-text\">\n<p>Dabei sorgte nicht nur das rot-schwarze Playboy-Design f\u00fcr Aufsehen, mit dem Youngster Nico M\u00fcller in der DTM 2017 an den Start gehen wird. In Italien zeigte Audi auch erstmals die homologierte Karosserie des RS 5 DTM der dritten Generation, die gegen\u00fcber der in Genf gezeigten Variante zus\u00e4tzliche innovative Detaill\u00f6sungen aufweist.<\/p>\n<p>\u201eUns war es wichtig, bei diesem letzten Entwicklungstest vor Saisonstart mit dem finalen Auto zu fahren und die wenigen Testtage, die uns in der DTM zur Verf\u00fcgung stehen, so optimal wie m\u00f6glich zu nutzen\u201c, sagte Audi-Motorsportchef Dieter Gass. \u201eDeshalb sind wir sehr froh, dass wir in Vallelunga perfekte \u00e4u\u00dfere Bedingungen vorgefunden haben und drei Tage lang ohne nennenswerte Probleme fahren konnten.\u201c<\/p>\n<p>Die Jungfernfahrt am Dienstag \u00fcbernahm Mattias Ekstr\u00f6m, mit 22 Siegen und zwei Meistertiteln erfolgreichster Audi-DTM-Pilot aller Zeiten. Dabei spulte der Schwede nicht weniger als 760 Kilometer ab. \u201eEine stolze Zahl f\u00fcr ein neues Auto\u201c, sagte Ekstr\u00f6m. \u201eWir haben sehr viel ausprobiert: kurze Stints, Long-Runs, Qualifying-Simulationen und viele verschiedene Abstimmungsvarianten. Die neuen DTM-Autos sind fahrerisch definitiv anspruchsvoller. Und f\u00fcr die weicheren Reifen und die ver\u00e4nderte Aerodynamik einen perfekten Kompromiss bei der Abstimmung zu finden, ist eine gro\u00dfe Herausforderung. Es wird definitiv spannend!\u201c<\/p>\n<div class=\"page-row has-no-item-box\">\n<div id=\"item-8b10ddeb-fab4-4187-8dfd-e674cb31c2c9\" class=\"page-item--text\">\n<div class=\"style-links-for-body-text\">\n<p>Am Mittwoch \u00fcbernahm Jamie Green das Cockpit. Der Brite kam mit 682 Kilometern auf eine \u00e4hnlich stolze Distanz wie Ekstr\u00f6m am Tag zuvor. \u201eIch war schon lange nicht mehr in Vallelunga und musste die Strecke erst neu kennenlernen\u201c, sagte Green. \u201eTrotzdem konnten wir unser komplettes Programm durchziehen \u2013 es war ein produktiver Tag.\u201c<\/p>\n<p>Den dritten und abschlie\u00dfenden Testtag absolvierte Mattias Ekstr\u00f6m. Nach insgesamt 2.121 Testkilometern mit dem neuen Audi RS 5 DTM fiebern die Audi-Piloten dem Saisonauftakt am 6.\/7. Mai in Hockenheim nun noch mehr entgegen. Vor dem Saisonstart findet in Hockenheim vom 3. bis 6. April noch ein abschlie\u00dfender DTM-Test statt.<\/p>\n<p>[instagram-feed]<\/p>\n<\/div>\n<\/div>\n<\/div>\n<\/div>\n<\/div>\n<\/div>\n","protected":false},"excerpt":{"rendered":"<p>Nur eine Woche nach der Weltpremiere in Genf absolvierte der neue Audi RS 5 DTM auf der italienischen Rennstrecke von Vallelunga seine ersten \u00f6ffentliche Testrunden. Dabei sorgte nicht nur das rot-schwarze Playboy-Design f\u00fcr Aufsehen, mit dem Youngster Nico M\u00fcller in der DTM 2017 an den Start gehen wird. In Italien [&hellip;]<\/p>\n","protected":false},"author":1,"featured_media":3785,"comment_status":"closed","ping_status":"open","sticky":false,"template":"","format":"standard","meta":{"jetpack_post_was_ever_published":false,"_jetpack_newsletter_access":"","_jetpack_dont_email_post_to_subs":false,"_jetpack_newsletter_tier_id":0,"_jetpack_memberships_contains_paywalled_content":false,"_jetpack_memberships_contains_paid_content":false,"footnotes":"","jetpack_publicize_message":"Rennstrecken-Premiere des neuen #Audi RS 5 DTM","jetpack_publicize_feature_enabled":true,"jetpack_social_post_already_shared":true,"jetpack_social_options":{"image_generator_settings":{"template":"highway","enabled":false},"version":2}},"categories":[17],"tags":[25],"class_list":["post-3784","post","type-post","status-publish","format-standard","has-post-thumbnail","hentry","category-audi-motorsport","tag-dtm"],"wppr_data":{"cwp_meta_box_check":"No"},"jetpack_publicize_connections":[],"yoast_head":"<!-- This site is optimized with the Yoast SEO plugin v23.3 - https:\/\/yoast.com\/wordpress\/plugins\/seo\/ -->\n<title>Rennstrecken-Premiere des neuen Audi RS 5 DTM - Audi Blog<\/title>\n<meta name=\"robots\" content=\"index, follow, max-snippet:-1, max-image-preview:large, max-video-preview:-1\" \/>\n<link rel=\"canonical\" href=\"https:\/\/www.tts-freunde.de\/blog\/2017\/03\/20\/rennstrecken-premiere-des-neuen-audi-rs-5-dtm\/\" \/>\n<meta property=\"og:locale\" content=\"de_DE\" \/>\n<meta property=\"og:type\" content=\"article\" \/>\n<meta property=\"og:title\" content=\"Rennstrecken-Premiere des neuen Audi RS 5 DTM - Audi Blog\" \/>\n<meta property=\"og:description\" content=\"Nur eine Woche nach der Weltpremiere in Genf absolvierte der neue Audi RS 5 DTM auf der italienischen Rennstrecke von Vallelunga seine ersten \u00f6ffentliche Testrunden. Dabei sorgte nicht nur das rot-schwarze Playboy-Design f\u00fcr Aufsehen, mit dem Youngster Nico M\u00fcller in der DTM 2017 an den Start gehen wird. In Italien [&hellip;]\" \/>\n<meta property=\"og:url\" content=\"https:\/\/www.tts-freunde.de\/blog\/2017\/03\/20\/rennstrecken-premiere-des-neuen-audi-rs-5-dtm\/\" \/>\n<meta property=\"og:site_name\" content=\"Audi Blog\" \/>\n<meta property=\"article:published_time\" content=\"2017-03-20T05:00:03+00:00\" \/>\n<meta property=\"article:modified_time\" content=\"2017-03-19T17:13:39+00:00\" \/>\n<meta property=\"og:image\" content=\"https:\/\/www.tts-freunde.de\/blog\/wp-content\/uploads\/2017\/03\/Audi-RS5-DTM-2017.jpg\" \/>\n\t<meta property=\"og:image:width\" content=\"1160\" \/>\n\t<meta property=\"og:image:height\" content=\"820\" \/>\n\t<meta property=\"og:image:type\" content=\"image\/jpeg\" \/>\n<meta name=\"author\" content=\"admin\" \/>\n<meta name=\"twitter:card\" content=\"summary_large_image\" \/>\n<meta name=\"twitter:label1\" content=\"Verfasst von\" \/>\n\t<meta name=\"twitter:data1\" content=\"admin\" \/>\n\t<meta name=\"twitter:label2\" content=\"Gesch\u00e4tzte Lesezeit\" \/>\n\t<meta name=\"twitter:data2\" content=\"2\u00a0Minuten\" \/>\n<script type=\"application\/ld+json\" class=\"yoast-schema-graph\">{\"@context\":\"https:\/\/schema.org\",\"@graph\":[{\"@type\":\"Article\",\"@id\":\"https:\/\/www.tts-freunde.de\/blog\/2017\/03\/20\/rennstrecken-premiere-des-neuen-audi-rs-5-dtm\/#article\",\"isPartOf\":{\"@id\":\"https:\/\/www.tts-freunde.de\/blog\/2017\/03\/20\/rennstrecken-premiere-des-neuen-audi-rs-5-dtm\/\"},\"author\":{\"name\":\"admin\",\"@id\":\"https:\/\/www.tts-freunde.de\/blog\/#\/schema\/person\/b67f6a54e98f013bd281dbe05514b701\"},\"headline\":\"Rennstrecken-Premiere des neuen Audi RS 5 DTM\",\"datePublished\":\"2017-03-20T05:00:03+00:00\",\"dateModified\":\"2017-03-19T17:13:39+00:00\",\"mainEntityOfPage\":{\"@id\":\"https:\/\/www.tts-freunde.de\/blog\/2017\/03\/20\/rennstrecken-premiere-des-neuen-audi-rs-5-dtm\/\"},\"wordCount\":332,\"publisher\":{\"@id\":\"https:\/\/www.tts-freunde.de\/blog\/#organization\"},\"image\":{\"@id\":\"https:\/\/www.tts-freunde.de\/blog\/2017\/03\/20\/rennstrecken-premiere-des-neuen-audi-rs-5-dtm\/#primaryimage\"},\"thumbnailUrl\":\"https:\/\/www.tts-freunde.de\/blog\/wp-content\/uploads\/2017\/03\/Audi-RS5-DTM-2017.jpg\",\"keywords\":[\"dtm\"],\"articleSection\":[\"Audi Motorsport\"],\"inLanguage\":\"de\"},{\"@type\":\"WebPage\",\"@id\":\"https:\/\/www.tts-freunde.de\/blog\/2017\/03\/20\/rennstrecken-premiere-des-neuen-audi-rs-5-dtm\/\",\"url\":\"https:\/\/www.tts-freunde.de\/blog\/2017\/03\/20\/rennstrecken-premiere-des-neuen-audi-rs-5-dtm\/\",\"name\":\"Rennstrecken-Premiere des neuen Audi RS 5 DTM - Audi Blog\",\"isPartOf\":{\"@id\":\"https:\/\/www.tts-freunde.de\/blog\/#website\"},\"primaryImageOfPage\":{\"@id\":\"https:\/\/www.tts-freunde.de\/blog\/2017\/03\/20\/rennstrecken-premiere-des-neuen-audi-rs-5-dtm\/#primaryimage\"},\"image\":{\"@id\":\"https:\/\/www.tts-freunde.de\/blog\/2017\/03\/20\/rennstrecken-premiere-des-neuen-audi-rs-5-dtm\/#primaryimage\"},\"thumbnailUrl\":\"https:\/\/www.tts-freunde.de\/blog\/wp-content\/uploads\/2017\/03\/Audi-RS5-DTM-2017.jpg\",\"datePublished\":\"2017-03-20T05:00:03+00:00\",\"dateModified\":\"2017-03-19T17:13:39+00:00\",\"breadcrumb\":{\"@id\":\"https:\/\/www.tts-freunde.de\/blog\/2017\/03\/20\/rennstrecken-premiere-des-neuen-audi-rs-5-dtm\/#breadcrumb\"},\"inLanguage\":\"de\",\"potentialAction\":[{\"@type\":\"ReadAction\",\"target\":[\"https:\/\/www.tts-freunde.de\/blog\/2017\/03\/20\/rennstrecken-premiere-des-neuen-audi-rs-5-dtm\/\"]}]},{\"@type\":\"ImageObject\",\"inLanguage\":\"de\",\"@id\":\"https:\/\/www.tts-freunde.de\/blog\/2017\/03\/20\/rennstrecken-premiere-des-neuen-audi-rs-5-dtm\/#primaryimage\",\"url\":\"https:\/\/www.tts-freunde.de\/blog\/wp-content\/uploads\/2017\/03\/Audi-RS5-DTM-2017.jpg\",\"contentUrl\":\"https:\/\/www.tts-freunde.de\/blog\/wp-content\/uploads\/2017\/03\/Audi-RS5-DTM-2017.jpg\",\"width\":1160,\"height\":820},{\"@type\":\"BreadcrumbList\",\"@id\":\"https:\/\/www.tts-freunde.de\/blog\/2017\/03\/20\/rennstrecken-premiere-des-neuen-audi-rs-5-dtm\/#breadcrumb\",\"itemListElement\":[{\"@type\":\"ListItem\",\"position\":1,\"name\":\"Home\",\"item\":\"https:\/\/www.tts-freunde.de\/blog\/\"},{\"@type\":\"ListItem\",\"position\":2,\"name\":\"Rennstrecken-Premiere des neuen Audi RS 5 DTM\"}]},{\"@type\":\"WebSite\",\"@id\":\"https:\/\/www.tts-freunde.de\/blog\/#website\",\"url\":\"https:\/\/www.tts-freunde.de\/blog\/\",\"name\":\"Audi Blog\",\"description\":\"Deutscher Audi Blog - TTS-Freunde\",\"publisher\":{\"@id\":\"https:\/\/www.tts-freunde.de\/blog\/#organization\"},\"potentialAction\":[{\"@type\":\"SearchAction\",\"target\":{\"@type\":\"EntryPoint\",\"urlTemplate\":\"https:\/\/www.tts-freunde.de\/blog\/?s={search_term_string}\"},\"query-input\":\"required name=search_term_string\"}],\"inLanguage\":\"de\"},{\"@type\":\"Organization\",\"@id\":\"https:\/\/www.tts-freunde.de\/blog\/#organization\",\"name\":\"Audi Blog\",\"url\":\"https:\/\/www.tts-freunde.de\/blog\/\",\"logo\":{\"@type\":\"ImageObject\",\"inLanguage\":\"de\",\"@id\":\"https:\/\/www.tts-freunde.de\/blog\/#\/schema\/logo\/image\/\",\"url\":\"https:\/\/www.tts-freunde.de\/blog\/wp-content\/uploads\/2022\/12\/logo_2022.jpg\",\"contentUrl\":\"https:\/\/www.tts-freunde.de\/blog\/wp-content\/uploads\/2022\/12\/logo_2022.jpg\",\"width\":240,\"height\":41,\"caption\":\"Audi Blog\"},\"image\":{\"@id\":\"https:\/\/www.tts-freunde.de\/blog\/#\/schema\/logo\/image\/\"}},{\"@type\":\"Person\",\"@id\":\"https:\/\/www.tts-freunde.de\/blog\/#\/schema\/person\/b67f6a54e98f013bd281dbe05514b701\",\"name\":\"admin\",\"image\":{\"@type\":\"ImageObject\",\"inLanguage\":\"de\",\"@id\":\"https:\/\/www.tts-freunde.de\/blog\/#\/schema\/person\/image\/\",\"url\":\"https:\/\/secure.gravatar.com\/avatar\/08a4bd330e25056ddb430c28136b38a6?s=96&d=mm&r=g\",\"contentUrl\":\"https:\/\/secure.gravatar.com\/avatar\/08a4bd330e25056ddb430c28136b38a6?s=96&d=mm&r=g\",\"caption\":\"admin\"},\"sameAs\":[\"http:\/\/www.tts-freunde.de\"],\"url\":\"https:\/\/www.tts-freunde.de\/blog\/author\/admin\/\"}]}<\/script>\n<!-- \/ Yoast SEO plugin. -->","yoast_head_json":{"title":"Rennstrecken-Premiere des neuen Audi RS 5 DTM - Audi Blog","robots":{"index":"index","follow":"follow","max-snippet":"max-snippet:-1","max-image-preview":"max-image-preview:large","max-video-preview":"max-video-preview:-1"},"canonical":"https:\/\/www.tts-freunde.de\/blog\/2017\/03\/20\/rennstrecken-premiere-des-neuen-audi-rs-5-dtm\/","og_locale":"de_DE","og_type":"article","og_title":"Rennstrecken-Premiere des neuen Audi RS 5 DTM - Audi Blog","og_description":"Nur eine Woche nach der Weltpremiere in Genf absolvierte der neue Audi RS 5 DTM auf der italienischen Rennstrecke von Vallelunga seine ersten \u00f6ffentliche Testrunden. Dabei sorgte nicht nur das rot-schwarze Playboy-Design f\u00fcr Aufsehen, mit dem Youngster Nico M\u00fcller in der DTM 2017 an den Start gehen wird. In Italien [&hellip;]","og_url":"https:\/\/www.tts-freunde.de\/blog\/2017\/03\/20\/rennstrecken-premiere-des-neuen-audi-rs-5-dtm\/","og_site_name":"Audi Blog","article_published_time":"2017-03-20T05:00:03+00:00","article_modified_time":"2017-03-19T17:13:39+00:00","og_image":[{"width":1160,"height":820,"url":"https:\/\/www.tts-freunde.de\/blog\/wp-content\/uploads\/2017\/03\/Audi-RS5-DTM-2017.jpg","type":"image\/jpeg"}],"author":"admin","twitter_card":"summary_large_image","twitter_misc":{"Verfasst von":"admin","Gesch\u00e4tzte Lesezeit":"2\u00a0Minuten"},"schema":{"@context":"https:\/\/schema.org","@graph":[{"@type":"Article","@id":"https:\/\/www.tts-freunde.de\/blog\/2017\/03\/20\/rennstrecken-premiere-des-neuen-audi-rs-5-dtm\/#article","isPartOf":{"@id":"https:\/\/www.tts-freunde.de\/blog\/2017\/03\/20\/rennstrecken-premiere-des-neuen-audi-rs-5-dtm\/"},"author":{"name":"admin","@id":"https:\/\/www.tts-freunde.de\/blog\/#\/schema\/person\/b67f6a54e98f013bd281dbe05514b701"},"headline":"Rennstrecken-Premiere des neuen Audi RS 5 DTM","datePublished":"2017-03-20T05:00:03+00:00","dateModified":"2017-03-19T17:13:39+00:00","mainEntityOfPage":{"@id":"https:\/\/www.tts-freunde.de\/blog\/2017\/03\/20\/rennstrecken-premiere-des-neuen-audi-rs-5-dtm\/"},"wordCount":332,"publisher":{"@id":"https:\/\/www.tts-freunde.de\/blog\/#organization"},"image":{"@id":"https:\/\/www.tts-freunde.de\/blog\/2017\/03\/20\/rennstrecken-premiere-des-neuen-audi-rs-5-dtm\/#primaryimage"},"thumbnailUrl":"https:\/\/www.tts-freunde.de\/blog\/wp-content\/uploads\/2017\/03\/Audi-RS5-DTM-2017.jpg","keywords":["dtm"],"articleSection":["Audi Motorsport"],"inLanguage":"de"},{"@type":"WebPage","@id":"https:\/\/www.tts-freunde.de\/blog\/2017\/03\/20\/rennstrecken-premiere-des-neuen-audi-rs-5-dtm\/","url":"https:\/\/www.tts-freunde.de\/blog\/2017\/03\/20\/rennstrecken-premiere-des-neuen-audi-rs-5-dtm\/","name":"Rennstrecken-Premiere des neuen Audi RS 5 DTM - Audi Blog","isPartOf":{"@id":"https:\/\/www.tts-freunde.de\/blog\/#website"},"primaryImageOfPage":{"@id":"https:\/\/www.tts-freunde.de\/blog\/2017\/03\/20\/rennstrecken-premiere-des-neuen-audi-rs-5-dtm\/#primaryimage"},"image":{"@id":"https:\/\/www.tts-freunde.de\/blog\/2017\/03\/20\/rennstrecken-premiere-des-neuen-audi-rs-5-dtm\/#primaryimage"},"thumbnailUrl":"https:\/\/www.tts-freunde.de\/blog\/wp-content\/uploads\/2017\/03\/Audi-RS5-DTM-2017.jpg","datePublished":"2017-03-20T05:00:03+00:00","dateModified":"2017-03-19T17:13:39+00:00","breadcrumb":{"@id":"https:\/\/www.tts-freunde.de\/blog\/2017\/03\/20\/rennstrecken-premiere-des-neuen-audi-rs-5-dtm\/#breadcrumb"},"inLanguage":"de","potentialAction":[{"@type":"ReadAction","target":["https:\/\/www.tts-freunde.de\/blog\/2017\/03\/20\/rennstrecken-premiere-des-neuen-audi-rs-5-dtm\/"]}]},{"@type":"ImageObject","inLanguage":"de","@id":"https:\/\/www.tts-freunde.de\/blog\/2017\/03\/20\/rennstrecken-premiere-des-neuen-audi-rs-5-dtm\/#primaryimage","url":"https:\/\/www.tts-freunde.de\/blog\/wp-content\/uploads\/2017\/03\/Audi-RS5-DTM-2017.jpg","contentUrl":"https:\/\/www.tts-freunde.de\/blog\/wp-content\/uploads\/2017\/03\/Audi-RS5-DTM-2017.jpg","width":1160,"height":820},{"@type":"BreadcrumbList","@id":"https:\/\/www.tts-freunde.de\/blog\/2017\/03\/20\/rennstrecken-premiere-des-neuen-audi-rs-5-dtm\/#breadcrumb","itemListElement":[{"@type":"ListItem","position":1,"name":"Home","item":"https:\/\/www.tts-freunde.de\/blog\/"},{"@type":"ListItem","position":2,"name":"Rennstrecken-Premiere des neuen Audi RS 5 DTM"}]},{"@type":"WebSite","@id":"https:\/\/www.tts-freunde.de\/blog\/#website","url":"https:\/\/www.tts-freunde.de\/blog\/","name":"Audi Blog","description":"Deutscher Audi Blog - TTS-Freunde","publisher":{"@id":"https:\/\/www.tts-freunde.de\/blog\/#organization"},"potentialAction":[{"@type":"SearchAction","target":{"@type":"EntryPoint","urlTemplate":"https:\/\/www.tts-freunde.de\/blog\/?s={search_term_string}"},"query-input":"required name=search_term_string"}],"inLanguage":"de"},{"@type":"Organization","@id":"https:\/\/www.tts-freunde.de\/blog\/#organization","name":"Audi Blog","url":"https:\/\/www.tts-freunde.de\/blog\/","logo":{"@type":"ImageObject","inLanguage":"de","@id":"https:\/\/www.tts-freunde.de\/blog\/#\/schema\/logo\/image\/","url":"https:\/\/www.tts-freunde.de\/blog\/wp-content\/uploads\/2022\/12\/logo_2022.jpg","contentUrl":"https:\/\/www.tts-freunde.de\/blog\/wp-content\/uploads\/2022\/12\/logo_2022.jpg","width":240,"height":41,"caption":"Audi Blog"},"image":{"@id":"https:\/\/www.tts-freunde.de\/blog\/#\/schema\/logo\/image\/"}},{"@type":"Person","@id":"https:\/\/www.tts-freunde.de\/blog\/#\/schema\/person\/b67f6a54e98f013bd281dbe05514b701","name":"admin","image":{"@type":"ImageObject","inLanguage":"de","@id":"https:\/\/www.tts-freunde.de\/blog\/#\/schema\/person\/image\/","url":"https:\/\/secure.gravatar.com\/avatar\/08a4bd330e25056ddb430c28136b38a6?s=96&d=mm&r=g","contentUrl":"https:\/\/secure.gravatar.com\/avatar\/08a4bd330e25056ddb430c28136b38a6?s=96&d=mm&r=g","caption":"admin"},"sameAs":["http:\/\/www.tts-freunde.de"],"url":"https:\/\/www.tts-freunde.de\/blog\/author\/admin\/"}]}},"jetpack_sharing_enabled":true,"jetpack_featured_media_url":"https:\/\/www.tts-freunde.de\/blog\/wp-content\/uploads\/2017\/03\/Audi-RS5-DTM-2017.jpg","jetpack_shortlink":"https:\/\/wp.me\/p67hWW-Z2","jetpack_likes_enabled":false,"jetpack-related-posts":[],"_links":{"self":[{"href":"https:\/\/www.tts-freunde.de\/blog\/wp-json\/wp\/v2\/posts\/3784"}],"collection":[{"href":"https:\/\/www.tts-freunde.de\/blog\/wp-json\/wp\/v2\/posts"}],"about":[{"href":"https:\/\/www.tts-freunde.de\/blog\/wp-json\/wp\/v2\/types\/post"}],"author":[{"embeddable":true,"href":"https:\/\/www.tts-freunde.de\/blog\/wp-json\/wp\/v2\/users\/1"}],"replies":[{"embeddable":true,"href":"https:\/\/www.tts-freunde.de\/blog\/wp-json\/wp\/v2\/comments?post=3784"}],"version-history":[{"count":2,"href":"https:\/\/www.tts-freunde.de\/blog\/wp-json\/wp\/v2\/posts\/3784\/revisions"}],"predecessor-version":[{"id":3787,"href":"https:\/\/www.tts-freunde.de\/blog\/wp-json\/wp\/v2\/posts\/3784\/revisions\/3787"}],"wp:featuredmedia":[{"embeddable":true,"href":"https:\/\/www.tts-freunde.de\/blog\/wp-json\/wp\/v2\/media\/3785"}],"wp:attachment":[{"href":"https:\/\/www.tts-freunde.de\/blog\/wp-json\/wp\/v2\/media?parent=3784"}],"wp:term":[{"taxonomy":"category","embeddable":true,"href":"https:\/\/www.tts-freunde.de\/blog\/wp-json\/wp\/v2\/categories?post=3784"},{"taxonomy":"post_tag","embeddable":true,"href":"https:\/\/www.tts-freunde.de\/blog\/wp-json\/wp\/v2\/tags?post=3784"}],"curies":[{"name":"wp","href":"https:\/\/api.w.org\/{rel}","templated":true}]}}