{"id":3823,"date":"2017-04-05T21:31:28","date_gmt":"2017-04-05T19:31:28","guid":{"rendered":"http:\/\/tts-freunde.de\/blog\/?p=3823"},"modified":"2017-04-05T21:31:28","modified_gmt":"2017-04-05T19:31:28","slug":"audi-und-porsche-buendeln-kraefte-fuer-gemeinsame-fahrzeugarchitektur","status":"publish","type":"post","link":"https:\/\/www.tts-freunde.de\/blog\/2017\/04\/05\/audi-und-porsche-buendeln-kraefte-fuer-gemeinsame-fahrzeugarchitektur\/","title":{"rendered":"Audi und Porsche b\u00fcndeln Kr\u00e4fte f\u00fcr gemeinsame Fahrzeugarchitektur"},"content":{"rendered":"<div class=\"page-row row has-no-item-box\">\n<div id=\"item-df1b2434-48b0-4cd7-bf0f-5f5417d0e73e\" class=\"page-item--column col-sm-4\">\n<div class=\"custom-padding\">\n<div class=\"page-row has-no-item-box\">\n<div id=\"item-fda1699f-6089-4282-a353-f9198937cec4\" class=\"page-item--topic-list\">\n<div class=\"topic-list\">\n<ul>\n<li>Startschuss f\u00fcr wegweisende Entwicklungskooperation<\/li>\n<li>Audi CEO Rupert Stadler: \u201eDie besten K\u00f6pfe beider Unternehmen stellen gemeinsam die Weichen der Zukunft.\u201c<\/li>\n<li>Porsche CEO Oliver Blume: \u201eGemeinsam kommen wir im Rennen um die Zukunft schneller voran.\u201c<\/li>\n<\/ul>\n<p><a href=\"http:\/\/tts-freunde.de\/blog\/wp-content\/uploads\/2017\/03\/Audi-TTRS-Vegasyellow.jpg\"><img loading=\"lazy\" decoding=\"async\" data-attachment-id=\"3790\" data-permalink=\"https:\/\/www.tts-freunde.de\/blog\/2017\/03\/20\/audi-hungaria-solide-ergebnisse-im-jahr-2016\/audi-ttrs-vegasyellow\/\" data-orig-file=\"https:\/\/www.tts-freunde.de\/blog\/wp-content\/uploads\/2017\/03\/Audi-TTRS-Vegasyellow.jpg\" data-orig-size=\"1160,774\" data-comments-opened=\"0\" data-image-meta=\"{&quot;aperture&quot;:&quot;0&quot;,&quot;credit&quot;:&quot;&quot;,&quot;camera&quot;:&quot;&quot;,&quot;caption&quot;:&quot;&quot;,&quot;created_timestamp&quot;:&quot;0&quot;,&quot;copyright&quot;:&quot;&quot;,&quot;focal_length&quot;:&quot;0&quot;,&quot;iso&quot;:&quot;0&quot;,&quot;shutter_speed&quot;:&quot;0&quot;,&quot;title&quot;:&quot;&quot;,&quot;orientation&quot;:&quot;0&quot;}\" data-image-title=\"Audi TTRS Vegasyellow\" data-image-description=\"\" data-image-caption=\"\" data-medium-file=\"https:\/\/www.tts-freunde.de\/blog\/wp-content\/uploads\/2017\/03\/Audi-TTRS-Vegasyellow-300x200.jpg\" data-large-file=\"https:\/\/www.tts-freunde.de\/blog\/wp-content\/uploads\/2017\/03\/Audi-TTRS-Vegasyellow-1024x683.jpg\" tabindex=\"0\" role=\"button\" class=\"aligncenter size-full wp-image-3790\" src=\"http:\/\/tts-freunde.de\/blog\/wp-content\/uploads\/2017\/03\/Audi-TTRS-Vegasyellow.jpg\" alt=\"\" width=\"1160\" height=\"774\" srcset=\"https:\/\/www.tts-freunde.de\/blog\/wp-content\/uploads\/2017\/03\/Audi-TTRS-Vegasyellow.jpg 1160w, https:\/\/www.tts-freunde.de\/blog\/wp-content\/uploads\/2017\/03\/Audi-TTRS-Vegasyellow-300x200.jpg 300w, https:\/\/www.tts-freunde.de\/blog\/wp-content\/uploads\/2017\/03\/Audi-TTRS-Vegasyellow-768x512.jpg 768w, https:\/\/www.tts-freunde.de\/blog\/wp-content\/uploads\/2017\/03\/Audi-TTRS-Vegasyellow-1024x683.jpg 1024w, https:\/\/www.tts-freunde.de\/blog\/wp-content\/uploads\/2017\/03\/Audi-TTRS-Vegasyellow-50x33.jpg 50w\" sizes=\"(max-width: 1160px) 100vw, 1160px\" \/><\/a><\/p>\n<div class=\"page-row has-no-item-box\">\n<div id=\"item-299dbd89-ae60-4a7f-90f0-cb5134617186\" class=\"page-item--intro\">\n<div class=\"intro-text\">\n<p>Gr\u00fcnes Licht f\u00fcr die Fahrzeugarchitektur der Zukunft: Rupert Stadler und Oliver Blume, die Vorstandsvorsitzenden der AUDI AG und der Porsche AG, streben eine noch engere Zusammenarbeit an. Ziel der Initiative ist es, die Mobilit\u00e4t von morgen gemeinsam zu gestalten. Durch den effektiven Einsatz von Entwicklungskapazit\u00e4ten soll weiterer Spielraum f\u00fcr die Themen Elektrifizierung, Digitalisierung und autonomes Fahren geschaffen werden. So wird die Wettbewerbsf\u00e4higkeit erh\u00f6ht, um die Chancen f\u00fcr k\u00fcnftige Fahrzeuggenerationen optimal zu nutzen und die Herausforderungen besser zu bew\u00e4ltigen.<\/p>\n<\/div>\n<\/div>\n<\/div>\n<div class=\"page-row has-no-item-box\">\n<div id=\"item-e7af56e3-6d34-471b-9951-5d0c43ad1569\" class=\"page-item--text\">\n<div class=\"style-links-for-body-text\">\n<p>\u201eDie besten K\u00f6pfe aus beiden Unternehmen stellen gemeinsam die technischen Weichen f\u00fcr die Zukunft \u201c, sagt Rupert Stadler, der Vorstandsvorsitzende der AUDI\u00a0AG. \u201eUns verbinden viele gemeinsame Werte, allen voran das Streben nach den besten L\u00f6sungen und den besten Angeboten f\u00fcr unsere Kunden.\u201c<\/p>\n<p>\u201eGemeinsam kommen wir im Rennen um die Mobilit\u00e4t der Zukunft schneller voran. Wir nutzen die Kompetenzen beider Unternehmen und erschlie\u00dfen Synergien\u201c, sagt Oliver Blume, der Vorstandsvorsitzende der Porsche\u00a0AG. \u201eWir arbeiten zusammen, wo es sinnvoll ist. Wir achten aber auch sehr genau auf die Differenzierung zwischen unseren Marken. Ein Porsche ist immer ein Porsche, das wird auch in Zukunft so sein.\u201c<\/p>\n<p>Der Schulterschluss im Volkswagen\u2011Konzern ist nicht neu: Im Bereich der SUV-Baureihen arbeiten Audi, VW und Porsche seit Jahren erfolgreich zusammen. Mit der neuen Entwicklungskooperation stellen sich Porsche und Audi f\u00fcr das n\u00e4chste Jahrzehnt auf. In den kommenden Monaten bereiten unternehmens\u00fcbergreifende Teams die konkrete inhaltliche Zusammenarbeit vor und definieren die Roadmap bis 2025. Inhaltlich geht es um die gemeinsame Entwicklung von Fahrzeugarchitekturen, Modulen und Komponenten. Die Projektarbeit erfolgt in verschiedenen Handlungsfeldern, die von je einem Markenvertreter verantwortet werden.<\/p>\n<\/div>\n<\/div>\n<\/div>\n<\/div>\n<\/div>\n<\/div>\n<\/div>\n<\/div>\n<\/div>\n","protected":false},"excerpt":{"rendered":"<p>Startschuss f\u00fcr wegweisende Entwicklungskooperation Audi CEO Rupert Stadler: \u201eDie besten K\u00f6pfe beider Unternehmen stellen gemeinsam die Weichen der Zukunft.\u201c Porsche CEO Oliver Blume: \u201eGemeinsam kommen wir im Rennen um die Zukunft schneller voran.\u201c Gr\u00fcnes Licht f\u00fcr die Fahrzeugarchitektur der Zukunft: Rupert Stadler und Oliver Blume, die Vorstandsvorsitzenden der AUDI AG [&hellip;]<\/p>\n","protected":false},"author":1,"featured_media":3771,"comment_status":"closed","ping_status":"open","sticky":false,"template":"","format":"standard","meta":{"jetpack_post_was_ever_published":false,"_jetpack_newsletter_access":"","_jetpack_dont_email_post_to_subs":false,"_jetpack_newsletter_tier_id":0,"_jetpack_memberships_contains_paywalled_content":false,"_jetpack_memberships_contains_paid_content":false,"footnotes":"","jetpack_publicize_message":"#Audi und #Porsche b\u00fcndeln Kr\u00e4fte f\u00fcr gemeinsame Fahrzeugarchitektur","jetpack_publicize_feature_enabled":true,"jetpack_social_post_already_shared":true,"jetpack_social_options":{"image_generator_settings":{"template":"highway","enabled":false},"version":2}},"categories":[16],"tags":[20,141],"class_list":["post-3823","post","type-post","status-publish","format-standard","has-post-thumbnail","hentry","category-audi-ag","tag-audi","tag-porsche"],"wppr_data":{"cwp_meta_box_check":"No"},"jetpack_publicize_connections":[],"yoast_head":"<!-- This site is optimized with the Yoast SEO plugin v23.3 - https:\/\/yoast.com\/wordpress\/plugins\/seo\/ -->\n<title>Audi und Porsche b\u00fcndeln Kr\u00e4fte f\u00fcr gemeinsame Fahrzeugarchitektur - Audi Blog<\/title>\n<meta name=\"robots\" content=\"index, follow, max-snippet:-1, max-image-preview:large, max-video-preview:-1\" \/>\n<link rel=\"canonical\" href=\"https:\/\/www.tts-freunde.de\/blog\/2017\/04\/05\/audi-und-porsche-buendeln-kraefte-fuer-gemeinsame-fahrzeugarchitektur\/\" \/>\n<meta property=\"og:locale\" content=\"de_DE\" \/>\n<meta property=\"og:type\" content=\"article\" \/>\n<meta property=\"og:title\" content=\"Audi und Porsche b\u00fcndeln Kr\u00e4fte f\u00fcr gemeinsame Fahrzeugarchitektur - Audi Blog\" \/>\n<meta property=\"og:description\" content=\"Startschuss f\u00fcr wegweisende Entwicklungskooperation Audi CEO Rupert Stadler: \u201eDie besten K\u00f6pfe beider Unternehmen stellen gemeinsam die Weichen der Zukunft.\u201c Porsche CEO Oliver Blume: \u201eGemeinsam kommen wir im Rennen um die Zukunft schneller voran.\u201c Gr\u00fcnes Licht f\u00fcr die Fahrzeugarchitektur der Zukunft: Rupert Stadler und Oliver Blume, die Vorstandsvorsitzenden der AUDI AG [&hellip;]\" \/>\n<meta property=\"og:url\" content=\"https:\/\/www.tts-freunde.de\/blog\/2017\/04\/05\/audi-und-porsche-buendeln-kraefte-fuer-gemeinsame-fahrzeugarchitektur\/\" \/>\n<meta property=\"og:site_name\" content=\"Audi Blog\" \/>\n<meta property=\"article:published_time\" content=\"2017-04-05T19:31:28+00:00\" \/>\n<meta property=\"og:image\" content=\"https:\/\/www.tts-freunde.de\/blog\/wp-content\/uploads\/2017\/03\/Audi-RS-5-Coup\u00e9.jpg\" \/>\n\t<meta property=\"og:image:width\" content=\"1160\" \/>\n\t<meta property=\"og:image:height\" content=\"677\" \/>\n\t<meta property=\"og:image:type\" content=\"image\/jpeg\" \/>\n<meta name=\"author\" content=\"admin\" \/>\n<meta name=\"twitter:card\" content=\"summary_large_image\" \/>\n<meta name=\"twitter:label1\" content=\"Verfasst von\" \/>\n\t<meta name=\"twitter:data1\" content=\"admin\" \/>\n\t<meta name=\"twitter:label2\" content=\"Gesch\u00e4tzte Lesezeit\" \/>\n\t<meta name=\"twitter:data2\" content=\"2\u00a0Minuten\" \/>\n<script type=\"application\/ld+json\" class=\"yoast-schema-graph\">{\"@context\":\"https:\/\/schema.org\",\"@graph\":[{\"@type\":\"Article\",\"@id\":\"https:\/\/www.tts-freunde.de\/blog\/2017\/04\/05\/audi-und-porsche-buendeln-kraefte-fuer-gemeinsame-fahrzeugarchitektur\/#article\",\"isPartOf\":{\"@id\":\"https:\/\/www.tts-freunde.de\/blog\/2017\/04\/05\/audi-und-porsche-buendeln-kraefte-fuer-gemeinsame-fahrzeugarchitektur\/\"},\"author\":{\"name\":\"admin\",\"@id\":\"https:\/\/www.tts-freunde.de\/blog\/#\/schema\/person\/b67f6a54e98f013bd281dbe05514b701\"},\"headline\":\"Audi und Porsche b\u00fcndeln Kr\u00e4fte f\u00fcr gemeinsame Fahrzeugarchitektur\",\"datePublished\":\"2017-04-05T19:31:28+00:00\",\"dateModified\":\"2017-04-05T19:31:28+00:00\",\"mainEntityOfPage\":{\"@id\":\"https:\/\/www.tts-freunde.de\/blog\/2017\/04\/05\/audi-und-porsche-buendeln-kraefte-fuer-gemeinsame-fahrzeugarchitektur\/\"},\"wordCount\":323,\"publisher\":{\"@id\":\"https:\/\/www.tts-freunde.de\/blog\/#organization\"},\"image\":{\"@id\":\"https:\/\/www.tts-freunde.de\/blog\/2017\/04\/05\/audi-und-porsche-buendeln-kraefte-fuer-gemeinsame-fahrzeugarchitektur\/#primaryimage\"},\"thumbnailUrl\":\"https:\/\/www.tts-freunde.de\/blog\/wp-content\/uploads\/2017\/03\/Audi-RS-5-Coup\u00e9.jpg\",\"keywords\":[\"audi\",\"porsche\"],\"articleSection\":[\"Audi AG\"],\"inLanguage\":\"de\"},{\"@type\":\"WebPage\",\"@id\":\"https:\/\/www.tts-freunde.de\/blog\/2017\/04\/05\/audi-und-porsche-buendeln-kraefte-fuer-gemeinsame-fahrzeugarchitektur\/\",\"url\":\"https:\/\/www.tts-freunde.de\/blog\/2017\/04\/05\/audi-und-porsche-buendeln-kraefte-fuer-gemeinsame-fahrzeugarchitektur\/\",\"name\":\"Audi und Porsche b\u00fcndeln Kr\u00e4fte f\u00fcr gemeinsame Fahrzeugarchitektur - Audi Blog\",\"isPartOf\":{\"@id\":\"https:\/\/www.tts-freunde.de\/blog\/#website\"},\"primaryImageOfPage\":{\"@id\":\"https:\/\/www.tts-freunde.de\/blog\/2017\/04\/05\/audi-und-porsche-buendeln-kraefte-fuer-gemeinsame-fahrzeugarchitektur\/#primaryimage\"},\"image\":{\"@id\":\"https:\/\/www.tts-freunde.de\/blog\/2017\/04\/05\/audi-und-porsche-buendeln-kraefte-fuer-gemeinsame-fahrzeugarchitektur\/#primaryimage\"},\"thumbnailUrl\":\"https:\/\/www.tts-freunde.de\/blog\/wp-content\/uploads\/2017\/03\/Audi-RS-5-Coup\u00e9.jpg\",\"datePublished\":\"2017-04-05T19:31:28+00:00\",\"dateModified\":\"2017-04-05T19:31:28+00:00\",\"breadcrumb\":{\"@id\":\"https:\/\/www.tts-freunde.de\/blog\/2017\/04\/05\/audi-und-porsche-buendeln-kraefte-fuer-gemeinsame-fahrzeugarchitektur\/#breadcrumb\"},\"inLanguage\":\"de\",\"potentialAction\":[{\"@type\":\"ReadAction\",\"target\":[\"https:\/\/www.tts-freunde.de\/blog\/2017\/04\/05\/audi-und-porsche-buendeln-kraefte-fuer-gemeinsame-fahrzeugarchitektur\/\"]}]},{\"@type\":\"ImageObject\",\"inLanguage\":\"de\",\"@id\":\"https:\/\/www.tts-freunde.de\/blog\/2017\/04\/05\/audi-und-porsche-buendeln-kraefte-fuer-gemeinsame-fahrzeugarchitektur\/#primaryimage\",\"url\":\"https:\/\/www.tts-freunde.de\/blog\/wp-content\/uploads\/2017\/03\/Audi-RS-5-Coup\u00e9.jpg\",\"contentUrl\":\"https:\/\/www.tts-freunde.de\/blog\/wp-content\/uploads\/2017\/03\/Audi-RS-5-Coup\u00e9.jpg\",\"width\":1160,\"height\":677},{\"@type\":\"BreadcrumbList\",\"@id\":\"https:\/\/www.tts-freunde.de\/blog\/2017\/04\/05\/audi-und-porsche-buendeln-kraefte-fuer-gemeinsame-fahrzeugarchitektur\/#breadcrumb\",\"itemListElement\":[{\"@type\":\"ListItem\",\"position\":1,\"name\":\"Home\",\"item\":\"https:\/\/www.tts-freunde.de\/blog\/\"},{\"@type\":\"ListItem\",\"position\":2,\"name\":\"Audi und Porsche b\u00fcndeln Kr\u00e4fte f\u00fcr gemeinsame Fahrzeugarchitektur\"}]},{\"@type\":\"WebSite\",\"@id\":\"https:\/\/www.tts-freunde.de\/blog\/#website\",\"url\":\"https:\/\/www.tts-freunde.de\/blog\/\",\"name\":\"Audi Blog\",\"description\":\"Deutscher Audi Blog - TTS-Freunde\",\"publisher\":{\"@id\":\"https:\/\/www.tts-freunde.de\/blog\/#organization\"},\"potentialAction\":[{\"@type\":\"SearchAction\",\"target\":{\"@type\":\"EntryPoint\",\"urlTemplate\":\"https:\/\/www.tts-freunde.de\/blog\/?s={search_term_string}\"},\"query-input\":\"required name=search_term_string\"}],\"inLanguage\":\"de\"},{\"@type\":\"Organization\",\"@id\":\"https:\/\/www.tts-freunde.de\/blog\/#organization\",\"name\":\"Audi Blog\",\"url\":\"https:\/\/www.tts-freunde.de\/blog\/\",\"logo\":{\"@type\":\"ImageObject\",\"inLanguage\":\"de\",\"@id\":\"https:\/\/www.tts-freunde.de\/blog\/#\/schema\/logo\/image\/\",\"url\":\"https:\/\/www.tts-freunde.de\/blog\/wp-content\/uploads\/2022\/12\/logo_2022.jpg\",\"contentUrl\":\"https:\/\/www.tts-freunde.de\/blog\/wp-content\/uploads\/2022\/12\/logo_2022.jpg\",\"width\":240,\"height\":41,\"caption\":\"Audi Blog\"},\"image\":{\"@id\":\"https:\/\/www.tts-freunde.de\/blog\/#\/schema\/logo\/image\/\"}},{\"@type\":\"Person\",\"@id\":\"https:\/\/www.tts-freunde.de\/blog\/#\/schema\/person\/b67f6a54e98f013bd281dbe05514b701\",\"name\":\"admin\",\"image\":{\"@type\":\"ImageObject\",\"inLanguage\":\"de\",\"@id\":\"https:\/\/www.tts-freunde.de\/blog\/#\/schema\/person\/image\/\",\"url\":\"https:\/\/secure.gravatar.com\/avatar\/08a4bd330e25056ddb430c28136b38a6?s=96&d=mm&r=g\",\"contentUrl\":\"https:\/\/secure.gravatar.com\/avatar\/08a4bd330e25056ddb430c28136b38a6?s=96&d=mm&r=g\",\"caption\":\"admin\"},\"sameAs\":[\"http:\/\/www.tts-freunde.de\"],\"url\":\"https:\/\/www.tts-freunde.de\/blog\/author\/admin\/\"}]}<\/script>\n<!-- \/ Yoast SEO plugin. -->","yoast_head_json":{"title":"Audi und Porsche b\u00fcndeln Kr\u00e4fte f\u00fcr gemeinsame Fahrzeugarchitektur - Audi Blog","robots":{"index":"index","follow":"follow","max-snippet":"max-snippet:-1","max-image-preview":"max-image-preview:large","max-video-preview":"max-video-preview:-1"},"canonical":"https:\/\/www.tts-freunde.de\/blog\/2017\/04\/05\/audi-und-porsche-buendeln-kraefte-fuer-gemeinsame-fahrzeugarchitektur\/","og_locale":"de_DE","og_type":"article","og_title":"Audi und Porsche b\u00fcndeln Kr\u00e4fte f\u00fcr gemeinsame Fahrzeugarchitektur - Audi Blog","og_description":"Startschuss f\u00fcr wegweisende Entwicklungskooperation Audi CEO Rupert Stadler: \u201eDie besten K\u00f6pfe beider Unternehmen stellen gemeinsam die Weichen der Zukunft.\u201c Porsche CEO Oliver Blume: \u201eGemeinsam kommen wir im Rennen um die Zukunft schneller voran.\u201c Gr\u00fcnes Licht f\u00fcr die Fahrzeugarchitektur der Zukunft: Rupert Stadler und Oliver Blume, die Vorstandsvorsitzenden der AUDI AG [&hellip;]","og_url":"https:\/\/www.tts-freunde.de\/blog\/2017\/04\/05\/audi-und-porsche-buendeln-kraefte-fuer-gemeinsame-fahrzeugarchitektur\/","og_site_name":"Audi Blog","article_published_time":"2017-04-05T19:31:28+00:00","og_image":[{"width":1160,"height":677,"url":"https:\/\/www.tts-freunde.de\/blog\/wp-content\/uploads\/2017\/03\/Audi-RS-5-Coup\u00e9.jpg","type":"image\/jpeg"}],"author":"admin","twitter_card":"summary_large_image","twitter_misc":{"Verfasst von":"admin","Gesch\u00e4tzte Lesezeit":"2\u00a0Minuten"},"schema":{"@context":"https:\/\/schema.org","@graph":[{"@type":"Article","@id":"https:\/\/www.tts-freunde.de\/blog\/2017\/04\/05\/audi-und-porsche-buendeln-kraefte-fuer-gemeinsame-fahrzeugarchitektur\/#article","isPartOf":{"@id":"https:\/\/www.tts-freunde.de\/blog\/2017\/04\/05\/audi-und-porsche-buendeln-kraefte-fuer-gemeinsame-fahrzeugarchitektur\/"},"author":{"name":"admin","@id":"https:\/\/www.tts-freunde.de\/blog\/#\/schema\/person\/b67f6a54e98f013bd281dbe05514b701"},"headline":"Audi und Porsche b\u00fcndeln Kr\u00e4fte f\u00fcr gemeinsame Fahrzeugarchitektur","datePublished":"2017-04-05T19:31:28+00:00","dateModified":"2017-04-05T19:31:28+00:00","mainEntityOfPage":{"@id":"https:\/\/www.tts-freunde.de\/blog\/2017\/04\/05\/audi-und-porsche-buendeln-kraefte-fuer-gemeinsame-fahrzeugarchitektur\/"},"wordCount":323,"publisher":{"@id":"https:\/\/www.tts-freunde.de\/blog\/#organization"},"image":{"@id":"https:\/\/www.tts-freunde.de\/blog\/2017\/04\/05\/audi-und-porsche-buendeln-kraefte-fuer-gemeinsame-fahrzeugarchitektur\/#primaryimage"},"thumbnailUrl":"https:\/\/www.tts-freunde.de\/blog\/wp-content\/uploads\/2017\/03\/Audi-RS-5-Coup\u00e9.jpg","keywords":["audi","porsche"],"articleSection":["Audi AG"],"inLanguage":"de"},{"@type":"WebPage","@id":"https:\/\/www.tts-freunde.de\/blog\/2017\/04\/05\/audi-und-porsche-buendeln-kraefte-fuer-gemeinsame-fahrzeugarchitektur\/","url":"https:\/\/www.tts-freunde.de\/blog\/2017\/04\/05\/audi-und-porsche-buendeln-kraefte-fuer-gemeinsame-fahrzeugarchitektur\/","name":"Audi und Porsche b\u00fcndeln Kr\u00e4fte f\u00fcr gemeinsame Fahrzeugarchitektur - Audi Blog","isPartOf":{"@id":"https:\/\/www.tts-freunde.de\/blog\/#website"},"primaryImageOfPage":{"@id":"https:\/\/www.tts-freunde.de\/blog\/2017\/04\/05\/audi-und-porsche-buendeln-kraefte-fuer-gemeinsame-fahrzeugarchitektur\/#primaryimage"},"image":{"@id":"https:\/\/www.tts-freunde.de\/blog\/2017\/04\/05\/audi-und-porsche-buendeln-kraefte-fuer-gemeinsame-fahrzeugarchitektur\/#primaryimage"},"thumbnailUrl":"https:\/\/www.tts-freunde.de\/blog\/wp-content\/uploads\/2017\/03\/Audi-RS-5-Coup\u00e9.jpg","datePublished":"2017-04-05T19:31:28+00:00","dateModified":"2017-04-05T19:31:28+00:00","breadcrumb":{"@id":"https:\/\/www.tts-freunde.de\/blog\/2017\/04\/05\/audi-und-porsche-buendeln-kraefte-fuer-gemeinsame-fahrzeugarchitektur\/#breadcrumb"},"inLanguage":"de","potentialAction":[{"@type":"ReadAction","target":["https:\/\/www.tts-freunde.de\/blog\/2017\/04\/05\/audi-und-porsche-buendeln-kraefte-fuer-gemeinsame-fahrzeugarchitektur\/"]}]},{"@type":"ImageObject","inLanguage":"de","@id":"https:\/\/www.tts-freunde.de\/blog\/2017\/04\/05\/audi-und-porsche-buendeln-kraefte-fuer-gemeinsame-fahrzeugarchitektur\/#primaryimage","url":"https:\/\/www.tts-freunde.de\/blog\/wp-content\/uploads\/2017\/03\/Audi-RS-5-Coup\u00e9.jpg","contentUrl":"https:\/\/www.tts-freunde.de\/blog\/wp-content\/uploads\/2017\/03\/Audi-RS-5-Coup\u00e9.jpg","width":1160,"height":677},{"@type":"BreadcrumbList","@id":"https:\/\/www.tts-freunde.de\/blog\/2017\/04\/05\/audi-und-porsche-buendeln-kraefte-fuer-gemeinsame-fahrzeugarchitektur\/#breadcrumb","itemListElement":[{"@type":"ListItem","position":1,"name":"Home","item":"https:\/\/www.tts-freunde.de\/blog\/"},{"@type":"ListItem","position":2,"name":"Audi und Porsche b\u00fcndeln Kr\u00e4fte f\u00fcr gemeinsame Fahrzeugarchitektur"}]},{"@type":"WebSite","@id":"https:\/\/www.tts-freunde.de\/blog\/#website","url":"https:\/\/www.tts-freunde.de\/blog\/","name":"Audi Blog","description":"Deutscher Audi Blog - TTS-Freunde","publisher":{"@id":"https:\/\/www.tts-freunde.de\/blog\/#organization"},"potentialAction":[{"@type":"SearchAction","target":{"@type":"EntryPoint","urlTemplate":"https:\/\/www.tts-freunde.de\/blog\/?s={search_term_string}"},"query-input":"required name=search_term_string"}],"inLanguage":"de"},{"@type":"Organization","@id":"https:\/\/www.tts-freunde.de\/blog\/#organization","name":"Audi Blog","url":"https:\/\/www.tts-freunde.de\/blog\/","logo":{"@type":"ImageObject","inLanguage":"de","@id":"https:\/\/www.tts-freunde.de\/blog\/#\/schema\/logo\/image\/","url":"https:\/\/www.tts-freunde.de\/blog\/wp-content\/uploads\/2022\/12\/logo_2022.jpg","contentUrl":"https:\/\/www.tts-freunde.de\/blog\/wp-content\/uploads\/2022\/12\/logo_2022.jpg","width":240,"height":41,"caption":"Audi Blog"},"image":{"@id":"https:\/\/www.tts-freunde.de\/blog\/#\/schema\/logo\/image\/"}},{"@type":"Person","@id":"https:\/\/www.tts-freunde.de\/blog\/#\/schema\/person\/b67f6a54e98f013bd281dbe05514b701","name":"admin","image":{"@type":"ImageObject","inLanguage":"de","@id":"https:\/\/www.tts-freunde.de\/blog\/#\/schema\/person\/image\/","url":"https:\/\/secure.gravatar.com\/avatar\/08a4bd330e25056ddb430c28136b38a6?s=96&d=mm&r=g","contentUrl":"https:\/\/secure.gravatar.com\/avatar\/08a4bd330e25056ddb430c28136b38a6?s=96&d=mm&r=g","caption":"admin"},"sameAs":["http:\/\/www.tts-freunde.de"],"url":"https:\/\/www.tts-freunde.de\/blog\/author\/admin\/"}]}},"jetpack_sharing_enabled":true,"jetpack_featured_media_url":"https:\/\/www.tts-freunde.de\/blog\/wp-content\/uploads\/2017\/03\/Audi-RS-5-Coup\u00e9.jpg","jetpack_shortlink":"https:\/\/wp.me\/p67hWW-ZF","jetpack_likes_enabled":false,"jetpack-related-posts":[],"_links":{"self":[{"href":"https:\/\/www.tts-freunde.de\/blog\/wp-json\/wp\/v2\/posts\/3823"}],"collection":[{"href":"https:\/\/www.tts-freunde.de\/blog\/wp-json\/wp\/v2\/posts"}],"about":[{"href":"https:\/\/www.tts-freunde.de\/blog\/wp-json\/wp\/v2\/types\/post"}],"author":[{"embeddable":true,"href":"https:\/\/www.tts-freunde.de\/blog\/wp-json\/wp\/v2\/users\/1"}],"replies":[{"embeddable":true,"href":"https:\/\/www.tts-freunde.de\/blog\/wp-json\/wp\/v2\/comments?post=3823"}],"version-history":[{"count":1,"href":"https:\/\/www.tts-freunde.de\/blog\/wp-json\/wp\/v2\/posts\/3823\/revisions"}],"predecessor-version":[{"id":3824,"href":"https:\/\/www.tts-freunde.de\/blog\/wp-json\/wp\/v2\/posts\/3823\/revisions\/3824"}],"wp:featuredmedia":[{"embeddable":true,"href":"https:\/\/www.tts-freunde.de\/blog\/wp-json\/wp\/v2\/media\/3771"}],"wp:attachment":[{"href":"https:\/\/www.tts-freunde.de\/blog\/wp-json\/wp\/v2\/media?parent=3823"}],"wp:term":[{"taxonomy":"category","embeddable":true,"href":"https:\/\/www.tts-freunde.de\/blog\/wp-json\/wp\/v2\/categories?post=3823"},{"taxonomy":"post_tag","embeddable":true,"href":"https:\/\/www.tts-freunde.de\/blog\/wp-json\/wp\/v2\/tags?post=3823"}],"curies":[{"name":"wp","href":"https:\/\/api.w.org\/{rel}","templated":true}]}}