{"id":3933,"date":"2017-05-18T06:00:10","date_gmt":"2017-05-18T04:00:10","guid":{"rendered":"http:\/\/tts-freunde.de\/blog\/?p=3933"},"modified":"2017-05-17T21:27:20","modified_gmt":"2017-05-17T19:27:20","slug":"audi-aufsichtsrat-bestellt-ceo-rupert-stadler-fuer-weitere-fuenf-jahre","status":"publish","type":"post","link":"https:\/\/www.tts-freunde.de\/blog\/2017\/05\/18\/audi-aufsichtsrat-bestellt-ceo-rupert-stadler-fuer-weitere-fuenf-jahre\/","title":{"rendered":"Audi-Aufsichtsrat bestellt CEO Rupert Stadler f\u00fcr weitere f\u00fcnf Jahre"},"content":{"rendered":"<div class=\"page-row has-no-item-box\">\n<div id=\"item-c5136718-9ad1-4d48-a5c3-d88d9c8d8cc1\" class=\"page-item--intro\">\n<div class=\"intro-text\">\n<p>Der Aufsichtsrat der AUDI AG hat den Vorstandsvorsitzenden Rupert Stadler in seiner ordentlichen Sitzung an diesem Mittwoch f\u00fcr weitere f\u00fcnf Jahre im Amt best\u00e4tigt. Au\u00dferdem beschloss der Aufsichtsrat, den Verantwortungsbereich Integrit\u00e4t aufzuwerten und auszubauen. Der Chief Compliance Officer berichtet k\u00fcnftig direkt an Finanzvorstand Axel Strotbek.<\/p>\n<\/div>\n<\/div>\n<\/div>\n<div class=\"page-row has-no-item-box\">\n<div id=\"item-40ec527d-b691-4b24-9b5b-f7582f1db06c\" class=\"page-item--text\">\n<div class=\"style-links-for-body-text\">\n<p>Dazu der Aufsichtsratsvorsitzende der AUDI\u00a0AG und Vorstandsvorsitzende der Volkswagen\u00a0AG, Matthias\u00a0M\u00fcller: \u201eDer Aufsichtsrat dr\u00fcckt Herrn Stadler mit seinem einstimmigen Votum erneut das Vertrauen aus, Audi auch weiter erfolgreich zu entwickeln.\u201c<\/p>\n<p>Peter Mosch, Gesamtbetriebsratsvorsitzender der AUDI AG und Mitglied des Pr\u00e4sidiums des Aufsichtsrates: \u201eWir Arbeitnehmer kn\u00fcpfen ganz klare Bedingungen an diese Vertragsverl\u00e4ngerung. Rupert Stadler muss die Besch\u00e4ftigung an unseren deutschen Standorten langfristig sichern, f\u00fcr Auslastung unserer Werke sorgen und Technologien konsequent vorantreiben, die unserem Unternehmen eine erfolgreiche Zukunft garantieren.\u201c<\/p>\n<p>Au\u00dferdem beschloss das Aufsichtsgremium, den Gesch\u00e4ftsbereich von Finanzvorstand Axel Strotbek mit sofortiger Wirkung um das Thema Integrit\u00e4t zu erweitern. Der Gesch\u00e4ftsbereich hei\u00dft nun Finanz, IT und Integrit\u00e4t. Im Zuge der Neuausrichtung des Konzerns berichtet der Chief Compliance Officer an Strotbek und damit direkt an ein Vorstandsmitglied.<\/p>\n<p>[instagram-feed]<\/p>\n<\/div>\n<\/div>\n<\/div>\n","protected":false},"excerpt":{"rendered":"<p>Der Aufsichtsrat der AUDI AG hat den Vorstandsvorsitzenden Rupert Stadler in seiner ordentlichen Sitzung an diesem Mittwoch f\u00fcr weitere f\u00fcnf Jahre im Amt best\u00e4tigt. Au\u00dferdem beschloss der Aufsichtsrat, den Verantwortungsbereich Integrit\u00e4t aufzuwerten und auszubauen. Der Chief Compliance Officer berichtet k\u00fcnftig direkt an Finanzvorstand Axel Strotbek. Dazu der Aufsichtsratsvorsitzende der AUDI\u00a0AG [&hellip;]<\/p>\n","protected":false},"author":1,"featured_media":3913,"comment_status":"closed","ping_status":"open","sticky":false,"template":"","format":"standard","meta":{"jetpack_post_was_ever_published":false,"_jetpack_newsletter_access":"","_jetpack_dont_email_post_to_subs":false,"_jetpack_newsletter_tier_id":0,"_jetpack_memberships_contains_paywalled_content":false,"_jetpack_memberships_contains_paid_content":false,"footnotes":"","jetpack_publicize_message":"Audi-Aufsichtsrat bestellt CEO Rupert Stadler f\u00fcr weitere f\u00fcnf Jahre #audi","jetpack_publicize_feature_enabled":true,"jetpack_social_post_already_shared":true,"jetpack_social_options":{"image_generator_settings":{"template":"highway","enabled":false},"version":2}},"categories":[16],"tags":[278],"class_list":["post-3933","post","type-post","status-publish","format-standard","has-post-thumbnail","hentry","category-audi-ag","tag-rupert-stadler"],"wppr_data":{"cwp_meta_box_check":"No"},"jetpack_publicize_connections":[],"yoast_head":"<!-- This site is optimized with the Yoast SEO plugin v23.3 - https:\/\/yoast.com\/wordpress\/plugins\/seo\/ -->\n<title>Audi-Aufsichtsrat bestellt CEO Rupert Stadler f\u00fcr weitere f\u00fcnf Jahre - Audi Blog<\/title>\n<meta name=\"robots\" content=\"index, follow, max-snippet:-1, max-image-preview:large, max-video-preview:-1\" \/>\n<link rel=\"canonical\" href=\"https:\/\/www.tts-freunde.de\/blog\/2017\/05\/18\/audi-aufsichtsrat-bestellt-ceo-rupert-stadler-fuer-weitere-fuenf-jahre\/\" \/>\n<meta property=\"og:locale\" content=\"de_DE\" \/>\n<meta property=\"og:type\" content=\"article\" \/>\n<meta property=\"og:title\" content=\"Audi-Aufsichtsrat bestellt CEO Rupert Stadler f\u00fcr weitere f\u00fcnf Jahre - Audi Blog\" \/>\n<meta property=\"og:description\" content=\"Der Aufsichtsrat der AUDI AG hat den Vorstandsvorsitzenden Rupert Stadler in seiner ordentlichen Sitzung an diesem Mittwoch f\u00fcr weitere f\u00fcnf Jahre im Amt best\u00e4tigt. Au\u00dferdem beschloss der Aufsichtsrat, den Verantwortungsbereich Integrit\u00e4t aufzuwerten und auszubauen. Der Chief Compliance Officer berichtet k\u00fcnftig direkt an Finanzvorstand Axel Strotbek. Dazu der Aufsichtsratsvorsitzende der AUDI\u00a0AG [&hellip;]\" \/>\n<meta property=\"og:url\" content=\"https:\/\/www.tts-freunde.de\/blog\/2017\/05\/18\/audi-aufsichtsrat-bestellt-ceo-rupert-stadler-fuer-weitere-fuenf-jahre\/\" \/>\n<meta property=\"og:site_name\" content=\"Audi Blog\" \/>\n<meta property=\"article:published_time\" content=\"2017-05-18T04:00:10+00:00\" \/>\n<meta property=\"article:modified_time\" content=\"2017-05-17T19:27:20+00:00\" \/>\n<meta property=\"og:image\" content=\"https:\/\/www.tts-freunde.de\/blog\/wp-content\/uploads\/2017\/05\/Fahrzeugauslieferung-in-Ingolstadt.jpg\" \/>\n\t<meta property=\"og:image:width\" content=\"1160\" \/>\n\t<meta property=\"og:image:height\" content=\"774\" \/>\n\t<meta property=\"og:image:type\" content=\"image\/jpeg\" \/>\n<meta name=\"author\" content=\"admin\" \/>\n<meta name=\"twitter:card\" content=\"summary_large_image\" \/>\n<meta name=\"twitter:label1\" content=\"Verfasst von\" \/>\n\t<meta name=\"twitter:data1\" content=\"admin\" \/>\n\t<meta name=\"twitter:label2\" content=\"Gesch\u00e4tzte Lesezeit\" \/>\n\t<meta name=\"twitter:data2\" content=\"1\u00a0Minute\" \/>\n<script type=\"application\/ld+json\" class=\"yoast-schema-graph\">{\"@context\":\"https:\/\/schema.org\",\"@graph\":[{\"@type\":\"Article\",\"@id\":\"https:\/\/www.tts-freunde.de\/blog\/2017\/05\/18\/audi-aufsichtsrat-bestellt-ceo-rupert-stadler-fuer-weitere-fuenf-jahre\/#article\",\"isPartOf\":{\"@id\":\"https:\/\/www.tts-freunde.de\/blog\/2017\/05\/18\/audi-aufsichtsrat-bestellt-ceo-rupert-stadler-fuer-weitere-fuenf-jahre\/\"},\"author\":{\"name\":\"admin\",\"@id\":\"https:\/\/www.tts-freunde.de\/blog\/#\/schema\/person\/b67f6a54e98f013bd281dbe05514b701\"},\"headline\":\"Audi-Aufsichtsrat bestellt CEO Rupert Stadler f\u00fcr weitere f\u00fcnf Jahre\",\"datePublished\":\"2017-05-18T04:00:10+00:00\",\"dateModified\":\"2017-05-17T19:27:20+00:00\",\"mainEntityOfPage\":{\"@id\":\"https:\/\/www.tts-freunde.de\/blog\/2017\/05\/18\/audi-aufsichtsrat-bestellt-ceo-rupert-stadler-fuer-weitere-fuenf-jahre\/\"},\"wordCount\":202,\"publisher\":{\"@id\":\"https:\/\/www.tts-freunde.de\/blog\/#organization\"},\"image\":{\"@id\":\"https:\/\/www.tts-freunde.de\/blog\/2017\/05\/18\/audi-aufsichtsrat-bestellt-ceo-rupert-stadler-fuer-weitere-fuenf-jahre\/#primaryimage\"},\"thumbnailUrl\":\"https:\/\/www.tts-freunde.de\/blog\/wp-content\/uploads\/2017\/05\/Fahrzeugauslieferung-in-Ingolstadt.jpg\",\"keywords\":[\"Rupert Stadler\"],\"articleSection\":[\"Audi AG\"],\"inLanguage\":\"de\"},{\"@type\":\"WebPage\",\"@id\":\"https:\/\/www.tts-freunde.de\/blog\/2017\/05\/18\/audi-aufsichtsrat-bestellt-ceo-rupert-stadler-fuer-weitere-fuenf-jahre\/\",\"url\":\"https:\/\/www.tts-freunde.de\/blog\/2017\/05\/18\/audi-aufsichtsrat-bestellt-ceo-rupert-stadler-fuer-weitere-fuenf-jahre\/\",\"name\":\"Audi-Aufsichtsrat bestellt CEO Rupert Stadler f\u00fcr weitere f\u00fcnf Jahre - Audi Blog\",\"isPartOf\":{\"@id\":\"https:\/\/www.tts-freunde.de\/blog\/#website\"},\"primaryImageOfPage\":{\"@id\":\"https:\/\/www.tts-freunde.de\/blog\/2017\/05\/18\/audi-aufsichtsrat-bestellt-ceo-rupert-stadler-fuer-weitere-fuenf-jahre\/#primaryimage\"},\"image\":{\"@id\":\"https:\/\/www.tts-freunde.de\/blog\/2017\/05\/18\/audi-aufsichtsrat-bestellt-ceo-rupert-stadler-fuer-weitere-fuenf-jahre\/#primaryimage\"},\"thumbnailUrl\":\"https:\/\/www.tts-freunde.de\/blog\/wp-content\/uploads\/2017\/05\/Fahrzeugauslieferung-in-Ingolstadt.jpg\",\"datePublished\":\"2017-05-18T04:00:10+00:00\",\"dateModified\":\"2017-05-17T19:27:20+00:00\",\"breadcrumb\":{\"@id\":\"https:\/\/www.tts-freunde.de\/blog\/2017\/05\/18\/audi-aufsichtsrat-bestellt-ceo-rupert-stadler-fuer-weitere-fuenf-jahre\/#breadcrumb\"},\"inLanguage\":\"de\",\"potentialAction\":[{\"@type\":\"ReadAction\",\"target\":[\"https:\/\/www.tts-freunde.de\/blog\/2017\/05\/18\/audi-aufsichtsrat-bestellt-ceo-rupert-stadler-fuer-weitere-fuenf-jahre\/\"]}]},{\"@type\":\"ImageObject\",\"inLanguage\":\"de\",\"@id\":\"https:\/\/www.tts-freunde.de\/blog\/2017\/05\/18\/audi-aufsichtsrat-bestellt-ceo-rupert-stadler-fuer-weitere-fuenf-jahre\/#primaryimage\",\"url\":\"https:\/\/www.tts-freunde.de\/blog\/wp-content\/uploads\/2017\/05\/Fahrzeugauslieferung-in-Ingolstadt.jpg\",\"contentUrl\":\"https:\/\/www.tts-freunde.de\/blog\/wp-content\/uploads\/2017\/05\/Fahrzeugauslieferung-in-Ingolstadt.jpg\",\"width\":1160,\"height\":774,\"caption\":\"Fahrzeugauslieferung in Ingolstadt\"},{\"@type\":\"BreadcrumbList\",\"@id\":\"https:\/\/www.tts-freunde.de\/blog\/2017\/05\/18\/audi-aufsichtsrat-bestellt-ceo-rupert-stadler-fuer-weitere-fuenf-jahre\/#breadcrumb\",\"itemListElement\":[{\"@type\":\"ListItem\",\"position\":1,\"name\":\"Home\",\"item\":\"https:\/\/www.tts-freunde.de\/blog\/\"},{\"@type\":\"ListItem\",\"position\":2,\"name\":\"Audi-Aufsichtsrat bestellt CEO Rupert Stadler f\u00fcr weitere f\u00fcnf Jahre\"}]},{\"@type\":\"WebSite\",\"@id\":\"https:\/\/www.tts-freunde.de\/blog\/#website\",\"url\":\"https:\/\/www.tts-freunde.de\/blog\/\",\"name\":\"Audi Blog\",\"description\":\"Deutscher Audi Blog - TTS-Freunde\",\"publisher\":{\"@id\":\"https:\/\/www.tts-freunde.de\/blog\/#organization\"},\"potentialAction\":[{\"@type\":\"SearchAction\",\"target\":{\"@type\":\"EntryPoint\",\"urlTemplate\":\"https:\/\/www.tts-freunde.de\/blog\/?s={search_term_string}\"},\"query-input\":\"required name=search_term_string\"}],\"inLanguage\":\"de\"},{\"@type\":\"Organization\",\"@id\":\"https:\/\/www.tts-freunde.de\/blog\/#organization\",\"name\":\"Audi Blog\",\"url\":\"https:\/\/www.tts-freunde.de\/blog\/\",\"logo\":{\"@type\":\"ImageObject\",\"inLanguage\":\"de\",\"@id\":\"https:\/\/www.tts-freunde.de\/blog\/#\/schema\/logo\/image\/\",\"url\":\"https:\/\/www.tts-freunde.de\/blog\/wp-content\/uploads\/2022\/12\/logo_2022.jpg\",\"contentUrl\":\"https:\/\/www.tts-freunde.de\/blog\/wp-content\/uploads\/2022\/12\/logo_2022.jpg\",\"width\":240,\"height\":41,\"caption\":\"Audi Blog\"},\"image\":{\"@id\":\"https:\/\/www.tts-freunde.de\/blog\/#\/schema\/logo\/image\/\"}},{\"@type\":\"Person\",\"@id\":\"https:\/\/www.tts-freunde.de\/blog\/#\/schema\/person\/b67f6a54e98f013bd281dbe05514b701\",\"name\":\"admin\",\"image\":{\"@type\":\"ImageObject\",\"inLanguage\":\"de\",\"@id\":\"https:\/\/www.tts-freunde.de\/blog\/#\/schema\/person\/image\/\",\"url\":\"https:\/\/secure.gravatar.com\/avatar\/08a4bd330e25056ddb430c28136b38a6?s=96&d=mm&r=g\",\"contentUrl\":\"https:\/\/secure.gravatar.com\/avatar\/08a4bd330e25056ddb430c28136b38a6?s=96&d=mm&r=g\",\"caption\":\"admin\"},\"sameAs\":[\"http:\/\/www.tts-freunde.de\"],\"url\":\"https:\/\/www.tts-freunde.de\/blog\/author\/admin\/\"}]}<\/script>\n<!-- \/ Yoast SEO plugin. -->","yoast_head_json":{"title":"Audi-Aufsichtsrat bestellt CEO Rupert Stadler f\u00fcr weitere f\u00fcnf Jahre - Audi Blog","robots":{"index":"index","follow":"follow","max-snippet":"max-snippet:-1","max-image-preview":"max-image-preview:large","max-video-preview":"max-video-preview:-1"},"canonical":"https:\/\/www.tts-freunde.de\/blog\/2017\/05\/18\/audi-aufsichtsrat-bestellt-ceo-rupert-stadler-fuer-weitere-fuenf-jahre\/","og_locale":"de_DE","og_type":"article","og_title":"Audi-Aufsichtsrat bestellt CEO Rupert Stadler f\u00fcr weitere f\u00fcnf Jahre - Audi Blog","og_description":"Der Aufsichtsrat der AUDI AG hat den Vorstandsvorsitzenden Rupert Stadler in seiner ordentlichen Sitzung an diesem Mittwoch f\u00fcr weitere f\u00fcnf Jahre im Amt best\u00e4tigt. Au\u00dferdem beschloss der Aufsichtsrat, den Verantwortungsbereich Integrit\u00e4t aufzuwerten und auszubauen. Der Chief Compliance Officer berichtet k\u00fcnftig direkt an Finanzvorstand Axel Strotbek. Dazu der Aufsichtsratsvorsitzende der AUDI\u00a0AG [&hellip;]","og_url":"https:\/\/www.tts-freunde.de\/blog\/2017\/05\/18\/audi-aufsichtsrat-bestellt-ceo-rupert-stadler-fuer-weitere-fuenf-jahre\/","og_site_name":"Audi Blog","article_published_time":"2017-05-18T04:00:10+00:00","article_modified_time":"2017-05-17T19:27:20+00:00","og_image":[{"width":1160,"height":774,"url":"https:\/\/www.tts-freunde.de\/blog\/wp-content\/uploads\/2017\/05\/Fahrzeugauslieferung-in-Ingolstadt.jpg","type":"image\/jpeg"}],"author":"admin","twitter_card":"summary_large_image","twitter_misc":{"Verfasst von":"admin","Gesch\u00e4tzte Lesezeit":"1\u00a0Minute"},"schema":{"@context":"https:\/\/schema.org","@graph":[{"@type":"Article","@id":"https:\/\/www.tts-freunde.de\/blog\/2017\/05\/18\/audi-aufsichtsrat-bestellt-ceo-rupert-stadler-fuer-weitere-fuenf-jahre\/#article","isPartOf":{"@id":"https:\/\/www.tts-freunde.de\/blog\/2017\/05\/18\/audi-aufsichtsrat-bestellt-ceo-rupert-stadler-fuer-weitere-fuenf-jahre\/"},"author":{"name":"admin","@id":"https:\/\/www.tts-freunde.de\/blog\/#\/schema\/person\/b67f6a54e98f013bd281dbe05514b701"},"headline":"Audi-Aufsichtsrat bestellt CEO Rupert Stadler f\u00fcr weitere f\u00fcnf Jahre","datePublished":"2017-05-18T04:00:10+00:00","dateModified":"2017-05-17T19:27:20+00:00","mainEntityOfPage":{"@id":"https:\/\/www.tts-freunde.de\/blog\/2017\/05\/18\/audi-aufsichtsrat-bestellt-ceo-rupert-stadler-fuer-weitere-fuenf-jahre\/"},"wordCount":202,"publisher":{"@id":"https:\/\/www.tts-freunde.de\/blog\/#organization"},"image":{"@id":"https:\/\/www.tts-freunde.de\/blog\/2017\/05\/18\/audi-aufsichtsrat-bestellt-ceo-rupert-stadler-fuer-weitere-fuenf-jahre\/#primaryimage"},"thumbnailUrl":"https:\/\/www.tts-freunde.de\/blog\/wp-content\/uploads\/2017\/05\/Fahrzeugauslieferung-in-Ingolstadt.jpg","keywords":["Rupert Stadler"],"articleSection":["Audi AG"],"inLanguage":"de"},{"@type":"WebPage","@id":"https:\/\/www.tts-freunde.de\/blog\/2017\/05\/18\/audi-aufsichtsrat-bestellt-ceo-rupert-stadler-fuer-weitere-fuenf-jahre\/","url":"https:\/\/www.tts-freunde.de\/blog\/2017\/05\/18\/audi-aufsichtsrat-bestellt-ceo-rupert-stadler-fuer-weitere-fuenf-jahre\/","name":"Audi-Aufsichtsrat bestellt CEO Rupert Stadler f\u00fcr weitere f\u00fcnf Jahre - Audi Blog","isPartOf":{"@id":"https:\/\/www.tts-freunde.de\/blog\/#website"},"primaryImageOfPage":{"@id":"https:\/\/www.tts-freunde.de\/blog\/2017\/05\/18\/audi-aufsichtsrat-bestellt-ceo-rupert-stadler-fuer-weitere-fuenf-jahre\/#primaryimage"},"image":{"@id":"https:\/\/www.tts-freunde.de\/blog\/2017\/05\/18\/audi-aufsichtsrat-bestellt-ceo-rupert-stadler-fuer-weitere-fuenf-jahre\/#primaryimage"},"thumbnailUrl":"https:\/\/www.tts-freunde.de\/blog\/wp-content\/uploads\/2017\/05\/Fahrzeugauslieferung-in-Ingolstadt.jpg","datePublished":"2017-05-18T04:00:10+00:00","dateModified":"2017-05-17T19:27:20+00:00","breadcrumb":{"@id":"https:\/\/www.tts-freunde.de\/blog\/2017\/05\/18\/audi-aufsichtsrat-bestellt-ceo-rupert-stadler-fuer-weitere-fuenf-jahre\/#breadcrumb"},"inLanguage":"de","potentialAction":[{"@type":"ReadAction","target":["https:\/\/www.tts-freunde.de\/blog\/2017\/05\/18\/audi-aufsichtsrat-bestellt-ceo-rupert-stadler-fuer-weitere-fuenf-jahre\/"]}]},{"@type":"ImageObject","inLanguage":"de","@id":"https:\/\/www.tts-freunde.de\/blog\/2017\/05\/18\/audi-aufsichtsrat-bestellt-ceo-rupert-stadler-fuer-weitere-fuenf-jahre\/#primaryimage","url":"https:\/\/www.tts-freunde.de\/blog\/wp-content\/uploads\/2017\/05\/Fahrzeugauslieferung-in-Ingolstadt.jpg","contentUrl":"https:\/\/www.tts-freunde.de\/blog\/wp-content\/uploads\/2017\/05\/Fahrzeugauslieferung-in-Ingolstadt.jpg","width":1160,"height":774,"caption":"Fahrzeugauslieferung in Ingolstadt"},{"@type":"BreadcrumbList","@id":"https:\/\/www.tts-freunde.de\/blog\/2017\/05\/18\/audi-aufsichtsrat-bestellt-ceo-rupert-stadler-fuer-weitere-fuenf-jahre\/#breadcrumb","itemListElement":[{"@type":"ListItem","position":1,"name":"Home","item":"https:\/\/www.tts-freunde.de\/blog\/"},{"@type":"ListItem","position":2,"name":"Audi-Aufsichtsrat bestellt CEO Rupert Stadler f\u00fcr weitere f\u00fcnf Jahre"}]},{"@type":"WebSite","@id":"https:\/\/www.tts-freunde.de\/blog\/#website","url":"https:\/\/www.tts-freunde.de\/blog\/","name":"Audi Blog","description":"Deutscher Audi Blog - TTS-Freunde","publisher":{"@id":"https:\/\/www.tts-freunde.de\/blog\/#organization"},"potentialAction":[{"@type":"SearchAction","target":{"@type":"EntryPoint","urlTemplate":"https:\/\/www.tts-freunde.de\/blog\/?s={search_term_string}"},"query-input":"required name=search_term_string"}],"inLanguage":"de"},{"@type":"Organization","@id":"https:\/\/www.tts-freunde.de\/blog\/#organization","name":"Audi Blog","url":"https:\/\/www.tts-freunde.de\/blog\/","logo":{"@type":"ImageObject","inLanguage":"de","@id":"https:\/\/www.tts-freunde.de\/blog\/#\/schema\/logo\/image\/","url":"https:\/\/www.tts-freunde.de\/blog\/wp-content\/uploads\/2022\/12\/logo_2022.jpg","contentUrl":"https:\/\/www.tts-freunde.de\/blog\/wp-content\/uploads\/2022\/12\/logo_2022.jpg","width":240,"height":41,"caption":"Audi Blog"},"image":{"@id":"https:\/\/www.tts-freunde.de\/blog\/#\/schema\/logo\/image\/"}},{"@type":"Person","@id":"https:\/\/www.tts-freunde.de\/blog\/#\/schema\/person\/b67f6a54e98f013bd281dbe05514b701","name":"admin","image":{"@type":"ImageObject","inLanguage":"de","@id":"https:\/\/www.tts-freunde.de\/blog\/#\/schema\/person\/image\/","url":"https:\/\/secure.gravatar.com\/avatar\/08a4bd330e25056ddb430c28136b38a6?s=96&d=mm&r=g","contentUrl":"https:\/\/secure.gravatar.com\/avatar\/08a4bd330e25056ddb430c28136b38a6?s=96&d=mm&r=g","caption":"admin"},"sameAs":["http:\/\/www.tts-freunde.de"],"url":"https:\/\/www.tts-freunde.de\/blog\/author\/admin\/"}]}},"jetpack_sharing_enabled":true,"jetpack_featured_media_url":"https:\/\/www.tts-freunde.de\/blog\/wp-content\/uploads\/2017\/05\/Fahrzeugauslieferung-in-Ingolstadt.jpg","jetpack_shortlink":"https:\/\/wp.me\/p67hWW-11r","jetpack_likes_enabled":false,"jetpack-related-posts":[],"_links":{"self":[{"href":"https:\/\/www.tts-freunde.de\/blog\/wp-json\/wp\/v2\/posts\/3933"}],"collection":[{"href":"https:\/\/www.tts-freunde.de\/blog\/wp-json\/wp\/v2\/posts"}],"about":[{"href":"https:\/\/www.tts-freunde.de\/blog\/wp-json\/wp\/v2\/types\/post"}],"author":[{"embeddable":true,"href":"https:\/\/www.tts-freunde.de\/blog\/wp-json\/wp\/v2\/users\/1"}],"replies":[{"embeddable":true,"href":"https:\/\/www.tts-freunde.de\/blog\/wp-json\/wp\/v2\/comments?post=3933"}],"version-history":[{"count":2,"href":"https:\/\/www.tts-freunde.de\/blog\/wp-json\/wp\/v2\/posts\/3933\/revisions"}],"predecessor-version":[{"id":3935,"href":"https:\/\/www.tts-freunde.de\/blog\/wp-json\/wp\/v2\/posts\/3933\/revisions\/3935"}],"wp:featuredmedia":[{"embeddable":true,"href":"https:\/\/www.tts-freunde.de\/blog\/wp-json\/wp\/v2\/media\/3913"}],"wp:attachment":[{"href":"https:\/\/www.tts-freunde.de\/blog\/wp-json\/wp\/v2\/media?parent=3933"}],"wp:term":[{"taxonomy":"category","embeddable":true,"href":"https:\/\/www.tts-freunde.de\/blog\/wp-json\/wp\/v2\/categories?post=3933"},{"taxonomy":"post_tag","embeddable":true,"href":"https:\/\/www.tts-freunde.de\/blog\/wp-json\/wp\/v2\/tags?post=3933"}],"curies":[{"name":"wp","href":"https:\/\/api.w.org\/{rel}","templated":true}]}}