{"id":3970,"date":"2017-06-07T06:00:53","date_gmt":"2017-06-07T04:00:53","guid":{"rendered":"http:\/\/www.tts-freunde.de\/blog\/?p=3970"},"modified":"2017-06-06T20:33:23","modified_gmt":"2017-06-06T18:33:23","slug":"fia-rallycross","status":"publish","type":"post","link":"https:\/\/www.tts-freunde.de\/blog\/2017\/06\/07\/fia-rallycross\/","title":{"rendered":"Audi und Rallycross-Team EKS: Saisonhalbzeit im hohen Norden"},"content":{"rendered":"<div id=\"item-2cd942b9-f045-4a1b-86a0-9efff505a15b\" class=\"page-item--column col-sm-4\">\n<div class=\"custom-padding\">\n<div class=\"page-row has-no-item-box\">\n<div id=\"item-98d51baa-87e6-4900-9c35-2d27a6568961\" class=\"page-item--topic-list\">\n<div class=\"topic-list\">\n<ul>\n<li>FIA-Rallycross-Weltmeisterschaft zu Gast im norwegischen Hell<\/li>\n<li>Herausfordernder Achterbahnkurs weckt Emotionen<\/li>\n<li>Mattias Ekstr\u00f6m: \u201eG\u00e4nsehaut am ganzen K\u00f6rper\u201c<\/li>\n<\/ul>\n<p><a href=\"http:\/\/www.tts-freunde.de\/blog\/wp-content\/uploads\/2017\/06\/FIA-Rallycross.jpg\"><img loading=\"lazy\" decoding=\"async\" data-attachment-id=\"3971\" data-permalink=\"https:\/\/www.tts-freunde.de\/blog\/2017\/06\/07\/fia-rallycross\/fia-rallycross\/\" data-orig-file=\"https:\/\/www.tts-freunde.de\/blog\/wp-content\/uploads\/2017\/06\/FIA-Rallycross.jpg\" data-orig-size=\"1160,773\" data-comments-opened=\"0\" data-image-meta=\"{&quot;aperture&quot;:&quot;0&quot;,&quot;credit&quot;:&quot;&quot;,&quot;camera&quot;:&quot;&quot;,&quot;caption&quot;:&quot;&quot;,&quot;created_timestamp&quot;:&quot;0&quot;,&quot;copyright&quot;:&quot;&quot;,&quot;focal_length&quot;:&quot;0&quot;,&quot;iso&quot;:&quot;0&quot;,&quot;shutter_speed&quot;:&quot;0&quot;,&quot;title&quot;:&quot;&quot;,&quot;orientation&quot;:&quot;0&quot;}\" data-image-title=\"FIA-Rallycross\" data-image-description=\"\" data-image-caption=\"\" data-medium-file=\"https:\/\/www.tts-freunde.de\/blog\/wp-content\/uploads\/2017\/06\/FIA-Rallycross-300x200.jpg\" data-large-file=\"https:\/\/www.tts-freunde.de\/blog\/wp-content\/uploads\/2017\/06\/FIA-Rallycross-1024x682.jpg\" tabindex=\"0\" role=\"button\" class=\"aligncenter size-full wp-image-3971\" src=\"http:\/\/www.tts-freunde.de\/blog\/wp-content\/uploads\/2017\/06\/FIA-Rallycross.jpg\" alt=\"\" width=\"1160\" height=\"773\" srcset=\"https:\/\/www.tts-freunde.de\/blog\/wp-content\/uploads\/2017\/06\/FIA-Rallycross.jpg 1160w, https:\/\/www.tts-freunde.de\/blog\/wp-content\/uploads\/2017\/06\/FIA-Rallycross-300x200.jpg 300w, https:\/\/www.tts-freunde.de\/blog\/wp-content\/uploads\/2017\/06\/FIA-Rallycross-768x512.jpg 768w, https:\/\/www.tts-freunde.de\/blog\/wp-content\/uploads\/2017\/06\/FIA-Rallycross-1024x682.jpg 1024w, https:\/\/www.tts-freunde.de\/blog\/wp-content\/uploads\/2017\/06\/FIA-Rallycross-50x33.jpg 50w\" sizes=\"(max-width: 1160px) 100vw, 1160px\" \/><\/a><\/p>\n<div class=\"page-row has-no-item-box\">\n<div id=\"item-d675b667-9bff-41b6-b73a-800e0594f4c0\" class=\"page-item--intro\">\n<div class=\"intro-text\">\n<p>Im norwegischen Hell findet am Wochenende der sechste Lauf der FIA-Rallycross-Weltmeisterschaft statt. Auf der Berg-und-Tal-Bahn in der N\u00e4he von Trondheim k\u00e4mpfen vom 9. bis 11. Juni in der Supercar-Klasse 22 Piloten um den Sieg. Rallycross-Weltmeister Mattias Ekstr\u00f6m liegt in der Fahrerwertung nach f\u00fcnf von zw\u00f6lf L\u00e4ufen auf Rang zwei. EKS belegt in der Teamwertung Rang drei.<\/p>\n<\/div>\n<\/div>\n<\/div>\n<div class=\"page-row has-no-item-box\">\n<div id=\"item-381572c9-ec0a-4855-8548-2c63fd76a774\" class=\"page-item--text\">\n<div class=\"style-links-for-body-text\">\n<p>Der sechste Lauf bedeutet f\u00fcr EKS nicht nur Saisonhalbzeit. Hell spielt auch in der Geschichte des Teams eine wichtige Rolle. In Norwegen hat f\u00fcr Mattias Ekstr\u00f6m und seine Mannschaft am 14. Juni 2014 das Abenteuer Rallycross begonnen. \u201eEs war eine sehr, sehr stressige Zeit\u201c, blickt Ekstr\u00f6m zur\u00fcck. \u201eVor dem ersten Rennwochenende legte das gesamte Team eine Nachtschicht nach der anderen ein.\u201c Weil sich die Vorbereitungen lange hinzogen, musste ein Hubschrauber den Motor f\u00fcr den zweiten Audi S1 EKS RX quattro liefern. Die Strapazen haben sich f\u00fcr Ekstr\u00f6m gelohnt: \u201eBeim Start des ersten Rennens hatte ich G\u00e4nsehaut am ganzen K\u00f6rper.\u201c<\/p>\n<p>Auf das erste sportliche Erfolgserlebnis in Hell musste der amtierende Rallycross-Weltmeister bis 2016 warten. Im vergangenen Jahr jubelte Ekstr\u00f6m \u00fcber Rang drei auf der anspruchsvollen Berg-und-Tal-Bahn. Bei keinem anderen Kurs im WM-Kalender sind die H\u00f6henunterschiede so gro\u00df. Gleich nach dem Start geht es auf dem Weg zur Kurve eins zun\u00e4chst in eine Senke und weiter zur ersten Bergauf-Passage. Hier m\u00fcssen die Fahrer eine Entscheidung treffen: normale Runde oder Joker-Lap? Der Mittelteil der Strecke f\u00fchrt die Fahrer in ein tiefes Tal. Wer die engen Kurvenpassagen nicht optimal erwischt, verliert Schwung und Zeit beim \u201eAufstieg\u201c zur Ziellinie.<\/p>\n<p>Der n\u00f6rdlichste Kurs im Rennkalender liegt auf einem Plateau direkt neben einem Steinbruch und ist auch f\u00fcr EKS-Neuzugang Reinis Niti\u0161s ein besonderer Ort. \u201eIch habe auf der Strecke 2014 meinen ersten Sieg in der Supercar-Klasse gefeiert\u201c, sagt der Lette. Er war bei seinem Triumph gerade einmal 18 Jahre alt und ist bis heute der j\u00fcngste Laufsieger der WM-Geschichte. In Hell k\u00e4mpfen Ekstr\u00f6m, Niti\u0161s und Toomas Heikkinen in ihren drei Audi S1 EKS RX quattro in der Supercar-Klasse gegen 19 Konkurrenten.<\/p>\n<p>&nbsp;<\/p>\n<\/div>\n<\/div>\n<\/div>\n<\/div>\n<\/div>\n<\/div>\n<\/div>\n<\/div>\n","protected":false},"excerpt":{"rendered":"<p>FIA-Rallycross-Weltmeisterschaft zu Gast im norwegischen Hell Herausfordernder Achterbahnkurs weckt Emotionen Mattias Ekstr\u00f6m: \u201eG\u00e4nsehaut am ganzen K\u00f6rper\u201c Im norwegischen Hell findet am Wochenende der sechste Lauf der FIA-Rallycross-Weltmeisterschaft statt. Auf der Berg-und-Tal-Bahn in der N\u00e4he von Trondheim k\u00e4mpfen vom 9. bis 11. Juni in der Supercar-Klasse 22 Piloten um den Sieg. [&hellip;]<\/p>\n","protected":false},"author":1,"featured_media":3971,"comment_status":"closed","ping_status":"open","sticky":false,"template":"","format":"standard","meta":{"jetpack_post_was_ever_published":false,"_jetpack_newsletter_access":"","_jetpack_dont_email_post_to_subs":false,"_jetpack_newsletter_tier_id":0,"_jetpack_memberships_contains_paywalled_content":false,"_jetpack_memberships_contains_paid_content":false,"footnotes":"","jetpack_publicize_message":"#Audi und Rallycross-Team EKS: Saisonhalbzeit im hohen Norden","jetpack_publicize_feature_enabled":true,"jetpack_social_post_already_shared":true,"jetpack_social_options":{"image_generator_settings":{"template":"highway","enabled":false},"version":2}},"categories":[17],"tags":[281],"class_list":["post-3970","post","type-post","status-publish","format-standard","has-post-thumbnail","hentry","category-audi-motorsport","tag-fia-rallycross"],"wppr_data":{"cwp_meta_box_check":"No"},"jetpack_publicize_connections":[],"yoast_head":"<!-- This site is optimized with the Yoast SEO plugin v23.3 - https:\/\/yoast.com\/wordpress\/plugins\/seo\/ -->\n<title>Audi und Rallycross-Team EKS: Saisonhalbzeit im hohen Norden - Audi Blog<\/title>\n<meta name=\"robots\" content=\"index, follow, max-snippet:-1, max-image-preview:large, max-video-preview:-1\" \/>\n<link rel=\"canonical\" href=\"https:\/\/www.tts-freunde.de\/blog\/2017\/06\/07\/fia-rallycross\/\" \/>\n<meta property=\"og:locale\" content=\"de_DE\" \/>\n<meta property=\"og:type\" content=\"article\" \/>\n<meta property=\"og:title\" content=\"Audi und Rallycross-Team EKS: Saisonhalbzeit im hohen Norden - Audi Blog\" \/>\n<meta property=\"og:description\" content=\"FIA-Rallycross-Weltmeisterschaft zu Gast im norwegischen Hell Herausfordernder Achterbahnkurs weckt Emotionen Mattias Ekstr\u00f6m: \u201eG\u00e4nsehaut am ganzen K\u00f6rper\u201c Im norwegischen Hell findet am Wochenende der sechste Lauf der FIA-Rallycross-Weltmeisterschaft statt. Auf der Berg-und-Tal-Bahn in der N\u00e4he von Trondheim k\u00e4mpfen vom 9. bis 11. Juni in der Supercar-Klasse 22 Piloten um den Sieg. [&hellip;]\" \/>\n<meta property=\"og:url\" content=\"https:\/\/www.tts-freunde.de\/blog\/2017\/06\/07\/fia-rallycross\/\" \/>\n<meta property=\"og:site_name\" content=\"Audi Blog\" \/>\n<meta property=\"article:published_time\" content=\"2017-06-07T04:00:53+00:00\" \/>\n<meta property=\"article:modified_time\" content=\"2017-06-06T18:33:23+00:00\" \/>\n<meta property=\"og:image\" content=\"https:\/\/www.tts-freunde.de\/blog\/wp-content\/uploads\/2017\/06\/FIA-Rallycross.jpg\" \/>\n\t<meta property=\"og:image:width\" content=\"1160\" \/>\n\t<meta property=\"og:image:height\" content=\"773\" \/>\n\t<meta property=\"og:image:type\" content=\"image\/jpeg\" \/>\n<meta name=\"author\" content=\"admin\" \/>\n<meta name=\"twitter:card\" content=\"summary_large_image\" \/>\n<meta name=\"twitter:label1\" content=\"Verfasst von\" \/>\n\t<meta name=\"twitter:data1\" content=\"admin\" \/>\n\t<meta name=\"twitter:label2\" content=\"Gesch\u00e4tzte Lesezeit\" \/>\n\t<meta name=\"twitter:data2\" content=\"2\u00a0Minuten\" \/>\n<script type=\"application\/ld+json\" class=\"yoast-schema-graph\">{\"@context\":\"https:\/\/schema.org\",\"@graph\":[{\"@type\":\"Article\",\"@id\":\"https:\/\/www.tts-freunde.de\/blog\/2017\/06\/07\/fia-rallycross\/#article\",\"isPartOf\":{\"@id\":\"https:\/\/www.tts-freunde.de\/blog\/2017\/06\/07\/fia-rallycross\/\"},\"author\":{\"name\":\"admin\",\"@id\":\"https:\/\/www.tts-freunde.de\/blog\/#\/schema\/person\/b67f6a54e98f013bd281dbe05514b701\"},\"headline\":\"Audi und Rallycross-Team EKS: Saisonhalbzeit im hohen Norden\",\"datePublished\":\"2017-06-07T04:00:53+00:00\",\"dateModified\":\"2017-06-06T18:33:23+00:00\",\"mainEntityOfPage\":{\"@id\":\"https:\/\/www.tts-freunde.de\/blog\/2017\/06\/07\/fia-rallycross\/\"},\"wordCount\":377,\"publisher\":{\"@id\":\"https:\/\/www.tts-freunde.de\/blog\/#organization\"},\"image\":{\"@id\":\"https:\/\/www.tts-freunde.de\/blog\/2017\/06\/07\/fia-rallycross\/#primaryimage\"},\"thumbnailUrl\":\"https:\/\/www.tts-freunde.de\/blog\/wp-content\/uploads\/2017\/06\/FIA-Rallycross.jpg\",\"keywords\":[\"FIA-Rallycross\"],\"articleSection\":[\"Audi Motorsport\"],\"inLanguage\":\"de\"},{\"@type\":\"WebPage\",\"@id\":\"https:\/\/www.tts-freunde.de\/blog\/2017\/06\/07\/fia-rallycross\/\",\"url\":\"https:\/\/www.tts-freunde.de\/blog\/2017\/06\/07\/fia-rallycross\/\",\"name\":\"Audi und Rallycross-Team EKS: Saisonhalbzeit im hohen Norden - Audi Blog\",\"isPartOf\":{\"@id\":\"https:\/\/www.tts-freunde.de\/blog\/#website\"},\"primaryImageOfPage\":{\"@id\":\"https:\/\/www.tts-freunde.de\/blog\/2017\/06\/07\/fia-rallycross\/#primaryimage\"},\"image\":{\"@id\":\"https:\/\/www.tts-freunde.de\/blog\/2017\/06\/07\/fia-rallycross\/#primaryimage\"},\"thumbnailUrl\":\"https:\/\/www.tts-freunde.de\/blog\/wp-content\/uploads\/2017\/06\/FIA-Rallycross.jpg\",\"datePublished\":\"2017-06-07T04:00:53+00:00\",\"dateModified\":\"2017-06-06T18:33:23+00:00\",\"breadcrumb\":{\"@id\":\"https:\/\/www.tts-freunde.de\/blog\/2017\/06\/07\/fia-rallycross\/#breadcrumb\"},\"inLanguage\":\"de\",\"potentialAction\":[{\"@type\":\"ReadAction\",\"target\":[\"https:\/\/www.tts-freunde.de\/blog\/2017\/06\/07\/fia-rallycross\/\"]}]},{\"@type\":\"ImageObject\",\"inLanguage\":\"de\",\"@id\":\"https:\/\/www.tts-freunde.de\/blog\/2017\/06\/07\/fia-rallycross\/#primaryimage\",\"url\":\"https:\/\/www.tts-freunde.de\/blog\/wp-content\/uploads\/2017\/06\/FIA-Rallycross.jpg\",\"contentUrl\":\"https:\/\/www.tts-freunde.de\/blog\/wp-content\/uploads\/2017\/06\/FIA-Rallycross.jpg\",\"width\":1160,\"height\":773},{\"@type\":\"BreadcrumbList\",\"@id\":\"https:\/\/www.tts-freunde.de\/blog\/2017\/06\/07\/fia-rallycross\/#breadcrumb\",\"itemListElement\":[{\"@type\":\"ListItem\",\"position\":1,\"name\":\"Home\",\"item\":\"https:\/\/www.tts-freunde.de\/blog\/\"},{\"@type\":\"ListItem\",\"position\":2,\"name\":\"Audi und Rallycross-Team EKS: Saisonhalbzeit im hohen Norden\"}]},{\"@type\":\"WebSite\",\"@id\":\"https:\/\/www.tts-freunde.de\/blog\/#website\",\"url\":\"https:\/\/www.tts-freunde.de\/blog\/\",\"name\":\"Audi Blog\",\"description\":\"Deutscher Audi Blog - TTS-Freunde\",\"publisher\":{\"@id\":\"https:\/\/www.tts-freunde.de\/blog\/#organization\"},\"potentialAction\":[{\"@type\":\"SearchAction\",\"target\":{\"@type\":\"EntryPoint\",\"urlTemplate\":\"https:\/\/www.tts-freunde.de\/blog\/?s={search_term_string}\"},\"query-input\":\"required name=search_term_string\"}],\"inLanguage\":\"de\"},{\"@type\":\"Organization\",\"@id\":\"https:\/\/www.tts-freunde.de\/blog\/#organization\",\"name\":\"Audi Blog\",\"url\":\"https:\/\/www.tts-freunde.de\/blog\/\",\"logo\":{\"@type\":\"ImageObject\",\"inLanguage\":\"de\",\"@id\":\"https:\/\/www.tts-freunde.de\/blog\/#\/schema\/logo\/image\/\",\"url\":\"https:\/\/www.tts-freunde.de\/blog\/wp-content\/uploads\/2022\/12\/logo_2022.jpg\",\"contentUrl\":\"https:\/\/www.tts-freunde.de\/blog\/wp-content\/uploads\/2022\/12\/logo_2022.jpg\",\"width\":240,\"height\":41,\"caption\":\"Audi Blog\"},\"image\":{\"@id\":\"https:\/\/www.tts-freunde.de\/blog\/#\/schema\/logo\/image\/\"}},{\"@type\":\"Person\",\"@id\":\"https:\/\/www.tts-freunde.de\/blog\/#\/schema\/person\/b67f6a54e98f013bd281dbe05514b701\",\"name\":\"admin\",\"image\":{\"@type\":\"ImageObject\",\"inLanguage\":\"de\",\"@id\":\"https:\/\/www.tts-freunde.de\/blog\/#\/schema\/person\/image\/\",\"url\":\"https:\/\/secure.gravatar.com\/avatar\/08a4bd330e25056ddb430c28136b38a6?s=96&d=mm&r=g\",\"contentUrl\":\"https:\/\/secure.gravatar.com\/avatar\/08a4bd330e25056ddb430c28136b38a6?s=96&d=mm&r=g\",\"caption\":\"admin\"},\"sameAs\":[\"http:\/\/www.tts-freunde.de\"],\"url\":\"https:\/\/www.tts-freunde.de\/blog\/author\/admin\/\"}]}<\/script>\n<!-- \/ Yoast SEO plugin. -->","yoast_head_json":{"title":"Audi und Rallycross-Team EKS: Saisonhalbzeit im hohen Norden - Audi Blog","robots":{"index":"index","follow":"follow","max-snippet":"max-snippet:-1","max-image-preview":"max-image-preview:large","max-video-preview":"max-video-preview:-1"},"canonical":"https:\/\/www.tts-freunde.de\/blog\/2017\/06\/07\/fia-rallycross\/","og_locale":"de_DE","og_type":"article","og_title":"Audi und Rallycross-Team EKS: Saisonhalbzeit im hohen Norden - Audi Blog","og_description":"FIA-Rallycross-Weltmeisterschaft zu Gast im norwegischen Hell Herausfordernder Achterbahnkurs weckt Emotionen Mattias Ekstr\u00f6m: \u201eG\u00e4nsehaut am ganzen K\u00f6rper\u201c Im norwegischen Hell findet am Wochenende der sechste Lauf der FIA-Rallycross-Weltmeisterschaft statt. Auf der Berg-und-Tal-Bahn in der N\u00e4he von Trondheim k\u00e4mpfen vom 9. bis 11. Juni in der Supercar-Klasse 22 Piloten um den Sieg. [&hellip;]","og_url":"https:\/\/www.tts-freunde.de\/blog\/2017\/06\/07\/fia-rallycross\/","og_site_name":"Audi Blog","article_published_time":"2017-06-07T04:00:53+00:00","article_modified_time":"2017-06-06T18:33:23+00:00","og_image":[{"width":1160,"height":773,"url":"https:\/\/www.tts-freunde.de\/blog\/wp-content\/uploads\/2017\/06\/FIA-Rallycross.jpg","type":"image\/jpeg"}],"author":"admin","twitter_card":"summary_large_image","twitter_misc":{"Verfasst von":"admin","Gesch\u00e4tzte Lesezeit":"2\u00a0Minuten"},"schema":{"@context":"https:\/\/schema.org","@graph":[{"@type":"Article","@id":"https:\/\/www.tts-freunde.de\/blog\/2017\/06\/07\/fia-rallycross\/#article","isPartOf":{"@id":"https:\/\/www.tts-freunde.de\/blog\/2017\/06\/07\/fia-rallycross\/"},"author":{"name":"admin","@id":"https:\/\/www.tts-freunde.de\/blog\/#\/schema\/person\/b67f6a54e98f013bd281dbe05514b701"},"headline":"Audi und Rallycross-Team EKS: Saisonhalbzeit im hohen Norden","datePublished":"2017-06-07T04:00:53+00:00","dateModified":"2017-06-06T18:33:23+00:00","mainEntityOfPage":{"@id":"https:\/\/www.tts-freunde.de\/blog\/2017\/06\/07\/fia-rallycross\/"},"wordCount":377,"publisher":{"@id":"https:\/\/www.tts-freunde.de\/blog\/#organization"},"image":{"@id":"https:\/\/www.tts-freunde.de\/blog\/2017\/06\/07\/fia-rallycross\/#primaryimage"},"thumbnailUrl":"https:\/\/www.tts-freunde.de\/blog\/wp-content\/uploads\/2017\/06\/FIA-Rallycross.jpg","keywords":["FIA-Rallycross"],"articleSection":["Audi Motorsport"],"inLanguage":"de"},{"@type":"WebPage","@id":"https:\/\/www.tts-freunde.de\/blog\/2017\/06\/07\/fia-rallycross\/","url":"https:\/\/www.tts-freunde.de\/blog\/2017\/06\/07\/fia-rallycross\/","name":"Audi und Rallycross-Team EKS: Saisonhalbzeit im hohen Norden - Audi Blog","isPartOf":{"@id":"https:\/\/www.tts-freunde.de\/blog\/#website"},"primaryImageOfPage":{"@id":"https:\/\/www.tts-freunde.de\/blog\/2017\/06\/07\/fia-rallycross\/#primaryimage"},"image":{"@id":"https:\/\/www.tts-freunde.de\/blog\/2017\/06\/07\/fia-rallycross\/#primaryimage"},"thumbnailUrl":"https:\/\/www.tts-freunde.de\/blog\/wp-content\/uploads\/2017\/06\/FIA-Rallycross.jpg","datePublished":"2017-06-07T04:00:53+00:00","dateModified":"2017-06-06T18:33:23+00:00","breadcrumb":{"@id":"https:\/\/www.tts-freunde.de\/blog\/2017\/06\/07\/fia-rallycross\/#breadcrumb"},"inLanguage":"de","potentialAction":[{"@type":"ReadAction","target":["https:\/\/www.tts-freunde.de\/blog\/2017\/06\/07\/fia-rallycross\/"]}]},{"@type":"ImageObject","inLanguage":"de","@id":"https:\/\/www.tts-freunde.de\/blog\/2017\/06\/07\/fia-rallycross\/#primaryimage","url":"https:\/\/www.tts-freunde.de\/blog\/wp-content\/uploads\/2017\/06\/FIA-Rallycross.jpg","contentUrl":"https:\/\/www.tts-freunde.de\/blog\/wp-content\/uploads\/2017\/06\/FIA-Rallycross.jpg","width":1160,"height":773},{"@type":"BreadcrumbList","@id":"https:\/\/www.tts-freunde.de\/blog\/2017\/06\/07\/fia-rallycross\/#breadcrumb","itemListElement":[{"@type":"ListItem","position":1,"name":"Home","item":"https:\/\/www.tts-freunde.de\/blog\/"},{"@type":"ListItem","position":2,"name":"Audi und Rallycross-Team EKS: Saisonhalbzeit im hohen Norden"}]},{"@type":"WebSite","@id":"https:\/\/www.tts-freunde.de\/blog\/#website","url":"https:\/\/www.tts-freunde.de\/blog\/","name":"Audi Blog","description":"Deutscher Audi Blog - TTS-Freunde","publisher":{"@id":"https:\/\/www.tts-freunde.de\/blog\/#organization"},"potentialAction":[{"@type":"SearchAction","target":{"@type":"EntryPoint","urlTemplate":"https:\/\/www.tts-freunde.de\/blog\/?s={search_term_string}"},"query-input":"required name=search_term_string"}],"inLanguage":"de"},{"@type":"Organization","@id":"https:\/\/www.tts-freunde.de\/blog\/#organization","name":"Audi Blog","url":"https:\/\/www.tts-freunde.de\/blog\/","logo":{"@type":"ImageObject","inLanguage":"de","@id":"https:\/\/www.tts-freunde.de\/blog\/#\/schema\/logo\/image\/","url":"https:\/\/www.tts-freunde.de\/blog\/wp-content\/uploads\/2022\/12\/logo_2022.jpg","contentUrl":"https:\/\/www.tts-freunde.de\/blog\/wp-content\/uploads\/2022\/12\/logo_2022.jpg","width":240,"height":41,"caption":"Audi Blog"},"image":{"@id":"https:\/\/www.tts-freunde.de\/blog\/#\/schema\/logo\/image\/"}},{"@type":"Person","@id":"https:\/\/www.tts-freunde.de\/blog\/#\/schema\/person\/b67f6a54e98f013bd281dbe05514b701","name":"admin","image":{"@type":"ImageObject","inLanguage":"de","@id":"https:\/\/www.tts-freunde.de\/blog\/#\/schema\/person\/image\/","url":"https:\/\/secure.gravatar.com\/avatar\/08a4bd330e25056ddb430c28136b38a6?s=96&d=mm&r=g","contentUrl":"https:\/\/secure.gravatar.com\/avatar\/08a4bd330e25056ddb430c28136b38a6?s=96&d=mm&r=g","caption":"admin"},"sameAs":["http:\/\/www.tts-freunde.de"],"url":"https:\/\/www.tts-freunde.de\/blog\/author\/admin\/"}]}},"jetpack_sharing_enabled":true,"jetpack_featured_media_url":"https:\/\/www.tts-freunde.de\/blog\/wp-content\/uploads\/2017\/06\/FIA-Rallycross.jpg","jetpack_shortlink":"https:\/\/wp.me\/p67hWW-122","jetpack_likes_enabled":false,"jetpack-related-posts":[],"_links":{"self":[{"href":"https:\/\/www.tts-freunde.de\/blog\/wp-json\/wp\/v2\/posts\/3970"}],"collection":[{"href":"https:\/\/www.tts-freunde.de\/blog\/wp-json\/wp\/v2\/posts"}],"about":[{"href":"https:\/\/www.tts-freunde.de\/blog\/wp-json\/wp\/v2\/types\/post"}],"author":[{"embeddable":true,"href":"https:\/\/www.tts-freunde.de\/blog\/wp-json\/wp\/v2\/users\/1"}],"replies":[{"embeddable":true,"href":"https:\/\/www.tts-freunde.de\/blog\/wp-json\/wp\/v2\/comments?post=3970"}],"version-history":[{"count":2,"href":"https:\/\/www.tts-freunde.de\/blog\/wp-json\/wp\/v2\/posts\/3970\/revisions"}],"predecessor-version":[{"id":3973,"href":"https:\/\/www.tts-freunde.de\/blog\/wp-json\/wp\/v2\/posts\/3970\/revisions\/3973"}],"wp:featuredmedia":[{"embeddable":true,"href":"https:\/\/www.tts-freunde.de\/blog\/wp-json\/wp\/v2\/media\/3971"}],"wp:attachment":[{"href":"https:\/\/www.tts-freunde.de\/blog\/wp-json\/wp\/v2\/media?parent=3970"}],"wp:term":[{"taxonomy":"category","embeddable":true,"href":"https:\/\/www.tts-freunde.de\/blog\/wp-json\/wp\/v2\/categories?post=3970"},{"taxonomy":"post_tag","embeddable":true,"href":"https:\/\/www.tts-freunde.de\/blog\/wp-json\/wp\/v2\/tags?post=3970"}],"curies":[{"name":"wp","href":"https:\/\/api.w.org\/{rel}","templated":true}]}}