{"id":3992,"date":"2017-06-21T05:00:46","date_gmt":"2017-06-21T03:00:46","guid":{"rendered":"http:\/\/www.tts-freunde.de\/blog\/?p=3992"},"modified":"2017-06-20T21:59:20","modified_gmt":"2017-06-20T19:59:20","slug":"skistars-linus-strasser-und-daniel-bohnacker-im-audi-sport-tt-cup","status":"publish","type":"post","link":"https:\/\/www.tts-freunde.de\/blog\/2017\/06\/21\/skistars-linus-strasser-und-daniel-bohnacker-im-audi-sport-tt-cup\/","title":{"rendered":"Skistars Linus Stra\u00dfer und Daniel Bohnacker im Audi Sport TT Cup"},"content":{"rendered":"<div id=\"item-db754343-bfbc-4631-9a5f-cb6bad955f6c\" class=\"page-item--column col-sm-4\">\n<div class=\"custom-padding\">\n<div class=\"page-row has-no-item-box\">\n<div id=\"item-90f81236-e7ab-489f-a212-69dbb375e061\" class=\"page-item--topic-list\">\n<div class=\"topic-list\">\n<ul>\n<li>Zwei Skifahrer starten am Norisring mit Audi im Motorsport<\/li>\n<li>Bestes Saisonergebnis f\u00fcr Audi Sport Italia<\/li>\n<li>Clubsport-Erfolge in Australien und in der Tschechischen Republik<\/li>\n<\/ul>\n<p><a href=\"http:\/\/www.tts-freunde.de\/blog\/wp-content\/uploads\/2017\/06\/Audi-Sport-TT-Cup-2017.jpg\"><img loading=\"lazy\" decoding=\"async\" data-attachment-id=\"3993\" data-permalink=\"https:\/\/www.tts-freunde.de\/blog\/2017\/06\/21\/skistars-linus-strasser-und-daniel-bohnacker-im-audi-sport-tt-cup\/audi-sport-tt-cup-2017\/\" data-orig-file=\"https:\/\/www.tts-freunde.de\/blog\/wp-content\/uploads\/2017\/06\/Audi-Sport-TT-Cup-2017.jpg\" data-orig-size=\"1160,773\" data-comments-opened=\"0\" data-image-meta=\"{&quot;aperture&quot;:&quot;0&quot;,&quot;credit&quot;:&quot;&quot;,&quot;camera&quot;:&quot;&quot;,&quot;caption&quot;:&quot;&quot;,&quot;created_timestamp&quot;:&quot;0&quot;,&quot;copyright&quot;:&quot;&quot;,&quot;focal_length&quot;:&quot;0&quot;,&quot;iso&quot;:&quot;0&quot;,&quot;shutter_speed&quot;:&quot;0&quot;,&quot;title&quot;:&quot;&quot;,&quot;orientation&quot;:&quot;0&quot;}\" data-image-title=\"Audi Sport TT Cup 2017\" data-image-description=\"\" data-image-caption=\"\" data-medium-file=\"https:\/\/www.tts-freunde.de\/blog\/wp-content\/uploads\/2017\/06\/Audi-Sport-TT-Cup-2017-300x200.jpg\" data-large-file=\"https:\/\/www.tts-freunde.de\/blog\/wp-content\/uploads\/2017\/06\/Audi-Sport-TT-Cup-2017-1024x682.jpg\" tabindex=\"0\" role=\"button\" class=\"aligncenter size-full wp-image-3993\" src=\"http:\/\/www.tts-freunde.de\/blog\/wp-content\/uploads\/2017\/06\/Audi-Sport-TT-Cup-2017.jpg\" alt=\"\" width=\"1160\" height=\"773\" srcset=\"https:\/\/www.tts-freunde.de\/blog\/wp-content\/uploads\/2017\/06\/Audi-Sport-TT-Cup-2017.jpg 1160w, https:\/\/www.tts-freunde.de\/blog\/wp-content\/uploads\/2017\/06\/Audi-Sport-TT-Cup-2017-300x200.jpg 300w, https:\/\/www.tts-freunde.de\/blog\/wp-content\/uploads\/2017\/06\/Audi-Sport-TT-Cup-2017-768x512.jpg 768w, https:\/\/www.tts-freunde.de\/blog\/wp-content\/uploads\/2017\/06\/Audi-Sport-TT-Cup-2017-1024x682.jpg 1024w, https:\/\/www.tts-freunde.de\/blog\/wp-content\/uploads\/2017\/06\/Audi-Sport-TT-Cup-2017-50x33.jpg 50w\" sizes=\"(max-width: 1160px) 100vw, 1160px\" \/><\/a><\/p>\n<div class=\"page-row has-no-item-box\">\n<div id=\"item-1dd3939f-f26e-4f19-934d-49bfea9fe2bf\" class=\"page-item--intro\">\n<div class=\"intro-text\">\n<p>W\u00e4hrend die Kundenteams von Audi erneut Siegertroph\u00e4en und weitere Pokale einfuhren, fiebern zwei Skistars ihrem Start im Audi Sport TT Cup entgegen.<\/p>\n<\/div>\n<\/div>\n<\/div>\n<div class=\"page-row has-no-item-box\">\n<div id=\"item-7aec72bf-8cc8-4ddf-b300-b09fe9f2f7bf\" class=\"page-item--text\">\n<div class=\"style-links-for-body-text\">\n<p><strong>Audi Sport TT Cup<\/strong><\/p>\n<p><u>Asphaltpiste statt Skipiste:<\/u> Linus Stra\u00dfer und Daniel Bohnacker sind die beiden prominenten Gastfahrer im Audi Sport TT Cup am Norisring vom 30. Juni bis 2. Juli. Der 24 Jahre alte Linus Stra\u00dfer war bereits Deutscher Riesenslalom-Meister, ist Teilnehmer der Weltmeisterschaft wie auch im Weltcup und hat im vergangenen Januar in Stockholm beim Parallelslalom einen Weltcupsieg errungen. Der 27 Jahre alte Daniel Bohnacker hat im Skicross einen Weltcupsieg in Alpe d\u2019Huez eingefahren, war Olympiateilnehmer und Deutscher Meister. Beide messen sich zum ersten Mal im Audi Sport TT Cup. Die Rennen am Samstag, 1. Juli, 14.50 bis 15.20 Uhr, und am Sonntag, 2. Juli, 12.10 bis 12.40 Uhr, sind live auf SPORT1 und auf www.audi.com\/ttcup zu sehen.<\/p>\n<p><strong>Audi R8 LMS (GT3)<\/strong><\/p>\n<p><u>Zwei zweite Pl\u00e4tze in Monza:<\/u> Audi Sport Italia gelang am dritten Wochenende der Italienischen GT-Meisterschaft das bislang beste Saisonergebnis. Beno\u00eet Tr\u00e9luyer\/Vittorio Ghirelli erreichten in Monza im Audi R8 LMS in beiden L\u00e4ufen Platz zwei, zudem fuhr Tr\u00e9luyer in beiden Rennen die schnellste Rennrunde. Im ersten Lauf kostete ein unplanm\u00e4\u00dfiger Reifenwechsel Ghirelli rund zehn Sekunden Zeit, im Ziel fehlten ihm dann nur 3,3 Sekunden auf den Sieg. Im zweiten Rennen kassierte das Team 3,4 Sekunden Sportstrafe f\u00fcr einen zu schnellen Fahrerwechsel und musste sich am Ende um 0,272 Sekunden geschlagen geben. In der Kategorie f\u00fcr \u00e4ltere Rennwagen-Jahrg\u00e4nge sicherten sich Davide Di Benedetto\/Michele Merendino zwei Klassensiege im bew\u00e4hrten Audi R8 LMS ultra.<\/p>\n<p><u>Drei Siege auf dem f\u00fcnften Kontinent:<\/u> Auf der Rennstrecke von Winton in Australien gewann Matt Stoupas im Audi R8 LMS ultra am dritten Veranstaltungswochenende alle drei L\u00e4ufe der Victorian State Circuit Racing Championships.<\/p>\n<p><u>Drei Pokale in Most:<\/u> Beim vierten Lauf der FIA CEZ auf dem Kurs von Most in der Tschechischen Republik gewann Richard Chlad jr. das zweite Rennen f\u00fcr das K&amp;K Racing Team. Im ersten Lauf hatte Petr Ka\u010direk Platz zwei belegt. Im Langstreckenrennen teilten sich Marcel Kus\u00edn und Filip Salaquarda auf dem Weg zum zweiten Platz ebenfalls einen Audi R8 LMS ultra des K&amp;K Racing Teams.<\/p>\n<p><strong>Audi RS 3 LMS (TCR)<\/strong><\/p>\n<p><u>Podium in Monza:<\/u> Am dritten Rennwochenende der TCR Italy gelang einem Audi-Piloten ein Podestplatz. Plamen Kralev erreichte im Audi RS 3 LMS von Kraf Racing den zweiten Platz in Monza.<\/p>\n<\/div>\n<p>[instagram-feed]<\/p>\n<\/div>\n<\/div>\n<\/div>\n<\/div>\n<\/div>\n<\/div>\n<\/div>\n","protected":false},"excerpt":{"rendered":"<p>Zwei Skifahrer starten am Norisring mit Audi im Motorsport Bestes Saisonergebnis f\u00fcr Audi Sport Italia Clubsport-Erfolge in Australien und in der Tschechischen Republik W\u00e4hrend die Kundenteams von Audi erneut Siegertroph\u00e4en und weitere Pokale einfuhren, fiebern zwei Skistars ihrem Start im Audi Sport TT Cup entgegen. Audi Sport TT Cup Asphaltpiste [&hellip;]<\/p>\n","protected":false},"author":1,"featured_media":3993,"comment_status":"closed","ping_status":"open","sticky":false,"template":"","format":"standard","meta":{"jetpack_post_was_ever_published":false,"_jetpack_newsletter_access":"","_jetpack_dont_email_post_to_subs":false,"_jetpack_newsletter_tier_id":0,"_jetpack_memberships_contains_paywalled_content":false,"_jetpack_memberships_contains_paid_content":false,"footnotes":"","jetpack_publicize_message":"Skistars Linus Stra\u00dfer und Daniel Bohnacker im Audi Sport TT Cup #audi","jetpack_publicize_feature_enabled":true,"jetpack_social_post_already_shared":true,"jetpack_social_options":{"image_generator_settings":{"template":"highway","enabled":false},"version":2}},"categories":[17],"tags":[],"class_list":["post-3992","post","type-post","status-publish","format-standard","has-post-thumbnail","hentry","category-audi-motorsport"],"wppr_data":{"cwp_meta_box_check":"No"},"jetpack_publicize_connections":[],"yoast_head":"<!-- This site is optimized with the Yoast SEO plugin v23.3 - https:\/\/yoast.com\/wordpress\/plugins\/seo\/ -->\n<title>Skistars Linus Stra\u00dfer und Daniel Bohnacker im Audi Sport TT Cup - Audi Blog<\/title>\n<meta name=\"robots\" content=\"index, follow, max-snippet:-1, max-image-preview:large, max-video-preview:-1\" \/>\n<link rel=\"canonical\" href=\"https:\/\/www.tts-freunde.de\/blog\/2017\/06\/21\/skistars-linus-strasser-und-daniel-bohnacker-im-audi-sport-tt-cup\/\" \/>\n<meta property=\"og:locale\" content=\"de_DE\" \/>\n<meta property=\"og:type\" content=\"article\" \/>\n<meta property=\"og:title\" content=\"Skistars Linus Stra\u00dfer und Daniel Bohnacker im Audi Sport TT Cup - Audi Blog\" \/>\n<meta property=\"og:description\" content=\"Zwei Skifahrer starten am Norisring mit Audi im Motorsport Bestes Saisonergebnis f\u00fcr Audi Sport Italia Clubsport-Erfolge in Australien und in der Tschechischen Republik W\u00e4hrend die Kundenteams von Audi erneut Siegertroph\u00e4en und weitere Pokale einfuhren, fiebern zwei Skistars ihrem Start im Audi Sport TT Cup entgegen. Audi Sport TT Cup Asphaltpiste [&hellip;]\" \/>\n<meta property=\"og:url\" content=\"https:\/\/www.tts-freunde.de\/blog\/2017\/06\/21\/skistars-linus-strasser-und-daniel-bohnacker-im-audi-sport-tt-cup\/\" \/>\n<meta property=\"og:site_name\" content=\"Audi Blog\" \/>\n<meta property=\"article:published_time\" content=\"2017-06-21T03:00:46+00:00\" \/>\n<meta property=\"article:modified_time\" content=\"2017-06-20T19:59:20+00:00\" \/>\n<meta property=\"og:image\" content=\"https:\/\/www.tts-freunde.de\/blog\/wp-content\/uploads\/2017\/06\/Audi-Sport-TT-Cup-2017.jpg\" \/>\n\t<meta property=\"og:image:width\" content=\"1160\" \/>\n\t<meta property=\"og:image:height\" content=\"773\" \/>\n\t<meta property=\"og:image:type\" content=\"image\/jpeg\" \/>\n<meta name=\"author\" content=\"admin\" \/>\n<meta name=\"twitter:card\" content=\"summary_large_image\" \/>\n<meta name=\"twitter:label1\" content=\"Verfasst von\" \/>\n\t<meta name=\"twitter:data1\" content=\"admin\" \/>\n\t<meta name=\"twitter:label2\" content=\"Gesch\u00e4tzte Lesezeit\" \/>\n\t<meta name=\"twitter:data2\" content=\"2\u00a0Minuten\" \/>\n<script type=\"application\/ld+json\" class=\"yoast-schema-graph\">{\"@context\":\"https:\/\/schema.org\",\"@graph\":[{\"@type\":\"Article\",\"@id\":\"https:\/\/www.tts-freunde.de\/blog\/2017\/06\/21\/skistars-linus-strasser-und-daniel-bohnacker-im-audi-sport-tt-cup\/#article\",\"isPartOf\":{\"@id\":\"https:\/\/www.tts-freunde.de\/blog\/2017\/06\/21\/skistars-linus-strasser-und-daniel-bohnacker-im-audi-sport-tt-cup\/\"},\"author\":{\"name\":\"admin\",\"@id\":\"https:\/\/www.tts-freunde.de\/blog\/#\/schema\/person\/b67f6a54e98f013bd281dbe05514b701\"},\"headline\":\"Skistars Linus Stra\u00dfer und Daniel Bohnacker im Audi Sport TT Cup\",\"datePublished\":\"2017-06-21T03:00:46+00:00\",\"dateModified\":\"2017-06-20T19:59:20+00:00\",\"mainEntityOfPage\":{\"@id\":\"https:\/\/www.tts-freunde.de\/blog\/2017\/06\/21\/skistars-linus-strasser-und-daniel-bohnacker-im-audi-sport-tt-cup\/\"},\"wordCount\":439,\"publisher\":{\"@id\":\"https:\/\/www.tts-freunde.de\/blog\/#organization\"},\"image\":{\"@id\":\"https:\/\/www.tts-freunde.de\/blog\/2017\/06\/21\/skistars-linus-strasser-und-daniel-bohnacker-im-audi-sport-tt-cup\/#primaryimage\"},\"thumbnailUrl\":\"https:\/\/www.tts-freunde.de\/blog\/wp-content\/uploads\/2017\/06\/Audi-Sport-TT-Cup-2017.jpg\",\"articleSection\":[\"Audi Motorsport\"],\"inLanguage\":\"de\"},{\"@type\":\"WebPage\",\"@id\":\"https:\/\/www.tts-freunde.de\/blog\/2017\/06\/21\/skistars-linus-strasser-und-daniel-bohnacker-im-audi-sport-tt-cup\/\",\"url\":\"https:\/\/www.tts-freunde.de\/blog\/2017\/06\/21\/skistars-linus-strasser-und-daniel-bohnacker-im-audi-sport-tt-cup\/\",\"name\":\"Skistars Linus Stra\u00dfer und Daniel Bohnacker im Audi Sport TT Cup - Audi Blog\",\"isPartOf\":{\"@id\":\"https:\/\/www.tts-freunde.de\/blog\/#website\"},\"primaryImageOfPage\":{\"@id\":\"https:\/\/www.tts-freunde.de\/blog\/2017\/06\/21\/skistars-linus-strasser-und-daniel-bohnacker-im-audi-sport-tt-cup\/#primaryimage\"},\"image\":{\"@id\":\"https:\/\/www.tts-freunde.de\/blog\/2017\/06\/21\/skistars-linus-strasser-und-daniel-bohnacker-im-audi-sport-tt-cup\/#primaryimage\"},\"thumbnailUrl\":\"https:\/\/www.tts-freunde.de\/blog\/wp-content\/uploads\/2017\/06\/Audi-Sport-TT-Cup-2017.jpg\",\"datePublished\":\"2017-06-21T03:00:46+00:00\",\"dateModified\":\"2017-06-20T19:59:20+00:00\",\"breadcrumb\":{\"@id\":\"https:\/\/www.tts-freunde.de\/blog\/2017\/06\/21\/skistars-linus-strasser-und-daniel-bohnacker-im-audi-sport-tt-cup\/#breadcrumb\"},\"inLanguage\":\"de\",\"potentialAction\":[{\"@type\":\"ReadAction\",\"target\":[\"https:\/\/www.tts-freunde.de\/blog\/2017\/06\/21\/skistars-linus-strasser-und-daniel-bohnacker-im-audi-sport-tt-cup\/\"]}]},{\"@type\":\"ImageObject\",\"inLanguage\":\"de\",\"@id\":\"https:\/\/www.tts-freunde.de\/blog\/2017\/06\/21\/skistars-linus-strasser-und-daniel-bohnacker-im-audi-sport-tt-cup\/#primaryimage\",\"url\":\"https:\/\/www.tts-freunde.de\/blog\/wp-content\/uploads\/2017\/06\/Audi-Sport-TT-Cup-2017.jpg\",\"contentUrl\":\"https:\/\/www.tts-freunde.de\/blog\/wp-content\/uploads\/2017\/06\/Audi-Sport-TT-Cup-2017.jpg\",\"width\":1160,\"height\":773},{\"@type\":\"BreadcrumbList\",\"@id\":\"https:\/\/www.tts-freunde.de\/blog\/2017\/06\/21\/skistars-linus-strasser-und-daniel-bohnacker-im-audi-sport-tt-cup\/#breadcrumb\",\"itemListElement\":[{\"@type\":\"ListItem\",\"position\":1,\"name\":\"Home\",\"item\":\"https:\/\/www.tts-freunde.de\/blog\/\"},{\"@type\":\"ListItem\",\"position\":2,\"name\":\"Skistars Linus Stra\u00dfer und Daniel Bohnacker im Audi Sport TT Cup\"}]},{\"@type\":\"WebSite\",\"@id\":\"https:\/\/www.tts-freunde.de\/blog\/#website\",\"url\":\"https:\/\/www.tts-freunde.de\/blog\/\",\"name\":\"Audi Blog\",\"description\":\"Deutscher Audi Blog - TTS-Freunde\",\"publisher\":{\"@id\":\"https:\/\/www.tts-freunde.de\/blog\/#organization\"},\"potentialAction\":[{\"@type\":\"SearchAction\",\"target\":{\"@type\":\"EntryPoint\",\"urlTemplate\":\"https:\/\/www.tts-freunde.de\/blog\/?s={search_term_string}\"},\"query-input\":\"required name=search_term_string\"}],\"inLanguage\":\"de\"},{\"@type\":\"Organization\",\"@id\":\"https:\/\/www.tts-freunde.de\/blog\/#organization\",\"name\":\"Audi Blog\",\"url\":\"https:\/\/www.tts-freunde.de\/blog\/\",\"logo\":{\"@type\":\"ImageObject\",\"inLanguage\":\"de\",\"@id\":\"https:\/\/www.tts-freunde.de\/blog\/#\/schema\/logo\/image\/\",\"url\":\"https:\/\/www.tts-freunde.de\/blog\/wp-content\/uploads\/2022\/12\/logo_2022.jpg\",\"contentUrl\":\"https:\/\/www.tts-freunde.de\/blog\/wp-content\/uploads\/2022\/12\/logo_2022.jpg\",\"width\":240,\"height\":41,\"caption\":\"Audi Blog\"},\"image\":{\"@id\":\"https:\/\/www.tts-freunde.de\/blog\/#\/schema\/logo\/image\/\"}},{\"@type\":\"Person\",\"@id\":\"https:\/\/www.tts-freunde.de\/blog\/#\/schema\/person\/b67f6a54e98f013bd281dbe05514b701\",\"name\":\"admin\",\"image\":{\"@type\":\"ImageObject\",\"inLanguage\":\"de\",\"@id\":\"https:\/\/www.tts-freunde.de\/blog\/#\/schema\/person\/image\/\",\"url\":\"https:\/\/secure.gravatar.com\/avatar\/08a4bd330e25056ddb430c28136b38a6?s=96&d=mm&r=g\",\"contentUrl\":\"https:\/\/secure.gravatar.com\/avatar\/08a4bd330e25056ddb430c28136b38a6?s=96&d=mm&r=g\",\"caption\":\"admin\"},\"sameAs\":[\"http:\/\/www.tts-freunde.de\"],\"url\":\"https:\/\/www.tts-freunde.de\/blog\/author\/admin\/\"}]}<\/script>\n<!-- \/ Yoast SEO plugin. -->","yoast_head_json":{"title":"Skistars Linus Stra\u00dfer und Daniel Bohnacker im Audi Sport TT Cup - Audi Blog","robots":{"index":"index","follow":"follow","max-snippet":"max-snippet:-1","max-image-preview":"max-image-preview:large","max-video-preview":"max-video-preview:-1"},"canonical":"https:\/\/www.tts-freunde.de\/blog\/2017\/06\/21\/skistars-linus-strasser-und-daniel-bohnacker-im-audi-sport-tt-cup\/","og_locale":"de_DE","og_type":"article","og_title":"Skistars Linus Stra\u00dfer und Daniel Bohnacker im Audi Sport TT Cup - Audi Blog","og_description":"Zwei Skifahrer starten am Norisring mit Audi im Motorsport Bestes Saisonergebnis f\u00fcr Audi Sport Italia Clubsport-Erfolge in Australien und in der Tschechischen Republik W\u00e4hrend die Kundenteams von Audi erneut Siegertroph\u00e4en und weitere Pokale einfuhren, fiebern zwei Skistars ihrem Start im Audi Sport TT Cup entgegen. Audi Sport TT Cup Asphaltpiste [&hellip;]","og_url":"https:\/\/www.tts-freunde.de\/blog\/2017\/06\/21\/skistars-linus-strasser-und-daniel-bohnacker-im-audi-sport-tt-cup\/","og_site_name":"Audi Blog","article_published_time":"2017-06-21T03:00:46+00:00","article_modified_time":"2017-06-20T19:59:20+00:00","og_image":[{"width":1160,"height":773,"url":"https:\/\/www.tts-freunde.de\/blog\/wp-content\/uploads\/2017\/06\/Audi-Sport-TT-Cup-2017.jpg","type":"image\/jpeg"}],"author":"admin","twitter_card":"summary_large_image","twitter_misc":{"Verfasst von":"admin","Gesch\u00e4tzte Lesezeit":"2\u00a0Minuten"},"schema":{"@context":"https:\/\/schema.org","@graph":[{"@type":"Article","@id":"https:\/\/www.tts-freunde.de\/blog\/2017\/06\/21\/skistars-linus-strasser-und-daniel-bohnacker-im-audi-sport-tt-cup\/#article","isPartOf":{"@id":"https:\/\/www.tts-freunde.de\/blog\/2017\/06\/21\/skistars-linus-strasser-und-daniel-bohnacker-im-audi-sport-tt-cup\/"},"author":{"name":"admin","@id":"https:\/\/www.tts-freunde.de\/blog\/#\/schema\/person\/b67f6a54e98f013bd281dbe05514b701"},"headline":"Skistars Linus Stra\u00dfer und Daniel Bohnacker im Audi Sport TT Cup","datePublished":"2017-06-21T03:00:46+00:00","dateModified":"2017-06-20T19:59:20+00:00","mainEntityOfPage":{"@id":"https:\/\/www.tts-freunde.de\/blog\/2017\/06\/21\/skistars-linus-strasser-und-daniel-bohnacker-im-audi-sport-tt-cup\/"},"wordCount":439,"publisher":{"@id":"https:\/\/www.tts-freunde.de\/blog\/#organization"},"image":{"@id":"https:\/\/www.tts-freunde.de\/blog\/2017\/06\/21\/skistars-linus-strasser-und-daniel-bohnacker-im-audi-sport-tt-cup\/#primaryimage"},"thumbnailUrl":"https:\/\/www.tts-freunde.de\/blog\/wp-content\/uploads\/2017\/06\/Audi-Sport-TT-Cup-2017.jpg","articleSection":["Audi Motorsport"],"inLanguage":"de"},{"@type":"WebPage","@id":"https:\/\/www.tts-freunde.de\/blog\/2017\/06\/21\/skistars-linus-strasser-und-daniel-bohnacker-im-audi-sport-tt-cup\/","url":"https:\/\/www.tts-freunde.de\/blog\/2017\/06\/21\/skistars-linus-strasser-und-daniel-bohnacker-im-audi-sport-tt-cup\/","name":"Skistars Linus Stra\u00dfer und Daniel Bohnacker im Audi Sport TT Cup - Audi Blog","isPartOf":{"@id":"https:\/\/www.tts-freunde.de\/blog\/#website"},"primaryImageOfPage":{"@id":"https:\/\/www.tts-freunde.de\/blog\/2017\/06\/21\/skistars-linus-strasser-und-daniel-bohnacker-im-audi-sport-tt-cup\/#primaryimage"},"image":{"@id":"https:\/\/www.tts-freunde.de\/blog\/2017\/06\/21\/skistars-linus-strasser-und-daniel-bohnacker-im-audi-sport-tt-cup\/#primaryimage"},"thumbnailUrl":"https:\/\/www.tts-freunde.de\/blog\/wp-content\/uploads\/2017\/06\/Audi-Sport-TT-Cup-2017.jpg","datePublished":"2017-06-21T03:00:46+00:00","dateModified":"2017-06-20T19:59:20+00:00","breadcrumb":{"@id":"https:\/\/www.tts-freunde.de\/blog\/2017\/06\/21\/skistars-linus-strasser-und-daniel-bohnacker-im-audi-sport-tt-cup\/#breadcrumb"},"inLanguage":"de","potentialAction":[{"@type":"ReadAction","target":["https:\/\/www.tts-freunde.de\/blog\/2017\/06\/21\/skistars-linus-strasser-und-daniel-bohnacker-im-audi-sport-tt-cup\/"]}]},{"@type":"ImageObject","inLanguage":"de","@id":"https:\/\/www.tts-freunde.de\/blog\/2017\/06\/21\/skistars-linus-strasser-und-daniel-bohnacker-im-audi-sport-tt-cup\/#primaryimage","url":"https:\/\/www.tts-freunde.de\/blog\/wp-content\/uploads\/2017\/06\/Audi-Sport-TT-Cup-2017.jpg","contentUrl":"https:\/\/www.tts-freunde.de\/blog\/wp-content\/uploads\/2017\/06\/Audi-Sport-TT-Cup-2017.jpg","width":1160,"height":773},{"@type":"BreadcrumbList","@id":"https:\/\/www.tts-freunde.de\/blog\/2017\/06\/21\/skistars-linus-strasser-und-daniel-bohnacker-im-audi-sport-tt-cup\/#breadcrumb","itemListElement":[{"@type":"ListItem","position":1,"name":"Home","item":"https:\/\/www.tts-freunde.de\/blog\/"},{"@type":"ListItem","position":2,"name":"Skistars Linus Stra\u00dfer und Daniel Bohnacker im Audi Sport TT Cup"}]},{"@type":"WebSite","@id":"https:\/\/www.tts-freunde.de\/blog\/#website","url":"https:\/\/www.tts-freunde.de\/blog\/","name":"Audi Blog","description":"Deutscher Audi Blog - TTS-Freunde","publisher":{"@id":"https:\/\/www.tts-freunde.de\/blog\/#organization"},"potentialAction":[{"@type":"SearchAction","target":{"@type":"EntryPoint","urlTemplate":"https:\/\/www.tts-freunde.de\/blog\/?s={search_term_string}"},"query-input":"required name=search_term_string"}],"inLanguage":"de"},{"@type":"Organization","@id":"https:\/\/www.tts-freunde.de\/blog\/#organization","name":"Audi Blog","url":"https:\/\/www.tts-freunde.de\/blog\/","logo":{"@type":"ImageObject","inLanguage":"de","@id":"https:\/\/www.tts-freunde.de\/blog\/#\/schema\/logo\/image\/","url":"https:\/\/www.tts-freunde.de\/blog\/wp-content\/uploads\/2022\/12\/logo_2022.jpg","contentUrl":"https:\/\/www.tts-freunde.de\/blog\/wp-content\/uploads\/2022\/12\/logo_2022.jpg","width":240,"height":41,"caption":"Audi Blog"},"image":{"@id":"https:\/\/www.tts-freunde.de\/blog\/#\/schema\/logo\/image\/"}},{"@type":"Person","@id":"https:\/\/www.tts-freunde.de\/blog\/#\/schema\/person\/b67f6a54e98f013bd281dbe05514b701","name":"admin","image":{"@type":"ImageObject","inLanguage":"de","@id":"https:\/\/www.tts-freunde.de\/blog\/#\/schema\/person\/image\/","url":"https:\/\/secure.gravatar.com\/avatar\/08a4bd330e25056ddb430c28136b38a6?s=96&d=mm&r=g","contentUrl":"https:\/\/secure.gravatar.com\/avatar\/08a4bd330e25056ddb430c28136b38a6?s=96&d=mm&r=g","caption":"admin"},"sameAs":["http:\/\/www.tts-freunde.de"],"url":"https:\/\/www.tts-freunde.de\/blog\/author\/admin\/"}]}},"jetpack_sharing_enabled":true,"jetpack_featured_media_url":"https:\/\/www.tts-freunde.de\/blog\/wp-content\/uploads\/2017\/06\/Audi-Sport-TT-Cup-2017.jpg","jetpack_shortlink":"https:\/\/wp.me\/p67hWW-12o","jetpack_likes_enabled":false,"jetpack-related-posts":[],"_links":{"self":[{"href":"https:\/\/www.tts-freunde.de\/blog\/wp-json\/wp\/v2\/posts\/3992"}],"collection":[{"href":"https:\/\/www.tts-freunde.de\/blog\/wp-json\/wp\/v2\/posts"}],"about":[{"href":"https:\/\/www.tts-freunde.de\/blog\/wp-json\/wp\/v2\/types\/post"}],"author":[{"embeddable":true,"href":"https:\/\/www.tts-freunde.de\/blog\/wp-json\/wp\/v2\/users\/1"}],"replies":[{"embeddable":true,"href":"https:\/\/www.tts-freunde.de\/blog\/wp-json\/wp\/v2\/comments?post=3992"}],"version-history":[{"count":2,"href":"https:\/\/www.tts-freunde.de\/blog\/wp-json\/wp\/v2\/posts\/3992\/revisions"}],"predecessor-version":[{"id":3995,"href":"https:\/\/www.tts-freunde.de\/blog\/wp-json\/wp\/v2\/posts\/3992\/revisions\/3995"}],"wp:featuredmedia":[{"embeddable":true,"href":"https:\/\/www.tts-freunde.de\/blog\/wp-json\/wp\/v2\/media\/3993"}],"wp:attachment":[{"href":"https:\/\/www.tts-freunde.de\/blog\/wp-json\/wp\/v2\/media?parent=3992"}],"wp:term":[{"taxonomy":"category","embeddable":true,"href":"https:\/\/www.tts-freunde.de\/blog\/wp-json\/wp\/v2\/categories?post=3992"},{"taxonomy":"post_tag","embeddable":true,"href":"https:\/\/www.tts-freunde.de\/blog\/wp-json\/wp\/v2\/tags?post=3992"}],"curies":[{"name":"wp","href":"https:\/\/api.w.org\/{rel}","templated":true}]}}