{"id":4150,"date":"2017-08-23T20:13:48","date_gmt":"2017-08-23T18:13:48","guid":{"rendered":"http:\/\/www.tts-freunde.de\/blog\/?p=4150"},"modified":"2017-08-23T20:13:48","modified_gmt":"2017-08-23T18:13:48","slug":"zwei-ziffern-setzen-zeichen-neue-leistungskennzeichnung-bei-audi","status":"publish","type":"post","link":"https:\/\/www.tts-freunde.de\/blog\/2017\/08\/23\/zwei-ziffern-setzen-zeichen-neue-leistungskennzeichnung-bei-audi\/","title":{"rendered":"Zwei Ziffern setzen Zeichen \u2013 neue Leistungskennzeichnung bei Audi"},"content":{"rendered":"<div id=\"item-80105801-74cf-4d48-8c78-691b2678f15f\" class=\"page-item--column col-sm-4\">\n<div class=\"custom-padding\">\n<div class=\"page-row has-no-item-box\">\n<div id=\"item-eb9ee2b9-0d04-4a5f-a57c-f3f8f533493e\" class=\"page-item--topic-list\">\n<div class=\"topic-list\">\n<ul>\n<li>Weltweit g\u00fcltige Kennzeichnung f\u00fcr alle Antriebsarten<\/li>\n<li>Klar erkennbare Hierarchie in jeder Baureihe<\/li>\n<li>Audi A8 als erstes Modell mit neuen Typkennzeichen<\/li>\n<\/ul>\n<p><a href=\"http:\/\/www.tts-freunde.de\/blog\/wp-content\/uploads\/2017\/08\/Audi-A8.jpg\"><img loading=\"lazy\" decoding=\"async\" data-attachment-id=\"4151\" data-permalink=\"https:\/\/www.tts-freunde.de\/blog\/2017\/08\/23\/zwei-ziffern-setzen-zeichen-neue-leistungskennzeichnung-bei-audi\/audi-a8-4\/\" data-orig-file=\"https:\/\/www.tts-freunde.de\/blog\/wp-content\/uploads\/2017\/08\/Audi-A8.jpg\" data-orig-size=\"1160,820\" data-comments-opened=\"0\" data-image-meta=\"{&quot;aperture&quot;:&quot;0&quot;,&quot;credit&quot;:&quot;&quot;,&quot;camera&quot;:&quot;&quot;,&quot;caption&quot;:&quot;&quot;,&quot;created_timestamp&quot;:&quot;0&quot;,&quot;copyright&quot;:&quot;&quot;,&quot;focal_length&quot;:&quot;0&quot;,&quot;iso&quot;:&quot;0&quot;,&quot;shutter_speed&quot;:&quot;0&quot;,&quot;title&quot;:&quot;&quot;,&quot;orientation&quot;:&quot;0&quot;}\" data-image-title=\"Audi A8\" data-image-description=\"\" data-image-caption=\"\" data-medium-file=\"https:\/\/www.tts-freunde.de\/blog\/wp-content\/uploads\/2017\/08\/Audi-A8-300x212.jpg\" data-large-file=\"https:\/\/www.tts-freunde.de\/blog\/wp-content\/uploads\/2017\/08\/Audi-A8-1024x724.jpg\" tabindex=\"0\" role=\"button\" class=\"aligncenter size-full wp-image-4151\" src=\"http:\/\/www.tts-freunde.de\/blog\/wp-content\/uploads\/2017\/08\/Audi-A8.jpg\" alt=\"\" width=\"1160\" height=\"820\" srcset=\"https:\/\/www.tts-freunde.de\/blog\/wp-content\/uploads\/2017\/08\/Audi-A8.jpg 1160w, https:\/\/www.tts-freunde.de\/blog\/wp-content\/uploads\/2017\/08\/Audi-A8-300x212.jpg 300w, https:\/\/www.tts-freunde.de\/blog\/wp-content\/uploads\/2017\/08\/Audi-A8-768x543.jpg 768w, https:\/\/www.tts-freunde.de\/blog\/wp-content\/uploads\/2017\/08\/Audi-A8-1024x724.jpg 1024w, https:\/\/www.tts-freunde.de\/blog\/wp-content\/uploads\/2017\/08\/Audi-A8-140x100.jpg 140w\" sizes=\"(max-width: 1160px) 100vw, 1160px\" \/><\/a><\/p>\n<div class=\"page-row has-no-item-box\">\n<div id=\"item-4f3f2b4c-fcbd-4b66-87ce-3706960a3eaf\" class=\"page-item--intro\">\n<div class=\"intro-text\">\n<p>Audi vereinheitlicht die Leistungskennzeichnung f\u00fcr sein weltweites Automobil-Angebot. Die Namen f\u00fcr die Baureihen von Audi A1 bis Audi Q7 bleiben unver\u00e4ndert. Innerhalb der Modellfamilien ersetzen k\u00fcnftig global zweistellige Ziffernkombinationen die bisher unterschiedlichen Typbezeichnungen. Die neue Kennzeichnung spiegelt die spezifische Antriebsleistung wider und gilt f\u00fcr Automobile mit Verbrennungsmotor ebenso wie f\u00fcr <span class=\"nowrap\">e-tron<\/span>-Modelle mit Hybrid- und Elektroantrieb.<\/p>\n<\/div>\n<\/div>\n<\/div>\n<div class=\"page-row has-no-item-box\">\n<div id=\"item-f0fa5238-d944-49ed-92eb-1c477a933b6b\" class=\"page-item--text\">\n<div class=\"style-links-for-body-text\">\n<p>Bezugsgr\u00f6\u00dfe f\u00fcr die neuen Typbezeichnungen ist die Antriebsleistung des jeweiligen Modells in Kilowatt\u00a0(kW). Audi unterteilt dabei seine Modellpalette in Leistungsstufen \u2013 dargestellt von zweistelligen Ziffernkombinationen. So steht die Ziffernkombination \u201e30\u201c k\u00fcnftig am Heck jener Modelle, die zwischen 81 und 96 kW Leistung mobilisieren. \u201e45\u201c steht f\u00fcr den Leistungsbereich von 169 bis 185 kW. Die Spitze des Audi-Modellprogramms bildet die Leistungsklasse oberhalb von 400 kW. F\u00fcr sie steht die Ziffernkombination \u201e70\u201c. Erg\u00e4nzt werden die Ziffern jeweils von der Motorentechnologie \u2013 also TFSI, TDI, <span class=\"nowrap\">g-tron<\/span> oder <span class=\"nowrap\">e-tron<\/span>.<\/p>\n<p>Die Ziffernpaare f\u00fcr die Leistungskennzeichnung steigen in der Audi-Palette jeweils in F\u00fcnfer-Schritten und repr\u00e4sentieren die Hierarchie sowohl innerhalb einer Modellreihe als auch im gesamten Programm der Marke. Der neuen Nomenklatur zufolge reicht die Bandbreite k\u00fcnftig vom Audi Q2 30 TFSI mit 85 kW (Kraftstoffverbrauch kombiniert in l\/100 km: 5,4 &#8211; 5,1*; CO<sub>2<\/sub>-Emission in g\/km: 123 &#8211; 117*) bis zum Audi Q7 50 TDI mit 200 kW (Kraftstoffverbrauch kombiniert in l\/100 km: 6,4 &#8211; 5,9*; CO<sub>2<\/sub>-Emission in g\/km: 168 &#8211; 154*). Eine Sonderstellung im Programm nehmen die sportlichen S- und RS-Topmodelle sowie der Audi R8 ein (Kraftstoffverbrauch kombiniert in l\/100 km: 12,5 &#8211; 11,4; CO<sub>2<\/sub>-Emissionen kombiniert in g\/km: 292 \u2013 272). Sie behalten ihre klassische Namensgebung und verweisen damit auf die Spitzenposition im Modellangebot.<\/p>\n<p>\u201eMit der zunehmenden Relevanz alternativer Antriebstechnologien wird Hubraum als Leistungsmerkmal bei unseren Kunden an Bedeutung verlieren. Die klare Logik der k\u00fcnftigen Kennzeichnung nach Antriebsleistung macht es m\u00f6glich, das Angebot der Leistungsstufen zu differenzieren\u201c, sagt Dr. Dietmar Voggenreiter, Audi-Vorstand f\u00fcr Vertrieb und Marketing.<\/p>\n<p>Den Anfang macht die neue Audi A8-Generation im Herbst 2017. Von den beiden Sechszylinder-Motorisierungen startet der 3.0 TDI mit 210 kW als Audi A8 50 TDI (Kraftstoffverbrauch kombiniert in l\/100 km: 5,8 &#8211; 5,6**; CO<sub>2<\/sub>-Emission kombiniert in g\/km: 152 &#8211; 145**), der 250 kW starke 3.0 TFSI als Audi A8 55 TFSI (Kraftstoffverbrauch kombiniert in l\/100 km: 7,8 &#8211; 7,5**; CO<sub>2<\/sub>-Emission kombiniert in g\/km: 178 &#8211; 171**).<\/p>\n<p>Alle in den n\u00e4chsten Monaten neu anlaufenden Audi-Modellreihen erhalten ab Verkaufsbeginn die neuen Leistungskennzeichen. Die \u00fcbrigen Baureihen des laufenden Angebots stellt Audi bis zum Modelljahreswechsel im Sommer 2018 um.<\/p>\n<\/div>\n<\/div>\n<\/div>\n<\/div>\n<\/div>\n<\/div>\n<\/div>\n<\/div>\n","protected":false},"excerpt":{"rendered":"<p>Weltweit g\u00fcltige Kennzeichnung f\u00fcr alle Antriebsarten Klar erkennbare Hierarchie in jeder Baureihe Audi A8 als erstes Modell mit neuen Typkennzeichen Audi vereinheitlicht die Leistungskennzeichnung f\u00fcr sein weltweites Automobil-Angebot. Die Namen f\u00fcr die Baureihen von Audi A1 bis Audi Q7 bleiben unver\u00e4ndert. Innerhalb der Modellfamilien ersetzen k\u00fcnftig global zweistellige Ziffernkombinationen die [&hellip;]<\/p>\n","protected":false},"author":1,"featured_media":4151,"comment_status":"closed","ping_status":"open","sticky":false,"template":"","format":"standard","meta":{"jetpack_post_was_ever_published":false,"_jetpack_newsletter_access":"","_jetpack_dont_email_post_to_subs":false,"_jetpack_newsletter_tier_id":0,"_jetpack_memberships_contains_paywalled_content":false,"_jetpack_memberships_contains_paid_content":false,"footnotes":"","jetpack_publicize_message":"Zwei Ziffern setzen Zeichen \u2013 neue Leistungskennzeichnung bei Audi #audi","jetpack_publicize_feature_enabled":true,"jetpack_social_post_already_shared":true,"jetpack_social_options":{"image_generator_settings":{"template":"highway","enabled":false},"version":2}},"categories":[16],"tags":[],"class_list":["post-4150","post","type-post","status-publish","format-standard","has-post-thumbnail","hentry","category-audi-ag"],"wppr_data":{"cwp_meta_box_check":"No"},"jetpack_publicize_connections":[],"yoast_head":"<!-- This site is optimized with the Yoast SEO plugin v23.3 - https:\/\/yoast.com\/wordpress\/plugins\/seo\/ -->\n<title>Zwei Ziffern setzen Zeichen \u2013 neue Leistungskennzeichnung bei Audi - Audi Blog<\/title>\n<meta name=\"robots\" content=\"index, follow, max-snippet:-1, max-image-preview:large, max-video-preview:-1\" \/>\n<link rel=\"canonical\" href=\"https:\/\/www.tts-freunde.de\/blog\/2017\/08\/23\/zwei-ziffern-setzen-zeichen-neue-leistungskennzeichnung-bei-audi\/\" \/>\n<meta property=\"og:locale\" content=\"de_DE\" \/>\n<meta property=\"og:type\" content=\"article\" \/>\n<meta property=\"og:title\" content=\"Zwei Ziffern setzen Zeichen \u2013 neue Leistungskennzeichnung bei Audi - Audi Blog\" \/>\n<meta property=\"og:description\" content=\"Weltweit g\u00fcltige Kennzeichnung f\u00fcr alle Antriebsarten Klar erkennbare Hierarchie in jeder Baureihe Audi A8 als erstes Modell mit neuen Typkennzeichen Audi vereinheitlicht die Leistungskennzeichnung f\u00fcr sein weltweites Automobil-Angebot. Die Namen f\u00fcr die Baureihen von Audi A1 bis Audi Q7 bleiben unver\u00e4ndert. Innerhalb der Modellfamilien ersetzen k\u00fcnftig global zweistellige Ziffernkombinationen die [&hellip;]\" \/>\n<meta property=\"og:url\" content=\"https:\/\/www.tts-freunde.de\/blog\/2017\/08\/23\/zwei-ziffern-setzen-zeichen-neue-leistungskennzeichnung-bei-audi\/\" \/>\n<meta property=\"og:site_name\" content=\"Audi Blog\" \/>\n<meta property=\"article:published_time\" content=\"2017-08-23T18:13:48+00:00\" \/>\n<meta property=\"og:image\" content=\"https:\/\/www.tts-freunde.de\/blog\/wp-content\/uploads\/2017\/08\/Audi-A8.jpg\" \/>\n\t<meta property=\"og:image:width\" content=\"1160\" \/>\n\t<meta property=\"og:image:height\" content=\"820\" \/>\n\t<meta property=\"og:image:type\" content=\"image\/jpeg\" \/>\n<meta name=\"author\" content=\"admin\" \/>\n<meta name=\"twitter:card\" content=\"summary_large_image\" \/>\n<meta name=\"twitter:label1\" content=\"Verfasst von\" \/>\n\t<meta name=\"twitter:data1\" content=\"admin\" \/>\n\t<meta name=\"twitter:label2\" content=\"Gesch\u00e4tzte Lesezeit\" \/>\n\t<meta name=\"twitter:data2\" content=\"2\u00a0Minuten\" \/>\n<script type=\"application\/ld+json\" class=\"yoast-schema-graph\">{\"@context\":\"https:\/\/schema.org\",\"@graph\":[{\"@type\":\"Article\",\"@id\":\"https:\/\/www.tts-freunde.de\/blog\/2017\/08\/23\/zwei-ziffern-setzen-zeichen-neue-leistungskennzeichnung-bei-audi\/#article\",\"isPartOf\":{\"@id\":\"https:\/\/www.tts-freunde.de\/blog\/2017\/08\/23\/zwei-ziffern-setzen-zeichen-neue-leistungskennzeichnung-bei-audi\/\"},\"author\":{\"name\":\"admin\",\"@id\":\"https:\/\/www.tts-freunde.de\/blog\/#\/schema\/person\/b67f6a54e98f013bd281dbe05514b701\"},\"headline\":\"Zwei Ziffern setzen Zeichen \u2013 neue Leistungskennzeichnung bei Audi\",\"datePublished\":\"2017-08-23T18:13:48+00:00\",\"dateModified\":\"2017-08-23T18:13:48+00:00\",\"mainEntityOfPage\":{\"@id\":\"https:\/\/www.tts-freunde.de\/blog\/2017\/08\/23\/zwei-ziffern-setzen-zeichen-neue-leistungskennzeichnung-bei-audi\/\"},\"wordCount\":420,\"publisher\":{\"@id\":\"https:\/\/www.tts-freunde.de\/blog\/#organization\"},\"image\":{\"@id\":\"https:\/\/www.tts-freunde.de\/blog\/2017\/08\/23\/zwei-ziffern-setzen-zeichen-neue-leistungskennzeichnung-bei-audi\/#primaryimage\"},\"thumbnailUrl\":\"https:\/\/www.tts-freunde.de\/blog\/wp-content\/uploads\/2017\/08\/Audi-A8.jpg\",\"articleSection\":[\"Audi AG\"],\"inLanguage\":\"de\"},{\"@type\":\"WebPage\",\"@id\":\"https:\/\/www.tts-freunde.de\/blog\/2017\/08\/23\/zwei-ziffern-setzen-zeichen-neue-leistungskennzeichnung-bei-audi\/\",\"url\":\"https:\/\/www.tts-freunde.de\/blog\/2017\/08\/23\/zwei-ziffern-setzen-zeichen-neue-leistungskennzeichnung-bei-audi\/\",\"name\":\"Zwei Ziffern setzen Zeichen \u2013 neue Leistungskennzeichnung bei Audi - Audi Blog\",\"isPartOf\":{\"@id\":\"https:\/\/www.tts-freunde.de\/blog\/#website\"},\"primaryImageOfPage\":{\"@id\":\"https:\/\/www.tts-freunde.de\/blog\/2017\/08\/23\/zwei-ziffern-setzen-zeichen-neue-leistungskennzeichnung-bei-audi\/#primaryimage\"},\"image\":{\"@id\":\"https:\/\/www.tts-freunde.de\/blog\/2017\/08\/23\/zwei-ziffern-setzen-zeichen-neue-leistungskennzeichnung-bei-audi\/#primaryimage\"},\"thumbnailUrl\":\"https:\/\/www.tts-freunde.de\/blog\/wp-content\/uploads\/2017\/08\/Audi-A8.jpg\",\"datePublished\":\"2017-08-23T18:13:48+00:00\",\"dateModified\":\"2017-08-23T18:13:48+00:00\",\"breadcrumb\":{\"@id\":\"https:\/\/www.tts-freunde.de\/blog\/2017\/08\/23\/zwei-ziffern-setzen-zeichen-neue-leistungskennzeichnung-bei-audi\/#breadcrumb\"},\"inLanguage\":\"de\",\"potentialAction\":[{\"@type\":\"ReadAction\",\"target\":[\"https:\/\/www.tts-freunde.de\/blog\/2017\/08\/23\/zwei-ziffern-setzen-zeichen-neue-leistungskennzeichnung-bei-audi\/\"]}]},{\"@type\":\"ImageObject\",\"inLanguage\":\"de\",\"@id\":\"https:\/\/www.tts-freunde.de\/blog\/2017\/08\/23\/zwei-ziffern-setzen-zeichen-neue-leistungskennzeichnung-bei-audi\/#primaryimage\",\"url\":\"https:\/\/www.tts-freunde.de\/blog\/wp-content\/uploads\/2017\/08\/Audi-A8.jpg\",\"contentUrl\":\"https:\/\/www.tts-freunde.de\/blog\/wp-content\/uploads\/2017\/08\/Audi-A8.jpg\",\"width\":1160,\"height\":820},{\"@type\":\"BreadcrumbList\",\"@id\":\"https:\/\/www.tts-freunde.de\/blog\/2017\/08\/23\/zwei-ziffern-setzen-zeichen-neue-leistungskennzeichnung-bei-audi\/#breadcrumb\",\"itemListElement\":[{\"@type\":\"ListItem\",\"position\":1,\"name\":\"Home\",\"item\":\"https:\/\/www.tts-freunde.de\/blog\/\"},{\"@type\":\"ListItem\",\"position\":2,\"name\":\"Zwei Ziffern setzen Zeichen \u2013 neue Leistungskennzeichnung bei Audi\"}]},{\"@type\":\"WebSite\",\"@id\":\"https:\/\/www.tts-freunde.de\/blog\/#website\",\"url\":\"https:\/\/www.tts-freunde.de\/blog\/\",\"name\":\"Audi Blog\",\"description\":\"Deutscher Audi Blog - TTS-Freunde\",\"publisher\":{\"@id\":\"https:\/\/www.tts-freunde.de\/blog\/#organization\"},\"potentialAction\":[{\"@type\":\"SearchAction\",\"target\":{\"@type\":\"EntryPoint\",\"urlTemplate\":\"https:\/\/www.tts-freunde.de\/blog\/?s={search_term_string}\"},\"query-input\":\"required name=search_term_string\"}],\"inLanguage\":\"de\"},{\"@type\":\"Organization\",\"@id\":\"https:\/\/www.tts-freunde.de\/blog\/#organization\",\"name\":\"Audi Blog\",\"url\":\"https:\/\/www.tts-freunde.de\/blog\/\",\"logo\":{\"@type\":\"ImageObject\",\"inLanguage\":\"de\",\"@id\":\"https:\/\/www.tts-freunde.de\/blog\/#\/schema\/logo\/image\/\",\"url\":\"https:\/\/www.tts-freunde.de\/blog\/wp-content\/uploads\/2022\/12\/logo_2022.jpg\",\"contentUrl\":\"https:\/\/www.tts-freunde.de\/blog\/wp-content\/uploads\/2022\/12\/logo_2022.jpg\",\"width\":240,\"height\":41,\"caption\":\"Audi Blog\"},\"image\":{\"@id\":\"https:\/\/www.tts-freunde.de\/blog\/#\/schema\/logo\/image\/\"}},{\"@type\":\"Person\",\"@id\":\"https:\/\/www.tts-freunde.de\/blog\/#\/schema\/person\/b67f6a54e98f013bd281dbe05514b701\",\"name\":\"admin\",\"image\":{\"@type\":\"ImageObject\",\"inLanguage\":\"de\",\"@id\":\"https:\/\/www.tts-freunde.de\/blog\/#\/schema\/person\/image\/\",\"url\":\"https:\/\/secure.gravatar.com\/avatar\/08a4bd330e25056ddb430c28136b38a6?s=96&d=mm&r=g\",\"contentUrl\":\"https:\/\/secure.gravatar.com\/avatar\/08a4bd330e25056ddb430c28136b38a6?s=96&d=mm&r=g\",\"caption\":\"admin\"},\"sameAs\":[\"http:\/\/www.tts-freunde.de\"],\"url\":\"https:\/\/www.tts-freunde.de\/blog\/author\/admin\/\"}]}<\/script>\n<!-- \/ Yoast SEO plugin. -->","yoast_head_json":{"title":"Zwei Ziffern setzen Zeichen \u2013 neue Leistungskennzeichnung bei Audi - Audi Blog","robots":{"index":"index","follow":"follow","max-snippet":"max-snippet:-1","max-image-preview":"max-image-preview:large","max-video-preview":"max-video-preview:-1"},"canonical":"https:\/\/www.tts-freunde.de\/blog\/2017\/08\/23\/zwei-ziffern-setzen-zeichen-neue-leistungskennzeichnung-bei-audi\/","og_locale":"de_DE","og_type":"article","og_title":"Zwei Ziffern setzen Zeichen \u2013 neue Leistungskennzeichnung bei Audi - Audi Blog","og_description":"Weltweit g\u00fcltige Kennzeichnung f\u00fcr alle Antriebsarten Klar erkennbare Hierarchie in jeder Baureihe Audi A8 als erstes Modell mit neuen Typkennzeichen Audi vereinheitlicht die Leistungskennzeichnung f\u00fcr sein weltweites Automobil-Angebot. Die Namen f\u00fcr die Baureihen von Audi A1 bis Audi Q7 bleiben unver\u00e4ndert. Innerhalb der Modellfamilien ersetzen k\u00fcnftig global zweistellige Ziffernkombinationen die [&hellip;]","og_url":"https:\/\/www.tts-freunde.de\/blog\/2017\/08\/23\/zwei-ziffern-setzen-zeichen-neue-leistungskennzeichnung-bei-audi\/","og_site_name":"Audi Blog","article_published_time":"2017-08-23T18:13:48+00:00","og_image":[{"width":1160,"height":820,"url":"https:\/\/www.tts-freunde.de\/blog\/wp-content\/uploads\/2017\/08\/Audi-A8.jpg","type":"image\/jpeg"}],"author":"admin","twitter_card":"summary_large_image","twitter_misc":{"Verfasst von":"admin","Gesch\u00e4tzte Lesezeit":"2\u00a0Minuten"},"schema":{"@context":"https:\/\/schema.org","@graph":[{"@type":"Article","@id":"https:\/\/www.tts-freunde.de\/blog\/2017\/08\/23\/zwei-ziffern-setzen-zeichen-neue-leistungskennzeichnung-bei-audi\/#article","isPartOf":{"@id":"https:\/\/www.tts-freunde.de\/blog\/2017\/08\/23\/zwei-ziffern-setzen-zeichen-neue-leistungskennzeichnung-bei-audi\/"},"author":{"name":"admin","@id":"https:\/\/www.tts-freunde.de\/blog\/#\/schema\/person\/b67f6a54e98f013bd281dbe05514b701"},"headline":"Zwei Ziffern setzen Zeichen \u2013 neue Leistungskennzeichnung bei Audi","datePublished":"2017-08-23T18:13:48+00:00","dateModified":"2017-08-23T18:13:48+00:00","mainEntityOfPage":{"@id":"https:\/\/www.tts-freunde.de\/blog\/2017\/08\/23\/zwei-ziffern-setzen-zeichen-neue-leistungskennzeichnung-bei-audi\/"},"wordCount":420,"publisher":{"@id":"https:\/\/www.tts-freunde.de\/blog\/#organization"},"image":{"@id":"https:\/\/www.tts-freunde.de\/blog\/2017\/08\/23\/zwei-ziffern-setzen-zeichen-neue-leistungskennzeichnung-bei-audi\/#primaryimage"},"thumbnailUrl":"https:\/\/www.tts-freunde.de\/blog\/wp-content\/uploads\/2017\/08\/Audi-A8.jpg","articleSection":["Audi AG"],"inLanguage":"de"},{"@type":"WebPage","@id":"https:\/\/www.tts-freunde.de\/blog\/2017\/08\/23\/zwei-ziffern-setzen-zeichen-neue-leistungskennzeichnung-bei-audi\/","url":"https:\/\/www.tts-freunde.de\/blog\/2017\/08\/23\/zwei-ziffern-setzen-zeichen-neue-leistungskennzeichnung-bei-audi\/","name":"Zwei Ziffern setzen Zeichen \u2013 neue Leistungskennzeichnung bei Audi - Audi Blog","isPartOf":{"@id":"https:\/\/www.tts-freunde.de\/blog\/#website"},"primaryImageOfPage":{"@id":"https:\/\/www.tts-freunde.de\/blog\/2017\/08\/23\/zwei-ziffern-setzen-zeichen-neue-leistungskennzeichnung-bei-audi\/#primaryimage"},"image":{"@id":"https:\/\/www.tts-freunde.de\/blog\/2017\/08\/23\/zwei-ziffern-setzen-zeichen-neue-leistungskennzeichnung-bei-audi\/#primaryimage"},"thumbnailUrl":"https:\/\/www.tts-freunde.de\/blog\/wp-content\/uploads\/2017\/08\/Audi-A8.jpg","datePublished":"2017-08-23T18:13:48+00:00","dateModified":"2017-08-23T18:13:48+00:00","breadcrumb":{"@id":"https:\/\/www.tts-freunde.de\/blog\/2017\/08\/23\/zwei-ziffern-setzen-zeichen-neue-leistungskennzeichnung-bei-audi\/#breadcrumb"},"inLanguage":"de","potentialAction":[{"@type":"ReadAction","target":["https:\/\/www.tts-freunde.de\/blog\/2017\/08\/23\/zwei-ziffern-setzen-zeichen-neue-leistungskennzeichnung-bei-audi\/"]}]},{"@type":"ImageObject","inLanguage":"de","@id":"https:\/\/www.tts-freunde.de\/blog\/2017\/08\/23\/zwei-ziffern-setzen-zeichen-neue-leistungskennzeichnung-bei-audi\/#primaryimage","url":"https:\/\/www.tts-freunde.de\/blog\/wp-content\/uploads\/2017\/08\/Audi-A8.jpg","contentUrl":"https:\/\/www.tts-freunde.de\/blog\/wp-content\/uploads\/2017\/08\/Audi-A8.jpg","width":1160,"height":820},{"@type":"BreadcrumbList","@id":"https:\/\/www.tts-freunde.de\/blog\/2017\/08\/23\/zwei-ziffern-setzen-zeichen-neue-leistungskennzeichnung-bei-audi\/#breadcrumb","itemListElement":[{"@type":"ListItem","position":1,"name":"Home","item":"https:\/\/www.tts-freunde.de\/blog\/"},{"@type":"ListItem","position":2,"name":"Zwei Ziffern setzen Zeichen \u2013 neue Leistungskennzeichnung bei Audi"}]},{"@type":"WebSite","@id":"https:\/\/www.tts-freunde.de\/blog\/#website","url":"https:\/\/www.tts-freunde.de\/blog\/","name":"Audi Blog","description":"Deutscher Audi Blog - TTS-Freunde","publisher":{"@id":"https:\/\/www.tts-freunde.de\/blog\/#organization"},"potentialAction":[{"@type":"SearchAction","target":{"@type":"EntryPoint","urlTemplate":"https:\/\/www.tts-freunde.de\/blog\/?s={search_term_string}"},"query-input":"required name=search_term_string"}],"inLanguage":"de"},{"@type":"Organization","@id":"https:\/\/www.tts-freunde.de\/blog\/#organization","name":"Audi Blog","url":"https:\/\/www.tts-freunde.de\/blog\/","logo":{"@type":"ImageObject","inLanguage":"de","@id":"https:\/\/www.tts-freunde.de\/blog\/#\/schema\/logo\/image\/","url":"https:\/\/www.tts-freunde.de\/blog\/wp-content\/uploads\/2022\/12\/logo_2022.jpg","contentUrl":"https:\/\/www.tts-freunde.de\/blog\/wp-content\/uploads\/2022\/12\/logo_2022.jpg","width":240,"height":41,"caption":"Audi Blog"},"image":{"@id":"https:\/\/www.tts-freunde.de\/blog\/#\/schema\/logo\/image\/"}},{"@type":"Person","@id":"https:\/\/www.tts-freunde.de\/blog\/#\/schema\/person\/b67f6a54e98f013bd281dbe05514b701","name":"admin","image":{"@type":"ImageObject","inLanguage":"de","@id":"https:\/\/www.tts-freunde.de\/blog\/#\/schema\/person\/image\/","url":"https:\/\/secure.gravatar.com\/avatar\/08a4bd330e25056ddb430c28136b38a6?s=96&d=mm&r=g","contentUrl":"https:\/\/secure.gravatar.com\/avatar\/08a4bd330e25056ddb430c28136b38a6?s=96&d=mm&r=g","caption":"admin"},"sameAs":["http:\/\/www.tts-freunde.de"],"url":"https:\/\/www.tts-freunde.de\/blog\/author\/admin\/"}]}},"jetpack_sharing_enabled":true,"jetpack_featured_media_url":"https:\/\/www.tts-freunde.de\/blog\/wp-content\/uploads\/2017\/08\/Audi-A8.jpg","jetpack_shortlink":"https:\/\/wp.me\/p67hWW-14W","jetpack_likes_enabled":false,"jetpack-related-posts":[],"_links":{"self":[{"href":"https:\/\/www.tts-freunde.de\/blog\/wp-json\/wp\/v2\/posts\/4150"}],"collection":[{"href":"https:\/\/www.tts-freunde.de\/blog\/wp-json\/wp\/v2\/posts"}],"about":[{"href":"https:\/\/www.tts-freunde.de\/blog\/wp-json\/wp\/v2\/types\/post"}],"author":[{"embeddable":true,"href":"https:\/\/www.tts-freunde.de\/blog\/wp-json\/wp\/v2\/users\/1"}],"replies":[{"embeddable":true,"href":"https:\/\/www.tts-freunde.de\/blog\/wp-json\/wp\/v2\/comments?post=4150"}],"version-history":[{"count":1,"href":"https:\/\/www.tts-freunde.de\/blog\/wp-json\/wp\/v2\/posts\/4150\/revisions"}],"predecessor-version":[{"id":4152,"href":"https:\/\/www.tts-freunde.de\/blog\/wp-json\/wp\/v2\/posts\/4150\/revisions\/4152"}],"wp:featuredmedia":[{"embeddable":true,"href":"https:\/\/www.tts-freunde.de\/blog\/wp-json\/wp\/v2\/media\/4151"}],"wp:attachment":[{"href":"https:\/\/www.tts-freunde.de\/blog\/wp-json\/wp\/v2\/media?parent=4150"}],"wp:term":[{"taxonomy":"category","embeddable":true,"href":"https:\/\/www.tts-freunde.de\/blog\/wp-json\/wp\/v2\/categories?post=4150"},{"taxonomy":"post_tag","embeddable":true,"href":"https:\/\/www.tts-freunde.de\/blog\/wp-json\/wp\/v2\/tags?post=4150"}],"curies":[{"name":"wp","href":"https:\/\/api.w.org\/{rel}","templated":true}]}}