{"id":4206,"date":"2017-09-27T05:00:55","date_gmt":"2017-09-27T03:00:55","guid":{"rendered":"http:\/\/www.tts-freunde.de\/blog\/?p=4206"},"modified":"2017-09-26T21:08:22","modified_gmt":"2017-09-26T19:08:22","slug":"basketballer-des-fc-bayern-fahren-audi","status":"publish","type":"post","link":"https:\/\/www.tts-freunde.de\/blog\/2017\/09\/27\/basketballer-des-fc-bayern-fahren-audi\/","title":{"rendered":"Basketballer des FC Bayern fahren Audi"},"content":{"rendered":"<div id=\"item-b3fb9bc1-0b1d-4f9d-8226-8f25cbbb3953\" class=\"page-item--column col-sm-4\">\n<div class=\"custom-padding\">\n<div class=\"page-row has-no-item-box\">\n<div id=\"item-2cc7fffa-75fa-401b-91ac-285fb82923bc\" class=\"page-item--topic-list\">\n<div class=\"topic-list\">\n<ul>\n<li>Spieler nehmen neue Audi A4 Avant in Empfang<\/li>\n<li>Erlebnistag f\u00fcr Fans und Audi-Mitarbeiter in Ingolstadt<\/li>\n<li>Erstes Heimspiel am 3. Oktober im Audi Dome<\/li>\n<\/ul>\n<p><a href=\"http:\/\/www.tts-freunde.de\/blog\/wp-content\/uploads\/2017\/09\/Basketballer-des-FC-Bayern-fahren-Audi.jpg\"><img loading=\"lazy\" decoding=\"async\" data-attachment-id=\"4207\" data-permalink=\"https:\/\/www.tts-freunde.de\/blog\/2017\/09\/27\/basketballer-des-fc-bayern-fahren-audi\/basketballer-des-fc-bayern-fahren-audi\/\" data-orig-file=\"https:\/\/www.tts-freunde.de\/blog\/wp-content\/uploads\/2017\/09\/Basketballer-des-FC-Bayern-fahren-Audi.jpg\" data-orig-size=\"1160,773\" data-comments-opened=\"0\" data-image-meta=\"{&quot;aperture&quot;:&quot;0&quot;,&quot;credit&quot;:&quot;&quot;,&quot;camera&quot;:&quot;&quot;,&quot;caption&quot;:&quot;&quot;,&quot;created_timestamp&quot;:&quot;0&quot;,&quot;copyright&quot;:&quot;&quot;,&quot;focal_length&quot;:&quot;0&quot;,&quot;iso&quot;:&quot;0&quot;,&quot;shutter_speed&quot;:&quot;0&quot;,&quot;title&quot;:&quot;&quot;,&quot;orientation&quot;:&quot;0&quot;}\" data-image-title=\"Basketballer des FC Bayern fahren Audi\" data-image-description=\"\" data-image-caption=\"\" data-medium-file=\"https:\/\/www.tts-freunde.de\/blog\/wp-content\/uploads\/2017\/09\/Basketballer-des-FC-Bayern-fahren-Audi-300x200.jpg\" data-large-file=\"https:\/\/www.tts-freunde.de\/blog\/wp-content\/uploads\/2017\/09\/Basketballer-des-FC-Bayern-fahren-Audi-1024x682.jpg\" tabindex=\"0\" role=\"button\" class=\"aligncenter size-full wp-image-4207\" src=\"http:\/\/www.tts-freunde.de\/blog\/wp-content\/uploads\/2017\/09\/Basketballer-des-FC-Bayern-fahren-Audi.jpg\" alt=\"\" width=\"1160\" height=\"773\" srcset=\"https:\/\/www.tts-freunde.de\/blog\/wp-content\/uploads\/2017\/09\/Basketballer-des-FC-Bayern-fahren-Audi.jpg 1160w, https:\/\/www.tts-freunde.de\/blog\/wp-content\/uploads\/2017\/09\/Basketballer-des-FC-Bayern-fahren-Audi-300x200.jpg 300w, https:\/\/www.tts-freunde.de\/blog\/wp-content\/uploads\/2017\/09\/Basketballer-des-FC-Bayern-fahren-Audi-768x512.jpg 768w, https:\/\/www.tts-freunde.de\/blog\/wp-content\/uploads\/2017\/09\/Basketballer-des-FC-Bayern-fahren-Audi-1024x682.jpg 1024w\" sizes=\"(max-width: 1160px) 100vw, 1160px\" \/><\/a><\/p>\n<div class=\"page-row has-no-item-box\">\n<div id=\"item-2b0bc812-b203-4ed4-80e7-1594405a206b\" class=\"page-item--intro\">\n<div class=\"intro-text\">\n<p>Wenige Tage vor dem Saisonstart haben die Basketballer des FC Bayern M\u00fcnchen heute ihren Partner Audi besucht. Die Spieler besichtigten das Werk in Ingolstadt, trafen Fans und Mitarbeiter und nahmen ihre neuen Dienstautos in Empfang. Auch in dieser Saison ist das Team im Audi A4 Avant (Kraftstoffverbrauch kombiniert in l\/100 km: 6,4\u20133,8;<br \/>\nCO<sub>2<\/sub>-Emission kombiniert in g\/km: 147\u201399) unterwegs.<\/p>\n<\/div>\n<\/div>\n<\/div>\n<div class=\"page-row has-no-item-box\">\n<div id=\"item-11a0806f-1577-4f0a-8802-cf3e90e7c130\" class=\"page-item--text\">\n<div class=\"style-links-for-body-text\">\n<p>Jede Menge Action am Audi Forum in Ingolstadt: Die Basketballer des FC Bayern M\u00fcnchen schrieben Autogramme f\u00fcr Fans und Mitarbeiter, forderten die Besucher zum Dribbling- und Wurfwettbewerb heraus und posierten f\u00fcr Selfies mit den Besuchern auf der Audi Piazza. Der Erlebnistag war eine willkommene Abwechslung f\u00fcr das Team um Coach Aleksandar Djordjevic und eine perfekte Einstimmung auf die neue Saison. Audi und die Bayern gehen in die sechste Saison ihrer Partnerschaft.<\/p>\n<p>\u201eMan konnte sehen, wie viel Spa\u00df Spieler und Fans heute hier bei Audi hatten\u201c, sagte Alexander Schuhmacher, Gesamtvertriebsleiter Region S\u00fcd der AUDI AG. \u201eDas Event zeigt, wie wir die Partnerschaft immer wieder auch abseits des Spielfelds mit Leben f\u00fcllen. Jetzt w\u00fcnschen wir der Mannschaft einen gelungenen Start in die neue Spielzeit und eine erfolgreiche Saison.\u201c Wie im Vorjahr fahren die Basketballer des FC Bayern M\u00fcnchen Audi A4 Avant. Die Modelle tragen das Logo des Audi Dome\u00a0auf dem Schweller und die Vier Ringe auf den Einstiegsleisten. Damit sind ihre prominenten Besitzer sofort zu erkennen.<\/p>\n<p>Nach dem offiziellen Teil mit der \u00dcbergabe der Autos warfen Spieler und Trainer noch einen Blick in die Automobil-Fertigung und erhielten eine F\u00fchrung durch das Werk. \u201eDas war sehr interessant heute\u201c, sagte der Routinier Anton Gavel. \u201eBeeindruckend, wie auch hier Teamwork und Pr\u00e4zision z\u00e4hlen \u2013 da haben wir einiges gemeinsam.\u201c<\/p>\n<p>Die neue Saison beginnt f\u00fcr den Meister des Jahres 2014 am kommenden Samstag mit einem Ausw\u00e4rtsspiel gegen Gie\u00dfen. Am Dienstag, 3. Oktober, folgt das erste Heimspiel im Audi Dome in M\u00fcnchen.<\/p>\n<p>[instagram-feed]<\/p>\n<\/div>\n<\/div>\n<\/div>\n<\/div>\n<\/div>\n<\/div>\n<\/div>\n<\/div>\n","protected":false},"excerpt":{"rendered":"<p>Spieler nehmen neue Audi A4 Avant in Empfang Erlebnistag f\u00fcr Fans und Audi-Mitarbeiter in Ingolstadt Erstes Heimspiel am 3. Oktober im Audi Dome Wenige Tage vor dem Saisonstart haben die Basketballer des FC Bayern M\u00fcnchen heute ihren Partner Audi besucht. Die Spieler besichtigten das Werk in Ingolstadt, trafen Fans und [&hellip;]<\/p>\n","protected":false},"author":1,"featured_media":4207,"comment_status":"closed","ping_status":"open","sticky":false,"template":"","format":"standard","meta":{"jetpack_post_was_ever_published":false,"_jetpack_newsletter_access":"","_jetpack_dont_email_post_to_subs":false,"_jetpack_newsletter_tier_id":0,"_jetpack_memberships_contains_paywalled_content":false,"_jetpack_memberships_contains_paid_content":false,"footnotes":"","jetpack_publicize_message":"Basketballer des FC Bayern fahren Audi #audi","jetpack_publicize_feature_enabled":true,"jetpack_social_post_already_shared":true,"jetpack_social_options":{"image_generator_settings":{"template":"highway","enabled":false},"version":2}},"categories":[16],"tags":[],"class_list":["post-4206","post","type-post","status-publish","format-standard","has-post-thumbnail","hentry","category-audi-ag"],"wppr_data":{"cwp_meta_box_check":"No"},"jetpack_publicize_connections":[],"yoast_head":"<!-- This site is optimized with the Yoast SEO plugin v23.3 - https:\/\/yoast.com\/wordpress\/plugins\/seo\/ -->\n<title>Basketballer des FC Bayern fahren Audi - Audi Blog<\/title>\n<meta name=\"robots\" content=\"index, follow, max-snippet:-1, max-image-preview:large, max-video-preview:-1\" \/>\n<link rel=\"canonical\" href=\"https:\/\/www.tts-freunde.de\/blog\/2017\/09\/27\/basketballer-des-fc-bayern-fahren-audi\/\" \/>\n<meta property=\"og:locale\" content=\"de_DE\" \/>\n<meta property=\"og:type\" content=\"article\" \/>\n<meta property=\"og:title\" content=\"Basketballer des FC Bayern fahren Audi - Audi Blog\" \/>\n<meta property=\"og:description\" content=\"Spieler nehmen neue Audi A4 Avant in Empfang Erlebnistag f\u00fcr Fans und Audi-Mitarbeiter in Ingolstadt Erstes Heimspiel am 3. Oktober im Audi Dome Wenige Tage vor dem Saisonstart haben die Basketballer des FC Bayern M\u00fcnchen heute ihren Partner Audi besucht. Die Spieler besichtigten das Werk in Ingolstadt, trafen Fans und [&hellip;]\" \/>\n<meta property=\"og:url\" content=\"https:\/\/www.tts-freunde.de\/blog\/2017\/09\/27\/basketballer-des-fc-bayern-fahren-audi\/\" \/>\n<meta property=\"og:site_name\" content=\"Audi Blog\" \/>\n<meta property=\"article:published_time\" content=\"2017-09-27T03:00:55+00:00\" \/>\n<meta property=\"article:modified_time\" content=\"2017-09-26T19:08:22+00:00\" \/>\n<meta property=\"og:image\" content=\"https:\/\/www.tts-freunde.de\/blog\/wp-content\/uploads\/2017\/09\/Basketballer-des-FC-Bayern-fahren-Audi.jpg\" \/>\n\t<meta property=\"og:image:width\" content=\"1160\" \/>\n\t<meta property=\"og:image:height\" content=\"773\" \/>\n\t<meta property=\"og:image:type\" content=\"image\/jpeg\" \/>\n<meta name=\"author\" content=\"admin\" \/>\n<meta name=\"twitter:card\" content=\"summary_large_image\" \/>\n<meta name=\"twitter:label1\" content=\"Verfasst von\" \/>\n\t<meta name=\"twitter:data1\" content=\"admin\" \/>\n\t<meta name=\"twitter:label2\" content=\"Gesch\u00e4tzte Lesezeit\" \/>\n\t<meta name=\"twitter:data2\" content=\"2\u00a0Minuten\" \/>\n<script type=\"application\/ld+json\" class=\"yoast-schema-graph\">{\"@context\":\"https:\/\/schema.org\",\"@graph\":[{\"@type\":\"Article\",\"@id\":\"https:\/\/www.tts-freunde.de\/blog\/2017\/09\/27\/basketballer-des-fc-bayern-fahren-audi\/#article\",\"isPartOf\":{\"@id\":\"https:\/\/www.tts-freunde.de\/blog\/2017\/09\/27\/basketballer-des-fc-bayern-fahren-audi\/\"},\"author\":{\"name\":\"admin\",\"@id\":\"https:\/\/www.tts-freunde.de\/blog\/#\/schema\/person\/b67f6a54e98f013bd281dbe05514b701\"},\"headline\":\"Basketballer des FC Bayern fahren Audi\",\"datePublished\":\"2017-09-27T03:00:55+00:00\",\"dateModified\":\"2017-09-26T19:08:22+00:00\",\"mainEntityOfPage\":{\"@id\":\"https:\/\/www.tts-freunde.de\/blog\/2017\/09\/27\/basketballer-des-fc-bayern-fahren-audi\/\"},\"wordCount\":347,\"publisher\":{\"@id\":\"https:\/\/www.tts-freunde.de\/blog\/#organization\"},\"image\":{\"@id\":\"https:\/\/www.tts-freunde.de\/blog\/2017\/09\/27\/basketballer-des-fc-bayern-fahren-audi\/#primaryimage\"},\"thumbnailUrl\":\"https:\/\/www.tts-freunde.de\/blog\/wp-content\/uploads\/2017\/09\/Basketballer-des-FC-Bayern-fahren-Audi.jpg\",\"articleSection\":[\"Audi AG\"],\"inLanguage\":\"de\"},{\"@type\":\"WebPage\",\"@id\":\"https:\/\/www.tts-freunde.de\/blog\/2017\/09\/27\/basketballer-des-fc-bayern-fahren-audi\/\",\"url\":\"https:\/\/www.tts-freunde.de\/blog\/2017\/09\/27\/basketballer-des-fc-bayern-fahren-audi\/\",\"name\":\"Basketballer des FC Bayern fahren Audi - Audi Blog\",\"isPartOf\":{\"@id\":\"https:\/\/www.tts-freunde.de\/blog\/#website\"},\"primaryImageOfPage\":{\"@id\":\"https:\/\/www.tts-freunde.de\/blog\/2017\/09\/27\/basketballer-des-fc-bayern-fahren-audi\/#primaryimage\"},\"image\":{\"@id\":\"https:\/\/www.tts-freunde.de\/blog\/2017\/09\/27\/basketballer-des-fc-bayern-fahren-audi\/#primaryimage\"},\"thumbnailUrl\":\"https:\/\/www.tts-freunde.de\/blog\/wp-content\/uploads\/2017\/09\/Basketballer-des-FC-Bayern-fahren-Audi.jpg\",\"datePublished\":\"2017-09-27T03:00:55+00:00\",\"dateModified\":\"2017-09-26T19:08:22+00:00\",\"breadcrumb\":{\"@id\":\"https:\/\/www.tts-freunde.de\/blog\/2017\/09\/27\/basketballer-des-fc-bayern-fahren-audi\/#breadcrumb\"},\"inLanguage\":\"de\",\"potentialAction\":[{\"@type\":\"ReadAction\",\"target\":[\"https:\/\/www.tts-freunde.de\/blog\/2017\/09\/27\/basketballer-des-fc-bayern-fahren-audi\/\"]}]},{\"@type\":\"ImageObject\",\"inLanguage\":\"de\",\"@id\":\"https:\/\/www.tts-freunde.de\/blog\/2017\/09\/27\/basketballer-des-fc-bayern-fahren-audi\/#primaryimage\",\"url\":\"https:\/\/www.tts-freunde.de\/blog\/wp-content\/uploads\/2017\/09\/Basketballer-des-FC-Bayern-fahren-Audi.jpg\",\"contentUrl\":\"https:\/\/www.tts-freunde.de\/blog\/wp-content\/uploads\/2017\/09\/Basketballer-des-FC-Bayern-fahren-Audi.jpg\",\"width\":1160,\"height\":773},{\"@type\":\"BreadcrumbList\",\"@id\":\"https:\/\/www.tts-freunde.de\/blog\/2017\/09\/27\/basketballer-des-fc-bayern-fahren-audi\/#breadcrumb\",\"itemListElement\":[{\"@type\":\"ListItem\",\"position\":1,\"name\":\"Home\",\"item\":\"https:\/\/www.tts-freunde.de\/blog\/\"},{\"@type\":\"ListItem\",\"position\":2,\"name\":\"Basketballer des FC Bayern fahren Audi\"}]},{\"@type\":\"WebSite\",\"@id\":\"https:\/\/www.tts-freunde.de\/blog\/#website\",\"url\":\"https:\/\/www.tts-freunde.de\/blog\/\",\"name\":\"Audi Blog\",\"description\":\"Deutscher Audi Blog - TTS-Freunde\",\"publisher\":{\"@id\":\"https:\/\/www.tts-freunde.de\/blog\/#organization\"},\"potentialAction\":[{\"@type\":\"SearchAction\",\"target\":{\"@type\":\"EntryPoint\",\"urlTemplate\":\"https:\/\/www.tts-freunde.de\/blog\/?s={search_term_string}\"},\"query-input\":\"required name=search_term_string\"}],\"inLanguage\":\"de\"},{\"@type\":\"Organization\",\"@id\":\"https:\/\/www.tts-freunde.de\/blog\/#organization\",\"name\":\"Audi Blog\",\"url\":\"https:\/\/www.tts-freunde.de\/blog\/\",\"logo\":{\"@type\":\"ImageObject\",\"inLanguage\":\"de\",\"@id\":\"https:\/\/www.tts-freunde.de\/blog\/#\/schema\/logo\/image\/\",\"url\":\"https:\/\/www.tts-freunde.de\/blog\/wp-content\/uploads\/2022\/12\/logo_2022.jpg\",\"contentUrl\":\"https:\/\/www.tts-freunde.de\/blog\/wp-content\/uploads\/2022\/12\/logo_2022.jpg\",\"width\":240,\"height\":41,\"caption\":\"Audi Blog\"},\"image\":{\"@id\":\"https:\/\/www.tts-freunde.de\/blog\/#\/schema\/logo\/image\/\"}},{\"@type\":\"Person\",\"@id\":\"https:\/\/www.tts-freunde.de\/blog\/#\/schema\/person\/b67f6a54e98f013bd281dbe05514b701\",\"name\":\"admin\",\"image\":{\"@type\":\"ImageObject\",\"inLanguage\":\"de\",\"@id\":\"https:\/\/www.tts-freunde.de\/blog\/#\/schema\/person\/image\/\",\"url\":\"https:\/\/secure.gravatar.com\/avatar\/08a4bd330e25056ddb430c28136b38a6?s=96&d=mm&r=g\",\"contentUrl\":\"https:\/\/secure.gravatar.com\/avatar\/08a4bd330e25056ddb430c28136b38a6?s=96&d=mm&r=g\",\"caption\":\"admin\"},\"sameAs\":[\"http:\/\/www.tts-freunde.de\"],\"url\":\"https:\/\/www.tts-freunde.de\/blog\/author\/admin\/\"}]}<\/script>\n<!-- \/ Yoast SEO plugin. -->","yoast_head_json":{"title":"Basketballer des FC Bayern fahren Audi - Audi Blog","robots":{"index":"index","follow":"follow","max-snippet":"max-snippet:-1","max-image-preview":"max-image-preview:large","max-video-preview":"max-video-preview:-1"},"canonical":"https:\/\/www.tts-freunde.de\/blog\/2017\/09\/27\/basketballer-des-fc-bayern-fahren-audi\/","og_locale":"de_DE","og_type":"article","og_title":"Basketballer des FC Bayern fahren Audi - Audi Blog","og_description":"Spieler nehmen neue Audi A4 Avant in Empfang Erlebnistag f\u00fcr Fans und Audi-Mitarbeiter in Ingolstadt Erstes Heimspiel am 3. Oktober im Audi Dome Wenige Tage vor dem Saisonstart haben die Basketballer des FC Bayern M\u00fcnchen heute ihren Partner Audi besucht. Die Spieler besichtigten das Werk in Ingolstadt, trafen Fans und [&hellip;]","og_url":"https:\/\/www.tts-freunde.de\/blog\/2017\/09\/27\/basketballer-des-fc-bayern-fahren-audi\/","og_site_name":"Audi Blog","article_published_time":"2017-09-27T03:00:55+00:00","article_modified_time":"2017-09-26T19:08:22+00:00","og_image":[{"width":1160,"height":773,"url":"https:\/\/www.tts-freunde.de\/blog\/wp-content\/uploads\/2017\/09\/Basketballer-des-FC-Bayern-fahren-Audi.jpg","type":"image\/jpeg"}],"author":"admin","twitter_card":"summary_large_image","twitter_misc":{"Verfasst von":"admin","Gesch\u00e4tzte Lesezeit":"2\u00a0Minuten"},"schema":{"@context":"https:\/\/schema.org","@graph":[{"@type":"Article","@id":"https:\/\/www.tts-freunde.de\/blog\/2017\/09\/27\/basketballer-des-fc-bayern-fahren-audi\/#article","isPartOf":{"@id":"https:\/\/www.tts-freunde.de\/blog\/2017\/09\/27\/basketballer-des-fc-bayern-fahren-audi\/"},"author":{"name":"admin","@id":"https:\/\/www.tts-freunde.de\/blog\/#\/schema\/person\/b67f6a54e98f013bd281dbe05514b701"},"headline":"Basketballer des FC Bayern fahren Audi","datePublished":"2017-09-27T03:00:55+00:00","dateModified":"2017-09-26T19:08:22+00:00","mainEntityOfPage":{"@id":"https:\/\/www.tts-freunde.de\/blog\/2017\/09\/27\/basketballer-des-fc-bayern-fahren-audi\/"},"wordCount":347,"publisher":{"@id":"https:\/\/www.tts-freunde.de\/blog\/#organization"},"image":{"@id":"https:\/\/www.tts-freunde.de\/blog\/2017\/09\/27\/basketballer-des-fc-bayern-fahren-audi\/#primaryimage"},"thumbnailUrl":"https:\/\/www.tts-freunde.de\/blog\/wp-content\/uploads\/2017\/09\/Basketballer-des-FC-Bayern-fahren-Audi.jpg","articleSection":["Audi AG"],"inLanguage":"de"},{"@type":"WebPage","@id":"https:\/\/www.tts-freunde.de\/blog\/2017\/09\/27\/basketballer-des-fc-bayern-fahren-audi\/","url":"https:\/\/www.tts-freunde.de\/blog\/2017\/09\/27\/basketballer-des-fc-bayern-fahren-audi\/","name":"Basketballer des FC Bayern fahren Audi - Audi Blog","isPartOf":{"@id":"https:\/\/www.tts-freunde.de\/blog\/#website"},"primaryImageOfPage":{"@id":"https:\/\/www.tts-freunde.de\/blog\/2017\/09\/27\/basketballer-des-fc-bayern-fahren-audi\/#primaryimage"},"image":{"@id":"https:\/\/www.tts-freunde.de\/blog\/2017\/09\/27\/basketballer-des-fc-bayern-fahren-audi\/#primaryimage"},"thumbnailUrl":"https:\/\/www.tts-freunde.de\/blog\/wp-content\/uploads\/2017\/09\/Basketballer-des-FC-Bayern-fahren-Audi.jpg","datePublished":"2017-09-27T03:00:55+00:00","dateModified":"2017-09-26T19:08:22+00:00","breadcrumb":{"@id":"https:\/\/www.tts-freunde.de\/blog\/2017\/09\/27\/basketballer-des-fc-bayern-fahren-audi\/#breadcrumb"},"inLanguage":"de","potentialAction":[{"@type":"ReadAction","target":["https:\/\/www.tts-freunde.de\/blog\/2017\/09\/27\/basketballer-des-fc-bayern-fahren-audi\/"]}]},{"@type":"ImageObject","inLanguage":"de","@id":"https:\/\/www.tts-freunde.de\/blog\/2017\/09\/27\/basketballer-des-fc-bayern-fahren-audi\/#primaryimage","url":"https:\/\/www.tts-freunde.de\/blog\/wp-content\/uploads\/2017\/09\/Basketballer-des-FC-Bayern-fahren-Audi.jpg","contentUrl":"https:\/\/www.tts-freunde.de\/blog\/wp-content\/uploads\/2017\/09\/Basketballer-des-FC-Bayern-fahren-Audi.jpg","width":1160,"height":773},{"@type":"BreadcrumbList","@id":"https:\/\/www.tts-freunde.de\/blog\/2017\/09\/27\/basketballer-des-fc-bayern-fahren-audi\/#breadcrumb","itemListElement":[{"@type":"ListItem","position":1,"name":"Home","item":"https:\/\/www.tts-freunde.de\/blog\/"},{"@type":"ListItem","position":2,"name":"Basketballer des FC Bayern fahren Audi"}]},{"@type":"WebSite","@id":"https:\/\/www.tts-freunde.de\/blog\/#website","url":"https:\/\/www.tts-freunde.de\/blog\/","name":"Audi Blog","description":"Deutscher Audi Blog - TTS-Freunde","publisher":{"@id":"https:\/\/www.tts-freunde.de\/blog\/#organization"},"potentialAction":[{"@type":"SearchAction","target":{"@type":"EntryPoint","urlTemplate":"https:\/\/www.tts-freunde.de\/blog\/?s={search_term_string}"},"query-input":"required name=search_term_string"}],"inLanguage":"de"},{"@type":"Organization","@id":"https:\/\/www.tts-freunde.de\/blog\/#organization","name":"Audi Blog","url":"https:\/\/www.tts-freunde.de\/blog\/","logo":{"@type":"ImageObject","inLanguage":"de","@id":"https:\/\/www.tts-freunde.de\/blog\/#\/schema\/logo\/image\/","url":"https:\/\/www.tts-freunde.de\/blog\/wp-content\/uploads\/2022\/12\/logo_2022.jpg","contentUrl":"https:\/\/www.tts-freunde.de\/blog\/wp-content\/uploads\/2022\/12\/logo_2022.jpg","width":240,"height":41,"caption":"Audi Blog"},"image":{"@id":"https:\/\/www.tts-freunde.de\/blog\/#\/schema\/logo\/image\/"}},{"@type":"Person","@id":"https:\/\/www.tts-freunde.de\/blog\/#\/schema\/person\/b67f6a54e98f013bd281dbe05514b701","name":"admin","image":{"@type":"ImageObject","inLanguage":"de","@id":"https:\/\/www.tts-freunde.de\/blog\/#\/schema\/person\/image\/","url":"https:\/\/secure.gravatar.com\/avatar\/08a4bd330e25056ddb430c28136b38a6?s=96&d=mm&r=g","contentUrl":"https:\/\/secure.gravatar.com\/avatar\/08a4bd330e25056ddb430c28136b38a6?s=96&d=mm&r=g","caption":"admin"},"sameAs":["http:\/\/www.tts-freunde.de"],"url":"https:\/\/www.tts-freunde.de\/blog\/author\/admin\/"}]}},"jetpack_sharing_enabled":true,"jetpack_featured_media_url":"https:\/\/www.tts-freunde.de\/blog\/wp-content\/uploads\/2017\/09\/Basketballer-des-FC-Bayern-fahren-Audi.jpg","jetpack_shortlink":"https:\/\/wp.me\/p67hWW-15Q","jetpack_likes_enabled":false,"jetpack-related-posts":[],"_links":{"self":[{"href":"https:\/\/www.tts-freunde.de\/blog\/wp-json\/wp\/v2\/posts\/4206"}],"collection":[{"href":"https:\/\/www.tts-freunde.de\/blog\/wp-json\/wp\/v2\/posts"}],"about":[{"href":"https:\/\/www.tts-freunde.de\/blog\/wp-json\/wp\/v2\/types\/post"}],"author":[{"embeddable":true,"href":"https:\/\/www.tts-freunde.de\/blog\/wp-json\/wp\/v2\/users\/1"}],"replies":[{"embeddable":true,"href":"https:\/\/www.tts-freunde.de\/blog\/wp-json\/wp\/v2\/comments?post=4206"}],"version-history":[{"count":2,"href":"https:\/\/www.tts-freunde.de\/blog\/wp-json\/wp\/v2\/posts\/4206\/revisions"}],"predecessor-version":[{"id":4209,"href":"https:\/\/www.tts-freunde.de\/blog\/wp-json\/wp\/v2\/posts\/4206\/revisions\/4209"}],"wp:featuredmedia":[{"embeddable":true,"href":"https:\/\/www.tts-freunde.de\/blog\/wp-json\/wp\/v2\/media\/4207"}],"wp:attachment":[{"href":"https:\/\/www.tts-freunde.de\/blog\/wp-json\/wp\/v2\/media?parent=4206"}],"wp:term":[{"taxonomy":"category","embeddable":true,"href":"https:\/\/www.tts-freunde.de\/blog\/wp-json\/wp\/v2\/categories?post=4206"},{"taxonomy":"post_tag","embeddable":true,"href":"https:\/\/www.tts-freunde.de\/blog\/wp-json\/wp\/v2\/tags?post=4206"}],"curies":[{"name":"wp","href":"https:\/\/api.w.org\/{rel}","templated":true}]}}