{"id":4223,"date":"2017-10-15T19:20:51","date_gmt":"2017-10-15T17:20:51","guid":{"rendered":"https:\/\/www.tts-freunde.de\/blog\/?p=4223"},"modified":"2017-10-15T19:21:24","modified_gmt":"2017-10-15T17:21:24","slug":"audi-pilot-rene-rast-schreibt-dtm-geschichte","status":"publish","type":"post","link":"https:\/\/www.tts-freunde.de\/blog\/2017\/10\/15\/audi-pilot-rene-rast-schreibt-dtm-geschichte\/","title":{"rendered":"Audi-Pilot Ren\u00e9 Rast schreibt DTM-Geschichte"},"content":{"rendered":"<div id=\"item-caa832a5-0c62-4ef7-b53c-6b41d1a502a3\" class=\"page-item--column col-sm-4\">\n<div class=\"custom-padding\">\n<div class=\"page-row has-no-item-box\">\n<div id=\"item-aa2636f0-aee4-4704-8834-8037ed7f7fd9\" class=\"page-item--topic-list\">\n<div class=\"topic-list\">\n<ul>\n<li>Im ersten DTM-Jahr auf Anhieb DTM-Champion<\/li>\n<li>Ungew\u00f6hnliche Karriere im Volkswagen-Konzern<\/li>\n<li>Audi Sport Team Rosberg gewinnt Team- und Fahrertitel<\/li>\n<\/ul>\n<p><a href=\"https:\/\/www.tts-freunde.de\/blog\/wp-content\/uploads\/2017\/10\/DTM-Finale-Hockenheim-2017.jpg\"><img loading=\"lazy\" decoding=\"async\" data-attachment-id=\"4224\" data-permalink=\"https:\/\/www.tts-freunde.de\/blog\/2017\/10\/15\/audi-pilot-rene-rast-schreibt-dtm-geschichte\/dtm-finale-hockenheim-2017\/\" data-orig-file=\"https:\/\/www.tts-freunde.de\/blog\/wp-content\/uploads\/2017\/10\/DTM-Finale-Hockenheim-2017.jpg\" data-orig-size=\"1160,820\" data-comments-opened=\"0\" data-image-meta=\"{&quot;aperture&quot;:&quot;0&quot;,&quot;credit&quot;:&quot;&quot;,&quot;camera&quot;:&quot;&quot;,&quot;caption&quot;:&quot;&quot;,&quot;created_timestamp&quot;:&quot;0&quot;,&quot;copyright&quot;:&quot;&quot;,&quot;focal_length&quot;:&quot;0&quot;,&quot;iso&quot;:&quot;0&quot;,&quot;shutter_speed&quot;:&quot;0&quot;,&quot;title&quot;:&quot;&quot;,&quot;orientation&quot;:&quot;0&quot;}\" data-image-title=\"DTM Finale Hockenheim 2017\" data-image-description=\"\" data-image-caption=\"\" data-medium-file=\"https:\/\/www.tts-freunde.de\/blog\/wp-content\/uploads\/2017\/10\/DTM-Finale-Hockenheim-2017-300x212.jpg\" data-large-file=\"https:\/\/www.tts-freunde.de\/blog\/wp-content\/uploads\/2017\/10\/DTM-Finale-Hockenheim-2017-1024x724.jpg\" tabindex=\"0\" role=\"button\" class=\"aligncenter size-full wp-image-4224\" src=\"https:\/\/www.tts-freunde.de\/blog\/wp-content\/uploads\/2017\/10\/DTM-Finale-Hockenheim-2017.jpg\" alt=\"\" width=\"1160\" height=\"820\" srcset=\"https:\/\/www.tts-freunde.de\/blog\/wp-content\/uploads\/2017\/10\/DTM-Finale-Hockenheim-2017.jpg 1160w, https:\/\/www.tts-freunde.de\/blog\/wp-content\/uploads\/2017\/10\/DTM-Finale-Hockenheim-2017-300x212.jpg 300w, https:\/\/www.tts-freunde.de\/blog\/wp-content\/uploads\/2017\/10\/DTM-Finale-Hockenheim-2017-768x543.jpg 768w, https:\/\/www.tts-freunde.de\/blog\/wp-content\/uploads\/2017\/10\/DTM-Finale-Hockenheim-2017-1024x724.jpg 1024w, https:\/\/www.tts-freunde.de\/blog\/wp-content\/uploads\/2017\/10\/DTM-Finale-Hockenheim-2017-140x100.jpg 140w\" sizes=\"(max-width: 1160px) 100vw, 1160px\" \/><\/a><\/p>\n<div class=\"page-row has-no-item-box\">\n<div id=\"item-d4aa1a3c-8ff7-4e00-b97c-3fedf226dae7\" class=\"page-item--intro\">\n<div class=\"intro-text\">\n<p>Audi-Pilot Ren\u00e9 Rast (30) ist DTM-Champion 2017 und hat damit ein St\u00fcck Motorsport-Geschichte geschrieben: Der Deutsche sicherte sich den Titel in seiner ersten DTM-Saison \u2013 das war zuletzt dem Italiener Nicola Larini vor 24 Jahren gelungen. Am Samstag hatte sich Audi beim DTM-Finale in Hockenheim bereits vorzeitig die Hersteller- und die Teamwertung gesichert.<\/p>\n<\/div>\n<\/div>\n<\/div>\n<div class=\"page-row has-no-item-box\">\n<div id=\"item-4fda1357-f218-4db3-b0a2-c77e8ad61d20\" class=\"page-item--text\">\n<div class=\"style-links-for-body-text\">\n<p>Ren\u00e9 Rast ist erst der siebte Pilot in der Geschichte der popul\u00e4ren Tourenwagen-Rennserie, der den prestigetr\u00e4chtigen Titel in seiner Rookie-Saison gewonnen hat. Dabei hatte der Mindener vor der Saison 2017 nur drei DTM-Rennen bestritten: Im Juli 2016 sprang er in Zandvoort beim Audi Sport Team Rosberg sprichw\u00f6rtlich \u00fcber Nacht f\u00fcr Adrien Tambay ein. Ohne jegliche Vorbereitung hinterlie\u00df Rast einen so guten Eindruck, dass er beim 2016er-Finale in Hockenheim Mattias Ekstr\u00f6m vertreten durfte. Als Sechster holte Rast in seinem zweiten DTM-Rennen gleich die ersten Punkte und empfahl sich damit f\u00fcr einen Stammplatz in der Audi-DTM-Mannschaft.<\/p>\n<p>Zw\u00f6lf Monate sp\u00e4ter schnappte Rast auf der Zielgeraden ausgerechnet Mattias Ekstr\u00f6m den DTM-Titel noch weg. Rast gelang es, einen 21-Punkte-R\u00fcckstand auf den Schweden mit einem sechsten Platz am Samstag und einem zweiten Platz am Sonntag noch in einen hauchd\u00fcnnen Drei-Punkte-Vorsprung zu verwandeln.<\/p>\n<p>\u201eRen\u00e9 ist eine unglaubliche Saison gefahren\u201c, sagt Audi-Motorsportchef Dieter Gass. \u201eWir haben ihn ja nicht ohne Grund in unsere DTM-Mannschaft geholt und gute Leistungen von ihm erwartet. Aber dass er in seinem ersten DTM-Jahr gleich um den Titel k\u00e4mpft \u2013 und diesen am Ende auch noch gewinnt \u2013, damit hat wirklich niemand gerechnet. Auch Ren\u00e9 selbst nicht. Mitentscheidend war seine Grundschnelligkeit. Er war in diesem Jahr der beste Qualifyer. Auch f\u00fcr das Audi Sport Team Rosberg freue ich mich: Die Mannschaft hat lange und hart daf\u00fcr gearbeitet, endlich einen DTM-Titel zu gewinnen. Nun sind es mit der Fahrer- und der Teamwertung gleich zwei Titel auf einmal geworden.\u201c<\/p>\n<p>Ren\u00e9 Rasts Rookie-Saison 2017 war eindrucksvoll: Schon beim Auftakt in Hockenheim startete er erstmals aus der ersten Reihe. Zwei Wochen sp\u00e4ter folgte auf dem Lausitzring das erste Podium seiner jungen DTM-Karriere und am dritten Rennwochenende in Budapest der erste Sieg. Damit \u00fcbernahm Rast auch erstmals die Tabellenf\u00fchrung, die in der Folge mehrmals zwischen dem Deutschen und Mattias Ekstr\u00f6m wechselte. In Moskau und auf dem Red Bull Ring in Spielberg gelangen Rast zwei weitere Siege. Dazu kommen drei Pole-Positions und insgesamt vier schnellste Rennrunden.<\/p>\n<p>\u201eMein Ziel war es, bester Rookie zu werden\u201c, sagt Ren\u00e9 Rast. \u201eIch wollte lernen, regelm\u00e4\u00dfig Punkte sammeln, immer gut durchkommen. Wer h\u00e4tte vor der Saison damit gerechnet, dass ich auf Anhieb um den Titel k\u00e4mpfen w\u00fcrde? Deshalb konnte ich beim Finale eigentlich nicht mehr verlieren. Ich bin das Wochenende ohne Druck angegangen und nun \u00fcbergl\u00fccklich, dass es geklappt hat. Mein Dank gilt Audi, die mir das fantastische Auto und die Chance gegeben haben, mit 30 Jahren noch in die DTM einzusteigen. Dem Team Rosberg, in dem ich mich vom ersten Tag an wohlgef\u00fchlt habe. Und auch meinem Teamkollegen Jamie Green. Er ist einer der Schnellsten in der DTM und hatte wieder einmal unheimlich gro\u00dfes Pech.\u201c<\/p>\n<p>Ren\u00e9 Rasts ungew\u00f6hnliche Karriere f\u00fchrte ihn innerhalb des Volkswagen-Konzerns vom Polo Cup bis nach Le Mans und nun in die DTM. Gleich dreimal gewann er dabei den Porsche Supercup, der im Rahmen der Formel 1 ausgetragen wird. Seit dem Jahr 2011 ist er im Zeichen der Vier Ringe aktiv. Am Steuer des GT3-Sportwagens Audi R8 LMS gilt er als Ma\u00dfstab und Garant f\u00fcr Erfolge. Seine Siege bei den 24-Stunden-Rennen in Daytona, Spa und auf dem N\u00fcrburgring unterstreichen dies ebenso wie ein Titelgewinn im ADAC GT Masters und nun der DTM-Titel.<\/p>\n<p>Geboren wurde Ren\u00e9 Rast am 26. Oktober 1986 in Minden. Mit seiner Partnerin Diana und seinem kurz vor Weihnachten 2016 geborenen Sohn Liam lebt der Deutsche in Bregenz auf der \u00f6sterreichischen Seite des Bodensees. Privat hat er sich \u2013 \u00fcbrigens genau wie Mattias Ekstr\u00f6m \u2013 f\u00fcr einen Audi SQ7* als Dienstwagen entschieden.<\/p>\n<\/div>\n<p>[instagram-feed]<\/p>\n<\/div>\n<\/div>\n<\/div>\n<\/div>\n<\/div>\n<\/div>\n<\/div>\n","protected":false},"excerpt":{"rendered":"<p>Im ersten DTM-Jahr auf Anhieb DTM-Champion Ungew\u00f6hnliche Karriere im Volkswagen-Konzern Audi Sport Team Rosberg gewinnt Team- und Fahrertitel Audi-Pilot Ren\u00e9 Rast (30) ist DTM-Champion 2017 und hat damit ein St\u00fcck Motorsport-Geschichte geschrieben: Der Deutsche sicherte sich den Titel in seiner ersten DTM-Saison \u2013 das war zuletzt dem Italiener Nicola Larini [&hellip;]<\/p>\n","protected":false},"author":1,"featured_media":4224,"comment_status":"closed","ping_status":"open","sticky":false,"template":"","format":"standard","meta":{"jetpack_post_was_ever_published":false,"_jetpack_newsletter_access":"","_jetpack_dont_email_post_to_subs":false,"_jetpack_newsletter_tier_id":0,"_jetpack_memberships_contains_paywalled_content":false,"_jetpack_memberships_contains_paid_content":false,"footnotes":"","jetpack_publicize_message":"Audi-Pilot Ren\u00e9 Rast schreibt DTM-Geschichte #audi #dtm","jetpack_publicize_feature_enabled":true,"jetpack_social_post_already_shared":true,"jetpack_social_options":{"image_generator_settings":{"template":"highway","enabled":false},"version":2}},"categories":[17],"tags":[],"class_list":["post-4223","post","type-post","status-publish","format-standard","has-post-thumbnail","hentry","category-audi-motorsport"],"wppr_data":{"cwp_meta_box_check":"No"},"jetpack_publicize_connections":[],"yoast_head":"<!-- This site is optimized with the Yoast SEO plugin v23.3 - https:\/\/yoast.com\/wordpress\/plugins\/seo\/ -->\n<title>Audi-Pilot Ren\u00e9 Rast schreibt DTM-Geschichte - Audi Blog<\/title>\n<meta name=\"robots\" content=\"index, follow, max-snippet:-1, max-image-preview:large, max-video-preview:-1\" \/>\n<link rel=\"canonical\" href=\"https:\/\/www.tts-freunde.de\/blog\/2017\/10\/15\/audi-pilot-rene-rast-schreibt-dtm-geschichte\/\" \/>\n<meta property=\"og:locale\" content=\"de_DE\" \/>\n<meta property=\"og:type\" content=\"article\" \/>\n<meta property=\"og:title\" content=\"Audi-Pilot Ren\u00e9 Rast schreibt DTM-Geschichte - Audi Blog\" \/>\n<meta property=\"og:description\" content=\"Im ersten DTM-Jahr auf Anhieb DTM-Champion Ungew\u00f6hnliche Karriere im Volkswagen-Konzern Audi Sport Team Rosberg gewinnt Team- und Fahrertitel Audi-Pilot Ren\u00e9 Rast (30) ist DTM-Champion 2017 und hat damit ein St\u00fcck Motorsport-Geschichte geschrieben: Der Deutsche sicherte sich den Titel in seiner ersten DTM-Saison \u2013 das war zuletzt dem Italiener Nicola Larini [&hellip;]\" \/>\n<meta property=\"og:url\" content=\"https:\/\/www.tts-freunde.de\/blog\/2017\/10\/15\/audi-pilot-rene-rast-schreibt-dtm-geschichte\/\" \/>\n<meta property=\"og:site_name\" content=\"Audi Blog\" \/>\n<meta property=\"article:published_time\" content=\"2017-10-15T17:20:51+00:00\" \/>\n<meta property=\"article:modified_time\" content=\"2017-10-15T17:21:24+00:00\" \/>\n<meta property=\"og:image\" content=\"https:\/\/www.tts-freunde.de\/blog\/wp-content\/uploads\/2017\/10\/DTM-Finale-Hockenheim-2017.jpg\" \/>\n\t<meta property=\"og:image:width\" content=\"1160\" \/>\n\t<meta property=\"og:image:height\" content=\"820\" \/>\n\t<meta property=\"og:image:type\" content=\"image\/jpeg\" \/>\n<meta name=\"author\" content=\"admin\" \/>\n<meta name=\"twitter:card\" content=\"summary_large_image\" \/>\n<meta name=\"twitter:label1\" content=\"Verfasst von\" \/>\n\t<meta name=\"twitter:data1\" content=\"admin\" \/>\n\t<meta name=\"twitter:label2\" content=\"Gesch\u00e4tzte Lesezeit\" \/>\n\t<meta name=\"twitter:data2\" content=\"3\u00a0Minuten\" \/>\n<script type=\"application\/ld+json\" class=\"yoast-schema-graph\">{\"@context\":\"https:\/\/schema.org\",\"@graph\":[{\"@type\":\"Article\",\"@id\":\"https:\/\/www.tts-freunde.de\/blog\/2017\/10\/15\/audi-pilot-rene-rast-schreibt-dtm-geschichte\/#article\",\"isPartOf\":{\"@id\":\"https:\/\/www.tts-freunde.de\/blog\/2017\/10\/15\/audi-pilot-rene-rast-schreibt-dtm-geschichte\/\"},\"author\":{\"name\":\"admin\",\"@id\":\"https:\/\/www.tts-freunde.de\/blog\/#\/schema\/person\/b67f6a54e98f013bd281dbe05514b701\"},\"headline\":\"Audi-Pilot Ren\u00e9 Rast schreibt DTM-Geschichte\",\"datePublished\":\"2017-10-15T17:20:51+00:00\",\"dateModified\":\"2017-10-15T17:21:24+00:00\",\"mainEntityOfPage\":{\"@id\":\"https:\/\/www.tts-freunde.de\/blog\/2017\/10\/15\/audi-pilot-rene-rast-schreibt-dtm-geschichte\/\"},\"wordCount\":677,\"publisher\":{\"@id\":\"https:\/\/www.tts-freunde.de\/blog\/#organization\"},\"image\":{\"@id\":\"https:\/\/www.tts-freunde.de\/blog\/2017\/10\/15\/audi-pilot-rene-rast-schreibt-dtm-geschichte\/#primaryimage\"},\"thumbnailUrl\":\"https:\/\/www.tts-freunde.de\/blog\/wp-content\/uploads\/2017\/10\/DTM-Finale-Hockenheim-2017.jpg\",\"articleSection\":[\"Audi Motorsport\"],\"inLanguage\":\"de\"},{\"@type\":\"WebPage\",\"@id\":\"https:\/\/www.tts-freunde.de\/blog\/2017\/10\/15\/audi-pilot-rene-rast-schreibt-dtm-geschichte\/\",\"url\":\"https:\/\/www.tts-freunde.de\/blog\/2017\/10\/15\/audi-pilot-rene-rast-schreibt-dtm-geschichte\/\",\"name\":\"Audi-Pilot Ren\u00e9 Rast schreibt DTM-Geschichte - Audi Blog\",\"isPartOf\":{\"@id\":\"https:\/\/www.tts-freunde.de\/blog\/#website\"},\"primaryImageOfPage\":{\"@id\":\"https:\/\/www.tts-freunde.de\/blog\/2017\/10\/15\/audi-pilot-rene-rast-schreibt-dtm-geschichte\/#primaryimage\"},\"image\":{\"@id\":\"https:\/\/www.tts-freunde.de\/blog\/2017\/10\/15\/audi-pilot-rene-rast-schreibt-dtm-geschichte\/#primaryimage\"},\"thumbnailUrl\":\"https:\/\/www.tts-freunde.de\/blog\/wp-content\/uploads\/2017\/10\/DTM-Finale-Hockenheim-2017.jpg\",\"datePublished\":\"2017-10-15T17:20:51+00:00\",\"dateModified\":\"2017-10-15T17:21:24+00:00\",\"breadcrumb\":{\"@id\":\"https:\/\/www.tts-freunde.de\/blog\/2017\/10\/15\/audi-pilot-rene-rast-schreibt-dtm-geschichte\/#breadcrumb\"},\"inLanguage\":\"de\",\"potentialAction\":[{\"@type\":\"ReadAction\",\"target\":[\"https:\/\/www.tts-freunde.de\/blog\/2017\/10\/15\/audi-pilot-rene-rast-schreibt-dtm-geschichte\/\"]}]},{\"@type\":\"ImageObject\",\"inLanguage\":\"de\",\"@id\":\"https:\/\/www.tts-freunde.de\/blog\/2017\/10\/15\/audi-pilot-rene-rast-schreibt-dtm-geschichte\/#primaryimage\",\"url\":\"https:\/\/www.tts-freunde.de\/blog\/wp-content\/uploads\/2017\/10\/DTM-Finale-Hockenheim-2017.jpg\",\"contentUrl\":\"https:\/\/www.tts-freunde.de\/blog\/wp-content\/uploads\/2017\/10\/DTM-Finale-Hockenheim-2017.jpg\",\"width\":1160,\"height\":820},{\"@type\":\"BreadcrumbList\",\"@id\":\"https:\/\/www.tts-freunde.de\/blog\/2017\/10\/15\/audi-pilot-rene-rast-schreibt-dtm-geschichte\/#breadcrumb\",\"itemListElement\":[{\"@type\":\"ListItem\",\"position\":1,\"name\":\"Home\",\"item\":\"https:\/\/www.tts-freunde.de\/blog\/\"},{\"@type\":\"ListItem\",\"position\":2,\"name\":\"Audi-Pilot Ren\u00e9 Rast schreibt DTM-Geschichte\"}]},{\"@type\":\"WebSite\",\"@id\":\"https:\/\/www.tts-freunde.de\/blog\/#website\",\"url\":\"https:\/\/www.tts-freunde.de\/blog\/\",\"name\":\"Audi Blog\",\"description\":\"Deutscher Audi Blog - TTS-Freunde\",\"publisher\":{\"@id\":\"https:\/\/www.tts-freunde.de\/blog\/#organization\"},\"potentialAction\":[{\"@type\":\"SearchAction\",\"target\":{\"@type\":\"EntryPoint\",\"urlTemplate\":\"https:\/\/www.tts-freunde.de\/blog\/?s={search_term_string}\"},\"query-input\":\"required name=search_term_string\"}],\"inLanguage\":\"de\"},{\"@type\":\"Organization\",\"@id\":\"https:\/\/www.tts-freunde.de\/blog\/#organization\",\"name\":\"Audi Blog\",\"url\":\"https:\/\/www.tts-freunde.de\/blog\/\",\"logo\":{\"@type\":\"ImageObject\",\"inLanguage\":\"de\",\"@id\":\"https:\/\/www.tts-freunde.de\/blog\/#\/schema\/logo\/image\/\",\"url\":\"https:\/\/www.tts-freunde.de\/blog\/wp-content\/uploads\/2022\/12\/logo_2022.jpg\",\"contentUrl\":\"https:\/\/www.tts-freunde.de\/blog\/wp-content\/uploads\/2022\/12\/logo_2022.jpg\",\"width\":240,\"height\":41,\"caption\":\"Audi Blog\"},\"image\":{\"@id\":\"https:\/\/www.tts-freunde.de\/blog\/#\/schema\/logo\/image\/\"}},{\"@type\":\"Person\",\"@id\":\"https:\/\/www.tts-freunde.de\/blog\/#\/schema\/person\/b67f6a54e98f013bd281dbe05514b701\",\"name\":\"admin\",\"image\":{\"@type\":\"ImageObject\",\"inLanguage\":\"de\",\"@id\":\"https:\/\/www.tts-freunde.de\/blog\/#\/schema\/person\/image\/\",\"url\":\"https:\/\/secure.gravatar.com\/avatar\/08a4bd330e25056ddb430c28136b38a6?s=96&d=mm&r=g\",\"contentUrl\":\"https:\/\/secure.gravatar.com\/avatar\/08a4bd330e25056ddb430c28136b38a6?s=96&d=mm&r=g\",\"caption\":\"admin\"},\"sameAs\":[\"http:\/\/www.tts-freunde.de\"],\"url\":\"https:\/\/www.tts-freunde.de\/blog\/author\/admin\/\"}]}<\/script>\n<!-- \/ Yoast SEO plugin. -->","yoast_head_json":{"title":"Audi-Pilot Ren\u00e9 Rast schreibt DTM-Geschichte - Audi Blog","robots":{"index":"index","follow":"follow","max-snippet":"max-snippet:-1","max-image-preview":"max-image-preview:large","max-video-preview":"max-video-preview:-1"},"canonical":"https:\/\/www.tts-freunde.de\/blog\/2017\/10\/15\/audi-pilot-rene-rast-schreibt-dtm-geschichte\/","og_locale":"de_DE","og_type":"article","og_title":"Audi-Pilot Ren\u00e9 Rast schreibt DTM-Geschichte - Audi Blog","og_description":"Im ersten DTM-Jahr auf Anhieb DTM-Champion Ungew\u00f6hnliche Karriere im Volkswagen-Konzern Audi Sport Team Rosberg gewinnt Team- und Fahrertitel Audi-Pilot Ren\u00e9 Rast (30) ist DTM-Champion 2017 und hat damit ein St\u00fcck Motorsport-Geschichte geschrieben: Der Deutsche sicherte sich den Titel in seiner ersten DTM-Saison \u2013 das war zuletzt dem Italiener Nicola Larini [&hellip;]","og_url":"https:\/\/www.tts-freunde.de\/blog\/2017\/10\/15\/audi-pilot-rene-rast-schreibt-dtm-geschichte\/","og_site_name":"Audi Blog","article_published_time":"2017-10-15T17:20:51+00:00","article_modified_time":"2017-10-15T17:21:24+00:00","og_image":[{"width":1160,"height":820,"url":"https:\/\/www.tts-freunde.de\/blog\/wp-content\/uploads\/2017\/10\/DTM-Finale-Hockenheim-2017.jpg","type":"image\/jpeg"}],"author":"admin","twitter_card":"summary_large_image","twitter_misc":{"Verfasst von":"admin","Gesch\u00e4tzte Lesezeit":"3\u00a0Minuten"},"schema":{"@context":"https:\/\/schema.org","@graph":[{"@type":"Article","@id":"https:\/\/www.tts-freunde.de\/blog\/2017\/10\/15\/audi-pilot-rene-rast-schreibt-dtm-geschichte\/#article","isPartOf":{"@id":"https:\/\/www.tts-freunde.de\/blog\/2017\/10\/15\/audi-pilot-rene-rast-schreibt-dtm-geschichte\/"},"author":{"name":"admin","@id":"https:\/\/www.tts-freunde.de\/blog\/#\/schema\/person\/b67f6a54e98f013bd281dbe05514b701"},"headline":"Audi-Pilot Ren\u00e9 Rast schreibt DTM-Geschichte","datePublished":"2017-10-15T17:20:51+00:00","dateModified":"2017-10-15T17:21:24+00:00","mainEntityOfPage":{"@id":"https:\/\/www.tts-freunde.de\/blog\/2017\/10\/15\/audi-pilot-rene-rast-schreibt-dtm-geschichte\/"},"wordCount":677,"publisher":{"@id":"https:\/\/www.tts-freunde.de\/blog\/#organization"},"image":{"@id":"https:\/\/www.tts-freunde.de\/blog\/2017\/10\/15\/audi-pilot-rene-rast-schreibt-dtm-geschichte\/#primaryimage"},"thumbnailUrl":"https:\/\/www.tts-freunde.de\/blog\/wp-content\/uploads\/2017\/10\/DTM-Finale-Hockenheim-2017.jpg","articleSection":["Audi Motorsport"],"inLanguage":"de"},{"@type":"WebPage","@id":"https:\/\/www.tts-freunde.de\/blog\/2017\/10\/15\/audi-pilot-rene-rast-schreibt-dtm-geschichte\/","url":"https:\/\/www.tts-freunde.de\/blog\/2017\/10\/15\/audi-pilot-rene-rast-schreibt-dtm-geschichte\/","name":"Audi-Pilot Ren\u00e9 Rast schreibt DTM-Geschichte - Audi Blog","isPartOf":{"@id":"https:\/\/www.tts-freunde.de\/blog\/#website"},"primaryImageOfPage":{"@id":"https:\/\/www.tts-freunde.de\/blog\/2017\/10\/15\/audi-pilot-rene-rast-schreibt-dtm-geschichte\/#primaryimage"},"image":{"@id":"https:\/\/www.tts-freunde.de\/blog\/2017\/10\/15\/audi-pilot-rene-rast-schreibt-dtm-geschichte\/#primaryimage"},"thumbnailUrl":"https:\/\/www.tts-freunde.de\/blog\/wp-content\/uploads\/2017\/10\/DTM-Finale-Hockenheim-2017.jpg","datePublished":"2017-10-15T17:20:51+00:00","dateModified":"2017-10-15T17:21:24+00:00","breadcrumb":{"@id":"https:\/\/www.tts-freunde.de\/blog\/2017\/10\/15\/audi-pilot-rene-rast-schreibt-dtm-geschichte\/#breadcrumb"},"inLanguage":"de","potentialAction":[{"@type":"ReadAction","target":["https:\/\/www.tts-freunde.de\/blog\/2017\/10\/15\/audi-pilot-rene-rast-schreibt-dtm-geschichte\/"]}]},{"@type":"ImageObject","inLanguage":"de","@id":"https:\/\/www.tts-freunde.de\/blog\/2017\/10\/15\/audi-pilot-rene-rast-schreibt-dtm-geschichte\/#primaryimage","url":"https:\/\/www.tts-freunde.de\/blog\/wp-content\/uploads\/2017\/10\/DTM-Finale-Hockenheim-2017.jpg","contentUrl":"https:\/\/www.tts-freunde.de\/blog\/wp-content\/uploads\/2017\/10\/DTM-Finale-Hockenheim-2017.jpg","width":1160,"height":820},{"@type":"BreadcrumbList","@id":"https:\/\/www.tts-freunde.de\/blog\/2017\/10\/15\/audi-pilot-rene-rast-schreibt-dtm-geschichte\/#breadcrumb","itemListElement":[{"@type":"ListItem","position":1,"name":"Home","item":"https:\/\/www.tts-freunde.de\/blog\/"},{"@type":"ListItem","position":2,"name":"Audi-Pilot Ren\u00e9 Rast schreibt DTM-Geschichte"}]},{"@type":"WebSite","@id":"https:\/\/www.tts-freunde.de\/blog\/#website","url":"https:\/\/www.tts-freunde.de\/blog\/","name":"Audi Blog","description":"Deutscher Audi Blog - TTS-Freunde","publisher":{"@id":"https:\/\/www.tts-freunde.de\/blog\/#organization"},"potentialAction":[{"@type":"SearchAction","target":{"@type":"EntryPoint","urlTemplate":"https:\/\/www.tts-freunde.de\/blog\/?s={search_term_string}"},"query-input":"required name=search_term_string"}],"inLanguage":"de"},{"@type":"Organization","@id":"https:\/\/www.tts-freunde.de\/blog\/#organization","name":"Audi Blog","url":"https:\/\/www.tts-freunde.de\/blog\/","logo":{"@type":"ImageObject","inLanguage":"de","@id":"https:\/\/www.tts-freunde.de\/blog\/#\/schema\/logo\/image\/","url":"https:\/\/www.tts-freunde.de\/blog\/wp-content\/uploads\/2022\/12\/logo_2022.jpg","contentUrl":"https:\/\/www.tts-freunde.de\/blog\/wp-content\/uploads\/2022\/12\/logo_2022.jpg","width":240,"height":41,"caption":"Audi Blog"},"image":{"@id":"https:\/\/www.tts-freunde.de\/blog\/#\/schema\/logo\/image\/"}},{"@type":"Person","@id":"https:\/\/www.tts-freunde.de\/blog\/#\/schema\/person\/b67f6a54e98f013bd281dbe05514b701","name":"admin","image":{"@type":"ImageObject","inLanguage":"de","@id":"https:\/\/www.tts-freunde.de\/blog\/#\/schema\/person\/image\/","url":"https:\/\/secure.gravatar.com\/avatar\/08a4bd330e25056ddb430c28136b38a6?s=96&d=mm&r=g","contentUrl":"https:\/\/secure.gravatar.com\/avatar\/08a4bd330e25056ddb430c28136b38a6?s=96&d=mm&r=g","caption":"admin"},"sameAs":["http:\/\/www.tts-freunde.de"],"url":"https:\/\/www.tts-freunde.de\/blog\/author\/admin\/"}]}},"jetpack_sharing_enabled":true,"jetpack_featured_media_url":"https:\/\/www.tts-freunde.de\/blog\/wp-content\/uploads\/2017\/10\/DTM-Finale-Hockenheim-2017.jpg","jetpack_shortlink":"https:\/\/wp.me\/p67hWW-167","jetpack_likes_enabled":false,"jetpack-related-posts":[],"_links":{"self":[{"href":"https:\/\/www.tts-freunde.de\/blog\/wp-json\/wp\/v2\/posts\/4223"}],"collection":[{"href":"https:\/\/www.tts-freunde.de\/blog\/wp-json\/wp\/v2\/posts"}],"about":[{"href":"https:\/\/www.tts-freunde.de\/blog\/wp-json\/wp\/v2\/types\/post"}],"author":[{"embeddable":true,"href":"https:\/\/www.tts-freunde.de\/blog\/wp-json\/wp\/v2\/users\/1"}],"replies":[{"embeddable":true,"href":"https:\/\/www.tts-freunde.de\/blog\/wp-json\/wp\/v2\/comments?post=4223"}],"version-history":[{"count":3,"href":"https:\/\/www.tts-freunde.de\/blog\/wp-json\/wp\/v2\/posts\/4223\/revisions"}],"predecessor-version":[{"id":4227,"href":"https:\/\/www.tts-freunde.de\/blog\/wp-json\/wp\/v2\/posts\/4223\/revisions\/4227"}],"wp:featuredmedia":[{"embeddable":true,"href":"https:\/\/www.tts-freunde.de\/blog\/wp-json\/wp\/v2\/media\/4224"}],"wp:attachment":[{"href":"https:\/\/www.tts-freunde.de\/blog\/wp-json\/wp\/v2\/media?parent=4223"}],"wp:term":[{"taxonomy":"category","embeddable":true,"href":"https:\/\/www.tts-freunde.de\/blog\/wp-json\/wp\/v2\/categories?post=4223"},{"taxonomy":"post_tag","embeddable":true,"href":"https:\/\/www.tts-freunde.de\/blog\/wp-json\/wp\/v2\/tags?post=4223"}],"curies":[{"name":"wp","href":"https:\/\/api.w.org\/{rel}","templated":true}]}}