{"id":4244,"date":"2017-10-18T19:09:10","date_gmt":"2017-10-18T17:09:10","guid":{"rendered":"https:\/\/www.tts-freunde.de\/blog\/?p=4244"},"modified":"2017-10-18T19:09:10","modified_gmt":"2017-10-18T17:09:10","slug":"audi-rockabilly","status":"publish","type":"post","link":"https:\/\/www.tts-freunde.de\/blog\/2017\/10\/18\/audi-rockabilly\/","title":{"rendered":"Party im Audi Forum Neckarsulm: \u201eAfter-Work meets Rockabilly\u201c"},"content":{"rendered":"<div id=\"item-70581d3f-48a2-4614-825f-2984eeddc910\" class=\"page-item--column col-sm-4\">\n<div class=\"custom-padding\">\n<div class=\"page-row has-no-item-box\">\n<div id=\"item-5ed23f5e-54d8-410f-bec7-01552fd852f9\" class=\"page-item--topic-list\">\n<div class=\"topic-list\">\n<ul>\n<li>Musik und Rahmenprogramm im Stil der 50er-Jahre<\/li>\n<li>Auftritt der bekannten Rock-\u2019n\u2019-Roll-Band \u201eBoppin\u2019 B\u201c<\/li>\n<\/ul>\n<div id=\"attachment_4245\" style=\"width: 1170px\" class=\"wp-caption aligncenter\"><a href=\"https:\/\/www.tts-freunde.de\/blog\/wp-content\/uploads\/2017\/10\/After-Work-meets-Rockabilly.jpg\"><img loading=\"lazy\" decoding=\"async\" aria-describedby=\"caption-attachment-4245\" data-attachment-id=\"4245\" data-permalink=\"https:\/\/www.tts-freunde.de\/blog\/2017\/10\/18\/audi-rockabilly\/after-work-meets-rockabilly\/\" data-orig-file=\"https:\/\/www.tts-freunde.de\/blog\/wp-content\/uploads\/2017\/10\/After-Work-meets-Rockabilly.jpg\" data-orig-size=\"1160,773\" data-comments-opened=\"0\" data-image-meta=\"{&quot;aperture&quot;:&quot;0&quot;,&quot;credit&quot;:&quot;&quot;,&quot;camera&quot;:&quot;&quot;,&quot;caption&quot;:&quot;&quot;,&quot;created_timestamp&quot;:&quot;0&quot;,&quot;copyright&quot;:&quot;&quot;,&quot;focal_length&quot;:&quot;0&quot;,&quot;iso&quot;:&quot;0&quot;,&quot;shutter_speed&quot;:&quot;0&quot;,&quot;title&quot;:&quot;&quot;,&quot;orientation&quot;:&quot;0&quot;}\" data-image-title=\"After-Work meets Rockabilly\" data-image-description=\"&lt;p&gt;Audi Rockabilly&lt;\/p&gt;\n\" data-image-caption=\"&lt;p&gt;Audi Rockabilly&lt;\/p&gt;\n\" data-medium-file=\"https:\/\/www.tts-freunde.de\/blog\/wp-content\/uploads\/2017\/10\/After-Work-meets-Rockabilly-300x200.jpg\" data-large-file=\"https:\/\/www.tts-freunde.de\/blog\/wp-content\/uploads\/2017\/10\/After-Work-meets-Rockabilly-1024x682.jpg\" tabindex=\"0\" role=\"button\" class=\"size-full wp-image-4245\" src=\"https:\/\/www.tts-freunde.de\/blog\/wp-content\/uploads\/2017\/10\/After-Work-meets-Rockabilly.jpg\" alt=\"Audi Rockabilly\" width=\"1160\" height=\"773\" srcset=\"https:\/\/www.tts-freunde.de\/blog\/wp-content\/uploads\/2017\/10\/After-Work-meets-Rockabilly.jpg 1160w, https:\/\/www.tts-freunde.de\/blog\/wp-content\/uploads\/2017\/10\/After-Work-meets-Rockabilly-300x200.jpg 300w, https:\/\/www.tts-freunde.de\/blog\/wp-content\/uploads\/2017\/10\/After-Work-meets-Rockabilly-768x512.jpg 768w, https:\/\/www.tts-freunde.de\/blog\/wp-content\/uploads\/2017\/10\/After-Work-meets-Rockabilly-1024x682.jpg 1024w\" sizes=\"(max-width: 1160px) 100vw, 1160px\" \/><\/a><p id=\"caption-attachment-4245\" class=\"wp-caption-text\">Audi Rockabilly<\/p><\/div>\n<div class=\"page-row has-no-item-box\">\n<div id=\"item-f15f02fc-f4c6-4208-91dc-2ded4303e051\" class=\"page-item--intro\">\n<div class=\"intro-text\">\n<p>Petticoats, Bluejeans und reichlich Pomade: Am Donnerstag, 9. November, leben im Audi Forum Neckarsulm die 50er-Jahre wieder auf. Eine der erfolgreichsten Rock-\u2019n\u2019-Roll-Bands Deutschlands, \u201eBoppin\u2019 B\u201c, sorgt f\u00fcr Tanzlaune. Die Zeitreise perfekt macht das Rahmenprogramm mit Styling und Tanz-Tipps.<\/p>\n<\/div>\n<\/div>\n<\/div>\n<div class=\"page-row has-no-item-box\">\n<div id=\"item-6b255481-b547-4800-b24f-40c1f550fcb5\" class=\"page-item--text\">\n<div class=\"style-links-for-body-text\">\n<p>Beim After-Work im Audi Forum Neckarsulm erwachen f\u00fcr einen Abend die 50er wieder zum Leben. F\u00fcr die passende Musik sorgt die Rock-\u2019n\u2019-Roll-Band \u201eBoppin\u2019 B\u201c, die seit Jahren international erfolgreich ist. Die f\u00fcnf Musiker spielen eigene Kompositionen und interpretieren moderne Poplieder im Stil der 50er-Jahre.<\/p>\n<p>Neben der Musik tr\u00e4gt auch das Rahmenprogramm zum passenden Lebensgef\u00fchl bei. Besucher k\u00f6nnen sich von einem Fris\u00f6r die passende Rockabilly-Frisur stylen lassen oder von Profis die passenden Tanzschritte zur Musik lernen.<\/p>\n<p>Karten f\u00fcr die Veranstaltung \u201eAfter-Work meets Rockabilly\u201c sind an allen ReserviX-Vorverkaufsstellen, im Internet unter <a href=\"http:\/\/www.reservix.de\">www.reservix.de<\/a> und am Zentralen Empfang des Audi Forum Neckarsulm unter der Telefonnummer 07132 31-70110 erh\u00e4ltlich. Einlass ist ab\u00a018.30 Uhr.<\/p>\n<\/div>\n<\/div>\n<\/div>\n<\/div>\n<\/div>\n<\/div>\n<\/div>\n<\/div>\n","protected":false},"excerpt":{"rendered":"<p>Musik und Rahmenprogramm im Stil der 50er-Jahre Auftritt der bekannten Rock-\u2019n\u2019-Roll-Band \u201eBoppin\u2019 B\u201c Petticoats, Bluejeans und reichlich Pomade: Am Donnerstag, 9. November, leben im Audi Forum Neckarsulm die 50er-Jahre wieder auf. Eine der erfolgreichsten Rock-\u2019n\u2019-Roll-Bands Deutschlands, \u201eBoppin\u2019 B\u201c, sorgt f\u00fcr Tanzlaune. Die Zeitreise perfekt macht das Rahmenprogramm mit Styling und [&hellip;]<\/p>\n","protected":false},"author":1,"featured_media":4245,"comment_status":"closed","ping_status":"open","sticky":false,"template":"","format":"standard","meta":{"jetpack_post_was_ever_published":false,"_jetpack_newsletter_access":"","_jetpack_dont_email_post_to_subs":false,"_jetpack_newsletter_tier_id":0,"_jetpack_memberships_contains_paywalled_content":false,"_jetpack_memberships_contains_paid_content":false,"footnotes":"","jetpack_publicize_message":"Party im Audi Forum Neckarsulm: \u201eAfter-Work meets Rockabilly\u201c #Audi #Rockabilly","jetpack_publicize_feature_enabled":true,"jetpack_social_post_already_shared":true,"jetpack_social_options":{"image_generator_settings":{"template":"highway","enabled":false},"version":2}},"categories":[16],"tags":[],"class_list":["post-4244","post","type-post","status-publish","format-standard","has-post-thumbnail","hentry","category-audi-ag"],"wppr_data":{"cwp_meta_box_check":"No"},"jetpack_publicize_connections":[],"yoast_head":"<!-- This site is optimized with the Yoast SEO plugin v23.3 - https:\/\/yoast.com\/wordpress\/plugins\/seo\/ -->\n<title>Party im Audi Forum Neckarsulm: \u201eAfter-Work meets Rockabilly\u201c - Audi Blog<\/title>\n<meta name=\"robots\" content=\"index, follow, max-snippet:-1, max-image-preview:large, max-video-preview:-1\" \/>\n<link rel=\"canonical\" href=\"https:\/\/www.tts-freunde.de\/blog\/2017\/10\/18\/audi-rockabilly\/\" \/>\n<meta property=\"og:locale\" content=\"de_DE\" \/>\n<meta property=\"og:type\" content=\"article\" \/>\n<meta property=\"og:title\" content=\"Party im Audi Forum Neckarsulm: \u201eAfter-Work meets Rockabilly\u201c - Audi Blog\" \/>\n<meta property=\"og:description\" content=\"Musik und Rahmenprogramm im Stil der 50er-Jahre Auftritt der bekannten Rock-\u2019n\u2019-Roll-Band \u201eBoppin\u2019 B\u201c Petticoats, Bluejeans und reichlich Pomade: Am Donnerstag, 9. November, leben im Audi Forum Neckarsulm die 50er-Jahre wieder auf. Eine der erfolgreichsten Rock-\u2019n\u2019-Roll-Bands Deutschlands, \u201eBoppin\u2019 B\u201c, sorgt f\u00fcr Tanzlaune. Die Zeitreise perfekt macht das Rahmenprogramm mit Styling und [&hellip;]\" \/>\n<meta property=\"og:url\" content=\"https:\/\/www.tts-freunde.de\/blog\/2017\/10\/18\/audi-rockabilly\/\" \/>\n<meta property=\"og:site_name\" content=\"Audi Blog\" \/>\n<meta property=\"article:published_time\" content=\"2017-10-18T17:09:10+00:00\" \/>\n<meta property=\"og:image\" content=\"https:\/\/www.tts-freunde.de\/blog\/wp-content\/uploads\/2017\/10\/After-Work-meets-Rockabilly.jpg\" \/>\n\t<meta property=\"og:image:width\" content=\"1160\" \/>\n\t<meta property=\"og:image:height\" content=\"773\" \/>\n\t<meta property=\"og:image:type\" content=\"image\/jpeg\" \/>\n<meta name=\"author\" content=\"admin\" \/>\n<meta name=\"twitter:card\" content=\"summary_large_image\" \/>\n<meta name=\"twitter:label1\" content=\"Verfasst von\" \/>\n\t<meta name=\"twitter:data1\" content=\"admin\" \/>\n\t<meta name=\"twitter:label2\" content=\"Gesch\u00e4tzte Lesezeit\" \/>\n\t<meta name=\"twitter:data2\" content=\"1\u00a0Minute\" \/>\n<script type=\"application\/ld+json\" class=\"yoast-schema-graph\">{\"@context\":\"https:\/\/schema.org\",\"@graph\":[{\"@type\":\"Article\",\"@id\":\"https:\/\/www.tts-freunde.de\/blog\/2017\/10\/18\/audi-rockabilly\/#article\",\"isPartOf\":{\"@id\":\"https:\/\/www.tts-freunde.de\/blog\/2017\/10\/18\/audi-rockabilly\/\"},\"author\":{\"name\":\"admin\",\"@id\":\"https:\/\/www.tts-freunde.de\/blog\/#\/schema\/person\/b67f6a54e98f013bd281dbe05514b701\"},\"headline\":\"Party im Audi Forum Neckarsulm: \u201eAfter-Work meets Rockabilly\u201c\",\"datePublished\":\"2017-10-18T17:09:10+00:00\",\"dateModified\":\"2017-10-18T17:09:10+00:00\",\"mainEntityOfPage\":{\"@id\":\"https:\/\/www.tts-freunde.de\/blog\/2017\/10\/18\/audi-rockabilly\/\"},\"wordCount\":192,\"publisher\":{\"@id\":\"https:\/\/www.tts-freunde.de\/blog\/#organization\"},\"image\":{\"@id\":\"https:\/\/www.tts-freunde.de\/blog\/2017\/10\/18\/audi-rockabilly\/#primaryimage\"},\"thumbnailUrl\":\"https:\/\/www.tts-freunde.de\/blog\/wp-content\/uploads\/2017\/10\/After-Work-meets-Rockabilly.jpg\",\"articleSection\":[\"Audi AG\"],\"inLanguage\":\"de\"},{\"@type\":\"WebPage\",\"@id\":\"https:\/\/www.tts-freunde.de\/blog\/2017\/10\/18\/audi-rockabilly\/\",\"url\":\"https:\/\/www.tts-freunde.de\/blog\/2017\/10\/18\/audi-rockabilly\/\",\"name\":\"Party im Audi Forum Neckarsulm: \u201eAfter-Work meets Rockabilly\u201c - Audi Blog\",\"isPartOf\":{\"@id\":\"https:\/\/www.tts-freunde.de\/blog\/#website\"},\"primaryImageOfPage\":{\"@id\":\"https:\/\/www.tts-freunde.de\/blog\/2017\/10\/18\/audi-rockabilly\/#primaryimage\"},\"image\":{\"@id\":\"https:\/\/www.tts-freunde.de\/blog\/2017\/10\/18\/audi-rockabilly\/#primaryimage\"},\"thumbnailUrl\":\"https:\/\/www.tts-freunde.de\/blog\/wp-content\/uploads\/2017\/10\/After-Work-meets-Rockabilly.jpg\",\"datePublished\":\"2017-10-18T17:09:10+00:00\",\"dateModified\":\"2017-10-18T17:09:10+00:00\",\"breadcrumb\":{\"@id\":\"https:\/\/www.tts-freunde.de\/blog\/2017\/10\/18\/audi-rockabilly\/#breadcrumb\"},\"inLanguage\":\"de\",\"potentialAction\":[{\"@type\":\"ReadAction\",\"target\":[\"https:\/\/www.tts-freunde.de\/blog\/2017\/10\/18\/audi-rockabilly\/\"]}]},{\"@type\":\"ImageObject\",\"inLanguage\":\"de\",\"@id\":\"https:\/\/www.tts-freunde.de\/blog\/2017\/10\/18\/audi-rockabilly\/#primaryimage\",\"url\":\"https:\/\/www.tts-freunde.de\/blog\/wp-content\/uploads\/2017\/10\/After-Work-meets-Rockabilly.jpg\",\"contentUrl\":\"https:\/\/www.tts-freunde.de\/blog\/wp-content\/uploads\/2017\/10\/After-Work-meets-Rockabilly.jpg\",\"width\":1160,\"height\":773,\"caption\":\"Audi Rockabilly\"},{\"@type\":\"BreadcrumbList\",\"@id\":\"https:\/\/www.tts-freunde.de\/blog\/2017\/10\/18\/audi-rockabilly\/#breadcrumb\",\"itemListElement\":[{\"@type\":\"ListItem\",\"position\":1,\"name\":\"Home\",\"item\":\"https:\/\/www.tts-freunde.de\/blog\/\"},{\"@type\":\"ListItem\",\"position\":2,\"name\":\"Party im Audi Forum Neckarsulm: \u201eAfter-Work meets Rockabilly\u201c\"}]},{\"@type\":\"WebSite\",\"@id\":\"https:\/\/www.tts-freunde.de\/blog\/#website\",\"url\":\"https:\/\/www.tts-freunde.de\/blog\/\",\"name\":\"Audi Blog\",\"description\":\"Deutscher Audi Blog - TTS-Freunde\",\"publisher\":{\"@id\":\"https:\/\/www.tts-freunde.de\/blog\/#organization\"},\"potentialAction\":[{\"@type\":\"SearchAction\",\"target\":{\"@type\":\"EntryPoint\",\"urlTemplate\":\"https:\/\/www.tts-freunde.de\/blog\/?s={search_term_string}\"},\"query-input\":\"required name=search_term_string\"}],\"inLanguage\":\"de\"},{\"@type\":\"Organization\",\"@id\":\"https:\/\/www.tts-freunde.de\/blog\/#organization\",\"name\":\"Audi Blog\",\"url\":\"https:\/\/www.tts-freunde.de\/blog\/\",\"logo\":{\"@type\":\"ImageObject\",\"inLanguage\":\"de\",\"@id\":\"https:\/\/www.tts-freunde.de\/blog\/#\/schema\/logo\/image\/\",\"url\":\"https:\/\/www.tts-freunde.de\/blog\/wp-content\/uploads\/2022\/12\/logo_2022.jpg\",\"contentUrl\":\"https:\/\/www.tts-freunde.de\/blog\/wp-content\/uploads\/2022\/12\/logo_2022.jpg\",\"width\":240,\"height\":41,\"caption\":\"Audi Blog\"},\"image\":{\"@id\":\"https:\/\/www.tts-freunde.de\/blog\/#\/schema\/logo\/image\/\"}},{\"@type\":\"Person\",\"@id\":\"https:\/\/www.tts-freunde.de\/blog\/#\/schema\/person\/b67f6a54e98f013bd281dbe05514b701\",\"name\":\"admin\",\"image\":{\"@type\":\"ImageObject\",\"inLanguage\":\"de\",\"@id\":\"https:\/\/www.tts-freunde.de\/blog\/#\/schema\/person\/image\/\",\"url\":\"https:\/\/secure.gravatar.com\/avatar\/08a4bd330e25056ddb430c28136b38a6?s=96&d=mm&r=g\",\"contentUrl\":\"https:\/\/secure.gravatar.com\/avatar\/08a4bd330e25056ddb430c28136b38a6?s=96&d=mm&r=g\",\"caption\":\"admin\"},\"sameAs\":[\"http:\/\/www.tts-freunde.de\"],\"url\":\"https:\/\/www.tts-freunde.de\/blog\/author\/admin\/\"}]}<\/script>\n<!-- \/ Yoast SEO plugin. -->","yoast_head_json":{"title":"Party im Audi Forum Neckarsulm: \u201eAfter-Work meets Rockabilly\u201c - Audi Blog","robots":{"index":"index","follow":"follow","max-snippet":"max-snippet:-1","max-image-preview":"max-image-preview:large","max-video-preview":"max-video-preview:-1"},"canonical":"https:\/\/www.tts-freunde.de\/blog\/2017\/10\/18\/audi-rockabilly\/","og_locale":"de_DE","og_type":"article","og_title":"Party im Audi Forum Neckarsulm: \u201eAfter-Work meets Rockabilly\u201c - Audi Blog","og_description":"Musik und Rahmenprogramm im Stil der 50er-Jahre Auftritt der bekannten Rock-\u2019n\u2019-Roll-Band \u201eBoppin\u2019 B\u201c Petticoats, Bluejeans und reichlich Pomade: Am Donnerstag, 9. November, leben im Audi Forum Neckarsulm die 50er-Jahre wieder auf. Eine der erfolgreichsten Rock-\u2019n\u2019-Roll-Bands Deutschlands, \u201eBoppin\u2019 B\u201c, sorgt f\u00fcr Tanzlaune. Die Zeitreise perfekt macht das Rahmenprogramm mit Styling und [&hellip;]","og_url":"https:\/\/www.tts-freunde.de\/blog\/2017\/10\/18\/audi-rockabilly\/","og_site_name":"Audi Blog","article_published_time":"2017-10-18T17:09:10+00:00","og_image":[{"width":1160,"height":773,"url":"https:\/\/www.tts-freunde.de\/blog\/wp-content\/uploads\/2017\/10\/After-Work-meets-Rockabilly.jpg","type":"image\/jpeg"}],"author":"admin","twitter_card":"summary_large_image","twitter_misc":{"Verfasst von":"admin","Gesch\u00e4tzte Lesezeit":"1\u00a0Minute"},"schema":{"@context":"https:\/\/schema.org","@graph":[{"@type":"Article","@id":"https:\/\/www.tts-freunde.de\/blog\/2017\/10\/18\/audi-rockabilly\/#article","isPartOf":{"@id":"https:\/\/www.tts-freunde.de\/blog\/2017\/10\/18\/audi-rockabilly\/"},"author":{"name":"admin","@id":"https:\/\/www.tts-freunde.de\/blog\/#\/schema\/person\/b67f6a54e98f013bd281dbe05514b701"},"headline":"Party im Audi Forum Neckarsulm: \u201eAfter-Work meets Rockabilly\u201c","datePublished":"2017-10-18T17:09:10+00:00","dateModified":"2017-10-18T17:09:10+00:00","mainEntityOfPage":{"@id":"https:\/\/www.tts-freunde.de\/blog\/2017\/10\/18\/audi-rockabilly\/"},"wordCount":192,"publisher":{"@id":"https:\/\/www.tts-freunde.de\/blog\/#organization"},"image":{"@id":"https:\/\/www.tts-freunde.de\/blog\/2017\/10\/18\/audi-rockabilly\/#primaryimage"},"thumbnailUrl":"https:\/\/www.tts-freunde.de\/blog\/wp-content\/uploads\/2017\/10\/After-Work-meets-Rockabilly.jpg","articleSection":["Audi AG"],"inLanguage":"de"},{"@type":"WebPage","@id":"https:\/\/www.tts-freunde.de\/blog\/2017\/10\/18\/audi-rockabilly\/","url":"https:\/\/www.tts-freunde.de\/blog\/2017\/10\/18\/audi-rockabilly\/","name":"Party im Audi Forum Neckarsulm: \u201eAfter-Work meets Rockabilly\u201c - Audi Blog","isPartOf":{"@id":"https:\/\/www.tts-freunde.de\/blog\/#website"},"primaryImageOfPage":{"@id":"https:\/\/www.tts-freunde.de\/blog\/2017\/10\/18\/audi-rockabilly\/#primaryimage"},"image":{"@id":"https:\/\/www.tts-freunde.de\/blog\/2017\/10\/18\/audi-rockabilly\/#primaryimage"},"thumbnailUrl":"https:\/\/www.tts-freunde.de\/blog\/wp-content\/uploads\/2017\/10\/After-Work-meets-Rockabilly.jpg","datePublished":"2017-10-18T17:09:10+00:00","dateModified":"2017-10-18T17:09:10+00:00","breadcrumb":{"@id":"https:\/\/www.tts-freunde.de\/blog\/2017\/10\/18\/audi-rockabilly\/#breadcrumb"},"inLanguage":"de","potentialAction":[{"@type":"ReadAction","target":["https:\/\/www.tts-freunde.de\/blog\/2017\/10\/18\/audi-rockabilly\/"]}]},{"@type":"ImageObject","inLanguage":"de","@id":"https:\/\/www.tts-freunde.de\/blog\/2017\/10\/18\/audi-rockabilly\/#primaryimage","url":"https:\/\/www.tts-freunde.de\/blog\/wp-content\/uploads\/2017\/10\/After-Work-meets-Rockabilly.jpg","contentUrl":"https:\/\/www.tts-freunde.de\/blog\/wp-content\/uploads\/2017\/10\/After-Work-meets-Rockabilly.jpg","width":1160,"height":773,"caption":"Audi Rockabilly"},{"@type":"BreadcrumbList","@id":"https:\/\/www.tts-freunde.de\/blog\/2017\/10\/18\/audi-rockabilly\/#breadcrumb","itemListElement":[{"@type":"ListItem","position":1,"name":"Home","item":"https:\/\/www.tts-freunde.de\/blog\/"},{"@type":"ListItem","position":2,"name":"Party im Audi Forum Neckarsulm: \u201eAfter-Work meets Rockabilly\u201c"}]},{"@type":"WebSite","@id":"https:\/\/www.tts-freunde.de\/blog\/#website","url":"https:\/\/www.tts-freunde.de\/blog\/","name":"Audi Blog","description":"Deutscher Audi Blog - TTS-Freunde","publisher":{"@id":"https:\/\/www.tts-freunde.de\/blog\/#organization"},"potentialAction":[{"@type":"SearchAction","target":{"@type":"EntryPoint","urlTemplate":"https:\/\/www.tts-freunde.de\/blog\/?s={search_term_string}"},"query-input":"required name=search_term_string"}],"inLanguage":"de"},{"@type":"Organization","@id":"https:\/\/www.tts-freunde.de\/blog\/#organization","name":"Audi Blog","url":"https:\/\/www.tts-freunde.de\/blog\/","logo":{"@type":"ImageObject","inLanguage":"de","@id":"https:\/\/www.tts-freunde.de\/blog\/#\/schema\/logo\/image\/","url":"https:\/\/www.tts-freunde.de\/blog\/wp-content\/uploads\/2022\/12\/logo_2022.jpg","contentUrl":"https:\/\/www.tts-freunde.de\/blog\/wp-content\/uploads\/2022\/12\/logo_2022.jpg","width":240,"height":41,"caption":"Audi Blog"},"image":{"@id":"https:\/\/www.tts-freunde.de\/blog\/#\/schema\/logo\/image\/"}},{"@type":"Person","@id":"https:\/\/www.tts-freunde.de\/blog\/#\/schema\/person\/b67f6a54e98f013bd281dbe05514b701","name":"admin","image":{"@type":"ImageObject","inLanguage":"de","@id":"https:\/\/www.tts-freunde.de\/blog\/#\/schema\/person\/image\/","url":"https:\/\/secure.gravatar.com\/avatar\/08a4bd330e25056ddb430c28136b38a6?s=96&d=mm&r=g","contentUrl":"https:\/\/secure.gravatar.com\/avatar\/08a4bd330e25056ddb430c28136b38a6?s=96&d=mm&r=g","caption":"admin"},"sameAs":["http:\/\/www.tts-freunde.de"],"url":"https:\/\/www.tts-freunde.de\/blog\/author\/admin\/"}]}},"jetpack_sharing_enabled":true,"jetpack_featured_media_url":"https:\/\/www.tts-freunde.de\/blog\/wp-content\/uploads\/2017\/10\/After-Work-meets-Rockabilly.jpg","jetpack_shortlink":"https:\/\/wp.me\/p67hWW-16s","jetpack_likes_enabled":false,"jetpack-related-posts":[],"_links":{"self":[{"href":"https:\/\/www.tts-freunde.de\/blog\/wp-json\/wp\/v2\/posts\/4244"}],"collection":[{"href":"https:\/\/www.tts-freunde.de\/blog\/wp-json\/wp\/v2\/posts"}],"about":[{"href":"https:\/\/www.tts-freunde.de\/blog\/wp-json\/wp\/v2\/types\/post"}],"author":[{"embeddable":true,"href":"https:\/\/www.tts-freunde.de\/blog\/wp-json\/wp\/v2\/users\/1"}],"replies":[{"embeddable":true,"href":"https:\/\/www.tts-freunde.de\/blog\/wp-json\/wp\/v2\/comments?post=4244"}],"version-history":[{"count":1,"href":"https:\/\/www.tts-freunde.de\/blog\/wp-json\/wp\/v2\/posts\/4244\/revisions"}],"predecessor-version":[{"id":4246,"href":"https:\/\/www.tts-freunde.de\/blog\/wp-json\/wp\/v2\/posts\/4244\/revisions\/4246"}],"wp:featuredmedia":[{"embeddable":true,"href":"https:\/\/www.tts-freunde.de\/blog\/wp-json\/wp\/v2\/media\/4245"}],"wp:attachment":[{"href":"https:\/\/www.tts-freunde.de\/blog\/wp-json\/wp\/v2\/media?parent=4244"}],"wp:term":[{"taxonomy":"category","embeddable":true,"href":"https:\/\/www.tts-freunde.de\/blog\/wp-json\/wp\/v2\/categories?post=4244"},{"taxonomy":"post_tag","embeddable":true,"href":"https:\/\/www.tts-freunde.de\/blog\/wp-json\/wp\/v2\/tags?post=4244"}],"curies":[{"name":"wp","href":"https:\/\/api.w.org\/{rel}","templated":true}]}}