{"id":4393,"date":"2017-12-23T08:00:28","date_gmt":"2017-12-23T07:00:28","guid":{"rendered":"https:\/\/www.tts-freunde.de\/blog\/?p=4393"},"modified":"2017-12-21T19:58:55","modified_gmt":"2017-12-21T18:58:55","slug":"audi-verlaengert-praemie-fuer-umstieg-auf-neueste-effizienztechnologien","status":"publish","type":"post","link":"https:\/\/www.tts-freunde.de\/blog\/2017\/12\/23\/audi-verlaengert-praemie-fuer-umstieg-auf-neueste-effizienztechnologien\/","title":{"rendered":"Audi verl\u00e4ngert Pr\u00e4mie f\u00fcr Umstieg auf neueste Effizienztechnologien"},"content":{"rendered":"<div id=\"item-3a180ece-82d1-4289-a6d0-dd84e12a32d0\" class=\"page-item--column col-sm-4\">\n<div class=\"custom-padding\">\n<div class=\"page-row has-no-item-box\">\n<div id=\"item-9287a050-6c26-4a3e-be70-f45ad5a2e4c4\" class=\"page-item--topic-list\">\n<div class=\"topic-list\">\n<ul>\n<li>Aktion f\u00fcr Ersatz von Diesel-Fahrzeugen der Abgasnorm Euro 1 bis 4<\/li>\n<li>Modell und Antriebstechnologie des Neufahrzeugs bestimmt Pr\u00e4mienh\u00f6he<\/li>\n<li>Zusatzf\u00f6rderung f\u00fcr Umstieg auf Plug-In-Hybrid-Modelle und <span class=\"nowrap\">g-tron<\/span>-Varianten<\/li>\n<\/ul>\n<div id=\"attachment_4394\" style=\"width: 1170px\" class=\"wp-caption aligncenter\"><a href=\"https:\/\/www.tts-freunde.de\/blog\/wp-content\/uploads\/2017\/12\/Audi-A4-Avant-g-tron.jpg\"><img loading=\"lazy\" decoding=\"async\" aria-describedby=\"caption-attachment-4394\" data-attachment-id=\"4394\" data-permalink=\"https:\/\/www.tts-freunde.de\/blog\/2017\/12\/23\/audi-verlaengert-praemie-fuer-umstieg-auf-neueste-effizienztechnologien\/audi-a4-avant-g-tron-2\/\" data-orig-file=\"https:\/\/www.tts-freunde.de\/blog\/wp-content\/uploads\/2017\/12\/Audi-A4-Avant-g-tron.jpg\" data-orig-size=\"1160,774\" data-comments-opened=\"0\" data-image-meta=\"{&quot;aperture&quot;:&quot;0&quot;,&quot;credit&quot;:&quot;&quot;,&quot;camera&quot;:&quot;&quot;,&quot;caption&quot;:&quot;&quot;,&quot;created_timestamp&quot;:&quot;0&quot;,&quot;copyright&quot;:&quot;&quot;,&quot;focal_length&quot;:&quot;0&quot;,&quot;iso&quot;:&quot;0&quot;,&quot;shutter_speed&quot;:&quot;0&quot;,&quot;title&quot;:&quot;&quot;,&quot;orientation&quot;:&quot;0&quot;}\" data-image-title=\"Audi A4 Avant g-tron\" data-image-description=\"&lt;p&gt;Audi A4 Avant g-tron&lt;\/p&gt;\n\" data-image-caption=\"&lt;p&gt;Audi A4 Avant g-tron&lt;\/p&gt;\n\" data-medium-file=\"https:\/\/www.tts-freunde.de\/blog\/wp-content\/uploads\/2017\/12\/Audi-A4-Avant-g-tron-300x200.jpg\" data-large-file=\"https:\/\/www.tts-freunde.de\/blog\/wp-content\/uploads\/2017\/12\/Audi-A4-Avant-g-tron-1024x683.jpg\" tabindex=\"0\" role=\"button\" class=\"size-full wp-image-4394\" src=\"https:\/\/www.tts-freunde.de\/blog\/wp-content\/uploads\/2017\/12\/Audi-A4-Avant-g-tron.jpg\" alt=\"Audi A4 Avant g-tron\" width=\"1160\" height=\"774\" srcset=\"https:\/\/www.tts-freunde.de\/blog\/wp-content\/uploads\/2017\/12\/Audi-A4-Avant-g-tron.jpg 1160w, https:\/\/www.tts-freunde.de\/blog\/wp-content\/uploads\/2017\/12\/Audi-A4-Avant-g-tron-300x200.jpg 300w, https:\/\/www.tts-freunde.de\/blog\/wp-content\/uploads\/2017\/12\/Audi-A4-Avant-g-tron-768x512.jpg 768w, https:\/\/www.tts-freunde.de\/blog\/wp-content\/uploads\/2017\/12\/Audi-A4-Avant-g-tron-1024x683.jpg 1024w\" sizes=\"(max-width: 1160px) 100vw, 1160px\" \/><\/a><p id=\"caption-attachment-4394\" class=\"wp-caption-text\">Audi A4 Avant g-tron<\/p><\/div>\n<div class=\"page-row has-no-item-box\">\n<div id=\"item-cd3104eb-c793-4216-8e91-57258845cb19\" class=\"page-item--intro\">\n<div class=\"intro-text\">\n<p>Es ist ein attraktiver Anreiz, auf moderne und umweltfreundlichere Automobile umzusteigen: Die AUDI AG verl\u00e4ngert ihre Pr\u00e4mie f\u00fcr Kunden, die von ihrem bisherigen Automobil mit Dieselmotor der Abgasnorm Euro 1 bis Euro 4 auf einen Audi mit Euro 6-Standard wechseln. Der Preisvorteil ist modellabh\u00e4ngig gestaffelt \u2013 je nach Fahrzeugklasse des gew\u00e4hlten Neuwagens betr\u00e4gt er zwischen 3.000 Euro und 10.000 Euro. W\u00e4hlt der Kunde einen Audi mit alternativem Antrieb wie Plug-In-Hybrid-Technologie oder ein mit Erdgas betriebenes <span class=\"nowrap\">g-tron<\/span>-Modell, profitiert er zus\u00e4tzlich. Die Verl\u00e4ngerung der Pr\u00e4mie startet zum 1. Januar 2018 in Deutschland und geht bis zum 31. M\u00e4rz 2018.<\/p>\n<\/div>\n<\/div>\n<\/div>\n<div class=\"page-row has-no-item-box\">\n<div id=\"item-9e5cd7ee-4d23-4291-8b2e-120eddcca019\" class=\"page-item--text\">\n<div class=\"style-links-for-body-text\">\n<p>Die von Audi angebotene Pr\u00e4mie richtet sich an alle Fahrer eines Diesel-Fahrzeugs der Abgasnorm Euro\u00a01 bis Euro\u00a04 \u2013 unabh\u00e4ngig von Modell und Marke. Das Altfahrzeug wird stillgelegt und verschrottet. Es muss nicht immer ein Neuwagen sein: Wechselt der Kunde auf einen jungen Audi-Gebrauchtwagen, unterst\u00fctzt das Unternehmen ebenfalls mit attraktiven Konditionen. Die Zusage der von der AUDI AG finanzierten Pr\u00e4mie erfolgt direkt \u00fcber die Audi-H\u00e4ndler; eine gesonderte Beantragung ist nicht erforderlich.<\/p>\n<p>Kunden, die sich f\u00fcr einen Audi mit besonders emissionsarmer Technologie entscheiden, profitieren zus\u00e4tzlich \u2013 etwa beim Kauf eines Audi <span class=\"nowrap\">e-tron<\/span>-Modells mit Plug-In-Hybrid-Antrieb: Sofern die F\u00f6rderbedingungen f\u00fcr den staatlichen \u201eUmweltbonus\u201c erf\u00fcllt sind, erh\u00e4lt der Kunde diesen zus\u00e4tzlich zur Audi-Pr\u00e4mie. Das ist beim Audi A3 <span class=\"nowrap\">e-tron<\/span> der Fall.<\/p>\n<p>F\u00fcr k\u00fcnftige Fahrer eines Audi A4 Avant <span class=\"nowrap\">g-tron<\/span>* oder Audi A5 Sportback <span class=\"nowrap\">g-tron<\/span>** betr\u00e4gt die Neuwagen-F\u00f6rderung jeweils 9.500\u00a0Euro. Im Gasbetrieb und mit S tronic sto\u00dfen die beiden Modelle fast ein F\u00fcnftel weniger CO<sub>2<\/sub> aus als im Benzinbetrieb. Dieser Wert steigert sich weiter mit dem gr\u00fcnen Kraftstoff Audi e-gas: Damit emittieren die Audi <span class=\"nowrap\">g-tron<\/span>-Modelle 80\u00a0Prozent weniger CO<sub>2<\/sub> als ein Benziner in der gleichen Leistungsklasse. ***.<\/p>\n<p>Fragen zu den Konditionen der Umweltpr\u00e4mie beantwortet der Audi Kundenservice\u00a0(E-Mail: kundenbetreuung@audi.de).<\/p>\n<\/div>\n<\/div>\n<\/div>\n<\/div>\n<\/div>\n<\/div>\n<\/div>\n<\/div>\n","protected":false},"excerpt":{"rendered":"<p>Aktion f\u00fcr Ersatz von Diesel-Fahrzeugen der Abgasnorm Euro 1 bis 4 Modell und Antriebstechnologie des Neufahrzeugs bestimmt Pr\u00e4mienh\u00f6he Zusatzf\u00f6rderung f\u00fcr Umstieg auf Plug-In-Hybrid-Modelle und g-tron-Varianten Es ist ein attraktiver Anreiz, auf moderne und umweltfreundlichere Automobile umzusteigen: Die AUDI AG verl\u00e4ngert ihre Pr\u00e4mie f\u00fcr Kunden, die von ihrem bisherigen Automobil mit [&hellip;]<\/p>\n","protected":false},"author":1,"featured_media":4394,"comment_status":"closed","ping_status":"open","sticky":false,"template":"","format":"standard","meta":{"jetpack_post_was_ever_published":false,"_jetpack_newsletter_access":"","_jetpack_dont_email_post_to_subs":false,"_jetpack_newsletter_tier_id":0,"_jetpack_memberships_contains_paywalled_content":false,"_jetpack_memberships_contains_paid_content":false,"footnotes":"","jetpack_publicize_message":"Audi verl\u00e4ngert Pr\u00e4mie f\u00fcr Umstieg auf neueste Effizienztechnologien #audi","jetpack_publicize_feature_enabled":true,"jetpack_social_post_already_shared":true,"jetpack_social_options":{"image_generator_settings":{"template":"highway","enabled":false},"version":2}},"categories":[16],"tags":[299],"class_list":["post-4393","post","type-post","status-publish","format-standard","has-post-thumbnail","hentry","category-audi-ag","tag-g-tron"],"wppr_data":{"cwp_meta_box_check":"No"},"jetpack_publicize_connections":[],"yoast_head":"<!-- This site is optimized with the Yoast SEO plugin v23.3 - https:\/\/yoast.com\/wordpress\/plugins\/seo\/ -->\n<title>Audi verl\u00e4ngert Pr\u00e4mie f\u00fcr Umstieg auf neueste Effizienztechnologien - Audi Blog<\/title>\n<meta name=\"robots\" content=\"index, follow, max-snippet:-1, max-image-preview:large, max-video-preview:-1\" \/>\n<link rel=\"canonical\" href=\"https:\/\/www.audi-mediacenter.com\/de\/pressemitteilungen\/audi-verlaengert-praemie-fuer-umstieg-auf-neueste-effizienztechnologien-9706\" \/>\n<meta property=\"og:locale\" content=\"de_DE\" \/>\n<meta property=\"og:type\" content=\"article\" \/>\n<meta property=\"og:title\" content=\"Audi verl\u00e4ngert Pr\u00e4mie f\u00fcr Umstieg auf neueste Effizienztechnologien - Audi Blog\" \/>\n<meta property=\"og:description\" content=\"Aktion f\u00fcr Ersatz von Diesel-Fahrzeugen der Abgasnorm Euro 1 bis 4 Modell und Antriebstechnologie des Neufahrzeugs bestimmt Pr\u00e4mienh\u00f6he Zusatzf\u00f6rderung f\u00fcr Umstieg auf Plug-In-Hybrid-Modelle und g-tron-Varianten Es ist ein attraktiver Anreiz, auf moderne und umweltfreundlichere Automobile umzusteigen: Die AUDI AG verl\u00e4ngert ihre Pr\u00e4mie f\u00fcr Kunden, die von ihrem bisherigen Automobil mit [&hellip;]\" \/>\n<meta property=\"og:url\" content=\"https:\/\/www.audi-mediacenter.com\/de\/pressemitteilungen\/audi-verlaengert-praemie-fuer-umstieg-auf-neueste-effizienztechnologien-9706\" \/>\n<meta property=\"og:site_name\" content=\"Audi Blog\" \/>\n<meta property=\"article:published_time\" content=\"2017-12-23T07:00:28+00:00\" \/>\n<meta property=\"article:modified_time\" content=\"2017-12-21T18:58:55+00:00\" \/>\n<meta property=\"og:image\" content=\"https:\/\/www.tts-freunde.de\/blog\/wp-content\/uploads\/2017\/12\/Audi-A4-Avant-g-tron.jpg\" \/>\n\t<meta property=\"og:image:width\" content=\"1160\" \/>\n\t<meta property=\"og:image:height\" content=\"774\" \/>\n\t<meta property=\"og:image:type\" content=\"image\/jpeg\" \/>\n<meta name=\"author\" content=\"admin\" \/>\n<meta name=\"twitter:card\" content=\"summary_large_image\" \/>\n<meta name=\"twitter:label1\" content=\"Verfasst von\" \/>\n\t<meta name=\"twitter:data1\" content=\"admin\" \/>\n\t<meta name=\"twitter:label2\" content=\"Gesch\u00e4tzte Lesezeit\" \/>\n\t<meta name=\"twitter:data2\" content=\"2\u00a0Minuten\" \/>\n<script type=\"application\/ld+json\" class=\"yoast-schema-graph\">{\"@context\":\"https:\/\/schema.org\",\"@graph\":[{\"@type\":\"Article\",\"@id\":\"https:\/\/www.audi-mediacenter.com\/de\/pressemitteilungen\/audi-verlaengert-praemie-fuer-umstieg-auf-neueste-effizienztechnologien-9706#article\",\"isPartOf\":{\"@id\":\"https:\/\/www.tts-freunde.de\/blog\/2017\/12\/23\/audi-verlaengert-praemie-fuer-umstieg-auf-neueste-effizienztechnologien\/\"},\"author\":{\"name\":\"admin\",\"@id\":\"https:\/\/www.tts-freunde.de\/blog\/#\/schema\/person\/b67f6a54e98f013bd281dbe05514b701\"},\"headline\":\"Audi verl\u00e4ngert Pr\u00e4mie f\u00fcr Umstieg auf neueste Effizienztechnologien\",\"datePublished\":\"2017-12-23T07:00:28+00:00\",\"dateModified\":\"2017-12-21T18:58:55+00:00\",\"mainEntityOfPage\":{\"@id\":\"https:\/\/www.tts-freunde.de\/blog\/2017\/12\/23\/audi-verlaengert-praemie-fuer-umstieg-auf-neueste-effizienztechnologien\/\"},\"wordCount\":361,\"publisher\":{\"@id\":\"https:\/\/www.tts-freunde.de\/blog\/#organization\"},\"image\":{\"@id\":\"https:\/\/www.audi-mediacenter.com\/de\/pressemitteilungen\/audi-verlaengert-praemie-fuer-umstieg-auf-neueste-effizienztechnologien-9706#primaryimage\"},\"thumbnailUrl\":\"https:\/\/www.tts-freunde.de\/blog\/wp-content\/uploads\/2017\/12\/Audi-A4-Avant-g-tron.jpg\",\"keywords\":[\"g-tron\"],\"articleSection\":[\"Audi AG\"],\"inLanguage\":\"de\"},{\"@type\":\"WebPage\",\"@id\":\"https:\/\/www.tts-freunde.de\/blog\/2017\/12\/23\/audi-verlaengert-praemie-fuer-umstieg-auf-neueste-effizienztechnologien\/\",\"url\":\"https:\/\/www.audi-mediacenter.com\/de\/pressemitteilungen\/audi-verlaengert-praemie-fuer-umstieg-auf-neueste-effizienztechnologien-9706\",\"name\":\"Audi verl\u00e4ngert Pr\u00e4mie f\u00fcr Umstieg auf neueste Effizienztechnologien - Audi Blog\",\"isPartOf\":{\"@id\":\"https:\/\/www.tts-freunde.de\/blog\/#website\"},\"primaryImageOfPage\":{\"@id\":\"https:\/\/www.audi-mediacenter.com\/de\/pressemitteilungen\/audi-verlaengert-praemie-fuer-umstieg-auf-neueste-effizienztechnologien-9706#primaryimage\"},\"image\":{\"@id\":\"https:\/\/www.audi-mediacenter.com\/de\/pressemitteilungen\/audi-verlaengert-praemie-fuer-umstieg-auf-neueste-effizienztechnologien-9706#primaryimage\"},\"thumbnailUrl\":\"https:\/\/www.tts-freunde.de\/blog\/wp-content\/uploads\/2017\/12\/Audi-A4-Avant-g-tron.jpg\",\"datePublished\":\"2017-12-23T07:00:28+00:00\",\"dateModified\":\"2017-12-21T18:58:55+00:00\",\"breadcrumb\":{\"@id\":\"https:\/\/www.audi-mediacenter.com\/de\/pressemitteilungen\/audi-verlaengert-praemie-fuer-umstieg-auf-neueste-effizienztechnologien-9706#breadcrumb\"},\"inLanguage\":\"de\",\"potentialAction\":[{\"@type\":\"ReadAction\",\"target\":[\"https:\/\/www.audi-mediacenter.com\/de\/pressemitteilungen\/audi-verlaengert-praemie-fuer-umstieg-auf-neueste-effizienztechnologien-9706\"]}]},{\"@type\":\"ImageObject\",\"inLanguage\":\"de\",\"@id\":\"https:\/\/www.audi-mediacenter.com\/de\/pressemitteilungen\/audi-verlaengert-praemie-fuer-umstieg-auf-neueste-effizienztechnologien-9706#primaryimage\",\"url\":\"https:\/\/www.tts-freunde.de\/blog\/wp-content\/uploads\/2017\/12\/Audi-A4-Avant-g-tron.jpg\",\"contentUrl\":\"https:\/\/www.tts-freunde.de\/blog\/wp-content\/uploads\/2017\/12\/Audi-A4-Avant-g-tron.jpg\",\"width\":1160,\"height\":774,\"caption\":\"Audi A4 Avant g-tron\"},{\"@type\":\"BreadcrumbList\",\"@id\":\"https:\/\/www.audi-mediacenter.com\/de\/pressemitteilungen\/audi-verlaengert-praemie-fuer-umstieg-auf-neueste-effizienztechnologien-9706#breadcrumb\",\"itemListElement\":[{\"@type\":\"ListItem\",\"position\":1,\"name\":\"Home\",\"item\":\"https:\/\/www.tts-freunde.de\/blog\/\"},{\"@type\":\"ListItem\",\"position\":2,\"name\":\"Audi verl\u00e4ngert Pr\u00e4mie f\u00fcr Umstieg auf neueste Effizienztechnologien\"}]},{\"@type\":\"WebSite\",\"@id\":\"https:\/\/www.tts-freunde.de\/blog\/#website\",\"url\":\"https:\/\/www.tts-freunde.de\/blog\/\",\"name\":\"Audi Blog\",\"description\":\"Deutscher Audi Blog - TTS-Freunde\",\"publisher\":{\"@id\":\"https:\/\/www.tts-freunde.de\/blog\/#organization\"},\"potentialAction\":[{\"@type\":\"SearchAction\",\"target\":{\"@type\":\"EntryPoint\",\"urlTemplate\":\"https:\/\/www.tts-freunde.de\/blog\/?s={search_term_string}\"},\"query-input\":\"required name=search_term_string\"}],\"inLanguage\":\"de\"},{\"@type\":\"Organization\",\"@id\":\"https:\/\/www.tts-freunde.de\/blog\/#organization\",\"name\":\"Audi Blog\",\"url\":\"https:\/\/www.tts-freunde.de\/blog\/\",\"logo\":{\"@type\":\"ImageObject\",\"inLanguage\":\"de\",\"@id\":\"https:\/\/www.tts-freunde.de\/blog\/#\/schema\/logo\/image\/\",\"url\":\"https:\/\/www.tts-freunde.de\/blog\/wp-content\/uploads\/2022\/12\/logo_2022.jpg\",\"contentUrl\":\"https:\/\/www.tts-freunde.de\/blog\/wp-content\/uploads\/2022\/12\/logo_2022.jpg\",\"width\":240,\"height\":41,\"caption\":\"Audi Blog\"},\"image\":{\"@id\":\"https:\/\/www.tts-freunde.de\/blog\/#\/schema\/logo\/image\/\"}},{\"@type\":\"Person\",\"@id\":\"https:\/\/www.tts-freunde.de\/blog\/#\/schema\/person\/b67f6a54e98f013bd281dbe05514b701\",\"name\":\"admin\",\"image\":{\"@type\":\"ImageObject\",\"inLanguage\":\"de\",\"@id\":\"https:\/\/www.tts-freunde.de\/blog\/#\/schema\/person\/image\/\",\"url\":\"https:\/\/secure.gravatar.com\/avatar\/08a4bd330e25056ddb430c28136b38a6?s=96&d=mm&r=g\",\"contentUrl\":\"https:\/\/secure.gravatar.com\/avatar\/08a4bd330e25056ddb430c28136b38a6?s=96&d=mm&r=g\",\"caption\":\"admin\"},\"sameAs\":[\"http:\/\/www.tts-freunde.de\"],\"url\":\"https:\/\/www.tts-freunde.de\/blog\/author\/admin\/\"}]}<\/script>\n<!-- \/ Yoast SEO plugin. -->","yoast_head_json":{"title":"Audi verl\u00e4ngert Pr\u00e4mie f\u00fcr Umstieg auf neueste Effizienztechnologien - Audi Blog","robots":{"index":"index","follow":"follow","max-snippet":"max-snippet:-1","max-image-preview":"max-image-preview:large","max-video-preview":"max-video-preview:-1"},"canonical":"https:\/\/www.audi-mediacenter.com\/de\/pressemitteilungen\/audi-verlaengert-praemie-fuer-umstieg-auf-neueste-effizienztechnologien-9706","og_locale":"de_DE","og_type":"article","og_title":"Audi verl\u00e4ngert Pr\u00e4mie f\u00fcr Umstieg auf neueste Effizienztechnologien - Audi Blog","og_description":"Aktion f\u00fcr Ersatz von Diesel-Fahrzeugen der Abgasnorm Euro 1 bis 4 Modell und Antriebstechnologie des Neufahrzeugs bestimmt Pr\u00e4mienh\u00f6he Zusatzf\u00f6rderung f\u00fcr Umstieg auf Plug-In-Hybrid-Modelle und g-tron-Varianten Es ist ein attraktiver Anreiz, auf moderne und umweltfreundlichere Automobile umzusteigen: Die AUDI AG verl\u00e4ngert ihre Pr\u00e4mie f\u00fcr Kunden, die von ihrem bisherigen Automobil mit [&hellip;]","og_url":"https:\/\/www.audi-mediacenter.com\/de\/pressemitteilungen\/audi-verlaengert-praemie-fuer-umstieg-auf-neueste-effizienztechnologien-9706","og_site_name":"Audi Blog","article_published_time":"2017-12-23T07:00:28+00:00","article_modified_time":"2017-12-21T18:58:55+00:00","og_image":[{"width":1160,"height":774,"url":"https:\/\/www.tts-freunde.de\/blog\/wp-content\/uploads\/2017\/12\/Audi-A4-Avant-g-tron.jpg","type":"image\/jpeg"}],"author":"admin","twitter_card":"summary_large_image","twitter_misc":{"Verfasst von":"admin","Gesch\u00e4tzte Lesezeit":"2\u00a0Minuten"},"schema":{"@context":"https:\/\/schema.org","@graph":[{"@type":"Article","@id":"https:\/\/www.audi-mediacenter.com\/de\/pressemitteilungen\/audi-verlaengert-praemie-fuer-umstieg-auf-neueste-effizienztechnologien-9706#article","isPartOf":{"@id":"https:\/\/www.tts-freunde.de\/blog\/2017\/12\/23\/audi-verlaengert-praemie-fuer-umstieg-auf-neueste-effizienztechnologien\/"},"author":{"name":"admin","@id":"https:\/\/www.tts-freunde.de\/blog\/#\/schema\/person\/b67f6a54e98f013bd281dbe05514b701"},"headline":"Audi verl\u00e4ngert Pr\u00e4mie f\u00fcr Umstieg auf neueste Effizienztechnologien","datePublished":"2017-12-23T07:00:28+00:00","dateModified":"2017-12-21T18:58:55+00:00","mainEntityOfPage":{"@id":"https:\/\/www.tts-freunde.de\/blog\/2017\/12\/23\/audi-verlaengert-praemie-fuer-umstieg-auf-neueste-effizienztechnologien\/"},"wordCount":361,"publisher":{"@id":"https:\/\/www.tts-freunde.de\/blog\/#organization"},"image":{"@id":"https:\/\/www.audi-mediacenter.com\/de\/pressemitteilungen\/audi-verlaengert-praemie-fuer-umstieg-auf-neueste-effizienztechnologien-9706#primaryimage"},"thumbnailUrl":"https:\/\/www.tts-freunde.de\/blog\/wp-content\/uploads\/2017\/12\/Audi-A4-Avant-g-tron.jpg","keywords":["g-tron"],"articleSection":["Audi AG"],"inLanguage":"de"},{"@type":"WebPage","@id":"https:\/\/www.tts-freunde.de\/blog\/2017\/12\/23\/audi-verlaengert-praemie-fuer-umstieg-auf-neueste-effizienztechnologien\/","url":"https:\/\/www.audi-mediacenter.com\/de\/pressemitteilungen\/audi-verlaengert-praemie-fuer-umstieg-auf-neueste-effizienztechnologien-9706","name":"Audi verl\u00e4ngert Pr\u00e4mie f\u00fcr Umstieg auf neueste Effizienztechnologien - Audi Blog","isPartOf":{"@id":"https:\/\/www.tts-freunde.de\/blog\/#website"},"primaryImageOfPage":{"@id":"https:\/\/www.audi-mediacenter.com\/de\/pressemitteilungen\/audi-verlaengert-praemie-fuer-umstieg-auf-neueste-effizienztechnologien-9706#primaryimage"},"image":{"@id":"https:\/\/www.audi-mediacenter.com\/de\/pressemitteilungen\/audi-verlaengert-praemie-fuer-umstieg-auf-neueste-effizienztechnologien-9706#primaryimage"},"thumbnailUrl":"https:\/\/www.tts-freunde.de\/blog\/wp-content\/uploads\/2017\/12\/Audi-A4-Avant-g-tron.jpg","datePublished":"2017-12-23T07:00:28+00:00","dateModified":"2017-12-21T18:58:55+00:00","breadcrumb":{"@id":"https:\/\/www.audi-mediacenter.com\/de\/pressemitteilungen\/audi-verlaengert-praemie-fuer-umstieg-auf-neueste-effizienztechnologien-9706#breadcrumb"},"inLanguage":"de","potentialAction":[{"@type":"ReadAction","target":["https:\/\/www.audi-mediacenter.com\/de\/pressemitteilungen\/audi-verlaengert-praemie-fuer-umstieg-auf-neueste-effizienztechnologien-9706"]}]},{"@type":"ImageObject","inLanguage":"de","@id":"https:\/\/www.audi-mediacenter.com\/de\/pressemitteilungen\/audi-verlaengert-praemie-fuer-umstieg-auf-neueste-effizienztechnologien-9706#primaryimage","url":"https:\/\/www.tts-freunde.de\/blog\/wp-content\/uploads\/2017\/12\/Audi-A4-Avant-g-tron.jpg","contentUrl":"https:\/\/www.tts-freunde.de\/blog\/wp-content\/uploads\/2017\/12\/Audi-A4-Avant-g-tron.jpg","width":1160,"height":774,"caption":"Audi A4 Avant g-tron"},{"@type":"BreadcrumbList","@id":"https:\/\/www.audi-mediacenter.com\/de\/pressemitteilungen\/audi-verlaengert-praemie-fuer-umstieg-auf-neueste-effizienztechnologien-9706#breadcrumb","itemListElement":[{"@type":"ListItem","position":1,"name":"Home","item":"https:\/\/www.tts-freunde.de\/blog\/"},{"@type":"ListItem","position":2,"name":"Audi verl\u00e4ngert Pr\u00e4mie f\u00fcr Umstieg auf neueste Effizienztechnologien"}]},{"@type":"WebSite","@id":"https:\/\/www.tts-freunde.de\/blog\/#website","url":"https:\/\/www.tts-freunde.de\/blog\/","name":"Audi Blog","description":"Deutscher Audi Blog - TTS-Freunde","publisher":{"@id":"https:\/\/www.tts-freunde.de\/blog\/#organization"},"potentialAction":[{"@type":"SearchAction","target":{"@type":"EntryPoint","urlTemplate":"https:\/\/www.tts-freunde.de\/blog\/?s={search_term_string}"},"query-input":"required name=search_term_string"}],"inLanguage":"de"},{"@type":"Organization","@id":"https:\/\/www.tts-freunde.de\/blog\/#organization","name":"Audi Blog","url":"https:\/\/www.tts-freunde.de\/blog\/","logo":{"@type":"ImageObject","inLanguage":"de","@id":"https:\/\/www.tts-freunde.de\/blog\/#\/schema\/logo\/image\/","url":"https:\/\/www.tts-freunde.de\/blog\/wp-content\/uploads\/2022\/12\/logo_2022.jpg","contentUrl":"https:\/\/www.tts-freunde.de\/blog\/wp-content\/uploads\/2022\/12\/logo_2022.jpg","width":240,"height":41,"caption":"Audi Blog"},"image":{"@id":"https:\/\/www.tts-freunde.de\/blog\/#\/schema\/logo\/image\/"}},{"@type":"Person","@id":"https:\/\/www.tts-freunde.de\/blog\/#\/schema\/person\/b67f6a54e98f013bd281dbe05514b701","name":"admin","image":{"@type":"ImageObject","inLanguage":"de","@id":"https:\/\/www.tts-freunde.de\/blog\/#\/schema\/person\/image\/","url":"https:\/\/secure.gravatar.com\/avatar\/08a4bd330e25056ddb430c28136b38a6?s=96&d=mm&r=g","contentUrl":"https:\/\/secure.gravatar.com\/avatar\/08a4bd330e25056ddb430c28136b38a6?s=96&d=mm&r=g","caption":"admin"},"sameAs":["http:\/\/www.tts-freunde.de"],"url":"https:\/\/www.tts-freunde.de\/blog\/author\/admin\/"}]}},"jetpack_sharing_enabled":true,"jetpack_featured_media_url":"https:\/\/www.tts-freunde.de\/blog\/wp-content\/uploads\/2017\/12\/Audi-A4-Avant-g-tron.jpg","jetpack_shortlink":"https:\/\/wp.me\/p67hWW-18R","jetpack_likes_enabled":false,"jetpack-related-posts":[],"_links":{"self":[{"href":"https:\/\/www.tts-freunde.de\/blog\/wp-json\/wp\/v2\/posts\/4393"}],"collection":[{"href":"https:\/\/www.tts-freunde.de\/blog\/wp-json\/wp\/v2\/posts"}],"about":[{"href":"https:\/\/www.tts-freunde.de\/blog\/wp-json\/wp\/v2\/types\/post"}],"author":[{"embeddable":true,"href":"https:\/\/www.tts-freunde.de\/blog\/wp-json\/wp\/v2\/users\/1"}],"replies":[{"embeddable":true,"href":"https:\/\/www.tts-freunde.de\/blog\/wp-json\/wp\/v2\/comments?post=4393"}],"version-history":[{"count":1,"href":"https:\/\/www.tts-freunde.de\/blog\/wp-json\/wp\/v2\/posts\/4393\/revisions"}],"predecessor-version":[{"id":4395,"href":"https:\/\/www.tts-freunde.de\/blog\/wp-json\/wp\/v2\/posts\/4393\/revisions\/4395"}],"wp:featuredmedia":[{"embeddable":true,"href":"https:\/\/www.tts-freunde.de\/blog\/wp-json\/wp\/v2\/media\/4394"}],"wp:attachment":[{"href":"https:\/\/www.tts-freunde.de\/blog\/wp-json\/wp\/v2\/media?parent=4393"}],"wp:term":[{"taxonomy":"category","embeddable":true,"href":"https:\/\/www.tts-freunde.de\/blog\/wp-json\/wp\/v2\/categories?post=4393"},{"taxonomy":"post_tag","embeddable":true,"href":"https:\/\/www.tts-freunde.de\/blog\/wp-json\/wp\/v2\/tags?post=4393"}],"curies":[{"name":"wp","href":"https:\/\/api.w.org\/{rel}","templated":true}]}}