{"id":4565,"date":"2018-03-19T19:32:52","date_gmt":"2018-03-19T18:32:52","guid":{"rendered":"https:\/\/www.tts-freunde.de\/blog\/?p=4565"},"modified":"2018-03-19T19:19:36","modified_gmt":"2018-03-19T18:19:36","slug":"spatenstich-zum-neuen-bahnhalt-ingolstadt-audi","status":"publish","type":"post","link":"https:\/\/www.tts-freunde.de\/blog\/2018\/03\/19\/spatenstich-zum-neuen-bahnhalt-ingolstadt-audi\/","title":{"rendered":"Spatenstich zum neuen Bahnhalt \u201eIngolstadt Audi\u201c"},"content":{"rendered":"<div id=\"item-34de0ab5-3eff-4528-93c0-6ba566c29485\" class=\"page-item--column col-sm-4\">\n<div class=\"custom-padding\">\n<div class=\"page-row has-no-item-box\">\n<div id=\"item-9dea2223-5194-439c-a737-0833fcc99644\" class=\"page-item--topic-list\">\n<div class=\"topic-list\">\n<ul>\n<li>Fertigstellung bis Ende 2019<\/li>\n<li>Rund 15 Millionen Euro werden investiert,<\/li>\n<\/ul>\n<div class=\"page-row has-no-item-box\">\n<div id=\"item-ccca634c-a52a-4f57-9d88-6c57f789f4ef\" class=\"page-item--intro\">\n<div class=\"intro-text\">\n<div id=\"attachment_4566\" style=\"width: 310px\" class=\"wp-caption alignleft\"><a href=\"https:\/\/www.tts-freunde.de\/blog\/wp-content\/uploads\/2018\/03\/audi-Bahn.jpg\"><img loading=\"lazy\" decoding=\"async\" aria-describedby=\"caption-attachment-4566\" data-attachment-id=\"4566\" data-permalink=\"https:\/\/www.tts-freunde.de\/blog\/2018\/03\/19\/spatenstich-zum-neuen-bahnhalt-ingolstadt-audi\/audi-bahn\/\" data-orig-file=\"https:\/\/www.tts-freunde.de\/blog\/wp-content\/uploads\/2018\/03\/audi-Bahn.jpg\" data-orig-size=\"1160,786\" data-comments-opened=\"0\" data-image-meta=\"{&quot;aperture&quot;:&quot;0&quot;,&quot;credit&quot;:&quot;&quot;,&quot;camera&quot;:&quot;&quot;,&quot;caption&quot;:&quot;&quot;,&quot;created_timestamp&quot;:&quot;0&quot;,&quot;copyright&quot;:&quot;&quot;,&quot;focal_length&quot;:&quot;0&quot;,&quot;iso&quot;:&quot;0&quot;,&quot;shutter_speed&quot;:&quot;0&quot;,&quot;title&quot;:&quot;&quot;,&quot;orientation&quot;:&quot;0&quot;}\" data-image-title=\"audi Bahn\" data-image-description=\"&lt;p&gt;Der k\u00fcnftige \u00f6ffentliche Bahnhalt \u201eIngolstadt Audi\u201c liegt direkt am Audi-Werkgel\u00e4nde. Hier entsteht f\u00fcr alle B\u00fcrger und f\u00fcr die Audi-Mitarbeiter eine Verkehrsdrehscheibe, die zur Verkehrsentlastung beitragen wird. Dieses Projekt wird von vier Partnern gemeinsam realisiert: DB Station&#038;Service AG, Freistaat Bayern, Stadt Ingolstadt und AUDI AG. Spatenstich war am 19. M\u00e4rz 2018, Fertigstellung bis Ende 2019.&lt;\/p&gt;\n\" data-image-caption=\"&lt;p&gt;Der k\u00fcnftige \u00f6ffentliche Bahnhalt \u201eIngolstadt Audi\u201c liegt direkt am Audi-Werkgel\u00e4nde. Hier entsteht f\u00fcr alle B\u00fcrger und f\u00fcr die Audi-Mitarbeiter eine Verkehrsdrehscheibe, die zur Verkehrsentlastung beitragen wird. Dieses Projekt wird von vier Partnern gemeinsam realisiert: DB Station&#038;Service AG, Freistaat Bayern, Stadt Ingolstadt und AUDI AG. Spatenstich war am 19. M\u00e4rz 2018, Fertigstellung bis Ende 2019.&lt;\/p&gt;\n\" data-medium-file=\"https:\/\/www.tts-freunde.de\/blog\/wp-content\/uploads\/2018\/03\/audi-Bahn-300x203.jpg\" data-large-file=\"https:\/\/www.tts-freunde.de\/blog\/wp-content\/uploads\/2018\/03\/audi-Bahn-1024x694.jpg\" tabindex=\"0\" role=\"button\" class=\"size-medium wp-image-4566\" src=\"https:\/\/www.tts-freunde.de\/blog\/wp-content\/uploads\/2018\/03\/audi-Bahn-300x203.jpg\" alt=\"\" width=\"300\" height=\"203\" srcset=\"https:\/\/www.tts-freunde.de\/blog\/wp-content\/uploads\/2018\/03\/audi-Bahn-300x203.jpg 300w, https:\/\/www.tts-freunde.de\/blog\/wp-content\/uploads\/2018\/03\/audi-Bahn-768x520.jpg 768w, https:\/\/www.tts-freunde.de\/blog\/wp-content\/uploads\/2018\/03\/audi-Bahn-1024x694.jpg 1024w, https:\/\/www.tts-freunde.de\/blog\/wp-content\/uploads\/2018\/03\/audi-Bahn.jpg 1160w\" sizes=\"(max-width: 300px) 100vw, 300px\" \/><\/a><p id=\"caption-attachment-4566\" class=\"wp-caption-text\">Der k\u00fcnftige \u00f6ffentliche Bahnhalt \u201eIngolstadt Audi\u201c liegt direkt am Audi-Werkgel\u00e4nde. Hier entsteht f\u00fcr alle B\u00fcrger und f\u00fcr die Audi-Mitarbeiter eine Verkehrsdrehscheibe, die zur Verkehrsentlastung beitragen wird. Dieses Projekt wird von vier Partnern gemeinsam realisiert: DB Station&amp;Service AG, Freistaat Bayern, Stadt Ingolstadt und AUDI AG. Spatenstich war am 19. M\u00e4rz 2018, Fertigstellung bis Ende 2019.<\/p><\/div>\n<p>Der bayerische Automobilhersteller AUDI AG wirdk\u00fcnftig auch im Personenverkehr mit der Bahn erreichbar sein. Mitarbeiter und Kunden profitieren von einer neuen Bahnstation direkt am Audi Standort in Ingolstadt. Bis Ende 2019, rechtzeitig vor der Landesgartenschau Ingolstadt 2020, entsteht an der Bahnlinie Ingolstadt \u2013 Treuchtlingen der neue Haltepunkt \u201eIngolstadt Audi\u201c.<\/p>\n<\/div>\n<\/div>\n<\/div>\n<div class=\"page-row has-no-item-box\">\n<div id=\"item-f3f61947-0b00-4240-b765-484681f80dd2\" class=\"page-item--text\">\n<div class=\"style-links-for-body-text\">\n<p>Mit einem symbolischen Spatenstich haben Joachim Herrmann, Bayerischer\u00a0Staatsminister des Innern, f\u00fcr Bau und Verkehr, Dr. Christian L\u00f6sel,\u00a0Oberb\u00fcrgermeister der Stadt Ingolstadt, Peter K\u00f6ssler, Vorstand Produktion\u00a0und Logistik der AUDI AG, und Klaus-Dieter Josel,\u00a0Konzernbevollm\u00e4chtigter f\u00fcr\u00a0den Freistaat Bayern der Deutschen Bahn AG, die Bauarbeiten gestartet. Rund\u00a015 Millionen Euro werden in die neue Station vom Freistaat Bayern, der Stadt\u00a0Ingolstadt, der AUDI AG und der Deutschen Bahn investiert.<\/p>\n<p><strong>Bayerns Innen- und Verkehrsminister Joachim Herrmann: <\/strong>\u201eDass Audi auf\u00a0die wei\u00df-blaue Stations-Landkarte kommt, macht das Bahnland Bayern in der\u00a0Tat nochmals attraktiver und zeugt von der Zukunftsperspektive der Eisenbahn.\u00a0Jeder Euro der \u00f6ffentlichen Hand und von Audi ist in Anbetracht der vielen\u00a0potenziellen Nutzer hier bestens investiert. Ich setze darauf, dass dieser\u00a0Bahnhalt und die Zusammenarbeit von so\u00a0unterschiedlichen\u00a0Finanzierungspartnern Schule macht und Nachahmer findet.\u201c<\/p>\n<p><strong>Dr. Christian L\u00f6sel, Oberb\u00fcrgermeister der Stadt Ingolstadt: <\/strong>\u201eMan darf es\u00a0so deutlich sagen: Der heute erfolgte Spatenstich f\u00fcr den neuen Bahnhalt\u00a0Ingolstadt Audi ist ein Meilenstein f\u00fcr unsere Heimatstadt. In einer einzigartigen\u00a0Kooperation von Stadt Ingolstadt, Audi, der Deutschen Bahn und dem Freistaat\u00a0Bayern ist es uns gelungen, einen dritten Bahnhalt f\u00fcr Ingolstadt auf die Beine\u00a0zu stellen \u2013 ein Projekt um das uns viele andere St\u00e4dte zweifelsohne beneiden.\u00a0Mit dem neuen Bahnhalt gelingt es uns, nicht nur den regionalen \u00f6ffentlichen\u00a0Personennahverkehr nachhaltig zu st\u00e4rken, sondern auch die\u00a0Verkehrsbelastung ma\u00dfgeblich zu reduzieren. Dazu werden auch unsere\u00a0weiteren Ma\u00dfnahmen im Audi-Umfeld beitragen: Wir sind aktuell dabei die\u00a0Ostumgehung Etting auszubauen und haben vor wenigen Tagen gr\u00fcnes Licht\u00a0f\u00fcr das Verkehrsprojekt \u201eSchneller Weg\u201c bekommen. Und im Dezember 2019\u00a0werden wir dann (rechtzeitig vor der Landesgartenschau 2020) an dieser Stelle\u00a0die Er\u00f6ffnung des neuen Bahnhalts feiern \u2013 ich freue mich jetzt schon darauf!\u201c<\/p>\n<p><strong>Peter K\u00f6ssler, Vorstand Produktion und Logistik der AUDI AG: <\/strong>\u201eAls\u00a0geb\u00fcrtiger Ingolst\u00e4dter habe ich die rasante Entwicklung in und um unsere\u00a0Stadt miterlebt. Durch den neuen Bahnhalt direkt am Audi-Werkgel\u00e4nde\u00a0entsteht eine Verkehrsdrehscheibe f\u00fcr alle B\u00fcrger und unsere Mitarbeiter. Wir\u00a0sind vier starke verl\u00e4ssliche Partner, die dieses zukunftsweisende Projekt\u00a0gestalten. Damit gehen wir einen wichtigen Schritt in Richtung vielf\u00e4ltiger\u00a0Mobilit\u00e4t.\u201c<\/p>\n<p><strong>Peter Mosch, Gesamtbetriebsratsvorsitzender der AUDI AG:<\/strong> \u201eWir\u00a0Betriebsr\u00e4te suchen gemeinsam mit unserer Belegschaft permanent L\u00f6sungen,\u00a0die Verkehrssituation ums Werk Ingolstadt zu entspannen. Deshalb forderten\u00a0wir auch den Bahnhalt \u201eAudi Ingolstadt\u201c und freuen uns sehr, dass unsere Idee\u00a0nun Realit\u00e4t wird.\u201c<\/p>\n<p><strong>Klaus-Dieter Josel, Konzernbevollm\u00e4chtigter f\u00fcr den Freistaat Bayern der\u00a0<\/strong><strong>Deutschen Bahn AG:<\/strong> \u201eWir als Deutsche Bahn AG freuen uns sehr, heute mit\u00a0diesem Spatenstich ein Erfolgsprojekt auf den Weg zu bringen, das nur dank\u00a0der vorbildlichen und guten Zusammenarbeit von Stadt, AUDI AG, Freistaat\u00a0Bayern und Bahn m\u00f6glich ist. Audi als attraktiver und internationaler\u00a0Arbeitgeber lockt Mitarbeiter aus einem gr\u00f6\u00dferen Einzugsgebiet, auch aus den\u00a0Metropolregionen M\u00fcnchen und N\u00fcrnberg an. Ein Bahnhalt direkt am\u00a0Werkgel\u00e4nde ist nicht nur f\u00fcr die mobilen Mitarbeiter ein gro\u00dfer Gewinn,\u00a0sondern tr\u00e4gt auch ma\u00dfgeblich zur Verkehrsentlastung bei.\u201c<\/p>\n<p><strong>Barrierefreier Anschluss ans Audi-Werkgel\u00e4nde und ans \u00f6ffentliche\u00a0<\/strong><strong>Verkehrsnetz<\/strong><br \/>\nDer neue Mittelbahnsteig des Bahnhalts wird sowohl ans Audi-Werk als auch\u00a0ans \u00f6ffentliche Verkehrsnetz barrierefrei angeschlossen. Zudem erstellen die\u00a0AUDI AG und die Stadt Ingolstadt je eine Verkehrsdrehscheibe n\u00f6rdlich und\u00a0s\u00fcdlich der Bahn mit Haltestellen f\u00fcr die Audi-Shuttlebusse,\u00a0Fahrradabstellanlagen und einen Taxistand. Erwartet werden perspektivisch bis\u00a0zu 3.000 Ein- und Aussteiger t\u00e4glich.<\/p>\n<p>[instagram-feed]<\/p>\n<\/div>\n<\/div>\n<\/div>\n<\/div>\n<\/div>\n<\/div>\n<\/div>\n<\/div>\n","protected":false},"excerpt":{"rendered":"<p>Fertigstellung bis Ende 2019 Rund 15 Millionen Euro werden investiert, Der bayerische Automobilhersteller AUDI AG wirdk\u00fcnftig auch im Personenverkehr mit der Bahn erreichbar sein. Mitarbeiter und Kunden profitieren von einer neuen Bahnstation direkt am Audi Standort in Ingolstadt. Bis Ende 2019, rechtzeitig vor der Landesgartenschau Ingolstadt 2020, entsteht an der [&hellip;]<\/p>\n","protected":false},"author":1,"featured_media":4566,"comment_status":"closed","ping_status":"open","sticky":false,"template":"","format":"standard","meta":{"jetpack_post_was_ever_published":false,"_jetpack_newsletter_access":"","_jetpack_dont_email_post_to_subs":false,"_jetpack_newsletter_tier_id":0,"_jetpack_memberships_contains_paywalled_content":false,"_jetpack_memberships_contains_paid_content":false,"footnotes":"","jetpack_publicize_message":"","jetpack_publicize_feature_enabled":true,"jetpack_social_post_already_shared":true,"jetpack_social_options":{"image_generator_settings":{"template":"highway","enabled":false},"version":2}},"categories":[16],"tags":[],"class_list":["post-4565","post","type-post","status-publish","format-standard","has-post-thumbnail","hentry","category-audi-ag"],"wppr_data":{"cwp_meta_box_check":"No"},"jetpack_publicize_connections":[],"yoast_head":"<!-- This site is optimized with the Yoast SEO plugin v23.3 - https:\/\/yoast.com\/wordpress\/plugins\/seo\/ -->\n<title>Spatenstich zum neuen Bahnhalt \u201eIngolstadt Audi\u201c - Audi Blog<\/title>\n<meta name=\"robots\" content=\"index, follow, max-snippet:-1, max-image-preview:large, max-video-preview:-1\" \/>\n<link rel=\"canonical\" href=\"https:\/\/www.audi-mediacenter.com\/de\/pressemitteilungen\/spatenstich-zum-neuen-bahnhalt-ingolstadt-audi-9935\" \/>\n<meta property=\"og:locale\" content=\"de_DE\" \/>\n<meta property=\"og:type\" content=\"article\" \/>\n<meta property=\"og:title\" content=\"Spatenstich zum neuen Bahnhalt \u201eIngolstadt Audi\u201c - Audi Blog\" \/>\n<meta property=\"og:description\" content=\"Fertigstellung bis Ende 2019 Rund 15 Millionen Euro werden investiert, Der bayerische Automobilhersteller AUDI AG wirdk\u00fcnftig auch im Personenverkehr mit der Bahn erreichbar sein. Mitarbeiter und Kunden profitieren von einer neuen Bahnstation direkt am Audi Standort in Ingolstadt. Bis Ende 2019, rechtzeitig vor der Landesgartenschau Ingolstadt 2020, entsteht an der [&hellip;]\" \/>\n<meta property=\"og:url\" content=\"https:\/\/www.audi-mediacenter.com\/de\/pressemitteilungen\/spatenstich-zum-neuen-bahnhalt-ingolstadt-audi-9935\" \/>\n<meta property=\"og:site_name\" content=\"Audi Blog\" \/>\n<meta property=\"article:published_time\" content=\"2018-03-19T18:32:52+00:00\" \/>\n<meta property=\"article:modified_time\" content=\"2018-03-19T18:19:36+00:00\" \/>\n<meta property=\"og:image\" content=\"https:\/\/www.tts-freunde.de\/blog\/wp-content\/uploads\/2018\/03\/audi-Bahn.jpg\" \/>\n\t<meta property=\"og:image:width\" content=\"1160\" \/>\n\t<meta property=\"og:image:height\" content=\"786\" \/>\n\t<meta property=\"og:image:type\" content=\"image\/jpeg\" \/>\n<meta name=\"author\" content=\"admin\" \/>\n<meta name=\"twitter:card\" content=\"summary_large_image\" \/>\n<meta name=\"twitter:label1\" content=\"Verfasst von\" \/>\n\t<meta name=\"twitter:data1\" content=\"admin\" \/>\n\t<meta name=\"twitter:label2\" content=\"Gesch\u00e4tzte Lesezeit\" \/>\n\t<meta name=\"twitter:data2\" content=\"3\u00a0Minuten\" \/>\n<script type=\"application\/ld+json\" class=\"yoast-schema-graph\">{\"@context\":\"https:\/\/schema.org\",\"@graph\":[{\"@type\":\"Article\",\"@id\":\"https:\/\/www.audi-mediacenter.com\/de\/pressemitteilungen\/spatenstich-zum-neuen-bahnhalt-ingolstadt-audi-9935#article\",\"isPartOf\":{\"@id\":\"https:\/\/www.tts-freunde.de\/blog\/2018\/03\/19\/spatenstich-zum-neuen-bahnhalt-ingolstadt-audi\/\"},\"author\":{\"name\":\"admin\",\"@id\":\"https:\/\/www.tts-freunde.de\/blog\/#\/schema\/person\/b67f6a54e98f013bd281dbe05514b701\"},\"headline\":\"Spatenstich zum neuen Bahnhalt \u201eIngolstadt Audi\u201c\",\"datePublished\":\"2018-03-19T18:32:52+00:00\",\"dateModified\":\"2018-03-19T18:19:36+00:00\",\"mainEntityOfPage\":{\"@id\":\"https:\/\/www.tts-freunde.de\/blog\/2018\/03\/19\/spatenstich-zum-neuen-bahnhalt-ingolstadt-audi\/\"},\"wordCount\":703,\"publisher\":{\"@id\":\"https:\/\/www.tts-freunde.de\/blog\/#organization\"},\"image\":{\"@id\":\"https:\/\/www.audi-mediacenter.com\/de\/pressemitteilungen\/spatenstich-zum-neuen-bahnhalt-ingolstadt-audi-9935#primaryimage\"},\"thumbnailUrl\":\"https:\/\/www.tts-freunde.de\/blog\/wp-content\/uploads\/2018\/03\/audi-Bahn.jpg\",\"articleSection\":[\"Audi AG\"],\"inLanguage\":\"de\"},{\"@type\":\"WebPage\",\"@id\":\"https:\/\/www.tts-freunde.de\/blog\/2018\/03\/19\/spatenstich-zum-neuen-bahnhalt-ingolstadt-audi\/\",\"url\":\"https:\/\/www.audi-mediacenter.com\/de\/pressemitteilungen\/spatenstich-zum-neuen-bahnhalt-ingolstadt-audi-9935\",\"name\":\"Spatenstich zum neuen Bahnhalt \u201eIngolstadt Audi\u201c - Audi Blog\",\"isPartOf\":{\"@id\":\"https:\/\/www.tts-freunde.de\/blog\/#website\"},\"primaryImageOfPage\":{\"@id\":\"https:\/\/www.audi-mediacenter.com\/de\/pressemitteilungen\/spatenstich-zum-neuen-bahnhalt-ingolstadt-audi-9935#primaryimage\"},\"image\":{\"@id\":\"https:\/\/www.audi-mediacenter.com\/de\/pressemitteilungen\/spatenstich-zum-neuen-bahnhalt-ingolstadt-audi-9935#primaryimage\"},\"thumbnailUrl\":\"https:\/\/www.tts-freunde.de\/blog\/wp-content\/uploads\/2018\/03\/audi-Bahn.jpg\",\"datePublished\":\"2018-03-19T18:32:52+00:00\",\"dateModified\":\"2018-03-19T18:19:36+00:00\",\"breadcrumb\":{\"@id\":\"https:\/\/www.audi-mediacenter.com\/de\/pressemitteilungen\/spatenstich-zum-neuen-bahnhalt-ingolstadt-audi-9935#breadcrumb\"},\"inLanguage\":\"de\",\"potentialAction\":[{\"@type\":\"ReadAction\",\"target\":[\"https:\/\/www.audi-mediacenter.com\/de\/pressemitteilungen\/spatenstich-zum-neuen-bahnhalt-ingolstadt-audi-9935\"]}]},{\"@type\":\"ImageObject\",\"inLanguage\":\"de\",\"@id\":\"https:\/\/www.audi-mediacenter.com\/de\/pressemitteilungen\/spatenstich-zum-neuen-bahnhalt-ingolstadt-audi-9935#primaryimage\",\"url\":\"https:\/\/www.tts-freunde.de\/blog\/wp-content\/uploads\/2018\/03\/audi-Bahn.jpg\",\"contentUrl\":\"https:\/\/www.tts-freunde.de\/blog\/wp-content\/uploads\/2018\/03\/audi-Bahn.jpg\",\"width\":1160,\"height\":786,\"caption\":\"Der k\u00fcnftige \u00f6ffentliche Bahnhalt \u201eIngolstadt Audi\u201c liegt direkt am Audi-Werkgel\u00e4nde. Hier entsteht f\u00fcr alle B\u00fcrger und f\u00fcr die Audi-Mitarbeiter eine Verkehrsdrehscheibe, die zur Verkehrsentlastung beitragen wird. Dieses Projekt wird von vier Partnern gemeinsam realisiert: DB Station&Service AG, Freistaat Bayern, Stadt Ingolstadt und AUDI AG. Spatenstich war am 19. M\u00e4rz 2018, Fertigstellung bis Ende 2019.\"},{\"@type\":\"BreadcrumbList\",\"@id\":\"https:\/\/www.audi-mediacenter.com\/de\/pressemitteilungen\/spatenstich-zum-neuen-bahnhalt-ingolstadt-audi-9935#breadcrumb\",\"itemListElement\":[{\"@type\":\"ListItem\",\"position\":1,\"name\":\"Home\",\"item\":\"https:\/\/www.tts-freunde.de\/blog\/\"},{\"@type\":\"ListItem\",\"position\":2,\"name\":\"Spatenstich zum neuen Bahnhalt \u201eIngolstadt Audi\u201c\"}]},{\"@type\":\"WebSite\",\"@id\":\"https:\/\/www.tts-freunde.de\/blog\/#website\",\"url\":\"https:\/\/www.tts-freunde.de\/blog\/\",\"name\":\"Audi Blog\",\"description\":\"Deutscher Audi Blog - TTS-Freunde\",\"publisher\":{\"@id\":\"https:\/\/www.tts-freunde.de\/blog\/#organization\"},\"potentialAction\":[{\"@type\":\"SearchAction\",\"target\":{\"@type\":\"EntryPoint\",\"urlTemplate\":\"https:\/\/www.tts-freunde.de\/blog\/?s={search_term_string}\"},\"query-input\":\"required name=search_term_string\"}],\"inLanguage\":\"de\"},{\"@type\":\"Organization\",\"@id\":\"https:\/\/www.tts-freunde.de\/blog\/#organization\",\"name\":\"Audi Blog\",\"url\":\"https:\/\/www.tts-freunde.de\/blog\/\",\"logo\":{\"@type\":\"ImageObject\",\"inLanguage\":\"de\",\"@id\":\"https:\/\/www.tts-freunde.de\/blog\/#\/schema\/logo\/image\/\",\"url\":\"https:\/\/www.tts-freunde.de\/blog\/wp-content\/uploads\/2022\/12\/logo_2022.jpg\",\"contentUrl\":\"https:\/\/www.tts-freunde.de\/blog\/wp-content\/uploads\/2022\/12\/logo_2022.jpg\",\"width\":240,\"height\":41,\"caption\":\"Audi Blog\"},\"image\":{\"@id\":\"https:\/\/www.tts-freunde.de\/blog\/#\/schema\/logo\/image\/\"}},{\"@type\":\"Person\",\"@id\":\"https:\/\/www.tts-freunde.de\/blog\/#\/schema\/person\/b67f6a54e98f013bd281dbe05514b701\",\"name\":\"admin\",\"image\":{\"@type\":\"ImageObject\",\"inLanguage\":\"de\",\"@id\":\"https:\/\/www.tts-freunde.de\/blog\/#\/schema\/person\/image\/\",\"url\":\"https:\/\/secure.gravatar.com\/avatar\/08a4bd330e25056ddb430c28136b38a6?s=96&d=mm&r=g\",\"contentUrl\":\"https:\/\/secure.gravatar.com\/avatar\/08a4bd330e25056ddb430c28136b38a6?s=96&d=mm&r=g\",\"caption\":\"admin\"},\"sameAs\":[\"http:\/\/www.tts-freunde.de\"],\"url\":\"https:\/\/www.tts-freunde.de\/blog\/author\/admin\/\"}]}<\/script>\n<!-- \/ Yoast SEO plugin. -->","yoast_head_json":{"title":"Spatenstich zum neuen Bahnhalt \u201eIngolstadt Audi\u201c - Audi Blog","robots":{"index":"index","follow":"follow","max-snippet":"max-snippet:-1","max-image-preview":"max-image-preview:large","max-video-preview":"max-video-preview:-1"},"canonical":"https:\/\/www.audi-mediacenter.com\/de\/pressemitteilungen\/spatenstich-zum-neuen-bahnhalt-ingolstadt-audi-9935","og_locale":"de_DE","og_type":"article","og_title":"Spatenstich zum neuen Bahnhalt \u201eIngolstadt Audi\u201c - Audi Blog","og_description":"Fertigstellung bis Ende 2019 Rund 15 Millionen Euro werden investiert, Der bayerische Automobilhersteller AUDI AG wirdk\u00fcnftig auch im Personenverkehr mit der Bahn erreichbar sein. Mitarbeiter und Kunden profitieren von einer neuen Bahnstation direkt am Audi Standort in Ingolstadt. Bis Ende 2019, rechtzeitig vor der Landesgartenschau Ingolstadt 2020, entsteht an der [&hellip;]","og_url":"https:\/\/www.audi-mediacenter.com\/de\/pressemitteilungen\/spatenstich-zum-neuen-bahnhalt-ingolstadt-audi-9935","og_site_name":"Audi Blog","article_published_time":"2018-03-19T18:32:52+00:00","article_modified_time":"2018-03-19T18:19:36+00:00","og_image":[{"width":1160,"height":786,"url":"https:\/\/www.tts-freunde.de\/blog\/wp-content\/uploads\/2018\/03\/audi-Bahn.jpg","type":"image\/jpeg"}],"author":"admin","twitter_card":"summary_large_image","twitter_misc":{"Verfasst von":"admin","Gesch\u00e4tzte Lesezeit":"3\u00a0Minuten"},"schema":{"@context":"https:\/\/schema.org","@graph":[{"@type":"Article","@id":"https:\/\/www.audi-mediacenter.com\/de\/pressemitteilungen\/spatenstich-zum-neuen-bahnhalt-ingolstadt-audi-9935#article","isPartOf":{"@id":"https:\/\/www.tts-freunde.de\/blog\/2018\/03\/19\/spatenstich-zum-neuen-bahnhalt-ingolstadt-audi\/"},"author":{"name":"admin","@id":"https:\/\/www.tts-freunde.de\/blog\/#\/schema\/person\/b67f6a54e98f013bd281dbe05514b701"},"headline":"Spatenstich zum neuen Bahnhalt \u201eIngolstadt Audi\u201c","datePublished":"2018-03-19T18:32:52+00:00","dateModified":"2018-03-19T18:19:36+00:00","mainEntityOfPage":{"@id":"https:\/\/www.tts-freunde.de\/blog\/2018\/03\/19\/spatenstich-zum-neuen-bahnhalt-ingolstadt-audi\/"},"wordCount":703,"publisher":{"@id":"https:\/\/www.tts-freunde.de\/blog\/#organization"},"image":{"@id":"https:\/\/www.audi-mediacenter.com\/de\/pressemitteilungen\/spatenstich-zum-neuen-bahnhalt-ingolstadt-audi-9935#primaryimage"},"thumbnailUrl":"https:\/\/www.tts-freunde.de\/blog\/wp-content\/uploads\/2018\/03\/audi-Bahn.jpg","articleSection":["Audi AG"],"inLanguage":"de"},{"@type":"WebPage","@id":"https:\/\/www.tts-freunde.de\/blog\/2018\/03\/19\/spatenstich-zum-neuen-bahnhalt-ingolstadt-audi\/","url":"https:\/\/www.audi-mediacenter.com\/de\/pressemitteilungen\/spatenstich-zum-neuen-bahnhalt-ingolstadt-audi-9935","name":"Spatenstich zum neuen Bahnhalt \u201eIngolstadt Audi\u201c - Audi Blog","isPartOf":{"@id":"https:\/\/www.tts-freunde.de\/blog\/#website"},"primaryImageOfPage":{"@id":"https:\/\/www.audi-mediacenter.com\/de\/pressemitteilungen\/spatenstich-zum-neuen-bahnhalt-ingolstadt-audi-9935#primaryimage"},"image":{"@id":"https:\/\/www.audi-mediacenter.com\/de\/pressemitteilungen\/spatenstich-zum-neuen-bahnhalt-ingolstadt-audi-9935#primaryimage"},"thumbnailUrl":"https:\/\/www.tts-freunde.de\/blog\/wp-content\/uploads\/2018\/03\/audi-Bahn.jpg","datePublished":"2018-03-19T18:32:52+00:00","dateModified":"2018-03-19T18:19:36+00:00","breadcrumb":{"@id":"https:\/\/www.audi-mediacenter.com\/de\/pressemitteilungen\/spatenstich-zum-neuen-bahnhalt-ingolstadt-audi-9935#breadcrumb"},"inLanguage":"de","potentialAction":[{"@type":"ReadAction","target":["https:\/\/www.audi-mediacenter.com\/de\/pressemitteilungen\/spatenstich-zum-neuen-bahnhalt-ingolstadt-audi-9935"]}]},{"@type":"ImageObject","inLanguage":"de","@id":"https:\/\/www.audi-mediacenter.com\/de\/pressemitteilungen\/spatenstich-zum-neuen-bahnhalt-ingolstadt-audi-9935#primaryimage","url":"https:\/\/www.tts-freunde.de\/blog\/wp-content\/uploads\/2018\/03\/audi-Bahn.jpg","contentUrl":"https:\/\/www.tts-freunde.de\/blog\/wp-content\/uploads\/2018\/03\/audi-Bahn.jpg","width":1160,"height":786,"caption":"Der k\u00fcnftige \u00f6ffentliche Bahnhalt \u201eIngolstadt Audi\u201c liegt direkt am Audi-Werkgel\u00e4nde. Hier entsteht f\u00fcr alle B\u00fcrger und f\u00fcr die Audi-Mitarbeiter eine Verkehrsdrehscheibe, die zur Verkehrsentlastung beitragen wird. Dieses Projekt wird von vier Partnern gemeinsam realisiert: DB Station&Service AG, Freistaat Bayern, Stadt Ingolstadt und AUDI AG. Spatenstich war am 19. M\u00e4rz 2018, Fertigstellung bis Ende 2019."},{"@type":"BreadcrumbList","@id":"https:\/\/www.audi-mediacenter.com\/de\/pressemitteilungen\/spatenstich-zum-neuen-bahnhalt-ingolstadt-audi-9935#breadcrumb","itemListElement":[{"@type":"ListItem","position":1,"name":"Home","item":"https:\/\/www.tts-freunde.de\/blog\/"},{"@type":"ListItem","position":2,"name":"Spatenstich zum neuen Bahnhalt \u201eIngolstadt Audi\u201c"}]},{"@type":"WebSite","@id":"https:\/\/www.tts-freunde.de\/blog\/#website","url":"https:\/\/www.tts-freunde.de\/blog\/","name":"Audi Blog","description":"Deutscher Audi Blog - TTS-Freunde","publisher":{"@id":"https:\/\/www.tts-freunde.de\/blog\/#organization"},"potentialAction":[{"@type":"SearchAction","target":{"@type":"EntryPoint","urlTemplate":"https:\/\/www.tts-freunde.de\/blog\/?s={search_term_string}"},"query-input":"required name=search_term_string"}],"inLanguage":"de"},{"@type":"Organization","@id":"https:\/\/www.tts-freunde.de\/blog\/#organization","name":"Audi Blog","url":"https:\/\/www.tts-freunde.de\/blog\/","logo":{"@type":"ImageObject","inLanguage":"de","@id":"https:\/\/www.tts-freunde.de\/blog\/#\/schema\/logo\/image\/","url":"https:\/\/www.tts-freunde.de\/blog\/wp-content\/uploads\/2022\/12\/logo_2022.jpg","contentUrl":"https:\/\/www.tts-freunde.de\/blog\/wp-content\/uploads\/2022\/12\/logo_2022.jpg","width":240,"height":41,"caption":"Audi Blog"},"image":{"@id":"https:\/\/www.tts-freunde.de\/blog\/#\/schema\/logo\/image\/"}},{"@type":"Person","@id":"https:\/\/www.tts-freunde.de\/blog\/#\/schema\/person\/b67f6a54e98f013bd281dbe05514b701","name":"admin","image":{"@type":"ImageObject","inLanguage":"de","@id":"https:\/\/www.tts-freunde.de\/blog\/#\/schema\/person\/image\/","url":"https:\/\/secure.gravatar.com\/avatar\/08a4bd330e25056ddb430c28136b38a6?s=96&d=mm&r=g","contentUrl":"https:\/\/secure.gravatar.com\/avatar\/08a4bd330e25056ddb430c28136b38a6?s=96&d=mm&r=g","caption":"admin"},"sameAs":["http:\/\/www.tts-freunde.de"],"url":"https:\/\/www.tts-freunde.de\/blog\/author\/admin\/"}]}},"jetpack_sharing_enabled":true,"jetpack_featured_media_url":"https:\/\/www.tts-freunde.de\/blog\/wp-content\/uploads\/2018\/03\/audi-Bahn.jpg","jetpack_shortlink":"https:\/\/wp.me\/p67hWW-1bD","jetpack_likes_enabled":false,"jetpack-related-posts":[],"_links":{"self":[{"href":"https:\/\/www.tts-freunde.de\/blog\/wp-json\/wp\/v2\/posts\/4565"}],"collection":[{"href":"https:\/\/www.tts-freunde.de\/blog\/wp-json\/wp\/v2\/posts"}],"about":[{"href":"https:\/\/www.tts-freunde.de\/blog\/wp-json\/wp\/v2\/types\/post"}],"author":[{"embeddable":true,"href":"https:\/\/www.tts-freunde.de\/blog\/wp-json\/wp\/v2\/users\/1"}],"replies":[{"embeddable":true,"href":"https:\/\/www.tts-freunde.de\/blog\/wp-json\/wp\/v2\/comments?post=4565"}],"version-history":[{"count":1,"href":"https:\/\/www.tts-freunde.de\/blog\/wp-json\/wp\/v2\/posts\/4565\/revisions"}],"predecessor-version":[{"id":4567,"href":"https:\/\/www.tts-freunde.de\/blog\/wp-json\/wp\/v2\/posts\/4565\/revisions\/4567"}],"wp:featuredmedia":[{"embeddable":true,"href":"https:\/\/www.tts-freunde.de\/blog\/wp-json\/wp\/v2\/media\/4566"}],"wp:attachment":[{"href":"https:\/\/www.tts-freunde.de\/blog\/wp-json\/wp\/v2\/media?parent=4565"}],"wp:term":[{"taxonomy":"category","embeddable":true,"href":"https:\/\/www.tts-freunde.de\/blog\/wp-json\/wp\/v2\/categories?post=4565"},{"taxonomy":"post_tag","embeddable":true,"href":"https:\/\/www.tts-freunde.de\/blog\/wp-json\/wp\/v2\/tags?post=4565"}],"curies":[{"name":"wp","href":"https:\/\/api.w.org\/{rel}","templated":true}]}}