{"id":4655,"date":"2018-04-24T20:38:05","date_gmt":"2018-04-24T18:38:05","guid":{"rendered":"https:\/\/www.tts-freunde.de\/blog\/?p=4655"},"modified":"2018-04-24T20:38:05","modified_gmt":"2018-04-24T18:38:05","slug":"rallycross-eks-audi-sport-in-den-bergen-portugals","status":"publish","type":"post","link":"https:\/\/www.tts-freunde.de\/blog\/2018\/04\/24\/rallycross-eks-audi-sport-in-den-bergen-portugals\/","title":{"rendered":"Rallycross: EKS Audi Sport in den Bergen Portugals"},"content":{"rendered":"<div id=\"item-d3b7d9b3-44ef-46f8-b672-041efc9222c4\" class=\"page-item--column col-sm-4\">\n<div class=\"custom-padding\">\n<div class=\"page-row has-no-item-box\">\n<div id=\"item-cde1da23-54bc-4f6c-9275-564c058775be\" class=\"page-item--topic-list\">\n<div class=\"topic-list\">\n<ul>\n<li>WM-Rennen von Montalegre lockt zehntausende Fans<\/li>\n<li>Mattias Ekstr\u00f6m: \u201eEigene Charakteristik der Strecke ist herausfordernd\u201c<\/li>\n<\/ul>\n<div class=\"page-row has-no-item-box\">\n<div id=\"item-2e9ad40b-3078-4e58-8be4-8e3939f7fd8d\" class=\"page-item--intro\">\n<div class=\"intro-text\">\n<p><a href=\"https:\/\/www.tts-freunde.de\/blog\/wp-content\/uploads\/2017\/03\/EKS-2017.jpg\"><img loading=\"lazy\" decoding=\"async\" data-attachment-id=\"3803\" data-permalink=\"https:\/\/www.tts-freunde.de\/blog\/2017\/03\/29\/startschuss-fuer-audi-und-eks-in-der-rallycross-wm\/eks-2017\/\" data-orig-file=\"https:\/\/www.tts-freunde.de\/blog\/wp-content\/uploads\/2017\/03\/EKS-2017.jpg\" data-orig-size=\"1160,820\" data-comments-opened=\"0\" data-image-meta=\"{&quot;aperture&quot;:&quot;0&quot;,&quot;credit&quot;:&quot;&quot;,&quot;camera&quot;:&quot;&quot;,&quot;caption&quot;:&quot;&quot;,&quot;created_timestamp&quot;:&quot;0&quot;,&quot;copyright&quot;:&quot;&quot;,&quot;focal_length&quot;:&quot;0&quot;,&quot;iso&quot;:&quot;0&quot;,&quot;shutter_speed&quot;:&quot;0&quot;,&quot;title&quot;:&quot;&quot;,&quot;orientation&quot;:&quot;0&quot;}\" data-image-title=\"EKS 2017\" data-image-description=\"\" data-image-caption=\"\" data-medium-file=\"https:\/\/www.tts-freunde.de\/blog\/wp-content\/uploads\/2017\/03\/EKS-2017-300x212.jpg\" data-large-file=\"https:\/\/www.tts-freunde.de\/blog\/wp-content\/uploads\/2017\/03\/EKS-2017-1024x724.jpg\" tabindex=\"0\" role=\"button\" class=\"alignleft size-medium wp-image-3803\" src=\"https:\/\/www.tts-freunde.de\/blog\/wp-content\/uploads\/2017\/03\/EKS-2017-300x212.jpg\" alt=\"\" width=\"300\" height=\"212\" srcset=\"https:\/\/www.tts-freunde.de\/blog\/wp-content\/uploads\/2017\/03\/EKS-2017-300x212.jpg 300w, https:\/\/www.tts-freunde.de\/blog\/wp-content\/uploads\/2017\/03\/EKS-2017-768x543.jpg 768w, https:\/\/www.tts-freunde.de\/blog\/wp-content\/uploads\/2017\/03\/EKS-2017-1024x724.jpg 1024w, https:\/\/www.tts-freunde.de\/blog\/wp-content\/uploads\/2017\/03\/EKS-2017-140x100.jpg 140w, https:\/\/www.tts-freunde.de\/blog\/wp-content\/uploads\/2017\/03\/EKS-2017-50x35.jpg 50w, https:\/\/www.tts-freunde.de\/blog\/wp-content\/uploads\/2017\/03\/EKS-2017.jpg 1160w\" sizes=\"(max-width: 300px) 100vw, 300px\" \/><\/a>Es ist eine der schwierigsten Rennstrecken der FIA-Rallycross-Weltmeisterschaft (World RX): An diesem Wochenende (28.\/29. April) wartet der Kurs in den Bergen von Montalegre (Portugal) auf das Team von EKS Audi Sport und den Audi S1 EKS RX quattro.<\/p>\n<\/div>\n<\/div>\n<\/div>\n<div class=\"page-row has-no-item-box\">\n<div id=\"item-ff137dcf-d9d6-43aa-a79b-d8ca289837ee\" class=\"page-item--text\">\n<div class=\"style-links-for-body-text\">\n<p>Der 1.000 Meter \u00fcber dem Meeresspiegel gelegene Kurs nahe der spanischen Grenze hat eine ganz eigene Charakteristik \u2013 mit schnellen Kurven auf Asphalt, einer langen Geraden und einer engen Schottersektion mit hohen Randsteinen. \u201eDaf\u00fcr den richtigen Setup-Kompromiss zu finden, ist jedes Mal aufs Neue eine echte Herausforderung\u201c, sagt Audi-Werksfahrer Mattias Ekstr\u00f6m. 2016 ist ihm das gut gelungen, obwohl er das Finale wegen eines unverschuldeten Startunfalls verpasste. \u201eIm vergangenen Jahr waren wir in Montalegre nicht die Schnellsten und trotzdem haben wir als Team das Rennen am Ende f\u00fcr uns entschieden. Ich liebe diese Strecke und die portugiesischen Zuschauer, die total Motorsport- und Rallycross-begeistert sind.\u201c<\/p>\n<p>Die klassische Rallycross-Strecke lockt allj\u00e4hrlich zehntausende Fans in die abgelegene Bergregion. Sie machen das Event zu einem wahren Festival. Auch Ekstr\u00f6ms neuer Teamkollege Andreas Bakkerud ist ein gro\u00dfer Fan von Montalegre. \u201eDas ist eine meiner absoluten Lieblings\u00adstrecken. Auf ihr habe ich mich schon immer wohlgef\u00fchlt\u201c, sagt der Norweger. \u201eDer Kurs hat einen tollen Verlauf. Wenn man so richtig in Gang kommt, gibt es nichts Besseres.\u201c<\/p>\n<p>Bakkerud holte beim Saisonauftakt in Barcelona, seinem ersten Einsatz f\u00fcr EKS Audi Sport in der Rallycross-WM, gleich einen Podiumsplatz. \u201eIch gew\u00f6hne mich immer mehr an den Audi S1 EKS RX quattro. In Montalegre bin ich hoffentlich noch schneller\u201c, sagt er. F\u00fcr Mattias Ekstr\u00f6m gibt es ohnehin nur ein Ziel: \u201eWir wollen wieder um den Sieg k\u00e4mpfen!\u201c<\/p>\n<p>Bakkerud und Ekstr\u00f6m liegen nach dem ersten von insgesamt zw\u00f6lf WM-L\u00e4ufen hinter den beiden Volkswagen-Piloten Johan Kristoffersson und Petter Solberg auf den Pl\u00e4tzen drei und vier der Fahrer-Weltmeisterschaft. In der Teamwertung behauptet EKS Audi Sport die zweite Position zwischen Volkswagen und Peugeot. Auf den WM-Lauf in Portugal vorbereitet haben sich die beiden Audi-Piloten in der vergangenen Woche mit einer unkonventionellen Trainingsmethode: Sie fuhren Kart. \u201eDas sch\u00e4rft die Sinne und st\u00e4rkt die Muskeln\u201c, so Ekstr\u00f6m.<\/p>\n<\/div>\n<\/div>\n<\/div>\n<\/div>\n<\/div>\n<\/div>\n<\/div>\n<\/div>\n","protected":false},"excerpt":{"rendered":"<p>WM-Rennen von Montalegre lockt zehntausende Fans Mattias Ekstr\u00f6m: \u201eEigene Charakteristik der Strecke ist herausfordernd\u201c Es ist eine der schwierigsten Rennstrecken der FIA-Rallycross-Weltmeisterschaft (World RX): An diesem Wochenende (28.\/29. April) wartet der Kurs in den Bergen von Montalegre (Portugal) auf das Team von EKS Audi Sport und den Audi S1 EKS [&hellip;]<\/p>\n","protected":false},"author":1,"featured_media":3803,"comment_status":"closed","ping_status":"open","sticky":false,"template":"","format":"standard","meta":{"jetpack_post_was_ever_published":false,"_jetpack_newsletter_access":"","_jetpack_dont_email_post_to_subs":false,"_jetpack_newsletter_tier_id":0,"_jetpack_memberships_contains_paywalled_content":false,"_jetpack_memberships_contains_paid_content":false,"footnotes":"","jetpack_publicize_message":"Rallycross: EKS #Audi Sport in den Bergen Portugals","jetpack_publicize_feature_enabled":true,"jetpack_social_post_already_shared":true,"jetpack_social_options":{"image_generator_settings":{"template":"highway","enabled":false},"version":2}},"categories":[17],"tags":[],"class_list":["post-4655","post","type-post","status-publish","format-standard","has-post-thumbnail","hentry","category-audi-motorsport"],"wppr_data":{"cwp_meta_box_check":"No"},"jetpack_publicize_connections":[],"yoast_head":"<!-- This site is optimized with the Yoast SEO plugin v23.3 - https:\/\/yoast.com\/wordpress\/plugins\/seo\/ -->\n<title>Rallycross: EKS Audi Sport in den Bergen Portugals - Audi Blog<\/title>\n<meta name=\"robots\" content=\"index, follow, max-snippet:-1, max-image-preview:large, max-video-preview:-1\" \/>\n<link rel=\"canonical\" href=\"https:\/\/www.tts-freunde.de\/blog\/2018\/04\/24\/rallycross-eks-audi-sport-in-den-bergen-portugals\/\" \/>\n<meta property=\"og:locale\" content=\"de_DE\" \/>\n<meta property=\"og:type\" content=\"article\" \/>\n<meta property=\"og:title\" content=\"Rallycross: EKS Audi Sport in den Bergen Portugals - Audi Blog\" \/>\n<meta property=\"og:description\" content=\"WM-Rennen von Montalegre lockt zehntausende Fans Mattias Ekstr\u00f6m: \u201eEigene Charakteristik der Strecke ist herausfordernd\u201c Es ist eine der schwierigsten Rennstrecken der FIA-Rallycross-Weltmeisterschaft (World RX): An diesem Wochenende (28.\/29. April) wartet der Kurs in den Bergen von Montalegre (Portugal) auf das Team von EKS Audi Sport und den Audi S1 EKS [&hellip;]\" \/>\n<meta property=\"og:url\" content=\"https:\/\/www.tts-freunde.de\/blog\/2018\/04\/24\/rallycross-eks-audi-sport-in-den-bergen-portugals\/\" \/>\n<meta property=\"og:site_name\" content=\"Audi Blog\" \/>\n<meta property=\"article:published_time\" content=\"2018-04-24T18:38:05+00:00\" \/>\n<meta property=\"og:image\" content=\"https:\/\/www.tts-freunde.de\/blog\/wp-content\/uploads\/2017\/03\/EKS-2017.jpg\" \/>\n\t<meta property=\"og:image:width\" content=\"1160\" \/>\n\t<meta property=\"og:image:height\" content=\"820\" \/>\n\t<meta property=\"og:image:type\" content=\"image\/jpeg\" \/>\n<meta name=\"author\" content=\"admin\" \/>\n<meta name=\"twitter:card\" content=\"summary_large_image\" \/>\n<meta name=\"twitter:label1\" content=\"Verfasst von\" \/>\n\t<meta name=\"twitter:data1\" content=\"admin\" \/>\n\t<meta name=\"twitter:label2\" content=\"Gesch\u00e4tzte Lesezeit\" \/>\n\t<meta name=\"twitter:data2\" content=\"2\u00a0Minuten\" \/>\n<script type=\"application\/ld+json\" class=\"yoast-schema-graph\">{\"@context\":\"https:\/\/schema.org\",\"@graph\":[{\"@type\":\"Article\",\"@id\":\"https:\/\/www.tts-freunde.de\/blog\/2018\/04\/24\/rallycross-eks-audi-sport-in-den-bergen-portugals\/#article\",\"isPartOf\":{\"@id\":\"https:\/\/www.tts-freunde.de\/blog\/2018\/04\/24\/rallycross-eks-audi-sport-in-den-bergen-portugals\/\"},\"author\":{\"name\":\"admin\",\"@id\":\"https:\/\/www.tts-freunde.de\/blog\/#\/schema\/person\/b67f6a54e98f013bd281dbe05514b701\"},\"headline\":\"Rallycross: EKS Audi Sport in den Bergen Portugals\",\"datePublished\":\"2018-04-24T18:38:05+00:00\",\"dateModified\":\"2018-04-24T18:38:05+00:00\",\"mainEntityOfPage\":{\"@id\":\"https:\/\/www.tts-freunde.de\/blog\/2018\/04\/24\/rallycross-eks-audi-sport-in-den-bergen-portugals\/\"},\"wordCount\":375,\"publisher\":{\"@id\":\"https:\/\/www.tts-freunde.de\/blog\/#organization\"},\"image\":{\"@id\":\"https:\/\/www.tts-freunde.de\/blog\/2018\/04\/24\/rallycross-eks-audi-sport-in-den-bergen-portugals\/#primaryimage\"},\"thumbnailUrl\":\"https:\/\/www.tts-freunde.de\/blog\/wp-content\/uploads\/2017\/03\/EKS-2017.jpg\",\"articleSection\":[\"Audi Motorsport\"],\"inLanguage\":\"de\"},{\"@type\":\"WebPage\",\"@id\":\"https:\/\/www.tts-freunde.de\/blog\/2018\/04\/24\/rallycross-eks-audi-sport-in-den-bergen-portugals\/\",\"url\":\"https:\/\/www.tts-freunde.de\/blog\/2018\/04\/24\/rallycross-eks-audi-sport-in-den-bergen-portugals\/\",\"name\":\"Rallycross: EKS Audi Sport in den Bergen Portugals - Audi Blog\",\"isPartOf\":{\"@id\":\"https:\/\/www.tts-freunde.de\/blog\/#website\"},\"primaryImageOfPage\":{\"@id\":\"https:\/\/www.tts-freunde.de\/blog\/2018\/04\/24\/rallycross-eks-audi-sport-in-den-bergen-portugals\/#primaryimage\"},\"image\":{\"@id\":\"https:\/\/www.tts-freunde.de\/blog\/2018\/04\/24\/rallycross-eks-audi-sport-in-den-bergen-portugals\/#primaryimage\"},\"thumbnailUrl\":\"https:\/\/www.tts-freunde.de\/blog\/wp-content\/uploads\/2017\/03\/EKS-2017.jpg\",\"datePublished\":\"2018-04-24T18:38:05+00:00\",\"dateModified\":\"2018-04-24T18:38:05+00:00\",\"breadcrumb\":{\"@id\":\"https:\/\/www.tts-freunde.de\/blog\/2018\/04\/24\/rallycross-eks-audi-sport-in-den-bergen-portugals\/#breadcrumb\"},\"inLanguage\":\"de\",\"potentialAction\":[{\"@type\":\"ReadAction\",\"target\":[\"https:\/\/www.tts-freunde.de\/blog\/2018\/04\/24\/rallycross-eks-audi-sport-in-den-bergen-portugals\/\"]}]},{\"@type\":\"ImageObject\",\"inLanguage\":\"de\",\"@id\":\"https:\/\/www.tts-freunde.de\/blog\/2018\/04\/24\/rallycross-eks-audi-sport-in-den-bergen-portugals\/#primaryimage\",\"url\":\"https:\/\/www.tts-freunde.de\/blog\/wp-content\/uploads\/2017\/03\/EKS-2017.jpg\",\"contentUrl\":\"https:\/\/www.tts-freunde.de\/blog\/wp-content\/uploads\/2017\/03\/EKS-2017.jpg\",\"width\":1160,\"height\":820},{\"@type\":\"BreadcrumbList\",\"@id\":\"https:\/\/www.tts-freunde.de\/blog\/2018\/04\/24\/rallycross-eks-audi-sport-in-den-bergen-portugals\/#breadcrumb\",\"itemListElement\":[{\"@type\":\"ListItem\",\"position\":1,\"name\":\"Home\",\"item\":\"https:\/\/www.tts-freunde.de\/blog\/\"},{\"@type\":\"ListItem\",\"position\":2,\"name\":\"Rallycross: EKS Audi Sport in den Bergen Portugals\"}]},{\"@type\":\"WebSite\",\"@id\":\"https:\/\/www.tts-freunde.de\/blog\/#website\",\"url\":\"https:\/\/www.tts-freunde.de\/blog\/\",\"name\":\"Audi Blog\",\"description\":\"Deutscher Audi Blog - TTS-Freunde\",\"publisher\":{\"@id\":\"https:\/\/www.tts-freunde.de\/blog\/#organization\"},\"potentialAction\":[{\"@type\":\"SearchAction\",\"target\":{\"@type\":\"EntryPoint\",\"urlTemplate\":\"https:\/\/www.tts-freunde.de\/blog\/?s={search_term_string}\"},\"query-input\":\"required name=search_term_string\"}],\"inLanguage\":\"de\"},{\"@type\":\"Organization\",\"@id\":\"https:\/\/www.tts-freunde.de\/blog\/#organization\",\"name\":\"Audi Blog\",\"url\":\"https:\/\/www.tts-freunde.de\/blog\/\",\"logo\":{\"@type\":\"ImageObject\",\"inLanguage\":\"de\",\"@id\":\"https:\/\/www.tts-freunde.de\/blog\/#\/schema\/logo\/image\/\",\"url\":\"https:\/\/www.tts-freunde.de\/blog\/wp-content\/uploads\/2022\/12\/logo_2022.jpg\",\"contentUrl\":\"https:\/\/www.tts-freunde.de\/blog\/wp-content\/uploads\/2022\/12\/logo_2022.jpg\",\"width\":240,\"height\":41,\"caption\":\"Audi Blog\"},\"image\":{\"@id\":\"https:\/\/www.tts-freunde.de\/blog\/#\/schema\/logo\/image\/\"}},{\"@type\":\"Person\",\"@id\":\"https:\/\/www.tts-freunde.de\/blog\/#\/schema\/person\/b67f6a54e98f013bd281dbe05514b701\",\"name\":\"admin\",\"image\":{\"@type\":\"ImageObject\",\"inLanguage\":\"de\",\"@id\":\"https:\/\/www.tts-freunde.de\/blog\/#\/schema\/person\/image\/\",\"url\":\"https:\/\/secure.gravatar.com\/avatar\/08a4bd330e25056ddb430c28136b38a6?s=96&d=mm&r=g\",\"contentUrl\":\"https:\/\/secure.gravatar.com\/avatar\/08a4bd330e25056ddb430c28136b38a6?s=96&d=mm&r=g\",\"caption\":\"admin\"},\"sameAs\":[\"http:\/\/www.tts-freunde.de\"],\"url\":\"https:\/\/www.tts-freunde.de\/blog\/author\/admin\/\"}]}<\/script>\n<!-- \/ Yoast SEO plugin. -->","yoast_head_json":{"title":"Rallycross: EKS Audi Sport in den Bergen Portugals - Audi Blog","robots":{"index":"index","follow":"follow","max-snippet":"max-snippet:-1","max-image-preview":"max-image-preview:large","max-video-preview":"max-video-preview:-1"},"canonical":"https:\/\/www.tts-freunde.de\/blog\/2018\/04\/24\/rallycross-eks-audi-sport-in-den-bergen-portugals\/","og_locale":"de_DE","og_type":"article","og_title":"Rallycross: EKS Audi Sport in den Bergen Portugals - Audi Blog","og_description":"WM-Rennen von Montalegre lockt zehntausende Fans Mattias Ekstr\u00f6m: \u201eEigene Charakteristik der Strecke ist herausfordernd\u201c Es ist eine der schwierigsten Rennstrecken der FIA-Rallycross-Weltmeisterschaft (World RX): An diesem Wochenende (28.\/29. April) wartet der Kurs in den Bergen von Montalegre (Portugal) auf das Team von EKS Audi Sport und den Audi S1 EKS [&hellip;]","og_url":"https:\/\/www.tts-freunde.de\/blog\/2018\/04\/24\/rallycross-eks-audi-sport-in-den-bergen-portugals\/","og_site_name":"Audi Blog","article_published_time":"2018-04-24T18:38:05+00:00","og_image":[{"width":1160,"height":820,"url":"https:\/\/www.tts-freunde.de\/blog\/wp-content\/uploads\/2017\/03\/EKS-2017.jpg","type":"image\/jpeg"}],"author":"admin","twitter_card":"summary_large_image","twitter_misc":{"Verfasst von":"admin","Gesch\u00e4tzte Lesezeit":"2\u00a0Minuten"},"schema":{"@context":"https:\/\/schema.org","@graph":[{"@type":"Article","@id":"https:\/\/www.tts-freunde.de\/blog\/2018\/04\/24\/rallycross-eks-audi-sport-in-den-bergen-portugals\/#article","isPartOf":{"@id":"https:\/\/www.tts-freunde.de\/blog\/2018\/04\/24\/rallycross-eks-audi-sport-in-den-bergen-portugals\/"},"author":{"name":"admin","@id":"https:\/\/www.tts-freunde.de\/blog\/#\/schema\/person\/b67f6a54e98f013bd281dbe05514b701"},"headline":"Rallycross: EKS Audi Sport in den Bergen Portugals","datePublished":"2018-04-24T18:38:05+00:00","dateModified":"2018-04-24T18:38:05+00:00","mainEntityOfPage":{"@id":"https:\/\/www.tts-freunde.de\/blog\/2018\/04\/24\/rallycross-eks-audi-sport-in-den-bergen-portugals\/"},"wordCount":375,"publisher":{"@id":"https:\/\/www.tts-freunde.de\/blog\/#organization"},"image":{"@id":"https:\/\/www.tts-freunde.de\/blog\/2018\/04\/24\/rallycross-eks-audi-sport-in-den-bergen-portugals\/#primaryimage"},"thumbnailUrl":"https:\/\/www.tts-freunde.de\/blog\/wp-content\/uploads\/2017\/03\/EKS-2017.jpg","articleSection":["Audi Motorsport"],"inLanguage":"de"},{"@type":"WebPage","@id":"https:\/\/www.tts-freunde.de\/blog\/2018\/04\/24\/rallycross-eks-audi-sport-in-den-bergen-portugals\/","url":"https:\/\/www.tts-freunde.de\/blog\/2018\/04\/24\/rallycross-eks-audi-sport-in-den-bergen-portugals\/","name":"Rallycross: EKS Audi Sport in den Bergen Portugals - Audi Blog","isPartOf":{"@id":"https:\/\/www.tts-freunde.de\/blog\/#website"},"primaryImageOfPage":{"@id":"https:\/\/www.tts-freunde.de\/blog\/2018\/04\/24\/rallycross-eks-audi-sport-in-den-bergen-portugals\/#primaryimage"},"image":{"@id":"https:\/\/www.tts-freunde.de\/blog\/2018\/04\/24\/rallycross-eks-audi-sport-in-den-bergen-portugals\/#primaryimage"},"thumbnailUrl":"https:\/\/www.tts-freunde.de\/blog\/wp-content\/uploads\/2017\/03\/EKS-2017.jpg","datePublished":"2018-04-24T18:38:05+00:00","dateModified":"2018-04-24T18:38:05+00:00","breadcrumb":{"@id":"https:\/\/www.tts-freunde.de\/blog\/2018\/04\/24\/rallycross-eks-audi-sport-in-den-bergen-portugals\/#breadcrumb"},"inLanguage":"de","potentialAction":[{"@type":"ReadAction","target":["https:\/\/www.tts-freunde.de\/blog\/2018\/04\/24\/rallycross-eks-audi-sport-in-den-bergen-portugals\/"]}]},{"@type":"ImageObject","inLanguage":"de","@id":"https:\/\/www.tts-freunde.de\/blog\/2018\/04\/24\/rallycross-eks-audi-sport-in-den-bergen-portugals\/#primaryimage","url":"https:\/\/www.tts-freunde.de\/blog\/wp-content\/uploads\/2017\/03\/EKS-2017.jpg","contentUrl":"https:\/\/www.tts-freunde.de\/blog\/wp-content\/uploads\/2017\/03\/EKS-2017.jpg","width":1160,"height":820},{"@type":"BreadcrumbList","@id":"https:\/\/www.tts-freunde.de\/blog\/2018\/04\/24\/rallycross-eks-audi-sport-in-den-bergen-portugals\/#breadcrumb","itemListElement":[{"@type":"ListItem","position":1,"name":"Home","item":"https:\/\/www.tts-freunde.de\/blog\/"},{"@type":"ListItem","position":2,"name":"Rallycross: EKS Audi Sport in den Bergen Portugals"}]},{"@type":"WebSite","@id":"https:\/\/www.tts-freunde.de\/blog\/#website","url":"https:\/\/www.tts-freunde.de\/blog\/","name":"Audi Blog","description":"Deutscher Audi Blog - TTS-Freunde","publisher":{"@id":"https:\/\/www.tts-freunde.de\/blog\/#organization"},"potentialAction":[{"@type":"SearchAction","target":{"@type":"EntryPoint","urlTemplate":"https:\/\/www.tts-freunde.de\/blog\/?s={search_term_string}"},"query-input":"required name=search_term_string"}],"inLanguage":"de"},{"@type":"Organization","@id":"https:\/\/www.tts-freunde.de\/blog\/#organization","name":"Audi Blog","url":"https:\/\/www.tts-freunde.de\/blog\/","logo":{"@type":"ImageObject","inLanguage":"de","@id":"https:\/\/www.tts-freunde.de\/blog\/#\/schema\/logo\/image\/","url":"https:\/\/www.tts-freunde.de\/blog\/wp-content\/uploads\/2022\/12\/logo_2022.jpg","contentUrl":"https:\/\/www.tts-freunde.de\/blog\/wp-content\/uploads\/2022\/12\/logo_2022.jpg","width":240,"height":41,"caption":"Audi Blog"},"image":{"@id":"https:\/\/www.tts-freunde.de\/blog\/#\/schema\/logo\/image\/"}},{"@type":"Person","@id":"https:\/\/www.tts-freunde.de\/blog\/#\/schema\/person\/b67f6a54e98f013bd281dbe05514b701","name":"admin","image":{"@type":"ImageObject","inLanguage":"de","@id":"https:\/\/www.tts-freunde.de\/blog\/#\/schema\/person\/image\/","url":"https:\/\/secure.gravatar.com\/avatar\/08a4bd330e25056ddb430c28136b38a6?s=96&d=mm&r=g","contentUrl":"https:\/\/secure.gravatar.com\/avatar\/08a4bd330e25056ddb430c28136b38a6?s=96&d=mm&r=g","caption":"admin"},"sameAs":["http:\/\/www.tts-freunde.de"],"url":"https:\/\/www.tts-freunde.de\/blog\/author\/admin\/"}]}},"jetpack_sharing_enabled":true,"jetpack_featured_media_url":"https:\/\/www.tts-freunde.de\/blog\/wp-content\/uploads\/2017\/03\/EKS-2017.jpg","jetpack_shortlink":"https:\/\/wp.me\/p67hWW-1d5","jetpack_likes_enabled":false,"jetpack-related-posts":[],"_links":{"self":[{"href":"https:\/\/www.tts-freunde.de\/blog\/wp-json\/wp\/v2\/posts\/4655"}],"collection":[{"href":"https:\/\/www.tts-freunde.de\/blog\/wp-json\/wp\/v2\/posts"}],"about":[{"href":"https:\/\/www.tts-freunde.de\/blog\/wp-json\/wp\/v2\/types\/post"}],"author":[{"embeddable":true,"href":"https:\/\/www.tts-freunde.de\/blog\/wp-json\/wp\/v2\/users\/1"}],"replies":[{"embeddable":true,"href":"https:\/\/www.tts-freunde.de\/blog\/wp-json\/wp\/v2\/comments?post=4655"}],"version-history":[{"count":1,"href":"https:\/\/www.tts-freunde.de\/blog\/wp-json\/wp\/v2\/posts\/4655\/revisions"}],"predecessor-version":[{"id":4656,"href":"https:\/\/www.tts-freunde.de\/blog\/wp-json\/wp\/v2\/posts\/4655\/revisions\/4656"}],"wp:featuredmedia":[{"embeddable":true,"href":"https:\/\/www.tts-freunde.de\/blog\/wp-json\/wp\/v2\/media\/3803"}],"wp:attachment":[{"href":"https:\/\/www.tts-freunde.de\/blog\/wp-json\/wp\/v2\/media?parent=4655"}],"wp:term":[{"taxonomy":"category","embeddable":true,"href":"https:\/\/www.tts-freunde.de\/blog\/wp-json\/wp\/v2\/categories?post=4655"},{"taxonomy":"post_tag","embeddable":true,"href":"https:\/\/www.tts-freunde.de\/blog\/wp-json\/wp\/v2\/tags?post=4655"}],"curies":[{"name":"wp","href":"https:\/\/api.w.org\/{rel}","templated":true}]}}