{"id":4679,"date":"2018-05-08T19:20:27","date_gmt":"2018-05-08T17:20:27","guid":{"rendered":"https:\/\/www.tts-freunde.de\/blog\/?p=4679"},"modified":"2018-05-08T19:20:27","modified_gmt":"2018-05-08T17:20:27","slug":"audi-meldet-auffaelligkeiten-in-der-motorsteuerung-bei-v6-tdi-motorisierung-in-a6-a7-generation-c7","status":"publish","type":"post","link":"https:\/\/www.tts-freunde.de\/blog\/2018\/05\/08\/audi-meldet-auffaelligkeiten-in-der-motorsteuerung-bei-v6-tdi-motorisierung-in-a6-a7-generation-c7\/","title":{"rendered":"Audi meldet Auff\u00e4lligkeiten in der Motorsteuerung bei V6-TDI-Motorisierung in A6\/A7, Generation C7"},"content":{"rendered":"<div id=\"item-139c49aa-e83d-4a90-abc7-2f6b86fb96a3\" class=\"page-item--column col-sm-4\">\n<div class=\"custom-padding\">\n<div class=\"page-row has-no-item-box\">\n<div id=\"item-79d5fd54-eb94-400b-b608-a2e54b7d68d5\" class=\"page-item--topic-list\">\n<div class=\"topic-list\">\n<ul>\n<li>Audi informierte Luxemburgische Zulassungsbeh\u00f6rde und Kraftfahrtbundesamt vergangene Woche<\/li>\n<li>Monitor wurde unmittelbar von Sachverhalt unterrichtet<\/li>\n<li>Audi-CEO Stadler: Ergebnis interner Aufarbeitung im Rahmen r\u00fcckhaltloser Aufkl\u00e4rung<\/li>\n<\/ul>\n<div class=\"page-row has-no-item-box\">\n<div id=\"item-14532d1f-37d7-4834-964c-96d73ca8075e\" class=\"page-item--intro\">\n<div class=\"intro-text\">\n<p><a href=\"https:\/\/www.tts-freunde.de\/blog\/wp-content\/uploads\/2015\/10\/dieselgate-audi.jpg\"><img loading=\"lazy\" decoding=\"async\" data-attachment-id=\"1441\" data-permalink=\"https:\/\/www.tts-freunde.de\/blog\/2015\/10\/02\/dieselgate-audi-individuelle-kundeninformation-fuer-deutschland-auf-audi-website\/dieselgate-audi\/\" data-orig-file=\"https:\/\/www.tts-freunde.de\/blog\/wp-content\/uploads\/2015\/10\/dieselgate-audi.jpg\" data-orig-size=\"1160,667\" data-comments-opened=\"0\" data-image-meta=\"{&quot;aperture&quot;:&quot;0&quot;,&quot;credit&quot;:&quot;&quot;,&quot;camera&quot;:&quot;&quot;,&quot;caption&quot;:&quot;&quot;,&quot;created_timestamp&quot;:&quot;0&quot;,&quot;copyright&quot;:&quot;&quot;,&quot;focal_length&quot;:&quot;0&quot;,&quot;iso&quot;:&quot;0&quot;,&quot;shutter_speed&quot;:&quot;0&quot;,&quot;title&quot;:&quot;&quot;,&quot;orientation&quot;:&quot;0&quot;}\" data-image-title=\"dieselgate audi\" data-image-description=\"\" data-image-caption=\"\" data-medium-file=\"https:\/\/www.tts-freunde.de\/blog\/wp-content\/uploads\/2015\/10\/dieselgate-audi-300x173.jpg\" data-large-file=\"https:\/\/www.tts-freunde.de\/blog\/wp-content\/uploads\/2015\/10\/dieselgate-audi-1024x589.jpg\" tabindex=\"0\" role=\"button\" class=\"alignleft size-medium wp-image-1441\" src=\"https:\/\/www.tts-freunde.de\/blog\/wp-content\/uploads\/2015\/10\/dieselgate-audi-300x173.jpg\" alt=\"\" width=\"300\" height=\"173\" srcset=\"https:\/\/www.tts-freunde.de\/blog\/wp-content\/uploads\/2015\/10\/dieselgate-audi-300x173.jpg 300w, https:\/\/www.tts-freunde.de\/blog\/wp-content\/uploads\/2015\/10\/dieselgate-audi-1024x589.jpg 1024w, https:\/\/www.tts-freunde.de\/blog\/wp-content\/uploads\/2015\/10\/dieselgate-audi-50x29.jpg 50w, https:\/\/www.tts-freunde.de\/blog\/wp-content\/uploads\/2015\/10\/dieselgate-audi.jpg 1160w\" sizes=\"(max-width: 300px) 100vw, 300px\" \/><\/a>Audi hat im Rahmen der internen Aufkl\u00e4rung zum Diesel Auff\u00e4lligkeiten in der Steuerungssoftware bei V6-Dieselmotoren der Gen2 evo (200 kW) festgestellt, die in Fahrzeugen der Modelle A6 und A7 der im Auslauf befindlichen Generation C7 eingebaut sind. Dies wurde dem Kraftfahrtbundesamt und der Luxemburgischen Zulassungsbeh\u00f6rde mitgeteilt und die Auslieferungen in den Handel gestoppt. Die Auff\u00e4lligkeiten sollen bei den n\u00e4chsten Gespr\u00e4chsrunden mit den Zulassungsbeh\u00f6rden im Detail erl\u00e4utert werden. Der Monitor im VW-Konzern wurde ebenfalls \u00fcber diesen Sachverhalt informiert.<\/p>\n<\/div>\n<\/div>\n<\/div>\n<div class=\"page-row has-no-item-box\">\n<div id=\"item-4ff6ae7a-c3a9-4eff-9506-deacc5e10079\" class=\"page-item--text\">\n<div class=\"style-links-for-body-text\">\n<p>Dazu Audi-CEO Rupert Stadler: \u201eWir informieren das Kraftfahrtbundesamt regelm\u00e4\u00dfig \u00fcber die Ergebnisse unseres systematischen Motoren-Pr\u00fcfprogramms. Auff\u00e4lligkeiten melden wir an die Zulassungsbeh\u00f6rde, da unser h\u00f6chstes Interesse einer r\u00fcckhaltlosen Aufkl\u00e4rung gilt. Das haben wir auch in diesem Fall unverz\u00fcglich getan.\u201c<\/p>\n<p>Die Auff\u00e4lligkeiten sind bei den laufenden systematischen \u00dcberpr\u00fcfungen von Motor- und Getriebekombinationen bei Dieselmotoren bekannt geworden. Es handelt sich dabei um den V6 TDI Gen2 evo EU6 Motor mit 200 kW Leistung, der in den im Auslauf befindlichen Modellen A6 und A7 der Generation C7 eingebaut wurde. Nach Bekanntwerden der Auff\u00e4lligkeiten wurden sofort die Auslieferungen in den Handel gestoppt. Dar\u00fcber werden auch die Kunden informiert, die ein solches Modell bestellt haben. Betroffen sind voraussichtlich weltweit rund 60.000 Fahrzeuge. Fahrzeuge in den USA sind nicht betroffen. Audi wird das Software-Update in Absprache mit den, oder auf Anordnung der Zulassungsbeh\u00f6rden zur Verf\u00fcgung stellen.<\/p>\n<\/div>\n<\/div>\n<\/div>\n<\/div>\n<\/div>\n<\/div>\n<\/div>\n<\/div>\n","protected":false},"excerpt":{"rendered":"<p>Audi informierte Luxemburgische Zulassungsbeh\u00f6rde und Kraftfahrtbundesamt vergangene Woche Monitor wurde unmittelbar von Sachverhalt unterrichtet Audi-CEO Stadler: Ergebnis interner Aufarbeitung im Rahmen r\u00fcckhaltloser Aufkl\u00e4rung Audi hat im Rahmen der internen Aufkl\u00e4rung zum Diesel Auff\u00e4lligkeiten in der Steuerungssoftware bei V6-Dieselmotoren der Gen2 evo (200 kW) festgestellt, die in Fahrzeugen der Modelle A6 [&hellip;]<\/p>\n","protected":false},"author":1,"featured_media":1441,"comment_status":"closed","ping_status":"open","sticky":false,"template":"","format":"standard","meta":{"jetpack_post_was_ever_published":false,"_jetpack_newsletter_access":"","_jetpack_dont_email_post_to_subs":false,"_jetpack_newsletter_tier_id":0,"_jetpack_memberships_contains_paywalled_content":false,"_jetpack_memberships_contains_paid_content":false,"footnotes":"","jetpack_publicize_message":"Audi meldet Auff\u00e4lligkeiten in der Motorsteuerung bei V6-TDI-Motorisierung in A6\/A7, Generation C7","jetpack_publicize_feature_enabled":true,"jetpack_social_post_already_shared":true,"jetpack_social_options":{"image_generator_settings":{"template":"highway","enabled":false},"version":2}},"categories":[16],"tags":[],"class_list":["post-4679","post","type-post","status-publish","format-standard","has-post-thumbnail","hentry","category-audi-ag"],"wppr_data":{"cwp_meta_box_check":"No"},"jetpack_publicize_connections":[],"yoast_head":"<!-- This site is optimized with the Yoast SEO plugin v23.3 - https:\/\/yoast.com\/wordpress\/plugins\/seo\/ -->\n<title>Audi meldet Auff\u00e4lligkeiten in der Motorsteuerung bei V6-TDI-Motorisierung in A6\/A7, Generation C7 - Audi Blog<\/title>\n<meta name=\"robots\" content=\"index, follow, max-snippet:-1, max-image-preview:large, max-video-preview:-1\" \/>\n<link rel=\"canonical\" href=\"https:\/\/www.tts-freunde.de\/blog\/2018\/05\/08\/audi-meldet-auffaelligkeiten-in-der-motorsteuerung-bei-v6-tdi-motorisierung-in-a6-a7-generation-c7\/\" \/>\n<meta property=\"og:locale\" content=\"de_DE\" \/>\n<meta property=\"og:type\" content=\"article\" \/>\n<meta property=\"og:title\" content=\"Audi meldet Auff\u00e4lligkeiten in der Motorsteuerung bei V6-TDI-Motorisierung in A6\/A7, Generation C7 - Audi Blog\" \/>\n<meta property=\"og:description\" content=\"Audi informierte Luxemburgische Zulassungsbeh\u00f6rde und Kraftfahrtbundesamt vergangene Woche Monitor wurde unmittelbar von Sachverhalt unterrichtet Audi-CEO Stadler: Ergebnis interner Aufarbeitung im Rahmen r\u00fcckhaltloser Aufkl\u00e4rung Audi hat im Rahmen der internen Aufkl\u00e4rung zum Diesel Auff\u00e4lligkeiten in der Steuerungssoftware bei V6-Dieselmotoren der Gen2 evo (200 kW) festgestellt, die in Fahrzeugen der Modelle A6 [&hellip;]\" \/>\n<meta property=\"og:url\" content=\"https:\/\/www.tts-freunde.de\/blog\/2018\/05\/08\/audi-meldet-auffaelligkeiten-in-der-motorsteuerung-bei-v6-tdi-motorisierung-in-a6-a7-generation-c7\/\" \/>\n<meta property=\"og:site_name\" content=\"Audi Blog\" \/>\n<meta property=\"article:published_time\" content=\"2018-05-08T17:20:27+00:00\" \/>\n<meta property=\"og:image\" content=\"https:\/\/www.tts-freunde.de\/blog\/wp-content\/uploads\/2015\/10\/dieselgate-audi.jpg\" \/>\n\t<meta property=\"og:image:width\" content=\"1160\" \/>\n\t<meta property=\"og:image:height\" content=\"667\" \/>\n\t<meta property=\"og:image:type\" content=\"image\/jpeg\" \/>\n<meta name=\"author\" content=\"admin\" \/>\n<meta name=\"twitter:card\" content=\"summary_large_image\" \/>\n<meta name=\"twitter:label1\" content=\"Verfasst von\" \/>\n\t<meta name=\"twitter:data1\" content=\"admin\" \/>\n\t<meta name=\"twitter:label2\" content=\"Gesch\u00e4tzte Lesezeit\" \/>\n\t<meta name=\"twitter:data2\" content=\"1\u00a0Minute\" \/>\n<script type=\"application\/ld+json\" class=\"yoast-schema-graph\">{\"@context\":\"https:\/\/schema.org\",\"@graph\":[{\"@type\":\"Article\",\"@id\":\"https:\/\/www.tts-freunde.de\/blog\/2018\/05\/08\/audi-meldet-auffaelligkeiten-in-der-motorsteuerung-bei-v6-tdi-motorisierung-in-a6-a7-generation-c7\/#article\",\"isPartOf\":{\"@id\":\"https:\/\/www.tts-freunde.de\/blog\/2018\/05\/08\/audi-meldet-auffaelligkeiten-in-der-motorsteuerung-bei-v6-tdi-motorisierung-in-a6-a7-generation-c7\/\"},\"author\":{\"name\":\"admin\",\"@id\":\"https:\/\/www.tts-freunde.de\/blog\/#\/schema\/person\/b67f6a54e98f013bd281dbe05514b701\"},\"headline\":\"Audi meldet Auff\u00e4lligkeiten in der Motorsteuerung bei V6-TDI-Motorisierung in A6\/A7, Generation C7\",\"datePublished\":\"2018-05-08T17:20:27+00:00\",\"dateModified\":\"2018-05-08T17:20:27+00:00\",\"mainEntityOfPage\":{\"@id\":\"https:\/\/www.tts-freunde.de\/blog\/2018\/05\/08\/audi-meldet-auffaelligkeiten-in-der-motorsteuerung-bei-v6-tdi-motorisierung-in-a6-a7-generation-c7\/\"},\"wordCount\":277,\"publisher\":{\"@id\":\"https:\/\/www.tts-freunde.de\/blog\/#organization\"},\"image\":{\"@id\":\"https:\/\/www.tts-freunde.de\/blog\/2018\/05\/08\/audi-meldet-auffaelligkeiten-in-der-motorsteuerung-bei-v6-tdi-motorisierung-in-a6-a7-generation-c7\/#primaryimage\"},\"thumbnailUrl\":\"https:\/\/www.tts-freunde.de\/blog\/wp-content\/uploads\/2015\/10\/dieselgate-audi.jpg\",\"articleSection\":[\"Audi AG\"],\"inLanguage\":\"de\"},{\"@type\":\"WebPage\",\"@id\":\"https:\/\/www.tts-freunde.de\/blog\/2018\/05\/08\/audi-meldet-auffaelligkeiten-in-der-motorsteuerung-bei-v6-tdi-motorisierung-in-a6-a7-generation-c7\/\",\"url\":\"https:\/\/www.tts-freunde.de\/blog\/2018\/05\/08\/audi-meldet-auffaelligkeiten-in-der-motorsteuerung-bei-v6-tdi-motorisierung-in-a6-a7-generation-c7\/\",\"name\":\"Audi meldet Auff\u00e4lligkeiten in der Motorsteuerung bei V6-TDI-Motorisierung in A6\/A7, Generation C7 - Audi Blog\",\"isPartOf\":{\"@id\":\"https:\/\/www.tts-freunde.de\/blog\/#website\"},\"primaryImageOfPage\":{\"@id\":\"https:\/\/www.tts-freunde.de\/blog\/2018\/05\/08\/audi-meldet-auffaelligkeiten-in-der-motorsteuerung-bei-v6-tdi-motorisierung-in-a6-a7-generation-c7\/#primaryimage\"},\"image\":{\"@id\":\"https:\/\/www.tts-freunde.de\/blog\/2018\/05\/08\/audi-meldet-auffaelligkeiten-in-der-motorsteuerung-bei-v6-tdi-motorisierung-in-a6-a7-generation-c7\/#primaryimage\"},\"thumbnailUrl\":\"https:\/\/www.tts-freunde.de\/blog\/wp-content\/uploads\/2015\/10\/dieselgate-audi.jpg\",\"datePublished\":\"2018-05-08T17:20:27+00:00\",\"dateModified\":\"2018-05-08T17:20:27+00:00\",\"breadcrumb\":{\"@id\":\"https:\/\/www.tts-freunde.de\/blog\/2018\/05\/08\/audi-meldet-auffaelligkeiten-in-der-motorsteuerung-bei-v6-tdi-motorisierung-in-a6-a7-generation-c7\/#breadcrumb\"},\"inLanguage\":\"de\",\"potentialAction\":[{\"@type\":\"ReadAction\",\"target\":[\"https:\/\/www.tts-freunde.de\/blog\/2018\/05\/08\/audi-meldet-auffaelligkeiten-in-der-motorsteuerung-bei-v6-tdi-motorisierung-in-a6-a7-generation-c7\/\"]}]},{\"@type\":\"ImageObject\",\"inLanguage\":\"de\",\"@id\":\"https:\/\/www.tts-freunde.de\/blog\/2018\/05\/08\/audi-meldet-auffaelligkeiten-in-der-motorsteuerung-bei-v6-tdi-motorisierung-in-a6-a7-generation-c7\/#primaryimage\",\"url\":\"https:\/\/www.tts-freunde.de\/blog\/wp-content\/uploads\/2015\/10\/dieselgate-audi.jpg\",\"contentUrl\":\"https:\/\/www.tts-freunde.de\/blog\/wp-content\/uploads\/2015\/10\/dieselgate-audi.jpg\",\"width\":1160,\"height\":667},{\"@type\":\"BreadcrumbList\",\"@id\":\"https:\/\/www.tts-freunde.de\/blog\/2018\/05\/08\/audi-meldet-auffaelligkeiten-in-der-motorsteuerung-bei-v6-tdi-motorisierung-in-a6-a7-generation-c7\/#breadcrumb\",\"itemListElement\":[{\"@type\":\"ListItem\",\"position\":1,\"name\":\"Home\",\"item\":\"https:\/\/www.tts-freunde.de\/blog\/\"},{\"@type\":\"ListItem\",\"position\":2,\"name\":\"Audi meldet Auff\u00e4lligkeiten in der Motorsteuerung bei V6-TDI-Motorisierung in A6\/A7, Generation C7\"}]},{\"@type\":\"WebSite\",\"@id\":\"https:\/\/www.tts-freunde.de\/blog\/#website\",\"url\":\"https:\/\/www.tts-freunde.de\/blog\/\",\"name\":\"Audi Blog\",\"description\":\"Deutscher Audi Blog - TTS-Freunde\",\"publisher\":{\"@id\":\"https:\/\/www.tts-freunde.de\/blog\/#organization\"},\"potentialAction\":[{\"@type\":\"SearchAction\",\"target\":{\"@type\":\"EntryPoint\",\"urlTemplate\":\"https:\/\/www.tts-freunde.de\/blog\/?s={search_term_string}\"},\"query-input\":\"required name=search_term_string\"}],\"inLanguage\":\"de\"},{\"@type\":\"Organization\",\"@id\":\"https:\/\/www.tts-freunde.de\/blog\/#organization\",\"name\":\"Audi Blog\",\"url\":\"https:\/\/www.tts-freunde.de\/blog\/\",\"logo\":{\"@type\":\"ImageObject\",\"inLanguage\":\"de\",\"@id\":\"https:\/\/www.tts-freunde.de\/blog\/#\/schema\/logo\/image\/\",\"url\":\"https:\/\/www.tts-freunde.de\/blog\/wp-content\/uploads\/2022\/12\/logo_2022.jpg\",\"contentUrl\":\"https:\/\/www.tts-freunde.de\/blog\/wp-content\/uploads\/2022\/12\/logo_2022.jpg\",\"width\":240,\"height\":41,\"caption\":\"Audi Blog\"},\"image\":{\"@id\":\"https:\/\/www.tts-freunde.de\/blog\/#\/schema\/logo\/image\/\"}},{\"@type\":\"Person\",\"@id\":\"https:\/\/www.tts-freunde.de\/blog\/#\/schema\/person\/b67f6a54e98f013bd281dbe05514b701\",\"name\":\"admin\",\"image\":{\"@type\":\"ImageObject\",\"inLanguage\":\"de\",\"@id\":\"https:\/\/www.tts-freunde.de\/blog\/#\/schema\/person\/image\/\",\"url\":\"https:\/\/secure.gravatar.com\/avatar\/08a4bd330e25056ddb430c28136b38a6?s=96&d=mm&r=g\",\"contentUrl\":\"https:\/\/secure.gravatar.com\/avatar\/08a4bd330e25056ddb430c28136b38a6?s=96&d=mm&r=g\",\"caption\":\"admin\"},\"sameAs\":[\"http:\/\/www.tts-freunde.de\"],\"url\":\"https:\/\/www.tts-freunde.de\/blog\/author\/admin\/\"}]}<\/script>\n<!-- \/ Yoast SEO plugin. -->","yoast_head_json":{"title":"Audi meldet Auff\u00e4lligkeiten in der Motorsteuerung bei V6-TDI-Motorisierung in A6\/A7, Generation C7 - Audi Blog","robots":{"index":"index","follow":"follow","max-snippet":"max-snippet:-1","max-image-preview":"max-image-preview:large","max-video-preview":"max-video-preview:-1"},"canonical":"https:\/\/www.tts-freunde.de\/blog\/2018\/05\/08\/audi-meldet-auffaelligkeiten-in-der-motorsteuerung-bei-v6-tdi-motorisierung-in-a6-a7-generation-c7\/","og_locale":"de_DE","og_type":"article","og_title":"Audi meldet Auff\u00e4lligkeiten in der Motorsteuerung bei V6-TDI-Motorisierung in A6\/A7, Generation C7 - Audi Blog","og_description":"Audi informierte Luxemburgische Zulassungsbeh\u00f6rde und Kraftfahrtbundesamt vergangene Woche Monitor wurde unmittelbar von Sachverhalt unterrichtet Audi-CEO Stadler: Ergebnis interner Aufarbeitung im Rahmen r\u00fcckhaltloser Aufkl\u00e4rung Audi hat im Rahmen der internen Aufkl\u00e4rung zum Diesel Auff\u00e4lligkeiten in der Steuerungssoftware bei V6-Dieselmotoren der Gen2 evo (200 kW) festgestellt, die in Fahrzeugen der Modelle A6 [&hellip;]","og_url":"https:\/\/www.tts-freunde.de\/blog\/2018\/05\/08\/audi-meldet-auffaelligkeiten-in-der-motorsteuerung-bei-v6-tdi-motorisierung-in-a6-a7-generation-c7\/","og_site_name":"Audi Blog","article_published_time":"2018-05-08T17:20:27+00:00","og_image":[{"width":1160,"height":667,"url":"https:\/\/www.tts-freunde.de\/blog\/wp-content\/uploads\/2015\/10\/dieselgate-audi.jpg","type":"image\/jpeg"}],"author":"admin","twitter_card":"summary_large_image","twitter_misc":{"Verfasst von":"admin","Gesch\u00e4tzte Lesezeit":"1\u00a0Minute"},"schema":{"@context":"https:\/\/schema.org","@graph":[{"@type":"Article","@id":"https:\/\/www.tts-freunde.de\/blog\/2018\/05\/08\/audi-meldet-auffaelligkeiten-in-der-motorsteuerung-bei-v6-tdi-motorisierung-in-a6-a7-generation-c7\/#article","isPartOf":{"@id":"https:\/\/www.tts-freunde.de\/blog\/2018\/05\/08\/audi-meldet-auffaelligkeiten-in-der-motorsteuerung-bei-v6-tdi-motorisierung-in-a6-a7-generation-c7\/"},"author":{"name":"admin","@id":"https:\/\/www.tts-freunde.de\/blog\/#\/schema\/person\/b67f6a54e98f013bd281dbe05514b701"},"headline":"Audi meldet Auff\u00e4lligkeiten in der Motorsteuerung bei V6-TDI-Motorisierung in A6\/A7, Generation C7","datePublished":"2018-05-08T17:20:27+00:00","dateModified":"2018-05-08T17:20:27+00:00","mainEntityOfPage":{"@id":"https:\/\/www.tts-freunde.de\/blog\/2018\/05\/08\/audi-meldet-auffaelligkeiten-in-der-motorsteuerung-bei-v6-tdi-motorisierung-in-a6-a7-generation-c7\/"},"wordCount":277,"publisher":{"@id":"https:\/\/www.tts-freunde.de\/blog\/#organization"},"image":{"@id":"https:\/\/www.tts-freunde.de\/blog\/2018\/05\/08\/audi-meldet-auffaelligkeiten-in-der-motorsteuerung-bei-v6-tdi-motorisierung-in-a6-a7-generation-c7\/#primaryimage"},"thumbnailUrl":"https:\/\/www.tts-freunde.de\/blog\/wp-content\/uploads\/2015\/10\/dieselgate-audi.jpg","articleSection":["Audi AG"],"inLanguage":"de"},{"@type":"WebPage","@id":"https:\/\/www.tts-freunde.de\/blog\/2018\/05\/08\/audi-meldet-auffaelligkeiten-in-der-motorsteuerung-bei-v6-tdi-motorisierung-in-a6-a7-generation-c7\/","url":"https:\/\/www.tts-freunde.de\/blog\/2018\/05\/08\/audi-meldet-auffaelligkeiten-in-der-motorsteuerung-bei-v6-tdi-motorisierung-in-a6-a7-generation-c7\/","name":"Audi meldet Auff\u00e4lligkeiten in der Motorsteuerung bei V6-TDI-Motorisierung in A6\/A7, Generation C7 - Audi Blog","isPartOf":{"@id":"https:\/\/www.tts-freunde.de\/blog\/#website"},"primaryImageOfPage":{"@id":"https:\/\/www.tts-freunde.de\/blog\/2018\/05\/08\/audi-meldet-auffaelligkeiten-in-der-motorsteuerung-bei-v6-tdi-motorisierung-in-a6-a7-generation-c7\/#primaryimage"},"image":{"@id":"https:\/\/www.tts-freunde.de\/blog\/2018\/05\/08\/audi-meldet-auffaelligkeiten-in-der-motorsteuerung-bei-v6-tdi-motorisierung-in-a6-a7-generation-c7\/#primaryimage"},"thumbnailUrl":"https:\/\/www.tts-freunde.de\/blog\/wp-content\/uploads\/2015\/10\/dieselgate-audi.jpg","datePublished":"2018-05-08T17:20:27+00:00","dateModified":"2018-05-08T17:20:27+00:00","breadcrumb":{"@id":"https:\/\/www.tts-freunde.de\/blog\/2018\/05\/08\/audi-meldet-auffaelligkeiten-in-der-motorsteuerung-bei-v6-tdi-motorisierung-in-a6-a7-generation-c7\/#breadcrumb"},"inLanguage":"de","potentialAction":[{"@type":"ReadAction","target":["https:\/\/www.tts-freunde.de\/blog\/2018\/05\/08\/audi-meldet-auffaelligkeiten-in-der-motorsteuerung-bei-v6-tdi-motorisierung-in-a6-a7-generation-c7\/"]}]},{"@type":"ImageObject","inLanguage":"de","@id":"https:\/\/www.tts-freunde.de\/blog\/2018\/05\/08\/audi-meldet-auffaelligkeiten-in-der-motorsteuerung-bei-v6-tdi-motorisierung-in-a6-a7-generation-c7\/#primaryimage","url":"https:\/\/www.tts-freunde.de\/blog\/wp-content\/uploads\/2015\/10\/dieselgate-audi.jpg","contentUrl":"https:\/\/www.tts-freunde.de\/blog\/wp-content\/uploads\/2015\/10\/dieselgate-audi.jpg","width":1160,"height":667},{"@type":"BreadcrumbList","@id":"https:\/\/www.tts-freunde.de\/blog\/2018\/05\/08\/audi-meldet-auffaelligkeiten-in-der-motorsteuerung-bei-v6-tdi-motorisierung-in-a6-a7-generation-c7\/#breadcrumb","itemListElement":[{"@type":"ListItem","position":1,"name":"Home","item":"https:\/\/www.tts-freunde.de\/blog\/"},{"@type":"ListItem","position":2,"name":"Audi meldet Auff\u00e4lligkeiten in der Motorsteuerung bei V6-TDI-Motorisierung in A6\/A7, Generation C7"}]},{"@type":"WebSite","@id":"https:\/\/www.tts-freunde.de\/blog\/#website","url":"https:\/\/www.tts-freunde.de\/blog\/","name":"Audi Blog","description":"Deutscher Audi Blog - TTS-Freunde","publisher":{"@id":"https:\/\/www.tts-freunde.de\/blog\/#organization"},"potentialAction":[{"@type":"SearchAction","target":{"@type":"EntryPoint","urlTemplate":"https:\/\/www.tts-freunde.de\/blog\/?s={search_term_string}"},"query-input":"required name=search_term_string"}],"inLanguage":"de"},{"@type":"Organization","@id":"https:\/\/www.tts-freunde.de\/blog\/#organization","name":"Audi Blog","url":"https:\/\/www.tts-freunde.de\/blog\/","logo":{"@type":"ImageObject","inLanguage":"de","@id":"https:\/\/www.tts-freunde.de\/blog\/#\/schema\/logo\/image\/","url":"https:\/\/www.tts-freunde.de\/blog\/wp-content\/uploads\/2022\/12\/logo_2022.jpg","contentUrl":"https:\/\/www.tts-freunde.de\/blog\/wp-content\/uploads\/2022\/12\/logo_2022.jpg","width":240,"height":41,"caption":"Audi Blog"},"image":{"@id":"https:\/\/www.tts-freunde.de\/blog\/#\/schema\/logo\/image\/"}},{"@type":"Person","@id":"https:\/\/www.tts-freunde.de\/blog\/#\/schema\/person\/b67f6a54e98f013bd281dbe05514b701","name":"admin","image":{"@type":"ImageObject","inLanguage":"de","@id":"https:\/\/www.tts-freunde.de\/blog\/#\/schema\/person\/image\/","url":"https:\/\/secure.gravatar.com\/avatar\/08a4bd330e25056ddb430c28136b38a6?s=96&d=mm&r=g","contentUrl":"https:\/\/secure.gravatar.com\/avatar\/08a4bd330e25056ddb430c28136b38a6?s=96&d=mm&r=g","caption":"admin"},"sameAs":["http:\/\/www.tts-freunde.de"],"url":"https:\/\/www.tts-freunde.de\/blog\/author\/admin\/"}]}},"jetpack_sharing_enabled":true,"jetpack_featured_media_url":"https:\/\/www.tts-freunde.de\/blog\/wp-content\/uploads\/2015\/10\/dieselgate-audi.jpg","jetpack_shortlink":"https:\/\/wp.me\/p67hWW-1dt","jetpack_likes_enabled":false,"jetpack-related-posts":[],"_links":{"self":[{"href":"https:\/\/www.tts-freunde.de\/blog\/wp-json\/wp\/v2\/posts\/4679"}],"collection":[{"href":"https:\/\/www.tts-freunde.de\/blog\/wp-json\/wp\/v2\/posts"}],"about":[{"href":"https:\/\/www.tts-freunde.de\/blog\/wp-json\/wp\/v2\/types\/post"}],"author":[{"embeddable":true,"href":"https:\/\/www.tts-freunde.de\/blog\/wp-json\/wp\/v2\/users\/1"}],"replies":[{"embeddable":true,"href":"https:\/\/www.tts-freunde.de\/blog\/wp-json\/wp\/v2\/comments?post=4679"}],"version-history":[{"count":1,"href":"https:\/\/www.tts-freunde.de\/blog\/wp-json\/wp\/v2\/posts\/4679\/revisions"}],"predecessor-version":[{"id":4680,"href":"https:\/\/www.tts-freunde.de\/blog\/wp-json\/wp\/v2\/posts\/4679\/revisions\/4680"}],"wp:featuredmedia":[{"embeddable":true,"href":"https:\/\/www.tts-freunde.de\/blog\/wp-json\/wp\/v2\/media\/1441"}],"wp:attachment":[{"href":"https:\/\/www.tts-freunde.de\/blog\/wp-json\/wp\/v2\/media?parent=4679"}],"wp:term":[{"taxonomy":"category","embeddable":true,"href":"https:\/\/www.tts-freunde.de\/blog\/wp-json\/wp\/v2\/categories?post=4679"},{"taxonomy":"post_tag","embeddable":true,"href":"https:\/\/www.tts-freunde.de\/blog\/wp-json\/wp\/v2\/tags?post=4679"}],"curies":[{"name":"wp","href":"https:\/\/api.w.org\/{rel}","templated":true}]}}