{"id":4716,"date":"2018-06-11T18:58:02","date_gmt":"2018-06-11T16:58:02","guid":{"rendered":"https:\/\/www.tts-freunde.de\/blog\/?p=4716"},"modified":"2018-06-11T18:58:02","modified_gmt":"2018-06-11T16:58:02","slug":"ausbau-des-audi-standorts-neckarsulm-fuer-erfolgreiche-zukunft","status":"publish","type":"post","link":"https:\/\/www.tts-freunde.de\/blog\/2018\/06\/11\/ausbau-des-audi-standorts-neckarsulm-fuer-erfolgreiche-zukunft\/","title":{"rendered":"Ausbau des Audi-Standorts Neckarsulm f\u00fcr erfolgreiche Zukunft"},"content":{"rendered":"<div id=\"item-330e42e0-0dd0-4867-84ea-85413482d848\" class=\"page-item--column col-sm-4\">\n<div class=\"custom-padding\">\n<div class=\"page-row has-no-item-box\">\n<div id=\"item-fb052556-4021-45da-87e0-8f47a37a145e\" class=\"page-item--topic-list\">\n<div class=\"topic-list\">\n<ul>\n<li>Neu- und Ausbauten der Produktionsanlagen f\u00fcr zwei E-Modelle ab Sommer 2018<\/li>\n<li>Werkleiter Helmut Stettner: \u201eStabile Zukunft f\u00fcr unseren Standort\u201c<\/li>\n<\/ul>\n<div class=\"page-row has-no-item-box\">\n<div id=\"item-40f76746-6678-4b83-9143-180474afc5d3\" class=\"page-item--intro\">\n<div class=\"intro-text\">\n<div id=\"attachment_3370\" style=\"width: 310px\" class=\"wp-caption alignleft\"><a href=\"https:\/\/www.tts-freunde.de\/blog\/wp-content\/uploads\/2016\/10\/Audi-Forum-Neckarsulm.jpg\"><img loading=\"lazy\" decoding=\"async\" aria-describedby=\"caption-attachment-3370\" data-attachment-id=\"3370\" data-permalink=\"https:\/\/www.tts-freunde.de\/blog\/2016\/10\/05\/audi-forum-neckarsulm-zum-zweiten-mal-in-folge-als-top-eventlocation-ausgezeichnet\/audi-forum-neckarsulm\/\" data-orig-file=\"https:\/\/www.tts-freunde.de\/blog\/wp-content\/uploads\/2016\/10\/Audi-Forum-Neckarsulm.jpg\" data-orig-size=\"1160,773\" data-comments-opened=\"0\" data-image-meta=\"{&quot;aperture&quot;:&quot;0&quot;,&quot;credit&quot;:&quot;&quot;,&quot;camera&quot;:&quot;&quot;,&quot;caption&quot;:&quot;&quot;,&quot;created_timestamp&quot;:&quot;0&quot;,&quot;copyright&quot;:&quot;&quot;,&quot;focal_length&quot;:&quot;0&quot;,&quot;iso&quot;:&quot;0&quot;,&quot;shutter_speed&quot;:&quot;0&quot;,&quot;title&quot;:&quot;&quot;,&quot;orientation&quot;:&quot;0&quot;}\" data-image-title=\"audi-forum-neckarsulm\" data-image-description=\"&lt;p&gt;Audi Forum Neckarsulm&lt;\/p&gt;\n\" data-image-caption=\"&lt;p&gt;Audi Forum Neckarsulm&lt;\/p&gt;\n\" data-medium-file=\"https:\/\/www.tts-freunde.de\/blog\/wp-content\/uploads\/2016\/10\/Audi-Forum-Neckarsulm-300x200.jpg\" data-large-file=\"https:\/\/www.tts-freunde.de\/blog\/wp-content\/uploads\/2016\/10\/Audi-Forum-Neckarsulm-1024x682.jpg\" tabindex=\"0\" role=\"button\" class=\"size-medium wp-image-3370\" src=\"https:\/\/www.tts-freunde.de\/blog\/wp-content\/uploads\/2016\/10\/Audi-Forum-Neckarsulm-300x200.jpg\" alt=\"Audi Forum Neckarsulm\" width=\"300\" height=\"200\" srcset=\"https:\/\/www.tts-freunde.de\/blog\/wp-content\/uploads\/2016\/10\/Audi-Forum-Neckarsulm-300x200.jpg 300w, https:\/\/www.tts-freunde.de\/blog\/wp-content\/uploads\/2016\/10\/Audi-Forum-Neckarsulm-768x512.jpg 768w, https:\/\/www.tts-freunde.de\/blog\/wp-content\/uploads\/2016\/10\/Audi-Forum-Neckarsulm-1024x682.jpg 1024w, https:\/\/www.tts-freunde.de\/blog\/wp-content\/uploads\/2016\/10\/Audi-Forum-Neckarsulm-50x33.jpg 50w, https:\/\/www.tts-freunde.de\/blog\/wp-content\/uploads\/2016\/10\/Audi-Forum-Neckarsulm.jpg 1160w\" sizes=\"(max-width: 300px) 100vw, 300px\" \/><\/a><p id=\"caption-attachment-3370\" class=\"wp-caption-text\">Audi Forum Neckarsulm<\/p><\/div>\n<p>Fit in Richtung Zukunft: Der Audi-Standort Neckarsulm bereitet sich auf die Fertigung zweier vollelektrischer Modelle vor. In den kommenden Jahren entstehen daf\u00fcr auf dem Werkgel\u00e4nde einige neue Produktionsst\u00e4tten. Bereits im Sommer beginnen die Bauarbeiten.<\/p>\n<\/div>\n<\/div>\n<\/div>\n<div class=\"page-row has-no-item-box\">\n<div id=\"item-40f18688-7da1-497c-86d5-2da40cd2c72b\" class=\"page-item--text\">\n<div class=\"style-links-for-body-text\">\n<p>Die Vorbereitungen f\u00fcr die Bauprojekte laufen auf Hochtouren. Im S\u00fcdosten des Standorts entsteht ein neuer Karosseriebau. Daf\u00fcr bricht das Unternehmen bereits im Sommer dieses Jahres bestehende Geb\u00e4ude ab und beginnt mit den Bodenarbeiten. Abteilungen, die bislang dort untergebracht sind, ziehen tempor\u00e4r in andere Hallen und B\u00fcrogeb\u00e4ude auf dem Werk\u00adgel\u00e4nde.<\/p>\n<p>In einem weiteren Neubau gewinnt Audi zus\u00e4tzlichen Platz f\u00fcr die Logistik und die Vormontage. Die beiden neuen E-Modelle integriert Audi Neckarsulm in bestehende Montagelinien. Dazu ist ein Ausbau der Audi A8-Montage im Westen des Werks notwendig. Mit den Struktur\u00adma\u00df\u00adnahmen vergr\u00f6\u00dfert der Standort seine Werkfl\u00e4che. Die ben\u00f6tigten angrenzenden Grundst\u00fccke erwarb das Unternehmen bereits in den vergangenen Jahren.<\/p>\n<p>\u201eDurch konsequentes und vorausschauendes Fl\u00e4chenmanagement ist es gelungen, die Werkstruktur so zu optimieren, dass wir den Audi-Standort Neckarsulm ideal gestalten k\u00f6nnen\u201c, sagt Werkleiter Helmut Stettner. \u201eDie beiden volumenstarken E-Autos, der <span class=\"nowrap\">e-tron<\/span> GT, die neuen Generationen des Audi A8, A7 und A6 sowie unser Brennstoff\u00adzellen-Kompetenzzentrum versprechen eine stabile Zukunft f\u00fcr unseren Standort.\u201c<\/p>\n<p>[instagram-feed]<\/p>\n<\/div>\n<\/div>\n<\/div>\n<\/div>\n<\/div>\n<\/div>\n<\/div>\n<\/div>\n","protected":false},"excerpt":{"rendered":"<p>Neu- und Ausbauten der Produktionsanlagen f\u00fcr zwei E-Modelle ab Sommer 2018 Werkleiter Helmut Stettner: \u201eStabile Zukunft f\u00fcr unseren Standort\u201c Fit in Richtung Zukunft: Der Audi-Standort Neckarsulm bereitet sich auf die Fertigung zweier vollelektrischer Modelle vor. In den kommenden Jahren entstehen daf\u00fcr auf dem Werkgel\u00e4nde einige neue Produktionsst\u00e4tten. Bereits im Sommer [&hellip;]<\/p>\n","protected":false},"author":1,"featured_media":3370,"comment_status":"closed","ping_status":"open","sticky":false,"template":"","format":"standard","meta":{"jetpack_post_was_ever_published":false,"_jetpack_newsletter_access":"","_jetpack_dont_email_post_to_subs":false,"_jetpack_newsletter_tier_id":0,"_jetpack_memberships_contains_paywalled_content":false,"_jetpack_memberships_contains_paid_content":false,"footnotes":"","jetpack_publicize_message":"Ausbau des #Audi-Standorts #Neckarsulm f\u00fcr erfolgreiche Zukunft","jetpack_publicize_feature_enabled":true,"jetpack_social_post_already_shared":true,"jetpack_social_options":{"image_generator_settings":{"template":"highway","enabled":false},"version":2}},"categories":[16],"tags":[20,67],"class_list":["post-4716","post","type-post","status-publish","format-standard","has-post-thumbnail","hentry","category-audi-ag","tag-audi","tag-neckarsulm"],"wppr_data":{"cwp_meta_box_check":"No"},"jetpack_publicize_connections":[],"yoast_head":"<!-- This site is optimized with the Yoast SEO plugin v23.3 - https:\/\/yoast.com\/wordpress\/plugins\/seo\/ -->\n<title>Ausbau des Audi-Standorts Neckarsulm f\u00fcr erfolgreiche Zukunft - Audi Blog<\/title>\n<meta name=\"robots\" content=\"index, follow, max-snippet:-1, max-image-preview:large, max-video-preview:-1\" \/>\n<link rel=\"canonical\" href=\"https:\/\/www.tts-freunde.de\/blog\/2018\/06\/11\/ausbau-des-audi-standorts-neckarsulm-fuer-erfolgreiche-zukunft\/\" \/>\n<meta property=\"og:locale\" content=\"de_DE\" \/>\n<meta property=\"og:type\" content=\"article\" \/>\n<meta property=\"og:title\" content=\"Ausbau des Audi-Standorts Neckarsulm f\u00fcr erfolgreiche Zukunft - Audi Blog\" \/>\n<meta property=\"og:description\" content=\"Neu- und Ausbauten der Produktionsanlagen f\u00fcr zwei E-Modelle ab Sommer 2018 Werkleiter Helmut Stettner: \u201eStabile Zukunft f\u00fcr unseren Standort\u201c Fit in Richtung Zukunft: Der Audi-Standort Neckarsulm bereitet sich auf die Fertigung zweier vollelektrischer Modelle vor. In den kommenden Jahren entstehen daf\u00fcr auf dem Werkgel\u00e4nde einige neue Produktionsst\u00e4tten. Bereits im Sommer [&hellip;]\" \/>\n<meta property=\"og:url\" content=\"https:\/\/www.tts-freunde.de\/blog\/2018\/06\/11\/ausbau-des-audi-standorts-neckarsulm-fuer-erfolgreiche-zukunft\/\" \/>\n<meta property=\"og:site_name\" content=\"Audi Blog\" \/>\n<meta property=\"article:published_time\" content=\"2018-06-11T16:58:02+00:00\" \/>\n<meta property=\"og:image\" content=\"https:\/\/www.tts-freunde.de\/blog\/wp-content\/uploads\/2016\/10\/Audi-Forum-Neckarsulm.jpg\" \/>\n\t<meta property=\"og:image:width\" content=\"1160\" \/>\n\t<meta property=\"og:image:height\" content=\"773\" \/>\n\t<meta property=\"og:image:type\" content=\"image\/jpeg\" \/>\n<meta name=\"author\" content=\"admin\" \/>\n<meta name=\"twitter:card\" content=\"summary_large_image\" \/>\n<meta name=\"twitter:label1\" content=\"Verfasst von\" \/>\n\t<meta name=\"twitter:data1\" content=\"admin\" \/>\n\t<meta name=\"twitter:label2\" content=\"Gesch\u00e4tzte Lesezeit\" \/>\n\t<meta name=\"twitter:data2\" content=\"1\u00a0Minute\" \/>\n<script type=\"application\/ld+json\" class=\"yoast-schema-graph\">{\"@context\":\"https:\/\/schema.org\",\"@graph\":[{\"@type\":\"Article\",\"@id\":\"https:\/\/www.tts-freunde.de\/blog\/2018\/06\/11\/ausbau-des-audi-standorts-neckarsulm-fuer-erfolgreiche-zukunft\/#article\",\"isPartOf\":{\"@id\":\"https:\/\/www.tts-freunde.de\/blog\/2018\/06\/11\/ausbau-des-audi-standorts-neckarsulm-fuer-erfolgreiche-zukunft\/\"},\"author\":{\"name\":\"admin\",\"@id\":\"https:\/\/www.tts-freunde.de\/blog\/#\/schema\/person\/b67f6a54e98f013bd281dbe05514b701\"},\"headline\":\"Ausbau des Audi-Standorts Neckarsulm f\u00fcr erfolgreiche Zukunft\",\"datePublished\":\"2018-06-11T16:58:02+00:00\",\"dateModified\":\"2018-06-11T16:58:02+00:00\",\"mainEntityOfPage\":{\"@id\":\"https:\/\/www.tts-freunde.de\/blog\/2018\/06\/11\/ausbau-des-audi-standorts-neckarsulm-fuer-erfolgreiche-zukunft\/\"},\"wordCount\":254,\"publisher\":{\"@id\":\"https:\/\/www.tts-freunde.de\/blog\/#organization\"},\"image\":{\"@id\":\"https:\/\/www.tts-freunde.de\/blog\/2018\/06\/11\/ausbau-des-audi-standorts-neckarsulm-fuer-erfolgreiche-zukunft\/#primaryimage\"},\"thumbnailUrl\":\"https:\/\/www.tts-freunde.de\/blog\/wp-content\/uploads\/2016\/10\/Audi-Forum-Neckarsulm.jpg\",\"keywords\":[\"audi\",\"Neckarsulm\"],\"articleSection\":[\"Audi AG\"],\"inLanguage\":\"de\"},{\"@type\":\"WebPage\",\"@id\":\"https:\/\/www.tts-freunde.de\/blog\/2018\/06\/11\/ausbau-des-audi-standorts-neckarsulm-fuer-erfolgreiche-zukunft\/\",\"url\":\"https:\/\/www.tts-freunde.de\/blog\/2018\/06\/11\/ausbau-des-audi-standorts-neckarsulm-fuer-erfolgreiche-zukunft\/\",\"name\":\"Ausbau des Audi-Standorts Neckarsulm f\u00fcr erfolgreiche Zukunft - Audi Blog\",\"isPartOf\":{\"@id\":\"https:\/\/www.tts-freunde.de\/blog\/#website\"},\"primaryImageOfPage\":{\"@id\":\"https:\/\/www.tts-freunde.de\/blog\/2018\/06\/11\/ausbau-des-audi-standorts-neckarsulm-fuer-erfolgreiche-zukunft\/#primaryimage\"},\"image\":{\"@id\":\"https:\/\/www.tts-freunde.de\/blog\/2018\/06\/11\/ausbau-des-audi-standorts-neckarsulm-fuer-erfolgreiche-zukunft\/#primaryimage\"},\"thumbnailUrl\":\"https:\/\/www.tts-freunde.de\/blog\/wp-content\/uploads\/2016\/10\/Audi-Forum-Neckarsulm.jpg\",\"datePublished\":\"2018-06-11T16:58:02+00:00\",\"dateModified\":\"2018-06-11T16:58:02+00:00\",\"breadcrumb\":{\"@id\":\"https:\/\/www.tts-freunde.de\/blog\/2018\/06\/11\/ausbau-des-audi-standorts-neckarsulm-fuer-erfolgreiche-zukunft\/#breadcrumb\"},\"inLanguage\":\"de\",\"potentialAction\":[{\"@type\":\"ReadAction\",\"target\":[\"https:\/\/www.tts-freunde.de\/blog\/2018\/06\/11\/ausbau-des-audi-standorts-neckarsulm-fuer-erfolgreiche-zukunft\/\"]}]},{\"@type\":\"ImageObject\",\"inLanguage\":\"de\",\"@id\":\"https:\/\/www.tts-freunde.de\/blog\/2018\/06\/11\/ausbau-des-audi-standorts-neckarsulm-fuer-erfolgreiche-zukunft\/#primaryimage\",\"url\":\"https:\/\/www.tts-freunde.de\/blog\/wp-content\/uploads\/2016\/10\/Audi-Forum-Neckarsulm.jpg\",\"contentUrl\":\"https:\/\/www.tts-freunde.de\/blog\/wp-content\/uploads\/2016\/10\/Audi-Forum-Neckarsulm.jpg\",\"width\":1160,\"height\":773,\"caption\":\"Audi Forum Neckarsulm\"},{\"@type\":\"BreadcrumbList\",\"@id\":\"https:\/\/www.tts-freunde.de\/blog\/2018\/06\/11\/ausbau-des-audi-standorts-neckarsulm-fuer-erfolgreiche-zukunft\/#breadcrumb\",\"itemListElement\":[{\"@type\":\"ListItem\",\"position\":1,\"name\":\"Home\",\"item\":\"https:\/\/www.tts-freunde.de\/blog\/\"},{\"@type\":\"ListItem\",\"position\":2,\"name\":\"Ausbau des Audi-Standorts Neckarsulm f\u00fcr erfolgreiche Zukunft\"}]},{\"@type\":\"WebSite\",\"@id\":\"https:\/\/www.tts-freunde.de\/blog\/#website\",\"url\":\"https:\/\/www.tts-freunde.de\/blog\/\",\"name\":\"Audi Blog\",\"description\":\"Deutscher Audi Blog - TTS-Freunde\",\"publisher\":{\"@id\":\"https:\/\/www.tts-freunde.de\/blog\/#organization\"},\"potentialAction\":[{\"@type\":\"SearchAction\",\"target\":{\"@type\":\"EntryPoint\",\"urlTemplate\":\"https:\/\/www.tts-freunde.de\/blog\/?s={search_term_string}\"},\"query-input\":\"required name=search_term_string\"}],\"inLanguage\":\"de\"},{\"@type\":\"Organization\",\"@id\":\"https:\/\/www.tts-freunde.de\/blog\/#organization\",\"name\":\"Audi Blog\",\"url\":\"https:\/\/www.tts-freunde.de\/blog\/\",\"logo\":{\"@type\":\"ImageObject\",\"inLanguage\":\"de\",\"@id\":\"https:\/\/www.tts-freunde.de\/blog\/#\/schema\/logo\/image\/\",\"url\":\"https:\/\/www.tts-freunde.de\/blog\/wp-content\/uploads\/2022\/12\/logo_2022.jpg\",\"contentUrl\":\"https:\/\/www.tts-freunde.de\/blog\/wp-content\/uploads\/2022\/12\/logo_2022.jpg\",\"width\":240,\"height\":41,\"caption\":\"Audi Blog\"},\"image\":{\"@id\":\"https:\/\/www.tts-freunde.de\/blog\/#\/schema\/logo\/image\/\"}},{\"@type\":\"Person\",\"@id\":\"https:\/\/www.tts-freunde.de\/blog\/#\/schema\/person\/b67f6a54e98f013bd281dbe05514b701\",\"name\":\"admin\",\"image\":{\"@type\":\"ImageObject\",\"inLanguage\":\"de\",\"@id\":\"https:\/\/www.tts-freunde.de\/blog\/#\/schema\/person\/image\/\",\"url\":\"https:\/\/secure.gravatar.com\/avatar\/08a4bd330e25056ddb430c28136b38a6?s=96&d=mm&r=g\",\"contentUrl\":\"https:\/\/secure.gravatar.com\/avatar\/08a4bd330e25056ddb430c28136b38a6?s=96&d=mm&r=g\",\"caption\":\"admin\"},\"sameAs\":[\"http:\/\/www.tts-freunde.de\"],\"url\":\"https:\/\/www.tts-freunde.de\/blog\/author\/admin\/\"}]}<\/script>\n<!-- \/ Yoast SEO plugin. -->","yoast_head_json":{"title":"Ausbau des Audi-Standorts Neckarsulm f\u00fcr erfolgreiche Zukunft - Audi Blog","robots":{"index":"index","follow":"follow","max-snippet":"max-snippet:-1","max-image-preview":"max-image-preview:large","max-video-preview":"max-video-preview:-1"},"canonical":"https:\/\/www.tts-freunde.de\/blog\/2018\/06\/11\/ausbau-des-audi-standorts-neckarsulm-fuer-erfolgreiche-zukunft\/","og_locale":"de_DE","og_type":"article","og_title":"Ausbau des Audi-Standorts Neckarsulm f\u00fcr erfolgreiche Zukunft - Audi Blog","og_description":"Neu- und Ausbauten der Produktionsanlagen f\u00fcr zwei E-Modelle ab Sommer 2018 Werkleiter Helmut Stettner: \u201eStabile Zukunft f\u00fcr unseren Standort\u201c Fit in Richtung Zukunft: Der Audi-Standort Neckarsulm bereitet sich auf die Fertigung zweier vollelektrischer Modelle vor. In den kommenden Jahren entstehen daf\u00fcr auf dem Werkgel\u00e4nde einige neue Produktionsst\u00e4tten. Bereits im Sommer [&hellip;]","og_url":"https:\/\/www.tts-freunde.de\/blog\/2018\/06\/11\/ausbau-des-audi-standorts-neckarsulm-fuer-erfolgreiche-zukunft\/","og_site_name":"Audi Blog","article_published_time":"2018-06-11T16:58:02+00:00","og_image":[{"width":1160,"height":773,"url":"https:\/\/www.tts-freunde.de\/blog\/wp-content\/uploads\/2016\/10\/Audi-Forum-Neckarsulm.jpg","type":"image\/jpeg"}],"author":"admin","twitter_card":"summary_large_image","twitter_misc":{"Verfasst von":"admin","Gesch\u00e4tzte Lesezeit":"1\u00a0Minute"},"schema":{"@context":"https:\/\/schema.org","@graph":[{"@type":"Article","@id":"https:\/\/www.tts-freunde.de\/blog\/2018\/06\/11\/ausbau-des-audi-standorts-neckarsulm-fuer-erfolgreiche-zukunft\/#article","isPartOf":{"@id":"https:\/\/www.tts-freunde.de\/blog\/2018\/06\/11\/ausbau-des-audi-standorts-neckarsulm-fuer-erfolgreiche-zukunft\/"},"author":{"name":"admin","@id":"https:\/\/www.tts-freunde.de\/blog\/#\/schema\/person\/b67f6a54e98f013bd281dbe05514b701"},"headline":"Ausbau des Audi-Standorts Neckarsulm f\u00fcr erfolgreiche Zukunft","datePublished":"2018-06-11T16:58:02+00:00","dateModified":"2018-06-11T16:58:02+00:00","mainEntityOfPage":{"@id":"https:\/\/www.tts-freunde.de\/blog\/2018\/06\/11\/ausbau-des-audi-standorts-neckarsulm-fuer-erfolgreiche-zukunft\/"},"wordCount":254,"publisher":{"@id":"https:\/\/www.tts-freunde.de\/blog\/#organization"},"image":{"@id":"https:\/\/www.tts-freunde.de\/blog\/2018\/06\/11\/ausbau-des-audi-standorts-neckarsulm-fuer-erfolgreiche-zukunft\/#primaryimage"},"thumbnailUrl":"https:\/\/www.tts-freunde.de\/blog\/wp-content\/uploads\/2016\/10\/Audi-Forum-Neckarsulm.jpg","keywords":["audi","Neckarsulm"],"articleSection":["Audi AG"],"inLanguage":"de"},{"@type":"WebPage","@id":"https:\/\/www.tts-freunde.de\/blog\/2018\/06\/11\/ausbau-des-audi-standorts-neckarsulm-fuer-erfolgreiche-zukunft\/","url":"https:\/\/www.tts-freunde.de\/blog\/2018\/06\/11\/ausbau-des-audi-standorts-neckarsulm-fuer-erfolgreiche-zukunft\/","name":"Ausbau des Audi-Standorts Neckarsulm f\u00fcr erfolgreiche Zukunft - Audi Blog","isPartOf":{"@id":"https:\/\/www.tts-freunde.de\/blog\/#website"},"primaryImageOfPage":{"@id":"https:\/\/www.tts-freunde.de\/blog\/2018\/06\/11\/ausbau-des-audi-standorts-neckarsulm-fuer-erfolgreiche-zukunft\/#primaryimage"},"image":{"@id":"https:\/\/www.tts-freunde.de\/blog\/2018\/06\/11\/ausbau-des-audi-standorts-neckarsulm-fuer-erfolgreiche-zukunft\/#primaryimage"},"thumbnailUrl":"https:\/\/www.tts-freunde.de\/blog\/wp-content\/uploads\/2016\/10\/Audi-Forum-Neckarsulm.jpg","datePublished":"2018-06-11T16:58:02+00:00","dateModified":"2018-06-11T16:58:02+00:00","breadcrumb":{"@id":"https:\/\/www.tts-freunde.de\/blog\/2018\/06\/11\/ausbau-des-audi-standorts-neckarsulm-fuer-erfolgreiche-zukunft\/#breadcrumb"},"inLanguage":"de","potentialAction":[{"@type":"ReadAction","target":["https:\/\/www.tts-freunde.de\/blog\/2018\/06\/11\/ausbau-des-audi-standorts-neckarsulm-fuer-erfolgreiche-zukunft\/"]}]},{"@type":"ImageObject","inLanguage":"de","@id":"https:\/\/www.tts-freunde.de\/blog\/2018\/06\/11\/ausbau-des-audi-standorts-neckarsulm-fuer-erfolgreiche-zukunft\/#primaryimage","url":"https:\/\/www.tts-freunde.de\/blog\/wp-content\/uploads\/2016\/10\/Audi-Forum-Neckarsulm.jpg","contentUrl":"https:\/\/www.tts-freunde.de\/blog\/wp-content\/uploads\/2016\/10\/Audi-Forum-Neckarsulm.jpg","width":1160,"height":773,"caption":"Audi Forum Neckarsulm"},{"@type":"BreadcrumbList","@id":"https:\/\/www.tts-freunde.de\/blog\/2018\/06\/11\/ausbau-des-audi-standorts-neckarsulm-fuer-erfolgreiche-zukunft\/#breadcrumb","itemListElement":[{"@type":"ListItem","position":1,"name":"Home","item":"https:\/\/www.tts-freunde.de\/blog\/"},{"@type":"ListItem","position":2,"name":"Ausbau des Audi-Standorts Neckarsulm f\u00fcr erfolgreiche Zukunft"}]},{"@type":"WebSite","@id":"https:\/\/www.tts-freunde.de\/blog\/#website","url":"https:\/\/www.tts-freunde.de\/blog\/","name":"Audi Blog","description":"Deutscher Audi Blog - TTS-Freunde","publisher":{"@id":"https:\/\/www.tts-freunde.de\/blog\/#organization"},"potentialAction":[{"@type":"SearchAction","target":{"@type":"EntryPoint","urlTemplate":"https:\/\/www.tts-freunde.de\/blog\/?s={search_term_string}"},"query-input":"required name=search_term_string"}],"inLanguage":"de"},{"@type":"Organization","@id":"https:\/\/www.tts-freunde.de\/blog\/#organization","name":"Audi Blog","url":"https:\/\/www.tts-freunde.de\/blog\/","logo":{"@type":"ImageObject","inLanguage":"de","@id":"https:\/\/www.tts-freunde.de\/blog\/#\/schema\/logo\/image\/","url":"https:\/\/www.tts-freunde.de\/blog\/wp-content\/uploads\/2022\/12\/logo_2022.jpg","contentUrl":"https:\/\/www.tts-freunde.de\/blog\/wp-content\/uploads\/2022\/12\/logo_2022.jpg","width":240,"height":41,"caption":"Audi Blog"},"image":{"@id":"https:\/\/www.tts-freunde.de\/blog\/#\/schema\/logo\/image\/"}},{"@type":"Person","@id":"https:\/\/www.tts-freunde.de\/blog\/#\/schema\/person\/b67f6a54e98f013bd281dbe05514b701","name":"admin","image":{"@type":"ImageObject","inLanguage":"de","@id":"https:\/\/www.tts-freunde.de\/blog\/#\/schema\/person\/image\/","url":"https:\/\/secure.gravatar.com\/avatar\/08a4bd330e25056ddb430c28136b38a6?s=96&d=mm&r=g","contentUrl":"https:\/\/secure.gravatar.com\/avatar\/08a4bd330e25056ddb430c28136b38a6?s=96&d=mm&r=g","caption":"admin"},"sameAs":["http:\/\/www.tts-freunde.de"],"url":"https:\/\/www.tts-freunde.de\/blog\/author\/admin\/"}]}},"jetpack_sharing_enabled":true,"jetpack_featured_media_url":"https:\/\/www.tts-freunde.de\/blog\/wp-content\/uploads\/2016\/10\/Audi-Forum-Neckarsulm.jpg","jetpack_shortlink":"https:\/\/wp.me\/p67hWW-1e4","jetpack_likes_enabled":false,"jetpack-related-posts":[],"_links":{"self":[{"href":"https:\/\/www.tts-freunde.de\/blog\/wp-json\/wp\/v2\/posts\/4716"}],"collection":[{"href":"https:\/\/www.tts-freunde.de\/blog\/wp-json\/wp\/v2\/posts"}],"about":[{"href":"https:\/\/www.tts-freunde.de\/blog\/wp-json\/wp\/v2\/types\/post"}],"author":[{"embeddable":true,"href":"https:\/\/www.tts-freunde.de\/blog\/wp-json\/wp\/v2\/users\/1"}],"replies":[{"embeddable":true,"href":"https:\/\/www.tts-freunde.de\/blog\/wp-json\/wp\/v2\/comments?post=4716"}],"version-history":[{"count":1,"href":"https:\/\/www.tts-freunde.de\/blog\/wp-json\/wp\/v2\/posts\/4716\/revisions"}],"predecessor-version":[{"id":4717,"href":"https:\/\/www.tts-freunde.de\/blog\/wp-json\/wp\/v2\/posts\/4716\/revisions\/4717"}],"wp:featuredmedia":[{"embeddable":true,"href":"https:\/\/www.tts-freunde.de\/blog\/wp-json\/wp\/v2\/media\/3370"}],"wp:attachment":[{"href":"https:\/\/www.tts-freunde.de\/blog\/wp-json\/wp\/v2\/media?parent=4716"}],"wp:term":[{"taxonomy":"category","embeddable":true,"href":"https:\/\/www.tts-freunde.de\/blog\/wp-json\/wp\/v2\/categories?post=4716"},{"taxonomy":"post_tag","embeddable":true,"href":"https:\/\/www.tts-freunde.de\/blog\/wp-json\/wp\/v2\/tags?post=4716"}],"curies":[{"name":"wp","href":"https:\/\/api.w.org\/{rel}","templated":true}]}}