{"id":4795,"date":"2018-07-24T21:09:10","date_gmt":"2018-07-24T19:09:10","guid":{"rendered":"https:\/\/www.tts-freunde.de\/blog\/?p=4795"},"modified":"2018-07-24T21:09:10","modified_gmt":"2018-07-24T19:09:10","slug":"neue-aera-audi-hungaria-startet-serienproduktion-von-elektromotoren","status":"publish","type":"post","link":"https:\/\/www.tts-freunde.de\/blog\/2018\/07\/24\/neue-aera-audi-hungaria-startet-serienproduktion-von-elektromotoren\/","title":{"rendered":"Neue \u00c4ra: Audi Hungaria startet Serienproduktion von Elektromotoren"},"content":{"rendered":"<div class=\"page-row\">\n<div id=\"item-28a98058-63f0-455c-9071-50287d11738f\" class=\"page-item--topic-list\">\n<div class=\"topic-list\">\n<ul>\n<li>Produktion von Elektroantrieben ist ein wesentlicher Meilenstein auf dem Weg zur Elektromobilit\u00e4t<\/li>\n<li>Audi\u2011Produktionsvorstand Peter\u00a0K\u00f6ssler: \u201eElektromotorenfertigung hat strategische Bedeutung im Transformationsprozess des Unternehmens\u201c<\/li>\n<li>Achim\u00a0Heinfling, Vorsitzender des Vorstands von Audi\u00a0Hungaria: \u201e\u00dcbernehmen Vorreiterrolle in der Elektromotorenproduktion\u201c<\/li>\n<\/ul>\n<div class=\"page-row\">\n<div id=\"item-7c938f64-444e-495f-82c7-26879ad92687\" class=\"page-item--intro\">\n<div class=\"intro-text\">\n<p><a href=\"https:\/\/www.tts-freunde.de\/blog\/wp-content\/uploads\/2018\/07\/Audi-Hungaria.jpg\"><img loading=\"lazy\" decoding=\"async\" data-attachment-id=\"4796\" data-permalink=\"https:\/\/www.tts-freunde.de\/blog\/2018\/07\/24\/neue-aera-audi-hungaria-startet-serienproduktion-von-elektromotoren\/audi-hungaria-2\/\" data-orig-file=\"https:\/\/www.tts-freunde.de\/blog\/wp-content\/uploads\/2018\/07\/Audi-Hungaria.jpg\" data-orig-size=\"2400,1775\" data-comments-opened=\"0\" data-image-meta=\"{&quot;aperture&quot;:&quot;0&quot;,&quot;credit&quot;:&quot;&quot;,&quot;camera&quot;:&quot;&quot;,&quot;caption&quot;:&quot;&quot;,&quot;created_timestamp&quot;:&quot;0&quot;,&quot;copyright&quot;:&quot;&quot;,&quot;focal_length&quot;:&quot;0&quot;,&quot;iso&quot;:&quot;0&quot;,&quot;shutter_speed&quot;:&quot;0&quot;,&quot;title&quot;:&quot;&quot;,&quot;orientation&quot;:&quot;0&quot;}\" data-image-title=\"Audi Hungaria\" data-image-description=\"\" data-image-caption=\"\" data-medium-file=\"https:\/\/www.tts-freunde.de\/blog\/wp-content\/uploads\/2018\/07\/Audi-Hungaria-300x222.jpg\" data-large-file=\"https:\/\/www.tts-freunde.de\/blog\/wp-content\/uploads\/2018\/07\/Audi-Hungaria-1024x757.jpg\" tabindex=\"0\" role=\"button\" class=\"alignleft size-medium wp-image-4796\" src=\"https:\/\/www.tts-freunde.de\/blog\/wp-content\/uploads\/2018\/07\/Audi-Hungaria-300x222.jpg\" alt=\"\" width=\"300\" height=\"222\" srcset=\"https:\/\/www.tts-freunde.de\/blog\/wp-content\/uploads\/2018\/07\/Audi-Hungaria-300x222.jpg 300w, https:\/\/www.tts-freunde.de\/blog\/wp-content\/uploads\/2018\/07\/Audi-Hungaria-768x568.jpg 768w, https:\/\/www.tts-freunde.de\/blog\/wp-content\/uploads\/2018\/07\/Audi-Hungaria-1024x757.jpg 1024w, https:\/\/www.tts-freunde.de\/blog\/wp-content\/uploads\/2018\/07\/Audi-Hungaria-220x162.jpg 220w\" sizes=\"(max-width: 300px) 100vw, 300px\" \/><\/a>Bei Audi Hungaria beginnt eine neue \u00c4ra: Am Dienstag ist in Gy\u0151r die Serienproduktion von Elektroantrieben offiziell gestartet. Im Rahmen des symbolischen Akts haben P\u00e9ter Szijj\u00e1rt\u00f3, Minister f\u00fcr Au\u00dfenwirtschaft und Ausw\u00e4rtiges, Peter K\u00f6ssler, Vorstand Produktion und Logistik der AUDI AG, und Achim Heinfling, Vorsitzender des Vorstands der AUDI HUNGARIA Zrt., gemeinsam die Fertigungsanlagen in Betrieb genommen. Auf 8.500 Quadratmetern entstehen die E Antriebe nach einem neuartigen Produktionskonzept, der modularen Montage. F\u00fcr den Aufbau der E Motorenfertigung investierte das Unternehmen einen zweistelligen Millionenbetrag. Derzeit sind rund 100 Mitarbeiter in dem neuen Fachbereich besch\u00e4ftigt.<\/p>\n<\/div>\n<\/div>\n<\/div>\n<div class=\"page-row\">\n<div id=\"item-f0dfc61c-6e50-4bef-8517-e395ec245828\" class=\"page-item--text\">\n<div class=\"style-links-for-body-text\">\n<p>\u201eSeit 25\u00a0Jahren schreibt Audi\u00a0Hungaria die Wachstumsgeschichte der Vier\u00a0Ringe mit. Jetzt erschlie\u00dft unsere ungarische Tochter mit der Elektromotorenfertigung ein v\u00f6llig neues Kompetenzfeld. Dieses exklusive Know\u2011how macht Gy\u0151r zu unserem zentralen Werk f\u00fcr E\u2011Antriebe und verk\u00f6rpert unsere strategische Transformation hin zu einem nachhaltigen Mobilit\u00e4tsanbieter\u201c, sagte Peter\u00a0K\u00f6ssler, Vorstand Produktion und Logistik der AUDI\u00a0AG, w\u00e4hrend des symbolischen Akts.<\/p>\n<p>\u201eAudi\u00a0Hungaria \u00fcbernimmt eine Vorreiterrolle in der E\u2011Motorenproduktion. Die hohe Kompetenz und Motivation unserer Mitarbeiter macht mich stolz. Mit Engagement haben sie den Anlauf unseres neuen E\u2011Motors erfolgreich gestartet\u201c, sagte Achim\u00a0Heinfling, Vorsitzender des Vorstands der AUDI\u00a0HUNGARIA\u00a0Zrt. Die ersten E\u2011Antriebe von Audi\u00a0Hungaria kommen im Audi\u00a0<span class=\"nowrap\">e-tron<\/span> zum Einsatz. Er ist das erste rein elektrische Audi\u2011Modell und wird k\u00fcnftig im Audi\u2011Werk in Br\u00fcssel gebaut.<\/p>\n<p>F\u00fcr die Produktion der E\u2011Antriebe installierte Audi\u00a0Hungaria die innovativen Fertigungsanlagen und \u2011inseln innerhalb nur eines\u00a0Jahres. E\u2011Motorenentwicklung, Fertigungsplanung und Motorenanlaufzentrum in Gy\u0151r haben dabei eng zusammengearbeitet und die notwendigen Kompetenzen entwickelt. Die aktuelle Produktionskapazit\u00e4t liegt bei rund 400 elektrischen Achsantrieben pro\u00a0Tag und kann sukzessive erh\u00f6ht werden. Derzeit sind rund 100\u00a0Mitarbeiter im neuen Fachbereich besch\u00e4ftigt, bis Ende des Jahres werden es mehr als\u00a0130 sein. Die Produktion l\u00e4uft in einem Ein\u2011Schicht\u2011Betrieb, schon bald wird auf drei\u00a0Schichten\u00a0pro\u00a0Tag umgestellt.<\/p>\n<p>Der Elektromotor aus Gy\u0151r bietet zahlreiche Neuheiten. Beim Stator \u2013 einer der Kernkomponenten des E\u2011Motors \u2013 ist das Ziel, soviel des d\u00fcnnen Kupferlackdrahtes in das Rohteil einzubringen wie m\u00f6glich. Je enger die Wicklung, desto effizienter\u00a0die Leistungsentfaltung. Ein neuartiges Wickel\u2011 und Einziehzentrum bei Audi\u00a0Hungaria schafft es, die optimale Menge an Kupferlackdraht besonders kompakt zu wickeln und anschlie\u00dfend in das Rohteil einzubringen. Die Elektro\u2011Achse besteht aus weiteren gro\u00dfen Komponenten: zum Beispiel aus der\u00a0Leistungselektronik, die in einem eigenen Geh\u00e4use untergebracht ist, dem Getriebe sowie zwei\u00a0Flanschwellen, die die Kraft zu den R\u00e4dern \u00fcbertragen. F\u00fcr den Audi\u00a0<span class=\"nowrap\">e-tron<\/span> produzieren die Mitarbeiter je zwei\u00a0elektrische Achsantriebe, da in guter quattro\u2011Tradition sowohl Vorder\u2011 als auch Hinterachse angetrieben werden.<\/p>\n<p>Fertigungsanlagen, Roboter sowie Schraub\u2011 und Messstationen befinden sich auf festen Positionen, sind aber nicht durch ein lineares Band miteinander gekoppelt. Stattdessen produzieren die Mitarbeiter die Antriebe modular in Fertigungsinseln. Trotz einer vordefinierten Montagereihenfolge erm\u00f6glicht die modulare Anordnung verzweigte Wege und mehr Spielraum im Produktionsprozess. Den Teiletransport zu den Arbeitsstationen erledigen fahrerlose Transportfahrzeuge, gesteuert von einem intelligenten IT\u2011System.<\/p>\n<p>Parallel zu den Fertigungsanlagen hat Audi\u00a0Hungaria in der Motorenentwicklung drei\u00a0E\u2011Motorenpr\u00fcfst\u00e4nde zur Erprobung und f\u00fcr den Dauerlast\u2011Betrieb installiert.\u00a0Die Mitarbeiter haben sich im Fertigungstechnologiezentrum f\u00fcr E\u2011Motoren zu Elektro\u2011Experten weitergebildet.<\/p>\n<p>Audi Hungaria fertigte im vergangenen Jahr 1.965.165\u00a0Motoren. Damit ist das Unternehmen einer der weltweit gr\u00f6\u00dften Motorenproduzenten. Im Werk in Gy\u0151r wurden 2017 sechs\u00a0verschiedene Otto\u2011 und drei\u00a0verschiedene Dieselmotorvarianten mit einem Leistungsspektrum von 63\u00a0kW (86\u00a0PS) bis 470\u00a0kW (639\u00a0PS) produziert. Rund 6.000\u00a0Mitarbeiter fertigten pro\u00a0Tag rund 9.000\u00a0Motoren f\u00fcr 32\u00a0Produktionsstandorte des Volkswagen\u2011Konzerns.<\/p>\n<\/div>\n<\/div>\n<\/div>\n<\/div>\n<\/div>\n<\/div>\n","protected":false},"excerpt":{"rendered":"<p>Produktion von Elektroantrieben ist ein wesentlicher Meilenstein auf dem Weg zur Elektromobilit\u00e4t Audi\u2011Produktionsvorstand Peter\u00a0K\u00f6ssler: \u201eElektromotorenfertigung hat strategische Bedeutung im Transformationsprozess des Unternehmens\u201c Achim\u00a0Heinfling, Vorsitzender des Vorstands von Audi\u00a0Hungaria: \u201e\u00dcbernehmen Vorreiterrolle in der Elektromotorenproduktion\u201c Bei Audi Hungaria beginnt eine neue \u00c4ra: Am Dienstag ist in Gy\u0151r die Serienproduktion von Elektroantrieben offiziell [&hellip;]<\/p>\n","protected":false},"author":1,"featured_media":4796,"comment_status":"closed","ping_status":"open","sticky":false,"template":"","format":"standard","meta":{"jetpack_post_was_ever_published":false,"_jetpack_newsletter_access":"","_jetpack_dont_email_post_to_subs":false,"_jetpack_newsletter_tier_id":0,"_jetpack_memberships_contains_paywalled_content":false,"_jetpack_memberships_contains_paid_content":false,"footnotes":"","jetpack_publicize_message":"Neue \u00c4ra: #Audi Hungaria startet Serienproduktion von Elektromotoren #etron","jetpack_publicize_feature_enabled":true,"jetpack_social_post_already_shared":true,"jetpack_social_options":{"image_generator_settings":{"template":"highway","enabled":false},"version":2}},"categories":[16],"tags":[],"class_list":["post-4795","post","type-post","status-publish","format-standard","has-post-thumbnail","hentry","category-audi-ag"],"wppr_data":{"cwp_meta_box_check":"No"},"jetpack_publicize_connections":[],"yoast_head":"<!-- This site is optimized with the Yoast SEO plugin v23.3 - https:\/\/yoast.com\/wordpress\/plugins\/seo\/ -->\n<title>Neue \u00c4ra: Audi Hungaria startet Serienproduktion von Elektromotoren - Audi Blog<\/title>\n<meta name=\"robots\" content=\"index, follow, max-snippet:-1, max-image-preview:large, max-video-preview:-1\" \/>\n<link rel=\"canonical\" href=\"https:\/\/www.tts-freunde.de\/blog\/2018\/07\/24\/neue-aera-audi-hungaria-startet-serienproduktion-von-elektromotoren\/\" \/>\n<meta property=\"og:locale\" content=\"de_DE\" \/>\n<meta property=\"og:type\" content=\"article\" \/>\n<meta property=\"og:title\" content=\"Neue \u00c4ra: Audi Hungaria startet Serienproduktion von Elektromotoren - Audi Blog\" \/>\n<meta property=\"og:description\" content=\"Produktion von Elektroantrieben ist ein wesentlicher Meilenstein auf dem Weg zur Elektromobilit\u00e4t Audi\u2011Produktionsvorstand Peter\u00a0K\u00f6ssler: \u201eElektromotorenfertigung hat strategische Bedeutung im Transformationsprozess des Unternehmens\u201c Achim\u00a0Heinfling, Vorsitzender des Vorstands von Audi\u00a0Hungaria: \u201e\u00dcbernehmen Vorreiterrolle in der Elektromotorenproduktion\u201c Bei Audi Hungaria beginnt eine neue \u00c4ra: Am Dienstag ist in Gy\u0151r die Serienproduktion von Elektroantrieben offiziell [&hellip;]\" \/>\n<meta property=\"og:url\" content=\"https:\/\/www.tts-freunde.de\/blog\/2018\/07\/24\/neue-aera-audi-hungaria-startet-serienproduktion-von-elektromotoren\/\" \/>\n<meta property=\"og:site_name\" content=\"Audi Blog\" \/>\n<meta property=\"article:published_time\" content=\"2018-07-24T19:09:10+00:00\" \/>\n<meta property=\"og:image\" content=\"https:\/\/www.tts-freunde.de\/blog\/wp-content\/uploads\/2018\/07\/Audi-Hungaria.jpg\" \/>\n\t<meta property=\"og:image:width\" content=\"2400\" \/>\n\t<meta property=\"og:image:height\" content=\"1775\" \/>\n\t<meta property=\"og:image:type\" content=\"image\/jpeg\" \/>\n<meta name=\"author\" content=\"admin\" \/>\n<meta name=\"twitter:card\" content=\"summary_large_image\" \/>\n<meta name=\"twitter:label1\" content=\"Verfasst von\" \/>\n\t<meta name=\"twitter:data1\" content=\"admin\" \/>\n\t<meta name=\"twitter:label2\" content=\"Gesch\u00e4tzte Lesezeit\" \/>\n\t<meta name=\"twitter:data2\" content=\"3\u00a0Minuten\" \/>\n<script type=\"application\/ld+json\" class=\"yoast-schema-graph\">{\"@context\":\"https:\/\/schema.org\",\"@graph\":[{\"@type\":\"Article\",\"@id\":\"https:\/\/www.tts-freunde.de\/blog\/2018\/07\/24\/neue-aera-audi-hungaria-startet-serienproduktion-von-elektromotoren\/#article\",\"isPartOf\":{\"@id\":\"https:\/\/www.tts-freunde.de\/blog\/2018\/07\/24\/neue-aera-audi-hungaria-startet-serienproduktion-von-elektromotoren\/\"},\"author\":{\"name\":\"admin\",\"@id\":\"https:\/\/www.tts-freunde.de\/blog\/#\/schema\/person\/b67f6a54e98f013bd281dbe05514b701\"},\"headline\":\"Neue \u00c4ra: Audi Hungaria startet Serienproduktion von Elektromotoren\",\"datePublished\":\"2018-07-24T19:09:10+00:00\",\"dateModified\":\"2018-07-24T19:09:10+00:00\",\"mainEntityOfPage\":{\"@id\":\"https:\/\/www.tts-freunde.de\/blog\/2018\/07\/24\/neue-aera-audi-hungaria-startet-serienproduktion-von-elektromotoren\/\"},\"wordCount\":650,\"publisher\":{\"@id\":\"https:\/\/www.tts-freunde.de\/blog\/#organization\"},\"image\":{\"@id\":\"https:\/\/www.tts-freunde.de\/blog\/2018\/07\/24\/neue-aera-audi-hungaria-startet-serienproduktion-von-elektromotoren\/#primaryimage\"},\"thumbnailUrl\":\"https:\/\/www.tts-freunde.de\/blog\/wp-content\/uploads\/2018\/07\/Audi-Hungaria.jpg\",\"articleSection\":[\"Audi AG\"],\"inLanguage\":\"de\"},{\"@type\":\"WebPage\",\"@id\":\"https:\/\/www.tts-freunde.de\/blog\/2018\/07\/24\/neue-aera-audi-hungaria-startet-serienproduktion-von-elektromotoren\/\",\"url\":\"https:\/\/www.tts-freunde.de\/blog\/2018\/07\/24\/neue-aera-audi-hungaria-startet-serienproduktion-von-elektromotoren\/\",\"name\":\"Neue \u00c4ra: Audi Hungaria startet Serienproduktion von Elektromotoren - Audi Blog\",\"isPartOf\":{\"@id\":\"https:\/\/www.tts-freunde.de\/blog\/#website\"},\"primaryImageOfPage\":{\"@id\":\"https:\/\/www.tts-freunde.de\/blog\/2018\/07\/24\/neue-aera-audi-hungaria-startet-serienproduktion-von-elektromotoren\/#primaryimage\"},\"image\":{\"@id\":\"https:\/\/www.tts-freunde.de\/blog\/2018\/07\/24\/neue-aera-audi-hungaria-startet-serienproduktion-von-elektromotoren\/#primaryimage\"},\"thumbnailUrl\":\"https:\/\/www.tts-freunde.de\/blog\/wp-content\/uploads\/2018\/07\/Audi-Hungaria.jpg\",\"datePublished\":\"2018-07-24T19:09:10+00:00\",\"dateModified\":\"2018-07-24T19:09:10+00:00\",\"breadcrumb\":{\"@id\":\"https:\/\/www.tts-freunde.de\/blog\/2018\/07\/24\/neue-aera-audi-hungaria-startet-serienproduktion-von-elektromotoren\/#breadcrumb\"},\"inLanguage\":\"de\",\"potentialAction\":[{\"@type\":\"ReadAction\",\"target\":[\"https:\/\/www.tts-freunde.de\/blog\/2018\/07\/24\/neue-aera-audi-hungaria-startet-serienproduktion-von-elektromotoren\/\"]}]},{\"@type\":\"ImageObject\",\"inLanguage\":\"de\",\"@id\":\"https:\/\/www.tts-freunde.de\/blog\/2018\/07\/24\/neue-aera-audi-hungaria-startet-serienproduktion-von-elektromotoren\/#primaryimage\",\"url\":\"https:\/\/www.tts-freunde.de\/blog\/wp-content\/uploads\/2018\/07\/Audi-Hungaria.jpg\",\"contentUrl\":\"https:\/\/www.tts-freunde.de\/blog\/wp-content\/uploads\/2018\/07\/Audi-Hungaria.jpg\",\"width\":2400,\"height\":1775},{\"@type\":\"BreadcrumbList\",\"@id\":\"https:\/\/www.tts-freunde.de\/blog\/2018\/07\/24\/neue-aera-audi-hungaria-startet-serienproduktion-von-elektromotoren\/#breadcrumb\",\"itemListElement\":[{\"@type\":\"ListItem\",\"position\":1,\"name\":\"Home\",\"item\":\"https:\/\/www.tts-freunde.de\/blog\/\"},{\"@type\":\"ListItem\",\"position\":2,\"name\":\"Neue \u00c4ra: Audi Hungaria startet Serienproduktion von Elektromotoren\"}]},{\"@type\":\"WebSite\",\"@id\":\"https:\/\/www.tts-freunde.de\/blog\/#website\",\"url\":\"https:\/\/www.tts-freunde.de\/blog\/\",\"name\":\"Audi Blog\",\"description\":\"Deutscher Audi Blog - TTS-Freunde\",\"publisher\":{\"@id\":\"https:\/\/www.tts-freunde.de\/blog\/#organization\"},\"potentialAction\":[{\"@type\":\"SearchAction\",\"target\":{\"@type\":\"EntryPoint\",\"urlTemplate\":\"https:\/\/www.tts-freunde.de\/blog\/?s={search_term_string}\"},\"query-input\":\"required name=search_term_string\"}],\"inLanguage\":\"de\"},{\"@type\":\"Organization\",\"@id\":\"https:\/\/www.tts-freunde.de\/blog\/#organization\",\"name\":\"Audi Blog\",\"url\":\"https:\/\/www.tts-freunde.de\/blog\/\",\"logo\":{\"@type\":\"ImageObject\",\"inLanguage\":\"de\",\"@id\":\"https:\/\/www.tts-freunde.de\/blog\/#\/schema\/logo\/image\/\",\"url\":\"https:\/\/www.tts-freunde.de\/blog\/wp-content\/uploads\/2022\/12\/logo_2022.jpg\",\"contentUrl\":\"https:\/\/www.tts-freunde.de\/blog\/wp-content\/uploads\/2022\/12\/logo_2022.jpg\",\"width\":240,\"height\":41,\"caption\":\"Audi Blog\"},\"image\":{\"@id\":\"https:\/\/www.tts-freunde.de\/blog\/#\/schema\/logo\/image\/\"}},{\"@type\":\"Person\",\"@id\":\"https:\/\/www.tts-freunde.de\/blog\/#\/schema\/person\/b67f6a54e98f013bd281dbe05514b701\",\"name\":\"admin\",\"image\":{\"@type\":\"ImageObject\",\"inLanguage\":\"de\",\"@id\":\"https:\/\/www.tts-freunde.de\/blog\/#\/schema\/person\/image\/\",\"url\":\"https:\/\/secure.gravatar.com\/avatar\/08a4bd330e25056ddb430c28136b38a6?s=96&d=mm&r=g\",\"contentUrl\":\"https:\/\/secure.gravatar.com\/avatar\/08a4bd330e25056ddb430c28136b38a6?s=96&d=mm&r=g\",\"caption\":\"admin\"},\"sameAs\":[\"http:\/\/www.tts-freunde.de\"],\"url\":\"https:\/\/www.tts-freunde.de\/blog\/author\/admin\/\"}]}<\/script>\n<!-- \/ Yoast SEO plugin. -->","yoast_head_json":{"title":"Neue \u00c4ra: Audi Hungaria startet Serienproduktion von Elektromotoren - Audi Blog","robots":{"index":"index","follow":"follow","max-snippet":"max-snippet:-1","max-image-preview":"max-image-preview:large","max-video-preview":"max-video-preview:-1"},"canonical":"https:\/\/www.tts-freunde.de\/blog\/2018\/07\/24\/neue-aera-audi-hungaria-startet-serienproduktion-von-elektromotoren\/","og_locale":"de_DE","og_type":"article","og_title":"Neue \u00c4ra: Audi Hungaria startet Serienproduktion von Elektromotoren - Audi Blog","og_description":"Produktion von Elektroantrieben ist ein wesentlicher Meilenstein auf dem Weg zur Elektromobilit\u00e4t Audi\u2011Produktionsvorstand Peter\u00a0K\u00f6ssler: \u201eElektromotorenfertigung hat strategische Bedeutung im Transformationsprozess des Unternehmens\u201c Achim\u00a0Heinfling, Vorsitzender des Vorstands von Audi\u00a0Hungaria: \u201e\u00dcbernehmen Vorreiterrolle in der Elektromotorenproduktion\u201c Bei Audi Hungaria beginnt eine neue \u00c4ra: Am Dienstag ist in Gy\u0151r die Serienproduktion von Elektroantrieben offiziell [&hellip;]","og_url":"https:\/\/www.tts-freunde.de\/blog\/2018\/07\/24\/neue-aera-audi-hungaria-startet-serienproduktion-von-elektromotoren\/","og_site_name":"Audi Blog","article_published_time":"2018-07-24T19:09:10+00:00","og_image":[{"width":2400,"height":1775,"url":"https:\/\/www.tts-freunde.de\/blog\/wp-content\/uploads\/2018\/07\/Audi-Hungaria.jpg","type":"image\/jpeg"}],"author":"admin","twitter_card":"summary_large_image","twitter_misc":{"Verfasst von":"admin","Gesch\u00e4tzte Lesezeit":"3\u00a0Minuten"},"schema":{"@context":"https:\/\/schema.org","@graph":[{"@type":"Article","@id":"https:\/\/www.tts-freunde.de\/blog\/2018\/07\/24\/neue-aera-audi-hungaria-startet-serienproduktion-von-elektromotoren\/#article","isPartOf":{"@id":"https:\/\/www.tts-freunde.de\/blog\/2018\/07\/24\/neue-aera-audi-hungaria-startet-serienproduktion-von-elektromotoren\/"},"author":{"name":"admin","@id":"https:\/\/www.tts-freunde.de\/blog\/#\/schema\/person\/b67f6a54e98f013bd281dbe05514b701"},"headline":"Neue \u00c4ra: Audi Hungaria startet Serienproduktion von Elektromotoren","datePublished":"2018-07-24T19:09:10+00:00","dateModified":"2018-07-24T19:09:10+00:00","mainEntityOfPage":{"@id":"https:\/\/www.tts-freunde.de\/blog\/2018\/07\/24\/neue-aera-audi-hungaria-startet-serienproduktion-von-elektromotoren\/"},"wordCount":650,"publisher":{"@id":"https:\/\/www.tts-freunde.de\/blog\/#organization"},"image":{"@id":"https:\/\/www.tts-freunde.de\/blog\/2018\/07\/24\/neue-aera-audi-hungaria-startet-serienproduktion-von-elektromotoren\/#primaryimage"},"thumbnailUrl":"https:\/\/www.tts-freunde.de\/blog\/wp-content\/uploads\/2018\/07\/Audi-Hungaria.jpg","articleSection":["Audi AG"],"inLanguage":"de"},{"@type":"WebPage","@id":"https:\/\/www.tts-freunde.de\/blog\/2018\/07\/24\/neue-aera-audi-hungaria-startet-serienproduktion-von-elektromotoren\/","url":"https:\/\/www.tts-freunde.de\/blog\/2018\/07\/24\/neue-aera-audi-hungaria-startet-serienproduktion-von-elektromotoren\/","name":"Neue \u00c4ra: Audi Hungaria startet Serienproduktion von Elektromotoren - Audi Blog","isPartOf":{"@id":"https:\/\/www.tts-freunde.de\/blog\/#website"},"primaryImageOfPage":{"@id":"https:\/\/www.tts-freunde.de\/blog\/2018\/07\/24\/neue-aera-audi-hungaria-startet-serienproduktion-von-elektromotoren\/#primaryimage"},"image":{"@id":"https:\/\/www.tts-freunde.de\/blog\/2018\/07\/24\/neue-aera-audi-hungaria-startet-serienproduktion-von-elektromotoren\/#primaryimage"},"thumbnailUrl":"https:\/\/www.tts-freunde.de\/blog\/wp-content\/uploads\/2018\/07\/Audi-Hungaria.jpg","datePublished":"2018-07-24T19:09:10+00:00","dateModified":"2018-07-24T19:09:10+00:00","breadcrumb":{"@id":"https:\/\/www.tts-freunde.de\/blog\/2018\/07\/24\/neue-aera-audi-hungaria-startet-serienproduktion-von-elektromotoren\/#breadcrumb"},"inLanguage":"de","potentialAction":[{"@type":"ReadAction","target":["https:\/\/www.tts-freunde.de\/blog\/2018\/07\/24\/neue-aera-audi-hungaria-startet-serienproduktion-von-elektromotoren\/"]}]},{"@type":"ImageObject","inLanguage":"de","@id":"https:\/\/www.tts-freunde.de\/blog\/2018\/07\/24\/neue-aera-audi-hungaria-startet-serienproduktion-von-elektromotoren\/#primaryimage","url":"https:\/\/www.tts-freunde.de\/blog\/wp-content\/uploads\/2018\/07\/Audi-Hungaria.jpg","contentUrl":"https:\/\/www.tts-freunde.de\/blog\/wp-content\/uploads\/2018\/07\/Audi-Hungaria.jpg","width":2400,"height":1775},{"@type":"BreadcrumbList","@id":"https:\/\/www.tts-freunde.de\/blog\/2018\/07\/24\/neue-aera-audi-hungaria-startet-serienproduktion-von-elektromotoren\/#breadcrumb","itemListElement":[{"@type":"ListItem","position":1,"name":"Home","item":"https:\/\/www.tts-freunde.de\/blog\/"},{"@type":"ListItem","position":2,"name":"Neue \u00c4ra: Audi Hungaria startet Serienproduktion von Elektromotoren"}]},{"@type":"WebSite","@id":"https:\/\/www.tts-freunde.de\/blog\/#website","url":"https:\/\/www.tts-freunde.de\/blog\/","name":"Audi Blog","description":"Deutscher Audi Blog - TTS-Freunde","publisher":{"@id":"https:\/\/www.tts-freunde.de\/blog\/#organization"},"potentialAction":[{"@type":"SearchAction","target":{"@type":"EntryPoint","urlTemplate":"https:\/\/www.tts-freunde.de\/blog\/?s={search_term_string}"},"query-input":"required name=search_term_string"}],"inLanguage":"de"},{"@type":"Organization","@id":"https:\/\/www.tts-freunde.de\/blog\/#organization","name":"Audi Blog","url":"https:\/\/www.tts-freunde.de\/blog\/","logo":{"@type":"ImageObject","inLanguage":"de","@id":"https:\/\/www.tts-freunde.de\/blog\/#\/schema\/logo\/image\/","url":"https:\/\/www.tts-freunde.de\/blog\/wp-content\/uploads\/2022\/12\/logo_2022.jpg","contentUrl":"https:\/\/www.tts-freunde.de\/blog\/wp-content\/uploads\/2022\/12\/logo_2022.jpg","width":240,"height":41,"caption":"Audi Blog"},"image":{"@id":"https:\/\/www.tts-freunde.de\/blog\/#\/schema\/logo\/image\/"}},{"@type":"Person","@id":"https:\/\/www.tts-freunde.de\/blog\/#\/schema\/person\/b67f6a54e98f013bd281dbe05514b701","name":"admin","image":{"@type":"ImageObject","inLanguage":"de","@id":"https:\/\/www.tts-freunde.de\/blog\/#\/schema\/person\/image\/","url":"https:\/\/secure.gravatar.com\/avatar\/08a4bd330e25056ddb430c28136b38a6?s=96&d=mm&r=g","contentUrl":"https:\/\/secure.gravatar.com\/avatar\/08a4bd330e25056ddb430c28136b38a6?s=96&d=mm&r=g","caption":"admin"},"sameAs":["http:\/\/www.tts-freunde.de"],"url":"https:\/\/www.tts-freunde.de\/blog\/author\/admin\/"}]}},"jetpack_sharing_enabled":true,"jetpack_featured_media_url":"https:\/\/www.tts-freunde.de\/blog\/wp-content\/uploads\/2018\/07\/Audi-Hungaria.jpg","jetpack_shortlink":"https:\/\/wp.me\/p67hWW-1fl","jetpack_likes_enabled":false,"jetpack-related-posts":[],"_links":{"self":[{"href":"https:\/\/www.tts-freunde.de\/blog\/wp-json\/wp\/v2\/posts\/4795"}],"collection":[{"href":"https:\/\/www.tts-freunde.de\/blog\/wp-json\/wp\/v2\/posts"}],"about":[{"href":"https:\/\/www.tts-freunde.de\/blog\/wp-json\/wp\/v2\/types\/post"}],"author":[{"embeddable":true,"href":"https:\/\/www.tts-freunde.de\/blog\/wp-json\/wp\/v2\/users\/1"}],"replies":[{"embeddable":true,"href":"https:\/\/www.tts-freunde.de\/blog\/wp-json\/wp\/v2\/comments?post=4795"}],"version-history":[{"count":1,"href":"https:\/\/www.tts-freunde.de\/blog\/wp-json\/wp\/v2\/posts\/4795\/revisions"}],"predecessor-version":[{"id":4797,"href":"https:\/\/www.tts-freunde.de\/blog\/wp-json\/wp\/v2\/posts\/4795\/revisions\/4797"}],"wp:featuredmedia":[{"embeddable":true,"href":"https:\/\/www.tts-freunde.de\/blog\/wp-json\/wp\/v2\/media\/4796"}],"wp:attachment":[{"href":"https:\/\/www.tts-freunde.de\/blog\/wp-json\/wp\/v2\/media?parent=4795"}],"wp:term":[{"taxonomy":"category","embeddable":true,"href":"https:\/\/www.tts-freunde.de\/blog\/wp-json\/wp\/v2\/categories?post=4795"},{"taxonomy":"post_tag","embeddable":true,"href":"https:\/\/www.tts-freunde.de\/blog\/wp-json\/wp\/v2\/tags?post=4795"}],"curies":[{"name":"wp","href":"https:\/\/api.w.org\/{rel}","templated":true}]}}