{"id":4978,"date":"2019-01-21T19:27:07","date_gmt":"2019-01-21T18:27:07","guid":{"rendered":"https:\/\/www.tts-freunde.de\/blog\/?p=4978"},"modified":"2019-01-21T19:27:07","modified_gmt":"2019-01-21T18:27:07","slug":"audi-schliesst-2018-mit-rund-1-812-500-verkauften-automobilen-ab","status":"publish","type":"post","link":"https:\/\/www.tts-freunde.de\/blog\/2019\/01\/21\/audi-schliesst-2018-mit-rund-1-812-500-verkauften-automobilen-ab\/","title":{"rendered":"Audi schlie\u00dft 2018 mit rund 1.812.500 verkauften Automobilen ab"},"content":{"rendered":"<div id=\"item-053f2b29-a1bf-4fc5-af81-73b29579126c\" class=\"page-item--column col-sm-4\">\n<div class=\"custom-padding\">\n<div class=\"page-row\">\n<div id=\"item-65e691b6-33d3-4a8a-ad54-a04315a92155\" class=\"page-item--topic-list\">\n<div class=\"topic-list\">\n<ul>\n<li>Nach schwierigen Rahmenbedingungen Jahresabschluss mit minus 3,5\u00a0Prozent<\/li>\n<li>Vier Ringe erneut Premium-Marktf\u00fchrer in China<\/li>\n<li>Audi-CEO Bram Schot: \u201eBereiten uns nach anspruchsvollem Jahr auf neue Herausforderungen vor\u201c<\/li>\n<\/ul>\n<div class=\"page-row\">\n<div id=\"item-c7473769-5c77-43b4-9057-5d1204750c7a\" class=\"page-item--intro\">\n<div class=\"intro-text\">\n<p><a href=\"https:\/\/www.tts-freunde.de\/blog\/wp-content\/uploads\/2018\/06\/Das-Audi-Forum-Ingolstadt.jpg\"><img loading=\"lazy\" decoding=\"async\" data-attachment-id=\"4728\" data-permalink=\"https:\/\/www.tts-freunde.de\/blog\/2018\/06\/18\/audi-arbeitet-weiter-mit-hochdruck-an-systematischem-mess-und-pruefprogramm\/das-audi-forum-ingolstadt\/\" data-orig-file=\"https:\/\/www.tts-freunde.de\/blog\/wp-content\/uploads\/2018\/06\/Das-Audi-Forum-Ingolstadt.jpg\" data-orig-size=\"2400,1600\" data-comments-opened=\"0\" data-image-meta=\"{&quot;aperture&quot;:&quot;0&quot;,&quot;credit&quot;:&quot;&quot;,&quot;camera&quot;:&quot;&quot;,&quot;caption&quot;:&quot;&quot;,&quot;created_timestamp&quot;:&quot;0&quot;,&quot;copyright&quot;:&quot;&quot;,&quot;focal_length&quot;:&quot;0&quot;,&quot;iso&quot;:&quot;0&quot;,&quot;shutter_speed&quot;:&quot;0&quot;,&quot;title&quot;:&quot;&quot;,&quot;orientation&quot;:&quot;0&quot;}\" data-image-title=\"Das Audi Forum Ingolstadt\" data-image-description=\"\" data-image-caption=\"\" data-medium-file=\"https:\/\/www.tts-freunde.de\/blog\/wp-content\/uploads\/2018\/06\/Das-Audi-Forum-Ingolstadt-300x200.jpg\" data-large-file=\"https:\/\/www.tts-freunde.de\/blog\/wp-content\/uploads\/2018\/06\/Das-Audi-Forum-Ingolstadt-1024x683.jpg\" tabindex=\"0\" role=\"button\" class=\"alignleft size-medium wp-image-4728\" src=\"https:\/\/www.tts-freunde.de\/blog\/wp-content\/uploads\/2018\/06\/Das-Audi-Forum-Ingolstadt-300x200.jpg\" alt=\"\" width=\"300\" height=\"200\" srcset=\"https:\/\/www.tts-freunde.de\/blog\/wp-content\/uploads\/2018\/06\/Das-Audi-Forum-Ingolstadt-300x200.jpg 300w, https:\/\/www.tts-freunde.de\/blog\/wp-content\/uploads\/2018\/06\/Das-Audi-Forum-Ingolstadt-768x512.jpg 768w, https:\/\/www.tts-freunde.de\/blog\/wp-content\/uploads\/2018\/06\/Das-Audi-Forum-Ingolstadt-1024x683.jpg 1024w\" sizes=\"(max-width: 300px) 100vw, 300px\" \/><\/a>Audi hat 2018 weltweit rund 1.812.500 Automobile an Kunden \u00fcbergeben, das sind 3,5 Prozent weniger als im Vorjahr. In Europa gingen die Verk\u00e4ufe in den vergangenen zw\u00f6lf Monaten um 13,6 Prozent zur\u00fcck. Auf dem Heimatkontinent hatte Audi unter anderem mit wichtigen Modellwechseln bei A1, A6, A7 und Q3 seit Jahresbeginn fast ein Drittel seiner Auslieferungen ausgetauscht. In China best\u00e4tigten die Ingolst\u00e4dter ihre Position als erfolgreichste Premiummarke bereits das 30. Jahr in Folge. In Nordamerika schloss das Unternehmen auf dem Niveau des Vorjahres ab (-0,9%). Im Dezember entschieden sich weltweit rund 154.550 Kunden f\u00fcr einen Audi, minus 14,3 Prozent.<\/p>\n<\/div>\n<\/div>\n<\/div>\n<div class=\"page-row\">\n<div id=\"item-a514cfb6-9d28-4458-a4ca-e878b141c778\" class=\"page-item--text\">\n<div class=\"style-links-for-body-text\">\n<p>\u201e2018 ist, wie erwartet, sehr anspruchsvoll verlaufen mit der gr\u00f6\u00dften Modell- und Technologie-Offensive der Audi-Geschichte \u2013 parallel zur Umstellung auf den neuen WLTP-Pr\u00fcfzyklus\u201c, sagt Bram Schot, Vorstandsvorsitzender und kommissarischer Vorstand f\u00fcr Vertrieb und Marketing der AUDI\u00a0AG. \u201eDie positive Resonanz auf unsere neuesten Modelle beweist die St\u00e4rke unserer Marke, gleichzeitig bereiten wir uns auf die neuen Herausforderungen in diesem Jahr vor.\u201c<\/p>\n<p>In <strong>China<\/strong> beendete Audi das Jahr wieder mit einer neuen Bestmarke: 663.049 verkaufte Automobile stehen f\u00fcr ein Plus von 10,9\u00a0Prozent.\u00a0Das Verkaufsvolumen hat sich seit 2008 mehr als verf\u00fcnffacht. 2018 registrierten die Vier Ringe vor allem bei den lokal gefertigten Premiummodellen A4\u00a0L (+42,6% auf 163.279 Autos) und A3 (+12,7% auf 91.173 Autos) eine stark ansteigende Nachfrage. Mit der Neuauflage des Oberklasse-Flaggschiffs A8\u00a0L verkaufte das Unternehmen 2018 mehr als 10.000 Einheiten (+4,0%). Seit Oktober erg\u00e4nzt au\u00dferdem eine china-spezifische Langversion des Q2 das lokale Portfolio; sie richtet sich besonders an junge Kunden. 2019 werden weitere Highlights bei den H\u00e4ndlern im Reich der Mitte eintreffen: Die Markteinf\u00fchrung des neuen A6\u00a0L steht kurz bevor. Mit dem Audi Q2\u00a0L\u00a0<span class=\"nowrap\">e-tron<\/span> als erstes lokal produziertes Elektroauto und dem Audi\u00a0<span class=\"nowrap\">e-tron<\/span> als Importmodell wird Audi in der zweiten Jahresh\u00e4lfte zudem eine wichtige Wegmarke f\u00fcr die Elektrifizierung des chinesischen Modellangebots setzen.<\/p>\n<p>Modellwechsel, zahlreiche politische und wirtschaftliche Unsicherheiten sowie die Umstellung auf den neuen WLTP-Pr\u00fcfzyklus pr\u00e4gten 2018 das Gesch\u00e4ft f\u00fcr Audi in<strong> Europa<\/strong>. \u00dcber alle Modelle sanken die Verk\u00e4ufe auf dem Heimatkontinent im Gesamtjahr um 13,6\u00a0Prozent auf rund 743.600 Einheiten. Positiv entwickelte sich der A7, der seit Januar um 47,4\u00a0Prozent auf rund 10.100 Einheiten zulegte. Mit rund 16.000 Vorreservierungen sorgte au\u00dferdem der\u00a0Audi\u00a0<span class=\"nowrap\">e-tron<\/span>\u00a0f\u00fcr Furore bei den europ\u00e4ischen Kunden. Im Dezember nahmen rund 51.500 Kunden (-20,9%) in Europa den Schl\u00fcssel f\u00fcr einen Audi entgegen. Weiterhin arbeitet das Unternehmen mit Hochdruck an der Homologation seiner Modelle. So kehren Woche um Woche weitere Motor-Getriebe-Varianten in den Konfigurator zur\u00fcck und sind wieder bestellbar.<\/p>\n<p>In den <strong>USA<\/strong> erreichte Audi auch 2018 ein hohes Verkaufsniveau und beendete das Jahr mit 223.323 Kunden leicht unter dem Vergleichswert 2017 (-1,4%). Kr\u00e4ftige Impulse setzt dort vor allem die Q-Familie. Die Nachfrage nach den sportlichen Gel\u00e4ndewagen steigerte sich \u00fcberdurchschnittlich um 8,3\u00a0Prozent auf 126.252 Einheiten. Erstmalig in der Geschichte von Audi of America machen die SUV-Verk\u00e4ufe 57\u00a0Prozent der Auslieferungen aus. Beliebtestes Q-Modell ist der Q5, dessen Nachfrage um \u00fcber 21\u00a0Prozent auf 69.978 Autos stieg.\u00a0<strong>Audi Canada<\/strong> profitierte ebenfalls vom SUV-Trend und verzeichnete eine neue Bestmarke (+2,5%\u00a0auf 36.908 Autos). Damit etablierte sich Kanada im dritten Jahr in Folge im Kreis der zehn gr\u00f6\u00dften M\u00e4rkte. In<strong> Nordamerika<\/strong> kn\u00fcpften die Auslieferungen im Gesamtjahr an das starke Niveau des Vorjahres an (-0,9% auf rund 275.000 Autos).<\/p>\n<p>[instagram-feed]<\/p>\n<\/div>\n<\/div>\n<\/div>\n<\/div>\n<\/div>\n<\/div>\n<\/div>\n<\/div>\n","protected":false},"excerpt":{"rendered":"<p>Nach schwierigen Rahmenbedingungen Jahresabschluss mit minus 3,5\u00a0Prozent Vier Ringe erneut Premium-Marktf\u00fchrer in China Audi-CEO Bram Schot: \u201eBereiten uns nach anspruchsvollem Jahr auf neue Herausforderungen vor\u201c Audi hat 2018 weltweit rund 1.812.500 Automobile an Kunden \u00fcbergeben, das sind 3,5 Prozent weniger als im Vorjahr. In Europa gingen die Verk\u00e4ufe in den [&hellip;]<\/p>\n","protected":false},"author":1,"featured_media":4817,"comment_status":"closed","ping_status":"open","sticky":false,"template":"","format":"standard","meta":{"jetpack_post_was_ever_published":false,"_jetpack_newsletter_access":"","_jetpack_dont_email_post_to_subs":false,"_jetpack_newsletter_tier_id":0,"_jetpack_memberships_contains_paywalled_content":false,"_jetpack_memberships_contains_paid_content":false,"footnotes":"","jetpack_publicize_message":"Audi schlie\u00dft 2018 mit rund 1.812.500 verkauften Automobilen ab","jetpack_publicize_feature_enabled":true,"jetpack_social_post_already_shared":true,"jetpack_social_options":{"image_generator_settings":{"template":"highway","enabled":false},"version":2}},"categories":[16],"tags":[],"class_list":["post-4978","post","type-post","status-publish","format-standard","has-post-thumbnail","hentry","category-audi-ag"],"wppr_data":{"cwp_meta_box_check":"No"},"jetpack_publicize_connections":[],"yoast_head":"<!-- This site is optimized with the Yoast SEO plugin v23.3 - https:\/\/yoast.com\/wordpress\/plugins\/seo\/ -->\n<title>Audi schlie\u00dft 2018 mit rund 1.812.500 verkauften Automobilen ab - Audi Blog<\/title>\n<meta name=\"robots\" content=\"index, follow, max-snippet:-1, max-image-preview:large, max-video-preview:-1\" \/>\n<link rel=\"canonical\" href=\"https:\/\/www.tts-freunde.de\/blog\/2019\/01\/21\/audi-schliesst-2018-mit-rund-1-812-500-verkauften-automobilen-ab\/\" \/>\n<meta property=\"og:locale\" content=\"de_DE\" \/>\n<meta property=\"og:type\" content=\"article\" \/>\n<meta property=\"og:title\" content=\"Audi schlie\u00dft 2018 mit rund 1.812.500 verkauften Automobilen ab - Audi Blog\" \/>\n<meta property=\"og:description\" content=\"Nach schwierigen Rahmenbedingungen Jahresabschluss mit minus 3,5\u00a0Prozent Vier Ringe erneut Premium-Marktf\u00fchrer in China Audi-CEO Bram Schot: \u201eBereiten uns nach anspruchsvollem Jahr auf neue Herausforderungen vor\u201c Audi hat 2018 weltweit rund 1.812.500 Automobile an Kunden \u00fcbergeben, das sind 3,5 Prozent weniger als im Vorjahr. In Europa gingen die Verk\u00e4ufe in den [&hellip;]\" \/>\n<meta property=\"og:url\" content=\"https:\/\/www.tts-freunde.de\/blog\/2019\/01\/21\/audi-schliesst-2018-mit-rund-1-812-500-verkauften-automobilen-ab\/\" \/>\n<meta property=\"og:site_name\" content=\"Audi Blog\" \/>\n<meta property=\"article:published_time\" content=\"2019-01-21T18:27:07+00:00\" \/>\n<meta property=\"og:image\" content=\"https:\/\/www.tts-freunde.de\/blog\/wp-content\/uploads\/2018\/08\/Audi-AG.jpg\" \/>\n\t<meta property=\"og:image:width\" content=\"2400\" \/>\n\t<meta property=\"og:image:height\" content=\"1600\" \/>\n\t<meta property=\"og:image:type\" content=\"image\/jpeg\" \/>\n<meta name=\"author\" content=\"admin\" \/>\n<meta name=\"twitter:card\" content=\"summary_large_image\" \/>\n<meta name=\"twitter:label1\" content=\"Verfasst von\" \/>\n\t<meta name=\"twitter:data1\" content=\"admin\" \/>\n\t<meta name=\"twitter:label2\" content=\"Gesch\u00e4tzte Lesezeit\" \/>\n\t<meta name=\"twitter:data2\" content=\"3\u00a0Minuten\" \/>\n<script type=\"application\/ld+json\" class=\"yoast-schema-graph\">{\"@context\":\"https:\/\/schema.org\",\"@graph\":[{\"@type\":\"Article\",\"@id\":\"https:\/\/www.tts-freunde.de\/blog\/2019\/01\/21\/audi-schliesst-2018-mit-rund-1-812-500-verkauften-automobilen-ab\/#article\",\"isPartOf\":{\"@id\":\"https:\/\/www.tts-freunde.de\/blog\/2019\/01\/21\/audi-schliesst-2018-mit-rund-1-812-500-verkauften-automobilen-ab\/\"},\"author\":{\"name\":\"admin\",\"@id\":\"https:\/\/www.tts-freunde.de\/blog\/#\/schema\/person\/b67f6a54e98f013bd281dbe05514b701\"},\"headline\":\"Audi schlie\u00dft 2018 mit rund 1.812.500 verkauften Automobilen ab\",\"datePublished\":\"2019-01-21T18:27:07+00:00\",\"dateModified\":\"2019-01-21T18:27:07+00:00\",\"mainEntityOfPage\":{\"@id\":\"https:\/\/www.tts-freunde.de\/blog\/2019\/01\/21\/audi-schliesst-2018-mit-rund-1-812-500-verkauften-automobilen-ab\/\"},\"wordCount\":575,\"publisher\":{\"@id\":\"https:\/\/www.tts-freunde.de\/blog\/#organization\"},\"image\":{\"@id\":\"https:\/\/www.tts-freunde.de\/blog\/2019\/01\/21\/audi-schliesst-2018-mit-rund-1-812-500-verkauften-automobilen-ab\/#primaryimage\"},\"thumbnailUrl\":\"https:\/\/www.tts-freunde.de\/blog\/wp-content\/uploads\/2018\/08\/Audi-AG.jpg\",\"articleSection\":[\"Audi AG\"],\"inLanguage\":\"de\"},{\"@type\":\"WebPage\",\"@id\":\"https:\/\/www.tts-freunde.de\/blog\/2019\/01\/21\/audi-schliesst-2018-mit-rund-1-812-500-verkauften-automobilen-ab\/\",\"url\":\"https:\/\/www.tts-freunde.de\/blog\/2019\/01\/21\/audi-schliesst-2018-mit-rund-1-812-500-verkauften-automobilen-ab\/\",\"name\":\"Audi schlie\u00dft 2018 mit rund 1.812.500 verkauften Automobilen ab - Audi Blog\",\"isPartOf\":{\"@id\":\"https:\/\/www.tts-freunde.de\/blog\/#website\"},\"primaryImageOfPage\":{\"@id\":\"https:\/\/www.tts-freunde.de\/blog\/2019\/01\/21\/audi-schliesst-2018-mit-rund-1-812-500-verkauften-automobilen-ab\/#primaryimage\"},\"image\":{\"@id\":\"https:\/\/www.tts-freunde.de\/blog\/2019\/01\/21\/audi-schliesst-2018-mit-rund-1-812-500-verkauften-automobilen-ab\/#primaryimage\"},\"thumbnailUrl\":\"https:\/\/www.tts-freunde.de\/blog\/wp-content\/uploads\/2018\/08\/Audi-AG.jpg\",\"datePublished\":\"2019-01-21T18:27:07+00:00\",\"dateModified\":\"2019-01-21T18:27:07+00:00\",\"breadcrumb\":{\"@id\":\"https:\/\/www.tts-freunde.de\/blog\/2019\/01\/21\/audi-schliesst-2018-mit-rund-1-812-500-verkauften-automobilen-ab\/#breadcrumb\"},\"inLanguage\":\"de\",\"potentialAction\":[{\"@type\":\"ReadAction\",\"target\":[\"https:\/\/www.tts-freunde.de\/blog\/2019\/01\/21\/audi-schliesst-2018-mit-rund-1-812-500-verkauften-automobilen-ab\/\"]}]},{\"@type\":\"ImageObject\",\"inLanguage\":\"de\",\"@id\":\"https:\/\/www.tts-freunde.de\/blog\/2019\/01\/21\/audi-schliesst-2018-mit-rund-1-812-500-verkauften-automobilen-ab\/#primaryimage\",\"url\":\"https:\/\/www.tts-freunde.de\/blog\/wp-content\/uploads\/2018\/08\/Audi-AG.jpg\",\"contentUrl\":\"https:\/\/www.tts-freunde.de\/blog\/wp-content\/uploads\/2018\/08\/Audi-AG.jpg\",\"width\":2400,\"height\":1600},{\"@type\":\"BreadcrumbList\",\"@id\":\"https:\/\/www.tts-freunde.de\/blog\/2019\/01\/21\/audi-schliesst-2018-mit-rund-1-812-500-verkauften-automobilen-ab\/#breadcrumb\",\"itemListElement\":[{\"@type\":\"ListItem\",\"position\":1,\"name\":\"Home\",\"item\":\"https:\/\/www.tts-freunde.de\/blog\/\"},{\"@type\":\"ListItem\",\"position\":2,\"name\":\"Audi schlie\u00dft 2018 mit rund 1.812.500 verkauften Automobilen ab\"}]},{\"@type\":\"WebSite\",\"@id\":\"https:\/\/www.tts-freunde.de\/blog\/#website\",\"url\":\"https:\/\/www.tts-freunde.de\/blog\/\",\"name\":\"Audi Blog\",\"description\":\"Deutscher Audi Blog - TTS-Freunde\",\"publisher\":{\"@id\":\"https:\/\/www.tts-freunde.de\/blog\/#organization\"},\"potentialAction\":[{\"@type\":\"SearchAction\",\"target\":{\"@type\":\"EntryPoint\",\"urlTemplate\":\"https:\/\/www.tts-freunde.de\/blog\/?s={search_term_string}\"},\"query-input\":\"required name=search_term_string\"}],\"inLanguage\":\"de\"},{\"@type\":\"Organization\",\"@id\":\"https:\/\/www.tts-freunde.de\/blog\/#organization\",\"name\":\"Audi Blog\",\"url\":\"https:\/\/www.tts-freunde.de\/blog\/\",\"logo\":{\"@type\":\"ImageObject\",\"inLanguage\":\"de\",\"@id\":\"https:\/\/www.tts-freunde.de\/blog\/#\/schema\/logo\/image\/\",\"url\":\"https:\/\/www.tts-freunde.de\/blog\/wp-content\/uploads\/2022\/12\/logo_2022.jpg\",\"contentUrl\":\"https:\/\/www.tts-freunde.de\/blog\/wp-content\/uploads\/2022\/12\/logo_2022.jpg\",\"width\":240,\"height\":41,\"caption\":\"Audi Blog\"},\"image\":{\"@id\":\"https:\/\/www.tts-freunde.de\/blog\/#\/schema\/logo\/image\/\"}},{\"@type\":\"Person\",\"@id\":\"https:\/\/www.tts-freunde.de\/blog\/#\/schema\/person\/b67f6a54e98f013bd281dbe05514b701\",\"name\":\"admin\",\"image\":{\"@type\":\"ImageObject\",\"inLanguage\":\"de\",\"@id\":\"https:\/\/www.tts-freunde.de\/blog\/#\/schema\/person\/image\/\",\"url\":\"https:\/\/secure.gravatar.com\/avatar\/08a4bd330e25056ddb430c28136b38a6?s=96&d=mm&r=g\",\"contentUrl\":\"https:\/\/secure.gravatar.com\/avatar\/08a4bd330e25056ddb430c28136b38a6?s=96&d=mm&r=g\",\"caption\":\"admin\"},\"sameAs\":[\"http:\/\/www.tts-freunde.de\"],\"url\":\"https:\/\/www.tts-freunde.de\/blog\/author\/admin\/\"}]}<\/script>\n<!-- \/ Yoast SEO plugin. -->","yoast_head_json":{"title":"Audi schlie\u00dft 2018 mit rund 1.812.500 verkauften Automobilen ab - Audi Blog","robots":{"index":"index","follow":"follow","max-snippet":"max-snippet:-1","max-image-preview":"max-image-preview:large","max-video-preview":"max-video-preview:-1"},"canonical":"https:\/\/www.tts-freunde.de\/blog\/2019\/01\/21\/audi-schliesst-2018-mit-rund-1-812-500-verkauften-automobilen-ab\/","og_locale":"de_DE","og_type":"article","og_title":"Audi schlie\u00dft 2018 mit rund 1.812.500 verkauften Automobilen ab - Audi Blog","og_description":"Nach schwierigen Rahmenbedingungen Jahresabschluss mit minus 3,5\u00a0Prozent Vier Ringe erneut Premium-Marktf\u00fchrer in China Audi-CEO Bram Schot: \u201eBereiten uns nach anspruchsvollem Jahr auf neue Herausforderungen vor\u201c Audi hat 2018 weltweit rund 1.812.500 Automobile an Kunden \u00fcbergeben, das sind 3,5 Prozent weniger als im Vorjahr. In Europa gingen die Verk\u00e4ufe in den [&hellip;]","og_url":"https:\/\/www.tts-freunde.de\/blog\/2019\/01\/21\/audi-schliesst-2018-mit-rund-1-812-500-verkauften-automobilen-ab\/","og_site_name":"Audi Blog","article_published_time":"2019-01-21T18:27:07+00:00","og_image":[{"width":2400,"height":1600,"url":"https:\/\/www.tts-freunde.de\/blog\/wp-content\/uploads\/2018\/08\/Audi-AG.jpg","type":"image\/jpeg"}],"author":"admin","twitter_card":"summary_large_image","twitter_misc":{"Verfasst von":"admin","Gesch\u00e4tzte Lesezeit":"3\u00a0Minuten"},"schema":{"@context":"https:\/\/schema.org","@graph":[{"@type":"Article","@id":"https:\/\/www.tts-freunde.de\/blog\/2019\/01\/21\/audi-schliesst-2018-mit-rund-1-812-500-verkauften-automobilen-ab\/#article","isPartOf":{"@id":"https:\/\/www.tts-freunde.de\/blog\/2019\/01\/21\/audi-schliesst-2018-mit-rund-1-812-500-verkauften-automobilen-ab\/"},"author":{"name":"admin","@id":"https:\/\/www.tts-freunde.de\/blog\/#\/schema\/person\/b67f6a54e98f013bd281dbe05514b701"},"headline":"Audi schlie\u00dft 2018 mit rund 1.812.500 verkauften Automobilen ab","datePublished":"2019-01-21T18:27:07+00:00","dateModified":"2019-01-21T18:27:07+00:00","mainEntityOfPage":{"@id":"https:\/\/www.tts-freunde.de\/blog\/2019\/01\/21\/audi-schliesst-2018-mit-rund-1-812-500-verkauften-automobilen-ab\/"},"wordCount":575,"publisher":{"@id":"https:\/\/www.tts-freunde.de\/blog\/#organization"},"image":{"@id":"https:\/\/www.tts-freunde.de\/blog\/2019\/01\/21\/audi-schliesst-2018-mit-rund-1-812-500-verkauften-automobilen-ab\/#primaryimage"},"thumbnailUrl":"https:\/\/www.tts-freunde.de\/blog\/wp-content\/uploads\/2018\/08\/Audi-AG.jpg","articleSection":["Audi AG"],"inLanguage":"de"},{"@type":"WebPage","@id":"https:\/\/www.tts-freunde.de\/blog\/2019\/01\/21\/audi-schliesst-2018-mit-rund-1-812-500-verkauften-automobilen-ab\/","url":"https:\/\/www.tts-freunde.de\/blog\/2019\/01\/21\/audi-schliesst-2018-mit-rund-1-812-500-verkauften-automobilen-ab\/","name":"Audi schlie\u00dft 2018 mit rund 1.812.500 verkauften Automobilen ab - Audi Blog","isPartOf":{"@id":"https:\/\/www.tts-freunde.de\/blog\/#website"},"primaryImageOfPage":{"@id":"https:\/\/www.tts-freunde.de\/blog\/2019\/01\/21\/audi-schliesst-2018-mit-rund-1-812-500-verkauften-automobilen-ab\/#primaryimage"},"image":{"@id":"https:\/\/www.tts-freunde.de\/blog\/2019\/01\/21\/audi-schliesst-2018-mit-rund-1-812-500-verkauften-automobilen-ab\/#primaryimage"},"thumbnailUrl":"https:\/\/www.tts-freunde.de\/blog\/wp-content\/uploads\/2018\/08\/Audi-AG.jpg","datePublished":"2019-01-21T18:27:07+00:00","dateModified":"2019-01-21T18:27:07+00:00","breadcrumb":{"@id":"https:\/\/www.tts-freunde.de\/blog\/2019\/01\/21\/audi-schliesst-2018-mit-rund-1-812-500-verkauften-automobilen-ab\/#breadcrumb"},"inLanguage":"de","potentialAction":[{"@type":"ReadAction","target":["https:\/\/www.tts-freunde.de\/blog\/2019\/01\/21\/audi-schliesst-2018-mit-rund-1-812-500-verkauften-automobilen-ab\/"]}]},{"@type":"ImageObject","inLanguage":"de","@id":"https:\/\/www.tts-freunde.de\/blog\/2019\/01\/21\/audi-schliesst-2018-mit-rund-1-812-500-verkauften-automobilen-ab\/#primaryimage","url":"https:\/\/www.tts-freunde.de\/blog\/wp-content\/uploads\/2018\/08\/Audi-AG.jpg","contentUrl":"https:\/\/www.tts-freunde.de\/blog\/wp-content\/uploads\/2018\/08\/Audi-AG.jpg","width":2400,"height":1600},{"@type":"BreadcrumbList","@id":"https:\/\/www.tts-freunde.de\/blog\/2019\/01\/21\/audi-schliesst-2018-mit-rund-1-812-500-verkauften-automobilen-ab\/#breadcrumb","itemListElement":[{"@type":"ListItem","position":1,"name":"Home","item":"https:\/\/www.tts-freunde.de\/blog\/"},{"@type":"ListItem","position":2,"name":"Audi schlie\u00dft 2018 mit rund 1.812.500 verkauften Automobilen ab"}]},{"@type":"WebSite","@id":"https:\/\/www.tts-freunde.de\/blog\/#website","url":"https:\/\/www.tts-freunde.de\/blog\/","name":"Audi Blog","description":"Deutscher Audi Blog - TTS-Freunde","publisher":{"@id":"https:\/\/www.tts-freunde.de\/blog\/#organization"},"potentialAction":[{"@type":"SearchAction","target":{"@type":"EntryPoint","urlTemplate":"https:\/\/www.tts-freunde.de\/blog\/?s={search_term_string}"},"query-input":"required name=search_term_string"}],"inLanguage":"de"},{"@type":"Organization","@id":"https:\/\/www.tts-freunde.de\/blog\/#organization","name":"Audi Blog","url":"https:\/\/www.tts-freunde.de\/blog\/","logo":{"@type":"ImageObject","inLanguage":"de","@id":"https:\/\/www.tts-freunde.de\/blog\/#\/schema\/logo\/image\/","url":"https:\/\/www.tts-freunde.de\/blog\/wp-content\/uploads\/2022\/12\/logo_2022.jpg","contentUrl":"https:\/\/www.tts-freunde.de\/blog\/wp-content\/uploads\/2022\/12\/logo_2022.jpg","width":240,"height":41,"caption":"Audi Blog"},"image":{"@id":"https:\/\/www.tts-freunde.de\/blog\/#\/schema\/logo\/image\/"}},{"@type":"Person","@id":"https:\/\/www.tts-freunde.de\/blog\/#\/schema\/person\/b67f6a54e98f013bd281dbe05514b701","name":"admin","image":{"@type":"ImageObject","inLanguage":"de","@id":"https:\/\/www.tts-freunde.de\/blog\/#\/schema\/person\/image\/","url":"https:\/\/secure.gravatar.com\/avatar\/08a4bd330e25056ddb430c28136b38a6?s=96&d=mm&r=g","contentUrl":"https:\/\/secure.gravatar.com\/avatar\/08a4bd330e25056ddb430c28136b38a6?s=96&d=mm&r=g","caption":"admin"},"sameAs":["http:\/\/www.tts-freunde.de"],"url":"https:\/\/www.tts-freunde.de\/blog\/author\/admin\/"}]}},"jetpack_sharing_enabled":true,"jetpack_featured_media_url":"https:\/\/www.tts-freunde.de\/blog\/wp-content\/uploads\/2018\/08\/Audi-AG.jpg","jetpack_shortlink":"https:\/\/wp.me\/p67hWW-1ii","jetpack_likes_enabled":false,"jetpack-related-posts":[],"_links":{"self":[{"href":"https:\/\/www.tts-freunde.de\/blog\/wp-json\/wp\/v2\/posts\/4978"}],"collection":[{"href":"https:\/\/www.tts-freunde.de\/blog\/wp-json\/wp\/v2\/posts"}],"about":[{"href":"https:\/\/www.tts-freunde.de\/blog\/wp-json\/wp\/v2\/types\/post"}],"author":[{"embeddable":true,"href":"https:\/\/www.tts-freunde.de\/blog\/wp-json\/wp\/v2\/users\/1"}],"replies":[{"embeddable":true,"href":"https:\/\/www.tts-freunde.de\/blog\/wp-json\/wp\/v2\/comments?post=4978"}],"version-history":[{"count":1,"href":"https:\/\/www.tts-freunde.de\/blog\/wp-json\/wp\/v2\/posts\/4978\/revisions"}],"predecessor-version":[{"id":4979,"href":"https:\/\/www.tts-freunde.de\/blog\/wp-json\/wp\/v2\/posts\/4978\/revisions\/4979"}],"wp:featuredmedia":[{"embeddable":true,"href":"https:\/\/www.tts-freunde.de\/blog\/wp-json\/wp\/v2\/media\/4817"}],"wp:attachment":[{"href":"https:\/\/www.tts-freunde.de\/blog\/wp-json\/wp\/v2\/media?parent=4978"}],"wp:term":[{"taxonomy":"category","embeddable":true,"href":"https:\/\/www.tts-freunde.de\/blog\/wp-json\/wp\/v2\/categories?post=4978"},{"taxonomy":"post_tag","embeddable":true,"href":"https:\/\/www.tts-freunde.de\/blog\/wp-json\/wp\/v2\/tags?post=4978"}],"curies":[{"name":"wp","href":"https:\/\/api.w.org\/{rel}","templated":true}]}}