{"id":5351,"date":"2020-04-03T18:51:24","date_gmt":"2020-04-03T16:51:24","guid":{"rendered":"https:\/\/www.tts-freunde.de\/blog\/?p=5351"},"modified":"2020-04-03T18:51:24","modified_gmt":"2020-04-03T16:51:24","slug":"auditogether-audi-stellt-in-corona-krise-fuenf-mio-euro-bereit","status":"publish","type":"post","link":"https:\/\/www.tts-freunde.de\/blog\/2020\/04\/03\/auditogether-audi-stellt-in-corona-krise-fuenf-mio-euro-bereit\/","title":{"rendered":"#AudiTogether: Audi stellt in Corona-Krise f\u00fcnf Mio. Euro bereit"},"content":{"rendered":"<div class=\"page-row\">\n<div id=\"item-6852b1b9-a206-4444-ba46-39a1800c6009\" class=\"page-item--topic-list\">\n<div class=\"topic-list\">\n<ul>\n<li>Viele Projekte auf nationaler und internationaler Ebene angesto\u00dfen<\/li>\n<li>Internationale Kampagne #AudiTogether und Live-Konzert am 14. April im Netz<\/li>\n<li>CEO Markus Duesmann: \u201eEs wird f\u00fcr die Audianer auch nach Krise weitergehen\u201c<\/li>\n<\/ul>\n<div class=\"page-row\">\n<div id=\"item-eef3b075-3d87-415b-9081-33380ee7720a\" class=\"page-item--intro\">\n<div class=\"intro-text\">\n<p>Wenn\u2019s drauf ankommt, r\u00fcckt die Welt zusammen: Audi unterst\u00fctzt in der Corona-Krise medizinische und soziale Einrichtungen in seinen Heimatregionen und leistet humanit\u00e4re Hilfe auf nationaler und internationaler Ebene. Daf\u00fcr stellt das Unternehmen f\u00fcnf Millionen Euro Soforthilfe bereit. Dieses Paket haben der Vorstand der AUDI AG und die Betriebsr\u00e4te an den Standorten Ingolstadt und Neckarsulm jetzt auf den Weg gebracht.<\/p>\n<\/div>\n<\/div>\n<\/div>\n<div class=\"page-row-spacer -intro\">\n<div id=\"attachment_5352\" style=\"width: 310px\" class=\"wp-caption alignleft\"><a href=\"https:\/\/www.tts-freunde.de\/blog\/wp-content\/uploads\/2020\/04\/audidaheim.jpg\"><img loading=\"lazy\" decoding=\"async\" aria-describedby=\"caption-attachment-5352\" data-attachment-id=\"5352\" data-permalink=\"https:\/\/www.tts-freunde.de\/blog\/2020\/04\/03\/auditogether-audi-stellt-in-corona-krise-fuenf-mio-euro-bereit\/auditogether\/\" data-orig-file=\"https:\/\/www.tts-freunde.de\/blog\/wp-content\/uploads\/2020\/04\/audidaheim.jpg\" data-orig-size=\"595,346\" data-comments-opened=\"0\" data-image-meta=\"{&quot;aperture&quot;:&quot;0&quot;,&quot;credit&quot;:&quot;&quot;,&quot;camera&quot;:&quot;&quot;,&quot;caption&quot;:&quot;Audi provides five million euros in corona crisis&quot;,&quot;created_timestamp&quot;:&quot;0&quot;,&quot;copyright&quot;:&quot;AUDI AG&quot;,&quot;focal_length&quot;:&quot;0&quot;,&quot;iso&quot;:&quot;0&quot;,&quot;shutter_speed&quot;:&quot;0&quot;,&quot;title&quot;:&quot;#AudiTogether&quot;,&quot;orientation&quot;:&quot;1&quot;}\" data-image-title=\"#AudiTogether\" data-image-description=\"\" data-image-caption=\"&lt;p&gt;Audi provides five million euros in corona crisis&lt;\/p&gt;\n\" data-medium-file=\"https:\/\/www.tts-freunde.de\/blog\/wp-content\/uploads\/2020\/04\/audidaheim-300x174.jpg\" data-large-file=\"https:\/\/www.tts-freunde.de\/blog\/wp-content\/uploads\/2020\/04\/audidaheim.jpg\" tabindex=\"0\" role=\"button\" class=\"size-medium wp-image-5352\" src=\"https:\/\/www.tts-freunde.de\/blog\/wp-content\/uploads\/2020\/04\/audidaheim-300x174.jpg\" alt=\"\" width=\"300\" height=\"174\" srcset=\"https:\/\/www.tts-freunde.de\/blog\/wp-content\/uploads\/2020\/04\/audidaheim-300x174.jpg 300w, https:\/\/www.tts-freunde.de\/blog\/wp-content\/uploads\/2020\/04\/audidaheim-50x29.jpg 50w, https:\/\/www.tts-freunde.de\/blog\/wp-content\/uploads\/2020\/04\/audidaheim.jpg 595w\" sizes=\"(max-width: 300px) 100vw, 300px\" \/><\/a><p id=\"caption-attachment-5352\" class=\"wp-caption-text\">Audi provides five million euros in corona crisis<\/p><\/div>\n<\/div>\n<div class=\"page-row\">\n<div id=\"item-c42e0af3-6c15-413b-8214-b03b026d7faa\" class=\"page-item--text\">\n<div class=\"text-block style-links-for-body-text\">\n<p>Markus Duesmann, seit 1. April neuer Vorstandsvorsitzender\u00a0der\u00a0AUDI\u00a0AG, sagt: \u201eDie Corona-Pandemie stellt uns alle weltweit vor extreme Herausforderungen \u2013 uns als Unternehmen und die Gesellschaft als Ganzes. Ich danke allen Audianerinnen und Audianern, die in dieser au\u00dfergew\u00f6hnlichen Zeit nach vorn schauen, mitanpacken und helfen, wo sie gebraucht werden. Danken m\u00f6chte ich auch all jenen, die den Gesch\u00e4ftsbetrieb an unseren Standorten weltweit aufrechterhalten. Ich bin \u00fcberzeugt: Es wird f\u00fcr die Audianer auch nach der Krise weitergehen. Im Moment z\u00e4hlt vor allem eins: die Gesundheit unserer Mitarbeiterinnen und Mitarbeiter, ihrer Familien und der Gesellschaft als Ganzes. Und daf\u00fcr m\u00fcssen wir die Infektionskurve abflachen.\u201c<\/p>\n<p>Peter Mosch, Gesamtbetriebsratsvorsitzender\u00a0der\u00a0AUDI\u00a0AG, erg\u00e4nzt: \u201eDie Bereitschaft in unserer Mannschaft, in der Corona-Krise zu helfen, ist enorm. Jeder will seinen Beitrag leisten, um eine sichere Zukunft nach der Krise mitzugestalten. Indem wir aktiv beim Thema Spendenvergabe mitarbeiten, kommen wir unserer gro\u00dfen Verantwortung gegen\u00fcber den Regionen unserer Standorte nach.\u201c Audianer_innen, die sich einbringen und tatkr\u00e4ftig unterst\u00fctzen wollen, k\u00f6nnen \u00fcber eine Audi-interne E-Mail-Adresse ihre Angebote und Anfragen einreichen. Dr.\u00a0Ute\u00a0R\u00f6ding, bei Audi verantwortlich f\u00fcr Corporate Citizenship: \u201eAlle Kolleginnen und Kollegen aus Neckarsulm und Ingolstadt k\u00f6nnen uns ihre Vorschl\u00e4ge \u00fcbermitteln, die wir zeitnah pr\u00fcfen und bewerten. Den ersten Anfragenden konnten wir bereits weiterhelfen.\u201c<\/p>\n<h2>Zahlreiche Geld- und Sachspenden an deutschen und internationalen Standorten<\/h2>\n<p>Erste gro\u00dfe Geldspenden sind bereits auf den Weg gebracht: Am Montag, 30.\u00a0M\u00e4rz, hat die AUDI\u00a0AG insgesamt 600.000\u00a0Euro an die Kliniken ihrer Heimatstandorte Ingolstadt und Neckarsulm \u00fcbergeben \u2013 dieses Geld ist \u201eon top\u201c zu den f\u00fcnf\u00a0Millionen Euro zu sehen. In Ingolstadt unterst\u00fctzt Audi jetzt auch die Challenge \u201esprint4local \u2013 Eine Woche f\u00fcr Ingolstadt\u201c. Initiiert vom Digitalen Gr\u00fcnderzentrum der Region Ingolstadt brigk und der IFG Ingolstadt haben hier Teilnehmer_innen vom 1.\u00a0bis 7.\u00a0April die M\u00f6glichkeit, Ideen virtuell zu entwickeln, wie die Region Ingolstadt die Herausforderungen der Krise bew\u00e4ltigen und somit gest\u00e4rkt aus dieser Zeit hervorgehen kann. Auch die internationalen Standorte des Audi-Konzerns unterst\u00fctzen in ihren Regionen vor Ort: Sie stellen unter anderem medizinische Ausr\u00fcstung zur Verf\u00fcgung \u2013 so wie zum Beispiel Audi Brussels oder Audi China. Audi Hungaria wird dem Gy\u0151rer Krankenhaus eine Geldspende zukommen lassen. Weitere Ma\u00dfnahmen werden im Moment an allen Standorten konkret ausgeplant.<\/p>\n<h2>Internationale Kampagne #AudiTogether und Solidarit\u00e4tskonzert als Streaming-Angebot<\/h2>\n<p>Die Geigerin Lisa\u00a0Batiashvili, k\u00fcnstlerische Leiterin der Audi Sommerkonzerte, wird am Dienstag, 14.\u00a0April, um 20\u00a0Uhr gemeinsam mit den renommierten Musiker_innen Maximilian Hornung, Fran\u00e7ois Leleux, Sarah Christian und Jano Lisboa ein exklusives Konzert bei Audi in Ingolstadt geben. Dieses Konzert wird auf der Facebook-Seite @Audi.AG und auf dem YouTube-Kanal @Audi \u00fcbertragen sowie auf <a href=\"http:\/\/www.audimedia.tv\/\" target=\"_blank\" rel=\"noopener nofollow noreferrer\">www.audimedia.tv<\/a> gestreamt, so dass alle Interessierten live im Internet dabei sein k\u00f6nnen. \u201eMusik verbindet Menschen\u201c, erkl\u00e4rt Batiashvili. \u201eMeinen Kollegen und mir ist es eine Herzensangelegenheit, in diesen Zeiten unsere Solidarit\u00e4t zu zeigen und zusammenzustehen.\u201c<\/p>\n<p>Unter dem Hashtag #AudiTogether zeigt die Marke mit den Vier Ringen in Zeiten der Corona-Krise aktuell weltweit Haltung als Unternehmen. Der Leitsatz \u201eWe are in this together\u201c steht dabei f\u00fcr die Zusammengeh\u00f6rigkeit der Marke, der Mitarbeiter_innen und der Audi-Fans \u00fcber alle M\u00e4rkte und Social-Media-Kan\u00e4le hinweg. Die Initiative wird flankiert von Aktionen zum Mitmachen: Den Anfang macht die sogenannte #FourRingsChallenge, bei der alle Interessierten die Audi-Ringe kreativ in Szene setzen k\u00f6nnen. In den n\u00e4chsten Tagen starten weitere Social-Media-Aktivit\u00e4ten auf den globalen Audi-Kan\u00e4len, unter anderem wird es auf Instagram mehrere Quartette rund um Features bei Audi\u00a0A3 und Audi <span class=\"nowrap\">e-tron<\/span> Sportback sowie einen speziellen Filter zur Frage \u201eWelcher Audi bist du?\u201c geben. Nach und nach mehr Details gibt es auf <a href=\"https:\/\/www.audi.com\/de\/audi-together.html\" target=\"_blank\" rel=\"noopener nofollow noreferrer\">audi.com\/AudiTogether<\/a> sowie auf Instagram: @audiofficial.<\/p>\n<\/div>\n<\/div>\n<\/div>\n<\/div>\n<\/div>\n<\/div>\n","protected":false},"excerpt":{"rendered":"<p>Viele Projekte auf nationaler und internationaler Ebene angesto\u00dfen Internationale Kampagne #AudiTogether und Live-Konzert am 14. April im Netz CEO Markus Duesmann: \u201eEs wird f\u00fcr die Audianer auch nach Krise weitergehen\u201c Wenn\u2019s drauf ankommt, r\u00fcckt die Welt zusammen: Audi unterst\u00fctzt in der Corona-Krise medizinische und soziale Einrichtungen in seinen Heimatregionen und [&hellip;]<\/p>\n","protected":false},"author":1,"featured_media":5352,"comment_status":"closed","ping_status":"open","sticky":false,"template":"","format":"standard","meta":{"jetpack_post_was_ever_published":false,"_jetpack_newsletter_access":"","_jetpack_dont_email_post_to_subs":false,"_jetpack_newsletter_tier_id":0,"_jetpack_memberships_contains_paywalled_content":false,"_jetpack_memberships_contains_paid_content":false,"footnotes":"","jetpack_publicize_message":"#AudiTogether  #Audi stellt in Corona-Krise f\u00fcnf Mio. Euro bereit","jetpack_publicize_feature_enabled":true,"jetpack_social_post_already_shared":true,"jetpack_social_options":{"image_generator_settings":{"template":"highway","enabled":false},"version":2}},"categories":[16],"tags":[],"class_list":["post-5351","post","type-post","status-publish","format-standard","has-post-thumbnail","hentry","category-audi-ag"],"wppr_data":{"cwp_meta_box_check":"No"},"jetpack_publicize_connections":[],"yoast_head":"<!-- This site is optimized with the Yoast SEO plugin v23.3 - https:\/\/yoast.com\/wordpress\/plugins\/seo\/ -->\n<title>#AudiTogether: Audi stellt in Corona-Krise f\u00fcnf Mio. Euro bereit - Audi Blog<\/title>\n<meta name=\"robots\" content=\"index, follow, max-snippet:-1, max-image-preview:large, max-video-preview:-1\" \/>\n<link rel=\"canonical\" href=\"https:\/\/www.audi-mediacenter.com\/de\/pressemitteilungen\/auditogetheraudi-stellt-in-corona-krise-fuenf-mio-euro-bereit-12727\" \/>\n<meta property=\"og:locale\" content=\"de_DE\" \/>\n<meta property=\"og:type\" content=\"article\" \/>\n<meta property=\"og:title\" content=\"#AudiTogether: Audi stellt in Corona-Krise f\u00fcnf Mio. Euro bereit - Audi Blog\" \/>\n<meta property=\"og:description\" content=\"Viele Projekte auf nationaler und internationaler Ebene angesto\u00dfen Internationale Kampagne #AudiTogether und Live-Konzert am 14. April im Netz CEO Markus Duesmann: \u201eEs wird f\u00fcr die Audianer auch nach Krise weitergehen\u201c Wenn\u2019s drauf ankommt, r\u00fcckt die Welt zusammen: Audi unterst\u00fctzt in der Corona-Krise medizinische und soziale Einrichtungen in seinen Heimatregionen und [&hellip;]\" \/>\n<meta property=\"og:url\" content=\"https:\/\/www.audi-mediacenter.com\/de\/pressemitteilungen\/auditogetheraudi-stellt-in-corona-krise-fuenf-mio-euro-bereit-12727\" \/>\n<meta property=\"og:site_name\" content=\"Audi Blog\" \/>\n<meta property=\"article:published_time\" content=\"2020-04-03T16:51:24+00:00\" \/>\n<meta property=\"og:image\" content=\"https:\/\/www.tts-freunde.de\/blog\/wp-content\/uploads\/2020\/04\/audidaheim.jpg\" \/>\n\t<meta property=\"og:image:width\" content=\"595\" \/>\n\t<meta property=\"og:image:height\" content=\"346\" \/>\n\t<meta property=\"og:image:type\" content=\"image\/jpeg\" \/>\n<meta name=\"author\" content=\"admin\" \/>\n<meta name=\"twitter:card\" content=\"summary_large_image\" \/>\n<meta name=\"twitter:label1\" content=\"Verfasst von\" \/>\n\t<meta name=\"twitter:data1\" content=\"admin\" \/>\n\t<meta name=\"twitter:label2\" content=\"Gesch\u00e4tzte Lesezeit\" \/>\n\t<meta name=\"twitter:data2\" content=\"4\u00a0Minuten\" \/>\n<script type=\"application\/ld+json\" class=\"yoast-schema-graph\">{\"@context\":\"https:\/\/schema.org\",\"@graph\":[{\"@type\":\"Article\",\"@id\":\"https:\/\/www.audi-mediacenter.com\/de\/pressemitteilungen\/auditogetheraudi-stellt-in-corona-krise-fuenf-mio-euro-bereit-12727#article\",\"isPartOf\":{\"@id\":\"https:\/\/www.tts-freunde.de\/blog\/2020\/04\/03\/auditogether-audi-stellt-in-corona-krise-fuenf-mio-euro-bereit\/\"},\"author\":{\"name\":\"admin\",\"@id\":\"https:\/\/www.tts-freunde.de\/blog\/#\/schema\/person\/b67f6a54e98f013bd281dbe05514b701\"},\"headline\":\"#AudiTogether: Audi stellt in Corona-Krise f\u00fcnf Mio. Euro bereit\",\"datePublished\":\"2020-04-03T16:51:24+00:00\",\"dateModified\":\"2020-04-03T16:51:24+00:00\",\"mainEntityOfPage\":{\"@id\":\"https:\/\/www.tts-freunde.de\/blog\/2020\/04\/03\/auditogether-audi-stellt-in-corona-krise-fuenf-mio-euro-bereit\/\"},\"wordCount\":750,\"publisher\":{\"@id\":\"https:\/\/www.tts-freunde.de\/blog\/#organization\"},\"image\":{\"@id\":\"https:\/\/www.audi-mediacenter.com\/de\/pressemitteilungen\/auditogetheraudi-stellt-in-corona-krise-fuenf-mio-euro-bereit-12727#primaryimage\"},\"thumbnailUrl\":\"https:\/\/www.tts-freunde.de\/blog\/wp-content\/uploads\/2020\/04\/audidaheim.jpg\",\"articleSection\":[\"Audi AG\"],\"inLanguage\":\"de\"},{\"@type\":\"WebPage\",\"@id\":\"https:\/\/www.tts-freunde.de\/blog\/2020\/04\/03\/auditogether-audi-stellt-in-corona-krise-fuenf-mio-euro-bereit\/\",\"url\":\"https:\/\/www.audi-mediacenter.com\/de\/pressemitteilungen\/auditogetheraudi-stellt-in-corona-krise-fuenf-mio-euro-bereit-12727\",\"name\":\"#AudiTogether: Audi stellt in Corona-Krise f\u00fcnf Mio. Euro bereit - Audi Blog\",\"isPartOf\":{\"@id\":\"https:\/\/www.tts-freunde.de\/blog\/#website\"},\"primaryImageOfPage\":{\"@id\":\"https:\/\/www.audi-mediacenter.com\/de\/pressemitteilungen\/auditogetheraudi-stellt-in-corona-krise-fuenf-mio-euro-bereit-12727#primaryimage\"},\"image\":{\"@id\":\"https:\/\/www.audi-mediacenter.com\/de\/pressemitteilungen\/auditogetheraudi-stellt-in-corona-krise-fuenf-mio-euro-bereit-12727#primaryimage\"},\"thumbnailUrl\":\"https:\/\/www.tts-freunde.de\/blog\/wp-content\/uploads\/2020\/04\/audidaheim.jpg\",\"datePublished\":\"2020-04-03T16:51:24+00:00\",\"dateModified\":\"2020-04-03T16:51:24+00:00\",\"breadcrumb\":{\"@id\":\"https:\/\/www.audi-mediacenter.com\/de\/pressemitteilungen\/auditogetheraudi-stellt-in-corona-krise-fuenf-mio-euro-bereit-12727#breadcrumb\"},\"inLanguage\":\"de\",\"potentialAction\":[{\"@type\":\"ReadAction\",\"target\":[\"https:\/\/www.audi-mediacenter.com\/de\/pressemitteilungen\/auditogetheraudi-stellt-in-corona-krise-fuenf-mio-euro-bereit-12727\"]}]},{\"@type\":\"ImageObject\",\"inLanguage\":\"de\",\"@id\":\"https:\/\/www.audi-mediacenter.com\/de\/pressemitteilungen\/auditogetheraudi-stellt-in-corona-krise-fuenf-mio-euro-bereit-12727#primaryimage\",\"url\":\"https:\/\/www.tts-freunde.de\/blog\/wp-content\/uploads\/2020\/04\/audidaheim.jpg\",\"contentUrl\":\"https:\/\/www.tts-freunde.de\/blog\/wp-content\/uploads\/2020\/04\/audidaheim.jpg\",\"width\":595,\"height\":346,\"caption\":\"Audi provides five million euros in corona crisis\"},{\"@type\":\"BreadcrumbList\",\"@id\":\"https:\/\/www.audi-mediacenter.com\/de\/pressemitteilungen\/auditogetheraudi-stellt-in-corona-krise-fuenf-mio-euro-bereit-12727#breadcrumb\",\"itemListElement\":[{\"@type\":\"ListItem\",\"position\":1,\"name\":\"Home\",\"item\":\"https:\/\/www.tts-freunde.de\/blog\/\"},{\"@type\":\"ListItem\",\"position\":2,\"name\":\"#AudiTogether: Audi stellt in Corona-Krise f\u00fcnf Mio. Euro bereit\"}]},{\"@type\":\"WebSite\",\"@id\":\"https:\/\/www.tts-freunde.de\/blog\/#website\",\"url\":\"https:\/\/www.tts-freunde.de\/blog\/\",\"name\":\"Audi Blog\",\"description\":\"Deutscher Audi Blog - TTS-Freunde\",\"publisher\":{\"@id\":\"https:\/\/www.tts-freunde.de\/blog\/#organization\"},\"potentialAction\":[{\"@type\":\"SearchAction\",\"target\":{\"@type\":\"EntryPoint\",\"urlTemplate\":\"https:\/\/www.tts-freunde.de\/blog\/?s={search_term_string}\"},\"query-input\":\"required name=search_term_string\"}],\"inLanguage\":\"de\"},{\"@type\":\"Organization\",\"@id\":\"https:\/\/www.tts-freunde.de\/blog\/#organization\",\"name\":\"Audi Blog\",\"url\":\"https:\/\/www.tts-freunde.de\/blog\/\",\"logo\":{\"@type\":\"ImageObject\",\"inLanguage\":\"de\",\"@id\":\"https:\/\/www.tts-freunde.de\/blog\/#\/schema\/logo\/image\/\",\"url\":\"https:\/\/www.tts-freunde.de\/blog\/wp-content\/uploads\/2022\/12\/logo_2022.jpg\",\"contentUrl\":\"https:\/\/www.tts-freunde.de\/blog\/wp-content\/uploads\/2022\/12\/logo_2022.jpg\",\"width\":240,\"height\":41,\"caption\":\"Audi Blog\"},\"image\":{\"@id\":\"https:\/\/www.tts-freunde.de\/blog\/#\/schema\/logo\/image\/\"}},{\"@type\":\"Person\",\"@id\":\"https:\/\/www.tts-freunde.de\/blog\/#\/schema\/person\/b67f6a54e98f013bd281dbe05514b701\",\"name\":\"admin\",\"image\":{\"@type\":\"ImageObject\",\"inLanguage\":\"de\",\"@id\":\"https:\/\/www.tts-freunde.de\/blog\/#\/schema\/person\/image\/\",\"url\":\"https:\/\/secure.gravatar.com\/avatar\/08a4bd330e25056ddb430c28136b38a6?s=96&d=mm&r=g\",\"contentUrl\":\"https:\/\/secure.gravatar.com\/avatar\/08a4bd330e25056ddb430c28136b38a6?s=96&d=mm&r=g\",\"caption\":\"admin\"},\"sameAs\":[\"http:\/\/www.tts-freunde.de\"],\"url\":\"https:\/\/www.tts-freunde.de\/blog\/author\/admin\/\"}]}<\/script>\n<!-- \/ Yoast SEO plugin. -->","yoast_head_json":{"title":"#AudiTogether: Audi stellt in Corona-Krise f\u00fcnf Mio. Euro bereit - Audi Blog","robots":{"index":"index","follow":"follow","max-snippet":"max-snippet:-1","max-image-preview":"max-image-preview:large","max-video-preview":"max-video-preview:-1"},"canonical":"https:\/\/www.audi-mediacenter.com\/de\/pressemitteilungen\/auditogetheraudi-stellt-in-corona-krise-fuenf-mio-euro-bereit-12727","og_locale":"de_DE","og_type":"article","og_title":"#AudiTogether: Audi stellt in Corona-Krise f\u00fcnf Mio. Euro bereit - Audi Blog","og_description":"Viele Projekte auf nationaler und internationaler Ebene angesto\u00dfen Internationale Kampagne #AudiTogether und Live-Konzert am 14. April im Netz CEO Markus Duesmann: \u201eEs wird f\u00fcr die Audianer auch nach Krise weitergehen\u201c Wenn\u2019s drauf ankommt, r\u00fcckt die Welt zusammen: Audi unterst\u00fctzt in der Corona-Krise medizinische und soziale Einrichtungen in seinen Heimatregionen und [&hellip;]","og_url":"https:\/\/www.audi-mediacenter.com\/de\/pressemitteilungen\/auditogetheraudi-stellt-in-corona-krise-fuenf-mio-euro-bereit-12727","og_site_name":"Audi Blog","article_published_time":"2020-04-03T16:51:24+00:00","og_image":[{"width":595,"height":346,"url":"https:\/\/www.tts-freunde.de\/blog\/wp-content\/uploads\/2020\/04\/audidaheim.jpg","type":"image\/jpeg"}],"author":"admin","twitter_card":"summary_large_image","twitter_misc":{"Verfasst von":"admin","Gesch\u00e4tzte Lesezeit":"4\u00a0Minuten"},"schema":{"@context":"https:\/\/schema.org","@graph":[{"@type":"Article","@id":"https:\/\/www.audi-mediacenter.com\/de\/pressemitteilungen\/auditogetheraudi-stellt-in-corona-krise-fuenf-mio-euro-bereit-12727#article","isPartOf":{"@id":"https:\/\/www.tts-freunde.de\/blog\/2020\/04\/03\/auditogether-audi-stellt-in-corona-krise-fuenf-mio-euro-bereit\/"},"author":{"name":"admin","@id":"https:\/\/www.tts-freunde.de\/blog\/#\/schema\/person\/b67f6a54e98f013bd281dbe05514b701"},"headline":"#AudiTogether: Audi stellt in Corona-Krise f\u00fcnf Mio. Euro bereit","datePublished":"2020-04-03T16:51:24+00:00","dateModified":"2020-04-03T16:51:24+00:00","mainEntityOfPage":{"@id":"https:\/\/www.tts-freunde.de\/blog\/2020\/04\/03\/auditogether-audi-stellt-in-corona-krise-fuenf-mio-euro-bereit\/"},"wordCount":750,"publisher":{"@id":"https:\/\/www.tts-freunde.de\/blog\/#organization"},"image":{"@id":"https:\/\/www.audi-mediacenter.com\/de\/pressemitteilungen\/auditogetheraudi-stellt-in-corona-krise-fuenf-mio-euro-bereit-12727#primaryimage"},"thumbnailUrl":"https:\/\/www.tts-freunde.de\/blog\/wp-content\/uploads\/2020\/04\/audidaheim.jpg","articleSection":["Audi AG"],"inLanguage":"de"},{"@type":"WebPage","@id":"https:\/\/www.tts-freunde.de\/blog\/2020\/04\/03\/auditogether-audi-stellt-in-corona-krise-fuenf-mio-euro-bereit\/","url":"https:\/\/www.audi-mediacenter.com\/de\/pressemitteilungen\/auditogetheraudi-stellt-in-corona-krise-fuenf-mio-euro-bereit-12727","name":"#AudiTogether: Audi stellt in Corona-Krise f\u00fcnf Mio. Euro bereit - Audi Blog","isPartOf":{"@id":"https:\/\/www.tts-freunde.de\/blog\/#website"},"primaryImageOfPage":{"@id":"https:\/\/www.audi-mediacenter.com\/de\/pressemitteilungen\/auditogetheraudi-stellt-in-corona-krise-fuenf-mio-euro-bereit-12727#primaryimage"},"image":{"@id":"https:\/\/www.audi-mediacenter.com\/de\/pressemitteilungen\/auditogetheraudi-stellt-in-corona-krise-fuenf-mio-euro-bereit-12727#primaryimage"},"thumbnailUrl":"https:\/\/www.tts-freunde.de\/blog\/wp-content\/uploads\/2020\/04\/audidaheim.jpg","datePublished":"2020-04-03T16:51:24+00:00","dateModified":"2020-04-03T16:51:24+00:00","breadcrumb":{"@id":"https:\/\/www.audi-mediacenter.com\/de\/pressemitteilungen\/auditogetheraudi-stellt-in-corona-krise-fuenf-mio-euro-bereit-12727#breadcrumb"},"inLanguage":"de","potentialAction":[{"@type":"ReadAction","target":["https:\/\/www.audi-mediacenter.com\/de\/pressemitteilungen\/auditogetheraudi-stellt-in-corona-krise-fuenf-mio-euro-bereit-12727"]}]},{"@type":"ImageObject","inLanguage":"de","@id":"https:\/\/www.audi-mediacenter.com\/de\/pressemitteilungen\/auditogetheraudi-stellt-in-corona-krise-fuenf-mio-euro-bereit-12727#primaryimage","url":"https:\/\/www.tts-freunde.de\/blog\/wp-content\/uploads\/2020\/04\/audidaheim.jpg","contentUrl":"https:\/\/www.tts-freunde.de\/blog\/wp-content\/uploads\/2020\/04\/audidaheim.jpg","width":595,"height":346,"caption":"Audi provides five million euros in corona crisis"},{"@type":"BreadcrumbList","@id":"https:\/\/www.audi-mediacenter.com\/de\/pressemitteilungen\/auditogetheraudi-stellt-in-corona-krise-fuenf-mio-euro-bereit-12727#breadcrumb","itemListElement":[{"@type":"ListItem","position":1,"name":"Home","item":"https:\/\/www.tts-freunde.de\/blog\/"},{"@type":"ListItem","position":2,"name":"#AudiTogether: Audi stellt in Corona-Krise f\u00fcnf Mio. Euro bereit"}]},{"@type":"WebSite","@id":"https:\/\/www.tts-freunde.de\/blog\/#website","url":"https:\/\/www.tts-freunde.de\/blog\/","name":"Audi Blog","description":"Deutscher Audi Blog - TTS-Freunde","publisher":{"@id":"https:\/\/www.tts-freunde.de\/blog\/#organization"},"potentialAction":[{"@type":"SearchAction","target":{"@type":"EntryPoint","urlTemplate":"https:\/\/www.tts-freunde.de\/blog\/?s={search_term_string}"},"query-input":"required name=search_term_string"}],"inLanguage":"de"},{"@type":"Organization","@id":"https:\/\/www.tts-freunde.de\/blog\/#organization","name":"Audi Blog","url":"https:\/\/www.tts-freunde.de\/blog\/","logo":{"@type":"ImageObject","inLanguage":"de","@id":"https:\/\/www.tts-freunde.de\/blog\/#\/schema\/logo\/image\/","url":"https:\/\/www.tts-freunde.de\/blog\/wp-content\/uploads\/2022\/12\/logo_2022.jpg","contentUrl":"https:\/\/www.tts-freunde.de\/blog\/wp-content\/uploads\/2022\/12\/logo_2022.jpg","width":240,"height":41,"caption":"Audi Blog"},"image":{"@id":"https:\/\/www.tts-freunde.de\/blog\/#\/schema\/logo\/image\/"}},{"@type":"Person","@id":"https:\/\/www.tts-freunde.de\/blog\/#\/schema\/person\/b67f6a54e98f013bd281dbe05514b701","name":"admin","image":{"@type":"ImageObject","inLanguage":"de","@id":"https:\/\/www.tts-freunde.de\/blog\/#\/schema\/person\/image\/","url":"https:\/\/secure.gravatar.com\/avatar\/08a4bd330e25056ddb430c28136b38a6?s=96&d=mm&r=g","contentUrl":"https:\/\/secure.gravatar.com\/avatar\/08a4bd330e25056ddb430c28136b38a6?s=96&d=mm&r=g","caption":"admin"},"sameAs":["http:\/\/www.tts-freunde.de"],"url":"https:\/\/www.tts-freunde.de\/blog\/author\/admin\/"}]}},"jetpack_sharing_enabled":true,"jetpack_featured_media_url":"https:\/\/www.tts-freunde.de\/blog\/wp-content\/uploads\/2020\/04\/audidaheim.jpg","jetpack_shortlink":"https:\/\/wp.me\/p67hWW-1oj","jetpack_likes_enabled":false,"jetpack-related-posts":[],"_links":{"self":[{"href":"https:\/\/www.tts-freunde.de\/blog\/wp-json\/wp\/v2\/posts\/5351"}],"collection":[{"href":"https:\/\/www.tts-freunde.de\/blog\/wp-json\/wp\/v2\/posts"}],"about":[{"href":"https:\/\/www.tts-freunde.de\/blog\/wp-json\/wp\/v2\/types\/post"}],"author":[{"embeddable":true,"href":"https:\/\/www.tts-freunde.de\/blog\/wp-json\/wp\/v2\/users\/1"}],"replies":[{"embeddable":true,"href":"https:\/\/www.tts-freunde.de\/blog\/wp-json\/wp\/v2\/comments?post=5351"}],"version-history":[{"count":1,"href":"https:\/\/www.tts-freunde.de\/blog\/wp-json\/wp\/v2\/posts\/5351\/revisions"}],"predecessor-version":[{"id":5353,"href":"https:\/\/www.tts-freunde.de\/blog\/wp-json\/wp\/v2\/posts\/5351\/revisions\/5353"}],"wp:featuredmedia":[{"embeddable":true,"href":"https:\/\/www.tts-freunde.de\/blog\/wp-json\/wp\/v2\/media\/5352"}],"wp:attachment":[{"href":"https:\/\/www.tts-freunde.de\/blog\/wp-json\/wp\/v2\/media?parent=5351"}],"wp:term":[{"taxonomy":"category","embeddable":true,"href":"https:\/\/www.tts-freunde.de\/blog\/wp-json\/wp\/v2\/categories?post=5351"},{"taxonomy":"post_tag","embeddable":true,"href":"https:\/\/www.tts-freunde.de\/blog\/wp-json\/wp\/v2\/tags?post=5351"}],"curies":[{"name":"wp","href":"https:\/\/api.w.org\/{rel}","templated":true}]}}