{"id":5358,"date":"2020-04-14T19:33:37","date_gmt":"2020-04-14T17:33:37","guid":{"rendered":"https:\/\/www.tts-freunde.de\/blog\/?p=5358"},"modified":"2020-04-14T19:33:37","modified_gmt":"2020-04-14T17:33:37","slug":"auditogether-solidaritaetskonzert-im-presswerk-bei-audi","status":"publish","type":"post","link":"https:\/\/www.tts-freunde.de\/blog\/2020\/04\/14\/auditogether-solidaritaetskonzert-im-presswerk-bei-audi\/","title":{"rendered":"#AudiTogether Solidarit\u00e4tskonzert im Presswerk bei Audi"},"content":{"rendered":"<div class=\"page-row\">\n<div id=\"item-489a160c-b085-470a-a36f-a7fd5530f27d\" class=\"page-item--topic-list\">\n<div class=\"topic-list\">\n<ul>\n<li>Live-Konzert aus dem Presswerk erlaubt einen Blick hinter die Kulissen von Audi<\/li>\n<li>Stargeigerin Lisa Batiashvili: \u201eMit Musik Freude und Hoffnung schenken\u201c<\/li>\n<li>Personal-Vorst\u00e4ndin Sabine Maa\u00dfen: \u201eIn Zeiten des Social Distancing ist Musik mehr denn je Balsam f\u00fcr die Seele.\u201c<\/li>\n<\/ul>\n<div class=\"page-row\">\n<div id=\"item-90561fec-56fa-4313-ac0f-aa376f74701e\" class=\"page-item--intro\">\n<div class=\"intro-text\">\n<p>Audi versteht die Krise als Chance und sendet ein Zeichen der Solidarit\u00e4t aus Ingolstadt. Die k\u00fcnstlerische Leiterin der Audi Sommerkonzerte Lisa Batiashvili gibt gemeinsam mit weiteren renommierten Musiker_innen am 14. April im Presswerk von Audi ein live gestreamtes Solidarit\u00e4tskonzert. Audi veranstaltet das Konzert im Rahmen der internationalen Kampagne #AudiTogether. In der Corona-Krise unterst\u00fctzt das Unternehmen in seinen Heimatregionen mit f\u00fcnf Millionen Euro Soforthilfe zudem humanit\u00e4re Zwecke auf nationaler und internationaler Ebene.<\/p>\n<\/div>\n<\/div>\n<\/div>\n<div class=\"page-row-spacer -intro\">\n<div id=\"attachment_5359\" style=\"width: 310px\" class=\"wp-caption alignleft\"><a href=\"https:\/\/www.tts-freunde.de\/blog\/wp-content\/uploads\/2020\/04\/Lisa-Batiashvili-.jpg\"><img loading=\"lazy\" decoding=\"async\" aria-describedby=\"caption-attachment-5359\" data-attachment-id=\"5359\" data-permalink=\"https:\/\/www.tts-freunde.de\/blog\/2020\/04\/14\/auditogether-solidaritaetskonzert-im-presswerk-bei-audi\/lisa-batiashvili\/\" data-orig-file=\"https:\/\/www.tts-freunde.de\/blog\/wp-content\/uploads\/2020\/04\/Lisa-Batiashvili-.jpg\" data-orig-size=\"595,446\" data-comments-opened=\"0\" data-image-meta=\"{&quot;aperture&quot;:&quot;2.8&quot;,&quot;credit&quot;:&quot;chrissinger&quot;,&quot;camera&quot;:&quot;Hasselblad H6D-50c&quot;,&quot;caption&quot;:&quot;Lisa Batiashvili&quot;,&quot;created_timestamp&quot;:&quot;1547474002&quot;,&quot;copyright&quot;:&quot;@chrissingerme,chrissinger.com&quot;,&quot;focal_length&quot;:&quot;80&quot;,&quot;iso&quot;:&quot;400&quot;,&quot;shutter_speed&quot;:&quot;0.0111111111111&quot;,&quot;title&quot;:&quot;Lisa Batiashvili&quot;,&quot;orientation&quot;:&quot;1&quot;}\" data-image-title=\"Lisa Batiashvili\" data-image-description=\"\" data-image-caption=\"&lt;p&gt;Lisa Batiashvili&lt;\/p&gt;\n\" data-medium-file=\"https:\/\/www.tts-freunde.de\/blog\/wp-content\/uploads\/2020\/04\/Lisa-Batiashvili--300x225.jpg\" data-large-file=\"https:\/\/www.tts-freunde.de\/blog\/wp-content\/uploads\/2020\/04\/Lisa-Batiashvili-.jpg\" tabindex=\"0\" role=\"button\" class=\"size-medium wp-image-5359\" src=\"https:\/\/www.tts-freunde.de\/blog\/wp-content\/uploads\/2020\/04\/Lisa-Batiashvili--300x225.jpg\" alt=\"\" width=\"300\" height=\"225\" srcset=\"https:\/\/www.tts-freunde.de\/blog\/wp-content\/uploads\/2020\/04\/Lisa-Batiashvili--300x225.jpg 300w, https:\/\/www.tts-freunde.de\/blog\/wp-content\/uploads\/2020\/04\/Lisa-Batiashvili--50x37.jpg 50w, https:\/\/www.tts-freunde.de\/blog\/wp-content\/uploads\/2020\/04\/Lisa-Batiashvili-.jpg 595w\" sizes=\"(max-width: 300px) 100vw, 300px\" \/><\/a><p id=\"caption-attachment-5359\" class=\"wp-caption-text\">Lisa Batiashvili<\/p><\/div>\n<\/div>\n<div class=\"page-row\">\n<div id=\"item-dd2325d6-b3fa-4f36-85c0-7d8aa933592f\" class=\"page-item--text\">\n<div class=\"text-block style-links-for-body-text\">\n<p>Die Stargeigerin und k\u00fcnstlerische Leiterin der Audi Sommerkonzerte sagt: \u201eMusik verbindet Menschen \u00fcber Grenzen hinweg. Wir senden diese Botschaft aus dem Zuhause von Audi in die Welt und hoffen, dass wir vielen Menschen damit einen Moment der Zuversicht und Freude schenken. Ein Konzert an einem solch ungew\u00f6hnlichen Ort live zu spielen und digital mit unseren Zuh\u00f6rern zu teilen, er\u00f6ffnet neue Perspektiven.\u201c<\/p>\n<p>Das Presswerk von Audi \u2013 wo normalerweise tonnenschwere Pressen mit einem lauten Donnern Karosseriebauteile herstellen \u2013 ist, wie schon bei den Werkhallenkonzerten 2012 und 2015 der Konzertsaal f\u00fcr die feinen Kl\u00e4nge klassischer Musik. Dieses Mal sitzen die Musiker aber in kleiner Besetzung unmittelbar zwischen den gro\u00dfen Pressen &#8211; ohne B\u00fchne und ohne Publikum. Nur die Kameras des Livestreamings begleiten sie bei ihrem Auftritt und erlauben den Zuschauern einen einzigartigen Blick hinter die Kulissen.<\/p>\n<p>\u201eIn Zeiten des Social Distancing ist Musik mehr denn je Balsam f\u00fcr die Seele. R\u00e4umlich getrennt zu sein und gleichzeitig vereint durch ein Konzerterlebnis dieser Art, das st\u00e4rkt die Gemeinschaft. Ich danke den Musiker_innen sehr, dass sie unter erschwerten Bedingungen dieses Event f\u00fcr unsere Mitarbeiter_innen, Kund_innen und Audi-Fans erm\u00f6glichen\u201c, erkl\u00e4rt Dr.\u00a0Sabine Maa\u00dfen, Vorst\u00e4ndin f\u00fcr Personal und Organisation der AUDI\u00a0AG.<\/p>\n<p>\u201eBei unserem Hauskonzert steht dank ausreichend Abstand die Gesundheit aller Beteiligten im Vordergrund. Genauso sch\u00fctzen wir auch nach Ende unserer Corona-bedingten Produktionsruhe bestm\u00f6glich die Gesundheit unserer Mitarbeiter_innen.\u201c<\/p>\n<p>Alle T\u00e4tigkeiten, Abl\u00e4ufe und Prozesse werden so organisiert, dass sie die Gesundheit der Mitarbeiter_innen gew\u00e4hrleisten. Mit ausreichend implementierten Schutzma\u00dfnahmen an den Arbeitspl\u00e4tzen wird Audi dann kontrolliert wiederanlaufen und Premiumfahrzeuge in gewohnter Qualit\u00e4t produzieren.<\/p>\n<h2>Mitwirkende und Programm<\/h2>\n<p>Mit der in M\u00fcnchen lebenden Geigerin Lisa Batiashvili wird am 14. April um 20 Uhr (MEZ) der renommierte Oboist, Dirigent und ihr Ehemann Fran\u00e7ois Leleux auf der B\u00fchne stehen. Weiterhin spielen der Starcellist Maximilian Hornung, seine Partnerin und Geigerin Sarah Christian (Konzertmeisterin Deutsche Kammerphilharmonie Bremen) sowie der Solobratscher der M\u00fcnchner Philharmoniker Jano Lisboa. Auf dem Programm stehen Werke von Ludwig van Beethoven, Johann Sebastian Bach, Georg Friedrich H\u00e4ndel und Wolfgang Amadeus Mozart. Durch das Programm f\u00fchrt der Moderator Alexander Mazza.<\/p>\n<h2>Streaming-Angebot im Netz<\/h2>\n<p>Das Konzert wird am 14. April um 20 Uhr (MEZ) auf <a href=\"http:\/\/www.audi.com\/\" target=\"_blank\" rel=\"noopener nofollow noreferrer\">www.audi.com<\/a>, dem <a href=\"https:\/\/www.youtube.com\/channel\/UCO5ujNeWRIwP4DbCZqZWcLw\" target=\"_blank\" rel=\"noopener nofollow noreferrer\">YouTube-Kanal @Audi<\/a>, der <a href=\"https:\/\/www.facebook.com\/Audi.AG\" target=\"_blank\" rel=\"noopener nofollow noreferrer\">Facebook-Seite @Audi.AG<\/a> und auf <a href=\"https:\/\/twitter.com\/AudiOfficial\" target=\"_blank\" rel=\"noopener nofollow noreferrer\">Twitter@AudiOfficial<\/a> live \u00fcbertragen. Au\u00dferdem ist der Livestream verf\u00fcgbar auf <a href=\"http:\/\/www.audimedia.tv\/\" target=\"_blank\" rel=\"noopener nofollow noreferrer\">www.audimedia.tv<\/a> und mit der Audi MediaTV-App auch \u00fcber Smart TV. Ein Mitschnitt des Konzerts ist im Anschluss auf <a href=\"http:\/\/www.audimedia.tv\/\" target=\"_blank\" rel=\"noopener nofollow noreferrer\">www.audimedia.tv<\/a> verf\u00fcgbar.<\/p>\n<\/div>\n<\/div>\n<\/div>\n<\/div>\n<\/div>\n<\/div>\n","protected":false},"excerpt":{"rendered":"<p>Live-Konzert aus dem Presswerk erlaubt einen Blick hinter die Kulissen von Audi Stargeigerin Lisa Batiashvili: \u201eMit Musik Freude und Hoffnung schenken\u201c Personal-Vorst\u00e4ndin Sabine Maa\u00dfen: \u201eIn Zeiten des Social Distancing ist Musik mehr denn je Balsam f\u00fcr die Seele.\u201c Audi versteht die Krise als Chance und sendet ein Zeichen der Solidarit\u00e4t [&hellip;]<\/p>\n","protected":false},"author":1,"featured_media":5359,"comment_status":"closed","ping_status":"open","sticky":false,"template":"","format":"standard","meta":{"jetpack_post_was_ever_published":false,"_jetpack_newsletter_access":"","_jetpack_dont_email_post_to_subs":false,"_jetpack_newsletter_tier_id":0,"_jetpack_memberships_contains_paywalled_content":false,"_jetpack_memberships_contains_paid_content":false,"footnotes":"","jetpack_publicize_message":"#AudiTogether Solidarit\u00e4tskonzert im Presswerk bei Audi","jetpack_publicize_feature_enabled":true,"jetpack_social_post_already_shared":true,"jetpack_social_options":{"image_generator_settings":{"template":"highway","enabled":false},"version":2}},"categories":[1],"tags":[],"class_list":["post-5358","post","type-post","status-publish","format-standard","has-post-thumbnail","hentry","category-allgemein"],"wppr_data":{"cwp_meta_box_check":"No"},"jetpack_publicize_connections":[],"yoast_head":"<!-- This site is optimized with the Yoast SEO plugin v23.3 - https:\/\/yoast.com\/wordpress\/plugins\/seo\/ -->\n<title>#AudiTogether Solidarit\u00e4tskonzert im Presswerk bei Audi - Audi Blog<\/title>\n<meta name=\"robots\" content=\"index, follow, max-snippet:-1, max-image-preview:large, max-video-preview:-1\" \/>\n<link rel=\"canonical\" href=\"https:\/\/www.audi-mediacenter.com\/de\/pressemitteilungen\/auditogethersolidaritaetskonzert-im-presswerk-bei-audi-12749\" \/>\n<meta property=\"og:locale\" content=\"de_DE\" \/>\n<meta property=\"og:type\" content=\"article\" \/>\n<meta property=\"og:title\" content=\"#AudiTogether Solidarit\u00e4tskonzert im Presswerk bei Audi - Audi Blog\" \/>\n<meta property=\"og:description\" content=\"Live-Konzert aus dem Presswerk erlaubt einen Blick hinter die Kulissen von Audi Stargeigerin Lisa Batiashvili: \u201eMit Musik Freude und Hoffnung schenken\u201c Personal-Vorst\u00e4ndin Sabine Maa\u00dfen: \u201eIn Zeiten des Social Distancing ist Musik mehr denn je Balsam f\u00fcr die Seele.\u201c Audi versteht die Krise als Chance und sendet ein Zeichen der Solidarit\u00e4t [&hellip;]\" \/>\n<meta property=\"og:url\" content=\"https:\/\/www.audi-mediacenter.com\/de\/pressemitteilungen\/auditogethersolidaritaetskonzert-im-presswerk-bei-audi-12749\" \/>\n<meta property=\"og:site_name\" content=\"Audi Blog\" \/>\n<meta property=\"article:published_time\" content=\"2020-04-14T17:33:37+00:00\" \/>\n<meta property=\"og:image\" content=\"https:\/\/www.tts-freunde.de\/blog\/wp-content\/uploads\/2020\/04\/Lisa-Batiashvili-.jpg\" \/>\n\t<meta property=\"og:image:width\" content=\"595\" \/>\n\t<meta property=\"og:image:height\" content=\"446\" \/>\n\t<meta property=\"og:image:type\" content=\"image\/jpeg\" \/>\n<meta name=\"author\" content=\"admin\" \/>\n<meta name=\"twitter:card\" content=\"summary_large_image\" \/>\n<meta name=\"twitter:label1\" content=\"Verfasst von\" \/>\n\t<meta name=\"twitter:data1\" content=\"admin\" \/>\n\t<meta name=\"twitter:label2\" content=\"Gesch\u00e4tzte Lesezeit\" \/>\n\t<meta name=\"twitter:data2\" content=\"3\u00a0Minuten\" \/>\n<script type=\"application\/ld+json\" class=\"yoast-schema-graph\">{\"@context\":\"https:\/\/schema.org\",\"@graph\":[{\"@type\":\"Article\",\"@id\":\"https:\/\/www.audi-mediacenter.com\/de\/pressemitteilungen\/auditogethersolidaritaetskonzert-im-presswerk-bei-audi-12749#article\",\"isPartOf\":{\"@id\":\"https:\/\/www.tts-freunde.de\/blog\/2020\/04\/14\/auditogether-solidaritaetskonzert-im-presswerk-bei-audi\/\"},\"author\":{\"name\":\"admin\",\"@id\":\"https:\/\/www.tts-freunde.de\/blog\/#\/schema\/person\/b67f6a54e98f013bd281dbe05514b701\"},\"headline\":\"#AudiTogether Solidarit\u00e4tskonzert im Presswerk bei Audi\",\"datePublished\":\"2020-04-14T17:33:37+00:00\",\"dateModified\":\"2020-04-14T17:33:37+00:00\",\"mainEntityOfPage\":{\"@id\":\"https:\/\/www.tts-freunde.de\/blog\/2020\/04\/14\/auditogether-solidaritaetskonzert-im-presswerk-bei-audi\/\"},\"wordCount\":563,\"publisher\":{\"@id\":\"https:\/\/www.tts-freunde.de\/blog\/#organization\"},\"image\":{\"@id\":\"https:\/\/www.audi-mediacenter.com\/de\/pressemitteilungen\/auditogethersolidaritaetskonzert-im-presswerk-bei-audi-12749#primaryimage\"},\"thumbnailUrl\":\"https:\/\/www.tts-freunde.de\/blog\/wp-content\/uploads\/2020\/04\/Lisa-Batiashvili-.jpg\",\"inLanguage\":\"de\"},{\"@type\":\"WebPage\",\"@id\":\"https:\/\/www.tts-freunde.de\/blog\/2020\/04\/14\/auditogether-solidaritaetskonzert-im-presswerk-bei-audi\/\",\"url\":\"https:\/\/www.audi-mediacenter.com\/de\/pressemitteilungen\/auditogethersolidaritaetskonzert-im-presswerk-bei-audi-12749\",\"name\":\"#AudiTogether Solidarit\u00e4tskonzert im Presswerk bei Audi - Audi Blog\",\"isPartOf\":{\"@id\":\"https:\/\/www.tts-freunde.de\/blog\/#website\"},\"primaryImageOfPage\":{\"@id\":\"https:\/\/www.audi-mediacenter.com\/de\/pressemitteilungen\/auditogethersolidaritaetskonzert-im-presswerk-bei-audi-12749#primaryimage\"},\"image\":{\"@id\":\"https:\/\/www.audi-mediacenter.com\/de\/pressemitteilungen\/auditogethersolidaritaetskonzert-im-presswerk-bei-audi-12749#primaryimage\"},\"thumbnailUrl\":\"https:\/\/www.tts-freunde.de\/blog\/wp-content\/uploads\/2020\/04\/Lisa-Batiashvili-.jpg\",\"datePublished\":\"2020-04-14T17:33:37+00:00\",\"dateModified\":\"2020-04-14T17:33:37+00:00\",\"breadcrumb\":{\"@id\":\"https:\/\/www.audi-mediacenter.com\/de\/pressemitteilungen\/auditogethersolidaritaetskonzert-im-presswerk-bei-audi-12749#breadcrumb\"},\"inLanguage\":\"de\",\"potentialAction\":[{\"@type\":\"ReadAction\",\"target\":[\"https:\/\/www.audi-mediacenter.com\/de\/pressemitteilungen\/auditogethersolidaritaetskonzert-im-presswerk-bei-audi-12749\"]}]},{\"@type\":\"ImageObject\",\"inLanguage\":\"de\",\"@id\":\"https:\/\/www.audi-mediacenter.com\/de\/pressemitteilungen\/auditogethersolidaritaetskonzert-im-presswerk-bei-audi-12749#primaryimage\",\"url\":\"https:\/\/www.tts-freunde.de\/blog\/wp-content\/uploads\/2020\/04\/Lisa-Batiashvili-.jpg\",\"contentUrl\":\"https:\/\/www.tts-freunde.de\/blog\/wp-content\/uploads\/2020\/04\/Lisa-Batiashvili-.jpg\",\"width\":595,\"height\":446,\"caption\":\"Lisa Batiashvili\"},{\"@type\":\"BreadcrumbList\",\"@id\":\"https:\/\/www.audi-mediacenter.com\/de\/pressemitteilungen\/auditogethersolidaritaetskonzert-im-presswerk-bei-audi-12749#breadcrumb\",\"itemListElement\":[{\"@type\":\"ListItem\",\"position\":1,\"name\":\"Home\",\"item\":\"https:\/\/www.tts-freunde.de\/blog\/\"},{\"@type\":\"ListItem\",\"position\":2,\"name\":\"#AudiTogether Solidarit\u00e4tskonzert im Presswerk bei Audi\"}]},{\"@type\":\"WebSite\",\"@id\":\"https:\/\/www.tts-freunde.de\/blog\/#website\",\"url\":\"https:\/\/www.tts-freunde.de\/blog\/\",\"name\":\"Audi Blog\",\"description\":\"Deutscher Audi Blog - TTS-Freunde\",\"publisher\":{\"@id\":\"https:\/\/www.tts-freunde.de\/blog\/#organization\"},\"potentialAction\":[{\"@type\":\"SearchAction\",\"target\":{\"@type\":\"EntryPoint\",\"urlTemplate\":\"https:\/\/www.tts-freunde.de\/blog\/?s={search_term_string}\"},\"query-input\":\"required name=search_term_string\"}],\"inLanguage\":\"de\"},{\"@type\":\"Organization\",\"@id\":\"https:\/\/www.tts-freunde.de\/blog\/#organization\",\"name\":\"Audi Blog\",\"url\":\"https:\/\/www.tts-freunde.de\/blog\/\",\"logo\":{\"@type\":\"ImageObject\",\"inLanguage\":\"de\",\"@id\":\"https:\/\/www.tts-freunde.de\/blog\/#\/schema\/logo\/image\/\",\"url\":\"https:\/\/www.tts-freunde.de\/blog\/wp-content\/uploads\/2022\/12\/logo_2022.jpg\",\"contentUrl\":\"https:\/\/www.tts-freunde.de\/blog\/wp-content\/uploads\/2022\/12\/logo_2022.jpg\",\"width\":240,\"height\":41,\"caption\":\"Audi Blog\"},\"image\":{\"@id\":\"https:\/\/www.tts-freunde.de\/blog\/#\/schema\/logo\/image\/\"}},{\"@type\":\"Person\",\"@id\":\"https:\/\/www.tts-freunde.de\/blog\/#\/schema\/person\/b67f6a54e98f013bd281dbe05514b701\",\"name\":\"admin\",\"image\":{\"@type\":\"ImageObject\",\"inLanguage\":\"de\",\"@id\":\"https:\/\/www.tts-freunde.de\/blog\/#\/schema\/person\/image\/\",\"url\":\"https:\/\/secure.gravatar.com\/avatar\/08a4bd330e25056ddb430c28136b38a6?s=96&d=mm&r=g\",\"contentUrl\":\"https:\/\/secure.gravatar.com\/avatar\/08a4bd330e25056ddb430c28136b38a6?s=96&d=mm&r=g\",\"caption\":\"admin\"},\"sameAs\":[\"http:\/\/www.tts-freunde.de\"],\"url\":\"https:\/\/www.tts-freunde.de\/blog\/author\/admin\/\"}]}<\/script>\n<!-- \/ Yoast SEO plugin. -->","yoast_head_json":{"title":"#AudiTogether Solidarit\u00e4tskonzert im Presswerk bei Audi - Audi Blog","robots":{"index":"index","follow":"follow","max-snippet":"max-snippet:-1","max-image-preview":"max-image-preview:large","max-video-preview":"max-video-preview:-1"},"canonical":"https:\/\/www.audi-mediacenter.com\/de\/pressemitteilungen\/auditogethersolidaritaetskonzert-im-presswerk-bei-audi-12749","og_locale":"de_DE","og_type":"article","og_title":"#AudiTogether Solidarit\u00e4tskonzert im Presswerk bei Audi - Audi Blog","og_description":"Live-Konzert aus dem Presswerk erlaubt einen Blick hinter die Kulissen von Audi Stargeigerin Lisa Batiashvili: \u201eMit Musik Freude und Hoffnung schenken\u201c Personal-Vorst\u00e4ndin Sabine Maa\u00dfen: \u201eIn Zeiten des Social Distancing ist Musik mehr denn je Balsam f\u00fcr die Seele.\u201c Audi versteht die Krise als Chance und sendet ein Zeichen der Solidarit\u00e4t [&hellip;]","og_url":"https:\/\/www.audi-mediacenter.com\/de\/pressemitteilungen\/auditogethersolidaritaetskonzert-im-presswerk-bei-audi-12749","og_site_name":"Audi Blog","article_published_time":"2020-04-14T17:33:37+00:00","og_image":[{"width":595,"height":446,"url":"https:\/\/www.tts-freunde.de\/blog\/wp-content\/uploads\/2020\/04\/Lisa-Batiashvili-.jpg","type":"image\/jpeg"}],"author":"admin","twitter_card":"summary_large_image","twitter_misc":{"Verfasst von":"admin","Gesch\u00e4tzte Lesezeit":"3\u00a0Minuten"},"schema":{"@context":"https:\/\/schema.org","@graph":[{"@type":"Article","@id":"https:\/\/www.audi-mediacenter.com\/de\/pressemitteilungen\/auditogethersolidaritaetskonzert-im-presswerk-bei-audi-12749#article","isPartOf":{"@id":"https:\/\/www.tts-freunde.de\/blog\/2020\/04\/14\/auditogether-solidaritaetskonzert-im-presswerk-bei-audi\/"},"author":{"name":"admin","@id":"https:\/\/www.tts-freunde.de\/blog\/#\/schema\/person\/b67f6a54e98f013bd281dbe05514b701"},"headline":"#AudiTogether Solidarit\u00e4tskonzert im Presswerk bei Audi","datePublished":"2020-04-14T17:33:37+00:00","dateModified":"2020-04-14T17:33:37+00:00","mainEntityOfPage":{"@id":"https:\/\/www.tts-freunde.de\/blog\/2020\/04\/14\/auditogether-solidaritaetskonzert-im-presswerk-bei-audi\/"},"wordCount":563,"publisher":{"@id":"https:\/\/www.tts-freunde.de\/blog\/#organization"},"image":{"@id":"https:\/\/www.audi-mediacenter.com\/de\/pressemitteilungen\/auditogethersolidaritaetskonzert-im-presswerk-bei-audi-12749#primaryimage"},"thumbnailUrl":"https:\/\/www.tts-freunde.de\/blog\/wp-content\/uploads\/2020\/04\/Lisa-Batiashvili-.jpg","inLanguage":"de"},{"@type":"WebPage","@id":"https:\/\/www.tts-freunde.de\/blog\/2020\/04\/14\/auditogether-solidaritaetskonzert-im-presswerk-bei-audi\/","url":"https:\/\/www.audi-mediacenter.com\/de\/pressemitteilungen\/auditogethersolidaritaetskonzert-im-presswerk-bei-audi-12749","name":"#AudiTogether Solidarit\u00e4tskonzert im Presswerk bei Audi - Audi Blog","isPartOf":{"@id":"https:\/\/www.tts-freunde.de\/blog\/#website"},"primaryImageOfPage":{"@id":"https:\/\/www.audi-mediacenter.com\/de\/pressemitteilungen\/auditogethersolidaritaetskonzert-im-presswerk-bei-audi-12749#primaryimage"},"image":{"@id":"https:\/\/www.audi-mediacenter.com\/de\/pressemitteilungen\/auditogethersolidaritaetskonzert-im-presswerk-bei-audi-12749#primaryimage"},"thumbnailUrl":"https:\/\/www.tts-freunde.de\/blog\/wp-content\/uploads\/2020\/04\/Lisa-Batiashvili-.jpg","datePublished":"2020-04-14T17:33:37+00:00","dateModified":"2020-04-14T17:33:37+00:00","breadcrumb":{"@id":"https:\/\/www.audi-mediacenter.com\/de\/pressemitteilungen\/auditogethersolidaritaetskonzert-im-presswerk-bei-audi-12749#breadcrumb"},"inLanguage":"de","potentialAction":[{"@type":"ReadAction","target":["https:\/\/www.audi-mediacenter.com\/de\/pressemitteilungen\/auditogethersolidaritaetskonzert-im-presswerk-bei-audi-12749"]}]},{"@type":"ImageObject","inLanguage":"de","@id":"https:\/\/www.audi-mediacenter.com\/de\/pressemitteilungen\/auditogethersolidaritaetskonzert-im-presswerk-bei-audi-12749#primaryimage","url":"https:\/\/www.tts-freunde.de\/blog\/wp-content\/uploads\/2020\/04\/Lisa-Batiashvili-.jpg","contentUrl":"https:\/\/www.tts-freunde.de\/blog\/wp-content\/uploads\/2020\/04\/Lisa-Batiashvili-.jpg","width":595,"height":446,"caption":"Lisa Batiashvili"},{"@type":"BreadcrumbList","@id":"https:\/\/www.audi-mediacenter.com\/de\/pressemitteilungen\/auditogethersolidaritaetskonzert-im-presswerk-bei-audi-12749#breadcrumb","itemListElement":[{"@type":"ListItem","position":1,"name":"Home","item":"https:\/\/www.tts-freunde.de\/blog\/"},{"@type":"ListItem","position":2,"name":"#AudiTogether Solidarit\u00e4tskonzert im Presswerk bei Audi"}]},{"@type":"WebSite","@id":"https:\/\/www.tts-freunde.de\/blog\/#website","url":"https:\/\/www.tts-freunde.de\/blog\/","name":"Audi Blog","description":"Deutscher Audi Blog - TTS-Freunde","publisher":{"@id":"https:\/\/www.tts-freunde.de\/blog\/#organization"},"potentialAction":[{"@type":"SearchAction","target":{"@type":"EntryPoint","urlTemplate":"https:\/\/www.tts-freunde.de\/blog\/?s={search_term_string}"},"query-input":"required name=search_term_string"}],"inLanguage":"de"},{"@type":"Organization","@id":"https:\/\/www.tts-freunde.de\/blog\/#organization","name":"Audi Blog","url":"https:\/\/www.tts-freunde.de\/blog\/","logo":{"@type":"ImageObject","inLanguage":"de","@id":"https:\/\/www.tts-freunde.de\/blog\/#\/schema\/logo\/image\/","url":"https:\/\/www.tts-freunde.de\/blog\/wp-content\/uploads\/2022\/12\/logo_2022.jpg","contentUrl":"https:\/\/www.tts-freunde.de\/blog\/wp-content\/uploads\/2022\/12\/logo_2022.jpg","width":240,"height":41,"caption":"Audi Blog"},"image":{"@id":"https:\/\/www.tts-freunde.de\/blog\/#\/schema\/logo\/image\/"}},{"@type":"Person","@id":"https:\/\/www.tts-freunde.de\/blog\/#\/schema\/person\/b67f6a54e98f013bd281dbe05514b701","name":"admin","image":{"@type":"ImageObject","inLanguage":"de","@id":"https:\/\/www.tts-freunde.de\/blog\/#\/schema\/person\/image\/","url":"https:\/\/secure.gravatar.com\/avatar\/08a4bd330e25056ddb430c28136b38a6?s=96&d=mm&r=g","contentUrl":"https:\/\/secure.gravatar.com\/avatar\/08a4bd330e25056ddb430c28136b38a6?s=96&d=mm&r=g","caption":"admin"},"sameAs":["http:\/\/www.tts-freunde.de"],"url":"https:\/\/www.tts-freunde.de\/blog\/author\/admin\/"}]}},"jetpack_sharing_enabled":true,"jetpack_featured_media_url":"https:\/\/www.tts-freunde.de\/blog\/wp-content\/uploads\/2020\/04\/Lisa-Batiashvili-.jpg","jetpack_shortlink":"https:\/\/wp.me\/p67hWW-1oq","jetpack_likes_enabled":false,"jetpack-related-posts":[],"_links":{"self":[{"href":"https:\/\/www.tts-freunde.de\/blog\/wp-json\/wp\/v2\/posts\/5358"}],"collection":[{"href":"https:\/\/www.tts-freunde.de\/blog\/wp-json\/wp\/v2\/posts"}],"about":[{"href":"https:\/\/www.tts-freunde.de\/blog\/wp-json\/wp\/v2\/types\/post"}],"author":[{"embeddable":true,"href":"https:\/\/www.tts-freunde.de\/blog\/wp-json\/wp\/v2\/users\/1"}],"replies":[{"embeddable":true,"href":"https:\/\/www.tts-freunde.de\/blog\/wp-json\/wp\/v2\/comments?post=5358"}],"version-history":[{"count":1,"href":"https:\/\/www.tts-freunde.de\/blog\/wp-json\/wp\/v2\/posts\/5358\/revisions"}],"predecessor-version":[{"id":5360,"href":"https:\/\/www.tts-freunde.de\/blog\/wp-json\/wp\/v2\/posts\/5358\/revisions\/5360"}],"wp:featuredmedia":[{"embeddable":true,"href":"https:\/\/www.tts-freunde.de\/blog\/wp-json\/wp\/v2\/media\/5359"}],"wp:attachment":[{"href":"https:\/\/www.tts-freunde.de\/blog\/wp-json\/wp\/v2\/media?parent=5358"}],"wp:term":[{"taxonomy":"category","embeddable":true,"href":"https:\/\/www.tts-freunde.de\/blog\/wp-json\/wp\/v2\/categories?post=5358"},{"taxonomy":"post_tag","embeddable":true,"href":"https:\/\/www.tts-freunde.de\/blog\/wp-json\/wp\/v2\/tags?post=5358"}],"curies":[{"name":"wp","href":"https:\/\/api.w.org\/{rel}","templated":true}]}}