{"id":5371,"date":"2020-04-25T20:01:28","date_gmt":"2020-04-25T18:01:28","guid":{"rendered":"https:\/\/www.tts-freunde.de\/blog\/?p=5371"},"modified":"2020-04-25T20:01:28","modified_gmt":"2020-04-25T18:01:28","slug":"audi-produktion-laeuft-in-europa-schrittweise-wieder-an","status":"publish","type":"post","link":"https:\/\/www.tts-freunde.de\/blog\/2020\/04\/25\/audi-produktion-laeuft-in-europa-schrittweise-wieder-an\/","title":{"rendered":"Audi Produktion l\u00e4uft in Europa schrittweise wieder an"},"content":{"rendered":"<div class=\"page-row\">\n<div id=\"item-8ee4c448-da39-4edc-8f1b-1456a41e56b9\" class=\"page-item--topic-list\">\n<div class=\"topic-list\">\n<ul>\n<li>Die europ\u00e4ischen Audi Standorte kehren Ende des Monats langsam zur\u00fcck zur Normalit\u00e4t<\/li>\n<li>Produktionsvorstand Peter K\u00f6ssler: \u201eIm Mittelpunkt steht ein sicheres Arbeitsumfeld\u201c<\/li>\n<li>Gesamtbetriebsratvorsitzender Peter Mosch: \u201eZahlreiche Ma\u00dfnahmen stellen den Gesundheitsschutz der Belegschaftsmitglieder sicher\u201c<\/li>\n<\/ul>\n<div class=\"page-row\">\n<div id=\"item-3a6403b3-5cfc-424e-902d-80a413eb8019\" class=\"page-item--intro\">\n<div class=\"intro-text\"><\/div>\n<\/div>\n<\/div>\n<div class=\"page-row\">\n<div id=\"item-7d8fb31c-c204-46e8-be30-dbb2dbe6ac9f\" class=\"page-item--text\">\n<div class=\"text-block style-links-for-body-text\">\n<div class=\"page-row\">\n<div id=\"item-3a6403b3-5cfc-424e-902d-80a413eb8019\" class=\"page-item--intro\">\n<div class=\"intro-text\">\n<p>Audi leitet an seinen europ\u00e4ischen Standorten den Wiederanlauf der Produktion schrittweise in den kommenden Wochen ein. Mitte M\u00e4rz hatte das Unternehmen die vor\u00fcbergehende Produktionsruhe an den europ\u00e4ischen Standorten verk\u00fcndet. Hintergrund f\u00fcr die Entscheidung waren Lieferengp\u00e4sse und Nachfrager\u00fcckg\u00e4nge bedingt durch die Corona-Pandemie. Der nun anstehende, geregelte Wiederanlauf erfolgt abgestimmt mit dem Volkswagen-Konzern im weltweiten Audi Produktionsnetzwerk gemeinsam mit Lieferanten und Dienstleistern. Hauptbestandteil des Wiederanlaufs ist ein umfassendes Ma\u00dfnahmenpaket, das die Sicherheit der Mitarbeiter_innen in den Fokus r\u00fcckt. Dabei orientiert sich Audi an den Vorgaben des Robert Koch-Instituts sowie den Vorschriften der Gesundheitsbeh\u00f6rden des jeweiligen Landes.<\/p>\n<\/div>\n<\/div>\n<\/div>\n<div class=\"page-row-spacer -intro\">\n<div id=\"attachment_5368\" style=\"width: 310px\" class=\"wp-caption alignleft\"><a href=\"https:\/\/www.tts-freunde.de\/blog\/wp-content\/uploads\/2020\/04\/Audi-Produktion.jpg\"><img loading=\"lazy\" decoding=\"async\" aria-describedby=\"caption-attachment-5368\" data-attachment-id=\"5368\" data-permalink=\"https:\/\/www.tts-freunde.de\/blog\/2020\/04\/25\/audi-produktion-laeuft-in-europa-schrittweise-wieder-an\/audi-production-gradually-restarts-in-europe\/\" data-orig-file=\"https:\/\/www.tts-freunde.de\/blog\/wp-content\/uploads\/2020\/04\/Audi-Produktion.jpg\" data-orig-size=\"595,397\" data-comments-opened=\"0\" data-image-meta=\"{&quot;aperture&quot;:&quot;4&quot;,&quot;credit&quot;:&quot;&quot;,&quot;camera&quot;:&quot;NIKON D850&quot;,&quot;caption&quot;:&quot;Health comes first: Perspex panels protect employees when working together in assembly.&quot;,&quot;created_timestamp&quot;:&quot;1587032161&quot;,&quot;copyright&quot;:&quot;AUDI AG&quot;,&quot;focal_length&quot;:&quot;45&quot;,&quot;iso&quot;:&quot;1000&quot;,&quot;shutter_speed&quot;:&quot;0.00625&quot;,&quot;title&quot;:&quot;Audi production gradually restarts in Europe&quot;,&quot;orientation&quot;:&quot;1&quot;}\" data-image-title=\"Audi production gradually restarts in Europe\" data-image-description=\"\" data-image-caption=\"&lt;p&gt;Health comes first: Perspex panels protect employees when working together in assembly.&lt;\/p&gt;\n\" data-medium-file=\"https:\/\/www.tts-freunde.de\/blog\/wp-content\/uploads\/2020\/04\/Audi-Produktion-300x200.jpg\" data-large-file=\"https:\/\/www.tts-freunde.de\/blog\/wp-content\/uploads\/2020\/04\/Audi-Produktion.jpg\" tabindex=\"0\" role=\"button\" class=\"size-medium wp-image-5368\" src=\"https:\/\/www.tts-freunde.de\/blog\/wp-content\/uploads\/2020\/04\/Audi-Produktion-300x200.jpg\" alt=\"\" width=\"300\" height=\"200\" srcset=\"https:\/\/www.tts-freunde.de\/blog\/wp-content\/uploads\/2020\/04\/Audi-Produktion-300x200.jpg 300w, https:\/\/www.tts-freunde.de\/blog\/wp-content\/uploads\/2020\/04\/Audi-Produktion-50x33.jpg 50w, https:\/\/www.tts-freunde.de\/blog\/wp-content\/uploads\/2020\/04\/Audi-Produktion.jpg 595w\" sizes=\"(max-width: 300px) 100vw, 300px\" \/><\/a><p id=\"caption-attachment-5368\" class=\"wp-caption-text\">Health comes first: Perspex panels protect employees when working together in assembly.<\/p><\/div>\n<\/div>\n<div class=\"page-row\">\n<div id=\"item-7d8fb31c-c204-46e8-be30-dbb2dbe6ac9f\" class=\"page-item--text\">\n<div class=\"text-block style-links-for-body-text\">\n<p>Nach der Produktionsruhe an allen europ\u00e4ischen Standorten der AUDI\u00a0AG geht es nun um den ersten Schritt zur\u00fcck in Richtung Normalit\u00e4t: \u201eWir schaffen den Wiederanlauf als europ\u00e4ischen Gemeinschaftsakt.\u201c sagt Produktionsvorstand Peter K\u00f6ssler. Denn Lieferketten sowie Produktions- und Logistikabl\u00e4ufe sind im Konzern und mit Partnern auf internationaler Ebene eng verzahnt. K\u00f6ssler betont weiter: \u201eIm Mittelpunkt stehen die Mitarbeiter_innen, denn sie brauchen ein sicheres Arbeitsumfeld. Audi Expertenteams haben daher in Abstimmung mit den Fachbereichen und Betriebsr\u00e4ten Prozesse mit Blick auf den Gesundheitsschutz angepasst. F\u00fcr die Flexibilit\u00e4t und das gemeinsame Anpacken in Zeiten wie diesen m\u00f6chte ich mich bei allen Audianer_innen und unseren Partnern weltweit bedanken.\u201c<\/p>\n<p>\u201eAuf dem Weg zur\u00fcck in die erste Phase nach der Produktionsruhe haben besonders die Gesundheitsvorkehrungen zum Schutz der Belegschaftsmitglieder h\u00f6chste Priorit\u00e4t\u201c, erkl\u00e4rt auch Betriebsratschef Mosch. \u201eDer Wiederanlauf wird von einem umfangreichen Ma\u00dfnahmenkatalog begleitet, um den Gesundheitsschutz der Besch\u00e4ftigten sicherzustellen.\u201c Dieser umfasst beispielsweise konkrete Abstands- und Hygieneregeln, eine angepasste Schichtfahrweise, um Kontakte zu vermeiden und die Pflicht zu Mund- und Nasenschutz in Bereichen, wo Abst\u00e4nde von 1,5 Meter nicht m\u00f6glich sind. An kritischen Arbeitspl\u00e4tzen hat das Unternehmen auch physische Abgrenzungen geschaffen. In der T\u00fcrenvormontage zum Beispiel arbeiten zwei Arbeitnehmer_innen gleichzeitig am selben Transportgestell und stehen sich dabei direkt gegen\u00fcber. Hier haben die Besch\u00e4ftigten selbst eine transparente Barriere aus Kunststofffolie entwickelt.<\/p>\n<p>Fertigungsabschnitts- und Gruppenleiter haben zusammen mit Experten aus Arbeitssicherheit, Gesundheitswesen, Industrial Engineering sowie dem Betriebsrat jeden einzelnen Arbeitsplatz gemeinsam angeschaut, analysiert und Verbesserungsvorschl\u00e4ge erarbeitet. Erst mit Zustimmung aller Beteiligten gilt ein Arbeitsplatz als \u201eCorona-ready\u201c. Auch die Arbeitsumgebung hat sich die Arbeitsgruppe genau angeschaut: Gruppenecken, Werktore, Parkpl\u00e4tze, den internen Werkverkehr sowie Gastronomie und Werkrestaurants. F\u00fcr alle Bereiche hat Audi ad\u00e4quate L\u00f6sungen entwickelt. Die Mitarbeiter_innen werden zu diesen Ma\u00dfnahmen vorab schriftlich informiert, erhalten eine umfassende Sicherheitseinweisung durch die Vorgesetzten zum Arbeitsbeginn sowie regelm\u00e4\u00dfige Updates in internen Onlinemedien und \u00fcber zahlreiche Informationsaush\u00e4nge im Werk.<\/p>\n<p>Auch an den B\u00fcroarbeitspl\u00e4tzen gelten umfassende Sicherheitsvorkehrungen sowie angepasste Arbeitsregelungen. So gibt es beispielsweise die M\u00f6glichkeit zum mobilen Arbeiten, um die Ansteckungsgefahr durch ausreichende Abst\u00e4nde zu minimieren. Vor allem betrifft jedoch der Wiederanlauf die Mitarbeiter_innen des Produktionsbereichs.<\/p>\n<p>Die Fahrzeugfertigungen an den Audi Standorten werden nach einem festgelegten Plan ab Ende April sukzessive hochgefahren. Die Motorenfertigung in Gy\u0151r f\u00e4hrt bereits seit dieser Woche schrittweise wieder hoch. F\u00fcr diejenigen Mitarbeiter_innen an deutschen Standorten, die erst in sp\u00e4teren Phasen des Wiederanlaufs ihre T\u00e4tigkeit vollumf\u00e4nglich wiederaufnehmen k\u00f6nnen, gelten bis zu diesem Zeitpunkt weiterhin die Kurzarbeitsregelungen.<\/p>\n<\/div>\n<\/div>\n<\/div>\n<\/div>\n<\/div>\n<\/div>\n<\/div>\n<\/div>\n<\/div>\n","protected":false},"excerpt":{"rendered":"<p>Die europ\u00e4ischen Audi Standorte kehren Ende des Monats langsam zur\u00fcck zur Normalit\u00e4t Produktionsvorstand Peter K\u00f6ssler: \u201eIm Mittelpunkt steht ein sicheres Arbeitsumfeld\u201c Gesamtbetriebsratvorsitzender Peter Mosch: \u201eZahlreiche Ma\u00dfnahmen stellen den Gesundheitsschutz der Belegschaftsmitglieder sicher\u201c Audi leitet an seinen europ\u00e4ischen Standorten den Wiederanlauf der Produktion schrittweise in den kommenden Wochen ein. Mitte M\u00e4rz [&hellip;]<\/p>\n","protected":false},"author":1,"featured_media":5368,"comment_status":"closed","ping_status":"open","sticky":false,"template":"","format":"standard","meta":{"jetpack_post_was_ever_published":false,"_jetpack_newsletter_access":"","_jetpack_dont_email_post_to_subs":false,"_jetpack_newsletter_tier_id":0,"_jetpack_memberships_contains_paywalled_content":false,"_jetpack_memberships_contains_paid_content":false,"footnotes":"","jetpack_publicize_message":"Audi Produktion l\u00e4uft in Europa schrittweise wieder an","jetpack_publicize_feature_enabled":true,"jetpack_social_post_already_shared":true,"jetpack_social_options":{"image_generator_settings":{"template":"highway","enabled":false},"version":2}},"categories":[16],"tags":[],"class_list":["post-5371","post","type-post","status-publish","format-standard","has-post-thumbnail","hentry","category-audi-ag"],"wppr_data":{"cwp_meta_box_check":"No"},"jetpack_publicize_connections":[],"yoast_head":"<!-- This site is optimized with the Yoast SEO plugin v23.3 - https:\/\/yoast.com\/wordpress\/plugins\/seo\/ -->\n<title>Audi Produktion l\u00e4uft in Europa schrittweise wieder an - Audi Blog<\/title>\n<meta name=\"robots\" content=\"index, follow, max-snippet:-1, max-image-preview:large, max-video-preview:-1\" \/>\n<link rel=\"canonical\" href=\"https:\/\/www.audi-mediacenter.com\/de\/pressemitteilungen\/audi-produktion-laeuft-in-europa-schrittweise-wieder-an-12757\" \/>\n<meta property=\"og:locale\" content=\"de_DE\" \/>\n<meta property=\"og:type\" content=\"article\" \/>\n<meta property=\"og:title\" content=\"Audi Produktion l\u00e4uft in Europa schrittweise wieder an - Audi Blog\" \/>\n<meta property=\"og:description\" content=\"Die europ\u00e4ischen Audi Standorte kehren Ende des Monats langsam zur\u00fcck zur Normalit\u00e4t Produktionsvorstand Peter K\u00f6ssler: \u201eIm Mittelpunkt steht ein sicheres Arbeitsumfeld\u201c Gesamtbetriebsratvorsitzender Peter Mosch: \u201eZahlreiche Ma\u00dfnahmen stellen den Gesundheitsschutz der Belegschaftsmitglieder sicher\u201c Audi leitet an seinen europ\u00e4ischen Standorten den Wiederanlauf der Produktion schrittweise in den kommenden Wochen ein. Mitte M\u00e4rz [&hellip;]\" \/>\n<meta property=\"og:url\" content=\"https:\/\/www.audi-mediacenter.com\/de\/pressemitteilungen\/audi-produktion-laeuft-in-europa-schrittweise-wieder-an-12757\" \/>\n<meta property=\"og:site_name\" content=\"Audi Blog\" \/>\n<meta property=\"article:published_time\" content=\"2020-04-25T18:01:28+00:00\" \/>\n<meta property=\"og:image\" content=\"https:\/\/www.tts-freunde.de\/blog\/wp-content\/uploads\/2020\/04\/Audi-Produktion.jpg\" \/>\n\t<meta property=\"og:image:width\" content=\"595\" \/>\n\t<meta property=\"og:image:height\" content=\"397\" \/>\n\t<meta property=\"og:image:type\" content=\"image\/jpeg\" \/>\n<meta name=\"author\" content=\"admin\" \/>\n<meta name=\"twitter:card\" content=\"summary_large_image\" \/>\n<meta name=\"twitter:label1\" content=\"Verfasst von\" \/>\n\t<meta name=\"twitter:data1\" content=\"admin\" \/>\n\t<meta name=\"twitter:label2\" content=\"Gesch\u00e4tzte Lesezeit\" \/>\n\t<meta name=\"twitter:data2\" content=\"3\u00a0Minuten\" \/>\n<script type=\"application\/ld+json\" class=\"yoast-schema-graph\">{\"@context\":\"https:\/\/schema.org\",\"@graph\":[{\"@type\":\"Article\",\"@id\":\"https:\/\/www.audi-mediacenter.com\/de\/pressemitteilungen\/audi-produktion-laeuft-in-europa-schrittweise-wieder-an-12757#article\",\"isPartOf\":{\"@id\":\"https:\/\/www.tts-freunde.de\/blog\/2020\/04\/25\/audi-produktion-laeuft-in-europa-schrittweise-wieder-an\/\"},\"author\":{\"name\":\"admin\",\"@id\":\"https:\/\/www.tts-freunde.de\/blog\/#\/schema\/person\/b67f6a54e98f013bd281dbe05514b701\"},\"headline\":\"Audi Produktion l\u00e4uft in Europa schrittweise wieder an\",\"datePublished\":\"2020-04-25T18:01:28+00:00\",\"dateModified\":\"2020-04-25T18:01:28+00:00\",\"mainEntityOfPage\":{\"@id\":\"https:\/\/www.tts-freunde.de\/blog\/2020\/04\/25\/audi-produktion-laeuft-in-europa-schrittweise-wieder-an\/\"},\"wordCount\":613,\"publisher\":{\"@id\":\"https:\/\/www.tts-freunde.de\/blog\/#organization\"},\"image\":{\"@id\":\"https:\/\/www.audi-mediacenter.com\/de\/pressemitteilungen\/audi-produktion-laeuft-in-europa-schrittweise-wieder-an-12757#primaryimage\"},\"thumbnailUrl\":\"https:\/\/www.tts-freunde.de\/blog\/wp-content\/uploads\/2020\/04\/Audi-Produktion.jpg\",\"articleSection\":[\"Audi AG\"],\"inLanguage\":\"de\"},{\"@type\":\"WebPage\",\"@id\":\"https:\/\/www.tts-freunde.de\/blog\/2020\/04\/25\/audi-produktion-laeuft-in-europa-schrittweise-wieder-an\/\",\"url\":\"https:\/\/www.audi-mediacenter.com\/de\/pressemitteilungen\/audi-produktion-laeuft-in-europa-schrittweise-wieder-an-12757\",\"name\":\"Audi Produktion l\u00e4uft in Europa schrittweise wieder an - Audi Blog\",\"isPartOf\":{\"@id\":\"https:\/\/www.tts-freunde.de\/blog\/#website\"},\"primaryImageOfPage\":{\"@id\":\"https:\/\/www.audi-mediacenter.com\/de\/pressemitteilungen\/audi-produktion-laeuft-in-europa-schrittweise-wieder-an-12757#primaryimage\"},\"image\":{\"@id\":\"https:\/\/www.audi-mediacenter.com\/de\/pressemitteilungen\/audi-produktion-laeuft-in-europa-schrittweise-wieder-an-12757#primaryimage\"},\"thumbnailUrl\":\"https:\/\/www.tts-freunde.de\/blog\/wp-content\/uploads\/2020\/04\/Audi-Produktion.jpg\",\"datePublished\":\"2020-04-25T18:01:28+00:00\",\"dateModified\":\"2020-04-25T18:01:28+00:00\",\"breadcrumb\":{\"@id\":\"https:\/\/www.audi-mediacenter.com\/de\/pressemitteilungen\/audi-produktion-laeuft-in-europa-schrittweise-wieder-an-12757#breadcrumb\"},\"inLanguage\":\"de\",\"potentialAction\":[{\"@type\":\"ReadAction\",\"target\":[\"https:\/\/www.audi-mediacenter.com\/de\/pressemitteilungen\/audi-produktion-laeuft-in-europa-schrittweise-wieder-an-12757\"]}]},{\"@type\":\"ImageObject\",\"inLanguage\":\"de\",\"@id\":\"https:\/\/www.audi-mediacenter.com\/de\/pressemitteilungen\/audi-produktion-laeuft-in-europa-schrittweise-wieder-an-12757#primaryimage\",\"url\":\"https:\/\/www.tts-freunde.de\/blog\/wp-content\/uploads\/2020\/04\/Audi-Produktion.jpg\",\"contentUrl\":\"https:\/\/www.tts-freunde.de\/blog\/wp-content\/uploads\/2020\/04\/Audi-Produktion.jpg\",\"width\":595,\"height\":397,\"caption\":\"Health comes first: Perspex panels protect employees when working together in assembly.\"},{\"@type\":\"BreadcrumbList\",\"@id\":\"https:\/\/www.audi-mediacenter.com\/de\/pressemitteilungen\/audi-produktion-laeuft-in-europa-schrittweise-wieder-an-12757#breadcrumb\",\"itemListElement\":[{\"@type\":\"ListItem\",\"position\":1,\"name\":\"Home\",\"item\":\"https:\/\/www.tts-freunde.de\/blog\/\"},{\"@type\":\"ListItem\",\"position\":2,\"name\":\"Audi Produktion l\u00e4uft in Europa schrittweise wieder an\"}]},{\"@type\":\"WebSite\",\"@id\":\"https:\/\/www.tts-freunde.de\/blog\/#website\",\"url\":\"https:\/\/www.tts-freunde.de\/blog\/\",\"name\":\"Audi Blog\",\"description\":\"Deutscher Audi Blog - TTS-Freunde\",\"publisher\":{\"@id\":\"https:\/\/www.tts-freunde.de\/blog\/#organization\"},\"potentialAction\":[{\"@type\":\"SearchAction\",\"target\":{\"@type\":\"EntryPoint\",\"urlTemplate\":\"https:\/\/www.tts-freunde.de\/blog\/?s={search_term_string}\"},\"query-input\":\"required name=search_term_string\"}],\"inLanguage\":\"de\"},{\"@type\":\"Organization\",\"@id\":\"https:\/\/www.tts-freunde.de\/blog\/#organization\",\"name\":\"Audi Blog\",\"url\":\"https:\/\/www.tts-freunde.de\/blog\/\",\"logo\":{\"@type\":\"ImageObject\",\"inLanguage\":\"de\",\"@id\":\"https:\/\/www.tts-freunde.de\/blog\/#\/schema\/logo\/image\/\",\"url\":\"https:\/\/www.tts-freunde.de\/blog\/wp-content\/uploads\/2022\/12\/logo_2022.jpg\",\"contentUrl\":\"https:\/\/www.tts-freunde.de\/blog\/wp-content\/uploads\/2022\/12\/logo_2022.jpg\",\"width\":240,\"height\":41,\"caption\":\"Audi Blog\"},\"image\":{\"@id\":\"https:\/\/www.tts-freunde.de\/blog\/#\/schema\/logo\/image\/\"}},{\"@type\":\"Person\",\"@id\":\"https:\/\/www.tts-freunde.de\/blog\/#\/schema\/person\/b67f6a54e98f013bd281dbe05514b701\",\"name\":\"admin\",\"image\":{\"@type\":\"ImageObject\",\"inLanguage\":\"de\",\"@id\":\"https:\/\/www.tts-freunde.de\/blog\/#\/schema\/person\/image\/\",\"url\":\"https:\/\/secure.gravatar.com\/avatar\/08a4bd330e25056ddb430c28136b38a6?s=96&d=mm&r=g\",\"contentUrl\":\"https:\/\/secure.gravatar.com\/avatar\/08a4bd330e25056ddb430c28136b38a6?s=96&d=mm&r=g\",\"caption\":\"admin\"},\"sameAs\":[\"http:\/\/www.tts-freunde.de\"],\"url\":\"https:\/\/www.tts-freunde.de\/blog\/author\/admin\/\"}]}<\/script>\n<!-- \/ Yoast SEO plugin. -->","yoast_head_json":{"title":"Audi Produktion l\u00e4uft in Europa schrittweise wieder an - Audi Blog","robots":{"index":"index","follow":"follow","max-snippet":"max-snippet:-1","max-image-preview":"max-image-preview:large","max-video-preview":"max-video-preview:-1"},"canonical":"https:\/\/www.audi-mediacenter.com\/de\/pressemitteilungen\/audi-produktion-laeuft-in-europa-schrittweise-wieder-an-12757","og_locale":"de_DE","og_type":"article","og_title":"Audi Produktion l\u00e4uft in Europa schrittweise wieder an - Audi Blog","og_description":"Die europ\u00e4ischen Audi Standorte kehren Ende des Monats langsam zur\u00fcck zur Normalit\u00e4t Produktionsvorstand Peter K\u00f6ssler: \u201eIm Mittelpunkt steht ein sicheres Arbeitsumfeld\u201c Gesamtbetriebsratvorsitzender Peter Mosch: \u201eZahlreiche Ma\u00dfnahmen stellen den Gesundheitsschutz der Belegschaftsmitglieder sicher\u201c Audi leitet an seinen europ\u00e4ischen Standorten den Wiederanlauf der Produktion schrittweise in den kommenden Wochen ein. Mitte M\u00e4rz [&hellip;]","og_url":"https:\/\/www.audi-mediacenter.com\/de\/pressemitteilungen\/audi-produktion-laeuft-in-europa-schrittweise-wieder-an-12757","og_site_name":"Audi Blog","article_published_time":"2020-04-25T18:01:28+00:00","og_image":[{"width":595,"height":397,"url":"https:\/\/www.tts-freunde.de\/blog\/wp-content\/uploads\/2020\/04\/Audi-Produktion.jpg","type":"image\/jpeg"}],"author":"admin","twitter_card":"summary_large_image","twitter_misc":{"Verfasst von":"admin","Gesch\u00e4tzte Lesezeit":"3\u00a0Minuten"},"schema":{"@context":"https:\/\/schema.org","@graph":[{"@type":"Article","@id":"https:\/\/www.audi-mediacenter.com\/de\/pressemitteilungen\/audi-produktion-laeuft-in-europa-schrittweise-wieder-an-12757#article","isPartOf":{"@id":"https:\/\/www.tts-freunde.de\/blog\/2020\/04\/25\/audi-produktion-laeuft-in-europa-schrittweise-wieder-an\/"},"author":{"name":"admin","@id":"https:\/\/www.tts-freunde.de\/blog\/#\/schema\/person\/b67f6a54e98f013bd281dbe05514b701"},"headline":"Audi Produktion l\u00e4uft in Europa schrittweise wieder an","datePublished":"2020-04-25T18:01:28+00:00","dateModified":"2020-04-25T18:01:28+00:00","mainEntityOfPage":{"@id":"https:\/\/www.tts-freunde.de\/blog\/2020\/04\/25\/audi-produktion-laeuft-in-europa-schrittweise-wieder-an\/"},"wordCount":613,"publisher":{"@id":"https:\/\/www.tts-freunde.de\/blog\/#organization"},"image":{"@id":"https:\/\/www.audi-mediacenter.com\/de\/pressemitteilungen\/audi-produktion-laeuft-in-europa-schrittweise-wieder-an-12757#primaryimage"},"thumbnailUrl":"https:\/\/www.tts-freunde.de\/blog\/wp-content\/uploads\/2020\/04\/Audi-Produktion.jpg","articleSection":["Audi AG"],"inLanguage":"de"},{"@type":"WebPage","@id":"https:\/\/www.tts-freunde.de\/blog\/2020\/04\/25\/audi-produktion-laeuft-in-europa-schrittweise-wieder-an\/","url":"https:\/\/www.audi-mediacenter.com\/de\/pressemitteilungen\/audi-produktion-laeuft-in-europa-schrittweise-wieder-an-12757","name":"Audi Produktion l\u00e4uft in Europa schrittweise wieder an - Audi Blog","isPartOf":{"@id":"https:\/\/www.tts-freunde.de\/blog\/#website"},"primaryImageOfPage":{"@id":"https:\/\/www.audi-mediacenter.com\/de\/pressemitteilungen\/audi-produktion-laeuft-in-europa-schrittweise-wieder-an-12757#primaryimage"},"image":{"@id":"https:\/\/www.audi-mediacenter.com\/de\/pressemitteilungen\/audi-produktion-laeuft-in-europa-schrittweise-wieder-an-12757#primaryimage"},"thumbnailUrl":"https:\/\/www.tts-freunde.de\/blog\/wp-content\/uploads\/2020\/04\/Audi-Produktion.jpg","datePublished":"2020-04-25T18:01:28+00:00","dateModified":"2020-04-25T18:01:28+00:00","breadcrumb":{"@id":"https:\/\/www.audi-mediacenter.com\/de\/pressemitteilungen\/audi-produktion-laeuft-in-europa-schrittweise-wieder-an-12757#breadcrumb"},"inLanguage":"de","potentialAction":[{"@type":"ReadAction","target":["https:\/\/www.audi-mediacenter.com\/de\/pressemitteilungen\/audi-produktion-laeuft-in-europa-schrittweise-wieder-an-12757"]}]},{"@type":"ImageObject","inLanguage":"de","@id":"https:\/\/www.audi-mediacenter.com\/de\/pressemitteilungen\/audi-produktion-laeuft-in-europa-schrittweise-wieder-an-12757#primaryimage","url":"https:\/\/www.tts-freunde.de\/blog\/wp-content\/uploads\/2020\/04\/Audi-Produktion.jpg","contentUrl":"https:\/\/www.tts-freunde.de\/blog\/wp-content\/uploads\/2020\/04\/Audi-Produktion.jpg","width":595,"height":397,"caption":"Health comes first: Perspex panels protect employees when working together in assembly."},{"@type":"BreadcrumbList","@id":"https:\/\/www.audi-mediacenter.com\/de\/pressemitteilungen\/audi-produktion-laeuft-in-europa-schrittweise-wieder-an-12757#breadcrumb","itemListElement":[{"@type":"ListItem","position":1,"name":"Home","item":"https:\/\/www.tts-freunde.de\/blog\/"},{"@type":"ListItem","position":2,"name":"Audi Produktion l\u00e4uft in Europa schrittweise wieder an"}]},{"@type":"WebSite","@id":"https:\/\/www.tts-freunde.de\/blog\/#website","url":"https:\/\/www.tts-freunde.de\/blog\/","name":"Audi Blog","description":"Deutscher Audi Blog - TTS-Freunde","publisher":{"@id":"https:\/\/www.tts-freunde.de\/blog\/#organization"},"potentialAction":[{"@type":"SearchAction","target":{"@type":"EntryPoint","urlTemplate":"https:\/\/www.tts-freunde.de\/blog\/?s={search_term_string}"},"query-input":"required name=search_term_string"}],"inLanguage":"de"},{"@type":"Organization","@id":"https:\/\/www.tts-freunde.de\/blog\/#organization","name":"Audi Blog","url":"https:\/\/www.tts-freunde.de\/blog\/","logo":{"@type":"ImageObject","inLanguage":"de","@id":"https:\/\/www.tts-freunde.de\/blog\/#\/schema\/logo\/image\/","url":"https:\/\/www.tts-freunde.de\/blog\/wp-content\/uploads\/2022\/12\/logo_2022.jpg","contentUrl":"https:\/\/www.tts-freunde.de\/blog\/wp-content\/uploads\/2022\/12\/logo_2022.jpg","width":240,"height":41,"caption":"Audi Blog"},"image":{"@id":"https:\/\/www.tts-freunde.de\/blog\/#\/schema\/logo\/image\/"}},{"@type":"Person","@id":"https:\/\/www.tts-freunde.de\/blog\/#\/schema\/person\/b67f6a54e98f013bd281dbe05514b701","name":"admin","image":{"@type":"ImageObject","inLanguage":"de","@id":"https:\/\/www.tts-freunde.de\/blog\/#\/schema\/person\/image\/","url":"https:\/\/secure.gravatar.com\/avatar\/08a4bd330e25056ddb430c28136b38a6?s=96&d=mm&r=g","contentUrl":"https:\/\/secure.gravatar.com\/avatar\/08a4bd330e25056ddb430c28136b38a6?s=96&d=mm&r=g","caption":"admin"},"sameAs":["http:\/\/www.tts-freunde.de"],"url":"https:\/\/www.tts-freunde.de\/blog\/author\/admin\/"}]}},"jetpack_sharing_enabled":true,"jetpack_featured_media_url":"https:\/\/www.tts-freunde.de\/blog\/wp-content\/uploads\/2020\/04\/Audi-Produktion.jpg","jetpack_shortlink":"https:\/\/wp.me\/p67hWW-1oD","jetpack_likes_enabled":false,"jetpack-related-posts":[],"_links":{"self":[{"href":"https:\/\/www.tts-freunde.de\/blog\/wp-json\/wp\/v2\/posts\/5371"}],"collection":[{"href":"https:\/\/www.tts-freunde.de\/blog\/wp-json\/wp\/v2\/posts"}],"about":[{"href":"https:\/\/www.tts-freunde.de\/blog\/wp-json\/wp\/v2\/types\/post"}],"author":[{"embeddable":true,"href":"https:\/\/www.tts-freunde.de\/blog\/wp-json\/wp\/v2\/users\/1"}],"replies":[{"embeddable":true,"href":"https:\/\/www.tts-freunde.de\/blog\/wp-json\/wp\/v2\/comments?post=5371"}],"version-history":[{"count":1,"href":"https:\/\/www.tts-freunde.de\/blog\/wp-json\/wp\/v2\/posts\/5371\/revisions"}],"predecessor-version":[{"id":5372,"href":"https:\/\/www.tts-freunde.de\/blog\/wp-json\/wp\/v2\/posts\/5371\/revisions\/5372"}],"wp:featuredmedia":[{"embeddable":true,"href":"https:\/\/www.tts-freunde.de\/blog\/wp-json\/wp\/v2\/media\/5368"}],"wp:attachment":[{"href":"https:\/\/www.tts-freunde.de\/blog\/wp-json\/wp\/v2\/media?parent=5371"}],"wp:term":[{"taxonomy":"category","embeddable":true,"href":"https:\/\/www.tts-freunde.de\/blog\/wp-json\/wp\/v2\/categories?post=5371"},{"taxonomy":"post_tag","embeddable":true,"href":"https:\/\/www.tts-freunde.de\/blog\/wp-json\/wp\/v2\/tags?post=5371"}],"curies":[{"name":"wp","href":"https:\/\/api.w.org\/{rel}","templated":true}]}}