{"id":5401,"date":"2020-06-04T17:57:59","date_gmt":"2020-06-04T15:57:59","guid":{"rendered":"https:\/\/www.tts-freunde.de\/blog\/?p=5401"},"modified":"2020-06-04T17:57:59","modified_gmt":"2020-06-04T15:57:59","slug":"markus-duesmann-ruft-projekt-artemis-ins-leben","status":"publish","type":"post","link":"https:\/\/www.tts-freunde.de\/blog\/2020\/06\/04\/markus-duesmann-ruft-projekt-artemis-ins-leben\/","title":{"rendered":"Markus Duesmann ruft Projekt \u201eArtemis\u201c ins Leben"},"content":{"rendered":"<div id=\"item-50e3d9f1-1660-4ee2-bb77-aafeb335f0cf\" class=\"page-item--column col-sm-4\">\n<div class=\"custom-padding\">\n<div class=\"page-row\">\n<div id=\"item-865cf8b1-bdaf-4567-ac10-b8e01b21402c\" class=\"page-item--topic-list\">\n<div class=\"topic-list\">\n<ul>\n<li>Neuer Audi-CEO und Volkswagen-Vorstand f\u00fcr Konzernforschung und \u2011Entwicklung schafft agile Einheit f\u00fcr zus\u00e4tzliche Fahrzeugprojekte<\/li>\n<li>Alex Hitzinger wird \u201eArtemis\u201c in Ingolstadt aufbauen und leiten und kann daf\u00fcr Ressourcen und Technologien des Konzerns nutzen<\/li>\n<li>Hitzingers Team soll in Rekordzeit f\u00fcr Audi neuen Leuchtturm realisieren<\/li>\n<\/ul>\n<div class=\"page-row\">\n<div id=\"item-4c2d3766-cb10-4a32-af06-f2ef29d3a70b\" class=\"page-item--intro\">\n<div class=\"intro-text\">\n<p>Zwei Monate nach seinem Antritt als neuer CEO bei Audi ruft Markus Duesmann eine Einheit f\u00fcr das beschleunigte Entwickeln zus\u00e4tzlicher Auto-Modelle ins Leben. Chef des Hightech-Projekts \u201eArtemis\u201c wird Alex Hitzinger, erfolgreicher Motorsport-Chefingenieur und aktuell Treiber des autonomen Fahrens im Konzern. Dieser soll mit einem Team von Automobil- und Technologieexperten im ersten Schritt \u201eschnell und unb\u00fcrokratisch ein wegweisendes Modell f\u00fcr Audi entwickeln\u201c, so Duesmann. Dabei stehen ihm die Ressourcen und Technologien des gesamten Volkswagen Konzerns zur Verf\u00fcgung. Duesmann und seine Konzern-Kollegen erwarten vom Projekt \u201eArtemis\u201c auch eine Blaupause f\u00fcr die k\u00fcnftige, agile Entwicklung von Automobilen im gesamten Volkswagen Konzern.<\/p>\n<\/div>\n<\/div>\n<\/div>\n<div class=\"page-row-spacer -intro\">\n<div id=\"attachment_5402\" style=\"width: 310px\" class=\"wp-caption alignleft\"><a href=\"https:\/\/www.tts-freunde.de\/blog\/wp-content\/uploads\/2020\/06\/Projekt-\u201eArtemis\u201c.jpg\"><img loading=\"lazy\" decoding=\"async\" aria-describedby=\"caption-attachment-5402\" data-attachment-id=\"5402\" data-permalink=\"https:\/\/www.tts-freunde.de\/blog\/2020\/06\/04\/markus-duesmann-ruft-projekt-artemis-ins-leben\/markus-duesmann-launches-artemis-project\/\" data-orig-file=\"https:\/\/www.tts-freunde.de\/blog\/wp-content\/uploads\/2020\/06\/Projekt-\u201eArtemis\u201c.jpg\" data-orig-size=\"595,397\" data-comments-opened=\"0\" data-image-meta=\"{&quot;aperture&quot;:&quot;13&quot;,&quot;credit&quot;:&quot;Daniel Wollstein&quot;,&quot;camera&quot;:&quot;Canon EOS-1D X Mark II&quot;,&quot;caption&quot;:&quot;Until 2024 the project \\u201cArtemis\\u201d will create an highly efficient electric car for Audi with agile processes.&quot;,&quot;created_timestamp&quot;:&quot;1569399692&quot;,&quot;copyright&quot;:&quot;AUDI AG&quot;,&quot;focal_length&quot;:&quot;35&quot;,&quot;iso&quot;:&quot;2500&quot;,&quot;shutter_speed&quot;:&quot;0.125&quot;,&quot;title&quot;:&quot;Markus Duesmann launches \\u201cArtemis\\u201d project&quot;,&quot;orientation&quot;:&quot;1&quot;}\" data-image-title=\"Markus Duesmann launches \u201cArtemis\u201d project\" data-image-description=\"&lt;p&gt;Projekt \u201eArtemis\u201c&lt;\/p&gt;\n\" data-image-caption=\"&lt;p&gt;Until 2024 the project \u201cArtemis\u201d will create an highly efficient electric car for Audi with agile processes.&lt;\/p&gt;\n\" data-medium-file=\"https:\/\/www.tts-freunde.de\/blog\/wp-content\/uploads\/2020\/06\/Projekt-\u201eArtemis\u201c-300x200.jpg\" data-large-file=\"https:\/\/www.tts-freunde.de\/blog\/wp-content\/uploads\/2020\/06\/Projekt-\u201eArtemis\u201c.jpg\" tabindex=\"0\" role=\"button\" class=\"size-medium wp-image-5402\" src=\"https:\/\/www.tts-freunde.de\/blog\/wp-content\/uploads\/2020\/06\/Projekt-\u201eArtemis\u201c-300x200.jpg\" alt=\"Projekt \u201eArtemis\u201c\" width=\"300\" height=\"200\" srcset=\"https:\/\/www.tts-freunde.de\/blog\/wp-content\/uploads\/2020\/06\/Projekt-\u201eArtemis\u201c-300x200.jpg 300w, https:\/\/www.tts-freunde.de\/blog\/wp-content\/uploads\/2020\/06\/Projekt-\u201eArtemis\u201c-50x33.jpg 50w, https:\/\/www.tts-freunde.de\/blog\/wp-content\/uploads\/2020\/06\/Projekt-\u201eArtemis\u201c.jpg 595w\" sizes=\"(max-width: 300px) 100vw, 300px\" \/><\/a><p id=\"caption-attachment-5402\" class=\"wp-caption-text\">Until 2024 the project \u201cArtemis\u201d will create an highly efficient electric car for Audi with agile processes.<\/p><\/div>\n<\/div>\n<div class=\"page-row\">\n<div id=\"item-5ae94c74-e001-4ab0-9515-75739b6b44fb\" class=\"page-item--text\">\n<div class=\"text-block style-links-for-body-text\">\n<p>\u201eDie Marken des Volkswagen Konzerns stehen f\u00fcr exzellente Technologien \u2013 und haben Potenzial f\u00fcr noch viel mehr\u201c, sagt der Vorstandsvorsitzende der AUDI AG, Markus Duesmann. \u201eNaturgem\u00e4\u00df bindet die aktuelle Elektro-Offensive im Volkswagen Konzern mit 75 geplanten E-Modellen bis 2029 alle Kapazit\u00e4ten. Da lag die Frage nahe, wie wir zus\u00e4tzliche Hightech-Benchmarks realisieren, ohne die Leistbarkeit bestehender Projekte zu gef\u00e4hrden, und zugleich neue Chancen in den M\u00e4rkten nutzen.\u201c Das Projektteam soll gro\u00dfe Freiheitsgrade erhalten und global vom Hightech-Hub INCampus in Ingolstadt bis an die Westk\u00fcste der USA arbeiten. Digitale Angebote wird die konzerneigene car.Software.org beisteuern, die ihre Basis ebenfalls in Ingolstadt hat. Im Fokus von \u201eArtemis\u201c stehen neue Technologien rund um das elektrische, hoch-automatisierte Fahren mit konkretem Modellbezug. Der erste Auftrag ist ein hocheffizientes Elektroauto, das bereits 2024 auf die Stra\u00dfe kommen soll. Das Kreativteam wird au\u00dferdem ein weitreichendes \u00d6kosystem um das Auto herum schaffen und so ein neues Gesch\u00e4ftsmodell f\u00fcr die gesamte Nutzungsphase entwerfen.<\/p>\n<p>Chef des Projekts \u201eArtemis\u201c wird Alex Hitzinger, der ab 1. Juni 2020 direkt an Markus Duesmann berichtet. Als bisheriger Markenvorstand f\u00fcr Technische Entwicklung bei Volkswagen Nutzfahrzeuge leitete Hitzinger als Senior Vice President zugleich im Volkswagen Konzern das Thema Autonomes Fahren. \u201eIch sch\u00e4tze Alex Hitzinger f\u00fcr seine hohe Innovationskraft und Umsetzungsst\u00e4rke. Beide Qualit\u00e4ten brauchen wir f\u00fcr gro\u00dfe technologische Fortschritte\u201c, so Audi-Chef Duesmann, der auch die Gesamtverantwortung f\u00fcr Forschung und Entwicklung im Volkswagen Konzern tr\u00e4gt. \u201eAu\u00dferdem setze ich auf seine Integrations-Kompetenz, wenn es darum geht, k\u00fcnftige Errungenschaften gemeinsam mit den Entwicklungsabteilungen unserer gro\u00dfen Konzernmarken in neue Produkte einflie\u00dfen zu lassen. Mittelfristig erwarte ich mir von Artemis eine Blaupause f\u00fcr einen schnellen und agilen Entwicklungsprozess im Konzern, so agil wie bei einem Rennteam.\u201c<\/p>\n<p>Hitzinger startete seine Automobil-Karriere als Entwicklungsingenieur bei Toyota Motorsport. Bei Ford\/Cosworth wurde er der j\u00fcngste Chefentwickler in der Formel 1. Unter seiner Leitung entstand 2006 der erste Formel-1-Motor mit einem Drehzahlband bis 20.000 Umdrehungen pro Minute. Nach Red Bull Technology kam Hitzinger erstmals in den Volkswagen Konzern und baute bei Porsche das sehr erfolgreiche Motorsport-Team auf, das von 2015 bis 2017 das 24-Stunden-Rennen von Le Mans und die Langstreckenweltmeisterschaft gewann. Nach drei Jahren bei Apple im Silicon Valley, wo er die Produktentwicklung f\u00fcr autonome Fahrzeuge aufbaute und leitete, kam Hitzinger 2019 zur\u00fcck in den Volkswagen Konzern, um autonomes Fahren und den ID. BUZZ bei VW Nutzfahrzeuge zu entwickeln.<\/p>\n<\/div>\n<\/div>\n<\/div>\n<\/div>\n<\/div>\n<\/div>\n<\/div>\n<\/div>\n","protected":false},"excerpt":{"rendered":"<p>Neuer Audi-CEO und Volkswagen-Vorstand f\u00fcr Konzernforschung und \u2011Entwicklung schafft agile Einheit f\u00fcr zus\u00e4tzliche Fahrzeugprojekte Alex Hitzinger wird \u201eArtemis\u201c in Ingolstadt aufbauen und leiten und kann daf\u00fcr Ressourcen und Technologien des Konzerns nutzen Hitzingers Team soll in Rekordzeit f\u00fcr Audi neuen Leuchtturm realisieren Zwei Monate nach seinem Antritt als neuer CEO [&hellip;]<\/p>\n","protected":false},"author":1,"featured_media":5402,"comment_status":"closed","ping_status":"open","sticky":false,"template":"","format":"standard","meta":{"jetpack_post_was_ever_published":false,"_jetpack_newsletter_access":"","_jetpack_dont_email_post_to_subs":false,"_jetpack_newsletter_tier_id":0,"_jetpack_memberships_contains_paywalled_content":false,"_jetpack_memberships_contains_paid_content":false,"footnotes":"","jetpack_publicize_message":"Markus Duesmann ruft Projekt \u201eArtemis\u201c ins Leben #audi","jetpack_publicize_feature_enabled":true,"jetpack_social_post_already_shared":true,"jetpack_social_options":{"image_generator_settings":{"template":"highway","enabled":false},"version":2}},"categories":[16],"tags":[],"class_list":["post-5401","post","type-post","status-publish","format-standard","has-post-thumbnail","hentry","category-audi-ag"],"wppr_data":{"cwp_meta_box_check":"No"},"jetpack_publicize_connections":[],"yoast_head":"<!-- This site is optimized with the Yoast SEO plugin v23.3 - https:\/\/yoast.com\/wordpress\/plugins\/seo\/ -->\n<title>Markus Duesmann ruft Projekt \u201eArtemis\u201c ins Leben - Audi Blog<\/title>\n<meta name=\"robots\" content=\"index, follow, max-snippet:-1, max-image-preview:large, max-video-preview:-1\" \/>\n<link rel=\"canonical\" href=\"https:\/\/www.tts-freunde.de\/blog\/2020\/06\/04\/markus-duesmann-ruft-projekt-artemis-ins-leben\/\" \/>\n<meta property=\"og:locale\" content=\"de_DE\" \/>\n<meta property=\"og:type\" content=\"article\" \/>\n<meta property=\"og:title\" content=\"Markus Duesmann ruft Projekt \u201eArtemis\u201c ins Leben - Audi Blog\" \/>\n<meta property=\"og:description\" content=\"Neuer Audi-CEO und Volkswagen-Vorstand f\u00fcr Konzernforschung und \u2011Entwicklung schafft agile Einheit f\u00fcr zus\u00e4tzliche Fahrzeugprojekte Alex Hitzinger wird \u201eArtemis\u201c in Ingolstadt aufbauen und leiten und kann daf\u00fcr Ressourcen und Technologien des Konzerns nutzen Hitzingers Team soll in Rekordzeit f\u00fcr Audi neuen Leuchtturm realisieren Zwei Monate nach seinem Antritt als neuer CEO [&hellip;]\" \/>\n<meta property=\"og:url\" content=\"https:\/\/www.tts-freunde.de\/blog\/2020\/06\/04\/markus-duesmann-ruft-projekt-artemis-ins-leben\/\" \/>\n<meta property=\"og:site_name\" content=\"Audi Blog\" \/>\n<meta property=\"article:published_time\" content=\"2020-06-04T15:57:59+00:00\" \/>\n<meta property=\"og:image\" content=\"https:\/\/www.tts-freunde.de\/blog\/wp-content\/uploads\/2020\/06\/Projekt-\u201eArtemis\u201c.jpg\" \/>\n\t<meta property=\"og:image:width\" content=\"595\" \/>\n\t<meta property=\"og:image:height\" content=\"397\" \/>\n\t<meta property=\"og:image:type\" content=\"image\/jpeg\" \/>\n<meta name=\"author\" content=\"admin\" \/>\n<meta name=\"twitter:card\" content=\"summary_large_image\" \/>\n<meta name=\"twitter:label1\" content=\"Verfasst von\" \/>\n\t<meta name=\"twitter:data1\" content=\"admin\" \/>\n\t<meta name=\"twitter:label2\" content=\"Gesch\u00e4tzte Lesezeit\" \/>\n\t<meta name=\"twitter:data2\" content=\"3\u00a0Minuten\" \/>\n<script type=\"application\/ld+json\" class=\"yoast-schema-graph\">{\"@context\":\"https:\/\/schema.org\",\"@graph\":[{\"@type\":\"Article\",\"@id\":\"https:\/\/www.tts-freunde.de\/blog\/2020\/06\/04\/markus-duesmann-ruft-projekt-artemis-ins-leben\/#article\",\"isPartOf\":{\"@id\":\"https:\/\/www.tts-freunde.de\/blog\/2020\/06\/04\/markus-duesmann-ruft-projekt-artemis-ins-leben\/\"},\"author\":{\"name\":\"admin\",\"@id\":\"https:\/\/www.tts-freunde.de\/blog\/#\/schema\/person\/b67f6a54e98f013bd281dbe05514b701\"},\"headline\":\"Markus Duesmann ruft Projekt \u201eArtemis\u201c ins Leben\",\"datePublished\":\"2020-06-04T15:57:59+00:00\",\"dateModified\":\"2020-06-04T15:57:59+00:00\",\"mainEntityOfPage\":{\"@id\":\"https:\/\/www.tts-freunde.de\/blog\/2020\/06\/04\/markus-duesmann-ruft-projekt-artemis-ins-leben\/\"},\"wordCount\":584,\"publisher\":{\"@id\":\"https:\/\/www.tts-freunde.de\/blog\/#organization\"},\"image\":{\"@id\":\"https:\/\/www.tts-freunde.de\/blog\/2020\/06\/04\/markus-duesmann-ruft-projekt-artemis-ins-leben\/#primaryimage\"},\"thumbnailUrl\":\"https:\/\/www.tts-freunde.de\/blog\/wp-content\/uploads\/2020\/06\/Projekt-\u201eArtemis\u201c.jpg\",\"articleSection\":[\"Audi AG\"],\"inLanguage\":\"de\"},{\"@type\":\"WebPage\",\"@id\":\"https:\/\/www.tts-freunde.de\/blog\/2020\/06\/04\/markus-duesmann-ruft-projekt-artemis-ins-leben\/\",\"url\":\"https:\/\/www.tts-freunde.de\/blog\/2020\/06\/04\/markus-duesmann-ruft-projekt-artemis-ins-leben\/\",\"name\":\"Markus Duesmann ruft Projekt \u201eArtemis\u201c ins Leben - Audi Blog\",\"isPartOf\":{\"@id\":\"https:\/\/www.tts-freunde.de\/blog\/#website\"},\"primaryImageOfPage\":{\"@id\":\"https:\/\/www.tts-freunde.de\/blog\/2020\/06\/04\/markus-duesmann-ruft-projekt-artemis-ins-leben\/#primaryimage\"},\"image\":{\"@id\":\"https:\/\/www.tts-freunde.de\/blog\/2020\/06\/04\/markus-duesmann-ruft-projekt-artemis-ins-leben\/#primaryimage\"},\"thumbnailUrl\":\"https:\/\/www.tts-freunde.de\/blog\/wp-content\/uploads\/2020\/06\/Projekt-\u201eArtemis\u201c.jpg\",\"datePublished\":\"2020-06-04T15:57:59+00:00\",\"dateModified\":\"2020-06-04T15:57:59+00:00\",\"breadcrumb\":{\"@id\":\"https:\/\/www.tts-freunde.de\/blog\/2020\/06\/04\/markus-duesmann-ruft-projekt-artemis-ins-leben\/#breadcrumb\"},\"inLanguage\":\"de\",\"potentialAction\":[{\"@type\":\"ReadAction\",\"target\":[\"https:\/\/www.tts-freunde.de\/blog\/2020\/06\/04\/markus-duesmann-ruft-projekt-artemis-ins-leben\/\"]}]},{\"@type\":\"ImageObject\",\"inLanguage\":\"de\",\"@id\":\"https:\/\/www.tts-freunde.de\/blog\/2020\/06\/04\/markus-duesmann-ruft-projekt-artemis-ins-leben\/#primaryimage\",\"url\":\"https:\/\/www.tts-freunde.de\/blog\/wp-content\/uploads\/2020\/06\/Projekt-\u201eArtemis\u201c.jpg\",\"contentUrl\":\"https:\/\/www.tts-freunde.de\/blog\/wp-content\/uploads\/2020\/06\/Projekt-\u201eArtemis\u201c.jpg\",\"width\":595,\"height\":397,\"caption\":\"Until 2024 the project \u201cArtemis\u201d will create an highly efficient electric car for Audi with agile processes.\"},{\"@type\":\"BreadcrumbList\",\"@id\":\"https:\/\/www.tts-freunde.de\/blog\/2020\/06\/04\/markus-duesmann-ruft-projekt-artemis-ins-leben\/#breadcrumb\",\"itemListElement\":[{\"@type\":\"ListItem\",\"position\":1,\"name\":\"Home\",\"item\":\"https:\/\/www.tts-freunde.de\/blog\/\"},{\"@type\":\"ListItem\",\"position\":2,\"name\":\"Markus Duesmann ruft Projekt \u201eArtemis\u201c ins Leben\"}]},{\"@type\":\"WebSite\",\"@id\":\"https:\/\/www.tts-freunde.de\/blog\/#website\",\"url\":\"https:\/\/www.tts-freunde.de\/blog\/\",\"name\":\"Audi Blog\",\"description\":\"Deutscher Audi Blog - TTS-Freunde\",\"publisher\":{\"@id\":\"https:\/\/www.tts-freunde.de\/blog\/#organization\"},\"potentialAction\":[{\"@type\":\"SearchAction\",\"target\":{\"@type\":\"EntryPoint\",\"urlTemplate\":\"https:\/\/www.tts-freunde.de\/blog\/?s={search_term_string}\"},\"query-input\":\"required name=search_term_string\"}],\"inLanguage\":\"de\"},{\"@type\":\"Organization\",\"@id\":\"https:\/\/www.tts-freunde.de\/blog\/#organization\",\"name\":\"Audi Blog\",\"url\":\"https:\/\/www.tts-freunde.de\/blog\/\",\"logo\":{\"@type\":\"ImageObject\",\"inLanguage\":\"de\",\"@id\":\"https:\/\/www.tts-freunde.de\/blog\/#\/schema\/logo\/image\/\",\"url\":\"https:\/\/www.tts-freunde.de\/blog\/wp-content\/uploads\/2022\/12\/logo_2022.jpg\",\"contentUrl\":\"https:\/\/www.tts-freunde.de\/blog\/wp-content\/uploads\/2022\/12\/logo_2022.jpg\",\"width\":240,\"height\":41,\"caption\":\"Audi Blog\"},\"image\":{\"@id\":\"https:\/\/www.tts-freunde.de\/blog\/#\/schema\/logo\/image\/\"}},{\"@type\":\"Person\",\"@id\":\"https:\/\/www.tts-freunde.de\/blog\/#\/schema\/person\/b67f6a54e98f013bd281dbe05514b701\",\"name\":\"admin\",\"image\":{\"@type\":\"ImageObject\",\"inLanguage\":\"de\",\"@id\":\"https:\/\/www.tts-freunde.de\/blog\/#\/schema\/person\/image\/\",\"url\":\"https:\/\/secure.gravatar.com\/avatar\/08a4bd330e25056ddb430c28136b38a6?s=96&d=mm&r=g\",\"contentUrl\":\"https:\/\/secure.gravatar.com\/avatar\/08a4bd330e25056ddb430c28136b38a6?s=96&d=mm&r=g\",\"caption\":\"admin\"},\"sameAs\":[\"http:\/\/www.tts-freunde.de\"],\"url\":\"https:\/\/www.tts-freunde.de\/blog\/author\/admin\/\"}]}<\/script>\n<!-- \/ Yoast SEO plugin. -->","yoast_head_json":{"title":"Markus Duesmann ruft Projekt \u201eArtemis\u201c ins Leben - Audi Blog","robots":{"index":"index","follow":"follow","max-snippet":"max-snippet:-1","max-image-preview":"max-image-preview:large","max-video-preview":"max-video-preview:-1"},"canonical":"https:\/\/www.tts-freunde.de\/blog\/2020\/06\/04\/markus-duesmann-ruft-projekt-artemis-ins-leben\/","og_locale":"de_DE","og_type":"article","og_title":"Markus Duesmann ruft Projekt \u201eArtemis\u201c ins Leben - Audi Blog","og_description":"Neuer Audi-CEO und Volkswagen-Vorstand f\u00fcr Konzernforschung und \u2011Entwicklung schafft agile Einheit f\u00fcr zus\u00e4tzliche Fahrzeugprojekte Alex Hitzinger wird \u201eArtemis\u201c in Ingolstadt aufbauen und leiten und kann daf\u00fcr Ressourcen und Technologien des Konzerns nutzen Hitzingers Team soll in Rekordzeit f\u00fcr Audi neuen Leuchtturm realisieren Zwei Monate nach seinem Antritt als neuer CEO [&hellip;]","og_url":"https:\/\/www.tts-freunde.de\/blog\/2020\/06\/04\/markus-duesmann-ruft-projekt-artemis-ins-leben\/","og_site_name":"Audi Blog","article_published_time":"2020-06-04T15:57:59+00:00","og_image":[{"width":595,"height":397,"url":"https:\/\/www.tts-freunde.de\/blog\/wp-content\/uploads\/2020\/06\/Projekt-\u201eArtemis\u201c.jpg","type":"image\/jpeg"}],"author":"admin","twitter_card":"summary_large_image","twitter_misc":{"Verfasst von":"admin","Gesch\u00e4tzte Lesezeit":"3\u00a0Minuten"},"schema":{"@context":"https:\/\/schema.org","@graph":[{"@type":"Article","@id":"https:\/\/www.tts-freunde.de\/blog\/2020\/06\/04\/markus-duesmann-ruft-projekt-artemis-ins-leben\/#article","isPartOf":{"@id":"https:\/\/www.tts-freunde.de\/blog\/2020\/06\/04\/markus-duesmann-ruft-projekt-artemis-ins-leben\/"},"author":{"name":"admin","@id":"https:\/\/www.tts-freunde.de\/blog\/#\/schema\/person\/b67f6a54e98f013bd281dbe05514b701"},"headline":"Markus Duesmann ruft Projekt \u201eArtemis\u201c ins Leben","datePublished":"2020-06-04T15:57:59+00:00","dateModified":"2020-06-04T15:57:59+00:00","mainEntityOfPage":{"@id":"https:\/\/www.tts-freunde.de\/blog\/2020\/06\/04\/markus-duesmann-ruft-projekt-artemis-ins-leben\/"},"wordCount":584,"publisher":{"@id":"https:\/\/www.tts-freunde.de\/blog\/#organization"},"image":{"@id":"https:\/\/www.tts-freunde.de\/blog\/2020\/06\/04\/markus-duesmann-ruft-projekt-artemis-ins-leben\/#primaryimage"},"thumbnailUrl":"https:\/\/www.tts-freunde.de\/blog\/wp-content\/uploads\/2020\/06\/Projekt-\u201eArtemis\u201c.jpg","articleSection":["Audi AG"],"inLanguage":"de"},{"@type":"WebPage","@id":"https:\/\/www.tts-freunde.de\/blog\/2020\/06\/04\/markus-duesmann-ruft-projekt-artemis-ins-leben\/","url":"https:\/\/www.tts-freunde.de\/blog\/2020\/06\/04\/markus-duesmann-ruft-projekt-artemis-ins-leben\/","name":"Markus Duesmann ruft Projekt \u201eArtemis\u201c ins Leben - Audi Blog","isPartOf":{"@id":"https:\/\/www.tts-freunde.de\/blog\/#website"},"primaryImageOfPage":{"@id":"https:\/\/www.tts-freunde.de\/blog\/2020\/06\/04\/markus-duesmann-ruft-projekt-artemis-ins-leben\/#primaryimage"},"image":{"@id":"https:\/\/www.tts-freunde.de\/blog\/2020\/06\/04\/markus-duesmann-ruft-projekt-artemis-ins-leben\/#primaryimage"},"thumbnailUrl":"https:\/\/www.tts-freunde.de\/blog\/wp-content\/uploads\/2020\/06\/Projekt-\u201eArtemis\u201c.jpg","datePublished":"2020-06-04T15:57:59+00:00","dateModified":"2020-06-04T15:57:59+00:00","breadcrumb":{"@id":"https:\/\/www.tts-freunde.de\/blog\/2020\/06\/04\/markus-duesmann-ruft-projekt-artemis-ins-leben\/#breadcrumb"},"inLanguage":"de","potentialAction":[{"@type":"ReadAction","target":["https:\/\/www.tts-freunde.de\/blog\/2020\/06\/04\/markus-duesmann-ruft-projekt-artemis-ins-leben\/"]}]},{"@type":"ImageObject","inLanguage":"de","@id":"https:\/\/www.tts-freunde.de\/blog\/2020\/06\/04\/markus-duesmann-ruft-projekt-artemis-ins-leben\/#primaryimage","url":"https:\/\/www.tts-freunde.de\/blog\/wp-content\/uploads\/2020\/06\/Projekt-\u201eArtemis\u201c.jpg","contentUrl":"https:\/\/www.tts-freunde.de\/blog\/wp-content\/uploads\/2020\/06\/Projekt-\u201eArtemis\u201c.jpg","width":595,"height":397,"caption":"Until 2024 the project \u201cArtemis\u201d will create an highly efficient electric car for Audi with agile processes."},{"@type":"BreadcrumbList","@id":"https:\/\/www.tts-freunde.de\/blog\/2020\/06\/04\/markus-duesmann-ruft-projekt-artemis-ins-leben\/#breadcrumb","itemListElement":[{"@type":"ListItem","position":1,"name":"Home","item":"https:\/\/www.tts-freunde.de\/blog\/"},{"@type":"ListItem","position":2,"name":"Markus Duesmann ruft Projekt \u201eArtemis\u201c ins Leben"}]},{"@type":"WebSite","@id":"https:\/\/www.tts-freunde.de\/blog\/#website","url":"https:\/\/www.tts-freunde.de\/blog\/","name":"Audi Blog","description":"Deutscher Audi Blog - TTS-Freunde","publisher":{"@id":"https:\/\/www.tts-freunde.de\/blog\/#organization"},"potentialAction":[{"@type":"SearchAction","target":{"@type":"EntryPoint","urlTemplate":"https:\/\/www.tts-freunde.de\/blog\/?s={search_term_string}"},"query-input":"required name=search_term_string"}],"inLanguage":"de"},{"@type":"Organization","@id":"https:\/\/www.tts-freunde.de\/blog\/#organization","name":"Audi Blog","url":"https:\/\/www.tts-freunde.de\/blog\/","logo":{"@type":"ImageObject","inLanguage":"de","@id":"https:\/\/www.tts-freunde.de\/blog\/#\/schema\/logo\/image\/","url":"https:\/\/www.tts-freunde.de\/blog\/wp-content\/uploads\/2022\/12\/logo_2022.jpg","contentUrl":"https:\/\/www.tts-freunde.de\/blog\/wp-content\/uploads\/2022\/12\/logo_2022.jpg","width":240,"height":41,"caption":"Audi Blog"},"image":{"@id":"https:\/\/www.tts-freunde.de\/blog\/#\/schema\/logo\/image\/"}},{"@type":"Person","@id":"https:\/\/www.tts-freunde.de\/blog\/#\/schema\/person\/b67f6a54e98f013bd281dbe05514b701","name":"admin","image":{"@type":"ImageObject","inLanguage":"de","@id":"https:\/\/www.tts-freunde.de\/blog\/#\/schema\/person\/image\/","url":"https:\/\/secure.gravatar.com\/avatar\/08a4bd330e25056ddb430c28136b38a6?s=96&d=mm&r=g","contentUrl":"https:\/\/secure.gravatar.com\/avatar\/08a4bd330e25056ddb430c28136b38a6?s=96&d=mm&r=g","caption":"admin"},"sameAs":["http:\/\/www.tts-freunde.de"],"url":"https:\/\/www.tts-freunde.de\/blog\/author\/admin\/"}]}},"jetpack_sharing_enabled":true,"jetpack_featured_media_url":"https:\/\/www.tts-freunde.de\/blog\/wp-content\/uploads\/2020\/06\/Projekt-\u201eArtemis\u201c.jpg","jetpack_shortlink":"https:\/\/wp.me\/p67hWW-1p7","jetpack_likes_enabled":false,"jetpack-related-posts":[],"_links":{"self":[{"href":"https:\/\/www.tts-freunde.de\/blog\/wp-json\/wp\/v2\/posts\/5401"}],"collection":[{"href":"https:\/\/www.tts-freunde.de\/blog\/wp-json\/wp\/v2\/posts"}],"about":[{"href":"https:\/\/www.tts-freunde.de\/blog\/wp-json\/wp\/v2\/types\/post"}],"author":[{"embeddable":true,"href":"https:\/\/www.tts-freunde.de\/blog\/wp-json\/wp\/v2\/users\/1"}],"replies":[{"embeddable":true,"href":"https:\/\/www.tts-freunde.de\/blog\/wp-json\/wp\/v2\/comments?post=5401"}],"version-history":[{"count":1,"href":"https:\/\/www.tts-freunde.de\/blog\/wp-json\/wp\/v2\/posts\/5401\/revisions"}],"predecessor-version":[{"id":5403,"href":"https:\/\/www.tts-freunde.de\/blog\/wp-json\/wp\/v2\/posts\/5401\/revisions\/5403"}],"wp:featuredmedia":[{"embeddable":true,"href":"https:\/\/www.tts-freunde.de\/blog\/wp-json\/wp\/v2\/media\/5402"}],"wp:attachment":[{"href":"https:\/\/www.tts-freunde.de\/blog\/wp-json\/wp\/v2\/media?parent=5401"}],"wp:term":[{"taxonomy":"category","embeddable":true,"href":"https:\/\/www.tts-freunde.de\/blog\/wp-json\/wp\/v2\/categories?post=5401"},{"taxonomy":"post_tag","embeddable":true,"href":"https:\/\/www.tts-freunde.de\/blog\/wp-json\/wp\/v2\/tags?post=5401"}],"curies":[{"name":"wp","href":"https:\/\/api.w.org\/{rel}","templated":true}]}}