{"id":5617,"date":"2021-06-16T20:52:42","date_gmt":"2021-06-16T18:52:42","guid":{"rendered":"https:\/\/www.tts-freunde.de\/blog\/?p=5617"},"modified":"2021-06-16T20:52:42","modified_gmt":"2021-06-16T18:52:42","slug":"lights-of-europe-die-audi-sommerkonzerte-2021-open-air-digital","status":"publish","type":"post","link":"https:\/\/www.tts-freunde.de\/blog\/2021\/06\/16\/lights-of-europe-die-audi-sommerkonzerte-2021-open-air-digital\/","title":{"rendered":"Lights of Europe!  Die Audi Sommerkonzerte 2021: Open Air &#038; digital"},"content":{"rendered":"<ul>\n<li>Zehn Konzerte in Ingolstadt folgen dem Motto \u201eLights of Europe\u201c<\/li>\n<li>Eines der ersten Festivals in Deutschland, das vom 1. bis 4. Juli 2021stattfindet<\/li>\n<li>Personalvorst\u00e4ndin Sabine Maa\u00dfen: \u201eAuch in Zeiten der Unsicherheit stehen wir zu unserem Kulturengagement.\u201c<\/li>\n<\/ul>\n<div class=\"page-row\">\n<div id=\"item-56ce88b2-2b30-4eb3-99cd-249923f7755a\" class=\"page-item--intro\">\n<div class=\"intro-text\">\n<p>Die diesj\u00e4hrigen Audi Sommerkonzerte finden vom 1. bis 4. Juli 2021 als Open-Air-Festival in Ingolstadt unter dem Motto \u201eLights of Europe\u201d statt. Am 2. Juli werden die Audi Sommerkonzerte zudem weltweit digital erlebbar sein. Auf Einladung der k\u00fcnstlerischen Leiterin, Stargeigerin Lisa Batiashvili, kommen hochkar\u00e4tige K\u00fcnstler_innen in Ingolstadt zusammen, um mit viel Spiel- und Experimentierfreude die kulturelle Vielfalt Europas zu feiern. Audi l\u00e4dt ein, die R\u00fcckkehr der Kultur auf die B\u00fchne gemeinsam zu erleben. Alle Konzerte sind daher in diesem Jahr kostenfrei.<\/p>\n<\/div>\n<\/div>\n<\/div>\n<div class=\"page-row-spacer -intro\">\n<div id=\"attachment_5618\" style=\"width: 310px\" class=\"wp-caption alignleft\"><a href=\"https:\/\/www.tts-freunde.de\/blog\/wp-content\/uploads\/2021\/06\/Audi-Sommerkonzerte-2021.jpg\"><img loading=\"lazy\" decoding=\"async\" aria-describedby=\"caption-attachment-5618\" data-attachment-id=\"5618\" data-permalink=\"https:\/\/www.tts-freunde.de\/blog\/2021\/06\/16\/lights-of-europe-die-audi-sommerkonzerte-2021-open-air-digital\/audi-sommerkonzerte-2021\/\" data-orig-file=\"https:\/\/www.tts-freunde.de\/blog\/wp-content\/uploads\/2021\/06\/Audi-Sommerkonzerte-2021.jpg\" data-orig-size=\"1920,1224\" data-comments-opened=\"0\" data-image-meta=\"{&quot;aperture&quot;:&quot;0&quot;,&quot;credit&quot;:&quot;&quot;,&quot;camera&quot;:&quot;&quot;,&quot;caption&quot;:&quot;&quot;,&quot;created_timestamp&quot;:&quot;0&quot;,&quot;copyright&quot;:&quot;&quot;,&quot;focal_length&quot;:&quot;0&quot;,&quot;iso&quot;:&quot;0&quot;,&quot;shutter_speed&quot;:&quot;0&quot;,&quot;title&quot;:&quot;&quot;,&quot;orientation&quot;:&quot;0&quot;}\" data-image-title=\"Audi Sommerkonzerte 2021\" data-image-description=\"&lt;p&gt;Audi Sommerkonzerte 2021&lt;\/p&gt;\n\" data-image-caption=\"&lt;p&gt;Audi Sommerkonzerte 2021&lt;\/p&gt;\n\" data-medium-file=\"https:\/\/www.tts-freunde.de\/blog\/wp-content\/uploads\/2021\/06\/Audi-Sommerkonzerte-2021-300x191.jpg\" data-large-file=\"https:\/\/www.tts-freunde.de\/blog\/wp-content\/uploads\/2021\/06\/Audi-Sommerkonzerte-2021-1024x653.jpg\" tabindex=\"0\" role=\"button\" class=\"size-medium wp-image-5618\" src=\"https:\/\/www.tts-freunde.de\/blog\/wp-content\/uploads\/2021\/06\/Audi-Sommerkonzerte-2021-300x191.jpg\" alt=\"Audi Sommerkonzerte 2021\" width=\"300\" height=\"191\" srcset=\"https:\/\/www.tts-freunde.de\/blog\/wp-content\/uploads\/2021\/06\/Audi-Sommerkonzerte-2021-300x191.jpg 300w, https:\/\/www.tts-freunde.de\/blog\/wp-content\/uploads\/2021\/06\/Audi-Sommerkonzerte-2021-1024x653.jpg 1024w, https:\/\/www.tts-freunde.de\/blog\/wp-content\/uploads\/2021\/06\/Audi-Sommerkonzerte-2021-768x490.jpg 768w, https:\/\/www.tts-freunde.de\/blog\/wp-content\/uploads\/2021\/06\/Audi-Sommerkonzerte-2021-1536x979.jpg 1536w, https:\/\/www.tts-freunde.de\/blog\/wp-content\/uploads\/2021\/06\/Audi-Sommerkonzerte-2021-50x32.jpg 50w, https:\/\/www.tts-freunde.de\/blog\/wp-content\/uploads\/2021\/06\/Audi-Sommerkonzerte-2021.jpg 1920w\" sizes=\"(max-width: 300px) 100vw, 300px\" \/><\/a><p id=\"caption-attachment-5618\" class=\"wp-caption-text\">Audi Sommerkonzerte 2021<\/p><\/div>\n<\/div>\n<div class=\"page-row\">\n<div id=\"item-04b11493-f20f-49ad-b840-dabe330067e5\" class=\"page-item--text\">\n<div class=\"text-block style-links-for-body-text\">\n<p>Mit dem aktuellen Pandemie-Geschehen finden die Audi Sommerkonzerte 2021 erstmals komplett im Freien vor Publikum statt. Gemeinsam mit der k\u00fcnstlerischen Leiterin <a href=\"http:\/\/www.lisabatiashvili.com\/\" target=\"_blank\" rel=\"noopener nofollow\">Lisa Batiashvili<\/a> ist Audi \u00fcberzeugt, dass Musik gerade jetzt zur\u00fcck auf die B\u00fchne geh\u00f6rt. \u201eAuch in Zeiten der Unsicherheit stehen wir zu unserem Kulturengagement und finden kreative Wege, Musik zu den Menschen zu bringen. In 2021 nehmen wir die Sommerkonzerte w\u00f6rtlich: Wir gehen raus in die Natur und bringen den Klenzepark erstmals ins Netz\u201c, fasst Sabine Maa\u00dfen, Vorst\u00e4ndin f\u00fcr Personal und Organisation, zusammen.<\/p>\n<p>Der Innenhof des Turm Triva dient als neue Konzertb\u00fchne. Auftakt und Ende des Festivals finden dort mit K\u00fcnstler_innen wie dem weltbekannten Mandolinenspieler Avi Avital (1. Juli, 18 Uhr) oder dem Vokalensemble LauschWerk (4. Juli, 20.30 Uhr) statt. Die gro\u00dfe B\u00fchne im Klenzepark, bekannt als Ort der Audi Klassik Open Air Konzerte, wird die Hauptb\u00fchne der Audi Sommerkonzerte. Besucher_innen k\u00f6nnen dort in insgesamt vier Konzerten wieder gemeinsam Musik erleben \u2013 mit Ensembles wie Philharmonix (4. Juli, 15 Uhr), dem Georgischen Kammerorchester Ingolstadt (3. Juli, 20.30 Uhr) oder der Audi Bl\u00e4serphilharmonie (3. Juli, 11 Uhr). Auch sind die Audi Sommerkonzerte erstmals zu Gast auf der Landesgartenschau. Dort spielt Till Br\u00f6nner mit seiner Band St\u00fccke aus seinem Album \u201eOn Vacation\u201c (1. Juli, 20.30 Uhr).<\/p>\n<p>Ein Highlight ist der Livestream: Unter dem Motto \u201eLet\u2019s celebrate music!\u201c feiert Lisa Batiashvili mit dem legend\u00e4ren Orchestra dell\u2018Accademia Nazionale di Santa Cecilia &#8211; Roma und Sir Antonio Pappano die R\u00fcckkehr der Kultur auf die gro\u00dfe B\u00fchne (2. Juli, 20.30 Uhr). Das Konzert wird live aus dem Ingolst\u00e4dter Klenzepark ins World Wide Web gestreamt, moderiert von der Weltklassehornistin Sarah Willis. Im Anschluss daran schafft Paul van Dyk, einer der bekanntesten DJs der Welt, mit seiner elektronischen Tanzmusik eine perfekte Querverbindung zwischen Klassik und Elektro. Ungew\u00f6hnlich ist auch der Ort des rein digitalen Konzerts: die EMV-Halle mit ihren futuristisch wirkenden Absorbern, in der Audi sonst die gesamte Elektronik seiner Fahrzeuge gegen\u00fcber elektromagnetischen Wellen pr\u00fcft. Musik, die Grenzen \u00fcberschreitet und im Livestream Menschen in Europa und in aller Welt miteinander verbindet.<\/p>\n<p>Mit dieser Hybridveranstaltung will Audi an den digitalen Erfolg der Konzertstreamings aus dem vergangenen Jahr ankn\u00fcpfen: Weltweit sollen Menschen an den Audi Sommerkonzerten in Ingolstadt teilhaben k\u00f6nnen, so dass klassische Musik als einer der wichtigsten Kultursch\u00e4tze Europas einem breiten Publikum zug\u00e4nglich ist.<\/p>\n<p>Auch die Kommunikation wird digital: zum ersten Mal mit visuellem Storytelling im Online-Magazin \u201eLights of Europe\u201c. Unter <a href=\"http:\/\/www.sommerkonzerte-digital.de\/\" target=\"_blank\" rel=\"noopener nofollow\">www.sommerkonzerte-digital.de<\/a> werden w\u00f6chentlich Geschichten, Hintergr\u00fcnde und K\u00fcnstlerportr\u00e4ts rund um das Festival in Deutsch und Englisch ver\u00f6ffentlicht. F\u00fcr die Lekt\u00fcre unterwegs ist die Darstellung f\u00fcr mobile Endger\u00e4te optimiert.<\/p>\n<p><strong>Die Vorabregistrierung und Kartenreservierung beginnt am 17. Juni, 10 Uhr, unter <\/strong><a href=\"http:\/\/www.sommerkonzerte.de\/\" target=\"_blank\" rel=\"noopener nofollow\"><strong>www.sommerkonzerte.de<\/strong><\/a><\/p>\n<p><strong>Alle aktuellen Informationen zum Konzertbesuch, Hygienema\u00dfnahmen etc.: <\/strong><a href=\"http:\/\/www.sommerkonzerte.de\/\" target=\"_blank\" rel=\"noopener nofollow\"><strong>www.sommerkonzerte.de<\/strong><\/a><\/p>\n<p><strong>Das digitale Magazin der Audi Sommerkonzerte 2021: <\/strong><a href=\"http:\/\/www.sommerkonzerte-digital.de\/\" target=\"_blank\" rel=\"noopener nofollow\"><strong>www.sommerkonzerte-digital.de<\/strong><\/a><\/p>\n<\/div>\n<\/div>\n<\/div>\n","protected":false},"excerpt":{"rendered":"<p>Zehn Konzerte in Ingolstadt folgen dem Motto \u201eLights of Europe\u201c Eines der ersten Festivals in Deutschland, das vom 1. bis 4. Juli 2021stattfindet Personalvorst\u00e4ndin Sabine Maa\u00dfen: \u201eAuch in Zeiten der Unsicherheit stehen wir zu unserem Kulturengagement.\u201c Die diesj\u00e4hrigen Audi Sommerkonzerte finden vom 1. bis 4. Juli 2021 als Open-Air-Festival in [&hellip;]<\/p>\n","protected":false},"author":1,"featured_media":5618,"comment_status":"closed","ping_status":"open","sticky":false,"template":"","format":"standard","meta":{"jetpack_post_was_ever_published":false,"_jetpack_newsletter_access":"","_jetpack_dont_email_post_to_subs":false,"_jetpack_newsletter_tier_id":0,"_jetpack_memberships_contains_paywalled_content":false,"_jetpack_memberships_contains_paid_content":false,"footnotes":"","jetpack_publicize_message":"","jetpack_publicize_feature_enabled":true,"jetpack_social_post_already_shared":true,"jetpack_social_options":{"image_generator_settings":{"template":"highway","enabled":false},"version":2}},"categories":[16],"tags":[],"class_list":["post-5617","post","type-post","status-publish","format-standard","has-post-thumbnail","hentry","category-audi-ag"],"wppr_data":{"cwp_meta_box_check":"No"},"jetpack_publicize_connections":[],"yoast_head":"<!-- This site is optimized with the Yoast SEO plugin v23.3 - https:\/\/yoast.com\/wordpress\/plugins\/seo\/ -->\n<title>Lights of Europe! Die Audi Sommerkonzerte 2021: Open Air &amp; digital - Audi Blog<\/title>\n<meta name=\"robots\" content=\"index, follow, max-snippet:-1, max-image-preview:large, max-video-preview:-1\" \/>\n<link rel=\"canonical\" href=\"https:\/\/www.tts-freunde.de\/blog\/2021\/06\/16\/lights-of-europe-die-audi-sommerkonzerte-2021-open-air-digital\/\" \/>\n<meta property=\"og:locale\" content=\"de_DE\" \/>\n<meta property=\"og:type\" content=\"article\" \/>\n<meta property=\"og:title\" content=\"Lights of Europe! Die Audi Sommerkonzerte 2021: Open Air &amp; digital - Audi Blog\" \/>\n<meta property=\"og:description\" content=\"Zehn Konzerte in Ingolstadt folgen dem Motto \u201eLights of Europe\u201c Eines der ersten Festivals in Deutschland, das vom 1. bis 4. Juli 2021stattfindet Personalvorst\u00e4ndin Sabine Maa\u00dfen: \u201eAuch in Zeiten der Unsicherheit stehen wir zu unserem Kulturengagement.\u201c Die diesj\u00e4hrigen Audi Sommerkonzerte finden vom 1. bis 4. Juli 2021 als Open-Air-Festival in [&hellip;]\" \/>\n<meta property=\"og:url\" content=\"https:\/\/www.tts-freunde.de\/blog\/2021\/06\/16\/lights-of-europe-die-audi-sommerkonzerte-2021-open-air-digital\/\" \/>\n<meta property=\"og:site_name\" content=\"Audi Blog\" \/>\n<meta property=\"article:published_time\" content=\"2021-06-16T18:52:42+00:00\" \/>\n<meta property=\"og:image\" content=\"https:\/\/www.tts-freunde.de\/blog\/wp-content\/uploads\/2021\/06\/Audi-Sommerkonzerte-2021.jpg\" \/>\n\t<meta property=\"og:image:width\" content=\"1920\" \/>\n\t<meta property=\"og:image:height\" content=\"1224\" \/>\n\t<meta property=\"og:image:type\" content=\"image\/jpeg\" \/>\n<meta name=\"author\" content=\"admin\" \/>\n<meta name=\"twitter:card\" content=\"summary_large_image\" \/>\n<meta name=\"twitter:label1\" content=\"Verfasst von\" \/>\n\t<meta name=\"twitter:data1\" content=\"admin\" \/>\n\t<meta name=\"twitter:label2\" content=\"Gesch\u00e4tzte Lesezeit\" \/>\n\t<meta name=\"twitter:data2\" content=\"3\u00a0Minuten\" \/>\n<script type=\"application\/ld+json\" class=\"yoast-schema-graph\">{\"@context\":\"https:\/\/schema.org\",\"@graph\":[{\"@type\":\"Article\",\"@id\":\"https:\/\/www.tts-freunde.de\/blog\/2021\/06\/16\/lights-of-europe-die-audi-sommerkonzerte-2021-open-air-digital\/#article\",\"isPartOf\":{\"@id\":\"https:\/\/www.tts-freunde.de\/blog\/2021\/06\/16\/lights-of-europe-die-audi-sommerkonzerte-2021-open-air-digital\/\"},\"author\":{\"name\":\"admin\",\"@id\":\"https:\/\/www.tts-freunde.de\/blog\/#\/schema\/person\/b67f6a54e98f013bd281dbe05514b701\"},\"headline\":\"Lights of Europe! Die Audi Sommerkonzerte 2021: Open Air &#038; digital\",\"datePublished\":\"2021-06-16T18:52:42+00:00\",\"dateModified\":\"2021-06-16T18:52:42+00:00\",\"mainEntityOfPage\":{\"@id\":\"https:\/\/www.tts-freunde.de\/blog\/2021\/06\/16\/lights-of-europe-die-audi-sommerkonzerte-2021-open-air-digital\/\"},\"wordCount\":618,\"publisher\":{\"@id\":\"https:\/\/www.tts-freunde.de\/blog\/#organization\"},\"image\":{\"@id\":\"https:\/\/www.tts-freunde.de\/blog\/2021\/06\/16\/lights-of-europe-die-audi-sommerkonzerte-2021-open-air-digital\/#primaryimage\"},\"thumbnailUrl\":\"https:\/\/www.tts-freunde.de\/blog\/wp-content\/uploads\/2021\/06\/Audi-Sommerkonzerte-2021.jpg\",\"articleSection\":[\"Audi AG\"],\"inLanguage\":\"de\"},{\"@type\":\"WebPage\",\"@id\":\"https:\/\/www.tts-freunde.de\/blog\/2021\/06\/16\/lights-of-europe-die-audi-sommerkonzerte-2021-open-air-digital\/\",\"url\":\"https:\/\/www.tts-freunde.de\/blog\/2021\/06\/16\/lights-of-europe-die-audi-sommerkonzerte-2021-open-air-digital\/\",\"name\":\"Lights of Europe! Die Audi Sommerkonzerte 2021: Open Air & digital - Audi Blog\",\"isPartOf\":{\"@id\":\"https:\/\/www.tts-freunde.de\/blog\/#website\"},\"primaryImageOfPage\":{\"@id\":\"https:\/\/www.tts-freunde.de\/blog\/2021\/06\/16\/lights-of-europe-die-audi-sommerkonzerte-2021-open-air-digital\/#primaryimage\"},\"image\":{\"@id\":\"https:\/\/www.tts-freunde.de\/blog\/2021\/06\/16\/lights-of-europe-die-audi-sommerkonzerte-2021-open-air-digital\/#primaryimage\"},\"thumbnailUrl\":\"https:\/\/www.tts-freunde.de\/blog\/wp-content\/uploads\/2021\/06\/Audi-Sommerkonzerte-2021.jpg\",\"datePublished\":\"2021-06-16T18:52:42+00:00\",\"dateModified\":\"2021-06-16T18:52:42+00:00\",\"breadcrumb\":{\"@id\":\"https:\/\/www.tts-freunde.de\/blog\/2021\/06\/16\/lights-of-europe-die-audi-sommerkonzerte-2021-open-air-digital\/#breadcrumb\"},\"inLanguage\":\"de\",\"potentialAction\":[{\"@type\":\"ReadAction\",\"target\":[\"https:\/\/www.tts-freunde.de\/blog\/2021\/06\/16\/lights-of-europe-die-audi-sommerkonzerte-2021-open-air-digital\/\"]}]},{\"@type\":\"ImageObject\",\"inLanguage\":\"de\",\"@id\":\"https:\/\/www.tts-freunde.de\/blog\/2021\/06\/16\/lights-of-europe-die-audi-sommerkonzerte-2021-open-air-digital\/#primaryimage\",\"url\":\"https:\/\/www.tts-freunde.de\/blog\/wp-content\/uploads\/2021\/06\/Audi-Sommerkonzerte-2021.jpg\",\"contentUrl\":\"https:\/\/www.tts-freunde.de\/blog\/wp-content\/uploads\/2021\/06\/Audi-Sommerkonzerte-2021.jpg\",\"width\":1920,\"height\":1224,\"caption\":\"Audi Sommerkonzerte 2021\"},{\"@type\":\"BreadcrumbList\",\"@id\":\"https:\/\/www.tts-freunde.de\/blog\/2021\/06\/16\/lights-of-europe-die-audi-sommerkonzerte-2021-open-air-digital\/#breadcrumb\",\"itemListElement\":[{\"@type\":\"ListItem\",\"position\":1,\"name\":\"Home\",\"item\":\"https:\/\/www.tts-freunde.de\/blog\/\"},{\"@type\":\"ListItem\",\"position\":2,\"name\":\"Lights of Europe! Die Audi Sommerkonzerte 2021: Open Air &#038; digital\"}]},{\"@type\":\"WebSite\",\"@id\":\"https:\/\/www.tts-freunde.de\/blog\/#website\",\"url\":\"https:\/\/www.tts-freunde.de\/blog\/\",\"name\":\"Audi Blog\",\"description\":\"Deutscher Audi Blog - TTS-Freunde\",\"publisher\":{\"@id\":\"https:\/\/www.tts-freunde.de\/blog\/#organization\"},\"potentialAction\":[{\"@type\":\"SearchAction\",\"target\":{\"@type\":\"EntryPoint\",\"urlTemplate\":\"https:\/\/www.tts-freunde.de\/blog\/?s={search_term_string}\"},\"query-input\":\"required name=search_term_string\"}],\"inLanguage\":\"de\"},{\"@type\":\"Organization\",\"@id\":\"https:\/\/www.tts-freunde.de\/blog\/#organization\",\"name\":\"Audi Blog\",\"url\":\"https:\/\/www.tts-freunde.de\/blog\/\",\"logo\":{\"@type\":\"ImageObject\",\"inLanguage\":\"de\",\"@id\":\"https:\/\/www.tts-freunde.de\/blog\/#\/schema\/logo\/image\/\",\"url\":\"https:\/\/www.tts-freunde.de\/blog\/wp-content\/uploads\/2022\/12\/logo_2022.jpg\",\"contentUrl\":\"https:\/\/www.tts-freunde.de\/blog\/wp-content\/uploads\/2022\/12\/logo_2022.jpg\",\"width\":240,\"height\":41,\"caption\":\"Audi Blog\"},\"image\":{\"@id\":\"https:\/\/www.tts-freunde.de\/blog\/#\/schema\/logo\/image\/\"}},{\"@type\":\"Person\",\"@id\":\"https:\/\/www.tts-freunde.de\/blog\/#\/schema\/person\/b67f6a54e98f013bd281dbe05514b701\",\"name\":\"admin\",\"image\":{\"@type\":\"ImageObject\",\"inLanguage\":\"de\",\"@id\":\"https:\/\/www.tts-freunde.de\/blog\/#\/schema\/person\/image\/\",\"url\":\"https:\/\/secure.gravatar.com\/avatar\/08a4bd330e25056ddb430c28136b38a6?s=96&d=mm&r=g\",\"contentUrl\":\"https:\/\/secure.gravatar.com\/avatar\/08a4bd330e25056ddb430c28136b38a6?s=96&d=mm&r=g\",\"caption\":\"admin\"},\"sameAs\":[\"http:\/\/www.tts-freunde.de\"],\"url\":\"https:\/\/www.tts-freunde.de\/blog\/author\/admin\/\"}]}<\/script>\n<!-- \/ Yoast SEO plugin. -->","yoast_head_json":{"title":"Lights of Europe! Die Audi Sommerkonzerte 2021: Open Air & digital - Audi Blog","robots":{"index":"index","follow":"follow","max-snippet":"max-snippet:-1","max-image-preview":"max-image-preview:large","max-video-preview":"max-video-preview:-1"},"canonical":"https:\/\/www.tts-freunde.de\/blog\/2021\/06\/16\/lights-of-europe-die-audi-sommerkonzerte-2021-open-air-digital\/","og_locale":"de_DE","og_type":"article","og_title":"Lights of Europe! Die Audi Sommerkonzerte 2021: Open Air & digital - Audi Blog","og_description":"Zehn Konzerte in Ingolstadt folgen dem Motto \u201eLights of Europe\u201c Eines der ersten Festivals in Deutschland, das vom 1. bis 4. Juli 2021stattfindet Personalvorst\u00e4ndin Sabine Maa\u00dfen: \u201eAuch in Zeiten der Unsicherheit stehen wir zu unserem Kulturengagement.\u201c Die diesj\u00e4hrigen Audi Sommerkonzerte finden vom 1. bis 4. Juli 2021 als Open-Air-Festival in [&hellip;]","og_url":"https:\/\/www.tts-freunde.de\/blog\/2021\/06\/16\/lights-of-europe-die-audi-sommerkonzerte-2021-open-air-digital\/","og_site_name":"Audi Blog","article_published_time":"2021-06-16T18:52:42+00:00","og_image":[{"width":1920,"height":1224,"url":"https:\/\/www.tts-freunde.de\/blog\/wp-content\/uploads\/2021\/06\/Audi-Sommerkonzerte-2021.jpg","type":"image\/jpeg"}],"author":"admin","twitter_card":"summary_large_image","twitter_misc":{"Verfasst von":"admin","Gesch\u00e4tzte Lesezeit":"3\u00a0Minuten"},"schema":{"@context":"https:\/\/schema.org","@graph":[{"@type":"Article","@id":"https:\/\/www.tts-freunde.de\/blog\/2021\/06\/16\/lights-of-europe-die-audi-sommerkonzerte-2021-open-air-digital\/#article","isPartOf":{"@id":"https:\/\/www.tts-freunde.de\/blog\/2021\/06\/16\/lights-of-europe-die-audi-sommerkonzerte-2021-open-air-digital\/"},"author":{"name":"admin","@id":"https:\/\/www.tts-freunde.de\/blog\/#\/schema\/person\/b67f6a54e98f013bd281dbe05514b701"},"headline":"Lights of Europe! Die Audi Sommerkonzerte 2021: Open Air &#038; digital","datePublished":"2021-06-16T18:52:42+00:00","dateModified":"2021-06-16T18:52:42+00:00","mainEntityOfPage":{"@id":"https:\/\/www.tts-freunde.de\/blog\/2021\/06\/16\/lights-of-europe-die-audi-sommerkonzerte-2021-open-air-digital\/"},"wordCount":618,"publisher":{"@id":"https:\/\/www.tts-freunde.de\/blog\/#organization"},"image":{"@id":"https:\/\/www.tts-freunde.de\/blog\/2021\/06\/16\/lights-of-europe-die-audi-sommerkonzerte-2021-open-air-digital\/#primaryimage"},"thumbnailUrl":"https:\/\/www.tts-freunde.de\/blog\/wp-content\/uploads\/2021\/06\/Audi-Sommerkonzerte-2021.jpg","articleSection":["Audi AG"],"inLanguage":"de"},{"@type":"WebPage","@id":"https:\/\/www.tts-freunde.de\/blog\/2021\/06\/16\/lights-of-europe-die-audi-sommerkonzerte-2021-open-air-digital\/","url":"https:\/\/www.tts-freunde.de\/blog\/2021\/06\/16\/lights-of-europe-die-audi-sommerkonzerte-2021-open-air-digital\/","name":"Lights of Europe! Die Audi Sommerkonzerte 2021: Open Air & digital - Audi Blog","isPartOf":{"@id":"https:\/\/www.tts-freunde.de\/blog\/#website"},"primaryImageOfPage":{"@id":"https:\/\/www.tts-freunde.de\/blog\/2021\/06\/16\/lights-of-europe-die-audi-sommerkonzerte-2021-open-air-digital\/#primaryimage"},"image":{"@id":"https:\/\/www.tts-freunde.de\/blog\/2021\/06\/16\/lights-of-europe-die-audi-sommerkonzerte-2021-open-air-digital\/#primaryimage"},"thumbnailUrl":"https:\/\/www.tts-freunde.de\/blog\/wp-content\/uploads\/2021\/06\/Audi-Sommerkonzerte-2021.jpg","datePublished":"2021-06-16T18:52:42+00:00","dateModified":"2021-06-16T18:52:42+00:00","breadcrumb":{"@id":"https:\/\/www.tts-freunde.de\/blog\/2021\/06\/16\/lights-of-europe-die-audi-sommerkonzerte-2021-open-air-digital\/#breadcrumb"},"inLanguage":"de","potentialAction":[{"@type":"ReadAction","target":["https:\/\/www.tts-freunde.de\/blog\/2021\/06\/16\/lights-of-europe-die-audi-sommerkonzerte-2021-open-air-digital\/"]}]},{"@type":"ImageObject","inLanguage":"de","@id":"https:\/\/www.tts-freunde.de\/blog\/2021\/06\/16\/lights-of-europe-die-audi-sommerkonzerte-2021-open-air-digital\/#primaryimage","url":"https:\/\/www.tts-freunde.de\/blog\/wp-content\/uploads\/2021\/06\/Audi-Sommerkonzerte-2021.jpg","contentUrl":"https:\/\/www.tts-freunde.de\/blog\/wp-content\/uploads\/2021\/06\/Audi-Sommerkonzerte-2021.jpg","width":1920,"height":1224,"caption":"Audi Sommerkonzerte 2021"},{"@type":"BreadcrumbList","@id":"https:\/\/www.tts-freunde.de\/blog\/2021\/06\/16\/lights-of-europe-die-audi-sommerkonzerte-2021-open-air-digital\/#breadcrumb","itemListElement":[{"@type":"ListItem","position":1,"name":"Home","item":"https:\/\/www.tts-freunde.de\/blog\/"},{"@type":"ListItem","position":2,"name":"Lights of Europe! Die Audi Sommerkonzerte 2021: Open Air &#038; digital"}]},{"@type":"WebSite","@id":"https:\/\/www.tts-freunde.de\/blog\/#website","url":"https:\/\/www.tts-freunde.de\/blog\/","name":"Audi Blog","description":"Deutscher Audi Blog - TTS-Freunde","publisher":{"@id":"https:\/\/www.tts-freunde.de\/blog\/#organization"},"potentialAction":[{"@type":"SearchAction","target":{"@type":"EntryPoint","urlTemplate":"https:\/\/www.tts-freunde.de\/blog\/?s={search_term_string}"},"query-input":"required name=search_term_string"}],"inLanguage":"de"},{"@type":"Organization","@id":"https:\/\/www.tts-freunde.de\/blog\/#organization","name":"Audi Blog","url":"https:\/\/www.tts-freunde.de\/blog\/","logo":{"@type":"ImageObject","inLanguage":"de","@id":"https:\/\/www.tts-freunde.de\/blog\/#\/schema\/logo\/image\/","url":"https:\/\/www.tts-freunde.de\/blog\/wp-content\/uploads\/2022\/12\/logo_2022.jpg","contentUrl":"https:\/\/www.tts-freunde.de\/blog\/wp-content\/uploads\/2022\/12\/logo_2022.jpg","width":240,"height":41,"caption":"Audi Blog"},"image":{"@id":"https:\/\/www.tts-freunde.de\/blog\/#\/schema\/logo\/image\/"}},{"@type":"Person","@id":"https:\/\/www.tts-freunde.de\/blog\/#\/schema\/person\/b67f6a54e98f013bd281dbe05514b701","name":"admin","image":{"@type":"ImageObject","inLanguage":"de","@id":"https:\/\/www.tts-freunde.de\/blog\/#\/schema\/person\/image\/","url":"https:\/\/secure.gravatar.com\/avatar\/08a4bd330e25056ddb430c28136b38a6?s=96&d=mm&r=g","contentUrl":"https:\/\/secure.gravatar.com\/avatar\/08a4bd330e25056ddb430c28136b38a6?s=96&d=mm&r=g","caption":"admin"},"sameAs":["http:\/\/www.tts-freunde.de"],"url":"https:\/\/www.tts-freunde.de\/blog\/author\/admin\/"}]}},"jetpack_sharing_enabled":true,"jetpack_featured_media_url":"https:\/\/www.tts-freunde.de\/blog\/wp-content\/uploads\/2021\/06\/Audi-Sommerkonzerte-2021.jpg","jetpack_shortlink":"https:\/\/wp.me\/p67hWW-1sB","jetpack_likes_enabled":false,"jetpack-related-posts":[],"_links":{"self":[{"href":"https:\/\/www.tts-freunde.de\/blog\/wp-json\/wp\/v2\/posts\/5617"}],"collection":[{"href":"https:\/\/www.tts-freunde.de\/blog\/wp-json\/wp\/v2\/posts"}],"about":[{"href":"https:\/\/www.tts-freunde.de\/blog\/wp-json\/wp\/v2\/types\/post"}],"author":[{"embeddable":true,"href":"https:\/\/www.tts-freunde.de\/blog\/wp-json\/wp\/v2\/users\/1"}],"replies":[{"embeddable":true,"href":"https:\/\/www.tts-freunde.de\/blog\/wp-json\/wp\/v2\/comments?post=5617"}],"version-history":[{"count":1,"href":"https:\/\/www.tts-freunde.de\/blog\/wp-json\/wp\/v2\/posts\/5617\/revisions"}],"predecessor-version":[{"id":5619,"href":"https:\/\/www.tts-freunde.de\/blog\/wp-json\/wp\/v2\/posts\/5617\/revisions\/5619"}],"wp:featuredmedia":[{"embeddable":true,"href":"https:\/\/www.tts-freunde.de\/blog\/wp-json\/wp\/v2\/media\/5618"}],"wp:attachment":[{"href":"https:\/\/www.tts-freunde.de\/blog\/wp-json\/wp\/v2\/media?parent=5617"}],"wp:term":[{"taxonomy":"category","embeddable":true,"href":"https:\/\/www.tts-freunde.de\/blog\/wp-json\/wp\/v2\/categories?post=5617"},{"taxonomy":"post_tag","embeddable":true,"href":"https:\/\/www.tts-freunde.de\/blog\/wp-json\/wp\/v2\/tags?post=5617"}],"curies":[{"name":"wp","href":"https:\/\/api.w.org\/{rel}","templated":true}]}}