{"id":5670,"date":"2021-07-27T21:31:36","date_gmt":"2021-07-27T19:31:36","guid":{"rendered":"https:\/\/www.tts-freunde.de\/blog\/?p=5670"},"modified":"2021-07-27T21:31:36","modified_gmt":"2021-07-27T19:31:36","slug":"design-gt3-sportwagen-von-audi-sport-zum-100-geburtstag-von-spa","status":"publish","type":"post","link":"https:\/\/www.tts-freunde.de\/blog\/2021\/07\/27\/design-gt3-sportwagen-von-audi-sport-zum-100-geburtstag-von-spa\/","title":{"rendered":"Design-GT3-Sportwagen von Audi Sport zum 100. Geburtstag von Spa"},"content":{"rendered":"<div id=\"item-7d8575cf-5a22-4df9-984a-7c8ccdac2b75\" class=\"page-item--column col-sm-4\">\n<div class=\"custom-padding\">\n<div class=\"page-row\">\n<div id=\"item-2dda85aa-826d-45cd-84e5-cf238c3936ca\" class=\"page-item--topic-list\">\n<div class=\"topic-list\">\n<ul>\n<li>Vier expressive Themenfahrzeuge und f\u00fcnf private Audi R8 LMS in Belgien<\/li>\n<li>24-Stunden-Rennen als sportliches Highlight mit 60 GT3-Rennwagen<\/li>\n<li>Insgesamt 21 Rennwagen von Audi Sport customer racing in Spa<\/li>\n<\/ul>\n<div class=\"page-row\">\n<div id=\"item-e7536205-0c68-4c36-a0c5-f20001d3cc54\" class=\"page-item--intro\">\n<div class=\"intro-text\">\n<p>Audi Sport customer racing pr\u00e4sentiert sich bei den 24 Stunden von Spa vom 29. Juli bis 1. August mit vier Design-Unikaten. Die individuellen Gestaltungen des Audi R8 LMS sind eine Hommage an ein gro\u00dfes Jubil\u00e4um auf dem ber\u00fchmten Ardennenkurs, dessen Renngeschichte 1921 begann.<\/p>\n<\/div>\n<\/div>\n<\/div>\n<div class=\"page-row-spacer -intro\">\n<div id=\"attachment_5671\" style=\"width: 310px\" class=\"wp-caption alignleft\"><a href=\"https:\/\/www.tts-freunde.de\/blog\/wp-content\/uploads\/2021\/07\/24h-Spa-2021.jpg\"><img loading=\"lazy\" decoding=\"async\" aria-describedby=\"caption-attachment-5671\" data-attachment-id=\"5671\" data-permalink=\"https:\/\/www.tts-freunde.de\/blog\/2021\/07\/27\/design-gt3-sportwagen-von-audi-sport-zum-100-geburtstag-von-spa\/24h-spa-2021\/\" data-orig-file=\"https:\/\/www.tts-freunde.de\/blog\/wp-content\/uploads\/2021\/07\/24h-Spa-2021.jpg\" data-orig-size=\"595,371\" data-comments-opened=\"0\" data-image-meta=\"{&quot;aperture&quot;:&quot;0&quot;,&quot;credit&quot;:&quot;&quot;,&quot;camera&quot;:&quot;&quot;,&quot;caption&quot;:&quot;Audi Sport customer racing 24h Spa 2021&quot;,&quot;created_timestamp&quot;:&quot;0&quot;,&quot;copyright&quot;:&quot;AUDI AG&quot;,&quot;focal_length&quot;:&quot;0&quot;,&quot;iso&quot;:&quot;0&quot;,&quot;shutter_speed&quot;:&quot;0&quot;,&quot;title&quot;:&quot;24h Spa 2021&quot;,&quot;orientation&quot;:&quot;0&quot;}\" data-image-title=\"24h Spa 2021\" data-image-description=\"&lt;p&gt;24h Spa 2021&lt;\/p&gt;\n\" data-image-caption=\"&lt;p&gt;Audi Sport customer racing 24h Spa 2021&lt;\/p&gt;\n\" data-medium-file=\"https:\/\/www.tts-freunde.de\/blog\/wp-content\/uploads\/2021\/07\/24h-Spa-2021-300x187.jpg\" data-large-file=\"https:\/\/www.tts-freunde.de\/blog\/wp-content\/uploads\/2021\/07\/24h-Spa-2021.jpg\" tabindex=\"0\" role=\"button\" class=\"size-medium wp-image-5671\" src=\"https:\/\/www.tts-freunde.de\/blog\/wp-content\/uploads\/2021\/07\/24h-Spa-2021-300x187.jpg\" alt=\"24h Spa 2021\" width=\"300\" height=\"187\" srcset=\"https:\/\/www.tts-freunde.de\/blog\/wp-content\/uploads\/2021\/07\/24h-Spa-2021-300x187.jpg 300w, https:\/\/www.tts-freunde.de\/blog\/wp-content\/uploads\/2021\/07\/24h-Spa-2021-50x31.jpg 50w, https:\/\/www.tts-freunde.de\/blog\/wp-content\/uploads\/2021\/07\/24h-Spa-2021.jpg 595w\" sizes=\"(max-width: 300px) 100vw, 300px\" \/><\/a><p id=\"caption-attachment-5671\" class=\"wp-caption-text\">Audi Sport customer racing 24h Spa 2021<\/p><\/div>\n<\/div>\n<div class=\"page-row\">\n<div id=\"item-703518ab-34c4-4676-9de2-7a75f7af393c\" class=\"page-item--text\">\n<div class=\"text-block style-links-for-body-text\">\n<p>\u201eEs ist uns eine Ehre, dieser grandiosen Strecke zu ihrem Rennjubil\u00e4um zu gratulieren\u201c, sagt Chris Reinke, Leiter Audi Sport customer racing. \u201eDies tun wir zum ersten Mal mit vier exklusiv dem Design gewidmeten Rennfahrzeugen. Sie alle zitieren Bez\u00fcge zu Belgien und zu verschiedenen k\u00fcnstlerischen und gestalterischen Traditionen des Landes.\u201c Allen vier Autos gemein ist die stilisierte Zahl 100 f\u00fcr das Rennsport-Jahrhundert von Spa. Diese Zahl \u00fcberlagert die rote Raute von Audi Sport auf dem Rennwagendach. Die Gestaltung dieser Fl\u00e4che symbolisiert das Geschenk im Stil einer Banderole.<\/p>\n<p>Das Audi Sport Team Attempto, das den Sieg im Vorjahr nur um 4,6 Sekunden verpasst hat, setzt in diesem Jahr den R8 LMS mit der Nummer 66 in den Nationalfarben Belgiens ein. Schwarz, gelb und rot dominieren die Karosserie des Rennwagens von Mattia Drudi, Dennis Marschall und Christopher Mies. Hinzu kommt ein Gr\u00fcnton. Graffitiartige Spr\u00fchmuster und flie\u00dfende Verl\u00e4ufe verleihen dem Auto seine Unverwechselbarkeit. Kontrastierend dazu pr\u00e4sentiert sich die Oberfl\u00e4che der Nummer 25 des Audi Sport Team Saint\u00e9loc: Sie ist streng geometrisch angelegt. Das Auto aus dem Siegerteam von 2017, diesmal gefahren von Christopher Haase, Patric Niederhauser und Markus Winkelhock, kn\u00fcpft an die gestalterischen Ideen von Victor Servranckx an. Der Belgier war mit seinen abstrakten Arbeiten in der ersten H\u00e4lfte des 20. Jahrhunderts ein bedeutender Grafiker seines Landes. Die roten, gelben, gr\u00fcnen und blauen Muster stehen f\u00fcr die Formensprache von Servranckx. Das konstruktivistische Logo der Rennstrecke von Spa auf den T\u00fcren des R8 LMS ist perfekt in dieses Design eingepasst.<\/p>\n<\/div>\n<div class=\"page-row\">\n<div id=\"item-b0a5e2b4-532b-4545-87e9-66ee28a764d6\" class=\"page-item--text\">\n<div class=\"text-block style-links-for-body-text\">\n<p>Das Audi Sport Team WRT, Sieger des 24-Stunden-Rennens in den Jahren 2011 und 2014, bringt zwei weitere expressive Themenfahrzeuge an den Start. Der GT3-Sportwagen von Kelvin van der Linde, Dries Vanthoor und Charles Weerts steht f\u00fcr die \u201eArt nouveau\u201c-Epoche. Sie ist auch unter dem Begriff Jugendstil bekannt und f\u00e4llt in die Phase der Wende vom 19. zum 20. Jahrhundert. Das Muster auf dem R8 LMS der Nummer 32 greift gestalterische Elemente der damaligen Mode auf. Sie ist unter anderem in Textilzentren wie dem belgischen Antwerpen entstanden. Audi Sport kombiniert dieses Design mit Linien, die den Streckenverlauf des Kurses von Spa abbilden. Das Schwesterfahrzeug von Robin Frijns, Dennis Lind und Nico M\u00fcller repr\u00e4sentiert ein Thema, das viele Menschen von Kindesbeinen an begeistert: Die rot-gelben Muster der Nummer 37 spiegeln den \u00fcppigen und schwungvollen Farb- und Zeichenstil von Comics wider. Gro\u00dfe Figuren wie Tintin (in Deutschland bekannt als \u201eTim und Struppi\u201c), Gaston oder der unsterbliche Rennfahrer Michel Vaillant stehen f\u00fcr diverse Comic-Stilrichtungen aus Belgien, die rund um den Globus Ber\u00fchmtheit erlangten.<\/p>\n<p>Auf sportlicher Ebene setzt sich Audi Sport customer racing erneut ehrgeizige Ziele. Beim gr\u00f6\u00dften GT3-Rennen der Welt messen sich insgesamt 60 Sportwagen von neun Herstellern miteinander. Audi war erstmals 2009 und 2010 durch Privatteams in Spa vertreten, seit 2011 steht die Kraft von Audi Sport customer racing hinter dem Programm. F\u00fcr die Marke geht es bereits um den f\u00fcnften Sieg nach 2011, 2012, 2014 und 2017. Kein anderer Hersteller war in diesem Zeitraum so erfolgreich. Auch in dieser Saison z\u00e4hlt das Rennen zu zwei Meisterschaften: Es ist der Auftakt zur Intercontinental GT Challenge, die in diesem Jahr auf den drei Kontinenten Europa, Amerika und Afrika ausgetragen wird. Ebenso ist Spa der dritte von f\u00fcnf L\u00e4ufen zum Fanatec GT World Challenge Europe Powered by AWS Endurance Cup. In der Gesamtwertung dieser GT World Challenge Europe liegen mit Dries Vanthoor und Charles Weerts aktuell zwei Audi Sport-Piloten in F\u00fchrung. Das Team WRT ist Erster in der Teamwertung. Neben den vier Rennwagen von Audi Sport komplettieren f\u00fcnf private R8 LMS das Aufgebot der Marke: Saint\u00e9loc Racing und das Team WRT setzen je zwei weitere GT3-Rennwagen ein, Attempto Racing einen zus\u00e4tzlichen R8 LMS. Fr\u00fchere DTM-Piloten von Audi wie Jamie Green und Adrien Tambay teilen sich die Cockpits mit Privatfahrern.<\/p>\n<p>Neben den neun GT3-Rennwagen im 24-Stunden-Rennen erwartet Audi in Spa acht R8 LMS GT4 in der GT4 European Series. Zur Saisonhalbzeit f\u00fchren dort die Kundenteams Saint\u00e9loc Racing und Fullmotorsport mit den seriennahen Rennwagen ihre Kategorien an. In der TCR Europe starten zudem vier Audi RS 3 LMS. Titelverteidiger Comtoyou Racing ist aktuell Tabellenzweiter der Teamwertung. Der Niederl\u00e4nder Tom Coronel liegt in der Tourenwagenserie mit dem Audi RS 3 LMS an aussichtsreicher vierter Position der Fahrerwertung punktgleich mit dem Dritten. Nicolas Baert f\u00fchrt die Junior-Wertung an.<\/p>\n<p>Die Fans k\u00f6nnen die 73. Ausgabe der 24 Stunden von Spa ab Samstag, 31. Juli, 16:30 Uhr im Livestream des Veranstalters verfolgen. Audi Sport customer racing begleitet die Veranstaltung umfassend auf seinen Social-Media-Kan\u00e4len in der Rennwoche ab dem 27. Juli.<\/p>\n<p><strong>Die Teams von Audi Sport bei den 24 Stunden Spa<\/strong><\/p>\n<p><strong>Audi Sport Team Saint\u00e9loc<\/strong><\/p>\n<p>#25 Christopher Haase\/Patric Niederhauser\/Markus Winkelhock (D\/CH\/D)<\/p>\n<p><strong>Audi Sport Team WRT<\/strong><\/p>\n<p>#32 Kelvin van der Linde\/Dries Vanthoor\/Charles Weerts (ZA\/B\/B)<\/p>\n<p>#37 Robin Frijns\/Dennis Lind\/Nico M\u00fcller (NL\/DK\/CH)<\/p>\n<p><strong>Audi Sport Team Attempto<\/strong><\/p>\n<p>#66 Mattia Drudi\/Dennis Marschall\/Christopher Mies (I\/D\/D)<\/p>\n<p><strong>Saint\u00e9loc Racing<\/strong><\/p>\n<p>#26 Jamie Green\/Finlay Hutchison\/Adrien Tambay (GB\/GB\/F)<\/p>\n<p>#27 Alexandre Cougnaud\/Lucas L\u00e9geret\/Aur\u00e9lien Panis\/Louis Prette (F\/F\/F\/F)<\/p>\n<p><strong>Team WRT<\/strong><\/p>\n<p>#30 Franco Colapinto\/Benjamin Goethe\/James Pull (RA\/DK\/GB)<\/p>\n<p>#31 Frank Bird\/Valdemar Eriksen\/Ryuichiro Tomita (GB\/DK\/J)<\/p>\n<p><strong>Attempto Racing<\/strong><\/p>\n<p>#99 Alex Aka\/Max Hofer\/Fabien Lavergne (D\/A\/F)<\/p>\n<\/div>\n<\/div>\n<\/div>\n<\/div>\n<\/div>\n<\/div>\n<\/div>\n<\/div>\n<\/div>\n<\/div>\n","protected":false},"excerpt":{"rendered":"<p>Vier expressive Themenfahrzeuge und f\u00fcnf private Audi R8 LMS in Belgien 24-Stunden-Rennen als sportliches Highlight mit 60 GT3-Rennwagen Insgesamt 21 Rennwagen von Audi Sport customer racing in Spa Audi Sport customer racing pr\u00e4sentiert sich bei den 24 Stunden von Spa vom 29. Juli bis 1. August mit vier Design-Unikaten. Die [&hellip;]<\/p>\n","protected":false},"author":1,"featured_media":5671,"comment_status":"closed","ping_status":"open","sticky":false,"template":"","format":"standard","meta":{"jetpack_post_was_ever_published":false,"_jetpack_newsletter_access":"","_jetpack_dont_email_post_to_subs":false,"_jetpack_newsletter_tier_id":0,"_jetpack_memberships_contains_paywalled_content":false,"_jetpack_memberships_contains_paid_content":false,"footnotes":"","jetpack_publicize_message":"","jetpack_publicize_feature_enabled":true,"jetpack_social_post_already_shared":true,"jetpack_social_options":{"image_generator_settings":{"template":"highway","enabled":false},"version":2}},"categories":[17],"tags":[],"class_list":["post-5670","post","type-post","status-publish","format-standard","has-post-thumbnail","hentry","category-audi-motorsport"],"wppr_data":{"cwp_meta_box_check":"No"},"jetpack_publicize_connections":[],"yoast_head":"<!-- This site is optimized with the Yoast SEO plugin v23.3 - https:\/\/yoast.com\/wordpress\/plugins\/seo\/ -->\n<title>Design-GT3-Sportwagen von Audi Sport zum 100. Geburtstag von Spa - Audi Blog<\/title>\n<meta name=\"robots\" content=\"index, follow, max-snippet:-1, max-image-preview:large, max-video-preview:-1\" \/>\n<link rel=\"canonical\" href=\"https:\/\/www.audi-mediacenter.com\/de\/pressemitteilungen\/design-gt3-sportwagen-von-audi-sport-zum-100-geburtstag-von-spa-14138\" \/>\n<meta property=\"og:locale\" content=\"de_DE\" \/>\n<meta property=\"og:type\" content=\"article\" \/>\n<meta property=\"og:title\" content=\"Design-GT3-Sportwagen von Audi Sport zum 100. Geburtstag von Spa - Audi Blog\" \/>\n<meta property=\"og:description\" content=\"Vier expressive Themenfahrzeuge und f\u00fcnf private Audi R8 LMS in Belgien 24-Stunden-Rennen als sportliches Highlight mit 60 GT3-Rennwagen Insgesamt 21 Rennwagen von Audi Sport customer racing in Spa Audi Sport customer racing pr\u00e4sentiert sich bei den 24 Stunden von Spa vom 29. Juli bis 1. August mit vier Design-Unikaten. Die [&hellip;]\" \/>\n<meta property=\"og:url\" content=\"https:\/\/www.audi-mediacenter.com\/de\/pressemitteilungen\/design-gt3-sportwagen-von-audi-sport-zum-100-geburtstag-von-spa-14138\" \/>\n<meta property=\"og:site_name\" content=\"Audi Blog\" \/>\n<meta property=\"article:published_time\" content=\"2021-07-27T19:31:36+00:00\" \/>\n<meta property=\"og:image\" content=\"https:\/\/www.tts-freunde.de\/blog\/wp-content\/uploads\/2021\/07\/24h-Spa-2021.jpg\" \/>\n\t<meta property=\"og:image:width\" content=\"595\" \/>\n\t<meta property=\"og:image:height\" content=\"371\" \/>\n\t<meta property=\"og:image:type\" content=\"image\/jpeg\" \/>\n<meta name=\"author\" content=\"admin\" \/>\n<meta name=\"twitter:card\" content=\"summary_large_image\" \/>\n<meta name=\"twitter:label1\" content=\"Verfasst von\" \/>\n\t<meta name=\"twitter:data1\" content=\"admin\" \/>\n\t<meta name=\"twitter:label2\" content=\"Gesch\u00e4tzte Lesezeit\" \/>\n\t<meta name=\"twitter:data2\" content=\"5\u00a0Minuten\" \/>\n<script type=\"application\/ld+json\" class=\"yoast-schema-graph\">{\"@context\":\"https:\/\/schema.org\",\"@graph\":[{\"@type\":\"Article\",\"@id\":\"https:\/\/www.audi-mediacenter.com\/de\/pressemitteilungen\/design-gt3-sportwagen-von-audi-sport-zum-100-geburtstag-von-spa-14138#article\",\"isPartOf\":{\"@id\":\"https:\/\/www.tts-freunde.de\/blog\/2021\/07\/27\/design-gt3-sportwagen-von-audi-sport-zum-100-geburtstag-von-spa\/\"},\"author\":{\"name\":\"admin\",\"@id\":\"https:\/\/www.tts-freunde.de\/blog\/#\/schema\/person\/b67f6a54e98f013bd281dbe05514b701\"},\"headline\":\"Design-GT3-Sportwagen von Audi Sport zum 100. Geburtstag von Spa\",\"datePublished\":\"2021-07-27T19:31:36+00:00\",\"dateModified\":\"2021-07-27T19:31:36+00:00\",\"mainEntityOfPage\":{\"@id\":\"https:\/\/www.tts-freunde.de\/blog\/2021\/07\/27\/design-gt3-sportwagen-von-audi-sport-zum-100-geburtstag-von-spa\/\"},\"wordCount\":974,\"publisher\":{\"@id\":\"https:\/\/www.tts-freunde.de\/blog\/#organization\"},\"image\":{\"@id\":\"https:\/\/www.audi-mediacenter.com\/de\/pressemitteilungen\/design-gt3-sportwagen-von-audi-sport-zum-100-geburtstag-von-spa-14138#primaryimage\"},\"thumbnailUrl\":\"https:\/\/www.tts-freunde.de\/blog\/wp-content\/uploads\/2021\/07\/24h-Spa-2021.jpg\",\"articleSection\":[\"Audi Motorsport\"],\"inLanguage\":\"de\"},{\"@type\":\"WebPage\",\"@id\":\"https:\/\/www.tts-freunde.de\/blog\/2021\/07\/27\/design-gt3-sportwagen-von-audi-sport-zum-100-geburtstag-von-spa\/\",\"url\":\"https:\/\/www.audi-mediacenter.com\/de\/pressemitteilungen\/design-gt3-sportwagen-von-audi-sport-zum-100-geburtstag-von-spa-14138\",\"name\":\"Design-GT3-Sportwagen von Audi Sport zum 100. Geburtstag von Spa - Audi Blog\",\"isPartOf\":{\"@id\":\"https:\/\/www.tts-freunde.de\/blog\/#website\"},\"primaryImageOfPage\":{\"@id\":\"https:\/\/www.audi-mediacenter.com\/de\/pressemitteilungen\/design-gt3-sportwagen-von-audi-sport-zum-100-geburtstag-von-spa-14138#primaryimage\"},\"image\":{\"@id\":\"https:\/\/www.audi-mediacenter.com\/de\/pressemitteilungen\/design-gt3-sportwagen-von-audi-sport-zum-100-geburtstag-von-spa-14138#primaryimage\"},\"thumbnailUrl\":\"https:\/\/www.tts-freunde.de\/blog\/wp-content\/uploads\/2021\/07\/24h-Spa-2021.jpg\",\"datePublished\":\"2021-07-27T19:31:36+00:00\",\"dateModified\":\"2021-07-27T19:31:36+00:00\",\"breadcrumb\":{\"@id\":\"https:\/\/www.audi-mediacenter.com\/de\/pressemitteilungen\/design-gt3-sportwagen-von-audi-sport-zum-100-geburtstag-von-spa-14138#breadcrumb\"},\"inLanguage\":\"de\",\"potentialAction\":[{\"@type\":\"ReadAction\",\"target\":[\"https:\/\/www.audi-mediacenter.com\/de\/pressemitteilungen\/design-gt3-sportwagen-von-audi-sport-zum-100-geburtstag-von-spa-14138\"]}]},{\"@type\":\"ImageObject\",\"inLanguage\":\"de\",\"@id\":\"https:\/\/www.audi-mediacenter.com\/de\/pressemitteilungen\/design-gt3-sportwagen-von-audi-sport-zum-100-geburtstag-von-spa-14138#primaryimage\",\"url\":\"https:\/\/www.tts-freunde.de\/blog\/wp-content\/uploads\/2021\/07\/24h-Spa-2021.jpg\",\"contentUrl\":\"https:\/\/www.tts-freunde.de\/blog\/wp-content\/uploads\/2021\/07\/24h-Spa-2021.jpg\",\"width\":595,\"height\":371,\"caption\":\"Audi Sport customer racing 24h Spa 2021\"},{\"@type\":\"BreadcrumbList\",\"@id\":\"https:\/\/www.audi-mediacenter.com\/de\/pressemitteilungen\/design-gt3-sportwagen-von-audi-sport-zum-100-geburtstag-von-spa-14138#breadcrumb\",\"itemListElement\":[{\"@type\":\"ListItem\",\"position\":1,\"name\":\"Home\",\"item\":\"https:\/\/www.tts-freunde.de\/blog\/\"},{\"@type\":\"ListItem\",\"position\":2,\"name\":\"Design-GT3-Sportwagen von Audi Sport zum 100. Geburtstag von Spa\"}]},{\"@type\":\"WebSite\",\"@id\":\"https:\/\/www.tts-freunde.de\/blog\/#website\",\"url\":\"https:\/\/www.tts-freunde.de\/blog\/\",\"name\":\"Audi Blog\",\"description\":\"Deutscher Audi Blog - TTS-Freunde\",\"publisher\":{\"@id\":\"https:\/\/www.tts-freunde.de\/blog\/#organization\"},\"potentialAction\":[{\"@type\":\"SearchAction\",\"target\":{\"@type\":\"EntryPoint\",\"urlTemplate\":\"https:\/\/www.tts-freunde.de\/blog\/?s={search_term_string}\"},\"query-input\":\"required name=search_term_string\"}],\"inLanguage\":\"de\"},{\"@type\":\"Organization\",\"@id\":\"https:\/\/www.tts-freunde.de\/blog\/#organization\",\"name\":\"Audi Blog\",\"url\":\"https:\/\/www.tts-freunde.de\/blog\/\",\"logo\":{\"@type\":\"ImageObject\",\"inLanguage\":\"de\",\"@id\":\"https:\/\/www.tts-freunde.de\/blog\/#\/schema\/logo\/image\/\",\"url\":\"https:\/\/www.tts-freunde.de\/blog\/wp-content\/uploads\/2022\/12\/logo_2022.jpg\",\"contentUrl\":\"https:\/\/www.tts-freunde.de\/blog\/wp-content\/uploads\/2022\/12\/logo_2022.jpg\",\"width\":240,\"height\":41,\"caption\":\"Audi Blog\"},\"image\":{\"@id\":\"https:\/\/www.tts-freunde.de\/blog\/#\/schema\/logo\/image\/\"}},{\"@type\":\"Person\",\"@id\":\"https:\/\/www.tts-freunde.de\/blog\/#\/schema\/person\/b67f6a54e98f013bd281dbe05514b701\",\"name\":\"admin\",\"image\":{\"@type\":\"ImageObject\",\"inLanguage\":\"de\",\"@id\":\"https:\/\/www.tts-freunde.de\/blog\/#\/schema\/person\/image\/\",\"url\":\"https:\/\/secure.gravatar.com\/avatar\/08a4bd330e25056ddb430c28136b38a6?s=96&d=mm&r=g\",\"contentUrl\":\"https:\/\/secure.gravatar.com\/avatar\/08a4bd330e25056ddb430c28136b38a6?s=96&d=mm&r=g\",\"caption\":\"admin\"},\"sameAs\":[\"http:\/\/www.tts-freunde.de\"],\"url\":\"https:\/\/www.tts-freunde.de\/blog\/author\/admin\/\"}]}<\/script>\n<!-- \/ Yoast SEO plugin. -->","yoast_head_json":{"title":"Design-GT3-Sportwagen von Audi Sport zum 100. Geburtstag von Spa - Audi Blog","robots":{"index":"index","follow":"follow","max-snippet":"max-snippet:-1","max-image-preview":"max-image-preview:large","max-video-preview":"max-video-preview:-1"},"canonical":"https:\/\/www.audi-mediacenter.com\/de\/pressemitteilungen\/design-gt3-sportwagen-von-audi-sport-zum-100-geburtstag-von-spa-14138","og_locale":"de_DE","og_type":"article","og_title":"Design-GT3-Sportwagen von Audi Sport zum 100. Geburtstag von Spa - Audi Blog","og_description":"Vier expressive Themenfahrzeuge und f\u00fcnf private Audi R8 LMS in Belgien 24-Stunden-Rennen als sportliches Highlight mit 60 GT3-Rennwagen Insgesamt 21 Rennwagen von Audi Sport customer racing in Spa Audi Sport customer racing pr\u00e4sentiert sich bei den 24 Stunden von Spa vom 29. Juli bis 1. August mit vier Design-Unikaten. Die [&hellip;]","og_url":"https:\/\/www.audi-mediacenter.com\/de\/pressemitteilungen\/design-gt3-sportwagen-von-audi-sport-zum-100-geburtstag-von-spa-14138","og_site_name":"Audi Blog","article_published_time":"2021-07-27T19:31:36+00:00","og_image":[{"width":595,"height":371,"url":"https:\/\/www.tts-freunde.de\/blog\/wp-content\/uploads\/2021\/07\/24h-Spa-2021.jpg","type":"image\/jpeg"}],"author":"admin","twitter_card":"summary_large_image","twitter_misc":{"Verfasst von":"admin","Gesch\u00e4tzte Lesezeit":"5\u00a0Minuten"},"schema":{"@context":"https:\/\/schema.org","@graph":[{"@type":"Article","@id":"https:\/\/www.audi-mediacenter.com\/de\/pressemitteilungen\/design-gt3-sportwagen-von-audi-sport-zum-100-geburtstag-von-spa-14138#article","isPartOf":{"@id":"https:\/\/www.tts-freunde.de\/blog\/2021\/07\/27\/design-gt3-sportwagen-von-audi-sport-zum-100-geburtstag-von-spa\/"},"author":{"name":"admin","@id":"https:\/\/www.tts-freunde.de\/blog\/#\/schema\/person\/b67f6a54e98f013bd281dbe05514b701"},"headline":"Design-GT3-Sportwagen von Audi Sport zum 100. Geburtstag von Spa","datePublished":"2021-07-27T19:31:36+00:00","dateModified":"2021-07-27T19:31:36+00:00","mainEntityOfPage":{"@id":"https:\/\/www.tts-freunde.de\/blog\/2021\/07\/27\/design-gt3-sportwagen-von-audi-sport-zum-100-geburtstag-von-spa\/"},"wordCount":974,"publisher":{"@id":"https:\/\/www.tts-freunde.de\/blog\/#organization"},"image":{"@id":"https:\/\/www.audi-mediacenter.com\/de\/pressemitteilungen\/design-gt3-sportwagen-von-audi-sport-zum-100-geburtstag-von-spa-14138#primaryimage"},"thumbnailUrl":"https:\/\/www.tts-freunde.de\/blog\/wp-content\/uploads\/2021\/07\/24h-Spa-2021.jpg","articleSection":["Audi Motorsport"],"inLanguage":"de"},{"@type":"WebPage","@id":"https:\/\/www.tts-freunde.de\/blog\/2021\/07\/27\/design-gt3-sportwagen-von-audi-sport-zum-100-geburtstag-von-spa\/","url":"https:\/\/www.audi-mediacenter.com\/de\/pressemitteilungen\/design-gt3-sportwagen-von-audi-sport-zum-100-geburtstag-von-spa-14138","name":"Design-GT3-Sportwagen von Audi Sport zum 100. Geburtstag von Spa - Audi Blog","isPartOf":{"@id":"https:\/\/www.tts-freunde.de\/blog\/#website"},"primaryImageOfPage":{"@id":"https:\/\/www.audi-mediacenter.com\/de\/pressemitteilungen\/design-gt3-sportwagen-von-audi-sport-zum-100-geburtstag-von-spa-14138#primaryimage"},"image":{"@id":"https:\/\/www.audi-mediacenter.com\/de\/pressemitteilungen\/design-gt3-sportwagen-von-audi-sport-zum-100-geburtstag-von-spa-14138#primaryimage"},"thumbnailUrl":"https:\/\/www.tts-freunde.de\/blog\/wp-content\/uploads\/2021\/07\/24h-Spa-2021.jpg","datePublished":"2021-07-27T19:31:36+00:00","dateModified":"2021-07-27T19:31:36+00:00","breadcrumb":{"@id":"https:\/\/www.audi-mediacenter.com\/de\/pressemitteilungen\/design-gt3-sportwagen-von-audi-sport-zum-100-geburtstag-von-spa-14138#breadcrumb"},"inLanguage":"de","potentialAction":[{"@type":"ReadAction","target":["https:\/\/www.audi-mediacenter.com\/de\/pressemitteilungen\/design-gt3-sportwagen-von-audi-sport-zum-100-geburtstag-von-spa-14138"]}]},{"@type":"ImageObject","inLanguage":"de","@id":"https:\/\/www.audi-mediacenter.com\/de\/pressemitteilungen\/design-gt3-sportwagen-von-audi-sport-zum-100-geburtstag-von-spa-14138#primaryimage","url":"https:\/\/www.tts-freunde.de\/blog\/wp-content\/uploads\/2021\/07\/24h-Spa-2021.jpg","contentUrl":"https:\/\/www.tts-freunde.de\/blog\/wp-content\/uploads\/2021\/07\/24h-Spa-2021.jpg","width":595,"height":371,"caption":"Audi Sport customer racing 24h Spa 2021"},{"@type":"BreadcrumbList","@id":"https:\/\/www.audi-mediacenter.com\/de\/pressemitteilungen\/design-gt3-sportwagen-von-audi-sport-zum-100-geburtstag-von-spa-14138#breadcrumb","itemListElement":[{"@type":"ListItem","position":1,"name":"Home","item":"https:\/\/www.tts-freunde.de\/blog\/"},{"@type":"ListItem","position":2,"name":"Design-GT3-Sportwagen von Audi Sport zum 100. Geburtstag von Spa"}]},{"@type":"WebSite","@id":"https:\/\/www.tts-freunde.de\/blog\/#website","url":"https:\/\/www.tts-freunde.de\/blog\/","name":"Audi Blog","description":"Deutscher Audi Blog - TTS-Freunde","publisher":{"@id":"https:\/\/www.tts-freunde.de\/blog\/#organization"},"potentialAction":[{"@type":"SearchAction","target":{"@type":"EntryPoint","urlTemplate":"https:\/\/www.tts-freunde.de\/blog\/?s={search_term_string}"},"query-input":"required name=search_term_string"}],"inLanguage":"de"},{"@type":"Organization","@id":"https:\/\/www.tts-freunde.de\/blog\/#organization","name":"Audi Blog","url":"https:\/\/www.tts-freunde.de\/blog\/","logo":{"@type":"ImageObject","inLanguage":"de","@id":"https:\/\/www.tts-freunde.de\/blog\/#\/schema\/logo\/image\/","url":"https:\/\/www.tts-freunde.de\/blog\/wp-content\/uploads\/2022\/12\/logo_2022.jpg","contentUrl":"https:\/\/www.tts-freunde.de\/blog\/wp-content\/uploads\/2022\/12\/logo_2022.jpg","width":240,"height":41,"caption":"Audi Blog"},"image":{"@id":"https:\/\/www.tts-freunde.de\/blog\/#\/schema\/logo\/image\/"}},{"@type":"Person","@id":"https:\/\/www.tts-freunde.de\/blog\/#\/schema\/person\/b67f6a54e98f013bd281dbe05514b701","name":"admin","image":{"@type":"ImageObject","inLanguage":"de","@id":"https:\/\/www.tts-freunde.de\/blog\/#\/schema\/person\/image\/","url":"https:\/\/secure.gravatar.com\/avatar\/08a4bd330e25056ddb430c28136b38a6?s=96&d=mm&r=g","contentUrl":"https:\/\/secure.gravatar.com\/avatar\/08a4bd330e25056ddb430c28136b38a6?s=96&d=mm&r=g","caption":"admin"},"sameAs":["http:\/\/www.tts-freunde.de"],"url":"https:\/\/www.tts-freunde.de\/blog\/author\/admin\/"}]}},"jetpack_sharing_enabled":true,"jetpack_featured_media_url":"https:\/\/www.tts-freunde.de\/blog\/wp-content\/uploads\/2021\/07\/24h-Spa-2021.jpg","jetpack_shortlink":"https:\/\/wp.me\/p67hWW-1ts","jetpack_likes_enabled":false,"jetpack-related-posts":[],"_links":{"self":[{"href":"https:\/\/www.tts-freunde.de\/blog\/wp-json\/wp\/v2\/posts\/5670"}],"collection":[{"href":"https:\/\/www.tts-freunde.de\/blog\/wp-json\/wp\/v2\/posts"}],"about":[{"href":"https:\/\/www.tts-freunde.de\/blog\/wp-json\/wp\/v2\/types\/post"}],"author":[{"embeddable":true,"href":"https:\/\/www.tts-freunde.de\/blog\/wp-json\/wp\/v2\/users\/1"}],"replies":[{"embeddable":true,"href":"https:\/\/www.tts-freunde.de\/blog\/wp-json\/wp\/v2\/comments?post=5670"}],"version-history":[{"count":1,"href":"https:\/\/www.tts-freunde.de\/blog\/wp-json\/wp\/v2\/posts\/5670\/revisions"}],"predecessor-version":[{"id":5672,"href":"https:\/\/www.tts-freunde.de\/blog\/wp-json\/wp\/v2\/posts\/5670\/revisions\/5672"}],"wp:featuredmedia":[{"embeddable":true,"href":"https:\/\/www.tts-freunde.de\/blog\/wp-json\/wp\/v2\/media\/5671"}],"wp:attachment":[{"href":"https:\/\/www.tts-freunde.de\/blog\/wp-json\/wp\/v2\/media?parent=5670"}],"wp:term":[{"taxonomy":"category","embeddable":true,"href":"https:\/\/www.tts-freunde.de\/blog\/wp-json\/wp\/v2\/categories?post=5670"},{"taxonomy":"post_tag","embeddable":true,"href":"https:\/\/www.tts-freunde.de\/blog\/wp-json\/wp\/v2\/tags?post=5670"}],"curies":[{"name":"wp","href":"https:\/\/api.w.org\/{rel}","templated":true}]}}