{"id":5794,"date":"2021-11-12T17:33:15","date_gmt":"2021-11-12T16:33:15","guid":{"rendered":"https:\/\/www.tts-freunde.de\/blog\/?p=5794"},"modified":"2021-11-12T17:33:15","modified_gmt":"2021-11-12T16:33:15","slug":"audi-erhaelt-otto-heinemann-preis-zur-vereinbarkeit-von-beruf-und-pflege","status":"publish","type":"post","link":"https:\/\/www.tts-freunde.de\/blog\/2021\/11\/12\/audi-erhaelt-otto-heinemann-preis-zur-vereinbarkeit-von-beruf-und-pflege\/","title":{"rendered":"Audi erh\u00e4lt Otto Heinemann Preis zur Vereinbarkeit von Beruf und Pflege"},"content":{"rendered":"<div id=\"item-d40c1e20-242a-4742-abdb-8a8b62fde00a\" class=\"page-item--column col-sm-4\">\n<div class=\"custom-padding\">\n<div class=\"page-row\">\n<div id=\"item-bc95ae89-f382-4533-9cdb-a047e1e59020\" class=\"page-item--topic-list\">\n<div class=\"topic-list\">\n<ul>\n<li>Audi wird als Vorbild f\u00fcr eine pflegefreundliche Arbeitswelt in der Kategorie \u201eUnternehmen mit mehr als 5.000 Besch\u00e4ftigten\u201c ausgezeichnet<\/li>\n<li>Fachjury \u00fcberzeugt die umfassende Unterst\u00fctzung f\u00fcr Audianer_innen und deren pflegebed\u00fcrftige Angeh\u00f6rige<\/li>\n<li>Sabine Maa\u00dfen, Vorst\u00e4ndin f\u00fcr Personal und Organisation AUDI AG: \u201eWir lassen unsere Mitarbeitenden nicht allein.\u201c<\/li>\n<\/ul>\n<div class=\"page-row\">\n<div id=\"item-961c5ef8-fc01-4b1f-ba8a-b306a56e5154\" class=\"page-item--intro\">\n<div class=\"intro-text\">\n<p>Audi ist jetzt offiziell ein \u201eVorbild f\u00fcr eine pflegefreundliche Arbeitswelt\u201c: Die Vier Ringe haben den Otto Heinemann Preis 2021 zur Vereinbarkeit von Beruf und Pflege in der Kategorie \u201eUnternehmen mit mehr als 5.000 Besch\u00e4ftigten\u201c gewonnen. Sie \u00fcberzeugten die Fachjury mit ihrem vielf\u00e4ltigen Unterst\u00fctzungs- und Beratungsangebot f\u00fcr Mitarbeitende und z\u00e4hlen damit zu den bundesweit lediglich drei ausgezeichneten pflegefreundlichen Arbeitgebern 2021. Der Preis wurde digital und im Rahmen der Berliner Pflegekonferenz am 11. November von dem Dienstleister spectrumK, dem Betriebskrankenkassen-Dachverband (BKK DV) und dem Innungskrankenkassen e. V. (IKK) in drei Rubriken entsprechend den Unternehmensgr\u00f6\u00dfen verliehen.<\/p>\n<\/div>\n<\/div>\n<\/div>\n<div class=\"page-row-spacer -intro\">\n<div id=\"attachment_5795\" style=\"width: 310px\" class=\"wp-caption alignleft\"><a href=\"https:\/\/www.tts-freunde.de\/blog\/wp-content\/uploads\/2021\/11\/A218402_small.jpg\"><img loading=\"lazy\" decoding=\"async\" aria-describedby=\"caption-attachment-5795\" data-attachment-id=\"5795\" data-permalink=\"https:\/\/www.tts-freunde.de\/blog\/2021\/11\/12\/audi-erhaelt-otto-heinemann-preis-zur-vereinbarkeit-von-beruf-und-pflege\/audi-is-designated-as-a-model-for-a-care-friendly-working-enviro\/\" data-orig-file=\"https:\/\/www.tts-freunde.de\/blog\/wp-content\/uploads\/2021\/11\/A218402_small.jpg\" data-orig-size=\"595,421\" data-comments-opened=\"0\" data-image-meta=\"{&quot;aperture&quot;:&quot;0&quot;,&quot;credit&quot;:&quot;&quot;,&quot;camera&quot;:&quot;&quot;,&quot;caption&quot;:&quot;Audi is designated as a model for a care-friendly working environment and receives the 2021 Otto Heinemann Prize for achieving balance between work and care.&quot;,&quot;created_timestamp&quot;:&quot;0&quot;,&quot;copyright&quot;:&quot;AUDI AG&quot;,&quot;focal_length&quot;:&quot;0&quot;,&quot;iso&quot;:&quot;0&quot;,&quot;shutter_speed&quot;:&quot;0&quot;,&quot;title&quot;:&quot;Audi is designated as a model for a care-friendly working enviro&quot;,&quot;orientation&quot;:&quot;0&quot;}\" data-image-title=\"Audi is designated as a model for a care-friendly working enviro\" data-image-description=\"\" data-image-caption=\"&lt;p&gt;Audi is designated as a model for a care-friendly working environment and receives the 2021 Otto Heinemann Prize for achieving balance between work and care.&lt;\/p&gt;\n\" data-medium-file=\"https:\/\/www.tts-freunde.de\/blog\/wp-content\/uploads\/2021\/11\/A218402_small-300x212.jpg\" data-large-file=\"https:\/\/www.tts-freunde.de\/blog\/wp-content\/uploads\/2021\/11\/A218402_small.jpg\" tabindex=\"0\" role=\"button\" class=\"size-medium wp-image-5795\" src=\"https:\/\/www.tts-freunde.de\/blog\/wp-content\/uploads\/2021\/11\/A218402_small-300x212.jpg\" alt=\"\" width=\"300\" height=\"212\" srcset=\"https:\/\/www.tts-freunde.de\/blog\/wp-content\/uploads\/2021\/11\/A218402_small-300x212.jpg 300w, https:\/\/www.tts-freunde.de\/blog\/wp-content\/uploads\/2021\/11\/A218402_small-50x35.jpg 50w, https:\/\/www.tts-freunde.de\/blog\/wp-content\/uploads\/2021\/11\/A218402_small-140x100.jpg 140w, https:\/\/www.tts-freunde.de\/blog\/wp-content\/uploads\/2021\/11\/A218402_small.jpg 595w\" sizes=\"(max-width: 300px) 100vw, 300px\" \/><\/a><p id=\"caption-attachment-5795\" class=\"wp-caption-text\">Audi is designated as a model for a care-friendly working environment and receives the 2021 Otto Heinemann Prize for achieving balance between work and care.<\/p><\/div>\n<\/div>\n<div class=\"page-row\">\n<div id=\"item-631df150-558c-4d9b-b93b-bc5d37c42476\" class=\"page-item--text\">\n<div class=\"text-block style-links-for-body-text\">\n<p>Rund vier Millionen Menschen in Deutschland sind pflegebed\u00fcrftig, mehr als 80 Prozent werden zuhause versorgt. Wer im pers\u00f6nlichen Umfeld mit dem Thema Pflege konfrontiert wird, ist darauf selten vorbereitet<em> \u2013<\/em> gerade Berufst\u00e4tig<em>e<\/em> sind dann pl\u00f6tzlich doppelt belastet.<\/p>\n<p>\u201eWir lassen unsere Mitarbeitenden in solch schwierigen Situationen nicht allein und unterst\u00fctzen sie mit zahlreichen Pflege- und Informationsangeboten\u201c, sagt Sabine Maa\u00dfen, Vorst\u00e4ndin f\u00fcr Personal und Organisation der AUDI AG. \u201eIndem wir das Thema aktiv adressieren und Menschen st\u00e4rken, die Beruf und Pflege vereinbaren m\u00fcssen, leben wir eine offene, nachhaltige und verantwortungsvolle Unternehmenskultur.\u201c<\/p>\n<h2>Langfristige Beratung, Hilfe und Freistellungsm\u00f6glichkeiten<\/h2>\n<p>Spezifische Angebote rund um das Thema \u201eBeruf und Pflege\u201c gibt es bei Audi bereits seit vielen Jahren. An den deutschen Standorten Ingolstadt und Neckarsulm etwa bietet das Unternehmen in Zusammenarbeit mit Fachleuten der Audi BKK (Betriebskrankenkasse) und des Sozialunternehmens famPLUS GmbH verschiedene kostenlose Formate an. Die Palette reicht von pr\u00e4ventiven Vortr\u00e4gen \u00fcber langfristige individuelle Beratung und Hilfe bis hin zu Freistellungsm\u00f6glichkeiten. Audi hat beispielsweise die gesetzliche Pflege- beziehungsweise Familienpflegezeit auf bis zu drei Jahre ausgeweitet. Zudem gibt es Teilzeit in Pflegezeit, M\u00f6glichkeiten zu mobilem Arbeiten, variable Arbeitszeiten, kurzfristige Verhinderungspflege sowie die Vermittlung von Heimpl\u00e4tzen oder ambulanter Pflege. Damit holt Audi seine Mitarbeitenden in jeder Lebenslage ab.<\/p>\n<p>Nicht zuletzt leistet das Unternehmen als offizieller \u201e<a href=\"https:\/\/www.audi-mediacenter.com\/de\/pressemitteilungen\/audi-wird-demenz-partner-13372\" target=\"_blank\" rel=\"noopener nofollow\">Demenz Partner<\/a>\u201c in Kooperation mit der Deutschen Alzheimer Gesellschaft e. V. Aufkl\u00e4rungsarbeit und unterst\u00fctzt Besch\u00e4ftigte, die sich zu diesem Thema informieren und weiterbilden wollen.<\/p>\n<h2>Es gibt keine Standardl\u00f6sung<\/h2>\n<p>\u201eDer Otto Heinemann Preis ist eine tolle Anerkennung f\u00fcr unser gemeinschaftliches Engagement und erm\u00f6glicht es uns, Erfahrungen mit anderen Arbeitgebern und Expert_innen auszutauschen\u201c, sagt Ute R\u00f6ding, Leiterin Corporate Citizenship bei Audi. Das Ziel der AUDI AG ist es, weiter f\u00fcr das Thema \u201eBeruf und Pflege\u201c zu sensibilisieren und auf die steigende Nachfrage mit noch mehr digitalen, analogen und kombinierbaren Angeboten zu antworten. Denn jede Pflegesituation ist individuell, es gibt keine Standardl\u00f6sung.<\/p>\n<h2>Der Otto Heinemann Preis<\/h2>\n<p>Der Otto Heinemann Preis zeichnet seit 2015 j\u00e4hrlich Unternehmen und Institutionen aus, die mit klugen Konzepten und herausragenden L\u00f6sungen ihre pflegenden Angestellten entlasten. Die von den Unternehmen eingereichten Bewerbungen bewertet eine Jury mit Vertreter_innen von Sozialversicherungstr\u00e4gern, aus Wirtschaft, Gesundheitspolitik und Pflege.<\/p>\n<\/div>\n<\/div>\n<\/div>\n<\/div>\n<\/div>\n<\/div>\n<\/div>\n<\/div>\n","protected":false},"excerpt":{"rendered":"<p>Audi wird als Vorbild f\u00fcr eine pflegefreundliche Arbeitswelt in der Kategorie \u201eUnternehmen mit mehr als 5.000 Besch\u00e4ftigten\u201c ausgezeichnet Fachjury \u00fcberzeugt die umfassende Unterst\u00fctzung f\u00fcr Audianer_innen und deren pflegebed\u00fcrftige Angeh\u00f6rige Sabine Maa\u00dfen, Vorst\u00e4ndin f\u00fcr Personal und Organisation AUDI AG: \u201eWir lassen unsere Mitarbeitenden nicht allein.\u201c Audi ist jetzt offiziell ein \u201eVorbild [&hellip;]<\/p>\n","protected":false},"author":1,"featured_media":5795,"comment_status":"closed","ping_status":"open","sticky":false,"template":"","format":"standard","meta":{"jetpack_post_was_ever_published":false,"_jetpack_newsletter_access":"","_jetpack_dont_email_post_to_subs":false,"_jetpack_newsletter_tier_id":0,"_jetpack_memberships_contains_paywalled_content":false,"_jetpack_memberships_contains_paid_content":false,"footnotes":"","jetpack_publicize_message":"","jetpack_publicize_feature_enabled":true,"jetpack_social_post_already_shared":true,"jetpack_social_options":{"image_generator_settings":{"template":"highway","enabled":false},"version":2}},"categories":[16],"tags":[],"class_list":["post-5794","post","type-post","status-publish","format-standard","has-post-thumbnail","hentry","category-audi-ag"],"wppr_data":{"cwp_meta_box_check":"No"},"jetpack_publicize_connections":[],"yoast_head":"<!-- This site is optimized with the Yoast SEO plugin v23.3 - https:\/\/yoast.com\/wordpress\/plugins\/seo\/ -->\n<title>Audi erh\u00e4lt Otto Heinemann Preis zur Vereinbarkeit von Beruf und Pflege - Audi Blog<\/title>\n<meta name=\"robots\" content=\"index, follow, max-snippet:-1, max-image-preview:large, max-video-preview:-1\" \/>\n<link rel=\"canonical\" href=\"https:\/\/www.audi-mediacenter.com\/de\/pressemitteilungen\/audi-erhaelt-otto-heinemann-preis-zur-vereinbarkeit-von-beruf-und-pflege-14369\" \/>\n<meta property=\"og:locale\" content=\"de_DE\" \/>\n<meta property=\"og:type\" content=\"article\" \/>\n<meta property=\"og:title\" content=\"Audi erh\u00e4lt Otto Heinemann Preis zur Vereinbarkeit von Beruf und Pflege - Audi Blog\" \/>\n<meta property=\"og:description\" content=\"Audi wird als Vorbild f\u00fcr eine pflegefreundliche Arbeitswelt in der Kategorie \u201eUnternehmen mit mehr als 5.000 Besch\u00e4ftigten\u201c ausgezeichnet Fachjury \u00fcberzeugt die umfassende Unterst\u00fctzung f\u00fcr Audianer_innen und deren pflegebed\u00fcrftige Angeh\u00f6rige Sabine Maa\u00dfen, Vorst\u00e4ndin f\u00fcr Personal und Organisation AUDI AG: \u201eWir lassen unsere Mitarbeitenden nicht allein.\u201c Audi ist jetzt offiziell ein \u201eVorbild [&hellip;]\" \/>\n<meta property=\"og:url\" content=\"https:\/\/www.audi-mediacenter.com\/de\/pressemitteilungen\/audi-erhaelt-otto-heinemann-preis-zur-vereinbarkeit-von-beruf-und-pflege-14369\" \/>\n<meta property=\"og:site_name\" content=\"Audi Blog\" \/>\n<meta property=\"article:published_time\" content=\"2021-11-12T16:33:15+00:00\" \/>\n<meta property=\"og:image\" content=\"https:\/\/www.tts-freunde.de\/blog\/wp-content\/uploads\/2021\/11\/A218402_small.jpg\" \/>\n\t<meta property=\"og:image:width\" content=\"595\" \/>\n\t<meta property=\"og:image:height\" content=\"421\" \/>\n\t<meta property=\"og:image:type\" content=\"image\/jpeg\" \/>\n<meta name=\"author\" content=\"admin\" \/>\n<meta name=\"twitter:card\" content=\"summary_large_image\" \/>\n<meta name=\"twitter:label1\" content=\"Verfasst von\" \/>\n\t<meta name=\"twitter:data1\" content=\"admin\" \/>\n\t<meta name=\"twitter:label2\" content=\"Gesch\u00e4tzte Lesezeit\" \/>\n\t<meta name=\"twitter:data2\" content=\"3\u00a0Minuten\" \/>\n<script type=\"application\/ld+json\" class=\"yoast-schema-graph\">{\"@context\":\"https:\/\/schema.org\",\"@graph\":[{\"@type\":\"Article\",\"@id\":\"https:\/\/www.audi-mediacenter.com\/de\/pressemitteilungen\/audi-erhaelt-otto-heinemann-preis-zur-vereinbarkeit-von-beruf-und-pflege-14369#article\",\"isPartOf\":{\"@id\":\"https:\/\/www.tts-freunde.de\/blog\/2021\/11\/12\/audi-erhaelt-otto-heinemann-preis-zur-vereinbarkeit-von-beruf-und-pflege\/\"},\"author\":{\"name\":\"admin\",\"@id\":\"https:\/\/www.tts-freunde.de\/blog\/#\/schema\/person\/b67f6a54e98f013bd281dbe05514b701\"},\"headline\":\"Audi erh\u00e4lt Otto Heinemann Preis zur Vereinbarkeit von Beruf und Pflege\",\"datePublished\":\"2021-11-12T16:33:15+00:00\",\"dateModified\":\"2021-11-12T16:33:15+00:00\",\"mainEntityOfPage\":{\"@id\":\"https:\/\/www.tts-freunde.de\/blog\/2021\/11\/12\/audi-erhaelt-otto-heinemann-preis-zur-vereinbarkeit-von-beruf-und-pflege\/\"},\"wordCount\":570,\"publisher\":{\"@id\":\"https:\/\/www.tts-freunde.de\/blog\/#organization\"},\"image\":{\"@id\":\"https:\/\/www.audi-mediacenter.com\/de\/pressemitteilungen\/audi-erhaelt-otto-heinemann-preis-zur-vereinbarkeit-von-beruf-und-pflege-14369#primaryimage\"},\"thumbnailUrl\":\"https:\/\/www.tts-freunde.de\/blog\/wp-content\/uploads\/2021\/11\/A218402_small.jpg\",\"articleSection\":[\"Audi AG\"],\"inLanguage\":\"de\"},{\"@type\":\"WebPage\",\"@id\":\"https:\/\/www.tts-freunde.de\/blog\/2021\/11\/12\/audi-erhaelt-otto-heinemann-preis-zur-vereinbarkeit-von-beruf-und-pflege\/\",\"url\":\"https:\/\/www.audi-mediacenter.com\/de\/pressemitteilungen\/audi-erhaelt-otto-heinemann-preis-zur-vereinbarkeit-von-beruf-und-pflege-14369\",\"name\":\"Audi erh\u00e4lt Otto Heinemann Preis zur Vereinbarkeit von Beruf und Pflege - Audi Blog\",\"isPartOf\":{\"@id\":\"https:\/\/www.tts-freunde.de\/blog\/#website\"},\"primaryImageOfPage\":{\"@id\":\"https:\/\/www.audi-mediacenter.com\/de\/pressemitteilungen\/audi-erhaelt-otto-heinemann-preis-zur-vereinbarkeit-von-beruf-und-pflege-14369#primaryimage\"},\"image\":{\"@id\":\"https:\/\/www.audi-mediacenter.com\/de\/pressemitteilungen\/audi-erhaelt-otto-heinemann-preis-zur-vereinbarkeit-von-beruf-und-pflege-14369#primaryimage\"},\"thumbnailUrl\":\"https:\/\/www.tts-freunde.de\/blog\/wp-content\/uploads\/2021\/11\/A218402_small.jpg\",\"datePublished\":\"2021-11-12T16:33:15+00:00\",\"dateModified\":\"2021-11-12T16:33:15+00:00\",\"breadcrumb\":{\"@id\":\"https:\/\/www.audi-mediacenter.com\/de\/pressemitteilungen\/audi-erhaelt-otto-heinemann-preis-zur-vereinbarkeit-von-beruf-und-pflege-14369#breadcrumb\"},\"inLanguage\":\"de\",\"potentialAction\":[{\"@type\":\"ReadAction\",\"target\":[\"https:\/\/www.audi-mediacenter.com\/de\/pressemitteilungen\/audi-erhaelt-otto-heinemann-preis-zur-vereinbarkeit-von-beruf-und-pflege-14369\"]}]},{\"@type\":\"ImageObject\",\"inLanguage\":\"de\",\"@id\":\"https:\/\/www.audi-mediacenter.com\/de\/pressemitteilungen\/audi-erhaelt-otto-heinemann-preis-zur-vereinbarkeit-von-beruf-und-pflege-14369#primaryimage\",\"url\":\"https:\/\/www.tts-freunde.de\/blog\/wp-content\/uploads\/2021\/11\/A218402_small.jpg\",\"contentUrl\":\"https:\/\/www.tts-freunde.de\/blog\/wp-content\/uploads\/2021\/11\/A218402_small.jpg\",\"width\":595,\"height\":421,\"caption\":\"Audi is designated as a model for a care-friendly working environment and receives the 2021 Otto Heinemann Prize for achieving balance between work and care.\"},{\"@type\":\"BreadcrumbList\",\"@id\":\"https:\/\/www.audi-mediacenter.com\/de\/pressemitteilungen\/audi-erhaelt-otto-heinemann-preis-zur-vereinbarkeit-von-beruf-und-pflege-14369#breadcrumb\",\"itemListElement\":[{\"@type\":\"ListItem\",\"position\":1,\"name\":\"Home\",\"item\":\"https:\/\/www.tts-freunde.de\/blog\/\"},{\"@type\":\"ListItem\",\"position\":2,\"name\":\"Audi erh\u00e4lt Otto Heinemann Preis zur Vereinbarkeit von Beruf und Pflege\"}]},{\"@type\":\"WebSite\",\"@id\":\"https:\/\/www.tts-freunde.de\/blog\/#website\",\"url\":\"https:\/\/www.tts-freunde.de\/blog\/\",\"name\":\"Audi Blog\",\"description\":\"Deutscher Audi Blog - TTS-Freunde\",\"publisher\":{\"@id\":\"https:\/\/www.tts-freunde.de\/blog\/#organization\"},\"potentialAction\":[{\"@type\":\"SearchAction\",\"target\":{\"@type\":\"EntryPoint\",\"urlTemplate\":\"https:\/\/www.tts-freunde.de\/blog\/?s={search_term_string}\"},\"query-input\":\"required name=search_term_string\"}],\"inLanguage\":\"de\"},{\"@type\":\"Organization\",\"@id\":\"https:\/\/www.tts-freunde.de\/blog\/#organization\",\"name\":\"Audi Blog\",\"url\":\"https:\/\/www.tts-freunde.de\/blog\/\",\"logo\":{\"@type\":\"ImageObject\",\"inLanguage\":\"de\",\"@id\":\"https:\/\/www.tts-freunde.de\/blog\/#\/schema\/logo\/image\/\",\"url\":\"https:\/\/www.tts-freunde.de\/blog\/wp-content\/uploads\/2022\/12\/logo_2022.jpg\",\"contentUrl\":\"https:\/\/www.tts-freunde.de\/blog\/wp-content\/uploads\/2022\/12\/logo_2022.jpg\",\"width\":240,\"height\":41,\"caption\":\"Audi Blog\"},\"image\":{\"@id\":\"https:\/\/www.tts-freunde.de\/blog\/#\/schema\/logo\/image\/\"}},{\"@type\":\"Person\",\"@id\":\"https:\/\/www.tts-freunde.de\/blog\/#\/schema\/person\/b67f6a54e98f013bd281dbe05514b701\",\"name\":\"admin\",\"image\":{\"@type\":\"ImageObject\",\"inLanguage\":\"de\",\"@id\":\"https:\/\/www.tts-freunde.de\/blog\/#\/schema\/person\/image\/\",\"url\":\"https:\/\/secure.gravatar.com\/avatar\/08a4bd330e25056ddb430c28136b38a6?s=96&d=mm&r=g\",\"contentUrl\":\"https:\/\/secure.gravatar.com\/avatar\/08a4bd330e25056ddb430c28136b38a6?s=96&d=mm&r=g\",\"caption\":\"admin\"},\"sameAs\":[\"http:\/\/www.tts-freunde.de\"],\"url\":\"https:\/\/www.tts-freunde.de\/blog\/author\/admin\/\"}]}<\/script>\n<!-- \/ Yoast SEO plugin. -->","yoast_head_json":{"title":"Audi erh\u00e4lt Otto Heinemann Preis zur Vereinbarkeit von Beruf und Pflege - Audi Blog","robots":{"index":"index","follow":"follow","max-snippet":"max-snippet:-1","max-image-preview":"max-image-preview:large","max-video-preview":"max-video-preview:-1"},"canonical":"https:\/\/www.audi-mediacenter.com\/de\/pressemitteilungen\/audi-erhaelt-otto-heinemann-preis-zur-vereinbarkeit-von-beruf-und-pflege-14369","og_locale":"de_DE","og_type":"article","og_title":"Audi erh\u00e4lt Otto Heinemann Preis zur Vereinbarkeit von Beruf und Pflege - Audi Blog","og_description":"Audi wird als Vorbild f\u00fcr eine pflegefreundliche Arbeitswelt in der Kategorie \u201eUnternehmen mit mehr als 5.000 Besch\u00e4ftigten\u201c ausgezeichnet Fachjury \u00fcberzeugt die umfassende Unterst\u00fctzung f\u00fcr Audianer_innen und deren pflegebed\u00fcrftige Angeh\u00f6rige Sabine Maa\u00dfen, Vorst\u00e4ndin f\u00fcr Personal und Organisation AUDI AG: \u201eWir lassen unsere Mitarbeitenden nicht allein.\u201c Audi ist jetzt offiziell ein \u201eVorbild [&hellip;]","og_url":"https:\/\/www.audi-mediacenter.com\/de\/pressemitteilungen\/audi-erhaelt-otto-heinemann-preis-zur-vereinbarkeit-von-beruf-und-pflege-14369","og_site_name":"Audi Blog","article_published_time":"2021-11-12T16:33:15+00:00","og_image":[{"width":595,"height":421,"url":"https:\/\/www.tts-freunde.de\/blog\/wp-content\/uploads\/2021\/11\/A218402_small.jpg","type":"image\/jpeg"}],"author":"admin","twitter_card":"summary_large_image","twitter_misc":{"Verfasst von":"admin","Gesch\u00e4tzte Lesezeit":"3\u00a0Minuten"},"schema":{"@context":"https:\/\/schema.org","@graph":[{"@type":"Article","@id":"https:\/\/www.audi-mediacenter.com\/de\/pressemitteilungen\/audi-erhaelt-otto-heinemann-preis-zur-vereinbarkeit-von-beruf-und-pflege-14369#article","isPartOf":{"@id":"https:\/\/www.tts-freunde.de\/blog\/2021\/11\/12\/audi-erhaelt-otto-heinemann-preis-zur-vereinbarkeit-von-beruf-und-pflege\/"},"author":{"name":"admin","@id":"https:\/\/www.tts-freunde.de\/blog\/#\/schema\/person\/b67f6a54e98f013bd281dbe05514b701"},"headline":"Audi erh\u00e4lt Otto Heinemann Preis zur Vereinbarkeit von Beruf und Pflege","datePublished":"2021-11-12T16:33:15+00:00","dateModified":"2021-11-12T16:33:15+00:00","mainEntityOfPage":{"@id":"https:\/\/www.tts-freunde.de\/blog\/2021\/11\/12\/audi-erhaelt-otto-heinemann-preis-zur-vereinbarkeit-von-beruf-und-pflege\/"},"wordCount":570,"publisher":{"@id":"https:\/\/www.tts-freunde.de\/blog\/#organization"},"image":{"@id":"https:\/\/www.audi-mediacenter.com\/de\/pressemitteilungen\/audi-erhaelt-otto-heinemann-preis-zur-vereinbarkeit-von-beruf-und-pflege-14369#primaryimage"},"thumbnailUrl":"https:\/\/www.tts-freunde.de\/blog\/wp-content\/uploads\/2021\/11\/A218402_small.jpg","articleSection":["Audi AG"],"inLanguage":"de"},{"@type":"WebPage","@id":"https:\/\/www.tts-freunde.de\/blog\/2021\/11\/12\/audi-erhaelt-otto-heinemann-preis-zur-vereinbarkeit-von-beruf-und-pflege\/","url":"https:\/\/www.audi-mediacenter.com\/de\/pressemitteilungen\/audi-erhaelt-otto-heinemann-preis-zur-vereinbarkeit-von-beruf-und-pflege-14369","name":"Audi erh\u00e4lt Otto Heinemann Preis zur Vereinbarkeit von Beruf und Pflege - Audi Blog","isPartOf":{"@id":"https:\/\/www.tts-freunde.de\/blog\/#website"},"primaryImageOfPage":{"@id":"https:\/\/www.audi-mediacenter.com\/de\/pressemitteilungen\/audi-erhaelt-otto-heinemann-preis-zur-vereinbarkeit-von-beruf-und-pflege-14369#primaryimage"},"image":{"@id":"https:\/\/www.audi-mediacenter.com\/de\/pressemitteilungen\/audi-erhaelt-otto-heinemann-preis-zur-vereinbarkeit-von-beruf-und-pflege-14369#primaryimage"},"thumbnailUrl":"https:\/\/www.tts-freunde.de\/blog\/wp-content\/uploads\/2021\/11\/A218402_small.jpg","datePublished":"2021-11-12T16:33:15+00:00","dateModified":"2021-11-12T16:33:15+00:00","breadcrumb":{"@id":"https:\/\/www.audi-mediacenter.com\/de\/pressemitteilungen\/audi-erhaelt-otto-heinemann-preis-zur-vereinbarkeit-von-beruf-und-pflege-14369#breadcrumb"},"inLanguage":"de","potentialAction":[{"@type":"ReadAction","target":["https:\/\/www.audi-mediacenter.com\/de\/pressemitteilungen\/audi-erhaelt-otto-heinemann-preis-zur-vereinbarkeit-von-beruf-und-pflege-14369"]}]},{"@type":"ImageObject","inLanguage":"de","@id":"https:\/\/www.audi-mediacenter.com\/de\/pressemitteilungen\/audi-erhaelt-otto-heinemann-preis-zur-vereinbarkeit-von-beruf-und-pflege-14369#primaryimage","url":"https:\/\/www.tts-freunde.de\/blog\/wp-content\/uploads\/2021\/11\/A218402_small.jpg","contentUrl":"https:\/\/www.tts-freunde.de\/blog\/wp-content\/uploads\/2021\/11\/A218402_small.jpg","width":595,"height":421,"caption":"Audi is designated as a model for a care-friendly working environment and receives the 2021 Otto Heinemann Prize for achieving balance between work and care."},{"@type":"BreadcrumbList","@id":"https:\/\/www.audi-mediacenter.com\/de\/pressemitteilungen\/audi-erhaelt-otto-heinemann-preis-zur-vereinbarkeit-von-beruf-und-pflege-14369#breadcrumb","itemListElement":[{"@type":"ListItem","position":1,"name":"Home","item":"https:\/\/www.tts-freunde.de\/blog\/"},{"@type":"ListItem","position":2,"name":"Audi erh\u00e4lt Otto Heinemann Preis zur Vereinbarkeit von Beruf und Pflege"}]},{"@type":"WebSite","@id":"https:\/\/www.tts-freunde.de\/blog\/#website","url":"https:\/\/www.tts-freunde.de\/blog\/","name":"Audi Blog","description":"Deutscher Audi Blog - TTS-Freunde","publisher":{"@id":"https:\/\/www.tts-freunde.de\/blog\/#organization"},"potentialAction":[{"@type":"SearchAction","target":{"@type":"EntryPoint","urlTemplate":"https:\/\/www.tts-freunde.de\/blog\/?s={search_term_string}"},"query-input":"required name=search_term_string"}],"inLanguage":"de"},{"@type":"Organization","@id":"https:\/\/www.tts-freunde.de\/blog\/#organization","name":"Audi Blog","url":"https:\/\/www.tts-freunde.de\/blog\/","logo":{"@type":"ImageObject","inLanguage":"de","@id":"https:\/\/www.tts-freunde.de\/blog\/#\/schema\/logo\/image\/","url":"https:\/\/www.tts-freunde.de\/blog\/wp-content\/uploads\/2022\/12\/logo_2022.jpg","contentUrl":"https:\/\/www.tts-freunde.de\/blog\/wp-content\/uploads\/2022\/12\/logo_2022.jpg","width":240,"height":41,"caption":"Audi Blog"},"image":{"@id":"https:\/\/www.tts-freunde.de\/blog\/#\/schema\/logo\/image\/"}},{"@type":"Person","@id":"https:\/\/www.tts-freunde.de\/blog\/#\/schema\/person\/b67f6a54e98f013bd281dbe05514b701","name":"admin","image":{"@type":"ImageObject","inLanguage":"de","@id":"https:\/\/www.tts-freunde.de\/blog\/#\/schema\/person\/image\/","url":"https:\/\/secure.gravatar.com\/avatar\/08a4bd330e25056ddb430c28136b38a6?s=96&d=mm&r=g","contentUrl":"https:\/\/secure.gravatar.com\/avatar\/08a4bd330e25056ddb430c28136b38a6?s=96&d=mm&r=g","caption":"admin"},"sameAs":["http:\/\/www.tts-freunde.de"],"url":"https:\/\/www.tts-freunde.de\/blog\/author\/admin\/"}]}},"jetpack_sharing_enabled":true,"jetpack_featured_media_url":"https:\/\/www.tts-freunde.de\/blog\/wp-content\/uploads\/2021\/11\/A218402_small.jpg","jetpack_shortlink":"https:\/\/wp.me\/p67hWW-1vs","jetpack_likes_enabled":false,"jetpack-related-posts":[],"_links":{"self":[{"href":"https:\/\/www.tts-freunde.de\/blog\/wp-json\/wp\/v2\/posts\/5794"}],"collection":[{"href":"https:\/\/www.tts-freunde.de\/blog\/wp-json\/wp\/v2\/posts"}],"about":[{"href":"https:\/\/www.tts-freunde.de\/blog\/wp-json\/wp\/v2\/types\/post"}],"author":[{"embeddable":true,"href":"https:\/\/www.tts-freunde.de\/blog\/wp-json\/wp\/v2\/users\/1"}],"replies":[{"embeddable":true,"href":"https:\/\/www.tts-freunde.de\/blog\/wp-json\/wp\/v2\/comments?post=5794"}],"version-history":[{"count":1,"href":"https:\/\/www.tts-freunde.de\/blog\/wp-json\/wp\/v2\/posts\/5794\/revisions"}],"predecessor-version":[{"id":5796,"href":"https:\/\/www.tts-freunde.de\/blog\/wp-json\/wp\/v2\/posts\/5794\/revisions\/5796"}],"wp:featuredmedia":[{"embeddable":true,"href":"https:\/\/www.tts-freunde.de\/blog\/wp-json\/wp\/v2\/media\/5795"}],"wp:attachment":[{"href":"https:\/\/www.tts-freunde.de\/blog\/wp-json\/wp\/v2\/media?parent=5794"}],"wp:term":[{"taxonomy":"category","embeddable":true,"href":"https:\/\/www.tts-freunde.de\/blog\/wp-json\/wp\/v2\/categories?post=5794"},{"taxonomy":"post_tag","embeddable":true,"href":"https:\/\/www.tts-freunde.de\/blog\/wp-json\/wp\/v2\/tags?post=5794"}],"curies":[{"name":"wp","href":"https:\/\/api.w.org\/{rel}","templated":true}]}}